{"id":12312,"date":"2023-12-07T19:37:11","date_gmt":"2023-12-07T22:37:11","guid":{"rendered":"https:\/\/noticiasribeiraopreto.com.br\/index.php\/2023\/12\/07\/banco-central-do-brasil-propoe-regras-e-taxas-para-pagamentos-internacionais-2\/"},"modified":"2023-12-07T19:37:11","modified_gmt":"2023-12-07T22:37:11","slug":"banco-central-do-brasil-propoe-regras-e-taxas-para-pagamentos-internacionais-2","status":"publish","type":"post","link":"https:\/\/noticiasribeiraopreto.com.br\/index.php\/2023\/12\/07\/banco-central-do-brasil-propoe-regras-e-taxas-para-pagamentos-internacionais-2\/","title":{"rendered":"Banco Central do Brasil prop\u00f5e regras e taxas para pagamentos internacionais"},"content":{"rendered":"<div class='code-block code-block-1' style='margin: 8px 0 8px auto; text-align: right; display: block; clear: both;'>\n<p><a href=\"https:\/\/wa.link\/vpicfd\"><img data-recalc-dims=\"1\" class=\"wp-image-4922\" style=\"aspect-ratio: 2.0253164556962027; width: 561px; height: auto;\" src=\"https:\/\/i0.wp.com\/ismaelcolosi.com.br\/wp-content\/uploads\/2023\/11\/grupo-de-empregos-whatsapp-e-facebook-ismael-colosi-vagas.jpg?ssl=1\" alt=\"\" \/><\/a><\/p>\n<!-- \/wp:image -->\n<\/div>\n<p> <br \/>\n<\/p>\n<div>\n<p>O presidente do <a href=\"https:\/\/www.bcb.gov.br\/\">Banco Central (BC)<\/a> do Brasil, Roberto Campos Neto, anunciou que a autarquia trabalhar\u00e1 na cria\u00e7\u00e3o de regras para pagamentos internacionais, no \u00e2mbito da presid\u00eancia do Brasil no G20, que re\u00fane as 20 maiores economias globais. Campos Neto destacou que, embora quest\u00f5es tecnol\u00f3gicas e de liquida\u00e7\u00e3o j\u00e1 tenham sido superadas, a governan\u00e7a representa o \u00faltimo desafio crucial para a conex\u00e3o entre os sistemas.<\/p>\n<p>\u201cA proposta \u00e9 desenvolver uma taxonomia de pagamentos internacionais, estabelecendo regras m\u00ednimas. Estou colaborando com o presidente do Banco Central da It\u00e1lia, Fabio Panetta, para criar esse conjunto de regras que ser\u00e3o aplicadas. Agora que superamos os desafios de tecnologia e liquida\u00e7\u00e3o, o foco est\u00e1 na governan\u00e7a dos pagamentos internacionais\u201d, explicou Campos Neto.<\/p>\n<p>Ele ressaltou a diversidade de legisla\u00e7\u00f5es e sistemas tribut\u00e1rios entre os pa\u00edses, indicando que o trabalho ser\u00e1 iniciado em conjunto com o G20, G7 e o <a href=\"https:\/\/www.bcb.gov.br\/acessoinformacao\/bis\">Banco de Compensa\u00e7\u00f5es Internacionais (BIS)<\/a>. O objetivo \u00e9 avan\u00e7ar significativamente na padroniza\u00e7\u00e3o das regras para os pa\u00edses participantes.<\/p>\n<p>A presid\u00eancia do Brasil no G20, que come\u00e7ou em dezembro e se estender\u00e1 at\u00e9 novembro de 2024, marca a primeira vez que o pa\u00eds ocupa essa posi\u00e7\u00e3o no formato atual do grupo. O Banco Central, integrando a trilha de finan\u00e7as do G20, se concentra em quest\u00f5es macroecon\u00f4micas e de financiamento.<\/p>\n<h2>Campos Neto tamb\u00e9m abordou a internacionaliza\u00e7\u00e3o da moeda brasileira<\/h2>\n<p>Durante o mandato, o Brasil sediar\u00e1 mais de 100 reuni\u00f5es oficiais em diversas cidades do pa\u00eds, incluindo reuni\u00f5es ministeriais e eventos de alto n\u00edvel. O ponto culminante ser\u00e1 a 19\u00aa C\u00fapula de Chefes de Estado e Governo em novembro de 2024, no Rio de Janeiro.<\/p>\n<p>Campos Neto tamb\u00e9m abordou a internacionaliza\u00e7\u00e3o da moeda brasileira e destacou a cria\u00e7\u00e3o do Drex, o real em formato digital, como uma iniciativa do Banco Central nesse sentido. Ele enfatizou a import\u00e2ncia da conex\u00e3o entre moedas digitais e a tokeniza\u00e7\u00e3o de ativos para a transforma\u00e7\u00e3o econ\u00f4mica.<\/p>\n<div class=\"code-block code-block-5\" style=\"margin: 8px auto; text-align: center; display: block; clear: both;\"> <a href=\"https:\/\/suaads.com\/ref\/ISMAELCOLOSI\" target=\"_blank\" rel=\"noopener\"><img data-recalc-dims=\"1\" decoding=\"async\" src=\"https:\/\/i0.wp.com\/suaurl.com\/img\/bannersref\/s.png?ssl=1\" alt=\"SuaUrl\"  style=\"max-width: 100%;\" class=\"lazy\" loading=\"lazy\"\/><noscript><img data-recalc-dims=\"1\" decoding=\"async\" src=\"https:\/\/i0.wp.com\/suaurl.com\/img\/bannersref\/s.png?ssl=1\" alt=\"SuaUrl\"  style=\"max-width: 100%;\"\/><\/noscript><\/a><\/div>\n<p>O presidente do BC ressaltou que a agenda no Brasil inclui quatro blocos fundamentais: o PIX, sistema de pagamento instant\u00e2neo do BC; a internacionaliza\u00e7\u00e3o da moeda; o Open Finance, que envolve o compartilhamento de dados financeiros; e o Drex.<\/p>\n<p>Todos esses blocos est\u00e3o em fase de desenvolvimento e evolu\u00e7\u00e3o, representando os pilares da transforma\u00e7\u00e3o no <a href=\"https:\/\/www.bcb.gov.br\/pre\/composicao\/composicao.asp?frame=1\">Sistema Financeiro Nacional<\/a>.<\/p>\n<p>Al\u00e9m disso, Campos Neto defendeu a implementa\u00e7\u00e3o de um marketplace de servi\u00e7os financeiros no Brasil, um sistema que agregar\u00e1 as contas e informa\u00e7\u00f5es financeiras dos cidad\u00e3os. Ele prev\u00ea uma competi\u00e7\u00e3o entre os bancos por canais e \u201cprincipalidade\u201d, ou seja, a posi\u00e7\u00e3o de principal canal de acesso ao ambiente de contas integradas.<\/p>\n<p>\u201cEstamos caminhando para um marketplace de servi\u00e7os financeiros. Se voc\u00ea tem v\u00e1rias contas banc\u00e1rias, n\u00e3o faz sentido ter v\u00e1rios canais de entrada\u201d, concluiu.<\/p>\n<p>+ Acompanhe as principais informa\u00e7\u00f5es sobre\u00a0<a href=\"https:\/\/jcconcursos.com.br\/noticia\/brasil\/\" rel=\"noopener\" target=\"_blank\">Sociedade e Brasil no JC Concursos<\/a><\/p>\n<p><a id=\"gnews_btn\" href=\"https:\/\/news.google.com\/publications\/CAAqBwgKMOixlQswuZWrAw\" target=\"_blank\" class=\"border_jc_blue link_hover_bg_jc_blue font_85 d-block d-md-inline-block px-2 py-1 mr-0 mr-md-2 mb-3 w-100 text-center\" rel=\"noopener\"><span class=\"text_jc_blue\">Siga o <strong>JC Concursos no Google News<\/strong><\/span><\/a><a href=\"https:\/\/jcconcursos.com.br\/noticia\/brasil\/\" class=\"badge badge-light\">Sociedade<\/a><a href=\"https:\/\/jcconcursos.com.br\/noticia\/brasil\/\" class=\"badge badge-light\">Brasil<\/a><\/p>\n<\/div>\n<p><br \/>\n<br \/><a href=\"https:\/\/ismaelcolosi.com.br\/banco-central-do-brasil-propoe-regras-e-taxas-para-pagamentos-internacionais\/\">Source link <\/a><\/p>\n<!-- CONTENT END 1 -->\n","protected":false},"excerpt":{"rendered":"<p>O presidente do Banco Central (BC) do Brasil, Roberto Campos Neto, anunciou que a autarquia trabalhar\u00e1 na cria\u00e7\u00e3o de regras para pagamentos internacionais, no \u00e2mbito&#8230;<\/p>\n","protected":false},"author":1,"featured_media":12313,"comment_status":"open","ping_status":"open","sticky":false,"template":"","format":"standard","meta":{"advanced_seo_description":"","jetpack_seo_html_title":"","jetpack_seo_noindex":false,"jetpack_post_was_ever_published":false,"_jetpack_newsletter_access":"","_jetpack_dont_email_post_to_subs":false,"_jetpack_newsletter_tier_id":0,"_jetpack_memberships_contains_paywalled_content":false,"_jetpack_memberships_contains_paid_content":false,"footnotes":"","jetpack_publicize_message":"","jetpack_publicize_feature_enabled":true,"jetpack_social_post_already_shared":true,"jetpack_social_options":{"image_generator_settings":{"template":"highway","default_image_id":0,"font":"","enabled":false},"version":2}},"categories":[7],"tags":[],"class_list":["post-12312","post","type-post","status-publish","format-standard","has-post-thumbnail","hentry","category-vagas-de-empregos-em-ribeirao-preto-regiao-brasil"],"jetpack_publicize_connections":[],"jetpack_featured_media_url":"https:\/\/i0.wp.com\/noticiasribeiraopreto.com.br\/wp-content\/uploads\/2023\/12\/real-novo-65-1.jpg?fit=1920%2C1080&ssl=1","jetpack-related-posts":[{"id":11726,"url":"https:\/\/noticiasribeiraopreto.com.br\/index.php\/2023\/12\/06\/pix-automatico-vai-substituir-o-cartao-de-credito\/","url_meta":{"origin":12312,"position":0},"title":"Pix Autom\u00e1tico vai substituir o cart\u00e3o de cr\u00e9dito?","author":"noticiasribeiraopreto.com.br","date":"6 de December de 2023","format":false,"excerpt":"Em um evento realizado na Casa JOTA nesta ter\u00e7a-feira (5), o presidente do Banco Central, Roberto Campos Neto, esclareceu que o Pix autom\u00e1tico n\u00e3o tem como objetivo substituir o cart\u00e3o de cr\u00e9dito. Durante seu discurso, Campos Neto destacou que a implementa\u00e7\u00e3o do Pix autom\u00e1tico visa ampliar as op\u00e7\u00f5es de transa\u00e7\u00f5es\u2026","rel":"","context":"In &quot;Vagas de Emprego em Ribeir\u00e3o Preto-SP&quot;","block_context":{"text":"Vagas de Emprego em Ribeir\u00e3o Preto-SP","link":"https:\/\/noticiasribeiraopreto.com.br\/index.php\/category\/empregos-classificados-vagas-trabalho\/vagas-de-empregos-em-ribeirao-preto-regiao-brasil\/"},"img":{"alt_text":"Pix Autom\u00e1tico vai substituir o cart\u00e3o de cr\u00e9dito?","src":"https:\/\/i0.wp.com\/noticiasconcursos.com.br\/wp-content\/uploads\/2023\/12\/noticiasconcursos.com.br-fraudes-e-golpes-do-pix-no-e-commerce-quais-sao-as-alternativas-do-consumidor-shutterstock-1993656104-300x200.webp?resize=350%2C200&ssl=1","width":350,"height":200},"classes":[]},{"id":35708,"url":"https:\/\/noticiasribeiraopreto.com.br\/index.php\/2024\/02\/07\/esquenta-dos-mercados-bolsas-internacionais-operam-mistas-antes-de-falas-de-autoridades-do-fed-ibovespa-acompanha-campos-neto-e-dados-do-varejo\/","url_meta":{"origin":12312,"position":1},"title":"Esquenta dos mercados: Bolsas internacionais operam mistas antes de falas de autoridades do Fed; Ibovespa acompanha Campos Neto e dados do varejo","author":"noticiasribeiraopreto.com.br","date":"7 de February de 2024","format":false,"excerpt":"Com apoio do petr\u00f3leo e novos est\u00edmulos na economia chinesa, o Ibovespa estendeu o ritmo de ganhos da sess\u00e3o anterior e retomou os 130 mil pontos. O Ibovespa fechou com alta de 2.21%, aos 130.416,31 pontos. J\u00e1 o d\u00f3lar perdeu for\u00e7a e terminou o dia a R$ 4,9622, com baixa\u2026","rel":"","context":"In &quot;Dinheiro e Investimento&quot;","block_context":{"text":"Dinheiro e Investimento","link":"https:\/\/noticiasribeiraopreto.com.br\/index.php\/category\/dinheiro-e-investimento-como-fazer-como-ganhar\/"},"img":{"alt_text":"","src":"https:\/\/i0.wp.com\/noticiasribeiraopreto.com.br\/wp-content\/uploads\/2024\/02\/1707303580_Selo-Mercados-Touro-Alta-ESQUENTA-e1694168533397-715x402.jpg?fit=715%2C402&ssl=1&resize=350%2C200","width":350,"height":200,"srcset":"https:\/\/i0.wp.com\/noticiasribeiraopreto.com.br\/wp-content\/uploads\/2024\/02\/1707303580_Selo-Mercados-Touro-Alta-ESQUENTA-e1694168533397-715x402.jpg?fit=715%2C402&ssl=1&resize=350%2C200 1x, https:\/\/i0.wp.com\/noticiasribeiraopreto.com.br\/wp-content\/uploads\/2024\/02\/1707303580_Selo-Mercados-Touro-Alta-ESQUENTA-e1694168533397-715x402.jpg?fit=715%2C402&ssl=1&resize=525%2C300 1.5x, https:\/\/i0.wp.com\/noticiasribeiraopreto.com.br\/wp-content\/uploads\/2024\/02\/1707303580_Selo-Mercados-Touro-Alta-ESQUENTA-e1694168533397-715x402.jpg?fit=715%2C402&ssl=1&resize=700%2C400 2x"},"classes":[]},{"id":10858,"url":"https:\/\/noticiasribeiraopreto.com.br\/index.php\/2023\/12\/05\/ia-pode-ser-usada-para-combater-lavagem-de-dinheiro-diz-campos-neto\/","url_meta":{"origin":12312,"position":2},"title":"IA pode ser usada para combater lavagem de dinheiro, diz Campos Neto \u2013 Folha de Ribeir\u00e3o","author":"noticiasribeiraopreto.com.br","date":"5 de December de 2023","format":false,"excerpt":"Ao mesmo tempo em que imp\u00f5e desafios, a intelig\u00eancia artificial (IA) traz oportunidades no combate \u00e0 lavagem de dinheiro e ao financiamento do terrorismo, disse nesta segunda-feira (4) o presidente do Banco Central (BC), Roberto Campos Neto. Ele participou de um semin\u00e1rio que celebra os 25 anos da lei de\u2026","rel":"","context":"In &quot;Not\u00edcias de Ribeir\u00e3o Preto-SP e Regi\u00e3o&quot;","block_context":{"text":"Not\u00edcias de Ribeir\u00e3o Preto-SP e Regi\u00e3o","link":"https:\/\/noticiasribeiraopreto.com.br\/index.php\/category\/noticias-de-ribeirao-preto-sp-e-regiao-ismael-colosi\/"},"img":{"alt_text":"","src":"","width":0,"height":0},"classes":[]},{"id":12440,"url":"https:\/\/noticiasribeiraopreto.com.br\/index.php\/2023\/12\/08\/conheca-a-nova-modalidade-de-pagamento-que-entrara-em-vigor-em-2024-2\/","url_meta":{"origin":12312,"position":3},"title":"conhe\u00e7a a nova modalidade de pagamento que entrar\u00e1 em vigor em 2024","author":"noticiasribeiraopreto.com.br","date":"8 de December de 2023","format":false,"excerpt":"O Banco Central (BC) anunciou que o Pix Autom\u00e1tico, possibilitando pagamentos recorrentes e at\u00e9 mesadas, ser\u00e1 implementado a partir de 28 de outubro de 2024. O BC divulgou as regras da ferramenta cerca de dez meses antes do lan\u00e7amento, destacando diversos aspectos do seu funcionamento. Entre as normas estabelecidas pelo\u2026","rel":"","context":"In &quot;Vagas de Emprego em Ribeir\u00e3o Preto-SP&quot;","block_context":{"text":"Vagas de Emprego em Ribeir\u00e3o Preto-SP","link":"https:\/\/noticiasribeiraopreto.com.br\/index.php\/category\/empregos-classificados-vagas-trabalho\/vagas-de-empregos-em-ribeirao-preto-regiao-brasil\/"},"img":{"alt_text":"","src":"https:\/\/i0.wp.com\/noticiasribeiraopreto.com.br\/wp-content\/uploads\/2023\/12\/pix-novo-agencia-brasil-2.jpg?fit=1200%2C675&ssl=1&resize=350%2C200","width":350,"height":200,"srcset":"https:\/\/i0.wp.com\/noticiasribeiraopreto.com.br\/wp-content\/uploads\/2023\/12\/pix-novo-agencia-brasil-2.jpg?fit=1200%2C675&ssl=1&resize=350%2C200 1x, https:\/\/i0.wp.com\/noticiasribeiraopreto.com.br\/wp-content\/uploads\/2023\/12\/pix-novo-agencia-brasil-2.jpg?fit=1200%2C675&ssl=1&resize=525%2C300 1.5x, https:\/\/i0.wp.com\/noticiasribeiraopreto.com.br\/wp-content\/uploads\/2023\/12\/pix-novo-agencia-brasil-2.jpg?fit=1200%2C675&ssl=1&resize=700%2C400 2x, https:\/\/i0.wp.com\/noticiasribeiraopreto.com.br\/wp-content\/uploads\/2023\/12\/pix-novo-agencia-brasil-2.jpg?fit=1200%2C675&ssl=1&resize=1050%2C600 3x"},"classes":[]},{"id":59758,"url":"https:\/\/noticiasribeiraopreto.com.br\/index.php\/2024\/10\/29\/pix-por-aproximacao-nova-modalidade-estara-disponivel-na-proxima-semana\/","url_meta":{"origin":12312,"position":4},"title":"Pix por aproxima\u00e7\u00e3o: nova modalidade estar\u00e1 dispon\u00edvel na pr\u00f3xima semana","author":"noticiasribeiraopreto.com.br","date":"29 de October de 2024","format":false,"excerpt":"O presidente do Banco Central, Roberto Campos Neto, anunciou nesta ter\u00e7a-feira (29) que o pagamento do Pix por aproxima\u00e7\u00e3o come\u00e7ar\u00e1 a funcionar a partir da pr\u00f3xima semana. A nova modalidade permite que os usu\u00e1rios realizem transfer\u00eancias ao aproximar o celular da m\u00e1quina de cart\u00e3o. A ideia \u00e9 que as pessoas\u2026","rel":"","context":"In &quot;Not\u00edcias de Ribeir\u00e3o Preto-SP e Regi\u00e3o&quot;","block_context":{"text":"Not\u00edcias de Ribeir\u00e3o Preto-SP e Regi\u00e3o","link":"https:\/\/noticiasribeiraopreto.com.br\/index.php\/category\/noticias-de-ribeirao-preto-sp-e-regiao-ismael-colosi\/"},"img":{"alt_text":"","src":"https:\/\/i0.wp.com\/noticiasribeiraopreto.com.br\/wp-content\/uploads\/2024\/10\/Copia-de-Copia-de-Copia-de-TAMANHO-EXATO-PARA-FOTOS-NO-SISTEMA-NOVO-56_2024-10-29_19-22-00_png_2024-10-29_19-22-00.webp.webp?fit=1200%2C675&ssl=1&resize=350%2C200","width":350,"height":200,"srcset":"https:\/\/i0.wp.com\/noticiasribeiraopreto.com.br\/wp-content\/uploads\/2024\/10\/Copia-de-Copia-de-Copia-de-TAMANHO-EXATO-PARA-FOTOS-NO-SISTEMA-NOVO-56_2024-10-29_19-22-00_png_2024-10-29_19-22-00.webp.webp?fit=1200%2C675&ssl=1&resize=350%2C200 1x, https:\/\/i0.wp.com\/noticiasribeiraopreto.com.br\/wp-content\/uploads\/2024\/10\/Copia-de-Copia-de-Copia-de-TAMANHO-EXATO-PARA-FOTOS-NO-SISTEMA-NOVO-56_2024-10-29_19-22-00_png_2024-10-29_19-22-00.webp.webp?fit=1200%2C675&ssl=1&resize=525%2C300 1.5x, https:\/\/i0.wp.com\/noticiasribeiraopreto.com.br\/wp-content\/uploads\/2024\/10\/Copia-de-Copia-de-Copia-de-TAMANHO-EXATO-PARA-FOTOS-NO-SISTEMA-NOVO-56_2024-10-29_19-22-00_png_2024-10-29_19-22-00.webp.webp?fit=1200%2C675&ssl=1&resize=700%2C400 2x, https:\/\/i0.wp.com\/noticiasribeiraopreto.com.br\/wp-content\/uploads\/2024\/10\/Copia-de-Copia-de-Copia-de-TAMANHO-EXATO-PARA-FOTOS-NO-SISTEMA-NOVO-56_2024-10-29_19-22-00_png_2024-10-29_19-22-00.webp.webp?fit=1200%2C675&ssl=1&resize=1050%2C600 3x"},"classes":[]},{"id":64568,"url":"https:\/\/noticiasribeiraopreto.com.br\/index.php\/2025\/03\/10\/jornal-da-franca-seu-pix-pode-ser-bloqueado-se-nao-atender-a-essas-novas-regras-do-banco-central\/","url_meta":{"origin":12312,"position":5},"title":"Jornal da Franca &#8211; Seu Pix pode ser bloqueado se n\u00e3o atender a essas novas regras do Banco Central","author":"noticiasribeiraopreto.com.br","date":"10 de March de 2025","format":false,"excerpt":"O Banco Central (BC) do Brasil anunciou recentemente mudan\u00e7as significativas no regulamento do Pix, com o objetivo de aumentar a seguran\u00e7a e a confiabilidade do sistema de pagamentos instant\u00e2neos. As novas regras exigem que as institui\u00e7\u00f5es financeiras e de pagamento participantes do Pix garantam que os nomes associados \u00e0s chaves\u2026","rel":"","context":"In &quot;Not\u00edcias de Franca-SP&quot;","block_context":{"text":"Not\u00edcias de Franca-SP","link":"https:\/\/noticiasribeiraopreto.com.br\/index.php\/category\/noticias-de-ribeirao-preto-sp-e-regiao-ismael-colosi\/noticias-franca-sp\/"},"img":{"alt_text":"","src":"https:\/\/i0.wp.com\/noticiasribeiraopreto.com.br\/wp-content\/uploads\/2025\/03\/pix-01.jpg?fit=1100%2C742&ssl=1&resize=350%2C200","width":350,"height":200,"srcset":"https:\/\/i0.wp.com\/noticiasribeiraopreto.com.br\/wp-content\/uploads\/2025\/03\/pix-01.jpg?fit=1100%2C742&ssl=1&resize=350%2C200 1x, https:\/\/i0.wp.com\/noticiasribeiraopreto.com.br\/wp-content\/uploads\/2025\/03\/pix-01.jpg?fit=1100%2C742&ssl=1&resize=525%2C300 1.5x, https:\/\/i0.wp.com\/noticiasribeiraopreto.com.br\/wp-content\/uploads\/2025\/03\/pix-01.jpg?fit=1100%2C742&ssl=1&resize=700%2C400 2x, https:\/\/i0.wp.com\/noticiasribeiraopreto.com.br\/wp-content\/uploads\/2025\/03\/pix-01.jpg?fit=1100%2C742&ssl=1&resize=1050%2C600 3x"},"classes":[]}],"jetpack_sharing_enabled":true,"jetpack_shortlink":"https:\/\/wp.me\/peQAOb-3cA","_links":{"self":[{"href":"https:\/\/noticiasribeiraopreto.com.br\/index.php\/wp-json\/wp\/v2\/posts\/12312","targetHints":{"allow":["GET"]}}],"collection":[{"href":"https:\/\/noticiasribeiraopreto.com.br\/index.php\/wp-json\/wp\/v2\/posts"}],"about":[{"href":"https:\/\/noticiasribeiraopreto.com.br\/index.php\/wp-json\/wp\/v2\/types\/post"}],"author":[{"embeddable":true,"href":"https:\/\/noticiasribeiraopreto.com.br\/index.php\/wp-json\/wp\/v2\/users\/1"}],"replies":[{"embeddable":true,"href":"https:\/\/noticiasribeiraopreto.com.br\/index.php\/wp-json\/wp\/v2\/comments?post=12312"}],"version-history":[{"count":0,"href":"https:\/\/noticiasribeiraopreto.com.br\/index.php\/wp-json\/wp\/v2\/posts\/12312\/revisions"}],"wp:featuredmedia":[{"embeddable":true,"href":"https:\/\/noticiasribeiraopreto.com.br\/index.php\/wp-json\/wp\/v2\/media\/12313"}],"wp:attachment":[{"href":"https:\/\/noticiasribeiraopreto.com.br\/index.php\/wp-json\/wp\/v2\/media?parent=12312"}],"wp:term":[{"taxonomy":"category","embeddable":true,"href":"https:\/\/noticiasribeiraopreto.com.br\/index.php\/wp-json\/wp\/v2\/categories?post=12312"},{"taxonomy":"post_tag","embeddable":true,"href":"https:\/\/noticiasribeiraopreto.com.br\/index.php\/wp-json\/wp\/v2\/tags?post=12312"}],"curies":[{"name":"wp","href":"https:\/\/api.w.org\/{rel}","templated":true}]}}