{"id":12374,"date":"2023-12-07T22:04:22","date_gmt":"2023-12-08T01:04:22","guid":{"rendered":"https:\/\/noticiasribeiraopreto.com.br\/index.php\/2023\/12\/07\/publicidade-a-volvo-o-imposto-de-importacao-e-o-que-isso-tem-a-ver-com-a-sua-vida\/"},"modified":"2023-12-07T22:04:22","modified_gmt":"2023-12-08T01:04:22","slug":"publicidade-a-volvo-o-imposto-de-importacao-e-o-que-isso-tem-a-ver-com-a-sua-vida","status":"publish","type":"post","link":"https:\/\/noticiasribeiraopreto.com.br\/index.php\/2023\/12\/07\/publicidade-a-volvo-o-imposto-de-importacao-e-o-que-isso-tem-a-ver-com-a-sua-vida\/","title":{"rendered":"PUBLICIDADE \u2013 A Volvo, o imposto de importa\u00e7\u00e3o e o que isso tem a ver com a sua vida"},"content":{"rendered":"<div class='code-block code-block-1' style='margin: 8px 0 8px auto; text-align: right; display: block; clear: both;'>\n<p><a href=\"https:\/\/wa.link\/vpicfd\"><img data-recalc-dims=\"1\" class=\"wp-image-4922\" style=\"aspect-ratio: 2.0253164556962027; width: 561px; height: auto;\" src=\"https:\/\/i0.wp.com\/ismaelcolosi.com.br\/wp-content\/uploads\/2023\/11\/grupo-de-empregos-whatsapp-e-facebook-ismael-colosi-vagas.jpg?ssl=1\" alt=\"\" \/><\/a><\/p>\n<!-- \/wp:image -->\n<\/div>\n<p> <br \/>\n<\/p>\n<p>O post PUBLICIDADE &#8211; A Volvo, o imposto de importa\u00e7\u00e3o e o que isso tem a ver com a sua vida apareceu primeiro em Jornal Tribuna Ribeir\u00e3o.<\/p>\n<p><br \/>\n<br \/><a href=\"https:\/\/www.tribunaribeirao.com.br\/site\/publicidade-a-volvo-o-imposto-de-importacao-e-o-que-isso-tem-a-ver-com-a-sua-vida\/\">Source link <\/a><\/p>\n<!-- CONTENT END 1 -->\n","protected":false},"excerpt":{"rendered":"<p>O post PUBLICIDADE &#8211; A Volvo, o imposto de importa\u00e7\u00e3o e o que isso tem a ver com a sua vida apareceu primeiro em Jornal&#8230;<\/p>\n","protected":false},"author":1,"featured_media":12375,"comment_status":"open","ping_status":"open","sticky":false,"template":"","format":"standard","meta":{"advanced_seo_description":"","jetpack_seo_html_title":"","jetpack_seo_noindex":false,"jetpack_post_was_ever_published":false,"_jetpack_newsletter_access":"","_jetpack_dont_email_post_to_subs":false,"_jetpack_newsletter_tier_id":0,"_jetpack_memberships_contains_paywalled_content":false,"_jetpack_memberships_contains_paid_content":false,"footnotes":"","jetpack_publicize_message":"","jetpack_publicize_feature_enabled":true,"jetpack_social_post_already_shared":true,"jetpack_social_options":{"image_generator_settings":{"template":"highway","default_image_id":0,"font":"","enabled":false},"version":2}},"categories":[11],"tags":[1738,596,1739,1736,799,162,1098,1046,1737],"class_list":["post-12374","post","type-post","status-publish","format-standard","has-post-thumbnail","hentry","category-noticias-de-ribeirao-preto-sp-e-regiao-ismael-colosi","tag-importacao","tag-imposto","tag-isso","tag-publicidade","tag-sua","tag-tem","tag-ver","tag-vida","tag-volvo"],"jetpack_publicize_connections":[],"jetpack_featured_media_url":"https:\/\/i0.wp.com\/noticiasribeiraopreto.com.br\/wp-content\/uploads\/2023\/12\/ddd-scaled.jpg?fit=1449%2C2560&ssl=1","jetpack-related-posts":[{"id":12544,"url":"https:\/\/noticiasribeiraopreto.com.br\/index.php\/2023\/12\/08\/volvo-adota-estrategia-para-minimizar-impacto-de-aumento-de-precos-em-carros-eletricos-ao-absorver-parte-da-aliquota-de-importacao\/","url_meta":{"origin":12374,"position":0},"title":"Volvo adota estrat\u00e9gia para minimizar impacto de aumento de pre\u00e7os em carros el\u00e9tricos ao absorver parte da al\u00edquota de importa\u00e7\u00e3o","author":"noticiasribeiraopreto.com.br","date":"8 de December de 2023","format":false,"excerpt":"Divulga\u00e7\u00e3o\/Volvo \u2013 Todos os direitos: CanalTech Volvo eletrificados no Brasil ter\u00e3o aumento em 2024, mas n\u00e3o aplicar\u00e1 100% da al\u00edquota de importa\u00e7\u00e3o do governo. At\u00e9 janeiro de 2024, os carros eletrificados da Volvo ainda contam com a isen\u00e7\u00e3o de impostos de importa\u00e7\u00e3o, o que os torna mais acess\u00edveis para os\u2026","rel":"","context":"In &quot;Vagas de Emprego em Ribeir\u00e3o Preto-SP&quot;","block_context":{"text":"Vagas de Emprego em Ribeir\u00e3o Preto-SP","link":"https:\/\/noticiasribeiraopreto.com.br\/index.php\/category\/empregos-classificados-vagas-trabalho\/vagas-de-empregos-em-ribeirao-preto-regiao-brasil\/"},"img":{"alt_text":"","src":"https:\/\/i0.wp.com\/noticiasribeiraopreto.com.br\/wp-content\/uploads\/2023\/12\/volvo-adota-estrategia-para-minimizar-impacto-de-aumento-de-precos-em-carros-eletricos-ao-absorver-parte-da-aliquota-de-importacao-830x450.jpg?fit=830%2C450&ssl=1&resize=350%2C200","width":350,"height":200,"srcset":"https:\/\/i0.wp.com\/noticiasribeiraopreto.com.br\/wp-content\/uploads\/2023\/12\/volvo-adota-estrategia-para-minimizar-impacto-de-aumento-de-precos-em-carros-eletricos-ao-absorver-parte-da-aliquota-de-importacao-830x450.jpg?fit=830%2C450&ssl=1&resize=350%2C200 1x, https:\/\/i0.wp.com\/noticiasribeiraopreto.com.br\/wp-content\/uploads\/2023\/12\/volvo-adota-estrategia-para-minimizar-impacto-de-aumento-de-precos-em-carros-eletricos-ao-absorver-parte-da-aliquota-de-importacao-830x450.jpg?fit=830%2C450&ssl=1&resize=525%2C300 1.5x, https:\/\/i0.wp.com\/noticiasribeiraopreto.com.br\/wp-content\/uploads\/2023\/12\/volvo-adota-estrategia-para-minimizar-impacto-de-aumento-de-precos-em-carros-eletricos-ao-absorver-parte-da-aliquota-de-importacao-830x450.jpg?fit=830%2C450&ssl=1&resize=700%2C400 2x"},"classes":[]},{"id":29864,"url":"https:\/\/noticiasribeiraopreto.com.br\/index.php\/2024\/01\/19\/feita-de-aco-o-imposto-de-importacao-pode-subir-para-25-e-as-acoes-dessa-empresa-devem-sair-na-frente\/","url_meta":{"origin":12374,"position":1},"title":"Feita de a\u00e7o: o imposto de importa\u00e7\u00e3o pode subir para 25% e as a\u00e7\u00f5es dessa empresa devem sair na frente","author":"noticiasribeiraopreto.com.br","date":"19 de January de 2024","format":false,"excerpt":"A not\u00edcia de que o imposto de importa\u00e7\u00e3o pode aumentar geralmente \u00e9 negativa para as empresas \u2014 e pode refletir nas a\u00e7\u00f5es. Mas, no caso das sider\u00fargicas, a hist\u00f3ria \u00e9 um pouco diferente e, segundo o Ita\u00fa BBA, uma gigante do setor deve sair na frente. Em um poss\u00edvel aumento\u2026","rel":"","context":"In &quot;Dinheiro e Investimento&quot;","block_context":{"text":"Dinheiro e Investimento","link":"https:\/\/noticiasribeiraopreto.com.br\/index.php\/category\/dinheiro-e-investimento-como-fazer-como-ganhar\/"},"img":{"alt_text":"","src":"https:\/\/i0.wp.com\/noticiasribeiraopreto.com.br\/wp-content\/uploads\/2024\/01\/1705687177_shutterstock_1019087455-628x353.jpg?fit=628%2C353&ssl=1&resize=350%2C200","width":350,"height":200,"srcset":"https:\/\/i0.wp.com\/noticiasribeiraopreto.com.br\/wp-content\/uploads\/2024\/01\/1705687177_shutterstock_1019087455-628x353.jpg?fit=628%2C353&ssl=1&resize=350%2C200 1x, https:\/\/i0.wp.com\/noticiasribeiraopreto.com.br\/wp-content\/uploads\/2024\/01\/1705687177_shutterstock_1019087455-628x353.jpg?fit=628%2C353&ssl=1&resize=525%2C300 1.5x"},"classes":[]},{"id":64947,"url":"https:\/\/noticiasribeiraopreto.com.br\/index.php\/2025\/03\/13\/veja-quais-alimentos-terao-o-imposto-de-importacao-zerado-a-partir-desta-sexta\/","url_meta":{"origin":12374,"position":2},"title":"Veja quais alimentos ter\u00e3o o imposto de importa\u00e7\u00e3o zerado a partir desta sexta","author":"noticiasribeiraopreto.com.br","date":"13 de March de 2025","format":false,"excerpt":"Nesta quinta-feira (13), o Governo Federal anunciou a isen\u00e7\u00e3o do imposto de importa\u00e7\u00e3o para diversos alimentos, como caf\u00e9, carne e azeite. Sem prazo para a retomada dos tributos, a medida come\u00e7a a valer a partir desta sexta-feira (14). O an\u00fancio foi feito pelo vice-presidente e ministro do Desenvolvimento, Ind\u00fastria, Com\u00e9rcio\u2026","rel":"","context":"In &quot;Not\u00edcias de Ribeir\u00e3o Preto-SP e Regi\u00e3o&quot;","block_context":{"text":"Not\u00edcias de Ribeir\u00e3o Preto-SP e Regi\u00e3o","link":"https:\/\/noticiasribeiraopreto.com.br\/index.php\/category\/noticias-de-ribeirao-preto-sp-e-regiao-ismael-colosi\/"},"img":{"alt_text":"","src":"https:\/\/i0.wp.com\/noticiasribeiraopreto.com.br\/wp-content\/uploads\/2025\/03\/Copia-de-Copia-de-Copia-de-TAMANHO-EXATO-PARA-FOTOS-NO-SISTEMA-NOVO-2025-03-13T212542.454_2025-03-14_00-25-59_png_2025-03-14_00-25-59.webp.webp?fit=1200%2C675&ssl=1&resize=350%2C200","width":350,"height":200,"srcset":"https:\/\/i0.wp.com\/noticiasribeiraopreto.com.br\/wp-content\/uploads\/2025\/03\/Copia-de-Copia-de-Copia-de-TAMANHO-EXATO-PARA-FOTOS-NO-SISTEMA-NOVO-2025-03-13T212542.454_2025-03-14_00-25-59_png_2025-03-14_00-25-59.webp.webp?fit=1200%2C675&ssl=1&resize=350%2C200 1x, https:\/\/i0.wp.com\/noticiasribeiraopreto.com.br\/wp-content\/uploads\/2025\/03\/Copia-de-Copia-de-Copia-de-TAMANHO-EXATO-PARA-FOTOS-NO-SISTEMA-NOVO-2025-03-13T212542.454_2025-03-14_00-25-59_png_2025-03-14_00-25-59.webp.webp?fit=1200%2C675&ssl=1&resize=525%2C300 1.5x, https:\/\/i0.wp.com\/noticiasribeiraopreto.com.br\/wp-content\/uploads\/2025\/03\/Copia-de-Copia-de-Copia-de-TAMANHO-EXATO-PARA-FOTOS-NO-SISTEMA-NOVO-2025-03-13T212542.454_2025-03-14_00-25-59_png_2025-03-14_00-25-59.webp.webp?fit=1200%2C675&ssl=1&resize=700%2C400 2x, https:\/\/i0.wp.com\/noticiasribeiraopreto.com.br\/wp-content\/uploads\/2025\/03\/Copia-de-Copia-de-Copia-de-TAMANHO-EXATO-PARA-FOTOS-NO-SISTEMA-NOVO-2025-03-13T212542.454_2025-03-14_00-25-59_png_2025-03-14_00-25-59.webp.webp?fit=1200%2C675&ssl=1&resize=1050%2C600 3x"},"classes":[]},{"id":51980,"url":"https:\/\/noticiasribeiraopreto.com.br\/index.php\/2024\/06\/02\/saiba-o-que-muda-se-a-taxacao-de-compras-internacionais-de-ate-us-50-for-aprovada\/","url_meta":{"origin":12374,"position":3},"title":"Saiba o que muda se a taxa\u00e7\u00e3o de compras internacionais de at\u00e9 US$ 50 for aprovada","author":"noticiasribeiraopreto.com.br","date":"2 de June de 2024","format":false,"excerpt":"A cobran\u00e7a de Imposto de Importa\u00e7\u00e3o para compras de at\u00e9 US$ 50 (equivalente a cerca de R$ 260) deve ser votada pelo Senado nesta semana, de acordo com o presidente da Casa, Rodrigo Pacheco (PSD-MG). O tributo impacta, principalmente, compras de itens de vestu\u00e1rio feminino por meio de varejistas internacionais.\u2026","rel":"","context":"In &quot;Not\u00edcias de Ribeir\u00e3o Preto-SP e Regi\u00e3o&quot;","block_context":{"text":"Not\u00edcias de Ribeir\u00e3o Preto-SP e Regi\u00e3o","link":"https:\/\/noticiasribeiraopreto.com.br\/index.php\/category\/noticias-de-ribeirao-preto-sp-e-regiao-ismael-colosi\/"},"img":{"alt_text":"","src":"https:\/\/i0.wp.com\/noticiasribeiraopreto.com.br\/wp-content\/uploads\/2024\/06\/IMPORTACAO_2024-06-02_20-40-56_jpg_2024-06-02_20-40-56.webp.webp?fit=1200%2C696&ssl=1&resize=350%2C200","width":350,"height":200,"srcset":"https:\/\/i0.wp.com\/noticiasribeiraopreto.com.br\/wp-content\/uploads\/2024\/06\/IMPORTACAO_2024-06-02_20-40-56_jpg_2024-06-02_20-40-56.webp.webp?fit=1200%2C696&ssl=1&resize=350%2C200 1x, https:\/\/i0.wp.com\/noticiasribeiraopreto.com.br\/wp-content\/uploads\/2024\/06\/IMPORTACAO_2024-06-02_20-40-56_jpg_2024-06-02_20-40-56.webp.webp?fit=1200%2C696&ssl=1&resize=525%2C300 1.5x, https:\/\/i0.wp.com\/noticiasribeiraopreto.com.br\/wp-content\/uploads\/2024\/06\/IMPORTACAO_2024-06-02_20-40-56_jpg_2024-06-02_20-40-56.webp.webp?fit=1200%2C696&ssl=1&resize=700%2C400 2x, https:\/\/i0.wp.com\/noticiasribeiraopreto.com.br\/wp-content\/uploads\/2024\/06\/IMPORTACAO_2024-06-02_20-40-56_jpg_2024-06-02_20-40-56.webp.webp?fit=1200%2C696&ssl=1&resize=1050%2C600 3x"},"classes":[]},{"id":64503,"url":"https:\/\/noticiasribeiraopreto.com.br\/index.php\/2025\/03\/09\/federacao-critica-que-maioria-dos-alimentos-anunciados-por-alckmin-para-reducao-de-impostos-ja-tem-tarifa-zerada\/","url_meta":{"origin":12374,"position":4},"title":"Federa\u00e7\u00e3o critica que maioria dos alimentos anunciados por Alckmin para redu\u00e7\u00e3o de impostos j\u00e1 tem tarifa zerada","author":"noticiasribeiraopreto.com.br","date":"9 de March de 2025","format":false,"excerpt":"A tentativa do governo federal de segurar o aumento nos pre\u00e7os dos alimentos com a isen\u00e7\u00e3o de impostos de importa\u00e7\u00e3o n\u00e3o ter\u00e1 efeito no mercado interno, pois a maioria dos produtos j\u00e1 tem tarifas zeradas. A avalia\u00e7\u00e3o \u00e9 da Federa\u00e7\u00e3o dos Hot\u00e9is, Restaurantes e Bares do Estado de S\u00e3o Paulo\u2026","rel":"","context":"In &quot;Not\u00edcias de Franca-SP&quot;","block_context":{"text":"Not\u00edcias de Franca-SP","link":"https:\/\/noticiasribeiraopreto.com.br\/index.php\/category\/noticias-de-ribeirao-preto-sp-e-regiao-ismael-colosi\/noticias-franca-sp\/"},"img":{"alt_text":"","src":"https:\/\/i0.wp.com\/noticiasribeiraopreto.com.br\/wp-content\/uploads\/2025\/03\/geraldo-alckmin.jpg?fit=768%2C512&ssl=1&resize=350%2C200","width":350,"height":200,"srcset":"https:\/\/i0.wp.com\/noticiasribeiraopreto.com.br\/wp-content\/uploads\/2025\/03\/geraldo-alckmin.jpg?fit=768%2C512&ssl=1&resize=350%2C200 1x, https:\/\/i0.wp.com\/noticiasribeiraopreto.com.br\/wp-content\/uploads\/2025\/03\/geraldo-alckmin.jpg?fit=768%2C512&ssl=1&resize=525%2C300 1.5x, https:\/\/i0.wp.com\/noticiasribeiraopreto.com.br\/wp-content\/uploads\/2025\/03\/geraldo-alckmin.jpg?fit=768%2C512&ssl=1&resize=700%2C400 2x"},"classes":[]},{"id":59578,"url":"https:\/\/noticiasribeiraopreto.com.br\/index.php\/2024\/10\/26\/isencao-de-impostos-sobre-medicamentos-importados-e-mantida-por-medida-provisoria\/","url_meta":{"origin":12374,"position":5},"title":"Isen\u00e7\u00e3o de Impostos Sobre Medicamentos Importados \u00c9 Mantida por Medida Provis\u00f3ria","author":"noticiasribeiraopreto.com.br","date":"26 de October de 2024","format":false,"excerpt":"O governo federal prorrogou a isen\u00e7\u00e3o de impostos para medicamentos importados atrav\u00e9s de uma Medida Provis\u00f3ria publicada em outubro de 2024. A medida visa manter o custo dos medicamentos importados, essenciais para o tratamento de doen\u00e7as graves como c\u00e2ncer, HIV, diabetes e doen\u00e7as raras, acess\u00edvel aos pacientes brasileiros. Com a\u2026","rel":"","context":"In &quot;Not\u00edcias de Ribeir\u00e3o Preto-SP e Regi\u00e3o&quot;","block_context":{"text":"Not\u00edcias de Ribeir\u00e3o Preto-SP e Regi\u00e3o","link":"https:\/\/noticiasribeiraopreto.com.br\/index.php\/category\/noticias-de-ribeirao-preto-sp-e-regiao-ismael-colosi\/"},"img":{"alt_text":"","src":"https:\/\/i0.wp.com\/noticiasribeiraopreto.com.br\/wp-content\/uploads\/2024\/10\/remedios_2912203618_0.webp.webp?fit=1170%2C700&ssl=1&resize=350%2C200","width":350,"height":200,"srcset":"https:\/\/i0.wp.com\/noticiasribeiraopreto.com.br\/wp-content\/uploads\/2024\/10\/remedios_2912203618_0.webp.webp?fit=1170%2C700&ssl=1&resize=350%2C200 1x, https:\/\/i0.wp.com\/noticiasribeiraopreto.com.br\/wp-content\/uploads\/2024\/10\/remedios_2912203618_0.webp.webp?fit=1170%2C700&ssl=1&resize=525%2C300 1.5x, https:\/\/i0.wp.com\/noticiasribeiraopreto.com.br\/wp-content\/uploads\/2024\/10\/remedios_2912203618_0.webp.webp?fit=1170%2C700&ssl=1&resize=700%2C400 2x, https:\/\/i0.wp.com\/noticiasribeiraopreto.com.br\/wp-content\/uploads\/2024\/10\/remedios_2912203618_0.webp.webp?fit=1170%2C700&ssl=1&resize=1050%2C600 3x"},"classes":[]}],"jetpack_sharing_enabled":true,"jetpack_shortlink":"https:\/\/wp.me\/peQAOb-3dA","_links":{"self":[{"href":"https:\/\/noticiasribeiraopreto.com.br\/index.php\/wp-json\/wp\/v2\/posts\/12374","targetHints":{"allow":["GET"]}}],"collection":[{"href":"https:\/\/noticiasribeiraopreto.com.br\/index.php\/wp-json\/wp\/v2\/posts"}],"about":[{"href":"https:\/\/noticiasribeiraopreto.com.br\/index.php\/wp-json\/wp\/v2\/types\/post"}],"author":[{"embeddable":true,"href":"https:\/\/noticiasribeiraopreto.com.br\/index.php\/wp-json\/wp\/v2\/users\/1"}],"replies":[{"embeddable":true,"href":"https:\/\/noticiasribeiraopreto.com.br\/index.php\/wp-json\/wp\/v2\/comments?post=12374"}],"version-history":[{"count":0,"href":"https:\/\/noticiasribeiraopreto.com.br\/index.php\/wp-json\/wp\/v2\/posts\/12374\/revisions"}],"wp:featuredmedia":[{"embeddable":true,"href":"https:\/\/noticiasribeiraopreto.com.br\/index.php\/wp-json\/wp\/v2\/media\/12375"}],"wp:attachment":[{"href":"https:\/\/noticiasribeiraopreto.com.br\/index.php\/wp-json\/wp\/v2\/media?parent=12374"}],"wp:term":[{"taxonomy":"category","embeddable":true,"href":"https:\/\/noticiasribeiraopreto.com.br\/index.php\/wp-json\/wp\/v2\/categories?post=12374"},{"taxonomy":"post_tag","embeddable":true,"href":"https:\/\/noticiasribeiraopreto.com.br\/index.php\/wp-json\/wp\/v2\/tags?post=12374"}],"curies":[{"name":"wp","href":"https:\/\/api.w.org\/{rel}","templated":true}]}}