{"id":12399,"date":"2023-12-07T23:05:14","date_gmt":"2023-12-08T02:05:14","guid":{"rendered":"https:\/\/noticiasribeiraopreto.com.br\/index.php\/2023\/12\/07\/a-pedido-da-pgr-ministro-do-stf-suspende-concurso-da-pm-no-ceara-entenda-2\/"},"modified":"2023-12-07T23:05:14","modified_gmt":"2023-12-08T02:05:14","slug":"a-pedido-da-pgr-ministro-do-stf-suspende-concurso-da-pm-no-ceara-entenda-2","status":"publish","type":"post","link":"https:\/\/noticiasribeiraopreto.com.br\/index.php\/2023\/12\/07\/a-pedido-da-pgr-ministro-do-stf-suspende-concurso-da-pm-no-ceara-entenda-2\/","title":{"rendered":"A pedido da PGR, ministro do STF suspende Concurso da PM no Cear\u00e1. Entenda"},"content":{"rendered":"<div class='code-block code-block-1' style='margin: 8px 0 8px auto; text-align: right; display: block; clear: both;'>\n<p><a href=\"https:\/\/wa.link\/vpicfd\"><img data-recalc-dims=\"1\" class=\"wp-image-4922\" style=\"aspect-ratio: 2.0253164556962027; width: 561px; height: auto;\" src=\"https:\/\/i0.wp.com\/ismaelcolosi.com.br\/wp-content\/uploads\/2023\/11\/grupo-de-empregos-whatsapp-e-facebook-ismael-colosi-vagas.jpg?ssl=1\" alt=\"\" \/><\/a><\/p>\n<!-- \/wp:image -->\n<\/div>\n<p> <br \/>\n<\/p>\n<div>\n<p>O ministro Alexandre de Moraes, do<a href=\"https:\/\/portal.stf.jus.br\/\"> Supremo Tribunal Federal (STF)<\/a>, determinou nesta quinta-feira (7) a suspens\u00e3o do <a href=\"https:\/\/jcconcursos.com.br\/concurso\/concurso-pm-ce-oficiais-76928\">concurso para a Pol\u00edcia Militar do Cear\u00e1<\/a>, abrangendo a sele\u00e7\u00e3o de soldados e segundos-tenentes.\u00a0A decis\u00e3o foi uma resposta ao pedido da <a href=\"https:\/\/www.mpf.mp.br\/pgr\">Procuradoria-Geral da Rep\u00fablica (PGR)<\/a>, que contestou a restri\u00e7\u00e3o de 15% da participa\u00e7\u00e3o feminina no certame, baseada em uma lei estadual.<\/p>\n<p>Moraes destacou em sua decis\u00e3o que a restri\u00e7\u00e3o sem justificativa razo\u00e1vel para a participa\u00e7\u00e3o de mulheres em concursos viola o princ\u00edpio da igualdade de g\u00eanero. Consequentemente, o ministro determinou que as mulheres devem concorrer na modalidade de ampla concorr\u00eancia, sem restri\u00e7\u00f5es espec\u00edficas.<\/p>\n<h2>Restri\u00e7\u00e3o \u00e0 participa\u00e7\u00e3o de mulheres em concursos p\u00fablicos da PM e Bombeiros tem sido objeto de contesta\u00e7\u00e3o pela PGR<\/h2>\n<p>\u201cA desigualdade inconstitucional na lei se produz quando a norma distingue de forma n\u00e3o razo\u00e1vel ou arbitr\u00e1ria um tratamento espec\u00edfico a pessoas diversas. Para que as diferencia\u00e7\u00f5es normativas possam ser consideradas n\u00e3o discriminat\u00f3rias, torna-se indispens\u00e1vel que exista uma justificativa objetiva e razo\u00e1vel\u201d, afirmou o ministro em sua decis\u00e3o.<\/p>\n<p>O contexto da restri\u00e7\u00e3o \u00e0 participa\u00e7\u00e3o de mulheres em concursos p\u00fablicos para a Pol\u00edcia Militar e o Corpo de Bombeiros tem sido objeto de contesta\u00e7\u00e3o pela PGR. Em outubro deste ano, a PGR apresentou 14 a\u00e7\u00f5es no Supremo questionando leis estaduais que limitam a participa\u00e7\u00e3o feminina nesses concursos, com a restri\u00e7\u00e3o geralmente fixada em 10%.<\/p>\n<p>As a\u00e7\u00f5es abrangem normas de diversos estados, incluindo Amazonas, Cear\u00e1, Goi\u00e1s, Maranh\u00e3o, Minas Gerais, Mato Grosso, Par\u00e1, Para\u00edba, Piau\u00ed, Rio de Janeiro, Roraima, Santa Catarina, Sergipe e Tocantins. Liminares de ministros do STF j\u00e1 haviam suspendido concursos da PM em outros estados, como Par\u00e1, Rio de Janeiro e Distrito Federal.<\/p>\n<p>+ Acompanhe as principais informa\u00e7\u00f5es sobre\u00a0<a href=\"https:\/\/jcconcursos.com.br\/noticia\/brasil\/\" rel=\"noopener\" target=\"_blank\">Sociedade e Brasil no JC Concursos<\/a><\/p>\n<div class=\"code-block code-block-5\" style=\"margin: 8px auto; text-align: center; display: block; clear: both;\"> <a href=\"https:\/\/suaads.com\/ref\/ISMAELCOLOSI\" target=\"_blank\" rel=\"noopener\"><img data-recalc-dims=\"1\" decoding=\"async\" src=\"https:\/\/i0.wp.com\/suaurl.com\/img\/bannersref\/s.png?ssl=1\" alt=\"SuaUrl\"  style=\"max-width: 100%;\" class=\"lazy\" loading=\"lazy\"\/><noscript><img data-recalc-dims=\"1\" decoding=\"async\" src=\"https:\/\/i0.wp.com\/suaurl.com\/img\/bannersref\/s.png?ssl=1\" alt=\"SuaUrl\"  style=\"max-width: 100%;\"\/><\/noscript><\/a><\/div>\n<p><a id=\"gnews_btn\" href=\"https:\/\/news.google.com\/publications\/CAAqBwgKMOixlQswuZWrAw\" target=\"_blank\" class=\"border_jc_blue link_hover_bg_jc_blue font_85 d-block d-md-inline-block px-2 py-1 mr-0 mr-md-2 mb-3 w-100 text-center\" rel=\"noopener\"><span class=\"text_jc_blue\">Siga o <strong>JC Concursos no Google News<\/strong><\/span><\/a><a href=\"https:\/\/jcconcursos.com.br\/noticia\/brasil\/\" class=\"badge badge-light\">Sociedade<\/a><a href=\"https:\/\/jcconcursos.com.br\/noticia\/brasil\/\" class=\"badge badge-light\">Brasil<\/a><\/p>\n<\/div>\n<p><br \/>\n<br \/><a href=\"https:\/\/ismaelcolosi.com.br\/a-pedido-da-pgr-ministro-do-stf-suspende-concurso-da-pm-no-ceara-entenda\/\">Source link <\/a><\/p>\n<!-- CONTENT END 1 -->\n","protected":false},"excerpt":{"rendered":"<p>O ministro Alexandre de Moraes, do Supremo Tribunal Federal (STF), determinou nesta quinta-feira (7) a suspens\u00e3o do concurso para a Pol\u00edcia Militar do Cear\u00e1, abrangendo&#8230;<\/p>\n","protected":false},"author":1,"featured_media":12400,"comment_status":"open","ping_status":"open","sticky":false,"template":"","format":"standard","meta":{"advanced_seo_description":"","jetpack_seo_html_title":"","jetpack_seo_noindex":false,"jetpack_post_was_ever_published":false,"_jetpack_newsletter_access":"","_jetpack_dont_email_post_to_subs":false,"_jetpack_newsletter_tier_id":0,"_jetpack_memberships_contains_paywalled_content":false,"_jetpack_memberships_contains_paid_content":false,"footnotes":"","jetpack_publicize_message":"","jetpack_publicize_feature_enabled":true,"jetpack_social_post_already_shared":true,"jetpack_social_options":{"image_generator_settings":{"template":"highway","default_image_id":0,"font":"","enabled":false},"version":2}},"categories":[7],"tags":[],"class_list":["post-12399","post","type-post","status-publish","format-standard","has-post-thumbnail","hentry","category-vagas-de-empregos-em-ribeirao-preto-regiao-brasil"],"jetpack_publicize_connections":[],"jetpack_featured_media_url":"https:\/\/i0.wp.com\/noticiasribeiraopreto.com.br\/wp-content\/uploads\/2023\/12\/pm_ce_novoo.jpg?fit=1920%2C1080&ssl=1","jetpack-related-posts":[{"id":71466,"url":"https:\/\/noticiasribeiraopreto.com.br\/index.php\/2025\/06\/06\/zambelli-entra-na-lista-da-interpol\/","url_meta":{"origin":12399,"position":0},"title":"Zambelli entra na lista da Interpol","author":"noticiasribeiraopreto.com.br","date":"6 de June de 2025","format":false,"excerpt":"O nome da deputada ribeir\u00e3o-pretana Carla Zambelli (PL-SP) foi inclu\u00eddo nesta quinta-feira, 5 de junho, na lista de difus\u00e3o vermelha da Organiza\u00e7\u00e3o Internacional de Pol\u00edcia Criminal (Interpol). O alerta para foragido internacionais ser\u00e1 espelhado em breve no site oficial da organiza\u00e7\u00e3o das pol\u00edcias. A partir de agora, ela pode ser\u2026","rel":"","context":"In &quot;Not\u00edcias de Ribeir\u00e3o Preto-SP e Regi\u00e3o&quot;","block_context":{"text":"Not\u00edcias de Ribeir\u00e3o Preto-SP e Regi\u00e3o","link":"https:\/\/noticiasribeiraopreto.com.br\/index.php\/category\/noticias-de-ribeirao-preto-sp-e-regiao-ismael-colosi\/"},"img":{"alt_text":"","src":"https:\/\/i0.wp.com\/noticiasribeiraopreto.com.br\/wp-content\/uploads\/2025\/06\/Zambelli-Lula-Marques-Ag.Br_-scaled.jpg?fit=800%2C479&ssl=1&resize=350%2C200","width":350,"height":200,"srcset":"https:\/\/i0.wp.com\/noticiasribeiraopreto.com.br\/wp-content\/uploads\/2025\/06\/Zambelli-Lula-Marques-Ag.Br_-scaled.jpg?fit=800%2C479&ssl=1&resize=350%2C200 1x, https:\/\/i0.wp.com\/noticiasribeiraopreto.com.br\/wp-content\/uploads\/2025\/06\/Zambelli-Lula-Marques-Ag.Br_-scaled.jpg?fit=800%2C479&ssl=1&resize=525%2C300 1.5x, https:\/\/i0.wp.com\/noticiasribeiraopreto.com.br\/wp-content\/uploads\/2025\/06\/Zambelli-Lula-Marques-Ag.Br_-scaled.jpg?fit=800%2C479&ssl=1&resize=700%2C400 2x"},"classes":[]},{"id":71225,"url":"https:\/\/noticiasribeiraopreto.com.br\/index.php\/2025\/06\/03\/pgr-pede-prisao-de-deputada-ribeirao-pretana\/","url_meta":{"origin":12399,"position":1},"title":"PGR pede pris\u00e3o de deputada ribeir\u00e3o-pretana","author":"noticiasribeiraopreto.com.br","date":"3 de June de 2025","format":false,"excerpt":"3 de junho de 2025 20:263 de junho de 2025 21:3340 Compartilhar0 A Procuradoria-Geral da Rep\u00fablica (PGR) solicitou nesta ter\u00e7a-feira (3) ao Supremo Tribunal Federal (STF) a pris\u00e3o da deputada federal Carla Zambelli (PL-SP), que nasceu em Ribeir\u00e3o Preto (SP). O pedido foi encaminhado ao ministro Alexandre de Moraes ap\u00f3s\u2026","rel":"","context":"In &quot;Not\u00edcias de Ribeir\u00e3o Preto-SP e Regi\u00e3o&quot;","block_context":{"text":"Not\u00edcias de Ribeir\u00e3o Preto-SP e Regi\u00e3o","link":"https:\/\/noticiasribeiraopreto.com.br\/index.php\/category\/noticias-de-ribeirao-preto-sp-e-regiao-ismael-colosi\/"},"img":{"alt_text":"","src":"https:\/\/i0.wp.com\/noticiasribeiraopreto.com.br\/wp-content\/uploads\/2025\/06\/zambelli.jpg?fit=808%2C596&ssl=1&resize=350%2C200","width":350,"height":200,"srcset":"https:\/\/i0.wp.com\/noticiasribeiraopreto.com.br\/wp-content\/uploads\/2025\/06\/zambelli.jpg?fit=808%2C596&ssl=1&resize=350%2C200 1x, https:\/\/i0.wp.com\/noticiasribeiraopreto.com.br\/wp-content\/uploads\/2025\/06\/zambelli.jpg?fit=808%2C596&ssl=1&resize=525%2C300 1.5x, https:\/\/i0.wp.com\/noticiasribeiraopreto.com.br\/wp-content\/uploads\/2025\/06\/zambelli.jpg?fit=808%2C596&ssl=1&resize=700%2C400 2x"},"classes":[]},{"id":63817,"url":"https:\/\/noticiasribeiraopreto.com.br\/index.php\/2025\/02\/22\/stf-decide-que-lei-maria-da-penha-se-estende-a-casais-homoafetivos-e-mulheres-trans-entenda\/","url_meta":{"origin":12399,"position":2},"title":"STF decide que Lei Maria da Penha se estende a casais homoafetivos e mulheres trans; Entenda","author":"noticiasribeiraopreto.com.br","date":"22 de February de 2025","format":false,"excerpt":"O STF (Supremo Tribunal Federal) decidiu, por unamidade, que a Lei Maria da Penha se aplica a casais homoafetivos formados por homens e a mulheres travestis e transexuais. A decis\u00e3o atendeu a um pedido da ABRAFH (Associa\u00e7\u00e3o Brasileira de Fam\u00edlias HomoTransAfetivas). O julgamento ocorreu no plen\u00e1rio virtual, nesta sexta-feira (21).\u2026","rel":"","context":"In &quot;Not\u00edcias de Ribeir\u00e3o Preto-SP e Regi\u00e3o&quot;","block_context":{"text":"Not\u00edcias de Ribeir\u00e3o Preto-SP e Regi\u00e3o","link":"https:\/\/noticiasribeiraopreto.com.br\/index.php\/category\/noticias-de-ribeirao-preto-sp-e-regiao-ismael-colosi\/"},"img":{"alt_text":"","src":"https:\/\/i0.wp.com\/noticiasribeiraopreto.com.br\/wp-content\/uploads\/2025\/02\/Copia-de-Copia-de-Copia-de-TAMANHO-EXATO-PARA-FOTOS-NO-SISTEMA-NOVO-2025-02-22T153405.137_2025-02-22_18-34-14_png_2025-02-22_18-34-14.webp.webp?fit=1200%2C675&ssl=1&resize=350%2C200","width":350,"height":200,"srcset":"https:\/\/i0.wp.com\/noticiasribeiraopreto.com.br\/wp-content\/uploads\/2025\/02\/Copia-de-Copia-de-Copia-de-TAMANHO-EXATO-PARA-FOTOS-NO-SISTEMA-NOVO-2025-02-22T153405.137_2025-02-22_18-34-14_png_2025-02-22_18-34-14.webp.webp?fit=1200%2C675&ssl=1&resize=350%2C200 1x, https:\/\/i0.wp.com\/noticiasribeiraopreto.com.br\/wp-content\/uploads\/2025\/02\/Copia-de-Copia-de-Copia-de-TAMANHO-EXATO-PARA-FOTOS-NO-SISTEMA-NOVO-2025-02-22T153405.137_2025-02-22_18-34-14_png_2025-02-22_18-34-14.webp.webp?fit=1200%2C675&ssl=1&resize=525%2C300 1.5x, https:\/\/i0.wp.com\/noticiasribeiraopreto.com.br\/wp-content\/uploads\/2025\/02\/Copia-de-Copia-de-Copia-de-TAMANHO-EXATO-PARA-FOTOS-NO-SISTEMA-NOVO-2025-02-22T153405.137_2025-02-22_18-34-14_png_2025-02-22_18-34-14.webp.webp?fit=1200%2C675&ssl=1&resize=700%2C400 2x, https:\/\/i0.wp.com\/noticiasribeiraopreto.com.br\/wp-content\/uploads\/2025\/02\/Copia-de-Copia-de-Copia-de-TAMANHO-EXATO-PARA-FOTOS-NO-SISTEMA-NOVO-2025-02-22T153405.137_2025-02-22_18-34-14_png_2025-02-22_18-34-14.webp.webp?fit=1200%2C675&ssl=1&resize=1050%2C600 3x"},"classes":[]},{"id":10484,"url":"https:\/\/noticiasribeiraopreto.com.br\/index.php\/2023\/12\/04\/moraes-toma-decisao-em-julgamento-sobre-revisao-da-vida-toda\/","url_meta":{"origin":12399,"position":3},"title":"Moraes toma decis\u00e3o em julgamento sobre &#8216;revis\u00e3o da vida toda&#8217;","author":"noticiasribeiraopreto.com.br","date":"4 de December de 2023","format":false,"excerpt":"Cr\u00e9ditos: Reprodu\u00e7\u00e3o\/TSE O julgamento virtual do recurso do INSS acabou suspenso O Alexandre de Moraes, ministro do Supremo Tribunal Federal (STF), decidiu suspender o julgamento sobre a chamada \u201crevis\u00e3o da vida toda\u201d de aposentadorias pagas pelo Instituto Nacional do Seguro Social (INSS). O julgamento em plen\u00e1rio virtual analisava os embargos\u2026","rel":"","context":"In &quot;Variedades&quot;","block_context":{"text":"Variedades","link":"https:\/\/noticiasribeiraopreto.com.br\/index.php\/category\/variedades\/"},"img":{"alt_text":"","src":"https:\/\/i0.wp.com\/noticiasribeiraopreto.com.br\/wp-content\/uploads\/2023\/12\/fotos-catraca-2023-12-04t121538457.png?fit=1200%2C638&ssl=1&resize=350%2C200","width":350,"height":200,"srcset":"https:\/\/i0.wp.com\/noticiasribeiraopreto.com.br\/wp-content\/uploads\/2023\/12\/fotos-catraca-2023-12-04t121538457.png?fit=1200%2C638&ssl=1&resize=350%2C200 1x, https:\/\/i0.wp.com\/noticiasribeiraopreto.com.br\/wp-content\/uploads\/2023\/12\/fotos-catraca-2023-12-04t121538457.png?fit=1200%2C638&ssl=1&resize=525%2C300 1.5x, https:\/\/i0.wp.com\/noticiasribeiraopreto.com.br\/wp-content\/uploads\/2023\/12\/fotos-catraca-2023-12-04t121538457.png?fit=1200%2C638&ssl=1&resize=700%2C400 2x, https:\/\/i0.wp.com\/noticiasribeiraopreto.com.br\/wp-content\/uploads\/2023\/12\/fotos-catraca-2023-12-04t121538457.png?fit=1200%2C638&ssl=1&resize=1050%2C600 3x"},"classes":[]},{"id":16150,"url":"https:\/\/noticiasribeiraopreto.com.br\/index.php\/2023\/12\/15\/revisao-da-vida-toda-supremo-autoriza-novo-julgamento-em-plenario\/","url_meta":{"origin":12399,"position":4},"title":"Revis\u00e3o da vida toda: Supremo autoriza novo julgamento em plen\u00e1rio\u00a0","author":"noticiasribeiraopreto.com.br","date":"15 de December de 2023","format":false,"excerpt":"14 de dezembro de 2023 | 14:3014 de dezembro de 2023 | 11:33 0O recurso sobre a revis\u00e3o da vida toda foi liberado nesta quarta-feira, 13 de dezembro, para julgamento no plen\u00e1rio do Supremo Tribunal Federal (STF). Cabe agora ao ministro Lu\u00eds Roberto Barroso, presidente da Corte, encaixar o processo\u2026","rel":"","context":"In &quot;Not\u00edcias de Ribeir\u00e3o Preto-SP e Regi\u00e3o&quot;","block_context":{"text":"Not\u00edcias de Ribeir\u00e3o Preto-SP e Regi\u00e3o","link":"https:\/\/noticiasribeiraopreto.com.br\/index.php\/category\/noticias-de-ribeirao-preto-sp-e-regiao-ismael-colosi\/"},"img":{"alt_text":"","src":"https:\/\/i0.wp.com\/noticiasribeiraopreto.com.br\/wp-content\/uploads\/2023\/12\/previdenciainss-scaled.jpg?fit=700%2C419&ssl=1&resize=350%2C200","width":350,"height":200,"srcset":"https:\/\/i0.wp.com\/noticiasribeiraopreto.com.br\/wp-content\/uploads\/2023\/12\/previdenciainss-scaled.jpg?fit=700%2C419&ssl=1&resize=350%2C200 1x, https:\/\/i0.wp.com\/noticiasribeiraopreto.com.br\/wp-content\/uploads\/2023\/12\/previdenciainss-scaled.jpg?fit=700%2C419&ssl=1&resize=525%2C300 1.5x, https:\/\/i0.wp.com\/noticiasribeiraopreto.com.br\/wp-content\/uploads\/2023\/12\/previdenciainss-scaled.jpg?fit=700%2C419&ssl=1&resize=700%2C400 2x"},"classes":[]},{"id":82653,"url":"https:\/\/noticiasribeiraopreto.com.br\/index.php\/2026\/02\/22\/alexandre-de-moraes-determina-a-realizacao-de-concurso-publico-em-ribeirao-preto-entenda\/","url_meta":{"origin":12399,"position":5},"title":"Alexandre de Moraes determina a realiza\u00e7\u00e3o de concurso p\u00fablico em Ribeir\u00e3o Preto; Entenda","author":"noticiasribeiraopreto.com.br","date":"22 de February de 2026","format":false,"excerpt":"O ministro Alexandre de Moraes, do STF (Supremo Tribunal Federal), determinou que a Prefeitura de Ribeir\u00e3o Preto realize um concurso p\u00fablico para suprir as vagas que v\u00eam sendo preenchidas por contrata\u00e7\u00f5es tempor\u00e1rias. A decis\u00e3o foi publicada no final do m\u00eas de janeiro, ap\u00f3s o ministro suspender a decis\u00e3o que invalidou\u2026","rel":"","context":"In &quot;Not\u00edcias de Ribeir\u00e3o Preto-SP e Regi\u00e3o&quot;","block_context":{"text":"Not\u00edcias de Ribeir\u00e3o Preto-SP e Regi\u00e3o","link":"https:\/\/noticiasribeiraopreto.com.br\/index.php\/category\/noticias-de-ribeirao-preto-sp-e-regiao-ismael-colosi\/"},"img":{"alt_text":"","src":"https:\/\/i0.wp.com\/noticiasribeiraopreto.com.br\/wp-content\/uploads\/2026\/02\/alexandre-de-moraes_2026-02-20_21-54-04.webp.webp?fit=1200%2C800&ssl=1&resize=350%2C200","width":350,"height":200,"srcset":"https:\/\/i0.wp.com\/noticiasribeiraopreto.com.br\/wp-content\/uploads\/2026\/02\/alexandre-de-moraes_2026-02-20_21-54-04.webp.webp?fit=1200%2C800&ssl=1&resize=350%2C200 1x, https:\/\/i0.wp.com\/noticiasribeiraopreto.com.br\/wp-content\/uploads\/2026\/02\/alexandre-de-moraes_2026-02-20_21-54-04.webp.webp?fit=1200%2C800&ssl=1&resize=525%2C300 1.5x, https:\/\/i0.wp.com\/noticiasribeiraopreto.com.br\/wp-content\/uploads\/2026\/02\/alexandre-de-moraes_2026-02-20_21-54-04.webp.webp?fit=1200%2C800&ssl=1&resize=700%2C400 2x, https:\/\/i0.wp.com\/noticiasribeiraopreto.com.br\/wp-content\/uploads\/2026\/02\/alexandre-de-moraes_2026-02-20_21-54-04.webp.webp?fit=1200%2C800&ssl=1&resize=1050%2C600 3x"},"classes":[]}],"jetpack_sharing_enabled":true,"jetpack_shortlink":"https:\/\/wp.me\/peQAOb-3dZ","_links":{"self":[{"href":"https:\/\/noticiasribeiraopreto.com.br\/index.php\/wp-json\/wp\/v2\/posts\/12399","targetHints":{"allow":["GET"]}}],"collection":[{"href":"https:\/\/noticiasribeiraopreto.com.br\/index.php\/wp-json\/wp\/v2\/posts"}],"about":[{"href":"https:\/\/noticiasribeiraopreto.com.br\/index.php\/wp-json\/wp\/v2\/types\/post"}],"author":[{"embeddable":true,"href":"https:\/\/noticiasribeiraopreto.com.br\/index.php\/wp-json\/wp\/v2\/users\/1"}],"replies":[{"embeddable":true,"href":"https:\/\/noticiasribeiraopreto.com.br\/index.php\/wp-json\/wp\/v2\/comments?post=12399"}],"version-history":[{"count":0,"href":"https:\/\/noticiasribeiraopreto.com.br\/index.php\/wp-json\/wp\/v2\/posts\/12399\/revisions"}],"wp:featuredmedia":[{"embeddable":true,"href":"https:\/\/noticiasribeiraopreto.com.br\/index.php\/wp-json\/wp\/v2\/media\/12400"}],"wp:attachment":[{"href":"https:\/\/noticiasribeiraopreto.com.br\/index.php\/wp-json\/wp\/v2\/media?parent=12399"}],"wp:term":[{"taxonomy":"category","embeddable":true,"href":"https:\/\/noticiasribeiraopreto.com.br\/index.php\/wp-json\/wp\/v2\/categories?post=12399"},{"taxonomy":"post_tag","embeddable":true,"href":"https:\/\/noticiasribeiraopreto.com.br\/index.php\/wp-json\/wp\/v2\/tags?post=12399"}],"curies":[{"name":"wp","href":"https:\/\/api.w.org\/{rel}","templated":true}]}}