{"id":12415,"date":"2023-12-07T23:33:48","date_gmt":"2023-12-08T02:33:48","guid":{"rendered":"https:\/\/noticiasribeiraopreto.com.br\/index.php\/2023\/12\/07\/instituicao-aparecido-savegnago-apresenta-residencial-beija-flor-nesta-sexta-8\/"},"modified":"2023-12-07T23:33:48","modified_gmt":"2023-12-08T02:33:48","slug":"instituicao-aparecido-savegnago-apresenta-residencial-beija-flor-nesta-sexta-8","status":"publish","type":"post","link":"https:\/\/noticiasribeiraopreto.com.br\/index.php\/2023\/12\/07\/instituicao-aparecido-savegnago-apresenta-residencial-beija-flor-nesta-sexta-8\/","title":{"rendered":"Institui\u00e7\u00e3o Aparecido Savegnago apresenta \u201cResidencial Beija-Flor\u201d nesta sexta (8)"},"content":{"rendered":"<div class='code-block code-block-1' style='margin: 8px 0 8px auto; text-align: right; display: block; clear: both;'>\n<p><a href=\"https:\/\/wa.link\/vpicfd\"><img data-recalc-dims=\"1\" class=\"wp-image-4922\" style=\"aspect-ratio: 2.0253164556962027; width: 561px; height: auto;\" src=\"https:\/\/i0.wp.com\/ismaelcolosi.com.br\/wp-content\/uploads\/2023\/11\/grupo-de-empregos-whatsapp-e-facebook-ismael-colosi-vagas.jpg?ssl=1\" alt=\"\" \/><\/a><\/p>\n<!-- \/wp:image -->\n<\/div>\n<p> <br \/>\n<\/p>\n<div id=\"\">\n<p> <span class=\"entry-meta-item penci-posted-on\"><i class=\"fa fa-clock-o\"\/><time class=\"entry-date published updated\" datetime=\"2023-12-07T15:26:22-03:00\">7 de dezembro de 2023 | 15:26<\/time><\/span><\/p>\n<p> <span class=\"penci-social-buttons penci-social-share-footer\"><a href=\"#\" class=\"penci-post-like penci_post-meta_item  single-like-button penci-social-item like\" data-post_id=\"366551\" title=\"Like\" data-like=\"Like\" data-unlike=\"Unlike\"><i class=\"fa fa-thumbs-o-up\"\/><span class=\"penci-share-number\">0<\/span><\/a><i class=\"fa fa-facebook\"\/><a class=\"penci-social-item twitter\" target=\"_blank\" rel=\"noopener\" title=\"\" href=\"https:\/\/twitter.com\/intent\/tweet?text=Institui\u00e7\u00e3o%20Aparecido%20Savegnago%20apresenta%20\u201cResidencial%20Beija-Flor\u201d%20nesta%20sexta%20(8)%20-%20https:\/\/www.tribunaribeirao.com.br\/site\/instituicao-aparecido-savegnago-apresenta-residencial-beija-flor-nesta-sexta-8\/\"><i class=\"fa fa-twitter\"\/><\/a><i class=\"fa fa-whatsapp\"\/><\/span><\/div>\n<div>\n<p>Um espet\u00e1culo para divertir, emocionar e marcar o p\u00fablico. A Institui\u00e7\u00e3o Aparecido Savegnago apresenta nesta sexta-feira, dia 8, \u00e0s 19h30, a mostra teatral \u201cResidencial Beija-Flor\u201d. Dirigida pela professora Thais Foresto e protagonizada por alunos e alunas da entidade, a encena\u00e7\u00e3o ser\u00e1 realizada no anfiteatro da IAS, em Sert\u00e3ozinho, de forma gratuita e aberta para toda a comunidade sertanezina.<\/p>\n<p>Focado nas express\u00f5es corporais dos int\u00e9rpretes e sem falas, a pe\u00e7a mostrar\u00e1 momentos preciosos do dia a dia dos personagens. \u201cOs alunos s\u00e3o cocriadores das cenas que eles v\u00e3o apresentar. A mostra teatral tem o nome \u2018Residencial Beija-Flor\u2019 como se o espectador pudesse observar pela fechadura de uma porta ou atrav\u00e9s de uma janela de apartamento, de uma casa, e ver essas cenas acontecerem. S\u00e3o como pequenas fatias da vida de quando n\u00f3s estamos sozinhos em casa. As cenas v\u00e3o mostrar as rela\u00e7\u00f5es e os sentimentos das pessoas\u201d, conta a professora Thais.<\/p>\n<p>Ela ainda detalha que, ao longo do ano, o curso trabalhou a express\u00e3o corporal dos alunos e das alunas do curso de Teatro. \u201cPor isso, optamos por n\u00e3o haver texto nas cenas, para que eles consigam extrair o m\u00e1ximo das possibilidades corporais e comunicar com o gestual o que escolheram para as cenas\u201d, conclui.<\/p>\n<p><strong>Servi\u00e7o<\/strong><\/p>\n<p>Mostra teatral \u201cResidencial Beija-Flor\u201d<\/p>\n<p>Quando: Sexta-feira, dia 8 de dezembro<\/p>\n<p>Hor\u00e1rio: 19h30<\/p>\n<p>Local: Anfiteatro da Institui\u00e7\u00e3o Aparecido Savegnago (Rua Jos\u00e9 Bonini, 536, Centro).<\/p>\n<p>Como assistir: O evento \u00e9 gratuito e \u00e9 recomendado chegar com pelo menos 15 minutos de anteced\u00eancia para garantir lugar.<\/p>\n<p>Sobre IAS<\/p>\n<p>A Institui\u00e7\u00e3o Aparecido Savegnago (IAS) possui uma hist\u00f3ria de dedica\u00e7\u00e3o \u00e0s crian\u00e7as e adolescentes da cidade de Sert\u00e3ozinho e do distrito de Cruz das Posses. O objetivo \u00e9 fazer o bem para a comunidade por meio da cultura, arte, educa\u00e7\u00e3o e cidadania.<\/p>\n<p>Desde o in\u00edcio do projeto, mais de 3 mil alunos j\u00e1 passaram pela institui\u00e7\u00e3o por meio dos cursos de violino, violoncelo, viola, contrabaixo, clarinete, flauta, saxofone, trompa, trombone, trompete, viol\u00e3o, percuss\u00e3o, bateria, canto coral, teatro, bal\u00e9, \u00e9tica e cidadania e artes pl\u00e1sticas, al\u00e9m de sa\u00fade da crian\u00e7a, que \u00e9 realizado por uma psic\u00f3loga.<\/p>\n<p>Em 2023, est\u00e1 em execu\u00e7\u00e3o o Projeto Beija-flor \u2013 ano 5, que foi aprovado no mecanismo de incentivo fiscal do Programa Nacional de Apoio \u00e0 Cultura, do Governo Federal, via Minist\u00e9rio da Cultura. Conta com patroc\u00ednio das seguintes empresas: ouro \u2013 Savegnago Supermercados, Grupo Toniello, Usina Alta Mogiana; prata \u2013 Unilever, Caldema, Caf\u00e9 Tr\u00eas Cora\u00e7\u00f5es, Eletrofrio e Siamar, bronze: Triex, DMB M\u00e1quinas e Caf\u00e9 Utam.<\/p>\n<\/div>\n<p><script async src=\"\/\/platform.twitter.com\/widgets.js\" charset=\"utf-8\"><\/script><br \/>\n<br \/><br \/>\n<br \/><a href=\"https:\/\/www.tribunaribeirao.com.br\/site\/instituicao-aparecido-savegnago-apresenta-residencial-beija-flor-nesta-sexta-8\/\">Source link <\/a><\/p>\n<!-- CONTENT END 1 -->\n","protected":false},"excerpt":{"rendered":"<p>7 de dezembro de 2023 | 15:26 0 Um espet\u00e1culo para divertir, emocionar e marcar o p\u00fablico. A Institui\u00e7\u00e3o Aparecido Savegnago apresenta nesta sexta-feira, dia&#8230;<\/p>\n","protected":false},"author":1,"featured_media":12416,"comment_status":"open","ping_status":"open","sticky":false,"template":"","format":"standard","meta":{"advanced_seo_description":"","jetpack_seo_html_title":"","jetpack_seo_noindex":false,"jetpack_post_was_ever_published":false,"_jetpack_newsletter_access":"","_jetpack_dont_email_post_to_subs":false,"_jetpack_newsletter_tier_id":0,"_jetpack_memberships_contains_paywalled_content":false,"_jetpack_memberships_contains_paid_content":false,"footnotes":"","jetpack_publicize_message":"","jetpack_publicize_feature_enabled":true,"jetpack_social_post_already_shared":true,"jetpack_social_options":{"image_generator_settings":{"template":"highway","default_image_id":0,"font":"","enabled":false},"version":2}},"categories":[11],"tags":[1743,56,1745,1742,207,1447,1744,513],"class_list":["post-12415","post","type-post","status-publish","format-standard","has-post-thumbnail","hentry","category-noticias-de-ribeirao-preto-sp-e-regiao-ismael-colosi","tag-aparecido","tag-apresenta","tag-beijaflor","tag-instituicao","tag-nesta","tag-residencial","tag-savegnago","tag-sexta"],"jetpack_publicize_connections":[],"jetpack_featured_media_url":"https:\/\/i0.wp.com\/noticiasribeiraopreto.com.br\/wp-content\/uploads\/2023\/12\/handler.jpg?fit=645%2C645&ssl=1","jetpack-related-posts":[{"id":75179,"url":"https:\/\/noticiasribeiraopreto.com.br\/index.php\/2025\/08\/05\/instituicao-aparecido-savegnago-abre-inscricoes-para-oficina-de-ballet-classico-em-sertaozinho\/","url_meta":{"origin":12415,"position":0},"title":"Institui\u00e7\u00e3o Aparecido Savegnago abre inscri\u00e7\u00f5es para oficina de Ballet Cl\u00e1ssico em Sert\u00e3ozinho","author":"noticiasribeiraopreto.com.br","date":"5 de August de 2025","format":false,"excerpt":"A Institui\u00e7\u00e3o Aparecido Savegnago promove nos dias 8 e 9 de agosto uma oficina de ballet cl\u00e1ssico, em Sert\u00e3ozinho, na regi\u00e3o de Ribeir\u00e3o Preto. As aulas acontecem \u00e0 tarde e da noite, no N\u00facleo de Dan\u00e7a. As inscri\u00e7\u00f5es s\u00e3o gratuitas \u2013 veja como participar abaixo. As oficinas ser\u00e3o ministradas pelo\u2026","rel":"","context":"In &quot;Not\u00edcias de Ribeir\u00e3o Preto-SP e Regi\u00e3o&quot;","block_context":{"text":"Not\u00edcias de Ribeir\u00e3o Preto-SP e Regi\u00e3o","link":"https:\/\/noticiasribeiraopreto.com.br\/index.php\/category\/noticias-de-ribeirao-preto-sp-e-regiao-ismael-colosi\/"},"img":{"alt_text":"","src":"https:\/\/i0.wp.com\/noticiasribeiraopreto.com.br\/wp-content\/uploads\/2025\/08\/ballet_2025-08-05_12-15-20.webp.webp?fit=1200%2C675&ssl=1&resize=350%2C200","width":350,"height":200,"srcset":"https:\/\/i0.wp.com\/noticiasribeiraopreto.com.br\/wp-content\/uploads\/2025\/08\/ballet_2025-08-05_12-15-20.webp.webp?fit=1200%2C675&ssl=1&resize=350%2C200 1x, https:\/\/i0.wp.com\/noticiasribeiraopreto.com.br\/wp-content\/uploads\/2025\/08\/ballet_2025-08-05_12-15-20.webp.webp?fit=1200%2C675&ssl=1&resize=525%2C300 1.5x, https:\/\/i0.wp.com\/noticiasribeiraopreto.com.br\/wp-content\/uploads\/2025\/08\/ballet_2025-08-05_12-15-20.webp.webp?fit=1200%2C675&ssl=1&resize=700%2C400 2x, https:\/\/i0.wp.com\/noticiasribeiraopreto.com.br\/wp-content\/uploads\/2025\/08\/ballet_2025-08-05_12-15-20.webp.webp?fit=1200%2C675&ssl=1&resize=1050%2C600 3x"},"classes":[]},{"id":73092,"url":"https:\/\/noticiasribeiraopreto.com.br\/index.php\/2025\/06\/25\/cidade-na-regiao-de-ribeirao-preto-recebe-apresentacoes-gratuitas-de-coral-e-teatro\/","url_meta":{"origin":12415,"position":1},"title":"Cidade na regi\u00e3o de Ribeir\u00e3o Preto recebe apresenta\u00e7\u00f5es gratuitas de coral e teatro","author":"noticiasribeiraopreto.com.br","date":"25 de June de 2025","format":false,"excerpt":"Crian\u00e7as e adolescentes do projeto sociocultural da\u00a0Institui\u00e7\u00e3o Aparecido Savegnago,\u00a0apresentam em Sert\u00e3ozinho, cidade na regi\u00e3o de\u00a0Ribeir\u00e3o Preto, dois eventos pedag\u00f3gicos e gratuitos, nos dias 26 e 30 de junho. As atividades incluem apresenta\u00e7\u00e3o de coral e teatro. As duas apresenta\u00e7\u00f5es acontecem a partir das 19h30, no Audit\u00f3rio Isaura Bolsoni Savegnago, dentro\u2026","rel":"","context":"In &quot;Not\u00edcias de Ribeir\u00e3o Preto-SP e Regi\u00e3o&quot;","block_context":{"text":"Not\u00edcias de Ribeir\u00e3o Preto-SP e Regi\u00e3o","link":"https:\/\/noticiasribeiraopreto.com.br\/index.php\/category\/noticias-de-ribeirao-preto-sp-e-regiao-ismael-colosi\/"},"img":{"alt_text":"","src":"https:\/\/i0.wp.com\/noticiasribeiraopreto.com.br\/wp-content\/uploads\/2025\/06\/teatro-ias_2025-06-25_13-50-38.webp.webp?fit=1200%2C675&ssl=1&resize=350%2C200","width":350,"height":200,"srcset":"https:\/\/i0.wp.com\/noticiasribeiraopreto.com.br\/wp-content\/uploads\/2025\/06\/teatro-ias_2025-06-25_13-50-38.webp.webp?fit=1200%2C675&ssl=1&resize=350%2C200 1x, https:\/\/i0.wp.com\/noticiasribeiraopreto.com.br\/wp-content\/uploads\/2025\/06\/teatro-ias_2025-06-25_13-50-38.webp.webp?fit=1200%2C675&ssl=1&resize=525%2C300 1.5x, https:\/\/i0.wp.com\/noticiasribeiraopreto.com.br\/wp-content\/uploads\/2025\/06\/teatro-ias_2025-06-25_13-50-38.webp.webp?fit=1200%2C675&ssl=1&resize=700%2C400 2x, https:\/\/i0.wp.com\/noticiasribeiraopreto.com.br\/wp-content\/uploads\/2025\/06\/teatro-ias_2025-06-25_13-50-38.webp.webp?fit=1200%2C675&ssl=1&resize=1050%2C600 3x"},"classes":[]},{"id":16455,"url":"https:\/\/noticiasribeiraopreto.com.br\/index.php\/2023\/12\/15\/367458-2\/","url_meta":{"origin":12415,"position":2},"title":"Quarteto Paineiras toca em Sert\u00e3ozinho","author":"noticiasribeiraopreto.com.br","date":"15 de December de 2023","format":false,"excerpt":"Depois de quatro anos de apresenta\u00e7\u00f5es, o Circuito Art\u00edstico e Cultural da Institui\u00e7\u00e3o Aparecido Savegnago recebe, nesta sexta-feira, 15 de dezembro, o \u00faltimo espet\u00e1culo musical da temporada. A apresenta\u00e7\u00e3o gratuita ser\u00e1 do Quarteto Paineiras, \u00e0s 19 horas, no Audit\u00f3rio Isaura Bolsoni Savegnago, sede da entidade, \u00e0 rua Jos\u00e9 Bonini n\u00ba\u2026","rel":"","context":"In &quot;Not\u00edcias de Ribeir\u00e3o Preto-SP e Regi\u00e3o&quot;","block_context":{"text":"Not\u00edcias de Ribeir\u00e3o Preto-SP e Regi\u00e3o","link":"https:\/\/noticiasribeiraopreto.com.br\/index.php\/category\/noticias-de-ribeirao-preto-sp-e-regiao-ismael-colosi\/"},"img":{"alt_text":"","src":"https:\/\/i0.wp.com\/noticiasribeiraopreto.com.br\/wp-content\/uploads\/2023\/12\/Paineiras-Divulgacao.jpg?fit=800%2C533&ssl=1&resize=350%2C200","width":350,"height":200,"srcset":"https:\/\/i0.wp.com\/noticiasribeiraopreto.com.br\/wp-content\/uploads\/2023\/12\/Paineiras-Divulgacao.jpg?fit=800%2C533&ssl=1&resize=350%2C200 1x, https:\/\/i0.wp.com\/noticiasribeiraopreto.com.br\/wp-content\/uploads\/2023\/12\/Paineiras-Divulgacao.jpg?fit=800%2C533&ssl=1&resize=525%2C300 1.5x, https:\/\/i0.wp.com\/noticiasribeiraopreto.com.br\/wp-content\/uploads\/2023\/12\/Paineiras-Divulgacao.jpg?fit=800%2C533&ssl=1&resize=700%2C400 2x"},"classes":[]},{"id":80147,"url":"https:\/\/noticiasribeiraopreto.com.br\/index.php\/2025\/11\/16\/teatro-na-regiao-de-ribeirao-preto-recebe-adaptacao-de-encanto-com-entrada-gratuita\/","url_meta":{"origin":12415,"position":3},"title":"Teatro na regi\u00e3o de Ribeir\u00e3o Preto recebe adapta\u00e7\u00e3o de &#8216;Encanto&#8217; com entrada gratuita","author":"noticiasribeiraopreto.com.br","date":"16 de November de 2025","format":false,"excerpt":"O Teatro Municipal Profa. Olympia Faria Adami, em Sert\u00e3ozinho, na regi\u00e3o de Ribeir\u00e3o Preto, recebe no dia 18 de novembro a adapta\u00e7\u00e3o teatral de \u2018Encanto\u2018, produ\u00e7\u00e3o realizada pela Institui\u00e7\u00e3o Aparecido Savegnago. A montagem apresenta a hist\u00f3ria da fam\u00edlia Madrigal, que vive em uma casa m\u00e1gica nas montanhas da Col\u00f4mbia. O\u2026","rel":"","context":"In &quot;Not\u00edcias de Ribeir\u00e3o Preto-SP e Regi\u00e3o&quot;","block_context":{"text":"Not\u00edcias de Ribeir\u00e3o Preto-SP e Regi\u00e3o","link":"https:\/\/noticiasribeiraopreto.com.br\/index.php\/category\/noticias-de-ribeirao-preto-sp-e-regiao-ismael-colosi\/"},"img":{"alt_text":"","src":"https:\/\/i0.wp.com\/noticiasribeiraopreto.com.br\/wp-content\/uploads\/2025\/11\/%F0%9F%AB%B5%F0%9F%8F%BBComunicado-a-PopulacaoA-Prefeitura-Municipal-de-Sertaozinho-informa-que-o-novo-numero-para-c_2025-11-16_14-34-55.webp.webp?fit=1080%2C720&ssl=1&resize=350%2C200","width":350,"height":200,"srcset":"https:\/\/i0.wp.com\/noticiasribeiraopreto.com.br\/wp-content\/uploads\/2025\/11\/%F0%9F%AB%B5%F0%9F%8F%BBComunicado-a-PopulacaoA-Prefeitura-Municipal-de-Sertaozinho-informa-que-o-novo-numero-para-c_2025-11-16_14-34-55.webp.webp?fit=1080%2C720&ssl=1&resize=350%2C200 1x, https:\/\/i0.wp.com\/noticiasribeiraopreto.com.br\/wp-content\/uploads\/2025\/11\/%F0%9F%AB%B5%F0%9F%8F%BBComunicado-a-PopulacaoA-Prefeitura-Municipal-de-Sertaozinho-informa-que-o-novo-numero-para-c_2025-11-16_14-34-55.webp.webp?fit=1080%2C720&ssl=1&resize=525%2C300 1.5x, https:\/\/i0.wp.com\/noticiasribeiraopreto.com.br\/wp-content\/uploads\/2025\/11\/%F0%9F%AB%B5%F0%9F%8F%BBComunicado-a-PopulacaoA-Prefeitura-Municipal-de-Sertaozinho-informa-que-o-novo-numero-para-c_2025-11-16_14-34-55.webp.webp?fit=1080%2C720&ssl=1&resize=700%2C400 2x, https:\/\/i0.wp.com\/noticiasribeiraopreto.com.br\/wp-content\/uploads\/2025\/11\/%F0%9F%AB%B5%F0%9F%8F%BBComunicado-a-PopulacaoA-Prefeitura-Municipal-de-Sertaozinho-informa-que-o-novo-numero-para-c_2025-11-16_14-34-55.webp.webp?fit=1080%2C720&ssl=1&resize=1050%2C600 3x"},"classes":[]},{"id":80160,"url":"https:\/\/noticiasribeiraopreto.com.br\/index.php\/2025\/11\/16\/teatro-na-regiao-de-ribeirao-preto-recebe-adaptacao-de-encanto-com-entrada-gratuita-3\/","url_meta":{"origin":12415,"position":4},"title":"Teatro na regi\u00e3o de Ribeir\u00e3o Preto recebe adapta\u00e7\u00e3o de &#8216;Encanto&#8217; com entrada gratuita","author":"noticiasribeiraopreto.com.br","date":"16 de November de 2025","format":false,"excerpt":"O Teatro Municipal Profa. Olympia Faria Adami, em Sert\u00e3ozinho, na regi\u00e3o de Ribeir\u00e3o Preto, recebe no dia 18 de novembro a adapta\u00e7\u00e3o teatral de \u2018Encanto\u2018, produ\u00e7\u00e3o realizada pela Institui\u00e7\u00e3o Aparecido Savegnago. A montagem apresenta a hist\u00f3ria da fam\u00edlia Madrigal, que vive em uma casa m\u00e1gica nas montanhas da Col\u00f4mbia. O\u2026","rel":"","context":"In &quot;Not\u00edcias de Ribeir\u00e3o Preto-SP e Regi\u00e3o&quot;","block_context":{"text":"Not\u00edcias de Ribeir\u00e3o Preto-SP e Regi\u00e3o","link":"https:\/\/noticiasribeiraopreto.com.br\/index.php\/category\/noticias-de-ribeirao-preto-sp-e-regiao-ismael-colosi\/"},"img":{"alt_text":"","src":"https:\/\/i0.wp.com\/noticiasribeiraopreto.com.br\/wp-content\/uploads\/2025\/11\/palace-32_2025-11-16_19-02-11.webp.webp?fit=1200%2C675&ssl=1&resize=350%2C200","width":350,"height":200,"srcset":"https:\/\/i0.wp.com\/noticiasribeiraopreto.com.br\/wp-content\/uploads\/2025\/11\/palace-32_2025-11-16_19-02-11.webp.webp?fit=1200%2C675&ssl=1&resize=350%2C200 1x, https:\/\/i0.wp.com\/noticiasribeiraopreto.com.br\/wp-content\/uploads\/2025\/11\/palace-32_2025-11-16_19-02-11.webp.webp?fit=1200%2C675&ssl=1&resize=525%2C300 1.5x, https:\/\/i0.wp.com\/noticiasribeiraopreto.com.br\/wp-content\/uploads\/2025\/11\/palace-32_2025-11-16_19-02-11.webp.webp?fit=1200%2C675&ssl=1&resize=700%2C400 2x, https:\/\/i0.wp.com\/noticiasribeiraopreto.com.br\/wp-content\/uploads\/2025\/11\/palace-32_2025-11-16_19-02-11.webp.webp?fit=1200%2C675&ssl=1&resize=1050%2C600 3x"},"classes":[]},{"id":80158,"url":"https:\/\/noticiasribeiraopreto.com.br\/index.php\/2025\/11\/16\/teatro-na-regiao-de-ribeirao-preto-recebe-adaptacao-de-encanto-com-entrada-gratuita-2\/","url_meta":{"origin":12415,"position":5},"title":"Teatro na regi\u00e3o de Ribeir\u00e3o Preto recebe adapta\u00e7\u00e3o de &#8216;Encanto&#8217; com entrada gratuita","author":"noticiasribeiraopreto.com.br","date":"16 de November de 2025","format":false,"excerpt":"O Teatro Municipal Profa. Olympia Faria Adami, em Sert\u00e3ozinho, na regi\u00e3o de Ribeir\u00e3o Preto, recebe no dia 18 de novembro a adapta\u00e7\u00e3o teatral de \u2018Encanto\u2018, produ\u00e7\u00e3o realizada pela Institui\u00e7\u00e3o Aparecido Savegnago. A montagem apresenta a hist\u00f3ria da fam\u00edlia Madrigal, que vive em uma casa m\u00e1gica nas montanhas da Col\u00f4mbia. O\u2026","rel":"","context":"In &quot;Not\u00edcias de Ribeir\u00e3o Preto-SP e Regi\u00e3o&quot;","block_context":{"text":"Not\u00edcias de Ribeir\u00e3o Preto-SP e Regi\u00e3o","link":"https:\/\/noticiasribeiraopreto.com.br\/index.php\/category\/noticias-de-ribeirao-preto-sp-e-regiao-ismael-colosi\/"},"img":{"alt_text":"","src":"https:\/\/i0.wp.com\/noticiasribeiraopreto.com.br\/wp-content\/uploads\/2025\/11\/%F0%9F%AB%B5%F0%9F%8F%BBComunicado-a-PopulacaoA-Prefeitura-Municipal-de-Sertaozinho-informa-que-o-novo-numero-para-c_2025-11-16_14-34-55.webp.webp?fit=1080%2C720&ssl=1&resize=350%2C200","width":350,"height":200,"srcset":"https:\/\/i0.wp.com\/noticiasribeiraopreto.com.br\/wp-content\/uploads\/2025\/11\/%F0%9F%AB%B5%F0%9F%8F%BBComunicado-a-PopulacaoA-Prefeitura-Municipal-de-Sertaozinho-informa-que-o-novo-numero-para-c_2025-11-16_14-34-55.webp.webp?fit=1080%2C720&ssl=1&resize=350%2C200 1x, https:\/\/i0.wp.com\/noticiasribeiraopreto.com.br\/wp-content\/uploads\/2025\/11\/%F0%9F%AB%B5%F0%9F%8F%BBComunicado-a-PopulacaoA-Prefeitura-Municipal-de-Sertaozinho-informa-que-o-novo-numero-para-c_2025-11-16_14-34-55.webp.webp?fit=1080%2C720&ssl=1&resize=525%2C300 1.5x, https:\/\/i0.wp.com\/noticiasribeiraopreto.com.br\/wp-content\/uploads\/2025\/11\/%F0%9F%AB%B5%F0%9F%8F%BBComunicado-a-PopulacaoA-Prefeitura-Municipal-de-Sertaozinho-informa-que-o-novo-numero-para-c_2025-11-16_14-34-55.webp.webp?fit=1080%2C720&ssl=1&resize=700%2C400 2x, https:\/\/i0.wp.com\/noticiasribeiraopreto.com.br\/wp-content\/uploads\/2025\/11\/%F0%9F%AB%B5%F0%9F%8F%BBComunicado-a-PopulacaoA-Prefeitura-Municipal-de-Sertaozinho-informa-que-o-novo-numero-para-c_2025-11-16_14-34-55.webp.webp?fit=1080%2C720&ssl=1&resize=1050%2C600 3x"},"classes":[]}],"jetpack_sharing_enabled":true,"jetpack_shortlink":"https:\/\/wp.me\/peQAOb-3ef","_links":{"self":[{"href":"https:\/\/noticiasribeiraopreto.com.br\/index.php\/wp-json\/wp\/v2\/posts\/12415","targetHints":{"allow":["GET"]}}],"collection":[{"href":"https:\/\/noticiasribeiraopreto.com.br\/index.php\/wp-json\/wp\/v2\/posts"}],"about":[{"href":"https:\/\/noticiasribeiraopreto.com.br\/index.php\/wp-json\/wp\/v2\/types\/post"}],"author":[{"embeddable":true,"href":"https:\/\/noticiasribeiraopreto.com.br\/index.php\/wp-json\/wp\/v2\/users\/1"}],"replies":[{"embeddable":true,"href":"https:\/\/noticiasribeiraopreto.com.br\/index.php\/wp-json\/wp\/v2\/comments?post=12415"}],"version-history":[{"count":0,"href":"https:\/\/noticiasribeiraopreto.com.br\/index.php\/wp-json\/wp\/v2\/posts\/12415\/revisions"}],"wp:featuredmedia":[{"embeddable":true,"href":"https:\/\/noticiasribeiraopreto.com.br\/index.php\/wp-json\/wp\/v2\/media\/12416"}],"wp:attachment":[{"href":"https:\/\/noticiasribeiraopreto.com.br\/index.php\/wp-json\/wp\/v2\/media?parent=12415"}],"wp:term":[{"taxonomy":"category","embeddable":true,"href":"https:\/\/noticiasribeiraopreto.com.br\/index.php\/wp-json\/wp\/v2\/categories?post=12415"},{"taxonomy":"post_tag","embeddable":true,"href":"https:\/\/noticiasribeiraopreto.com.br\/index.php\/wp-json\/wp\/v2\/tags?post=12415"}],"curies":[{"name":"wp","href":"https:\/\/api.w.org\/{rel}","templated":true}]}}