{"id":12431,"date":"2023-12-08T00:17:30","date_gmt":"2023-12-08T03:17:30","guid":{"rendered":"https:\/\/noticiasribeiraopreto.com.br\/index.php\/2023\/12\/08\/supermercado-pierim-ltda-edital-de-convocacao-para-reuniao-presencial-de-socios-4\/"},"modified":"2023-12-08T00:17:30","modified_gmt":"2023-12-08T03:17:30","slug":"supermercado-pierim-ltda-edital-de-convocacao-para-reuniao-presencial-de-socios-4","status":"publish","type":"post","link":"https:\/\/noticiasribeiraopreto.com.br\/index.php\/2023\/12\/08\/supermercado-pierim-ltda-edital-de-convocacao-para-reuniao-presencial-de-socios-4\/","title":{"rendered":"Supermercado Pierim Ltda \u2013 Edital de Convoca\u00e7\u00e3o para Reuni\u00e3o Presencial de S\u00f3cios"},"content":{"rendered":"<div class='code-block code-block-1' style='margin: 8px 0 8px auto; text-align: right; display: block; clear: both;'>\n<p><a href=\"https:\/\/wa.link\/vpicfd\"><img data-recalc-dims=\"1\" class=\"wp-image-4922\" style=\"aspect-ratio: 2.0253164556962027; width: 561px; height: auto;\" src=\"https:\/\/i0.wp.com\/ismaelcolosi.com.br\/wp-content\/uploads\/2023\/11\/grupo-de-empregos-whatsapp-e-facebook-ismael-colosi-vagas.jpg?ssl=1\" alt=\"\" \/><\/a><\/p>\n<!-- \/wp:image -->\n<\/div>\n<p> <br \/>\n<\/p>\n<p><\/p>\n<p>O post Supermercado Pierim Ltda &#8211; Edital de Convoca\u00e7\u00e3o para Reuni\u00e3o Presencial de S\u00f3cios apareceu primeiro em Jornal Tribuna Ribeir\u00e3o.<\/p>\n<p><br \/>\n<br \/><a href=\"https:\/\/www.tribunaribeirao.com.br\/site\/supermercado-pierim-ltda-edital-de-convocacao-para-reuniao-presencial-de-socios-4\/\">Source link <\/a><\/p>\n<!-- CONTENT END 1 -->\n","protected":false},"excerpt":{"rendered":"<p>O post Supermercado Pierim Ltda &#8211; Edital de Convoca\u00e7\u00e3o para Reuni\u00e3o Presencial de S\u00f3cios apareceu primeiro em Jornal Tribuna Ribeir\u00e3o. Source link<\/p>\n","protected":false},"author":1,"featured_media":12432,"comment_status":"open","ping_status":"open","sticky":false,"template":"","format":"standard","meta":{"advanced_seo_description":"","jetpack_seo_html_title":"","jetpack_seo_noindex":false,"jetpack_post_was_ever_published":false,"_jetpack_newsletter_access":"","_jetpack_dont_email_post_to_subs":false,"_jetpack_newsletter_tier_id":0,"_jetpack_memberships_contains_paywalled_content":false,"_jetpack_memberships_contains_paid_content":false,"footnotes":"","jetpack_publicize_message":"","jetpack_publicize_feature_enabled":true,"jetpack_social_post_already_shared":true,"jetpack_social_options":{"image_generator_settings":{"template":"highway","default_image_id":0,"font":"","enabled":false},"version":2}},"categories":[11],"tags":[949,948,1747,71,1746,1748,1480,1749,495],"class_list":["post-12431","post","type-post","status-publish","format-standard","has-post-thumbnail","hentry","category-noticias-de-ribeirao-preto-sp-e-regiao-ismael-colosi","tag-convocacao","tag-edital","tag-ltda","tag-para","tag-pierim","tag-presencial","tag-reuniao","tag-socios","tag-supermercado"],"jetpack_publicize_connections":[],"jetpack_featured_media_url":"https:\/\/i0.wp.com\/noticiasribeiraopreto.com.br\/wp-content\/uploads\/2023\/12\/1702005454_publicidade-legal.png?fit=700%2C450&ssl=1","jetpack-related-posts":[{"id":14366,"url":"https:\/\/noticiasribeiraopreto.com.br\/index.php\/2023\/12\/12\/supermercado-pierim-ltda-edital-de-convocacao-para-reuniao-presencial-de-socios-6\/","url_meta":{"origin":12431,"position":0},"title":"Supermercado Pierim Ltda. \u2013 Edital de Convoca\u00e7\u00e3o para Reuni\u00e3o Presencial de S\u00f3cios","author":"noticiasribeiraopreto.com.br","date":"12 de December de 2023","format":false,"excerpt":"O post Supermercado Pierim Ltda. \u2013 Edital de Convoca\u00e7\u00e3o para Reuni\u00e3o Presencial de S\u00f3cios apareceu primeiro em Jornal Tribuna Ribeir\u00e3o. Source link","rel":"","context":"In &quot;Not\u00edcias de Ribeir\u00e3o Preto-SP e Regi\u00e3o&quot;","block_context":{"text":"Not\u00edcias de Ribeir\u00e3o Preto-SP e Regi\u00e3o","link":"https:\/\/noticiasribeiraopreto.com.br\/index.php\/category\/noticias-de-ribeirao-preto-sp-e-regiao-ismael-colosi\/"},"img":{"alt_text":"","src":"https:\/\/i0.wp.com\/noticiasribeiraopreto.com.br\/wp-content\/uploads\/2023\/12\/1702351009_publicidade-legal.png?fit=700%2C450&ssl=1&resize=350%2C200","width":350,"height":200,"srcset":"https:\/\/i0.wp.com\/noticiasribeiraopreto.com.br\/wp-content\/uploads\/2023\/12\/1702351009_publicidade-legal.png?fit=700%2C450&ssl=1&resize=350%2C200 1x, https:\/\/i0.wp.com\/noticiasribeiraopreto.com.br\/wp-content\/uploads\/2023\/12\/1702351009_publicidade-legal.png?fit=700%2C450&ssl=1&resize=525%2C300 1.5x, https:\/\/i0.wp.com\/noticiasribeiraopreto.com.br\/wp-content\/uploads\/2023\/12\/1702351009_publicidade-legal.png?fit=700%2C450&ssl=1&resize=700%2C400 2x"},"classes":[]},{"id":13044,"url":"https:\/\/noticiasribeiraopreto.com.br\/index.php\/2023\/12\/09\/supermercado-pierim-ltda-edital-de-convocacao-para-reuniao-presencial-de-socios-5\/","url_meta":{"origin":12431,"position":1},"title":"Supermercado Pierim Ltda. \u2013 Edital de Convoca\u00e7\u00e3o para Reuni\u00e3o Presencial de S\u00f3cios","author":"noticiasribeiraopreto.com.br","date":"9 de December de 2023","format":false,"excerpt":"O post Supermercado Pierim Ltda. \u2013 Edital de Convoca\u00e7\u00e3o para Reuni\u00e3o Presencial de S\u00f3cios apareceu primeiro em Jornal Tribuna Ribeir\u00e3o. Source link","rel":"","context":"In &quot;Not\u00edcias de Ribeir\u00e3o Preto-SP e Regi\u00e3o&quot;","block_context":{"text":"Not\u00edcias de Ribeir\u00e3o Preto-SP e Regi\u00e3o","link":"https:\/\/noticiasribeiraopreto.com.br\/index.php\/category\/noticias-de-ribeirao-preto-sp-e-regiao-ismael-colosi\/"},"img":{"alt_text":"","src":"https:\/\/i0.wp.com\/noticiasribeiraopreto.com.br\/wp-content\/uploads\/2023\/12\/1702094380_publicidade-legal.png?fit=700%2C450&ssl=1&resize=350%2C200","width":350,"height":200,"srcset":"https:\/\/i0.wp.com\/noticiasribeiraopreto.com.br\/wp-content\/uploads\/2023\/12\/1702094380_publicidade-legal.png?fit=700%2C450&ssl=1&resize=350%2C200 1x, https:\/\/i0.wp.com\/noticiasribeiraopreto.com.br\/wp-content\/uploads\/2023\/12\/1702094380_publicidade-legal.png?fit=700%2C450&ssl=1&resize=525%2C300 1.5x, https:\/\/i0.wp.com\/noticiasribeiraopreto.com.br\/wp-content\/uploads\/2023\/12\/1702094380_publicidade-legal.png?fit=700%2C450&ssl=1&resize=700%2C400 2x"},"classes":[]},{"id":7338,"url":"https:\/\/noticiasribeiraopreto.com.br\/index.php\/2023\/11\/28\/calcados-sandalo-s-a-edital-de-convocacao-para-assembleia-geral-extraordinaria\/","url_meta":{"origin":12431,"position":2},"title":"Cal\u00e7ados S\u00e2ndalo S.A. \u2013 Edital de Convoca\u00e7\u00e3o para Assembl\u00e9ia Geral Extraordin\u00e1ria","author":"noticiasribeiraopreto.com.br","date":"28 de November de 2023","format":false,"excerpt":"O post Cal\u00e7ados S\u00e2ndalo S.A. \u2013 Edital de Convoca\u00e7\u00e3o para Assembl\u00e9ia Geral Extraordin\u00e1ria apareceu primeiro em Jornal Tribuna Ribeir\u00e3o. Source link","rel":"","context":"In &quot;Not\u00edcias de Ribeir\u00e3o Preto-SP e Regi\u00e3o&quot;","block_context":{"text":"Not\u00edcias de Ribeir\u00e3o Preto-SP e Regi\u00e3o","link":"https:\/\/noticiasribeiraopreto.com.br\/index.php\/category\/noticias-de-ribeirao-preto-sp-e-regiao-ismael-colosi\/"},"img":{"alt_text":"","src":"https:\/\/i0.wp.com\/noticiasribeiraopreto.com.br\/wp-content\/uploads\/2023\/11\/publicidade-legal.png?fit=700%2C450&ssl=1&resize=350%2C200","width":350,"height":200,"srcset":"https:\/\/i0.wp.com\/noticiasribeiraopreto.com.br\/wp-content\/uploads\/2023\/11\/publicidade-legal.png?fit=700%2C450&ssl=1&resize=350%2C200 1x, https:\/\/i0.wp.com\/noticiasribeiraopreto.com.br\/wp-content\/uploads\/2023\/11\/publicidade-legal.png?fit=700%2C450&ssl=1&resize=525%2C300 1.5x, https:\/\/i0.wp.com\/noticiasribeiraopreto.com.br\/wp-content\/uploads\/2023\/11\/publicidade-legal.png?fit=700%2C450&ssl=1&resize=700%2C400 2x"},"classes":[]},{"id":8356,"url":"https:\/\/noticiasribeiraopreto.com.br\/index.php\/2023\/11\/30\/calcados-sandalo-s-a-edital-de-convocacao-para-assembleia-geral-extraordinaria-3\/","url_meta":{"origin":12431,"position":3},"title":"Cal\u00e7ados S\u00e2ndalo S.A Edital de Convoca\u00e7\u00e3o para Assembl\u00e9ia Geral Extraordin\u00e1ria","author":"noticiasribeiraopreto.com.br","date":"30 de November de 2023","format":false,"excerpt":"O post Cal\u00e7ados S\u00e2ndalo S.A Edital de Convoca\u00e7\u00e3o para Assembl\u00e9ia Geral Extraordin\u00e1ria apareceu primeiro em Jornal Tribuna Ribeir\u00e3o. Source link","rel":"","context":"In &quot;Not\u00edcias de Ribeir\u00e3o Preto-SP e Regi\u00e3o&quot;","block_context":{"text":"Not\u00edcias de Ribeir\u00e3o Preto-SP e Regi\u00e3o","link":"https:\/\/noticiasribeiraopreto.com.br\/index.php\/category\/noticias-de-ribeirao-preto-sp-e-regiao-ismael-colosi\/"},"img":{"alt_text":"","src":"https:\/\/i0.wp.com\/noticiasribeiraopreto.com.br\/wp-content\/uploads\/2023\/11\/1701315524_publicidade-legal.png?fit=700%2C450&ssl=1&resize=350%2C200","width":350,"height":200,"srcset":"https:\/\/i0.wp.com\/noticiasribeiraopreto.com.br\/wp-content\/uploads\/2023\/11\/1701315524_publicidade-legal.png?fit=700%2C450&ssl=1&resize=350%2C200 1x, https:\/\/i0.wp.com\/noticiasribeiraopreto.com.br\/wp-content\/uploads\/2023\/11\/1701315524_publicidade-legal.png?fit=700%2C450&ssl=1&resize=525%2C300 1.5x, https:\/\/i0.wp.com\/noticiasribeiraopreto.com.br\/wp-content\/uploads\/2023\/11\/1701315524_publicidade-legal.png?fit=700%2C450&ssl=1&resize=700%2C400 2x"},"classes":[]},{"id":7889,"url":"https:\/\/noticiasribeiraopreto.com.br\/index.php\/2023\/11\/29\/calcados-sandalo-s-a-edital-de-convocacao-para-assembleia-geral-extraordinaria-2\/","url_meta":{"origin":12431,"position":4},"title":"Cal\u00e7ados S\u00e2ndalo S.A edital de Convoca\u00e7\u00e3o para Assembleia Geral Extraordin\u00e1ria","author":"noticiasribeiraopreto.com.br","date":"29 de November de 2023","format":false,"excerpt":"O post Cal\u00e7ados S\u00e2ndalo S.A edital de Convoca\u00e7\u00e3o para Assembleia Geral Extraordin\u00e1ria apareceu primeiro em Jornal Tribuna Ribeir\u00e3o. Source link","rel":"","context":"In &quot;Not\u00edcias de Ribeir\u00e3o Preto-SP e Regi\u00e3o&quot;","block_context":{"text":"Not\u00edcias de Ribeir\u00e3o Preto-SP e Regi\u00e3o","link":"https:\/\/noticiasribeiraopreto.com.br\/index.php\/category\/noticias-de-ribeirao-preto-sp-e-regiao-ismael-colosi\/"},"img":{"alt_text":"","src":"https:\/\/i0.wp.com\/noticiasribeiraopreto.com.br\/wp-content\/uploads\/2023\/11\/1701230808_publicidade-legal.png?fit=700%2C450&ssl=1&resize=350%2C200","width":350,"height":200,"srcset":"https:\/\/i0.wp.com\/noticiasribeiraopreto.com.br\/wp-content\/uploads\/2023\/11\/1701230808_publicidade-legal.png?fit=700%2C450&ssl=1&resize=350%2C200 1x, https:\/\/i0.wp.com\/noticiasribeiraopreto.com.br\/wp-content\/uploads\/2023\/11\/1701230808_publicidade-legal.png?fit=700%2C450&ssl=1&resize=525%2C300 1.5x, https:\/\/i0.wp.com\/noticiasribeiraopreto.com.br\/wp-content\/uploads\/2023\/11\/1701230808_publicidade-legal.png?fit=700%2C450&ssl=1&resize=700%2C400 2x"},"classes":[]},{"id":42104,"url":"https:\/\/noticiasribeiraopreto.com.br\/index.php\/2024\/03\/12\/o-que-e-uma-empresa-ltda\/","url_meta":{"origin":12431,"position":5},"title":"O que \u00e9 uma empresa LTDA?","author":"noticiasribeiraopreto.com.br","date":"12 de March de 2024","format":false,"excerpt":"A Sociedade LTDA \u00e9 um dos tipos de empresas de natureza jur\u00eddica. A sigla significa \u201climitada\u201d. Mas o que seria uma Sociedade Limitada? Primeiramente, o termo \u201cnatureza jur\u00eddica\u201d trata-se do tipo de regime jur\u00eddico que exige que os s\u00f3cios cumpram as obriga\u00e7\u00f5es propostas por cada modelo de empresa.\u00a0 Existem alguns\u2026","rel":"","context":"In &quot;Empreendedorismo&quot;","block_context":{"text":"Empreendedorismo","link":"https:\/\/noticiasribeiraopreto.com.br\/index.php\/category\/empreendedorismo-negocios-ismael-colosi-negocios\/"},"img":{"alt_text":"","src":"https:\/\/i0.wp.com\/noticiasribeiraopreto.com.br\/wp-content\/uploads\/2024\/03\/LTDA-1024x286.jpg?fit=1024%2C286&ssl=1&resize=350%2C200","width":350,"height":200,"srcset":"https:\/\/i0.wp.com\/noticiasribeiraopreto.com.br\/wp-content\/uploads\/2024\/03\/LTDA-1024x286.jpg?fit=1024%2C286&ssl=1&resize=350%2C200 1x, https:\/\/i0.wp.com\/noticiasribeiraopreto.com.br\/wp-content\/uploads\/2024\/03\/LTDA-1024x286.jpg?fit=1024%2C286&ssl=1&resize=525%2C300 1.5x, https:\/\/i0.wp.com\/noticiasribeiraopreto.com.br\/wp-content\/uploads\/2024\/03\/LTDA-1024x286.jpg?fit=1024%2C286&ssl=1&resize=700%2C400 2x"},"classes":[]}],"jetpack_sharing_enabled":true,"jetpack_shortlink":"https:\/\/wp.me\/peQAOb-3ev","_links":{"self":[{"href":"https:\/\/noticiasribeiraopreto.com.br\/index.php\/wp-json\/wp\/v2\/posts\/12431","targetHints":{"allow":["GET"]}}],"collection":[{"href":"https:\/\/noticiasribeiraopreto.com.br\/index.php\/wp-json\/wp\/v2\/posts"}],"about":[{"href":"https:\/\/noticiasribeiraopreto.com.br\/index.php\/wp-json\/wp\/v2\/types\/post"}],"author":[{"embeddable":true,"href":"https:\/\/noticiasribeiraopreto.com.br\/index.php\/wp-json\/wp\/v2\/users\/1"}],"replies":[{"embeddable":true,"href":"https:\/\/noticiasribeiraopreto.com.br\/index.php\/wp-json\/wp\/v2\/comments?post=12431"}],"version-history":[{"count":0,"href":"https:\/\/noticiasribeiraopreto.com.br\/index.php\/wp-json\/wp\/v2\/posts\/12431\/revisions"}],"wp:featuredmedia":[{"embeddable":true,"href":"https:\/\/noticiasribeiraopreto.com.br\/index.php\/wp-json\/wp\/v2\/media\/12432"}],"wp:attachment":[{"href":"https:\/\/noticiasribeiraopreto.com.br\/index.php\/wp-json\/wp\/v2\/media?parent=12431"}],"wp:term":[{"taxonomy":"category","embeddable":true,"href":"https:\/\/noticiasribeiraopreto.com.br\/index.php\/wp-json\/wp\/v2\/categories?post=12431"},{"taxonomy":"post_tag","embeddable":true,"href":"https:\/\/noticiasribeiraopreto.com.br\/index.php\/wp-json\/wp\/v2\/tags?post=12431"}],"curies":[{"name":"wp","href":"https:\/\/api.w.org\/{rel}","templated":true}]}}