{"id":12490,"date":"2023-12-08T03:28:12","date_gmt":"2023-12-08T06:28:12","guid":{"rendered":"https:\/\/noticiasribeiraopreto.com.br\/index.php\/2023\/12\/08\/utm_sourcerssutm_mediumrssutm_campaignhoroscopo-do-dia-08-12-previsao-do-seu-signo-para-hoje\/"},"modified":"2023-12-08T03:28:12","modified_gmt":"2023-12-08T06:28:12","slug":"utm_sourcerssutm_mediumrssutm_campaignhoroscopo-do-dia-08-12-previsao-do-seu-signo-para-hoje","status":"publish","type":"post","link":"https:\/\/noticiasribeiraopreto.com.br\/index.php\/2023\/12\/08\/utm_sourcerssutm_mediumrssutm_campaignhoroscopo-do-dia-08-12-previsao-do-seu-signo-para-hoje\/","title":{"rendered":"previs\u00e3o do seu signo para hoje \u2013 X Tudo Ribeir\u00e3o"},"content":{"rendered":"<div class='code-block code-block-1' style='margin: 8px 0 8px auto; text-align: right; display: block; clear: both;'>\n<p><a href=\"https:\/\/wa.link\/vpicfd\"><img data-recalc-dims=\"1\" class=\"wp-image-4922\" style=\"aspect-ratio: 2.0253164556962027; width: 561px; height: auto;\" src=\"https:\/\/i0.wp.com\/ismaelcolosi.com.br\/wp-content\/uploads\/2023\/11\/grupo-de-empregos-whatsapp-e-facebook-ismael-colosi-vagas.jpg?ssl=1\" alt=\"\" \/><\/a><\/p>\n<!-- \/wp:image -->\n<\/div>\n<p> <br \/>\n<\/p>\n<div>\n<p><strong>Hor\u00f3scopo de hoje para \u00c1ries (21 de Mar\u00e7o a 19 de Abril)<\/strong><br \/>Neste momento, procure se manter confiante e proativa. As parcerias profissionais tendem a passar por conflitos de poder, o que demanda intelig\u00eancia emotiva.<\/p>\n<p><strong>Hor\u00f3scopo de hoje para Touro (20 de Abril a 20 de Maio)<\/strong><br \/>\u00c9 importante nutrir sua for\u00e7a interior para manter a confian\u00e7a elevada e a produtividade em dia. A tens\u00e3o Lua-Plut\u00e3o pode sugerir insatisfa\u00e7\u00f5es com suas aspira\u00e7\u00f5es pessoais, o que prejudica seu rendimento na gest\u00e3o do dia a dia.<\/p>\n<p><strong>Hor\u00f3scopo de hoje para G\u00eameos (21 de Maio a 20 de Junho)<\/strong><br \/>Busque usar o bom senso. Sol e Marte podem lhe fazer direcionar suas energias em prol das parcerias. Contudo, Lua e Plut\u00e3o tensionados tendem a apontar a import\u00e2ncia de n\u00e3o misturar o p\u00fablico com o privado para preservar seus interesses pessoais.<\/p>\n<p><strong>Hor\u00f3scopo de hoje para C\u00e2ncer (21 de Junho a 22 de Julho)<\/strong><br \/>Tente superar os estranhamentos e somar esfor\u00e7os com o entorno imediato em prol do bem comum. \u00c9 poss\u00edvel que voc\u00ea passe por desafios de ordem emocional, o que pode prejudicar a evolu\u00e7\u00e3o das parcerias desenvolvidas no dia a dia.<\/p>\n<p><strong>Hor\u00f3scopo de hoje para Le\u00e3o (23 de Julho a 22 de Agosto)<\/strong><br \/>Lua e Plut\u00e3o tensionados tendem a lhe predispor a adotar uma postura pessimista e defensiva ao lidar com o que tira voc\u00ea da zona de conforto, o que prejudica o trato humano. Por isso, tente neutralizar o estresse e dar valor \u00e0 articula\u00e7\u00e3o em grupo.<\/p>\n<p><strong>Hor\u00f3scopo de hoje para Virgem (23 de Agosto a 22 de Setembro)<\/strong><br \/>Procure valorizar o suporte emocional e pr\u00e1tico do meio familiar. Nesta fase, limita\u00e7\u00f5es de ordem material podem cercear sua express\u00e3o criativa, mas \u00e9 importante n\u00e3o permitir que abalem sua autoconfian\u00e7a perante a vida.<\/p>\n<p><strong>Hor\u00f3scopo de hoje para Libra (23 de Setembro a 22 de Outubro)<\/strong><br \/>\u00c9 importante valorizar a interlocu\u00e7\u00e3o com as pessoas do entorno. Certos desafios podem minar seu senso de seguran\u00e7a com Lua e Plut\u00e3o tensionados, o que pede a\u00e7\u00f5es preventivas, a fim de proteger sua infraestrutura.<\/p>\n<p><strong>Hor\u00f3scopo de hoje para Escorpi\u00e3o (23 de Outubro a 21 de Novembro)<\/strong><br \/>Busque encarar os fatos de maneira pr\u00e1tica e objetiva. A tens\u00e3o Lua-Plut\u00e3o tende a prejudicar seu senso cr\u00edtico frente \u00e0s dificuldades, deixando-lhe suscet\u00edvel a extravasar o emocional, o que pode minar sua imagem.<\/p>\n<p><strong>Hor\u00f3scopo de hoje para Sagit\u00e1rio (22 de Novembro a 21 de Dezembro)<\/strong><br \/>Conv\u00e9m evitar desentendimentos com as pessoas do entorno. Procure buscar maior autonomia nessa fase. Os valores pessoais tendem a conflitar com os da coletividade, podendo estremecer sua rela\u00e7\u00e3o com grupos.<\/p>\n<p><strong>Hor\u00f3scopo de hoje para Capric\u00f3rnio (22 de Dezembro a 19 de Janeiro)<\/strong><br \/>Tente se fortalecer dos pontos de vista f\u00edsico e energ\u00e9tico. Desafios ligados \u00e0s suas ambi\u00e7\u00f5es profissionais podem ganhar corpo, o que demanda uma revis\u00e3o e talvez at\u00e9 uma reformula\u00e7\u00e3o de estrat\u00e9gias.<\/p>\n<p><strong>Hor\u00f3scopo de hoje para Aqu\u00e1rio (20 de Janeiro a 18 de Fevereiro)<\/strong><br \/>Valorizar a\u00e7\u00f5es colaborativas \u00e9 fundamental. Este momento astrol\u00f3gico tende a se revelar particularmente desafiador para seus projetos de vida, o que pede n\u00e3o s\u00f3 amadurecimento, como tamb\u00e9m capacidade de transforma\u00e7\u00e3o.<\/p>\n<p><strong>Hor\u00f3scopo de hoje para Peixes (19 de Fevereiro a 20 de Mar\u00e7o)<\/strong><br \/>Procure se mostrar proativa em seu dia a dia. Seu c\u00edrculo social tende a ficar suscet\u00edvel a conflitos, prejudicando os v\u00ednculos de confian\u00e7a. Por isso, \u00e9 importante fazer ajustes diplom\u00e1ticos e agir de forma criteriosa ao interagir com o entorno imediato.<\/p>\n<\/p><\/div>\n<p><br \/>\n<br \/><a href=\"https:\/\/xtudoribeirao.com.br\/2023\/12\/08\/horoscopo-do-dia-08-12-previsao-do-seu-signo-para-hoje\/?utm_source=rss&#038;utm_medium=rss&#038;utm_campaign=horoscopo-do-dia-08-12-previsao-do-seu-signo-para-hoje\">Source link <\/a><\/p>\n<!-- CONTENT END 1 -->\n","protected":false},"excerpt":{"rendered":"<p>Hor\u00f3scopo de hoje para \u00c1ries (21 de Mar\u00e7o a 19 de Abril)Neste momento, procure se manter confiante e proativa. As parcerias profissionais tendem a passar&#8230;<\/p>\n","protected":false},"author":1,"featured_media":12491,"comment_status":"open","ping_status":"open","sticky":false,"template":"","format":"standard","meta":{"advanced_seo_description":"","jetpack_seo_html_title":"","jetpack_seo_noindex":false,"jetpack_post_was_ever_published":false,"_jetpack_newsletter_access":"","_jetpack_dont_email_post_to_subs":false,"_jetpack_newsletter_tier_id":0,"_jetpack_memberships_contains_paywalled_content":false,"_jetpack_memberships_contains_paid_content":false,"footnotes":"","jetpack_publicize_message":"","jetpack_publicize_feature_enabled":true,"jetpack_social_post_already_shared":true,"jetpack_social_options":{"image_generator_settings":{"template":"highway","default_image_id":0,"font":"","enabled":false},"version":2}},"categories":[11],"tags":[1752,71,350,26,1750,1751,43],"class_list":["post-12490","post","type-post","status-publish","format-standard","has-post-thumbnail","hentry","category-noticias-de-ribeirao-preto-sp-e-regiao-ismael-colosi","tag-hoje","tag-para","tag-previsao","tag-ribeirao","tag-seu","tag-signo","tag-tudo"],"jetpack_publicize_connections":[],"jetpack_featured_media_url":"https:\/\/i0.wp.com\/noticiasribeiraopreto.com.br\/wp-content\/uploads\/2023\/12\/IMG_2136.jpeg?fit=679%2C452&ssl=1","jetpack-related-posts":[{"id":75874,"url":"https:\/\/noticiasribeiraopreto.com.br\/index.php\/2025\/08\/17\/domingo-sera-de-sol-e-calor-em-ribeirao-preto-veranico-chega-nesta-semana\/","url_meta":{"origin":12490,"position":0},"title":"Domingo ser\u00e1 de sol e calor em Ribeir\u00e3o Preto; Veranico chega nesta semana","author":"noticiasribeiraopreto.com.br","date":"17 de August de 2025","format":false,"excerpt":"O domingo (17) em Ribeir\u00e3o Preto ser\u00e1 ensolarado, com poucas nuvens e sem previs\u00e3o de chuva. Apesar da m\u00ednima de 16 \u00b0C, as temperaturas devem subir ao longo do dia e alcan\u00e7ar os 31 \u00b0C durante a tarde, segundo a Climatempo. A umidade relativa do ar varia entre 25% e\u2026","rel":"","context":"In &quot;Not\u00edcias de Ribeir\u00e3o Preto-SP e Regi\u00e3o&quot;","block_context":{"text":"Not\u00edcias de Ribeir\u00e3o Preto-SP e Regi\u00e3o","link":"https:\/\/noticiasribeiraopreto.com.br\/index.php\/category\/noticias-de-ribeirao-preto-sp-e-regiao-ismael-colosi\/"},"img":{"alt_text":"","src":"https:\/\/i0.wp.com\/noticiasribeiraopreto.com.br\/wp-content\/uploads\/2025\/08\/Imagem-do-WhatsApp-de-2025-08-10-as-09.21.15_9b79cfee_2025-08-10_12-29-12.webp.webp?fit=1200%2C675&ssl=1&resize=350%2C200","width":350,"height":200,"srcset":"https:\/\/i0.wp.com\/noticiasribeiraopreto.com.br\/wp-content\/uploads\/2025\/08\/Imagem-do-WhatsApp-de-2025-08-10-as-09.21.15_9b79cfee_2025-08-10_12-29-12.webp.webp?fit=1200%2C675&ssl=1&resize=350%2C200 1x, https:\/\/i0.wp.com\/noticiasribeiraopreto.com.br\/wp-content\/uploads\/2025\/08\/Imagem-do-WhatsApp-de-2025-08-10-as-09.21.15_9b79cfee_2025-08-10_12-29-12.webp.webp?fit=1200%2C675&ssl=1&resize=525%2C300 1.5x, https:\/\/i0.wp.com\/noticiasribeiraopreto.com.br\/wp-content\/uploads\/2025\/08\/Imagem-do-WhatsApp-de-2025-08-10-as-09.21.15_9b79cfee_2025-08-10_12-29-12.webp.webp?fit=1200%2C675&ssl=1&resize=700%2C400 2x, https:\/\/i0.wp.com\/noticiasribeiraopreto.com.br\/wp-content\/uploads\/2025\/08\/Imagem-do-WhatsApp-de-2025-08-10-as-09.21.15_9b79cfee_2025-08-10_12-29-12.webp.webp?fit=1200%2C675&ssl=1&resize=1050%2C600 3x"},"classes":[]},{"id":76722,"url":"https:\/\/noticiasribeiraopreto.com.br\/index.php\/2025\/09\/04\/massa-de-ar-seco-eleva-temperaturas-e-derruba-umidade-em-sp-veja-previsao-para-ribeirao\/","url_meta":{"origin":12490,"position":1},"title":"Massa de ar seco eleva temperaturas e derruba umidade em SP; Veja previs\u00e3o para Ribeir\u00e3o","author":"noticiasribeiraopreto.com.br","date":"4 de September de 2025","format":false,"excerpt":"Uma forte massa de ar seco mant\u00e9m o tempo firme em todo o Estado de S\u00e3o Paulo, nesta quinta-feira (04). O dia come\u00e7ou mais fresco em Ribeir\u00e3o Preto, com m\u00ednima de 17\u00baC. Por\u00e9m, a chegada de ventos quentes e secos deve elevar as temperaturas ao longo do dia, segundo a\u2026","rel":"","context":"In &quot;Not\u00edcias de Ribeir\u00e3o Preto-SP e Regi\u00e3o&quot;","block_context":{"text":"Not\u00edcias de Ribeir\u00e3o Preto-SP e Regi\u00e3o","link":"https:\/\/noticiasribeiraopreto.com.br\/index.php\/category\/noticias-de-ribeirao-preto-sp-e-regiao-ismael-colosi\/"},"img":{"alt_text":"","src":"https:\/\/i0.wp.com\/noticiasribeiraopreto.com.br\/wp-content\/uploads\/2025\/09\/WhatsApp-Image-2023-11-26-at-17.35.53.jpeg?fit=1200%2C675&ssl=1&resize=350%2C200","width":350,"height":200,"srcset":"https:\/\/i0.wp.com\/noticiasribeiraopreto.com.br\/wp-content\/uploads\/2025\/09\/WhatsApp-Image-2023-11-26-at-17.35.53.jpeg?fit=1200%2C675&ssl=1&resize=350%2C200 1x, https:\/\/i0.wp.com\/noticiasribeiraopreto.com.br\/wp-content\/uploads\/2025\/09\/WhatsApp-Image-2023-11-26-at-17.35.53.jpeg?fit=1200%2C675&ssl=1&resize=525%2C300 1.5x, https:\/\/i0.wp.com\/noticiasribeiraopreto.com.br\/wp-content\/uploads\/2025\/09\/WhatsApp-Image-2023-11-26-at-17.35.53.jpeg?fit=1200%2C675&ssl=1&resize=700%2C400 2x, https:\/\/i0.wp.com\/noticiasribeiraopreto.com.br\/wp-content\/uploads\/2025\/09\/WhatsApp-Image-2023-11-26-at-17.35.53.jpeg?fit=1200%2C675&ssl=1&resize=1050%2C600 3x"},"classes":[]},{"id":76371,"url":"https:\/\/noticiasribeiraopreto.com.br\/index.php\/2025\/08\/27\/chuva-ja-tem-data-para-chegar-a-ribeirao-preto-veja-quando\/","url_meta":{"origin":12490,"position":2},"title":"Chuva j\u00e1 tem data para chegar a Ribeir\u00e3o Preto; veja quando","author":"noticiasribeiraopreto.com.br","date":"27 de August de 2025","format":false,"excerpt":"O calor extremo que assola Ribeir\u00e3o Preto est\u00e1 com os dias contados. De acordo com a Climatempo, a chuva chega nesta sexta-feira (29), com sol entre nuvens e pancadas isoladas durante a manh\u00e3 e a tarde. \u00c0 noite, o clima permanece firme, embora com muitas nuvens. As temperaturas variam entre\u2026","rel":"","context":"In &quot;Not\u00edcias de Ribeir\u00e3o Preto-SP e Regi\u00e3o&quot;","block_context":{"text":"Not\u00edcias de Ribeir\u00e3o Preto-SP e Regi\u00e3o","link":"https:\/\/noticiasribeiraopreto.com.br\/index.php\/category\/noticias-de-ribeirao-preto-sp-e-regiao-ismael-colosi\/"},"img":{"alt_text":"","src":"https:\/\/i0.wp.com\/noticiasribeiraopreto.com.br\/wp-content\/uploads\/2025\/08\/CHUVA-RIBEIRAO-PRETO_2025-03-23_20-40-26_jpg_2025-03-23_20-40-26.webp.webp?fit=1030%2C644&ssl=1&resize=350%2C200","width":350,"height":200,"srcset":"https:\/\/i0.wp.com\/noticiasribeiraopreto.com.br\/wp-content\/uploads\/2025\/08\/CHUVA-RIBEIRAO-PRETO_2025-03-23_20-40-26_jpg_2025-03-23_20-40-26.webp.webp?fit=1030%2C644&ssl=1&resize=350%2C200 1x, https:\/\/i0.wp.com\/noticiasribeiraopreto.com.br\/wp-content\/uploads\/2025\/08\/CHUVA-RIBEIRAO-PRETO_2025-03-23_20-40-26_jpg_2025-03-23_20-40-26.webp.webp?fit=1030%2C644&ssl=1&resize=525%2C300 1.5x, https:\/\/i0.wp.com\/noticiasribeiraopreto.com.br\/wp-content\/uploads\/2025\/08\/CHUVA-RIBEIRAO-PRETO_2025-03-23_20-40-26_jpg_2025-03-23_20-40-26.webp.webp?fit=1030%2C644&ssl=1&resize=700%2C400 2x"},"classes":[]},{"id":76855,"url":"https:\/\/noticiasribeiraopreto.com.br\/index.php\/2025\/09\/07\/clima-quente-e-seco-marca-o-feriado-de-independencia-em-ribeirao-veja-previsao\/","url_meta":{"origin":12490,"position":3},"title":"Clima quente e seco marca o feriado de Independ\u00eancia em Ribeir\u00e3o; Veja previs\u00e3o","author":"noticiasribeiraopreto.com.br","date":"7 de September de 2025","format":false,"excerpt":"O domingo (07) em Ribeir\u00e3o Preto, feriado da Independ\u00eancia do Brasil, ser\u00e1 de sol e muitas nuvens \u00e0 tarde. O c\u00e9u fica com muita nebulosidade no per\u00edodo da noite, contudo, n\u00e3o h\u00e1 expectativa de chuva. As temperaturas devem variar entre 18\u00baC e 33\u00baC. De acordo com a Defesa Civil de\u2026","rel":"","context":"In &quot;Not\u00edcias de Ribeir\u00e3o Preto-SP e Regi\u00e3o&quot;","block_context":{"text":"Not\u00edcias de Ribeir\u00e3o Preto-SP e Regi\u00e3o","link":"https:\/\/noticiasribeiraopreto.com.br\/index.php\/category\/noticias-de-ribeirao-preto-sp-e-regiao-ismael-colosi\/"},"img":{"alt_text":"","src":"https:\/\/i0.wp.com\/noticiasribeiraopreto.com.br\/wp-content\/uploads\/2025\/08\/Imagem-do-WhatsApp-de-2025-08-10-as-09.21.15_9b79cfee_2025-08-10_12-29-12.webp.webp?fit=1200%2C675&ssl=1&resize=350%2C200","width":350,"height":200,"srcset":"https:\/\/i0.wp.com\/noticiasribeiraopreto.com.br\/wp-content\/uploads\/2025\/08\/Imagem-do-WhatsApp-de-2025-08-10-as-09.21.15_9b79cfee_2025-08-10_12-29-12.webp.webp?fit=1200%2C675&ssl=1&resize=350%2C200 1x, https:\/\/i0.wp.com\/noticiasribeiraopreto.com.br\/wp-content\/uploads\/2025\/08\/Imagem-do-WhatsApp-de-2025-08-10-as-09.21.15_9b79cfee_2025-08-10_12-29-12.webp.webp?fit=1200%2C675&ssl=1&resize=525%2C300 1.5x, https:\/\/i0.wp.com\/noticiasribeiraopreto.com.br\/wp-content\/uploads\/2025\/08\/Imagem-do-WhatsApp-de-2025-08-10-as-09.21.15_9b79cfee_2025-08-10_12-29-12.webp.webp?fit=1200%2C675&ssl=1&resize=700%2C400 2x, https:\/\/i0.wp.com\/noticiasribeiraopreto.com.br\/wp-content\/uploads\/2025\/08\/Imagem-do-WhatsApp-de-2025-08-10-as-09.21.15_9b79cfee_2025-08-10_12-29-12.webp.webp?fit=1200%2C675&ssl=1&resize=1050%2C600 3x"},"classes":[]},{"id":63581,"url":"https:\/\/noticiasribeiraopreto.com.br\/index.php\/2025\/02\/17\/nova-onda-de-calor-no-pais-comeca-nesta-segunda-veja-previsao-para-ribeirao-preto\/","url_meta":{"origin":12490,"position":4},"title":"Nova onda de calor no pa\u00eds come\u00e7a nesta segunda; Veja previs\u00e3o para Ribeir\u00e3o Preto","author":"noticiasribeiraopreto.com.br","date":"17 de February de 2025","format":false,"excerpt":"Uma nova onda de calor come\u00e7a a afetar o estado de S\u00e3o Paulo nesta segunda-feira (17). A atua\u00e7\u00e3o de uma massa de ar quente vai aumentar a sensa\u00e7\u00e3o de calor e abafamento em todas as regi\u00f5es. Em Ribeir\u00e3o Preto, os term\u00f4metros podem ultrapassar os 32\u00baC. De acordo com a previs\u00e3o\u2026","rel":"","context":"In &quot;Not\u00edcias de Ribeir\u00e3o Preto-SP e Regi\u00e3o&quot;","block_context":{"text":"Not\u00edcias de Ribeir\u00e3o Preto-SP e Regi\u00e3o","link":"https:\/\/noticiasribeiraopreto.com.br\/index.php\/category\/noticias-de-ribeirao-preto-sp-e-regiao-ismael-colosi\/"},"img":{"alt_text":"","src":"https:\/\/i0.wp.com\/noticiasribeiraopreto.com.br\/wp-content\/uploads\/2025\/02\/1739792523_20230916_171444.jpg?fit=1200%2C716&ssl=1&resize=350%2C200","width":350,"height":200,"srcset":"https:\/\/i0.wp.com\/noticiasribeiraopreto.com.br\/wp-content\/uploads\/2025\/02\/1739792523_20230916_171444.jpg?fit=1200%2C716&ssl=1&resize=350%2C200 1x, https:\/\/i0.wp.com\/noticiasribeiraopreto.com.br\/wp-content\/uploads\/2025\/02\/1739792523_20230916_171444.jpg?fit=1200%2C716&ssl=1&resize=525%2C300 1.5x, https:\/\/i0.wp.com\/noticiasribeiraopreto.com.br\/wp-content\/uploads\/2025\/02\/1739792523_20230916_171444.jpg?fit=1200%2C716&ssl=1&resize=700%2C400 2x, https:\/\/i0.wp.com\/noticiasribeiraopreto.com.br\/wp-content\/uploads\/2025\/02\/1739792523_20230916_171444.jpg?fit=1200%2C716&ssl=1&resize=1050%2C600 3x"},"classes":[]},{"id":72258,"url":"https:\/\/noticiasribeiraopreto.com.br\/index.php\/2025\/06\/15\/temperatura-comeca-a-subir-em-ribeirao-preto-veja-previsao-para-os-proximos-dias\/","url_meta":{"origin":12490,"position":5},"title":"Temperatura come\u00e7a a subir em Ribeir\u00e3o Preto; Veja previs\u00e3o para os pr\u00f3ximos dias","author":"noticiasribeiraopreto.com.br","date":"15 de June de 2025","format":false,"excerpt":"Ribeir\u00e3o Preto deve registrar aumento nas temperaturas nos pr\u00f3ximos dias, de acordo com previs\u00e3o da Climatempo. O domingo (15) come\u00e7ou com m\u00ednima de 13,8\u00baC, segundo o Ciiagro (Centro Integrado de Informa\u00e7\u00f5es Agrometeorol\u00f3gicas). No entanto, pode esquentar no decorrer do dia e os term\u00f4metros devem chegar aos 27\u00baC. Conforme explica\u00e7\u00e3o dos\u2026","rel":"","context":"In &quot;Not\u00edcias de Ribeir\u00e3o Preto-SP e Regi\u00e3o&quot;","block_context":{"text":"Not\u00edcias de Ribeir\u00e3o Preto-SP e Regi\u00e3o","link":"https:\/\/noticiasribeiraopreto.com.br\/index.php\/category\/noticias-de-ribeirao-preto-sp-e-regiao-ismael-colosi\/"},"img":{"alt_text":"","src":"https:\/\/i0.wp.com\/noticiasribeiraopreto.com.br\/wp-content\/uploads\/2025\/06\/WhatsApp-Image-2025-06-15-at-09.29.18_2025-06-15_12-31-26.webp.webp?fit=1200%2C900&ssl=1&resize=350%2C200","width":350,"height":200,"srcset":"https:\/\/i0.wp.com\/noticiasribeiraopreto.com.br\/wp-content\/uploads\/2025\/06\/WhatsApp-Image-2025-06-15-at-09.29.18_2025-06-15_12-31-26.webp.webp?fit=1200%2C900&ssl=1&resize=350%2C200 1x, https:\/\/i0.wp.com\/noticiasribeiraopreto.com.br\/wp-content\/uploads\/2025\/06\/WhatsApp-Image-2025-06-15-at-09.29.18_2025-06-15_12-31-26.webp.webp?fit=1200%2C900&ssl=1&resize=525%2C300 1.5x, https:\/\/i0.wp.com\/noticiasribeiraopreto.com.br\/wp-content\/uploads\/2025\/06\/WhatsApp-Image-2025-06-15-at-09.29.18_2025-06-15_12-31-26.webp.webp?fit=1200%2C900&ssl=1&resize=700%2C400 2x, https:\/\/i0.wp.com\/noticiasribeiraopreto.com.br\/wp-content\/uploads\/2025\/06\/WhatsApp-Image-2025-06-15-at-09.29.18_2025-06-15_12-31-26.webp.webp?fit=1200%2C900&ssl=1&resize=1050%2C600 3x"},"classes":[]}],"jetpack_sharing_enabled":true,"jetpack_shortlink":"https:\/\/wp.me\/peQAOb-3fs","_links":{"self":[{"href":"https:\/\/noticiasribeiraopreto.com.br\/index.php\/wp-json\/wp\/v2\/posts\/12490","targetHints":{"allow":["GET"]}}],"collection":[{"href":"https:\/\/noticiasribeiraopreto.com.br\/index.php\/wp-json\/wp\/v2\/posts"}],"about":[{"href":"https:\/\/noticiasribeiraopreto.com.br\/index.php\/wp-json\/wp\/v2\/types\/post"}],"author":[{"embeddable":true,"href":"https:\/\/noticiasribeiraopreto.com.br\/index.php\/wp-json\/wp\/v2\/users\/1"}],"replies":[{"embeddable":true,"href":"https:\/\/noticiasribeiraopreto.com.br\/index.php\/wp-json\/wp\/v2\/comments?post=12490"}],"version-history":[{"count":0,"href":"https:\/\/noticiasribeiraopreto.com.br\/index.php\/wp-json\/wp\/v2\/posts\/12490\/revisions"}],"wp:featuredmedia":[{"embeddable":true,"href":"https:\/\/noticiasribeiraopreto.com.br\/index.php\/wp-json\/wp\/v2\/media\/12491"}],"wp:attachment":[{"href":"https:\/\/noticiasribeiraopreto.com.br\/index.php\/wp-json\/wp\/v2\/media?parent=12490"}],"wp:term":[{"taxonomy":"category","embeddable":true,"href":"https:\/\/noticiasribeiraopreto.com.br\/index.php\/wp-json\/wp\/v2\/categories?post=12490"},{"taxonomy":"post_tag","embeddable":true,"href":"https:\/\/noticiasribeiraopreto.com.br\/index.php\/wp-json\/wp\/v2\/tags?post=12490"}],"curies":[{"name":"wp","href":"https:\/\/api.w.org\/{rel}","templated":true}]}}