{"id":12542,"date":"2023-12-08T08:15:10","date_gmt":"2023-12-08T11:15:10","guid":{"rendered":"https:\/\/noticiasribeiraopreto.com.br\/index.php\/2023\/12\/08\/o-controle-social-dos-orcamentos-publicos\/"},"modified":"2023-12-08T08:15:10","modified_gmt":"2023-12-08T11:15:10","slug":"o-controle-social-dos-orcamentos-publicos","status":"publish","type":"post","link":"https:\/\/noticiasribeiraopreto.com.br\/index.php\/2023\/12\/08\/o-controle-social-dos-orcamentos-publicos\/","title":{"rendered":"O controle social dos or\u00e7amentos p\u00fablicos \u00a0"},"content":{"rendered":"<div class='code-block code-block-1' style='margin: 8px 0 8px auto; text-align: right; display: block; clear: both;'>\n<p><a href=\"https:\/\/wa.link\/vpicfd\"><img data-recalc-dims=\"1\" class=\"wp-image-4922\" style=\"aspect-ratio: 2.0253164556962027; width: 561px; height: auto;\" src=\"https:\/\/i0.wp.com\/ismaelcolosi.com.br\/wp-content\/uploads\/2023\/11\/grupo-de-empregos-whatsapp-e-facebook-ismael-colosi-vagas.jpg?ssl=1\" alt=\"\" \/><\/a><\/p>\n<!-- \/wp:image -->\n<\/div>\n<p> <br \/>\n<\/p>\n<div>\n<p><b><i><span data-contrast=\"none\">A efetividade e a legitimidade da participa\u00e7\u00e3o popular no processo legislativo or\u00e7ament\u00e1rio <\/span><\/i><\/b><\/p>\n<p><b><i><span data-contrast=\"auto\">Dimas Ramalho*<\/span><\/i><\/b><span data-ccp-props=\"{&quot;201341983&quot;:0,&quot;335559739&quot;:0,&quot;335559740&quot;:240}\">\u00a0<\/span><\/p>\n<p><b><i><span data-contrast=\"none\">[email\u00a0protected]<\/span><\/i><\/b><\/p>\n<p><span data-contrast=\"none\">Alguns estudiosos de direito financeiro costumam criticar a falta de planejamento na elabora\u00e7\u00e3o dos or\u00e7amentos p\u00fablicos, denominando-os de \u201cpe\u00e7as de fic\u00e7\u00e3o\u201d. Essa express\u00e3o refere-se ao fato de que a lei or\u00e7ament\u00e1ria, salvo raras exce\u00e7\u00f5es, cumpriria a fun\u00e7\u00e3o de mera formalidade autorizativa da despesa, sem guardar rela\u00e7\u00e3o de pertin\u00eancia com as pol\u00edticas p\u00fablicas, o cen\u00e1rio socioecon\u00f4mico e a programa\u00e7\u00e3o de longo prazo da Administra\u00e7\u00e3o P\u00fablica. <\/span><\/p>\n<p><span data-contrast=\"none\">As cr\u00edticas quanto ao suposto car\u00e1ter ficcional terminam potencializadas pela aus\u00eancia de participa\u00e7\u00e3o social no processo de aprova\u00e7\u00e3o das pe\u00e7as or\u00e7ament\u00e1rias. <\/span><\/p>\n<p><span data-contrast=\"none\">Os anseios e as dificuldades da popula\u00e7\u00e3o deveriam encontrar eco no plano de gastos da Administra\u00e7\u00e3o P\u00fablica. Afinal, se a Constitui\u00e7\u00e3o Federal estabelece direitos e garantias aos cidad\u00e3os, por consequ\u00eancia, cabe ao or\u00e7amento p\u00fablico fornecer a fonte de custeio para a implanta\u00e7\u00e3o de a\u00e7\u00f5es governamentais h\u00e1beis ao cumprimento desses mesmos direitos e garantias.\u00a0 <\/span><\/p>\n<p><span data-contrast=\"none\">Nesse sentido, em um cen\u00e1rio de escassez de recursos, a participa\u00e7\u00e3o social se mostra fundamental, n\u00e3o s\u00f3 para dar a conhecer os problemas que afligem a comunidade, mas tamb\u00e9m para ajudar a definir as \u00e1reas em que os recursos p\u00fablicos s\u00e3o mais necess\u00e1rios \u2013 e, posteriormente, para acompanhar a concretiza\u00e7\u00e3o desse gasto. <\/span><\/p>\n<p><span data-contrast=\"none\">Nos termos dos arts. 165 e 166 da Constitui\u00e7\u00e3o da Rep\u00fablica, aplicado por simetria aos Estados, Munic\u00edpios e Distrito Federal, compete ao Poder Executivo elaborar a proposta do or\u00e7amento p\u00fablico, prevendo as despesas que pretende realizar e quantificando as receitas que lhes servir\u00e3o de custeio. Terminada essa fase preliminar, a proposta \u00e9 encaminhada para a aprova\u00e7\u00e3o do Poder Legislativo. <\/span><\/p>\n<p><span data-contrast=\"none\">No \u00e2mbito do Parlamento, o projeto pode ser alterado. A depender da esfera da Federa\u00e7\u00e3o, os vereadores, deputados e senadores podem apresentar emendas ao projeto, fazendo as modifica\u00e7\u00f5es necess\u00e1rias. Uma vez aprovado, o or\u00e7amento adquire o status de lei de modo que nenhum gasto pode ser realizado pela Administra\u00e7\u00e3o P\u00fablica sem a correspondente autoriza\u00e7\u00e3o or\u00e7ament\u00e1ria. <\/span><\/p>\n<p><span data-contrast=\"none\">A fase de aprecia\u00e7\u00e3o legislativa \u00e9 um momento no qual a popula\u00e7\u00e3o pode \u2013 e deve \u2013 se engajar. Na perspectiva do par\u00e1grafo \u00fanico do art. 1\u00ba da Constitui\u00e7\u00e3o, a participa\u00e7\u00e3o direta no desenho or\u00e7ament\u00e1rio constitui express\u00e3o ativa do princ\u00edpio democr\u00e1tico pelo qual o povo, livremente, escolhe os des\u00edgnios das receitas p\u00fablicas e as direciona de acordo com suas prefer\u00eancias. <\/span><\/p>\n<p><span data-contrast=\"none\">Aliado a isso existem, no ordenamento, regras que buscam levar a voz de todos os interessados para o centro das delibera\u00e7\u00f5es legislativas sobre o projeto de lei or\u00e7ament\u00e1ria. <\/span><\/p>\n<p><span data-contrast=\"none\">Refiro-me ao art. 48, \u00a71\u00ba, I, da Lei de Responsabilidade Fiscal (LRF) que prescreve o \u201cincentivo \u00e0 participa\u00e7\u00e3o popular e realiza\u00e7\u00e3o de audi\u00eancias p\u00fablicas, durante os processos de elabora\u00e7\u00e3o e discuss\u00e3o dos planos, lei de diretrizes or\u00e7ament\u00e1rias e or\u00e7amentos.\u201d Refor\u00e7o que, no caso dos Munic\u00edpios, por for\u00e7a do art. 44 da Lei 10.257\/2001, chamada de Estatuto das Cidades, a realiza\u00e7\u00e3o dessas audi\u00eancias \u00e9 condi\u00e7\u00e3o obrigat\u00f3ria para aprova\u00e7\u00e3o das leis de or\u00e7amento. <\/span><\/p>\n<p><span data-contrast=\"none\">O Tribunal de Contas do Estado de S\u00e3o Paulo (TCE-SP), nas fiscaliza\u00e7\u00f5es ordin\u00e1rias que faz \u00e0s C\u00e2maras e \u00e0s Prefeituras, verifica a realiza\u00e7\u00e3o dessas audi\u00eancias, buscando assegurar o envolvimento da sociedade nas discuss\u00f5es que antecedem a aprova\u00e7\u00e3o do plano de gastos da Administra\u00e7\u00e3o.\u00a0 <\/span><\/p>\n<p><span data-contrast=\"none\">Durante tais vistorias, a Corte de Contas, inclusive, aprofunda seus exames, analisando at\u00e9 mesmo o hor\u00e1rio de realiza\u00e7\u00e3o das reuni\u00f5es para recomendar que estas ocorram fora do expediente comercial no intuito de possibilitar a mais ampla participa\u00e7\u00e3o dos cidad\u00e3os. <\/span><\/p>\n<p><span data-contrast=\"none\">Evidentemente, essa legisla\u00e7\u00e3o pode ser aprimorada, prevendo, por exemplo, procedimentos mais uniformes e detalhados do funcionamento de tais audi\u00eancias, seja para racionalizar os debates e discuss\u00f5es, seja para garantir que as propostas emanadas da participa\u00e7\u00e3o popular venham a ser inclu\u00eddas no corpo das pe\u00e7as or\u00e7ament\u00e1rias. <\/span><\/p>\n<p><span data-contrast=\"none\">N\u00e3o se pode deixar de reconhecer, contudo, que o direito brasileiro conta com institutos de controle social do or\u00e7amento. Assim, eventual baixo engajamento da sociedade no processo or\u00e7ament\u00e1rio n\u00e3o deve ser atribu\u00eddo \u00e0 aus\u00eancia de previs\u00e3o normativa. <\/span><\/p>\n<p><span data-contrast=\"none\">Talvez a falta de informa\u00e7\u00f5es sobre o direito dos cidad\u00e3os de influenciar nesse processo, somada a um certo descr\u00e9dito sobre a anu\u00eancia dos legisladores \u00e0s propostas apresentadas, possa explicar a baixa ades\u00e3o da sociedade nas audi\u00eancias p\u00fablicas sobre os or\u00e7amentos. <\/span><\/p>\n<p><span data-contrast=\"none\">Logo, cumpre aos eleitos para representar a vontade do povo informar a coletividade sobre essa prerrogativa, utilizando para esse fim todas as ferramentas tecnol\u00f3gicas \u00e0 disposi\u00e7\u00e3o, radicalizando na transpar\u00eancia. Tamb\u00e9m, faz-se necess\u00e1rio que os legisladores tomem consci\u00eancia de que as proposi\u00e7\u00f5es dos cidad\u00e3os n\u00e3o t\u00eam natureza suplementar e acess\u00f3ria, mas traduzem expectativas leg\u00edtimas que devem ser consideradas e, na medida do poss\u00edvel, contempladas pelas leis or\u00e7ament\u00e1rias. <\/span><\/p>\n<p><b><i><span data-contrast=\"auto\">* Dimas Ramalho \u00e9 Conselheiro do Tribunal de Contas do Estado de S\u00e2o Paulo (TCESP)<\/span><\/i><\/b><span data-contrast=\"none\">\u00a0<\/span><span data-ccp-props=\"{&quot;201341983&quot;:0,&quot;335559739&quot;:200,&quot;335559740&quot;:276}\">\u00a0<\/span><\/p>\n<\/div>\n<p><br \/>\n<br \/><a href=\"https:\/\/www.tribunaribeirao.com.br\/site\/o-controle-social-dos-orcamentos-publicos\/\">Source link <\/a><\/p>\n<!-- CONTENT END 1 -->\n","protected":false},"excerpt":{"rendered":"<p>A efetividade e a legitimidade da participa\u00e7\u00e3o popular no processo legislativo or\u00e7ament\u00e1rio Dimas Ramalho*\u00a0 [email\u00a0protected] Alguns estudiosos de direito financeiro costumam criticar a falta de&#8230;<\/p>\n","protected":false},"author":1,"featured_media":12543,"comment_status":"open","ping_status":"open","sticky":false,"template":"","format":"standard","meta":{"advanced_seo_description":"","jetpack_seo_html_title":"","jetpack_seo_noindex":false,"jetpack_post_was_ever_published":false,"_jetpack_newsletter_access":"","_jetpack_dont_email_post_to_subs":false,"_jetpack_newsletter_tier_id":0,"_jetpack_memberships_contains_paywalled_content":false,"_jetpack_memberships_contains_paid_content":false,"footnotes":"","jetpack_publicize_message":"","jetpack_publicize_feature_enabled":true,"jetpack_social_post_already_shared":true,"jetpack_social_options":{"image_generator_settings":{"template":"highway","default_image_id":0,"font":"","enabled":false},"version":2}},"categories":[11],"tags":[1753,470,1755,767,1754],"class_list":["post-12542","post","type-post","status-publish","format-standard","has-post-thumbnail","hentry","category-noticias-de-ribeirao-preto-sp-e-regiao-ismael-colosi","tag-controle","tag-dos","tag-orcamentos","tag-publicos","tag-social"],"jetpack_publicize_connections":[],"jetpack_featured_media_url":"https:\/\/i0.wp.com\/noticiasribeiraopreto.com.br\/wp-content\/uploads\/2023\/12\/dimasramalho.jpg?fit=700%2C450&ssl=1","jetpack-related-posts":[{"id":16864,"url":"https:\/\/noticiasribeiraopreto.com.br\/index.php\/2023\/12\/16\/assembleia-aprova-orcamento-de-sp\/","url_meta":{"origin":12542,"position":0},"title":"Assembleia aprova or\u00e7amento de SP\u00a0","author":"noticiasribeiraopreto.com.br","date":"16 de December de 2023","format":false,"excerpt":"A Assembleia Legislativa de S\u00e3o Paulo aprovou, nesta quinta-feira, 14 de dezembro, a proposta or\u00e7ament\u00e1ria estadual para 2024. A arrecada\u00e7\u00e3o estimada \u00e9 de pouco mais de R$ 328 bilh\u00f5es (R$ 328.063.237.237,00). A previs\u00e3o \u00e9 a maior da hist\u00f3ria, com um aumento de 3,3% em rela\u00e7\u00e3o \u00e0 do ano corrente.Al\u00e9m de\u2026","rel":"","context":"In &quot;Not\u00edcias de Ribeir\u00e3o Preto-SP e Regi\u00e3o&quot;","block_context":{"text":"Not\u00edcias de Ribeir\u00e3o Preto-SP e Regi\u00e3o","link":"https:\/\/noticiasribeiraopreto.com.br\/index.php\/category\/noticias-de-ribeirao-preto-sp-e-regiao-ismael-colosi\/"},"img":{"alt_text":"","src":"https:\/\/i0.wp.com\/noticiasribeiraopreto.com.br\/wp-content\/uploads\/2023\/12\/OrcaSP-Rodrigo-Costa-e-Rodrigo-Romeo.jpg?fit=800%2C533&ssl=1&resize=350%2C200","width":350,"height":200,"srcset":"https:\/\/i0.wp.com\/noticiasribeiraopreto.com.br\/wp-content\/uploads\/2023\/12\/OrcaSP-Rodrigo-Costa-e-Rodrigo-Romeo.jpg?fit=800%2C533&ssl=1&resize=350%2C200 1x, https:\/\/i0.wp.com\/noticiasribeiraopreto.com.br\/wp-content\/uploads\/2023\/12\/OrcaSP-Rodrigo-Costa-e-Rodrigo-Romeo.jpg?fit=800%2C533&ssl=1&resize=525%2C300 1.5x, https:\/\/i0.wp.com\/noticiasribeiraopreto.com.br\/wp-content\/uploads\/2023\/12\/OrcaSP-Rodrigo-Costa-e-Rodrigo-Romeo.jpg?fit=800%2C533&ssl=1&resize=700%2C400 2x"},"classes":[]},{"id":70011,"url":"https:\/\/noticiasribeiraopreto.com.br\/index.php\/2025\/05\/21\/moradores-de-franca-e-regiao-podem-votar-em-propostas-para-o-estado-realizar-em-2026\/","url_meta":{"origin":12542,"position":1},"title":"Moradores de Franca e regi\u00e3o podem votar em propostas para o Estado realizar em 2026","author":"noticiasribeiraopreto.com.br","date":"21 de May de 2025","format":false,"excerpt":"As sugest\u00f5es da popula\u00e7\u00e3o de Franca e regi\u00e3o para formar o or\u00e7amento do pr\u00f3ximo ano do Governo de S\u00e3o Paulo est\u00e3o sendo organizadas. No dia 5\/6 haver\u00e1 audi\u00eancia p\u00fablica para o Aglomerado Urbano de Franca, \u00e0s 10h. Para acessar o espa\u00e7o de sugest\u00f5es, o link \u00e9 esse aqui. A Secretaria\u2026","rel":"","context":"In &quot;Not\u00edcias de Franca-SP&quot;","block_context":{"text":"Not\u00edcias de Franca-SP","link":"https:\/\/noticiasribeiraopreto.com.br\/index.php\/category\/noticias-de-ribeirao-preto-sp-e-regiao-ismael-colosi\/noticias-franca-sp\/"},"img":{"alt_text":"","src":"https:\/\/i0.wp.com\/noticiasribeiraopreto.com.br\/wp-content\/uploads\/2025\/05\/franca-vista-aerea-sebrae-e1725380287325.jpeg?fit=1200%2C798&ssl=1&resize=350%2C200","width":350,"height":200,"srcset":"https:\/\/i0.wp.com\/noticiasribeiraopreto.com.br\/wp-content\/uploads\/2025\/05\/franca-vista-aerea-sebrae-e1725380287325.jpeg?fit=1200%2C798&ssl=1&resize=350%2C200 1x, https:\/\/i0.wp.com\/noticiasribeiraopreto.com.br\/wp-content\/uploads\/2025\/05\/franca-vista-aerea-sebrae-e1725380287325.jpeg?fit=1200%2C798&ssl=1&resize=525%2C300 1.5x, https:\/\/i0.wp.com\/noticiasribeiraopreto.com.br\/wp-content\/uploads\/2025\/05\/franca-vista-aerea-sebrae-e1725380287325.jpeg?fit=1200%2C798&ssl=1&resize=700%2C400 2x, https:\/\/i0.wp.com\/noticiasribeiraopreto.com.br\/wp-content\/uploads\/2025\/05\/franca-vista-aerea-sebrae-e1725380287325.jpeg?fit=1200%2C798&ssl=1&resize=1050%2C600 3x"},"classes":[]},{"id":19548,"url":"https:\/\/noticiasribeiraopreto.com.br\/index.php\/2023\/12\/22\/orcamento-2024-deve-ser-votado-nesta-sexta-22\/","url_meta":{"origin":12542,"position":2},"title":"or\u00e7amento 2024 deve ser votado nesta sexta (22)","author":"noticiasribeiraopreto.com.br","date":"22 de December de 2023","format":false,"excerpt":"O projeto de lei do or\u00e7amento (POLA) 2024 do Governo Federal est\u00e1 previsto para ser votado nesta sexta-feira, 22 de dezembro, em sess\u00e3o conjunta do Congresso Nacional. O texto da proposta j\u00e1 foi aprovado na \u00faltima quinta-feira, dia 21, pela Comiss\u00e3o Mista do Or\u00e7amento. O documento prev\u00ea despesas de R$\u2026","rel":"","context":"In &quot;Vagas de Emprego em Ribeir\u00e3o Preto-SP&quot;","block_context":{"text":"Vagas de Emprego em Ribeir\u00e3o Preto-SP","link":"https:\/\/noticiasribeiraopreto.com.br\/index.php\/category\/empregos-classificados-vagas-trabalho\/vagas-de-empregos-em-ribeirao-preto-regiao-brasil\/"},"img":{"alt_text":"","src":"https:\/\/i0.wp.com\/noticiasribeiraopreto.com.br\/wp-content\/uploads\/2023\/12\/1703273691_palacio_do_planalto_novoo.jpg?fit=1200%2C675&ssl=1&resize=350%2C200","width":350,"height":200,"srcset":"https:\/\/i0.wp.com\/noticiasribeiraopreto.com.br\/wp-content\/uploads\/2023\/12\/1703273691_palacio_do_planalto_novoo.jpg?fit=1200%2C675&ssl=1&resize=350%2C200 1x, https:\/\/i0.wp.com\/noticiasribeiraopreto.com.br\/wp-content\/uploads\/2023\/12\/1703273691_palacio_do_planalto_novoo.jpg?fit=1200%2C675&ssl=1&resize=525%2C300 1.5x, https:\/\/i0.wp.com\/noticiasribeiraopreto.com.br\/wp-content\/uploads\/2023\/12\/1703273691_palacio_do_planalto_novoo.jpg?fit=1200%2C675&ssl=1&resize=700%2C400 2x, https:\/\/i0.wp.com\/noticiasribeiraopreto.com.br\/wp-content\/uploads\/2023\/12\/1703273691_palacio_do_planalto_novoo.jpg?fit=1200%2C675&ssl=1&resize=1050%2C600 3x"},"classes":[]},{"id":80022,"url":"https:\/\/noticiasribeiraopreto.com.br\/index.php\/2025\/11\/12\/camara-de-ribeirao-preto-discute-orcamento-de-r-54-bilhoes-para-2026\/","url_meta":{"origin":12542,"position":3},"title":"C\u00e2mara de Ribeir\u00e3o Preto discute or\u00e7amento de R$ 5,4 bilh\u00f5es para 2026","author":"noticiasribeiraopreto.com.br","date":"12 de November de 2025","format":false,"excerpt":"A C\u00e2mara Municipal de Ribeir\u00e3o Preto realiza nesta quinta-feira (13), audi\u00eancia p\u00fablica para discutir o projeto da Lei Or\u00e7ament\u00e1ria Anual (LOA) de 2026. A proposta enviada pelo Executivo estima receitas e despesas no valor total de R$ 5,44 bilh\u00f5es para o pr\u00f3ximo ano. O texto define como o munic\u00edpio deve\u2026","rel":"","context":"In &quot;Not\u00edcias de Ribeir\u00e3o Preto-SP e Regi\u00e3o&quot;","block_context":{"text":"Not\u00edcias de Ribeir\u00e3o Preto-SP e Regi\u00e3o","link":"https:\/\/noticiasribeiraopreto.com.br\/index.php\/category\/noticias-de-ribeirao-preto-sp-e-regiao-ismael-colosi\/"},"img":{"alt_text":"","src":"https:\/\/i0.wp.com\/noticiasribeiraopreto.com.br\/wp-content\/uploads\/2025\/10\/camara-de-ribeirao-preto_2025-10-27_20-36-22.webp.webp?fit=1024%2C576&ssl=1&resize=350%2C200","width":350,"height":200,"srcset":"https:\/\/i0.wp.com\/noticiasribeiraopreto.com.br\/wp-content\/uploads\/2025\/10\/camara-de-ribeirao-preto_2025-10-27_20-36-22.webp.webp?fit=1024%2C576&ssl=1&resize=350%2C200 1x, https:\/\/i0.wp.com\/noticiasribeiraopreto.com.br\/wp-content\/uploads\/2025\/10\/camara-de-ribeirao-preto_2025-10-27_20-36-22.webp.webp?fit=1024%2C576&ssl=1&resize=525%2C300 1.5x, https:\/\/i0.wp.com\/noticiasribeiraopreto.com.br\/wp-content\/uploads\/2025\/10\/camara-de-ribeirao-preto_2025-10-27_20-36-22.webp.webp?fit=1024%2C576&ssl=1&resize=700%2C400 2x"},"classes":[]},{"id":65672,"url":"https:\/\/noticiasribeiraopreto.com.br\/index.php\/2025\/03\/23\/congresso-nacional-aprova-orcamento-de-2025-com-superavit-previsto-de-r-15-bilhoes\/","url_meta":{"origin":12542,"position":4},"title":"Congresso Nacional aprova Or\u00e7amento de 2025 com super\u00e1vit previsto de R$ 15 bilh\u00f5es","author":"noticiasribeiraopreto.com.br","date":"23 de March de 2025","format":false,"excerpt":"O Congresso Nacional aprovou, em 20 de mar\u00e7o de 2025, o Projeto de Lei Or\u00e7ament\u00e1ria Anual (PLOA) para 2025, estabelecendo um super\u00e1vit prim\u00e1rio de R$ 15 bilh\u00f5es nas contas p\u00fablicas. O or\u00e7amento totaliza R$ 5,8 trilh\u00f5es em despesas, contemplando investimentos significativos em diversas \u00e1reas e programas sociais. Detalhamento das Despesas\u2026","rel":"","context":"In &quot;Not\u00edcias de Ribeir\u00e3o Preto-SP e Regi\u00e3o&quot;","block_context":{"text":"Not\u00edcias de Ribeir\u00e3o Preto-SP e Regi\u00e3o","link":"https:\/\/noticiasribeiraopreto.com.br\/index.php\/category\/noticias-de-ribeirao-preto-sp-e-regiao-ismael-colosi\/"},"img":{"alt_text":"","src":"https:\/\/i0.wp.com\/noticiasribeiraopreto.com.br\/wp-content\/uploads\/2025\/03\/lula5688.webp.webp?fit=1170%2C700&ssl=1&resize=350%2C200","width":350,"height":200,"srcset":"https:\/\/i0.wp.com\/noticiasribeiraopreto.com.br\/wp-content\/uploads\/2025\/03\/lula5688.webp.webp?fit=1170%2C700&ssl=1&resize=350%2C200 1x, https:\/\/i0.wp.com\/noticiasribeiraopreto.com.br\/wp-content\/uploads\/2025\/03\/lula5688.webp.webp?fit=1170%2C700&ssl=1&resize=525%2C300 1.5x, https:\/\/i0.wp.com\/noticiasribeiraopreto.com.br\/wp-content\/uploads\/2025\/03\/lula5688.webp.webp?fit=1170%2C700&ssl=1&resize=700%2C400 2x, https:\/\/i0.wp.com\/noticiasribeiraopreto.com.br\/wp-content\/uploads\/2025\/03\/lula5688.webp.webp?fit=1170%2C700&ssl=1&resize=1050%2C600 3x"},"classes":[]},{"id":9998,"url":"https:\/\/noticiasribeiraopreto.com.br\/index.php\/2023\/12\/03\/proposta-quer-deixar-parte-do-orcamento-de-ribeirao-na-mao-dos-vereadores\/","url_meta":{"origin":12542,"position":5},"title":"Proposta quer deixar parte do or\u00e7amento de Ribeir\u00e3o na m\u00e3o dos vereadores","author":"noticiasribeiraopreto.com.br","date":"3 de December de 2023","format":false,"excerpt":"Deu entrada na C\u00e2mara de Ribeir\u00e3o Preto uma Proposta de Emenda \u00e0 Lei Org\u00e2nica do Munic\u00edpio, que criar as emendas impositivas. O projeto prev\u00ea que at\u00e9 0,45% do or\u00e7amento da prefeitura seja destinado para que os vereadores apontem os locais que poderiam receber os recursos. O que \u00e9? A Proposta\u2026","rel":"","context":"In &quot;Not\u00edcias de Ribeir\u00e3o Preto-SP e Regi\u00e3o&quot;","block_context":{"text":"Not\u00edcias de Ribeir\u00e3o Preto-SP e Regi\u00e3o","link":"https:\/\/noticiasribeiraopreto.com.br\/index.php\/category\/noticias-de-ribeirao-preto-sp-e-regiao-ismael-colosi\/"},"img":{"alt_text":"","src":"https:\/\/i0.wp.com\/noticiasribeiraopreto.com.br\/wp-content\/uploads\/2023\/12\/camara_municipal_1024x576_11012021150646.jpg?fit=1024%2C576&ssl=1&resize=350%2C200","width":350,"height":200,"srcset":"https:\/\/i0.wp.com\/noticiasribeiraopreto.com.br\/wp-content\/uploads\/2023\/12\/camara_municipal_1024x576_11012021150646.jpg?fit=1024%2C576&ssl=1&resize=350%2C200 1x, https:\/\/i0.wp.com\/noticiasribeiraopreto.com.br\/wp-content\/uploads\/2023\/12\/camara_municipal_1024x576_11012021150646.jpg?fit=1024%2C576&ssl=1&resize=525%2C300 1.5x, https:\/\/i0.wp.com\/noticiasribeiraopreto.com.br\/wp-content\/uploads\/2023\/12\/camara_municipal_1024x576_11012021150646.jpg?fit=1024%2C576&ssl=1&resize=700%2C400 2x"},"classes":[]}],"jetpack_sharing_enabled":true,"jetpack_shortlink":"https:\/\/wp.me\/peQAOb-3gi","_links":{"self":[{"href":"https:\/\/noticiasribeiraopreto.com.br\/index.php\/wp-json\/wp\/v2\/posts\/12542","targetHints":{"allow":["GET"]}}],"collection":[{"href":"https:\/\/noticiasribeiraopreto.com.br\/index.php\/wp-json\/wp\/v2\/posts"}],"about":[{"href":"https:\/\/noticiasribeiraopreto.com.br\/index.php\/wp-json\/wp\/v2\/types\/post"}],"author":[{"embeddable":true,"href":"https:\/\/noticiasribeiraopreto.com.br\/index.php\/wp-json\/wp\/v2\/users\/1"}],"replies":[{"embeddable":true,"href":"https:\/\/noticiasribeiraopreto.com.br\/index.php\/wp-json\/wp\/v2\/comments?post=12542"}],"version-history":[{"count":0,"href":"https:\/\/noticiasribeiraopreto.com.br\/index.php\/wp-json\/wp\/v2\/posts\/12542\/revisions"}],"wp:featuredmedia":[{"embeddable":true,"href":"https:\/\/noticiasribeiraopreto.com.br\/index.php\/wp-json\/wp\/v2\/media\/12543"}],"wp:attachment":[{"href":"https:\/\/noticiasribeiraopreto.com.br\/index.php\/wp-json\/wp\/v2\/media?parent=12542"}],"wp:term":[{"taxonomy":"category","embeddable":true,"href":"https:\/\/noticiasribeiraopreto.com.br\/index.php\/wp-json\/wp\/v2\/categories?post=12542"},{"taxonomy":"post_tag","embeddable":true,"href":"https:\/\/noticiasribeiraopreto.com.br\/index.php\/wp-json\/wp\/v2\/tags?post=12542"}],"curies":[{"name":"wp","href":"https:\/\/api.w.org\/{rel}","templated":true}]}}