{"id":12544,"date":"2023-12-08T08:24:56","date_gmt":"2023-12-08T11:24:56","guid":{"rendered":"https:\/\/noticiasribeiraopreto.com.br\/index.php\/2023\/12\/08\/volvo-adota-estrategia-para-minimizar-impacto-de-aumento-de-precos-em-carros-eletricos-ao-absorver-parte-da-aliquota-de-importacao\/"},"modified":"2023-12-08T08:24:56","modified_gmt":"2023-12-08T11:24:56","slug":"volvo-adota-estrategia-para-minimizar-impacto-de-aumento-de-precos-em-carros-eletricos-ao-absorver-parte-da-aliquota-de-importacao","status":"publish","type":"post","link":"https:\/\/noticiasribeiraopreto.com.br\/index.php\/2023\/12\/08\/volvo-adota-estrategia-para-minimizar-impacto-de-aumento-de-precos-em-carros-eletricos-ao-absorver-parte-da-aliquota-de-importacao\/","title":{"rendered":"Volvo adota estrat\u00e9gia para minimizar impacto de aumento de pre\u00e7os em carros el\u00e9tricos ao absorver parte da al\u00edquota de importa\u00e7\u00e3o"},"content":{"rendered":"<div class='code-block code-block-1' style='margin: 8px 0 8px auto; text-align: right; display: block; clear: both;'>\n<p><a href=\"https:\/\/wa.link\/vpicfd\"><img data-recalc-dims=\"1\" class=\"wp-image-4922\" style=\"aspect-ratio: 2.0253164556962027; width: 561px; height: auto;\" src=\"https:\/\/i0.wp.com\/ismaelcolosi.com.br\/wp-content\/uploads\/2023\/11\/grupo-de-empregos-whatsapp-e-facebook-ismael-colosi-vagas.jpg?ssl=1\" alt=\"\" \/><\/a><\/p>\n<!-- \/wp:image -->\n<\/div>\n<p> <br \/>\n<\/p>\n<div>\n<figure><picture><source srcset=\"https:\/\/clickpetroleoegas.com.br\/wp-content\/uploads\/2023\/12\/volvo-adota-estrategia-para-minimizar-impacto-de-aumento-de-precos-em-carros-eletricos-ao-absorver-parte-da-aliquota-de-importacao-830x450.jpg.webp\" type=\"image\/webp\"><img data-recalc-dims=\"1\" loading=\"lazy\" width=\"830\" height=\"450\" src=\"https:\/\/i0.wp.com\/clickpetroleoegas.com.br\/wp-content\/uploads\/2023\/12\/volvo-adota-estrategia-para-minimizar-impacto-de-aumento-de-precos-em-carros-eletricos-ao-absorver-parte-da-aliquota-de-importacao-830x450.jpg?resize=830%2C450&#038;ssl=1\" class=\"fdnw-post-thumbnail fdnw-first-card-thumbnail wp-post-image\" alt=\"montadora sueca\" decoding=\"async\" data-eio=\"p\"\/><\/source><\/picture><figcaption class=\"fdnw-image-caption\">Divulga\u00e7\u00e3o\/Volvo \u2013 Todos os direitos: CanalTech<\/figcaption><\/figure>\n<h2 class=\"wp-block-heading\" id=\"h-volvo-eletrificados-no-brasil-terao-aumento-em-2024-mas-nao-aplicara-100-da-aliquota-de-importacao-do-governo\">Volvo eletrificados no Brasil ter\u00e3o aumento em 2024, mas n\u00e3o aplicar\u00e1 100% da al\u00edquota de importa\u00e7\u00e3o do governo.<\/h2>\n<p>At\u00e9 janeiro de 2024, os <a href=\"https:\/\/clickpetroleoegas.com.br\/ford-bate-recorde-inedito-de-vendas-de-carros-eletricos-neste-mes-de-novembro-com-f-150-lightning-liderando\/\" target=\"_blank\" rel=\"noopener\">carros<\/a> eletrificados da <b>Volvo<\/b> ainda contam com a isen\u00e7\u00e3o de impostos de <a href=\"https:\/\/clickpetroleoegas.com.br\/toyota-sienna-xse-2023-e-hibrida-a-minivan-americana-exclusiva-de-7-lugares-que-chega-no-brasil-somente-por-importacao\/\" target=\"_blank\" rel=\"noopener\">importa\u00e7\u00e3o<\/a>, o que os torna mais acess\u00edveis para os consumidores interessados nessa tecnologia. No entanto, a partir dessa data, a situa\u00e7\u00e3o ir\u00e1 mudar e os pre\u00e7os desses ve\u00edculos tendem <a href=\"https:\/\/clickpetroleoegas.com.br\/category\/petroleo-oleo-e-gas\/\" target=\"_blank\" rel=\"noopener\">a subir consideravelmente.<\/a><\/p>\n<ul>\n<li><b>Quanto custar\u00e3o os 10 <a href=\"https:\/\/clickpetroleoegas.com.br\/ford-bate-recorde-inedito-de-vendas-de-carros-eletricos-neste-mes-de-novembro-com-f-150-lightning-liderando\/\" target=\"_blank\" rel=\"noopener\">carros el\u00e9tricos<\/a> mais vendidos com volta de impostos?<\/b><\/li>\n<li><b>Est\u00e1 na hora de comprar um carro el\u00e9trico?<\/b><\/li>\n<\/ul>\n<p>A <b>montadora sueca<\/b>, ciente do impacto que essa medida pode ter no bolso dos consumidores, est\u00e1 buscando alternativas para minimizar o aumento nos pre\u00e7os. A estrat\u00e9gia da <b>Volvo<\/b> \u00e9 adotar uma matem\u00e1tica pr\u00f3pria que visa amenizar o impacto da al\u00edquota definida pelo governo para n\u00e3o sobrecarregar seus clientes.<\/p>\n<p> <span class=\"fdnw-card-article-related\"> <span class=\"h4 fdnw-card-article-related-title\">Artigos recomendados<\/span> <\/span> <\/p>\n<h2 class=\"wp-block-heading\" id=\"h-volvo-confirma-aumento-de-precos-no-brasil\">Volvo confirma aumento de pre\u00e7os no Brasil<\/h2>\n<p>Marcelo Godoy, presidente da Volvo no Brasil, confirmou que, na m\u00e9dia, os carros da montadora sueca ficar\u00e3o entre 5% e 10% mais caros no pa\u00eds. Os percentuais ser\u00e3o aplicados de acordo com o <a href=\"https:\/\/pt.wikipedia.org\/wiki\/El%C3%A9tricos_de_Lisboa\" target=\"_blank\" rel=\"noopener nofollow\" class=\"external\">modelo e a motoriza\u00e7\u00e3o<\/a>.<\/p>\n<p>O SUV el\u00e9trico popular, Volvo EX30, lan\u00e7ado para ser o modelo \u2018popular\u2019 da marca no Brasil, com pre\u00e7os entre R$ 219.950 e R$ 279.950, ser\u00e1 o menos impactado pelo imposto de <a href=\"https:\/\/clickpetroleoegas.com.br\/toyota-sienna-xse-2023-e-hibrida-a-minivan-americana-exclusiva-de-7-lugares-que-chega-no-brasil-somente-por-importacao\/\" target=\"_blank\" rel=\"noopener\">importa\u00e7\u00e3o<\/a>, com aumento de 5% para toda a gama.<\/p>\n<p>Em compensa\u00e7\u00e3o, a Volvo informou que at\u00e9 mesmo os clientes que fizeram a pr\u00e9-reserva do modelo (cerca de 2.000), previsto para come\u00e7ar a ser entregue no 1\u00ba trimestre de 2024, n\u00e3o escapar\u00e3o do aumento por conta da volta da al\u00edquota imposta pelo governo.<\/p>\n<div class=\"code-block code-block-5\" style=\"margin: 8px auto; text-align: center; display: block; clear: both;\"> <a href=\"https:\/\/suaads.com\/ref\/ISMAELCOLOSI\" target=\"_blank\" rel=\"noopener\"><img data-recalc-dims=\"1\" decoding=\"async\" src=\"https:\/\/i0.wp.com\/suaurl.com\/img\/bannersref\/s.png?ssl=1\" alt=\"SuaUrl\"  style=\"max-width: 100%;\" class=\"lazy\" loading=\"lazy\"\/><noscript><img data-recalc-dims=\"1\" decoding=\"async\" src=\"https:\/\/i0.wp.com\/suaurl.com\/img\/bannersref\/s.png?ssl=1\" alt=\"SuaUrl\"  style=\"max-width: 100%;\"\/><\/noscript><\/a><\/div>\n<h2 class=\"wp-block-heading\" id=\"h-volvo-absorve-parte-do-imposto-para-manter-objetivos-comerciais-no-pais\">Volvo absorve parte do imposto para manter objetivos comerciais no pa\u00eds<\/h2>\n<p>O presidente da Volvo ressaltou que a marca est\u00e1 absorvendo metade do imposto (no caso do EX30) para \u2018deixar claro ao mercado quais os objetivos comerciais no pa\u00eds\u2019 e, tamb\u00e9m, para \u2018refor\u00e7ar a constru\u00e7\u00e3o de marca\u2019 no Brasil.<\/p>\n<p>Os demais modelos el\u00e9tricos da Volvo, XC40 e C40, ter\u00e3o seus pre\u00e7os majorados em 10%, assim como os h\u00edbridos plug-in da marca, o XC60 e o XC90. O aumento aplicado para a dupla tamb\u00e9m \u00e9 menor do que o estabelecido pelo governo para h\u00edbridos, que ser\u00e1 de 12% a partir de janeiro de 2024.<\/p>\n<h2 class=\"wp-block-heading\" id=\"h-volvo-nao-seguira-tabela-de-aliquotas-do-governo\">Volvo n\u00e3o seguir\u00e1 tabela de al\u00edquotas do governo<\/h2>\n<p>Vale refor\u00e7ar tamb\u00e9m que a Volvo n\u00e3o pretende seguir a tabela de al\u00edquotas do governo, que ter\u00e1 novos aumentos em julho de 2024, julho de 2025 e julho de 2026, chegando a um \u00e1pice de 35% para todos os carros eletrificados. A montadora sueca vai aplicar uma \u00fanica vez a al\u00edquota de 5% ou 10% nos carros vendidos no Brasil.<\/p>\n<p>Fonte: <b>Canal Tech<\/b><\/p>\n<div class=\"code-block code-block-10\" style=\"margin: 8px auto; text-align: center; display: block; clear: both;\">\n<hr class=\"wp-block-separator has-alpha-channel-opacity is-style-wide\"\/>\n<p>Voc\u00ea quer receber apenas not\u00edcias e vagas de emprego do seu interesse? A solu\u00e7\u00e3o chegou atrav\u00e9s do app <a href=\"https:\/\/play.google.com\/store\/apps\/details?id=com.clickpetroleoapp&amp;hl=pt&amp;gl=US\" class=\"external\" rel=\"nofollow noopener\" target=\"_blank\"><strong>CPG VAGAS E NOT\u00cdCIAS!<\/strong><\/a> Se voc\u00ea \u00e9 pintor, vai receber no seu celular apenas oportunidades neste cargo. E ser\u00e1 assim com pedreiro, t\u00e9cnico, engenheiro e etc\u2026.. N\u00e3o perca nada do que acontece no mercado de trabalho e econ\u00f4mico do Brasil, baixe agora o app <a href=\"https:\/\/play.google.com\/store\/apps\/details?id=com.clickpetroleoapp&amp;hl=pt&amp;gl=US\" class=\"external\" rel=\"nofollow noopener\" target=\"_blank\">CPG VAGAS E NOT\u00cdCIAS, dispon\u00edvel para Android e IOS!<\/a><\/p>\n<figure class=\"wp-block-image aligncenter size-full\"><a href=\"https:\/\/play.google.com\/store\/apps\/details?id=com.clickpetroleoapp&amp;hl=pt&amp;gl=US\" target=\"_blank\" rel=\"noreferrer noopener nofollow\" class=\"external\"><img data-recalc-dims=\"1\" decoding=\"async\" width=\"1280\" height=\"387\" alt=\"APP CPG VAGAS E NOT\u00cdCIAS\" class=\"wp-image-105306 ewww_webp_lazy_load lazy\" src=\"https:\/\/i0.wp.com\/clickpetroleoegas.com.br\/wp-content\/uploads\/2023\/09\/Aplicativo-de-vagas-de-empregos-e-noticias-da-sua-regiao.jpg.webp?resize=1280%2C387&#038;ssl=1\" loading=\"lazy\"\/><noscript><img data-recalc-dims=\"1\" loading=\"lazy\" decoding=\"async\" width=\"1280\" height=\"387\" alt=\"APP CPG VAGAS E NOT\u00cdCIAS\" class=\"wp-image-105306 ewww_webp_lazy_load\" src=\"https:\/\/i0.wp.com\/clickpetroleoegas.com.br\/wp-content\/uploads\/2023\/09\/Aplicativo-de-vagas-de-empregos-e-noticias-da-sua-regiao.jpg.webp?resize=1280%2C387&#038;ssl=1\"\/><\/noscript><noscript><img data-recalc-dims=\"1\" loading=\"lazy\" decoding=\"async\" width=\"1280\" height=\"387\" src=\"https:\/\/i0.wp.com\/clickpetroleoegas.com.br\/wp-content\/uploads\/2023\/09\/Aplicativo-de-vagas-de-empregos-e-noticias-da-sua-regiao.jpg?resize=1280%2C387&#038;ssl=1\" alt=\"APP CPG VAGAS E NOT\u00cdCIAS\" class=\"wp-image-105306\"\/><\/noscript><\/a><\/figure>\n<\/p><\/div>\n<\/p><\/div>\n<p><script type=\"text\/plain\" data-service=\"facebook\" data-category=\"marketing\">\n!function(f,b,e,v,n,t,s)\n{if(f.fbq)return;n=f.fbq=function(){n.callMethod?\nn.callMethod.apply(n,arguments):n.queue.push(arguments)};\nif(!f._fbq)f._fbq=n;n.push=n;n.loaded=!0;n.version='2.0';\nn.queue=[];t=b.createElement(e);t.async=!0;\nt.src=v;s=b.getElementsByTagName(e)[0];\ns.parentNode.insertBefore(t,s)}(window, document,'script',\n'https:\/\/connect.facebook.net\/en_US\/fbevents.js');\nfbq('init', '5536651029690406');\nfbq('track', 'PageView');\n<\/script><script type=\"text\/plain\" data-service=\"facebook\" data-category=\"marketing\" async defer crossorigin=\"anonymous\" data-rocket-data-cmplz-src=\"https:\/\/connect.facebook.net\/en_US\/sdk.js#xfbml=1&#038;version=v12.0&amp;appId=1127332727839552&#038;autoLogAppEvents=1\">\n<\/script><br \/>\n<br \/><br \/>\n<br \/><a href=\"https:\/\/ismaelcolosi.com.br\/volvo-adota-estrategia-para-minimizar-impacto-de-aumento-de-precos-em-carros-eletricos-ao-absorver-parte-da-aliquota-de-importacao\/\">Source link <\/a><\/p>\n<!-- CONTENT END 1 -->\n","protected":false},"excerpt":{"rendered":"<p>Divulga\u00e7\u00e3o\/Volvo \u2013 Todos os direitos: CanalTech Volvo eletrificados no Brasil ter\u00e3o aumento em 2024, mas n\u00e3o aplicar\u00e1 100% da al\u00edquota de importa\u00e7\u00e3o do governo. At\u00e9&#8230;<\/p>\n","protected":false},"author":1,"featured_media":12545,"comment_status":"open","ping_status":"open","sticky":false,"template":"","format":"standard","meta":{"advanced_seo_description":"","jetpack_seo_html_title":"","jetpack_seo_noindex":false,"jetpack_post_was_ever_published":false,"_jetpack_newsletter_access":"","_jetpack_dont_email_post_to_subs":false,"_jetpack_newsletter_tier_id":0,"_jetpack_memberships_contains_paywalled_content":false,"_jetpack_memberships_contains_paid_content":false,"footnotes":"","jetpack_publicize_message":"","jetpack_publicize_feature_enabled":true,"jetpack_social_post_already_shared":true,"jetpack_social_options":{"image_generator_settings":{"template":"highway","default_image_id":0,"font":"","enabled":false},"version":2}},"categories":[7],"tags":[],"class_list":["post-12544","post","type-post","status-publish","format-standard","has-post-thumbnail","hentry","category-vagas-de-empregos-em-ribeirao-preto-regiao-brasil"],"jetpack_publicize_connections":[],"jetpack_featured_media_url":"https:\/\/i0.wp.com\/noticiasribeiraopreto.com.br\/wp-content\/uploads\/2023\/12\/volvo-adota-estrategia-para-minimizar-impacto-de-aumento-de-precos-em-carros-eletricos-ao-absorver-parte-da-aliquota-de-importacao-830x450.jpg?fit=830%2C450&ssl=1","jetpack-related-posts":[{"id":12374,"url":"https:\/\/noticiasribeiraopreto.com.br\/index.php\/2023\/12\/07\/publicidade-a-volvo-o-imposto-de-importacao-e-o-que-isso-tem-a-ver-com-a-sua-vida\/","url_meta":{"origin":12544,"position":0},"title":"PUBLICIDADE \u2013 A Volvo, o imposto de importa\u00e7\u00e3o e o que isso tem a ver com a sua vida","author":"noticiasribeiraopreto.com.br","date":"7 de December de 2023","format":false,"excerpt":"O post PUBLICIDADE \u2013 A Volvo, o imposto de importa\u00e7\u00e3o e o que isso tem a ver com a sua vida apareceu primeiro em Jornal Tribuna Ribeir\u00e3o. Source link","rel":"","context":"In &quot;Not\u00edcias de Ribeir\u00e3o Preto-SP e Regi\u00e3o&quot;","block_context":{"text":"Not\u00edcias de Ribeir\u00e3o Preto-SP e Regi\u00e3o","link":"https:\/\/noticiasribeiraopreto.com.br\/index.php\/category\/noticias-de-ribeirao-preto-sp-e-regiao-ismael-colosi\/"},"img":{"alt_text":"","src":"https:\/\/i0.wp.com\/noticiasribeiraopreto.com.br\/wp-content\/uploads\/2023\/12\/ddd-scaled.jpg?fit=679%2C1200&ssl=1&resize=350%2C200","width":350,"height":200,"srcset":"https:\/\/i0.wp.com\/noticiasribeiraopreto.com.br\/wp-content\/uploads\/2023\/12\/ddd-scaled.jpg?fit=679%2C1200&ssl=1&resize=350%2C200 1x, https:\/\/i0.wp.com\/noticiasribeiraopreto.com.br\/wp-content\/uploads\/2023\/12\/ddd-scaled.jpg?fit=679%2C1200&ssl=1&resize=525%2C300 1.5x"},"classes":[]},{"id":29864,"url":"https:\/\/noticiasribeiraopreto.com.br\/index.php\/2024\/01\/19\/feita-de-aco-o-imposto-de-importacao-pode-subir-para-25-e-as-acoes-dessa-empresa-devem-sair-na-frente\/","url_meta":{"origin":12544,"position":1},"title":"Feita de a\u00e7o: o imposto de importa\u00e7\u00e3o pode subir para 25% e as a\u00e7\u00f5es dessa empresa devem sair na frente","author":"noticiasribeiraopreto.com.br","date":"19 de January de 2024","format":false,"excerpt":"A not\u00edcia de que o imposto de importa\u00e7\u00e3o pode aumentar geralmente \u00e9 negativa para as empresas \u2014 e pode refletir nas a\u00e7\u00f5es. Mas, no caso das sider\u00fargicas, a hist\u00f3ria \u00e9 um pouco diferente e, segundo o Ita\u00fa BBA, uma gigante do setor deve sair na frente. Em um poss\u00edvel aumento\u2026","rel":"","context":"In &quot;Dinheiro e Investimento&quot;","block_context":{"text":"Dinheiro e Investimento","link":"https:\/\/noticiasribeiraopreto.com.br\/index.php\/category\/dinheiro-e-investimento-como-fazer-como-ganhar\/"},"img":{"alt_text":"","src":"https:\/\/i0.wp.com\/noticiasribeiraopreto.com.br\/wp-content\/uploads\/2024\/01\/1705687177_shutterstock_1019087455-628x353.jpg?fit=628%2C353&ssl=1&resize=350%2C200","width":350,"height":200,"srcset":"https:\/\/i0.wp.com\/noticiasribeiraopreto.com.br\/wp-content\/uploads\/2024\/01\/1705687177_shutterstock_1019087455-628x353.jpg?fit=628%2C353&ssl=1&resize=350%2C200 1x, https:\/\/i0.wp.com\/noticiasribeiraopreto.com.br\/wp-content\/uploads\/2024\/01\/1705687177_shutterstock_1019087455-628x353.jpg?fit=628%2C353&ssl=1&resize=525%2C300 1.5x"},"classes":[]},{"id":64947,"url":"https:\/\/noticiasribeiraopreto.com.br\/index.php\/2025\/03\/13\/veja-quais-alimentos-terao-o-imposto-de-importacao-zerado-a-partir-desta-sexta\/","url_meta":{"origin":12544,"position":2},"title":"Veja quais alimentos ter\u00e3o o imposto de importa\u00e7\u00e3o zerado a partir desta sexta","author":"noticiasribeiraopreto.com.br","date":"13 de March de 2025","format":false,"excerpt":"Nesta quinta-feira (13), o Governo Federal anunciou a isen\u00e7\u00e3o do imposto de importa\u00e7\u00e3o para diversos alimentos, como caf\u00e9, carne e azeite. Sem prazo para a retomada dos tributos, a medida come\u00e7a a valer a partir desta sexta-feira (14). O an\u00fancio foi feito pelo vice-presidente e ministro do Desenvolvimento, Ind\u00fastria, Com\u00e9rcio\u2026","rel":"","context":"In &quot;Not\u00edcias de Ribeir\u00e3o Preto-SP e Regi\u00e3o&quot;","block_context":{"text":"Not\u00edcias de Ribeir\u00e3o Preto-SP e Regi\u00e3o","link":"https:\/\/noticiasribeiraopreto.com.br\/index.php\/category\/noticias-de-ribeirao-preto-sp-e-regiao-ismael-colosi\/"},"img":{"alt_text":"","src":"https:\/\/i0.wp.com\/noticiasribeiraopreto.com.br\/wp-content\/uploads\/2025\/03\/Copia-de-Copia-de-Copia-de-TAMANHO-EXATO-PARA-FOTOS-NO-SISTEMA-NOVO-2025-03-13T212542.454_2025-03-14_00-25-59_png_2025-03-14_00-25-59.webp.webp?fit=1200%2C675&ssl=1&resize=350%2C200","width":350,"height":200,"srcset":"https:\/\/i0.wp.com\/noticiasribeiraopreto.com.br\/wp-content\/uploads\/2025\/03\/Copia-de-Copia-de-Copia-de-TAMANHO-EXATO-PARA-FOTOS-NO-SISTEMA-NOVO-2025-03-13T212542.454_2025-03-14_00-25-59_png_2025-03-14_00-25-59.webp.webp?fit=1200%2C675&ssl=1&resize=350%2C200 1x, https:\/\/i0.wp.com\/noticiasribeiraopreto.com.br\/wp-content\/uploads\/2025\/03\/Copia-de-Copia-de-Copia-de-TAMANHO-EXATO-PARA-FOTOS-NO-SISTEMA-NOVO-2025-03-13T212542.454_2025-03-14_00-25-59_png_2025-03-14_00-25-59.webp.webp?fit=1200%2C675&ssl=1&resize=525%2C300 1.5x, https:\/\/i0.wp.com\/noticiasribeiraopreto.com.br\/wp-content\/uploads\/2025\/03\/Copia-de-Copia-de-Copia-de-TAMANHO-EXATO-PARA-FOTOS-NO-SISTEMA-NOVO-2025-03-13T212542.454_2025-03-14_00-25-59_png_2025-03-14_00-25-59.webp.webp?fit=1200%2C675&ssl=1&resize=700%2C400 2x, https:\/\/i0.wp.com\/noticiasribeiraopreto.com.br\/wp-content\/uploads\/2025\/03\/Copia-de-Copia-de-Copia-de-TAMANHO-EXATO-PARA-FOTOS-NO-SISTEMA-NOVO-2025-03-13T212542.454_2025-03-14_00-25-59_png_2025-03-14_00-25-59.webp.webp?fit=1200%2C675&ssl=1&resize=1050%2C600 3x"},"classes":[]},{"id":17694,"url":"https:\/\/noticiasribeiraopreto.com.br\/index.php\/2023\/12\/18\/o-que-esperar-para-a-geracao-de-empregos-e-negocios\/","url_meta":{"origin":12544,"position":3},"title":"o que esperar para a gera\u00e7\u00e3o de empregos e neg\u00f3cios?","author":"noticiasribeiraopreto.com.br","date":"18 de December de 2023","format":false,"excerpt":"A reforma tribut\u00e1ria, aprovada no Senado em novembro de 2023, prev\u00ea a cria\u00e7\u00e3o de um imposto sobre valor agregado (IVA) dual, com al\u00edquotas de 17% e 27,5%. As al\u00edquotas mais altas ser\u00e3o aplicadas aos servi\u00e7os, que ter\u00e3o uma carga tribut\u00e1ria estimada em 27,5%, mais alta que os atuais 9,25% do\u2026","rel":"","context":"In &quot;Vagas de Emprego em Ribeir\u00e3o Preto-SP&quot;","block_context":{"text":"Vagas de Emprego em Ribeir\u00e3o Preto-SP","link":"https:\/\/noticiasribeiraopreto.com.br\/index.php\/category\/empregos-classificados-vagas-trabalho\/vagas-de-empregos-em-ribeirao-preto-regiao-brasil\/"},"img":{"alt_text":"","src":"https:\/\/i0.wp.com\/noticiasribeiraopreto.com.br\/wp-content\/uploads\/2023\/12\/1702951498_real-novo-65-1.jpg?fit=1200%2C675&ssl=1&resize=350%2C200","width":350,"height":200,"srcset":"https:\/\/i0.wp.com\/noticiasribeiraopreto.com.br\/wp-content\/uploads\/2023\/12\/1702951498_real-novo-65-1.jpg?fit=1200%2C675&ssl=1&resize=350%2C200 1x, https:\/\/i0.wp.com\/noticiasribeiraopreto.com.br\/wp-content\/uploads\/2023\/12\/1702951498_real-novo-65-1.jpg?fit=1200%2C675&ssl=1&resize=525%2C300 1.5x, https:\/\/i0.wp.com\/noticiasribeiraopreto.com.br\/wp-content\/uploads\/2023\/12\/1702951498_real-novo-65-1.jpg?fit=1200%2C675&ssl=1&resize=700%2C400 2x, https:\/\/i0.wp.com\/noticiasribeiraopreto.com.br\/wp-content\/uploads\/2023\/12\/1702951498_real-novo-65-1.jpg?fit=1200%2C675&ssl=1&resize=1050%2C600 3x"},"classes":[]},{"id":71742,"url":"https:\/\/noticiasribeiraopreto.com.br\/index.php\/2025\/06\/09\/jornal-da-franca-camara-de-franca-vota-mocao-de-repudio-ao-aumento-da-aliquota-do-iof-pelo-governo\/","url_meta":{"origin":12544,"position":4},"title":"Jornal da Franca &#8211; C\u00e2mara de Franca vota mo\u00e7\u00e3o de rep\u00fadio ao aumento da al\u00edquota do IOF pelo governo","author":"noticiasribeiraopreto.com.br","date":"9 de June de 2025","format":false,"excerpt":"compartilhar no whatsapp compartilhar no telegram compartilhar no facebook compartilhar no linkedin Para Daniel Bassi, s\u00e3o preocupantes os efeitos da medida sobre a popula\u00e7\u00e3o de Franca A C\u00e2mara Municipal de Franca votar\u00e1mo\u00e7\u00e3o de rep\u00fadio ao aumento do Imposto sobre Opera\u00e7\u00f5es Financeiras (IOF) pelo governo federal. A medida, segundo o presidente\u2026","rel":"","context":"In &quot;Not\u00edcias de Franca-SP&quot;","block_context":{"text":"Not\u00edcias de Franca-SP","link":"https:\/\/noticiasribeiraopreto.com.br\/index.php\/category\/noticias-de-ribeirao-preto-sp-e-regiao-ismael-colosi\/noticias-franca-sp\/"},"img":{"alt_text":"","src":"https:\/\/i0.wp.com\/noticiasribeiraopreto.com.br\/wp-content\/uploads\/2025\/06\/bassi19sessao.jpg?fit=986%2C526&ssl=1&resize=350%2C200","width":350,"height":200,"srcset":"https:\/\/i0.wp.com\/noticiasribeiraopreto.com.br\/wp-content\/uploads\/2025\/06\/bassi19sessao.jpg?fit=986%2C526&ssl=1&resize=350%2C200 1x, https:\/\/i0.wp.com\/noticiasribeiraopreto.com.br\/wp-content\/uploads\/2025\/06\/bassi19sessao.jpg?fit=986%2C526&ssl=1&resize=525%2C300 1.5x, https:\/\/i0.wp.com\/noticiasribeiraopreto.com.br\/wp-content\/uploads\/2025\/06\/bassi19sessao.jpg?fit=986%2C526&ssl=1&resize=700%2C400 2x"},"classes":[]},{"id":51980,"url":"https:\/\/noticiasribeiraopreto.com.br\/index.php\/2024\/06\/02\/saiba-o-que-muda-se-a-taxacao-de-compras-internacionais-de-ate-us-50-for-aprovada\/","url_meta":{"origin":12544,"position":5},"title":"Saiba o que muda se a taxa\u00e7\u00e3o de compras internacionais de at\u00e9 US$ 50 for aprovada","author":"noticiasribeiraopreto.com.br","date":"2 de June de 2024","format":false,"excerpt":"A cobran\u00e7a de Imposto de Importa\u00e7\u00e3o para compras de at\u00e9 US$ 50 (equivalente a cerca de R$ 260) deve ser votada pelo Senado nesta semana, de acordo com o presidente da Casa, Rodrigo Pacheco (PSD-MG). O tributo impacta, principalmente, compras de itens de vestu\u00e1rio feminino por meio de varejistas internacionais.\u2026","rel":"","context":"In &quot;Not\u00edcias de Ribeir\u00e3o Preto-SP e Regi\u00e3o&quot;","block_context":{"text":"Not\u00edcias de Ribeir\u00e3o Preto-SP e Regi\u00e3o","link":"https:\/\/noticiasribeiraopreto.com.br\/index.php\/category\/noticias-de-ribeirao-preto-sp-e-regiao-ismael-colosi\/"},"img":{"alt_text":"","src":"https:\/\/i0.wp.com\/noticiasribeiraopreto.com.br\/wp-content\/uploads\/2024\/06\/IMPORTACAO_2024-06-02_20-40-56_jpg_2024-06-02_20-40-56.webp.webp?fit=1200%2C696&ssl=1&resize=350%2C200","width":350,"height":200,"srcset":"https:\/\/i0.wp.com\/noticiasribeiraopreto.com.br\/wp-content\/uploads\/2024\/06\/IMPORTACAO_2024-06-02_20-40-56_jpg_2024-06-02_20-40-56.webp.webp?fit=1200%2C696&ssl=1&resize=350%2C200 1x, https:\/\/i0.wp.com\/noticiasribeiraopreto.com.br\/wp-content\/uploads\/2024\/06\/IMPORTACAO_2024-06-02_20-40-56_jpg_2024-06-02_20-40-56.webp.webp?fit=1200%2C696&ssl=1&resize=525%2C300 1.5x, https:\/\/i0.wp.com\/noticiasribeiraopreto.com.br\/wp-content\/uploads\/2024\/06\/IMPORTACAO_2024-06-02_20-40-56_jpg_2024-06-02_20-40-56.webp.webp?fit=1200%2C696&ssl=1&resize=700%2C400 2x, https:\/\/i0.wp.com\/noticiasribeiraopreto.com.br\/wp-content\/uploads\/2024\/06\/IMPORTACAO_2024-06-02_20-40-56_jpg_2024-06-02_20-40-56.webp.webp?fit=1200%2C696&ssl=1&resize=1050%2C600 3x"},"classes":[]}],"jetpack_sharing_enabled":true,"jetpack_shortlink":"https:\/\/wp.me\/peQAOb-3gk","_links":{"self":[{"href":"https:\/\/noticiasribeiraopreto.com.br\/index.php\/wp-json\/wp\/v2\/posts\/12544","targetHints":{"allow":["GET"]}}],"collection":[{"href":"https:\/\/noticiasribeiraopreto.com.br\/index.php\/wp-json\/wp\/v2\/posts"}],"about":[{"href":"https:\/\/noticiasribeiraopreto.com.br\/index.php\/wp-json\/wp\/v2\/types\/post"}],"author":[{"embeddable":true,"href":"https:\/\/noticiasribeiraopreto.com.br\/index.php\/wp-json\/wp\/v2\/users\/1"}],"replies":[{"embeddable":true,"href":"https:\/\/noticiasribeiraopreto.com.br\/index.php\/wp-json\/wp\/v2\/comments?post=12544"}],"version-history":[{"count":0,"href":"https:\/\/noticiasribeiraopreto.com.br\/index.php\/wp-json\/wp\/v2\/posts\/12544\/revisions"}],"wp:featuredmedia":[{"embeddable":true,"href":"https:\/\/noticiasribeiraopreto.com.br\/index.php\/wp-json\/wp\/v2\/media\/12545"}],"wp:attachment":[{"href":"https:\/\/noticiasribeiraopreto.com.br\/index.php\/wp-json\/wp\/v2\/media?parent=12544"}],"wp:term":[{"taxonomy":"category","embeddable":true,"href":"https:\/\/noticiasribeiraopreto.com.br\/index.php\/wp-json\/wp\/v2\/categories?post=12544"},{"taxonomy":"post_tag","embeddable":true,"href":"https:\/\/noticiasribeiraopreto.com.br\/index.php\/wp-json\/wp\/v2\/tags?post=12544"}],"curies":[{"name":"wp","href":"https:\/\/api.w.org\/{rel}","templated":true}]}}