{"id":12551,"date":"2023-12-08T08:36:47","date_gmt":"2023-12-08T11:36:47","guid":{"rendered":"https:\/\/noticiasribeiraopreto.com.br\/index.php\/2023\/12\/08\/19-estreias-nos-streamings-e-nos-cinemas-para-ver-neste-final-de-semana\/"},"modified":"2023-12-08T08:36:47","modified_gmt":"2023-12-08T11:36:47","slug":"19-estreias-nos-streamings-e-nos-cinemas-para-ver-neste-final-de-semana","status":"publish","type":"post","link":"https:\/\/noticiasribeiraopreto.com.br\/index.php\/2023\/12\/08\/19-estreias-nos-streamings-e-nos-cinemas-para-ver-neste-final-de-semana\/","title":{"rendered":"19 estreias nos streamings e nos cinemas para ver neste final de semana"},"content":{"rendered":"<div class='code-block code-block-1' style='margin: 8px 0 8px auto; text-align: right; display: block; clear: both;'>\n<p><a href=\"https:\/\/wa.link\/vpicfd\"><img data-recalc-dims=\"1\" class=\"wp-image-4922\" style=\"aspect-ratio: 2.0253164556962027; width: 561px; height: auto;\" src=\"https:\/\/i0.wp.com\/ismaelcolosi.com.br\/wp-content\/uploads\/2023\/11\/grupo-de-empregos-whatsapp-e-facebook-ismael-colosi-vagas.jpg?ssl=1\" alt=\"\" \/><\/a><\/p>\n<!-- \/wp:image -->\n<\/div>\n<p> <br \/>\n<\/p>\n<div>\n<div id=\"attachment_2315814\" class=\"wp-caption alignnone\">\n<div class=\"d-flex justify-content-center\" data-attachment-id=\"2315814\">\n<div class=\"position-relative d-inline-block\"><img data-recalc-dims=\"1\" data-portal-copyright=\"Depositphotos\/Naito29\" fetchpriority=\"high\" decoding=\"async\" class=\"size-full wp-image-2315814\" src=\"https:\/\/i0.wp.com\/catracalivre.com.br\/wp-content\/uploads\/2023\/12\/depositphotos-438046142-xl-scaled-e1701401188290.jpg?resize=2368%2C1472&#038;ssl=1\" alt=\"Lan\u00e7amentos nos streamings e nos cinemas para assistir no final de semana\" width=\"2368\" height=\"1472\" srcset=\"https:\/\/catracalivre.com.br\/wp-content\/uploads\/2023\/12\/depositphotos-438046142-xl-scaled-e1701401188290.jpg 2368w, https:\/\/catracalivre.com.br\/wp-content\/uploads\/2023\/12\/depositphotos-438046142-xl-scaled-e1701401188290-450x280.jpg 450w, https:\/\/catracalivre.com.br\/wp-content\/uploads\/2023\/12\/depositphotos-438046142-xl-scaled-e1701401188290-768x477.jpg 768w\" sizes=\"(max-width: 2368px) 100vw, 2368px\"\/><\/p>\n<p>Cr\u00e9ditos: Depositphotos\/Naito29<\/p>\n<\/div>\n<\/div>\n<p><span class=\"post-imagem__legenda\">Lan\u00e7amentos nos streamings e nos cinemas para assistir no final de semana<\/span><\/p>\n<\/div>\n<p>A semana foi movimentada nos <a href=\"https:\/\/catracalivre.com.br\/entretenimento\/5-streamings-mais-em-conta-que-a-netflix\/\" target=\"_blank\" rel=\"noopener\">streamings<\/a> e nos cinemas. Novos <a href=\"https:\/\/catracalivre.com.br\/agenda\/desconto-cinesala-sp\/\" target=\"_blank\" rel=\"noopener\">filmes<\/a> e <a href=\"https:\/\/catracalivre.com.br\/entretenimento\/20-series-da-netflix-foram-canceladas-em-2023-qual-voce-assistia\/\" target=\"_blank\" rel=\"noopener\">s\u00e9ries<\/a> imperd\u00edveis estrearam entre 26 de novembro e 2 de dezembro. Pois \u00e9\u2026 Dezembro chegou com tudo!<\/p>\n<p>A lista tem filmes natalinos, s\u00e9ries biogr\u00e1ficas, com\u00e9dias rom\u00e2nticas, um longa de terror e muito mais. Abaixo, veja os principais <a href=\"https:\/\/catracalivre.com.br\/entretenimento\/9-lancamentos-da-netflix-desta-semana-que-voce-ainda-nao-viu\/\" target=\"_blank\" rel=\"noopener\">lan\u00e7amentos<\/a> da semana e aproveita o final de semana para maratonar nos streamings ou at\u00e9 mesmo nos cinemas.<\/p>\n<h2>1) \u201cBem\u2014Vindos \u00e0 Austr\u00e1lia\u201d \u2013 1\u00aa temporada da s\u00e9rie<\/h2>\n<p><strong>Data de estreia: <\/strong>26 de novembro<br \/><strong>Onde assistir:<\/strong> <a href=\"https:\/\/www.starplus.com\/pt-br\" target=\"_blank\" rel=\"noopener\">Star+<\/a><\/p>\n<p>A hist\u00f3ria gira em torno de uma aristocrata inglesa, Lady Sarah Ashley, que cruza o mundo para enfrentar seu marido rebelde e vender um bem incomum: uma fazenda de gado de 400 mil hectares no Outback australiano chamada \u201cFaraway Downs\u201d.<\/p>\n<p class=\"embed-responsive embed-responsive-16by9 mb-3 d-block\"><iframe loading=\"lazy\" title=\"Bem-Vindos \u00e0 Austr\u00e1lia | Trailer Oficial Dublado | Star+\" width=\"500\" height=\"281\" src=\"https:\/\/www.youtube.com\/embed\/JaReQT5ogxI?feature=oembed\" frameborder=\"0\" allow=\"accelerometer; autoplay; clipboard-write; encrypted-media; gyroscope; picture-in-picture; web-share\" referrerpolicy=\"strict-origin-when-cross-origin\" allowfullscreen><\/iframe><\/p>\n<h2>2) \u201cO Voto de Morte\u201d \u2013 1\u00aa temporada da s\u00e9rie<\/h2>\n<p><strong>Data de estreia: <\/strong>27 de novembro<br \/><strong>Onde assistir:<\/strong> Prime Video<\/p>\n<p>Um justiceiro an\u00f4nimo conduz vota\u00e7\u00f5es digitais para condenar criminosos que escaparam da cadeia \u00e0 morte. A partir dessa elei\u00e7\u00e3o macabra, uma investiga\u00e7\u00e3o para desmascarar Gaetal acaba envolvendo um trio de especialistas numa dimens\u00e3o al\u00e9m da profissional.<\/p>\n<p class=\"embed-responsive embed-responsive-16by9 mb-3 d-block\"><iframe loading=\"lazy\" title=\"O Voto de Morte (The Killing Vote) \uad6d\ubbfc\uc0ac\ud615\ud22c\ud45c 2023 Trailer Official Prime Video\" width=\"500\" height=\"281\" src=\"https:\/\/www.youtube.com\/embed\/abfBf9XzvzA?feature=oembed\" frameborder=\"0\" allow=\"accelerometer; autoplay; clipboard-write; encrypted-media; gyroscope; picture-in-picture; web-share\" referrerpolicy=\"strict-origin-when-cross-origin\" allowfullscreen><\/iframe><\/p>\n<h2>3) \u201cCirurgias e Artimanhas\u201d \u2014 1\u00aa temporada da s\u00e9rie<\/h2>\n<p><strong>Data de estreia: <\/strong>29 de novembro<br \/><strong>Onde assistir:<\/strong> Star+<\/p>\n<p>A s\u00e9rie explora a vida dupla do famoso pr\u00edncipe dos ladr\u00f5es de Charles Dickens, agora um cirurgi\u00e3o na Austr\u00e1lia dos anos 1850, mas ainda tentado pelo crime. \u00c9 uma hist\u00f3ria irreverente de reinven\u00e7\u00e3o, trai\u00e7\u00e3o e amor \u2013 tudo com um toque especial.<\/p>\n<p class=\"embed-responsive embed-responsive-16by9 mb-3 d-block\"><iframe loading=\"lazy\" title=\"Cirurgias e Artimanhas - season 1 Trailer Original\" frameborder=\"0\" width=\"500\" height=\"281\" src=\"https:\/\/geo.dailymotion.com\/player.html?video=x8pvb8l&amp;\" allowfullscreen=\"\" allow=\"autoplay; fullscreen; picture-in-picture\"><\/iframe><\/p>\n<h2>4) \u201cSissi\u201d \u2013 2\u00aa temporada<\/h2>\n<p><strong>Data de estreia: <\/strong>29 de novembro<br \/><strong>Onde assistir:<\/strong> Globoplay<\/p>\n<p>O nascimento de seu filho e herdeiro do trono deveria ser a felicidade perfeita para Sisi e Franz. Em vez disso, esse momento alegre \u00e9 o \u00edmpeto para as lutas pelo poder na Europa e o in\u00edcio de in\u00fameros desafios privados para o casal.<\/p>\n<p class=\"embed-responsive embed-responsive-16by9 mb-3 d-block\"><a href=\"https:\/\/www.youtube.com\/watch?v=VBjjSFMjRyY\">https:\/\/www.youtube.com\/watch?v=VBjjSFMjRyY<\/a><\/p>\n<h2>5) \u201cNas Ondas da F\u00e9\u201d \u2013 Filme<\/h2>\n<p><strong>Data de estreia: <\/strong>29 de novembro<br \/><strong>Onde assistir:<\/strong> Prime Video<\/p>\n<p>Hickson \u00e9 um homem de f\u00e9 que se vira como pode para pagar os boletos no fim do m\u00eas. At\u00e9 que ele conquista um emprego em uma r\u00e1dio evang\u00e9lica. Com talento, dedica\u00e7\u00e3o e um empurr\u00e3ozinho de <span class=\"yZlgBd\">J\u00e9ssika, sua esposa, ele vai descobrir que nem mesmo o c\u00e9u \u00e9 limite.<\/span><\/p>\n<p class=\"embed-responsive embed-responsive-16by9 mb-3 d-block\"><iframe loading=\"lazy\" title=\"Nas Ondas da F\u00e9 | Trailer Oficial | 12 de Janeiro Nos Cinemas\" width=\"500\" height=\"281\" src=\"https:\/\/www.youtube.com\/embed\/QKA5Zac6jjw?feature=oembed\" frameborder=\"0\" allow=\"accelerometer; autoplay; clipboard-write; encrypted-media; gyroscope; picture-in-picture; web-share\" referrerpolicy=\"strict-origin-when-cross-origin\" allowfullscreen><\/iframe><\/p>\n<h2>6) \u201cA Magia de Aruna\u201d \u2013 1\u00aa temporada da s\u00e9rie<\/h2>\n<p><strong>Data de estreia: <\/strong>29 de novembro<br \/><strong>Onde assistir:<\/strong> Disney+<\/p>\n<p>A nova s\u00e9rie original brasileira da Disney acompanha a jovem Mima, uma adolescente que faz o que pode para esconder suas habilidades: um poder de hiper empatia, mas decide participar de uma competi\u00e7\u00e3o mesmo assim. Em um dos desafios, ela acaba perdendo o controle e acorda suas tr\u00eas Bruxas Guardi\u00e3s. Agora, elas precisaram lidar com Bruma, uma vil\u00e3 que se beneficia da crise solar em que a cidade vive.<\/p>\n<p class=\"embed-responsive embed-responsive-16by9 mb-3 d-block\"><iframe loading=\"lazy\" title=\"A Magia de Aruna | Trailer Oficial | Disney+\" width=\"500\" height=\"281\" src=\"https:\/\/www.youtube.com\/embed\/q9xURvz3fCM?feature=oembed\" frameborder=\"0\" allow=\"accelerometer; autoplay; clipboard-write; encrypted-media; gyroscope; picture-in-picture; web-share\" referrerpolicy=\"strict-origin-when-cross-origin\" allowfullscreen><\/iframe><\/p>\n<h2>7) \u201cSaturdays \u2013 Pista de Patina\u00e7\u00e3o\u201d \u2013 1\u00aa temporada da s\u00e9rie<\/h2>\n<p><strong>Data de estreia: <\/strong>29 de novembro<br \/><strong>Onde assistir: <\/strong>Disney+<\/p>\n<p>Na s\u00e9rie, a jovem Paris Johnson e suas melhores amigas formam uma equipe de patina\u00e7\u00e3o em que todas est\u00e3o determinadas a mostrar e provar que t\u00eam as rotinas mais sensacionais do planeta.<\/p>\n<p class=\"embed-responsive embed-responsive-16by9 mb-3 d-block\"><iframe loading=\"lazy\" title=\"Chamada Saturdays - Pista de Patina\u00e7\u00e3o - Disney Channel\" width=\"500\" height=\"281\" src=\"https:\/\/www.youtube.com\/embed\/u5a-oM4SpZ4?feature=oembed\" frameborder=\"0\" allow=\"accelerometer; autoplay; clipboard-write; encrypted-media; gyroscope; picture-in-picture; web-share\" referrerpolicy=\"strict-origin-when-cross-origin\" allowfullscreen><\/iframe><\/p>\n<h2><strong>8) \u201cVirgin River\u201d \u2013 Parte 2 da 5\u00aa temporada da s\u00e9rie<\/strong><\/h2>\n<p><strong>Data de estreia: <\/strong>30 de novembro<br \/><strong>Onde assistir: <\/strong>Netflix<\/p>\n<p>Mel se adapta a outro ritmo de vida. Jack trabalha para ampliar os neg\u00f3cios. Novas revela\u00e7\u00f5es e amea\u00e7as abalam Virgin River.<\/p>\n<p class=\"embed-responsive embed-responsive-16by9 mb-3 d-block\"><iframe loading=\"lazy\" title=\"Virgin River | Temporada 5: parte 1 | Trailer Oficial | Netflix Brasil\" width=\"500\" height=\"281\" src=\"https:\/\/www.youtube.com\/embed\/xbUo58Xb2AM?feature=oembed\" frameborder=\"0\" allow=\"accelerometer; autoplay; clipboard-write; encrypted-media; gyroscope; picture-in-picture; web-share\" referrerpolicy=\"strict-origin-when-cross-origin\" allowfullscreen><\/iframe><\/p>\n<h2>9) \u201cRitmo de Natal\u201d \u2013 Filme<\/h2>\n<p><strong>Data de estreia: <\/strong>30 de novembro<br \/><strong>Onde assistir:<\/strong> Globoplay<\/p>\n<p>Os streamings fazem tudo, pois este filme vai te ajudar a entrar no clima natalino no final de semana! Dante, um violinista da orquestra sinf\u00f4nica, planeja pedir sua namorada Mileny, uma funkeira de sucesso, em casamento, o que causa uma confus\u00e3o entre fam\u00edlias em plena v\u00e9spera de Natal.<\/p>\n<blockquote class=\"twitter-tweet\" data-media-max-width=\"560\">\n<p dir=\"ltr\" lang=\"pt\">Ideia de date: Passar o Natal juntinhos! \ud83c\udf84\ud83d\ude05<br \/>Ser\u00e1 que isso vai dar certo? \ud83d\udc40 Eu n\u00e3o sei, mas t\u00f4 doidinho pra descobrir com voc\u00eas em <a href=\"https:\/\/twitter.com\/hashtag\/RitmoDeNatal?src=hash&amp;ref_src=twsrc%5Etfw\">#RitmoDeNatal<\/a>. Pega o gorro do Papai Noel, que eu t\u00f4 todo natalino! \ud83d\ude0e\ud83c\udf85<a href=\"https:\/\/twitter.com\/hashtag\/PraTodosVerem?src=hash&amp;ref_src=twsrc%5Etfw\">#PraTodosVerem<\/a>: Teaser do filme Ritmo De Natal com flash de cenas dos\u2026 <a href=\"https:\/\/t.co\/aU4kkXPsKL\">pic.twitter.com\/aU4kkXPsKL<\/a><\/p>\n<p>\u2014 globoplay (@globoplay) <a href=\"https:\/\/twitter.com\/globoplay\/status\/1730338782551962105?ref_src=twsrc%5Etfw\">November 30, 2023<\/a><\/p>\n<\/blockquote>\n<h2><strong>10) \u201cExplosivos\u201d \u2013 S\u00e9rie<\/strong><\/h2>\n<p><strong>Data de estreia: <\/strong>30 de novembro<br \/><strong>Onde assistir:<\/strong> Netflix<\/p>\n<p>Nesta s\u00e9rie de com\u00e9dia e a\u00e7\u00e3o cheia de adrenalina dos criadores de Cobra Kai, uma equipe de elite enfrenta uma perigosa amea\u00e7a em Las Vegas.<\/p>\n<p class=\"embed-responsive embed-responsive-16by9 mb-3 d-block\"><iframe loading=\"lazy\" title=\"Explosivos | Trailer Oficial | Netflix Brasil\" width=\"500\" height=\"281\" src=\"https:\/\/www.youtube.com\/embed\/UVjg4fr-eJY?feature=oembed\" frameborder=\"0\" allow=\"accelerometer; autoplay; clipboard-write; encrypted-media; gyroscope; picture-in-picture; web-share\" referrerpolicy=\"strict-origin-when-cross-origin\" allowfullscreen><\/iframe><\/p>\n<h2><strong>11) \u201cTrocados\u201d \u2013 Filme<\/strong><\/h2>\n<p><strong>Data de estreia: <\/strong>30 de novembro<br \/><strong>Onde assistir:<\/strong> Netflix<\/p>\n<p>Uma fam\u00edlia encara uma situa\u00e7\u00e3o ca\u00f3tica quando um raro evento c\u00f3smico faz os pais trocarem de corpo com os filhos adolescentes, logo antes do Natal.<\/p>\n<p class=\"embed-responsive embed-responsive-16by9 mb-3 d-block\"><iframe loading=\"lazy\" title=\"Trocados | Jennifer Garner e Ed Helms | Trailer oficial | Netflix\" width=\"500\" height=\"281\" src=\"https:\/\/www.youtube.com\/embed\/8ZG1tHjrTfc?feature=oembed\" frameborder=\"0\" allow=\"accelerometer; autoplay; clipboard-write; encrypted-media; gyroscope; picture-in-picture; web-share\" referrerpolicy=\"strict-origin-when-cross-origin\" allowfullscreen><\/iframe><\/p>\n<h2><strong>12) \u201cAs Aventuras de Poliana \u2013 O Filme\u201d<\/strong><\/h2>\n<p><strong>Data de estreia: <\/strong>30 de novembro<br \/><strong>Onde assistir:<\/strong> nos cinemas<\/p>\n<p>Depois da novela de sucesso, Poliana agora ganhou seu pr\u00f3prio filme. Na trama, a jovem est\u00e1 determinada a conquistar sua t\u00e3o sonhada independ\u00eancia para estudar nos Estados Unidos, mas isso n\u00e3o ser\u00e1 t\u00e3o f\u00e1cil quanto pensou.<\/p>\n<p class=\"embed-responsive embed-responsive-16by9 mb-3 d-block\"><iframe loading=\"lazy\" title=\"As Aventuras de Poliana O Filme | Trailer com acessibilidade\" width=\"500\" height=\"281\" src=\"https:\/\/www.youtube.com\/embed\/x98DcqRW8m0?feature=oembed\" frameborder=\"0\" allow=\"accelerometer; autoplay; clipboard-write; encrypted-media; gyroscope; picture-in-picture; web-share\" referrerpolicy=\"strict-origin-when-cross-origin\" allowfullscreen><\/iframe><\/p>\n<h2>13) \u201cFolhas de Outono\u201d \u2013 Filme<\/h2>\n<p><strong>Data de estreia: <\/strong>30 de novembro<br \/><strong>Onde assistir:<\/strong> nos cinemas<\/p>\n<p>O filme <span class=\"amp-wp-fe3f5cc\" data-amp-original-style=\"font-weight: 400;\">acompanha a hist\u00f3ria de amor de Ansa, uma estoquista de supermercado, e Holappa, um ex-alco\u00f3latra. Eles vivem na Finl\u00e2ndia, pa\u00eds considerado o mais feliz do mundo. <\/span><span class=\"amp-wp-fe3f5cc\" data-amp-original-style=\"font-weight: 400;\">Mas a felicidade n\u00e3o garante a estabilidade do relacionamento.\u00a0<\/span><\/p>\n<p class=\"embed-responsive embed-responsive-16by9 mb-3 d-block\"><iframe loading=\"lazy\" title=\"FOLHAS DE OUTONO | Trailer Legendado\" width=\"500\" height=\"281\" src=\"https:\/\/www.youtube.com\/embed\/3ZO7k6PVofI?feature=oembed\" frameborder=\"0\" allow=\"accelerometer; autoplay; clipboard-write; encrypted-media; gyroscope; picture-in-picture; web-share\" referrerpolicy=\"strict-origin-when-cross-origin\" allowfullscreen><\/iframe><\/p>\n<h2><span class=\"amp-wp-fe3f5cc\" data-amp-original-style=\"font-weight: 400;\"><strong>14) \u201cO Jogo da Invoca\u00e7\u00e3o\u201d \u2013 Filme<\/strong><\/span><\/h2>\n<p><strong>Data de estreia: <\/strong>30 de novembro<br \/><strong>Onde assistir:<\/strong> nos cinemas<\/p>\n<p>Tem at\u00e9 filme de terror! Os adolescentes de Salem descobrem uma faca amaldi\u00e7oada que liberta um dem\u00f4nio. Este os for\u00e7a a entrar em vers\u00f5es horr\u00edveis e mortais de jogos infantis onde n\u00e3o h\u00e1 vencedores, apenas sobreviventes.<\/p>\n<p class=\"embed-responsive embed-responsive-16by9 mb-3 d-block\"><iframe loading=\"lazy\" title=\"O JOGO DA INVOCA\u00c7\u00c3O | Trailer Dublado\" width=\"500\" height=\"281\" src=\"https:\/\/www.youtube.com\/embed\/rbd7LKYtGVs?feature=oembed\" frameborder=\"0\" allow=\"accelerometer; autoplay; clipboard-write; encrypted-media; gyroscope; picture-in-picture; web-share\" referrerpolicy=\"strict-origin-when-cross-origin\" allowfullscreen><\/iframe><\/p>\n<h2><strong>15) \u201cO \u00daltimo dos Moicanos\u201d \u2013 Filme<\/strong><\/h2>\n<p><strong>Data de estreia: <\/strong>1\u00ba de dezembro<br \/><strong>Onde assistir:<\/strong> Netflix<\/p>\n<p>Na \u00e9poca colonial, um homem ingl\u00eas criado por povos nativos nos EUA se apaixona pela filha de um coronel brit\u00e2nico e acaba envolvido no sangrento conflito imperial.<\/p>\n<p class=\"embed-responsive embed-responsive-16by9 mb-3 d-block\"><iframe loading=\"lazy\" title=\"O \u00faltimo dos moicanos 1992 (The Last of the Mohicans) - Trailer musical\" width=\"500\" height=\"375\" src=\"https:\/\/www.youtube.com\/embed\/8DgbqbiLA-4?feature=oembed\" frameborder=\"0\" allow=\"accelerometer; autoplay; clipboard-write; encrypted-media; gyroscope; picture-in-picture; web-share\" referrerpolicy=\"strict-origin-when-cross-origin\" allowfullscreen><\/iframe><\/p>\n<h2>16) \u201cBetinho: No Fio da Navalha\u201d \u2013 S\u00e9rie<\/h2>\n<p><strong>Data de estreia: <\/strong>1\u00ba de dezembro<br \/><strong>Onde assistir:<\/strong> Globoplay<\/p>\n<p>A s\u00e9rie \u00e9 baseada na biografia de Herbert Jos\u00e9 de Souza, soci\u00f3logo, ativista pelos direitos humanos e s\u00edmbolo do combate \u00e0 fome no Brasil. Ele foi o brasileiro que chegou mais perto de ganhar o\u00a0pr\u00eamio Nobel\u00a0da Paz.<\/p>\n<p class=\"embed-responsive embed-responsive-16by9 mb-3 d-block\"><iframe loading=\"lazy\" title=\"Betinho: No Fio Da Navalha| Teaser | S\u00e9rie Original Globoplay\" width=\"500\" height=\"281\" src=\"https:\/\/www.youtube.com\/embed\/l2b3US5Q34s?feature=oembed\" frameborder=\"0\" allow=\"accelerometer; autoplay; clipboard-write; encrypted-media; gyroscope; picture-in-picture; web-share\" referrerpolicy=\"strict-origin-when-cross-origin\" allowfullscreen><\/iframe><\/p>\n<h2><strong>17) \u201cSweet Home\u201d \u2013 2\u00aa temporada da s\u00e9rie<\/strong><\/h2>\n<p><strong>Data de estreia: <\/strong>1\u00ba de dezembro<br \/><strong>Onde assistir:<\/strong> Netflix<\/p>\n<p>Quem est\u00e1 batendo \u00e0 porta? Um monstro, um humano, um h\u00edbrido\u2026 Os riscos s\u00e3o maiores do que nunca, o caos toma conta e ningu\u00e9m est\u00e1 a salvo da infec\u00e7\u00e3o.<\/p>\n<p class=\"embed-responsive embed-responsive-16by9 mb-3 d-block\"><iframe loading=\"lazy\" title=\"Sweet Home 2 | Trailer oficial | Netflix\" width=\"500\" height=\"281\" src=\"https:\/\/www.youtube.com\/embed\/ottSsbJmth8?feature=oembed\" frameborder=\"0\" allow=\"accelerometer; autoplay; clipboard-write; encrypted-media; gyroscope; picture-in-picture; web-share\" referrerpolicy=\"strict-origin-when-cross-origin\" allowfullscreen><\/iframe><\/p>\n<h2>18) \u201cN\u00e3o Enche!\u201d \u2013 Filme<\/h2>\n<p><strong>Data de estreia: <\/strong>1\u00ba de dezembro<br \/><strong>Onde assistir:<\/strong> Netflix<\/p>\n<p>Ap\u00f3s se conhecerem em um grupo de controle da raiva, duas mulheres se unem para expor um cirurgi\u00e3o pl\u00e1stico picareta e se tornam amigas em uma jornada transformadora. O final de semana promete nos streamings, hein?<\/p>\n<p class=\"embed-responsive embed-responsive-16by9 mb-3 d-block\"><iframe loading=\"lazy\" title=\"No me rompan - Trailer Oficial\" width=\"500\" height=\"281\" src=\"https:\/\/www.youtube.com\/embed\/OwxZamRXzaQ?feature=oembed\" frameborder=\"0\" allow=\"accelerometer; autoplay; clipboard-write; encrypted-media; gyroscope; picture-in-picture; web-share\" referrerpolicy=\"strict-origin-when-cross-origin\" allowfullscreen><\/iframe><\/p>\n<h2>19) \u201cA Batalha de Natal\u201d \u2013 Filme<\/h2>\n<p><strong>Data de estreia: <\/strong>1\u00ba de dezembro<br \/><strong>Onde assistir:<\/strong> Prime Video<\/p>\n<p>Depois que Chris faz um acordo com uma elfa para aumentar suas chances de vencer o concurso anual de decora\u00e7\u00e3o de Natal, ela lan\u00e7a um feiti\u00e7o que d\u00e1 vida aos 12 dias de Natal e causa estragos em toda a cidade. Correndo o risco de arruinar as f\u00e9rias de sua fam\u00edlia, Chris, sua esposa Carol e seus tr\u00eas filhos devem correr contra o rel\u00f3gio para quebrar o feiti\u00e7o e salvar o Natal.<\/p>\n<p class=\"embed-responsive embed-responsive-16by9 mb-3 d-block\"><iframe loading=\"lazy\" title=\"A Batalha de Natal | Trailer Oficial | Prime Video\" width=\"500\" height=\"281\" src=\"https:\/\/www.youtube.com\/embed\/_IipoDc5bpg?feature=oembed\" frameborder=\"0\" allow=\"accelerometer; autoplay; clipboard-write; encrypted-media; gyroscope; picture-in-picture; web-share\" referrerpolicy=\"strict-origin-when-cross-origin\" allowfullscreen><\/iframe><\/p>\n<\/div>\n<p><script async src=\"\/\/platform.twitter.com\/widgets.js\" charset=\"utf-8\"><\/script><script>\n\t\t! function(f, b, e, v, n, t, s) {\n\t\t\tif (f.fbq) return;\n\t\t\tn = f.fbq = function() {\n\t\t\t\tn.callMethod ?\n\t\t\t\t\tn.callMethod.apply(n, arguments) : n.queue.push(arguments)\n\t\t\t};\n\t\t\tif (!f._fbq) f._fbq = n;\n\t\t\tn.push = n;\n\t\t\tn.loaded = !0;\n\t\t\tn.version = '2.0';\n\t\t\tn.queue = [];\n\t\t\tt = b.createElement(e);\n\t\t\tt.async = !0;\n\t\t\tt.src = v;\n\t\t\ts = b.getElementsByTagName(e)[0];\n\t\t\ts.parentNode.insertBefore(t, s)\n\t\t}(window, document, 'script',\n\t\t\t'https:\/\/connect.facebook.net\/en_US\/fbevents.js');\n\t\tfbq('init', '338315473262380');\n\t\tfbq('track', 'PageView');\n\t<\/script><br \/>\n<br \/><br \/>\n<br \/><a href=\"https:\/\/catracalivre.com.br\/entretenimento\/19-estreias-nos-streamings-e-nos-cinemas-para-ver-neste-final-de-semana\/\">Source link <\/a><\/p>\n<!-- CONTENT END 1 -->\n","protected":false},"excerpt":{"rendered":"<p>Cr\u00e9ditos: Depositphotos\/Naito29 Lan\u00e7amentos nos streamings e nos cinemas para assistir no final de semana A semana foi movimentada nos streamings e nos cinemas. Novos filmes&#8230;<\/p>\n","protected":false},"author":1,"featured_media":12552,"comment_status":"open","ping_status":"open","sticky":false,"template":"","format":"standard","meta":{"advanced_seo_description":"","jetpack_seo_html_title":"","jetpack_seo_noindex":false,"jetpack_post_was_ever_published":false,"_jetpack_newsletter_access":"","_jetpack_dont_email_post_to_subs":false,"_jetpack_newsletter_tier_id":0,"_jetpack_memberships_contains_paywalled_content":false,"_jetpack_memberships_contains_paid_content":false,"footnotes":"","jetpack_publicize_message":"","jetpack_publicize_feature_enabled":true,"jetpack_social_post_already_shared":true,"jetpack_social_options":{"image_generator_settings":{"template":"highway","default_image_id":0,"font":"","enabled":false},"version":2}},"categories":[19],"tags":[],"class_list":["post-12551","post","type-post","status-publish","format-standard","has-post-thumbnail","hentry","category-variedades"],"jetpack_publicize_connections":[],"jetpack_featured_media_url":"https:\/\/i0.wp.com\/noticiasribeiraopreto.com.br\/wp-content\/uploads\/2023\/12\/depositphotos-438046142-xl-scaled-e1701401188290.jpg?fit=1200%2C638&ssl=1","jetpack-related-posts":[{"id":4486,"url":"https:\/\/noticiasribeiraopreto.com.br\/index.php\/2023\/11\/21\/confira-os-lancamentos-desta-semana-nos-streamings-e-nos-cinemas\/","url_meta":{"origin":12551,"position":0},"title":"Confira os lan\u00e7amentos desta semana nos streamings e nos cinemas","author":"noticiasribeiraopreto.com.br","date":"21 de November de 2023","format":false,"excerpt":"Cr\u00e9ditos: Reprodu\u00e7\u00e3o\/H2OFilmsLan\u00e7amentos da semana nos streamings e nos cinemas Mais uma semana est\u00e1 come\u00e7ando, ent\u00e3o que tal ficar por dentro de todas as novidades no streaming e no cinema at\u00e9 o pr\u00f3ximo s\u00e1bado, 25? A seguir, confira os novos filmes e s\u00e9ries para maratonar nos pr\u00f3ximos dias. Aproveite os lan\u00e7amentos!\u2026","rel":"","context":"In &quot;Variedades&quot;","block_context":{"text":"Variedades","link":"https:\/\/noticiasribeiraopreto.com.br\/index.php\/category\/variedades\/"},"img":{"alt_text":"","src":"https:\/\/i0.wp.com\/noticiasribeiraopreto.com.br\/wp-content\/uploads\/2023\/11\/fotos-catraca-2023-11-21t135722949.png?fit=1200%2C638&ssl=1&resize=350%2C200","width":350,"height":200,"srcset":"https:\/\/i0.wp.com\/noticiasribeiraopreto.com.br\/wp-content\/uploads\/2023\/11\/fotos-catraca-2023-11-21t135722949.png?fit=1200%2C638&ssl=1&resize=350%2C200 1x, https:\/\/i0.wp.com\/noticiasribeiraopreto.com.br\/wp-content\/uploads\/2023\/11\/fotos-catraca-2023-11-21t135722949.png?fit=1200%2C638&ssl=1&resize=525%2C300 1.5x, https:\/\/i0.wp.com\/noticiasribeiraopreto.com.br\/wp-content\/uploads\/2023\/11\/fotos-catraca-2023-11-21t135722949.png?fit=1200%2C638&ssl=1&resize=700%2C400 2x, https:\/\/i0.wp.com\/noticiasribeiraopreto.com.br\/wp-content\/uploads\/2023\/11\/fotos-catraca-2023-11-21t135722949.png?fit=1200%2C638&ssl=1&resize=1050%2C600 3x"},"classes":[]},{"id":8501,"url":"https:\/\/noticiasribeiraopreto.com.br\/index.php\/2023\/11\/30\/9-filmes-recem-lancados-nos-cinemas-que-ja-estao-nos-streamings-veja-a-lista\/","url_meta":{"origin":12551,"position":1},"title":"9 filmes rec\u00e9m-lan\u00e7ados nos cinemas que j\u00e1 est\u00e3o nos streamings; veja a lista","author":"noticiasribeiraopreto.com.br","date":"30 de November de 2023","format":false,"excerpt":"Cr\u00e9ditos: Depositphotos\/namakFilmes que mal sa\u00edram dos cinemas e j\u00e1 chegaram aos streamings N\u00e3o deu para ir ao cinema nos \u00faltimos meses e voc\u00ea acabou perdendo as estreias? Ent\u00e3o voc\u00ea vai amar saber que alguns dos maiores sucessos lan\u00e7ados em 2023 j\u00e1 chegaram aos streamings. Vale destacar que cada longa fica\u2026","rel":"","context":"In &quot;Variedades&quot;","block_context":{"text":"Variedades","link":"https:\/\/noticiasribeiraopreto.com.br\/index.php\/category\/variedades\/"},"img":{"alt_text":"","src":"https:\/\/i0.wp.com\/noticiasribeiraopreto.com.br\/wp-content\/uploads\/2023\/11\/depositphotos-644576188-xl-scaled.jpg?fit=1200%2C638&ssl=1&resize=350%2C200","width":350,"height":200,"srcset":"https:\/\/i0.wp.com\/noticiasribeiraopreto.com.br\/wp-content\/uploads\/2023\/11\/depositphotos-644576188-xl-scaled.jpg?fit=1200%2C638&ssl=1&resize=350%2C200 1x, https:\/\/i0.wp.com\/noticiasribeiraopreto.com.br\/wp-content\/uploads\/2023\/11\/depositphotos-644576188-xl-scaled.jpg?fit=1200%2C638&ssl=1&resize=525%2C300 1.5x, https:\/\/i0.wp.com\/noticiasribeiraopreto.com.br\/wp-content\/uploads\/2023\/11\/depositphotos-644576188-xl-scaled.jpg?fit=1200%2C638&ssl=1&resize=700%2C400 2x, https:\/\/i0.wp.com\/noticiasribeiraopreto.com.br\/wp-content\/uploads\/2023\/11\/depositphotos-644576188-xl-scaled.jpg?fit=1200%2C638&ssl=1&resize=1050%2C600 3x"},"classes":[]},{"id":24711,"url":"https:\/\/noticiasribeiraopreto.com.br\/index.php\/2024\/01\/04\/remake-de-meninas-malvadas-estreia-nos-cinemas-no-dia-11-meu-valor-digital\/","url_meta":{"origin":12551,"position":2},"title":"Remake de &#8220;Meninas Malvadas&#8221; estreia nos cinemas no dia 11 &#8211; Meu Valor Digital","author":"noticiasribeiraopreto.com.br","date":"4 de January de 2024","format":false,"excerpt":"Remake de \"Meninas Malvadas\" estreia nos cinemas no dia 11 - Meu Valor Digital - Not\u00edcias atualizadas In\u00edcioChamadasRemake de \u201cMeninas Malvadas\u201d estreia nos cinemas no dia 11 Source link","rel":"","context":"In &quot;Vagas de Emprego em Ribeir\u00e3o Preto-SP&quot;","block_context":{"text":"Vagas de Emprego em Ribeir\u00e3o Preto-SP","link":"https:\/\/noticiasribeiraopreto.com.br\/index.php\/category\/empregos-classificados-vagas-trabalho\/vagas-de-empregos-em-ribeirao-preto-regiao-brasil\/"},"img":{"alt_text":"","src":"https:\/\/i0.wp.com\/noticiasribeiraopreto.com.br\/wp-content\/uploads\/2024\/01\/Meninas-Malvadas-1.jpg?fit=1200%2C773&ssl=1&resize=350%2C200","width":350,"height":200,"srcset":"https:\/\/i0.wp.com\/noticiasribeiraopreto.com.br\/wp-content\/uploads\/2024\/01\/Meninas-Malvadas-1.jpg?fit=1200%2C773&ssl=1&resize=350%2C200 1x, https:\/\/i0.wp.com\/noticiasribeiraopreto.com.br\/wp-content\/uploads\/2024\/01\/Meninas-Malvadas-1.jpg?fit=1200%2C773&ssl=1&resize=525%2C300 1.5x, https:\/\/i0.wp.com\/noticiasribeiraopreto.com.br\/wp-content\/uploads\/2024\/01\/Meninas-Malvadas-1.jpg?fit=1200%2C773&ssl=1&resize=700%2C400 2x, https:\/\/i0.wp.com\/noticiasribeiraopreto.com.br\/wp-content\/uploads\/2024\/01\/Meninas-Malvadas-1.jpg?fit=1200%2C773&ssl=1&resize=1050%2C600 3x"},"classes":[]},{"id":17708,"url":"https:\/\/noticiasribeiraopreto.com.br\/index.php\/2023\/12\/18\/veja-6-filmes-que-vao-estrear-nos-cinemas-neste-final-de-ano-meu-valor-digital\/","url_meta":{"origin":12551,"position":3},"title":"Veja 6 filmes que v\u00e3o estrear nos cinemas neste final de ano &#8211; Meu Valor Digital","author":"noticiasribeiraopreto.com.br","date":"18 de December de 2023","format":false,"excerpt":"Veja 6 filmes que v\u00e3o estrear nos cinemas neste final de ano - Meu Valor Digital - Not\u00edcias atualizadas In\u00edcioChamadasVeja 6 filmes que v\u00e3o estrear nos cinemas neste final de ano Source link","rel":"","context":"In &quot;Vagas de Emprego em Ribeir\u00e3o Preto-SP&quot;","block_context":{"text":"Vagas de Emprego em Ribeir\u00e3o Preto-SP","link":"https:\/\/noticiasribeiraopreto.com.br\/index.php\/category\/empregos-classificados-vagas-trabalho\/vagas-de-empregos-em-ribeirao-preto-regiao-brasil\/"},"img":{"alt_text":"","src":"https:\/\/i0.wp.com\/noticiasribeiraopreto.com.br\/wp-content\/uploads\/2023\/12\/Mamonas-Assassinas-O-Filme-1.jpg?fit=1200%2C774&ssl=1&resize=350%2C200","width":350,"height":200,"srcset":"https:\/\/i0.wp.com\/noticiasribeiraopreto.com.br\/wp-content\/uploads\/2023\/12\/Mamonas-Assassinas-O-Filme-1.jpg?fit=1200%2C774&ssl=1&resize=350%2C200 1x, https:\/\/i0.wp.com\/noticiasribeiraopreto.com.br\/wp-content\/uploads\/2023\/12\/Mamonas-Assassinas-O-Filme-1.jpg?fit=1200%2C774&ssl=1&resize=525%2C300 1.5x, https:\/\/i0.wp.com\/noticiasribeiraopreto.com.br\/wp-content\/uploads\/2023\/12\/Mamonas-Assassinas-O-Filme-1.jpg?fit=1200%2C774&ssl=1&resize=700%2C400 2x, https:\/\/i0.wp.com\/noticiasribeiraopreto.com.br\/wp-content\/uploads\/2023\/12\/Mamonas-Assassinas-O-Filme-1.jpg?fit=1200%2C774&ssl=1&resize=1050%2C600 3x"},"classes":[]},{"id":60888,"url":"https:\/\/noticiasribeiraopreto.com.br\/index.php\/2024\/11\/28\/moana-2-e-a-contadora-de-filmes-estreiam-nos-cinemas-de-ribeirao-preto\/","url_meta":{"origin":12551,"position":4},"title":"\u2018Moana 2\u2019 e \u2018A Contadora de Filmes\u2019 estreiam nos cinemas de Ribeir\u00e3o Preto","author":"noticiasribeiraopreto.com.br","date":"28 de November de 2024","format":false,"excerpt":"Esta quinta-feira (28) \u00e9 marcada pelo lan\u00e7amento de dois filmes nos cinemas de Ribeir\u00e3o Preto. Uma das grandes apostas do ano \u201cMoana 2\u201d e o longa chileno \u201cA Contadora de Filmes\u201d entram em cartaz. Ribeir\u00e3o Preto conta com quatro cinemas, o UCI localizado no Ribeir\u00e3o Shopping, o Cinep\u00f3lis nos shoppings\u2026","rel":"","context":"In &quot;Not\u00edcias de Ribeir\u00e3o Preto-SP e Regi\u00e3o&quot;","block_context":{"text":"Not\u00edcias de Ribeir\u00e3o Preto-SP e Regi\u00e3o","link":"https:\/\/noticiasribeiraopreto.com.br\/index.php\/category\/noticias-de-ribeirao-preto-sp-e-regiao-ismael-colosi\/"},"img":{"alt_text":"","src":"https:\/\/i0.wp.com\/noticiasribeiraopreto.com.br\/wp-content\/uploads\/2024\/11\/novo-poster-moana_2024-11-28_12-14-29.webp.webp?fit=1200%2C675&ssl=1&resize=350%2C200","width":350,"height":200,"srcset":"https:\/\/i0.wp.com\/noticiasribeiraopreto.com.br\/wp-content\/uploads\/2024\/11\/novo-poster-moana_2024-11-28_12-14-29.webp.webp?fit=1200%2C675&ssl=1&resize=350%2C200 1x, https:\/\/i0.wp.com\/noticiasribeiraopreto.com.br\/wp-content\/uploads\/2024\/11\/novo-poster-moana_2024-11-28_12-14-29.webp.webp?fit=1200%2C675&ssl=1&resize=525%2C300 1.5x, https:\/\/i0.wp.com\/noticiasribeiraopreto.com.br\/wp-content\/uploads\/2024\/11\/novo-poster-moana_2024-11-28_12-14-29.webp.webp?fit=1200%2C675&ssl=1&resize=700%2C400 2x, https:\/\/i0.wp.com\/noticiasribeiraopreto.com.br\/wp-content\/uploads\/2024\/11\/novo-poster-moana_2024-11-28_12-14-29.webp.webp?fit=1200%2C675&ssl=1&resize=1050%2C600 3x"},"classes":[]},{"id":25282,"url":"https:\/\/noticiasribeiraopreto.com.br\/index.php\/2024\/01\/06\/priscilla-de-sofia-coppola-estreou-nos-cinemas-brasileiros\/","url_meta":{"origin":12551,"position":5},"title":"Priscilla, de Sofia Coppola, estreou nos cinemas brasileiros\u00a0","author":"noticiasribeiraopreto.com.br","date":"6 de January de 2024","format":false,"excerpt":"6 de janeiro de 2024 | 15:006 de janeiro de 2024 | 12:44 0Priscilla, o mais recente e aguardado drama da diretora e roteirista vencedora do Oscar, Sofia Coppola, estreou na quinta-feira (04) nos cinemas brasileiros. O longa-metragem fez sua estreia mundial no 80\u00ba Festival Internacional de Veneza, seguido pela\u2026","rel":"","context":"In &quot;Not\u00edcias de Ribeir\u00e3o Preto-SP e Regi\u00e3o&quot;","block_context":{"text":"Not\u00edcias de Ribeir\u00e3o Preto-SP e Regi\u00e3o","link":"https:\/\/noticiasribeiraopreto.com.br\/index.php\/category\/noticias-de-ribeirao-preto-sp-e-regiao-ismael-colosi\/"},"img":{"alt_text":"","src":"https:\/\/i0.wp.com\/noticiasribeiraopreto.com.br\/wp-content\/uploads\/2024\/01\/2-priscilla-scaled.jpg?fit=968%2C645&ssl=1&resize=350%2C200","width":350,"height":200,"srcset":"https:\/\/i0.wp.com\/noticiasribeiraopreto.com.br\/wp-content\/uploads\/2024\/01\/2-priscilla-scaled.jpg?fit=968%2C645&ssl=1&resize=350%2C200 1x, https:\/\/i0.wp.com\/noticiasribeiraopreto.com.br\/wp-content\/uploads\/2024\/01\/2-priscilla-scaled.jpg?fit=968%2C645&ssl=1&resize=525%2C300 1.5x, https:\/\/i0.wp.com\/noticiasribeiraopreto.com.br\/wp-content\/uploads\/2024\/01\/2-priscilla-scaled.jpg?fit=968%2C645&ssl=1&resize=700%2C400 2x"},"classes":[]}],"jetpack_sharing_enabled":true,"jetpack_shortlink":"https:\/\/wp.me\/peQAOb-3gr","_links":{"self":[{"href":"https:\/\/noticiasribeiraopreto.com.br\/index.php\/wp-json\/wp\/v2\/posts\/12551","targetHints":{"allow":["GET"]}}],"collection":[{"href":"https:\/\/noticiasribeiraopreto.com.br\/index.php\/wp-json\/wp\/v2\/posts"}],"about":[{"href":"https:\/\/noticiasribeiraopreto.com.br\/index.php\/wp-json\/wp\/v2\/types\/post"}],"author":[{"embeddable":true,"href":"https:\/\/noticiasribeiraopreto.com.br\/index.php\/wp-json\/wp\/v2\/users\/1"}],"replies":[{"embeddable":true,"href":"https:\/\/noticiasribeiraopreto.com.br\/index.php\/wp-json\/wp\/v2\/comments?post=12551"}],"version-history":[{"count":0,"href":"https:\/\/noticiasribeiraopreto.com.br\/index.php\/wp-json\/wp\/v2\/posts\/12551\/revisions"}],"wp:featuredmedia":[{"embeddable":true,"href":"https:\/\/noticiasribeiraopreto.com.br\/index.php\/wp-json\/wp\/v2\/media\/12552"}],"wp:attachment":[{"href":"https:\/\/noticiasribeiraopreto.com.br\/index.php\/wp-json\/wp\/v2\/media?parent=12551"}],"wp:term":[{"taxonomy":"category","embeddable":true,"href":"https:\/\/noticiasribeiraopreto.com.br\/index.php\/wp-json\/wp\/v2\/categories?post=12551"},{"taxonomy":"post_tag","embeddable":true,"href":"https:\/\/noticiasribeiraopreto.com.br\/index.php\/wp-json\/wp\/v2\/tags?post=12551"}],"curies":[{"name":"wp","href":"https:\/\/api.w.org\/{rel}","templated":true}]}}