{"id":12557,"date":"2023-12-08T08:51:31","date_gmt":"2023-12-08T11:51:31","guid":{"rendered":"https:\/\/noticiasribeiraopreto.com.br\/index.php\/2023\/12\/08\/vai-viajar-no-fim-de-ano-5-cuidados-antes-de-embarcar\/"},"modified":"2023-12-08T08:51:31","modified_gmt":"2023-12-08T11:51:31","slug":"vai-viajar-no-fim-de-ano-5-cuidados-antes-de-embarcar","status":"publish","type":"post","link":"https:\/\/noticiasribeiraopreto.com.br\/index.php\/2023\/12\/08\/vai-viajar-no-fim-de-ano-5-cuidados-antes-de-embarcar\/","title":{"rendered":"Vai viajar no fim de ano? 5 cuidados antes de embarcar"},"content":{"rendered":"<div class='code-block code-block-1' style='margin: 8px 0 8px auto; text-align: right; display: block; clear: both;'>\n<p><a href=\"https:\/\/wa.link\/vpicfd\"><img data-recalc-dims=\"1\" class=\"wp-image-4922\" style=\"aspect-ratio: 2.0253164556962027; width: 561px; height: auto;\" src=\"https:\/\/i0.wp.com\/ismaelcolosi.com.br\/wp-content\/uploads\/2023\/11\/grupo-de-empregos-whatsapp-e-facebook-ismael-colosi-vagas.jpg?ssl=1\" alt=\"\" \/><\/a><\/p>\n<!-- \/wp:image -->\n<\/div>\n<p> <br \/>\n<\/p>\n<div>\n<p>Muitas brasileiros aguardam as festas de fim de ano \u2013Natal e Ano Novo\u2013 ou as f\u00e9rias escolares para viajarem. Por\u00e9m, nesta \u00e9poca do ano, o movimento de passageiros nos aeroportos no Brasil e ao redor do mundo aumenta de forma expressiva.<\/p>\n<p>Quem decidir viajar neste per\u00edodo do ano, seja para destinos dom\u00e9sticos ou internacionais, precisa se <a href=\"https:\/\/catracalivre.com.br\/viagem-livre\/viagem-com-pet-de-reserva-da-passagem-a-role-na-roda-gigante\/\">preparar com anteced\u00eancia<\/a> para n\u00e3o ter nenhum contratempo que impe\u00e7a o embarque.<\/p>\n<div id=\"attachment_2326202\" class=\"wp-caption aligncenter\">\n<div class=\"d-flex justify-content-center\" data-attachment-id=\"2326202\">\n<div class=\"position-relative d-inline-block\"><img src=\"https:\/\/catracalivre.com.br\/viagem-livre\/vai-viajar-no-fim-de-ano-5-cuidados-antes-de-embarcar\/Terraxplorer\/iStock\" fetchpriority=\"high\" decoding=\"async\" class=\"wp-image-2326202 size-large\" alt=\"Confira cuidados que todo viajante deve tomar antes de embarcar neste fim de ano\" width=\"910\" height=\"624\" srcset=\"https:\/\/catracalivre.com.br\/wp-content\/uploads\/2023\/12\/istock-172230323-910x624.jpg 910w, https:\/\/catracalivre.com.br\/wp-content\/uploads\/2023\/12\/istock-172230323-450x309.jpg 450w, https:\/\/catracalivre.com.br\/wp-content\/uploads\/2023\/12\/istock-172230323-768x527.jpg 768w\" sizes=\"(max-width: 910px) 100vw, 910px\"\/><\/p>\n<p>Cr\u00e9ditos: Terraxplorer\/iStock<\/p>\n<\/div>\n<\/div>\n<p><span class=\"post-imagem__legenda\">Confira cuidados que todo viajante deve tomar antes de embarcar neste fim de ano<\/span><\/p>\n<\/div>\n<p>Entre 1\u00ba de dezembro de 2023 e 31 de janeiro de 2024, a Latam deve embarcar mais de 7,3 milh\u00f5es de passageiros em voos nacionais e internacionais.<\/p>\n<p>Para uma viagem tranquila e segura, listamos, com ajuda do pessoal da Latam, cinco cuidados que todo viajante deve ter antes de embarcar.<\/p>\n<h2>Vai viajar no fim de ano? 5 cuidados antes de embarcar<\/h2>\n<h3>1 \u2013 Documentos e regras do destino da sua viagem<\/h3>\n<p>\u00c9 fundamental e de responsabilidade do cliente conferir a validade de toda a <a href=\"https:\/\/www.latamairlines.com\/br\/pt\/experiencia\/prepare-sua-viagem\/restricoes\" target=\"_blank\" rel=\"noopener\">documenta\u00e7\u00e3o necess\u00e1ria<\/a>, como RG, passaporte e visto, e outros requisitos para a viagem.<\/p>\n<p>Em viagens nacionais, \u00e9 necess\u00e1rio apresentar pelo menos um documento de identidade com foto.<\/p>\n<div id=\"attachment_2326201\" class=\"wp-caption aligncenter\">\n<div class=\"d-flex justify-content-center\" data-attachment-id=\"2326201\">\n<div class=\"position-relative d-inline-block\"><img loading=\"lazy\" src=\"https:\/\/catracalivre.com.br\/viagem-livre\/vai-viajar-no-fim-de-ano-5-cuidados-antes-de-embarcar\/MariusLtu\/iStock\" decoding=\"async\" class=\"wp-image-2326201 size-large\" alt=\"Vai viajar no fim de ano? 5 cuidados antes de embarcar\" width=\"910\" height=\"607\" srcset=\"https:\/\/catracalivre.com.br\/wp-content\/uploads\/2023\/12\/aeroporto-fim-de-ano-910x607.jpg 910w, https:\/\/catracalivre.com.br\/wp-content\/uploads\/2023\/12\/aeroporto-fim-de-ano-450x300.jpg 450w, https:\/\/catracalivre.com.br\/wp-content\/uploads\/2023\/12\/aeroporto-fim-de-ano-768x512.jpg 768w\" sizes=\"auto, (max-width: 910px) 100vw, 910px\"\/><\/p>\n<p>Cr\u00e9ditos: MariusLtu\/iStock<\/p>\n<\/div>\n<\/div>\n<p><span class=\"post-imagem__legenda\">Vai viajar no fim de ano? 5 cuidados antes de embarcar<\/span><\/p>\n<\/div>\n<p>Nas viagens internacionais, tamb\u00e9m \u00e9 importante consultar com anteced\u00eancia as vacinas exigidas pelas autoridades por meio do <a href=\"https:\/\/www.portalconsular.itamaraty.gov.br\/representacoes-do-brasil-no-mundo\" target=\"_blank\" rel=\"noopener\">consulado ou Embaixada do pa\u00eds<\/a> para o qual vai viajar.<\/p>\n<h3>2 \u2013 Cuidado com o embarque de crian\u00e7as<\/h3>\n<p>Todos podem voar, no entanto, caso seja um rec\u00e9m-nascido de at\u00e9 sete dias de idade, um atestado m\u00e9dico que informe a condi\u00e7\u00e3o de sa\u00fade da m\u00e3e e do beb\u00ea deve ser apresentado \u00e0 companhia at\u00e9 48 horas antes da sa\u00edda do voo.<\/p>\n<p>Lembre-se que cada adulto pode viajar com at\u00e9 dois beb\u00eas, desde que pelo menos um deles tenha o seu pr\u00f3prio assento e uma cadeira de beb\u00ea autorizada para uso em avi\u00e3o.<\/p>\n<div id=\"attachment_2326204\" class=\"wp-caption aligncenter\">\n<div class=\"d-flex justify-content-center\" data-attachment-id=\"2326204\">\n<div class=\"position-relative d-inline-block\"><img loading=\"lazy\" src=\"https:\/\/catracalivre.com.br\/viagem-livre\/vai-viajar-no-fim-de-ano-5-cuidados-antes-de-embarcar\/romrodinka\/iStock\" decoding=\"async\" class=\"size-large wp-image-2326204\" alt=\"Fam\u00edlias com crian\u00e7as pequenas devem redobrar a aten\u00e7\u00e3o com a document\u00e3o antes de viajar\" width=\"910\" height=\"607\" srcset=\"https:\/\/catracalivre.com.br\/wp-content\/uploads\/2023\/12\/istock-831020242-910x607.jpg 910w, https:\/\/catracalivre.com.br\/wp-content\/uploads\/2023\/12\/istock-831020242-450x300.jpg 450w, https:\/\/catracalivre.com.br\/wp-content\/uploads\/2023\/12\/istock-831020242-768x512.jpg 768w\" sizes=\"auto, (max-width: 910px) 100vw, 910px\"\/><\/p>\n<p>Cr\u00e9ditos: romrodinka\/iStock<\/p>\n<\/div>\n<\/div>\n<p><span class=\"post-imagem__legenda\">Fam\u00edlias com crian\u00e7as pequenas devem redobrar a aten\u00e7\u00e3o com a document\u00e3o antes de viajar<\/span><\/p>\n<\/div>\n<p>Al\u00e9m das autoriza\u00e7\u00f5es necess\u00e1rias por parte de seus pais ou respons\u00e1veis, para fins de embarque dentro do Brasil, crian\u00e7as menores de 12 anos podem viajar apresentando a certid\u00e3o de nascimento. Acima dessa idade, o documento de identifica\u00e7\u00e3o deve conter foto, podendo ser a via original ou uma c\u00f3pia autenticada.<\/p>\n<p>Em voos internacionais, independentemente da idade, \u00e9 preciso apresentar o passaporte v\u00e1lido e, se necess\u00e1rio, visto v\u00e1lido ou documento de identifica\u00e7\u00e3o original e com foto no caso de viagens para pa\u00edses do Mercosul.<\/p>\n<p>Em ambos os casos, por exig\u00eancia das autoridades, o documento de identidade deve comprovar \u2013com o nome id\u00eantico\u2013 a filia\u00e7\u00e3o ou o parentesco do menor com o maior acompanhante. Confira as regras da <a href=\"https:\/\/www.latamairlines.com\/br\/pt\/experiencia\/prepare-sua-viagem\/criancas-e-bebes\" target=\"_blank\" rel=\"noopener\">Latam<\/a>.<\/p>\n<h3>3 \u2013 Cuidados com embarque de pets<\/h3>\n<p>A Latam oferece tr\u00eas op\u00e7\u00f5es de transporte a\u00e9reo para que c\u00e3es e gatos: na cabine, junto ao tutor, no compartimento inferior da aeronave, ou pela Latam Cargo.<\/p>\n<p>Al\u00e9m de precisar ter no m\u00ednimo quatro meses de vida e estar desmamado, o pet deve apresentar um comportamento d\u00f3cil para uma viagem tranquila.<\/p>\n<div id=\"attachment_2176246\" class=\"wp-caption aligncenter\">\n<div class=\"d-flex justify-content-center\" data-attachment-id=\"2176246\">\n<div class=\"position-relative d-inline-block\"><img src=\"https:\/\/catracalivre.com.br\/viagem-livre\/vai-viajar-no-fim-de-ano-5-cuidados-antes-de-embarcar\/Capuski\/iStock\" loading=\"lazy\" decoding=\"async\" class=\"size-large wp-image-2176246\" alt=\"Para quem tem pets \u00e9 preciso conferir as regras da companhia a\u00e9rea\" width=\"910\" height=\"683\" srcset=\"https:\/\/catracalivre.com.br\/wp-content\/uploads\/2021\/09\/azul-pets-cabine-voos-internacionais-910x683.jpg 910w, https:\/\/catracalivre.com.br\/wp-content\/uploads\/2021\/09\/azul-pets-cabine-voos-internacionais-450x338.jpg 450w, https:\/\/catracalivre.com.br\/wp-content\/uploads\/2021\/09\/azul-pets-cabine-voos-internacionais-768x576.jpg 768w\" sizes=\"auto, (max-width: 910px) 100vw, 910px\"\/><\/p>\n<p>Cr\u00e9ditos: Capuski\/iStock<\/p>\n<\/div>\n<\/div>\n<p><span class=\"post-imagem__legenda\">Para quem tem pets \u00e9 preciso conferir as regras da companhia a\u00e9rea<\/span><\/p>\n<\/div>\n<p>Tamb\u00e9m \u00e9 necess\u00e1rio adquirir um kennel (caixa de transporte espec\u00edfica para viagens a\u00e9reas) levando em considera\u00e7\u00e3o o peso e as medidas do pet, al\u00e9m das condi\u00e7\u00f5es de qualidade.<\/p>\n<p>Para viajar com seu animal de estima\u00e7\u00e3o, o cliente deve chegar ao aeroporto com pelo menos duas horas de anteced\u00eancia para voos dom\u00e9sticos, e tr\u00eas horas para voos internacionais.<\/p>\n<p>Tamb\u00e9m \u00e9 fundamental apresentar o atestado de sa\u00fade do pet no balc\u00e3o de check-in, onde tamb\u00e9m \u00e9 paga a taxa correspondente ao servi\u00e7o de transporte reservado (confira <a href=\"https:\/\/www.latamairlines.com\/br\/pt\/central-ajuda\/perguntas\/animais-estimacao\" target=\"_blank\" rel=\"noopener\">aqui<\/a>).<\/p>\n<p>O embarque de c\u00e3o-guia na cabine do avi\u00e3o est\u00e1 dispon\u00edvel para todas as rotas, sujeito \u00e0s restri\u00e7\u00f5es sanit\u00e1rias estabelecidas pelos pa\u00edses de partida, chegada e\/ou de conex\u00e3o.<\/p>\n<p>Nesta situa\u00e7\u00e3o, o animal dever\u00e1 estar devidamente identificado, de forma oficial. Recomendamos o contato com a Latam por WhatsApp para registrar o servi\u00e7o na reserva.<\/p>\n<h3>4 \u2013 Chegue mais cedo ao aeroporto<\/h3>\n<p>A Latam recomenda ao passageiro, que antes de sair de casa, verifique as condi\u00e7\u00f5es do tr\u00e2nsito no trajeto ao aeroporto.<\/p>\n<p>Em viagens internacionais, especialmente nos aeroportos de Guarulhos (S\u00e3o Paulo) e Gale\u00e3o (Rio de Janeiro), os passageiros devem se apresentar no aeroporto 3 horas antes do hor\u00e1rio do voo.<\/p>\n<div id=\"attachment_2326205\" class=\"wp-caption aligncenter\">\n<div class=\"d-flex justify-content-center\" data-attachment-id=\"2326205\">\n<div class=\"position-relative d-inline-block\"><img src=\"https:\/\/catracalivre.com.br\/viagem-livre\/vai-viajar-no-fim-de-ano-5-cuidados-antes-de-embarcar\/Alfribeiro\/iStcok\" loading=\"lazy\" decoding=\"async\" class=\"wp-image-2326205 size-large\" alt=\"Antes de sair de casa, verifique as condi\u00e7\u00f5es do tr\u00e2nsito no trajeto ao aeroporto\" width=\"910\" height=\"607\" srcset=\"https:\/\/catracalivre.com.br\/wp-content\/uploads\/2023\/12\/istock-1354112559-910x607.jpg 910w, https:\/\/catracalivre.com.br\/wp-content\/uploads\/2023\/12\/istock-1354112559-450x300.jpg 450w, https:\/\/catracalivre.com.br\/wp-content\/uploads\/2023\/12\/istock-1354112559-768x512.jpg 768w\" sizes=\"auto, (max-width: 910px) 100vw, 910px\"\/><\/p>\n<p>Cr\u00e9ditos: Alfribeiro\/iStcok<\/p>\n<\/div>\n<\/div>\n<p><span class=\"post-imagem__legenda\">Antes de sair de casa, verifique as condi\u00e7\u00f5es do tr\u00e2nsito no trajeto ao aeroporto<\/span><\/p>\n<\/div>\n<p>Em viagens nacionais, recomenda-se chegar com pelo menos 2 horas de anteced\u00eancia.<\/p>\n<p>Na alta temporada, \u00e9 importante que os passageiros fiquem ainda mais atentos aos hor\u00e1rios de embarque e eventuais trocas de port\u00e3o.<\/p>\n<p>Nessa \u00e9poca, o fluxo nos aeroportos fica mais intenso e acarreta em maiores tempos para processos com Receita Federal, retirada de malas em conex\u00e3o, entre outros.<\/p>\n<p>Por isso, a companhia refor\u00e7a que os clientes evitem distra\u00e7\u00f5es, dirijam-se diretamente ao embarque e prestem aten\u00e7\u00e3o \u00e0s orienta\u00e7\u00f5es e sinaliza\u00e7\u00f5es realizadas pela companhia nos alto-falantes e tel\u00f5es.<\/p>\n<h3>5 \u2013 Check-in e despacho de bagagem<\/h3>\n<p>Se poss\u00edvel, fa\u00e7a o check-in com anteced\u00eancia. Al\u00e9m de economizar tempo, voc\u00ea evita aglomera\u00e7\u00f5es.\u00a0\u00a0A Latam disponibiliza o <a href=\"https:\/\/www.latamairlines.com\/br\/pt\/experiencia\/digital\/check-in-automatico\" target=\"_blank\" rel=\"noopener\">check-in autom\u00e1tico<\/a>, que economiza 20% do tempo no aeroporto.<\/p>\n<p>Se for despachar a bagagem, fique atento a franquia do seu bilhete a\u00e9reo. Identifique sua mala com tags e se poss\u00edvel, fotografe.<\/p>\n<p>Para despachar a bagagem, a Latam oferece em 10 aeroportos \u2013Bras\u00edlia, Rio de Janeiro\/Gale\u00e3o, S\u00e3o Paulo\/Guarulhos, Salvador, Natal, Porto Alegre, Florian\u00f3polis, Fortaleza, Belo Horizonte\/Confins e Vit\u00f3ria\u2013 o <a href=\"https:\/\/www.latamairlines.com\/br\/pt\/experiencia\/aeroporto\/servicos-express\" target=\"_blank\" rel=\"noopener\">despacho de bagagem express<\/a>, que reduz em at\u00e9 50% o tempo dos clientes nas filas.<\/p>\n<\/div>\n<p><script>\n\t\t! function(f, b, e, v, n, t, s) {\n\t\t\tif (f.fbq) return;\n\t\t\tn = f.fbq = function() {\n\t\t\t\tn.callMethod ?\n\t\t\t\t\tn.callMethod.apply(n, arguments) : n.queue.push(arguments)\n\t\t\t};\n\t\t\tif (!f._fbq) f._fbq = n;\n\t\t\tn.push = n;\n\t\t\tn.loaded = !0;\n\t\t\tn.version = '2.0';\n\t\t\tn.queue = [];\n\t\t\tt = b.createElement(e);\n\t\t\tt.async = !0;\n\t\t\tt.src = v;\n\t\t\ts = b.getElementsByTagName(e)[0];\n\t\t\ts.parentNode.insertBefore(t, s)\n\t\t}(window, document, 'script',\n\t\t\t'https:\/\/connect.facebook.net\/en_US\/fbevents.js');\n\t\tfbq('init', '338315473262380');\n\t\tfbq('track', 'PageView');\n\t<\/script><br \/>\n<br \/><br \/>\n<br \/><a href=\"https:\/\/catracalivre.com.br\/viagem-livre\/vai-viajar-no-fim-de-ano-5-cuidados-antes-de-embarcar\/\">Source link <\/a><\/p>\n<!-- CONTENT END 1 -->\n","protected":false},"excerpt":{"rendered":"<p>Muitas brasileiros aguardam as festas de fim de ano \u2013Natal e Ano Novo\u2013 ou as f\u00e9rias escolares para viajarem. Por\u00e9m, nesta \u00e9poca do ano, o&#8230;<\/p>\n","protected":false},"author":1,"featured_media":12558,"comment_status":"open","ping_status":"open","sticky":false,"template":"","format":"standard","meta":{"advanced_seo_description":"","jetpack_seo_html_title":"","jetpack_seo_noindex":false,"jetpack_post_was_ever_published":false,"_jetpack_newsletter_access":"","_jetpack_dont_email_post_to_subs":false,"_jetpack_newsletter_tier_id":0,"_jetpack_memberships_contains_paywalled_content":false,"_jetpack_memberships_contains_paid_content":false,"footnotes":"","jetpack_publicize_message":"","jetpack_publicize_feature_enabled":true,"jetpack_social_post_already_shared":true,"jetpack_social_options":{"image_generator_settings":{"template":"highway","default_image_id":0,"font":"","enabled":false},"version":2}},"categories":[19],"tags":[],"class_list":["post-12557","post","type-post","status-publish","format-standard","has-post-thumbnail","hentry","category-variedades"],"jetpack_publicize_connections":[],"jetpack_featured_media_url":"https:\/\/i0.wp.com\/noticiasribeiraopreto.com.br\/wp-content\/uploads\/2023\/12\/aeroporto-fim-de-ano.jpg?fit=1200%2C638&ssl=1","jetpack-related-posts":[{"id":21092,"url":"https:\/\/noticiasribeiraopreto.com.br\/index.php\/2023\/12\/27\/saiba-como-tirar-a-autorizacao-de-viagem-para-criancas\/","url_meta":{"origin":12557,"position":0},"title":"Saiba como tirar a autoriza\u00e7\u00e3o de viagem para crian\u00e7as","author":"noticiasribeiraopreto.com.br","date":"27 de December de 2023","format":false,"excerpt":"Cm o fim de ano, muitas fam\u00edlias aproveitam para viajar. Nessa hora \u00e9 importante ter em m\u00e3os todos os documentos e se atentar para as regras e documentos essenciais para poder viajar com crian\u00e7as e os adolescentes. O Estatuto da Crian\u00e7a e do Adolescente (ECA) estabelece que crian\u00e7as ou adolescentes\u2026","rel":"","context":"In &quot;Variedades&quot;","block_context":{"text":"Variedades","link":"https:\/\/noticiasribeiraopreto.com.br\/index.php\/category\/variedades\/"},"img":{"alt_text":"","src":"https:\/\/i0.wp.com\/noticiasribeiraopreto.com.br\/wp-content\/uploads\/2023\/12\/cartorios-autorizacao-de-viagem-para-menores.jpg?fit=1200%2C638&ssl=1&resize=350%2C200","width":350,"height":200,"srcset":"https:\/\/i0.wp.com\/noticiasribeiraopreto.com.br\/wp-content\/uploads\/2023\/12\/cartorios-autorizacao-de-viagem-para-menores.jpg?fit=1200%2C638&ssl=1&resize=350%2C200 1x, https:\/\/i0.wp.com\/noticiasribeiraopreto.com.br\/wp-content\/uploads\/2023\/12\/cartorios-autorizacao-de-viagem-para-menores.jpg?fit=1200%2C638&ssl=1&resize=525%2C300 1.5x, https:\/\/i0.wp.com\/noticiasribeiraopreto.com.br\/wp-content\/uploads\/2023\/12\/cartorios-autorizacao-de-viagem-para-menores.jpg?fit=1200%2C638&ssl=1&resize=700%2C400 2x, https:\/\/i0.wp.com\/noticiasribeiraopreto.com.br\/wp-content\/uploads\/2023\/12\/cartorios-autorizacao-de-viagem-para-menores.jpg?fit=1200%2C638&ssl=1&resize=1050%2C600 3x"},"classes":[]},{"id":8434,"url":"https:\/\/noticiasribeiraopreto.com.br\/index.php\/2023\/11\/30\/brasil-dispara-no-ranking-de-paises-mais-seguros-para-viajar-veja-top-15\/","url_meta":{"origin":12557,"position":1},"title":"Brasil dispara no ranking de pa\u00edses mais seguros para viajar; veja top 15","author":"noticiasribeiraopreto.com.br","date":"30 de November de 2023","format":false,"excerpt":"Cr\u00e9ditos: Depositphotos\/rfphotoRelat\u00f3rio lista os pa\u00edses mais seguros para viajar A seguran\u00e7a \u00e9 um fator decisivo quando o assunto \u00e9 o pr\u00f3ximo destino de viagem. Nos \u00faltimos tempos, o cen\u00e1rio vol\u00e1til global tem intensificado essa preocupa\u00e7\u00e3o. Para ajudar quem est\u00e1 escolhendo o destino das f\u00e9rias em 2024, existem esfor\u00e7os em apontar\u2026","rel":"","context":"In &quot;Variedades&quot;","block_context":{"text":"Variedades","link":"https:\/\/noticiasribeiraopreto.com.br\/index.php\/category\/variedades\/"},"img":{"alt_text":"","src":"https:\/\/i0.wp.com\/noticiasribeiraopreto.com.br\/wp-content\/uploads\/2023\/11\/depositphotos-52250159-xl-scaled-e1701291115149.jpg?fit=1200%2C638&ssl=1&resize=350%2C200","width":350,"height":200,"srcset":"https:\/\/i0.wp.com\/noticiasribeiraopreto.com.br\/wp-content\/uploads\/2023\/11\/depositphotos-52250159-xl-scaled-e1701291115149.jpg?fit=1200%2C638&ssl=1&resize=350%2C200 1x, https:\/\/i0.wp.com\/noticiasribeiraopreto.com.br\/wp-content\/uploads\/2023\/11\/depositphotos-52250159-xl-scaled-e1701291115149.jpg?fit=1200%2C638&ssl=1&resize=525%2C300 1.5x, https:\/\/i0.wp.com\/noticiasribeiraopreto.com.br\/wp-content\/uploads\/2023\/11\/depositphotos-52250159-xl-scaled-e1701291115149.jpg?fit=1200%2C638&ssl=1&resize=700%2C400 2x, https:\/\/i0.wp.com\/noticiasribeiraopreto.com.br\/wp-content\/uploads\/2023\/11\/depositphotos-52250159-xl-scaled-e1701291115149.jpg?fit=1200%2C638&ssl=1&resize=1050%2C600 3x"},"classes":[]},{"id":69031,"url":"https:\/\/noticiasribeiraopreto.com.br\/index.php\/2025\/05\/01\/jornal-da-franca-viajar-com-criancas-sem-documentos-pode-estragar-passeio-saiba-o-que-pode-acontecer\/","url_meta":{"origin":12557,"position":2},"title":"Jornal da Franca &#8211; Viajar com crian\u00e7as sem documentos pode estragar passeio; saiba o que pode acontecer","author":"noticiasribeiraopreto.com.br","date":"1 de May de 2025","format":false,"excerpt":"compartilhar no whatsapp compartilhar no telegram compartilhar no facebook compartilhar no linkedin Legisla\u00e7\u00e3o brasileira e internacional tem regras para viagem de menores de idade Quem gosta de viajar com beb\u00eas ou crian\u00e7as precisa providenciar corretamente os documentos dos menores de idade. Ainda mais com o feriad\u00e3o do Dia do Trabalho,\u2026","rel":"","context":"In &quot;Not\u00edcias de Franca-SP&quot;","block_context":{"text":"Not\u00edcias de Franca-SP","link":"https:\/\/noticiasribeiraopreto.com.br\/index.php\/category\/noticias-de-ribeirao-preto-sp-e-regiao-ismael-colosi\/noticias-franca-sp\/"},"img":{"alt_text":"","src":"https:\/\/i0.wp.com\/noticiasribeiraopreto.com.br\/wp-content\/uploads\/2025\/05\/IMG-20231220-WA0011.jpg?fit=1080%2C720&ssl=1&resize=350%2C200","width":350,"height":200,"srcset":"https:\/\/i0.wp.com\/noticiasribeiraopreto.com.br\/wp-content\/uploads\/2025\/05\/IMG-20231220-WA0011.jpg?fit=1080%2C720&ssl=1&resize=350%2C200 1x, https:\/\/i0.wp.com\/noticiasribeiraopreto.com.br\/wp-content\/uploads\/2025\/05\/IMG-20231220-WA0011.jpg?fit=1080%2C720&ssl=1&resize=525%2C300 1.5x, https:\/\/i0.wp.com\/noticiasribeiraopreto.com.br\/wp-content\/uploads\/2025\/05\/IMG-20231220-WA0011.jpg?fit=1080%2C720&ssl=1&resize=700%2C400 2x, https:\/\/i0.wp.com\/noticiasribeiraopreto.com.br\/wp-content\/uploads\/2025\/05\/IMG-20231220-WA0011.jpg?fit=1080%2C720&ssl=1&resize=1050%2C600 3x"},"classes":[]},{"id":21250,"url":"https:\/\/noticiasribeiraopreto.com.br\/index.php\/2023\/12\/27\/mega-da-virada-apostadores-sonham-em-viajar-e-ajudar-familia\/","url_meta":{"origin":12557,"position":3},"title":"Mega da Virada: apostadores sonham em viajar e ajudar fam\u00edlia\u00a0","author":"noticiasribeiraopreto.com.br","date":"27 de December de 2023","format":false,"excerpt":"27 de dezembro de 2023 | 12:0027 de dezembro de 2023 | 8:48 0Faltando menos de uma semana para o sorteio da Mega da Virada, apostadores sonham alto com a possibilidade de ganhar o pr\u00eamio, que esse ano deve ficar em torno de R$ 570 milh\u00f5es. As apostas est\u00e3o abertas\u2026","rel":"","context":"In &quot;Not\u00edcias de Ribeir\u00e3o Preto-SP e Regi\u00e3o&quot;","block_context":{"text":"Not\u00edcias de Ribeir\u00e3o Preto-SP e Regi\u00e3o","link":"https:\/\/noticiasribeiraopreto.com.br\/index.php\/category\/noticias-de-ribeirao-preto-sp-e-regiao-ismael-colosi\/"},"img":{"alt_text":"","src":"https:\/\/i0.wp.com\/noticiasribeiraopreto.com.br\/wp-content\/uploads\/2023\/12\/4-mega-da-virada-scaled.jpg?fit=1000%2C598&ssl=1&resize=350%2C200","width":350,"height":200,"srcset":"https:\/\/i0.wp.com\/noticiasribeiraopreto.com.br\/wp-content\/uploads\/2023\/12\/4-mega-da-virada-scaled.jpg?fit=1000%2C598&ssl=1&resize=350%2C200 1x, https:\/\/i0.wp.com\/noticiasribeiraopreto.com.br\/wp-content\/uploads\/2023\/12\/4-mega-da-virada-scaled.jpg?fit=1000%2C598&ssl=1&resize=525%2C300 1.5x, https:\/\/i0.wp.com\/noticiasribeiraopreto.com.br\/wp-content\/uploads\/2023\/12\/4-mega-da-virada-scaled.jpg?fit=1000%2C598&ssl=1&resize=700%2C400 2x"},"classes":[]},{"id":22096,"url":"https:\/\/noticiasribeiraopreto.com.br\/index.php\/2023\/12\/29\/confira-5-dicas-para-se-planejar-e-viajar-mais-em-2024\/","url_meta":{"origin":12557,"position":4},"title":"Confira 5 dicas para se planejar e viajar mais em 2024","author":"noticiasribeiraopreto.com.br","date":"29 de December de 2023","format":false,"excerpt":"Em 2024 n\u00e3o haver\u00e1 muitos feriados prolongados. Mas isto n\u00e3o impede de viajar mais no pr\u00f3ximo ano. Segundo o Estudo Global de Inten\u00e7\u00f5es de Viagem (GTI, na sigla em ingl\u00eas) da Visa, os principais comportamentos dos turistas em 2024 s\u00e3o focados em mais experi\u00eancias centradas em lazer e destinos inspirados\u2026","rel":"","context":"In &quot;Variedades&quot;","block_context":{"text":"Variedades","link":"https:\/\/noticiasribeiraopreto.com.br\/index.php\/category\/variedades\/"},"img":{"alt_text":"","src":"https:\/\/i0.wp.com\/noticiasribeiraopreto.com.br\/wp-content\/uploads\/2023\/12\/guarapari-es.jpg?fit=1200%2C638&ssl=1&resize=350%2C200","width":350,"height":200,"srcset":"https:\/\/i0.wp.com\/noticiasribeiraopreto.com.br\/wp-content\/uploads\/2023\/12\/guarapari-es.jpg?fit=1200%2C638&ssl=1&resize=350%2C200 1x, https:\/\/i0.wp.com\/noticiasribeiraopreto.com.br\/wp-content\/uploads\/2023\/12\/guarapari-es.jpg?fit=1200%2C638&ssl=1&resize=525%2C300 1.5x, https:\/\/i0.wp.com\/noticiasribeiraopreto.com.br\/wp-content\/uploads\/2023\/12\/guarapari-es.jpg?fit=1200%2C638&ssl=1&resize=700%2C400 2x, https:\/\/i0.wp.com\/noticiasribeiraopreto.com.br\/wp-content\/uploads\/2023\/12\/guarapari-es.jpg?fit=1200%2C638&ssl=1&resize=1050%2C600 3x"},"classes":[]},{"id":60476,"url":"https:\/\/noticiasribeiraopreto.com.br\/index.php\/2024\/11\/14\/vai-viajar-no-feriado-veja-quais-praias-do-litoral-de-sp-estao-improprias\/","url_meta":{"origin":12557,"position":5},"title":"Vai viajar no feriado? Veja quais praias do litoral de SP est\u00e3o impr\u00f3prias","author":"noticiasribeiraopreto.com.br","date":"14 de November de 2024","format":false,"excerpt":"Finalmente chegou o t\u00e3o aguardo feriado prolongado de novembro, e se voc\u00ea vai aproveitar os dias de folga para relaxar no litoral, antes das festas do fim de ano, vale ficar atento \u00e0s quais praias s\u00e3o recomendadas para banho. Isso porque, nesta quinta-feira (14), a Cetesb (Companhia Ambiental do Estado\u2026","rel":"","context":"In &quot;Not\u00edcias de Ribeir\u00e3o Preto-SP e Regi\u00e3o&quot;","block_context":{"text":"Not\u00edcias de Ribeir\u00e3o Preto-SP e Regi\u00e3o","link":"https:\/\/noticiasribeiraopreto.com.br\/index.php\/category\/noticias-de-ribeirao-preto-sp-e-regiao-ismael-colosi\/"},"img":{"alt_text":"","src":"https:\/\/i0.wp.com\/noticiasribeiraopreto.com.br\/wp-content\/uploads\/2024\/11\/WhatsApp-Image-2023-09-26-at-11.55.01.jpeg?fit=1200%2C675&ssl=1&resize=350%2C200","width":350,"height":200,"srcset":"https:\/\/i0.wp.com\/noticiasribeiraopreto.com.br\/wp-content\/uploads\/2024\/11\/WhatsApp-Image-2023-09-26-at-11.55.01.jpeg?fit=1200%2C675&ssl=1&resize=350%2C200 1x, https:\/\/i0.wp.com\/noticiasribeiraopreto.com.br\/wp-content\/uploads\/2024\/11\/WhatsApp-Image-2023-09-26-at-11.55.01.jpeg?fit=1200%2C675&ssl=1&resize=525%2C300 1.5x, https:\/\/i0.wp.com\/noticiasribeiraopreto.com.br\/wp-content\/uploads\/2024\/11\/WhatsApp-Image-2023-09-26-at-11.55.01.jpeg?fit=1200%2C675&ssl=1&resize=700%2C400 2x, https:\/\/i0.wp.com\/noticiasribeiraopreto.com.br\/wp-content\/uploads\/2024\/11\/WhatsApp-Image-2023-09-26-at-11.55.01.jpeg?fit=1200%2C675&ssl=1&resize=1050%2C600 3x"},"classes":[]}],"jetpack_sharing_enabled":true,"jetpack_shortlink":"https:\/\/wp.me\/peQAOb-3gx","_links":{"self":[{"href":"https:\/\/noticiasribeiraopreto.com.br\/index.php\/wp-json\/wp\/v2\/posts\/12557","targetHints":{"allow":["GET"]}}],"collection":[{"href":"https:\/\/noticiasribeiraopreto.com.br\/index.php\/wp-json\/wp\/v2\/posts"}],"about":[{"href":"https:\/\/noticiasribeiraopreto.com.br\/index.php\/wp-json\/wp\/v2\/types\/post"}],"author":[{"embeddable":true,"href":"https:\/\/noticiasribeiraopreto.com.br\/index.php\/wp-json\/wp\/v2\/users\/1"}],"replies":[{"embeddable":true,"href":"https:\/\/noticiasribeiraopreto.com.br\/index.php\/wp-json\/wp\/v2\/comments?post=12557"}],"version-history":[{"count":0,"href":"https:\/\/noticiasribeiraopreto.com.br\/index.php\/wp-json\/wp\/v2\/posts\/12557\/revisions"}],"wp:featuredmedia":[{"embeddable":true,"href":"https:\/\/noticiasribeiraopreto.com.br\/index.php\/wp-json\/wp\/v2\/media\/12558"}],"wp:attachment":[{"href":"https:\/\/noticiasribeiraopreto.com.br\/index.php\/wp-json\/wp\/v2\/media?parent=12557"}],"wp:term":[{"taxonomy":"category","embeddable":true,"href":"https:\/\/noticiasribeiraopreto.com.br\/index.php\/wp-json\/wp\/v2\/categories?post=12557"},{"taxonomy":"post_tag","embeddable":true,"href":"https:\/\/noticiasribeiraopreto.com.br\/index.php\/wp-json\/wp\/v2\/tags?post=12557"}],"curies":[{"name":"wp","href":"https:\/\/api.w.org\/{rel}","templated":true}]}}