{"id":12559,"date":"2023-12-08T08:55:47","date_gmt":"2023-12-08T11:55:47","guid":{"rendered":"https:\/\/noticiasribeiraopreto.com.br\/index.php\/2023\/12\/08\/mp-am-divulga-edital-de-concurso-publico-para-niveis-medio-e-superior-2\/"},"modified":"2023-12-08T08:55:47","modified_gmt":"2023-12-08T11:55:47","slug":"mp-am-divulga-edital-de-concurso-publico-para-niveis-medio-e-superior-2","status":"publish","type":"post","link":"https:\/\/noticiasribeiraopreto.com.br\/index.php\/2023\/12\/08\/mp-am-divulga-edital-de-concurso-publico-para-niveis-medio-e-superior-2\/","title":{"rendered":"MP AM divulga edital de concurso p\u00fablico para n\u00edveis m\u00e9dio e superior"},"content":{"rendered":"<div class='code-block code-block-1' style='margin: 8px 0 8px auto; text-align: right; display: block; clear: both;'>\n<p><a href=\"https:\/\/wa.link\/vpicfd\"><img data-recalc-dims=\"1\" class=\"wp-image-4922\" style=\"aspect-ratio: 2.0253164556962027; width: 561px; height: auto;\" src=\"https:\/\/i0.wp.com\/ismaelcolosi.com.br\/wp-content\/uploads\/2023\/11\/grupo-de-empregos-whatsapp-e-facebook-ismael-colosi-vagas.jpg?ssl=1\" alt=\"\" \/><\/a><\/p>\n<!-- \/wp:image -->\n<\/div>\n<p> <br \/>\n<\/p>\n<div>\n<p>Um novo <a href=\"https:\/\/jcconcursos.com.br\/concurso\/concurso-mp-am-77818\" rel=\"noopener\" target=\"_blank\"><strong>concurso do MP AM<\/strong><\/a> (Minist\u00e9rio P\u00fablico do Amazonas) teve o seu edital publicado para o quadro de servidores. Est\u00e3o em disputa 36 vagas imediatas, al\u00e9m de CR (cadastro reserva).<\/p>\n<p>Voltadas a <a href=\"https:\/\/jcconcursos.com.br\/concursos\/nivel-escolar\" rel=\"noopener\" target=\"_blank\">profissionais de n\u00edveis m\u00e9dio e superior de escolaridade<\/a> (veja a distribui\u00e7\u00e3o mais abaixo), as carreiras oferecem sal\u00e1rios de R$ 8.034,35 e R$ 11.569,64, respectivamente.<\/p>\n<p><a href=\"https:\/\/www.mpam.mp.br\/images\/CONCURSO-MPAM_Edital_de_Abertura_49969.pdf\" rel=\"noopener\" target=\"_blank\">+ \ud83d\udcc4 Confira o edital completo<\/a><\/p>\n<p><a href=\"https:\/\/chat.whatsapp.com\/JvL15AtW3VE1fiLJDkCuSi\" rel=\"noopener\" target=\"_blank\">\ud83d\udcf2 Junte-se ao canal de not\u00edcias do JC Concursos no WhatsApp<\/a><\/p>\n<p>As inscri\u00e7\u00f5es come\u00e7am na pr\u00f3xima quarta-feira (13) e terminam em 16 de janeiro do ano que vem, \u00e0s 23h59 (hor\u00e1rio de Bras\u00edlia), devendo ser efetuadas pelo site <a href=\"http:\/\/www.concursosfcc.com.br\/\" rel=\"noopener\" target=\"_blank\">www.concursosfcc.com.br<\/a>. As taxas custam:<\/p>\n<ul>\n<li>R$ 110 (ensino m\u00e9dio);<\/li>\n<li>R$ 140 (n\u00edvel superior).<\/li>\n<\/ul>\n<p><a href=\"https:\/\/jcconcursos.com.br\/concursos\/inscricoes-abertas\/am\" rel=\"noopener\" target=\"_blank\">+ \ud83c\udf0e Veja a lista de todos os concursos abertos no Amazonas<\/a><\/p>\n<div class=\"code-block code-block-5\" style=\"margin: 8px auto; text-align: center; display: block; clear: both;\"> <a href=\"https:\/\/suaads.com\/ref\/ISMAELCOLOSI\" target=\"_blank\" rel=\"noopener\"><img data-recalc-dims=\"1\" decoding=\"async\" src=\"https:\/\/i0.wp.com\/suaurl.com\/img\/bannersref\/s.png?ssl=1\" alt=\"SuaUrl\"  style=\"max-width: 100%;\" class=\"lazy\" loading=\"lazy\"\/><noscript><img data-recalc-dims=\"1\" decoding=\"async\" src=\"https:\/\/i0.wp.com\/suaurl.com\/img\/bannersref\/s.png?ssl=1\" alt=\"SuaUrl\"  style=\"max-width: 100%;\"\/><\/noscript><\/a><\/div>\n<p>Composta de 80 quest\u00f5es de m\u00faltipla escolha, a prova objetiva ser\u00e1 realizada em 3 de mar\u00e7o, na capital, com dura\u00e7\u00e3o de quatro horas. Haver\u00e1 aplica\u00e7\u00e3o pela manh\u00e3 (vagas de ensino m\u00e9dio) e \u00e0 tarde (postos de n\u00edvel superior).<\/p>\n<p><a href=\"https:\/\/jcconcursos.com.br\/noticia\/concursos\/concurso-mp-am-assinado-contrato-com-banca-saiba-quando-edital-sera-publicado-119454\" rel=\"noopener\" target=\"_blank\">O processo seletivo \u00e9 organizado pela FCC (Funda\u00e7\u00e3o Carlos Chagas)<\/a>. Em caso de d\u00favidas, os candidatos podem obter mais informa\u00e7\u00f5es com a banca pelo telefone (11) 3723-4388, al\u00e9m do e-mail <a href=\"https:\/\/jcconcursos.com.br\/cdn-cgi\/l\/email-protection\" class=\"__cf_email__\" data-cfemail=\"55263436153336367b3a27327b3727\">[email\u00a0protected]<\/a>.<\/p>\n<p>A sele\u00e7\u00e3o ter\u00e1 validade de dois anos, a contar da homologa\u00e7\u00e3o do resultado final. O prazo poder\u00e1 ser prorrogado uma vez, por igual per\u00edodo, a crit\u00e9rio do <a href=\"https:\/\/www.mpam.mp.br\/\" rel=\"noopener\" target=\"_blank\">\u00f3rg\u00e3o<\/a>, conforme estabelece o <a href=\"https:\/\/www.mpam.mp.br\/images\/CONCURSO-MPAM_Edital_de_Abertura_49969.pdf\" rel=\"noopener\" target=\"_blank\">edital<\/a>.<\/p>\n<h2>Ofertas do concurso do MP AM<\/h2>\n<p><span style=\"text-decoration: underline;\"><mark>Ensino m\u00e9dio:<\/mark><\/span><\/p>\n<ul>\n<li>agente de apoio \u2014 administrativo (20 postos);<\/li>\n<li>agente de apoio \u2014 t\u00e9cnico em manuten\u00e7\u00e3o e suporte em inform\u00e1tica (1);<\/li>\n<li>agente de apoio \u2014 programador (2);<\/li>\n<li>agente de apoio \u2014 t\u00e9cnico em telecomunica\u00e7\u00e3o (CR).<\/li>\n<\/ul>\n<p><mark><span style=\"text-decoration: underline;\">N\u00edvel superior:<\/span><\/mark><\/p>\n<ul>\n<li>agente t\u00e9cnico \u2014 administrador (CR);<\/li>\n<li>agente t\u00e9cnico \u2014 analista de banco de dados (CR);<\/li>\n<li>agente t\u00e9cnico \u2014 analista de rede (CR);<\/li>\n<li>agente t\u00e9cnico \u2014 analista de sistemas (1);<\/li>\n<li>agente t\u00e9cnico \u2014 arquiteto (2);<\/li>\n<li>agente t\u00e9cnico \u2014 arquivista (CR);<\/li>\n<li>agente t\u00e9cnico \u2014 assistente social (CR);<\/li>\n<li>agente t\u00e9cnico \u2014 bibliotec\u00e1rio (CR);<\/li>\n<li>agente t\u00e9cnico \u2014 comunic\u00f3logo (CR);<\/li>\n<li>agente t\u00e9cnico \u2014 contador (3);<\/li>\n<li>agente t\u00e9cnico \u2014 designer editorial e gr\u00e1fico (1);<\/li>\n<li>agente t\u00e9cnico \u2014 economista (CR);<\/li>\n<li>agente t\u00e9cnico \u2014 engenheiro civil (3);<\/li>\n<li>agente t\u00e9cnico \u2014 engenheiro eletricista (2);<\/li>\n<li>agente t\u00e9cnico \u2014 engenheiro florestal (CR);<\/li>\n<li>agente t\u00e9cnico \u2014 estat\u00edstico (CR);<\/li>\n<li>agente t\u00e9cnico \u2014 m\u00e9dico (CR);<\/li>\n<li>agente t\u00e9cnico \u2014 pedagogo (1);<\/li>\n<li>agente t\u00e9cnico \u2014 psic\u00f3logo (CR);<\/li>\n<li>agente t\u00e9cnico \u2014 web designer (CR).<\/li>\n<\/ul>\n<p>+++ O <a href=\"https:\/\/jcconcursos.com.br\/\" rel=\"noopener\" target=\"_blank\">JC Concursos<\/a> disponibiliza mais detalhes sobre o processo seletivo, como atribui\u00e7\u00f5es, conte\u00fado program\u00e1tico e cronograma, na p\u00e1gina do <a href=\"https:\/\/jcconcursos.com.br\/concurso\/concurso-mp-am-77818\" rel=\"noopener\" target=\"_blank\"><strong>concurso do MP AM<\/strong><\/a><\/p>\n<p><em><mark><span style=\"text-decoration: underline;\">+++ Esta \u00e9 uma not\u00edcia \u00fatil sobretudo para quem vive no Amazonas. <a href=\"https:\/\/jcconcursos.com.br\/concursos\/am\" rel=\"noopener\" target=\"_blank\">Confira outras publica\u00e7\u00f5es relevantes sobre o estado clicando aqui<\/a><\/span><\/mark><\/em><\/p>\n<p><a id=\"gnews_btn\" href=\"https:\/\/news.google.com\/publications\/CAAqBwgKMOixlQswuZWrAw\" target=\"_blank\" class=\"border_jc_blue link_hover_bg_jc_blue font_85 d-block d-md-inline-block px-2 py-1 mr-0 mr-md-2 mb-3 w-100 text-center\" rel=\"noopener\"><span class=\"text_jc_blue\">Siga o <strong>JC Concursos no Google News<\/strong><\/span><\/a><\/p>\n<h2>Sobre FCC \u2013 Funda\u00e7\u00e3o Carlos Chagas<\/h2>\n<p>Institui\u00e7\u00e3o de direito privado e sem fins lucrativos, a Funda\u00e7\u00e3o Carlos Chagas (FCC) concentra suas atividades em duas grandes \u00e1reas: pesquisa\/educa\u00e7\u00e3o e organiza\u00e7\u00e3o de concursos\/processos seletivos. A banca pode ser contatada pelo telefone (11) 3723-4388, de segunda a sexta-feira, das 10h \u00e0s 16h.<\/p>\n<p><span id=\"resumo\" class=\"anchor_link\"\/><a href=\"https:\/\/jcconcursos.com.br\/concursos\/am\" class=\"badge badge-light\">concursos am (amazonas)<\/a><a href=\"https:\/\/jcconcursos.com.br\/concursos\/inscricoes-abertas\" class=\"badge badge-light\">concursos abertos<\/a><a href=\"https:\/\/jcconcursos.com.br\/concursos\/previstos\" class=\"badge badge-light\">concursos 2023<\/a><a href=\"https:\/\/jcconcursos.com.br\/provas\/por-orgao\" class=\"badge badge-light\">provas anteriores<\/a><\/p>\n<\/div>\n<p><br \/>\n<br \/><a href=\"https:\/\/ismaelcolosi.com.br\/mp-am-divulga-edital-de-concurso-publico-para-niveis-medio-e-superior\/\">Source link <\/a><\/p>\n<!-- CONTENT END 1 -->\n","protected":false},"excerpt":{"rendered":"<p>Um novo concurso do MP AM (Minist\u00e9rio P\u00fablico do Amazonas) teve o seu edital publicado para o quadro de servidores. Est\u00e3o em disputa 36 vagas&#8230;<\/p>\n","protected":false},"author":1,"featured_media":12560,"comment_status":"open","ping_status":"open","sticky":false,"template":"","format":"standard","meta":{"advanced_seo_description":"","jetpack_seo_html_title":"","jetpack_seo_noindex":false,"jetpack_post_was_ever_published":false,"_jetpack_newsletter_access":"","_jetpack_dont_email_post_to_subs":false,"_jetpack_newsletter_tier_id":0,"_jetpack_memberships_contains_paywalled_content":false,"_jetpack_memberships_contains_paid_content":false,"footnotes":"","jetpack_publicize_message":"","jetpack_publicize_feature_enabled":true,"jetpack_social_post_already_shared":true,"jetpack_social_options":{"image_generator_settings":{"template":"highway","default_image_id":0,"font":"","enabled":false},"version":2}},"categories":[7],"tags":[],"class_list":["post-12559","post","type-post","status-publish","format-standard","has-post-thumbnail","hentry","category-vagas-de-empregos-em-ribeirao-preto-regiao-brasil"],"jetpack_publicize_connections":[],"jetpack_featured_media_url":"https:\/\/i0.wp.com\/noticiasribeiraopreto.com.br\/wp-content\/uploads\/2023\/12\/concurso-mp-am-foto-divulgacao.jpg?fit=1920%2C1080&ssl=1","jetpack-related-posts":[{"id":15209,"url":"https:\/\/noticiasribeiraopreto.com.br\/index.php\/2023\/12\/13\/concurso-do-mp-am-abre-inscricoes-para-vagas-de-niveis-medio-e-superior\/","url_meta":{"origin":12559,"position":0},"title":"Concurso do MP AM abre inscri\u00e7\u00f5es para vagas de n\u00edveis m\u00e9dio e superior","author":"noticiasribeiraopreto.com.br","date":"13 de December de 2023","format":false,"excerpt":"Come\u00e7am nesta quarta-feira (13), a partir das 10h (de Bras\u00edlia), as inscri\u00e7\u00f5es do concurso do MP AM (Minist\u00e9rio P\u00fablico do Amazonas) para o quadro de servidores. Est\u00e3o em disputa 36 vagas imediatas, al\u00e9m de CR (cadastro reserva). Voltadas a profissionais de n\u00edveis m\u00e9dio e superior de escolaridade (veja a distribui\u00e7\u00e3o\u2026","rel":"","context":"In &quot;Vagas de Emprego em Ribeir\u00e3o Preto-SP&quot;","block_context":{"text":"Vagas de Emprego em Ribeir\u00e3o Preto-SP","link":"https:\/\/noticiasribeiraopreto.com.br\/index.php\/category\/empregos-classificados-vagas-trabalho\/vagas-de-empregos-em-ribeirao-preto-regiao-brasil\/"},"img":{"alt_text":"","src":"https:\/\/i0.wp.com\/noticiasribeiraopreto.com.br\/wp-content\/uploads\/2023\/12\/1702468834_concurso-mp-am-foto-divulgacao.jpg?fit=1200%2C675&ssl=1&resize=350%2C200","width":350,"height":200,"srcset":"https:\/\/i0.wp.com\/noticiasribeiraopreto.com.br\/wp-content\/uploads\/2023\/12\/1702468834_concurso-mp-am-foto-divulgacao.jpg?fit=1200%2C675&ssl=1&resize=350%2C200 1x, https:\/\/i0.wp.com\/noticiasribeiraopreto.com.br\/wp-content\/uploads\/2023\/12\/1702468834_concurso-mp-am-foto-divulgacao.jpg?fit=1200%2C675&ssl=1&resize=525%2C300 1.5x, https:\/\/i0.wp.com\/noticiasribeiraopreto.com.br\/wp-content\/uploads\/2023\/12\/1702468834_concurso-mp-am-foto-divulgacao.jpg?fit=1200%2C675&ssl=1&resize=700%2C400 2x, https:\/\/i0.wp.com\/noticiasribeiraopreto.com.br\/wp-content\/uploads\/2023\/12\/1702468834_concurso-mp-am-foto-divulgacao.jpg?fit=1200%2C675&ssl=1&resize=1050%2C600 3x"},"classes":[]},{"id":17882,"url":"https:\/\/noticiasribeiraopreto.com.br\/index.php\/2023\/12\/19\/betim-abre-concurso-publico-com-21-vagas-em-diversos-niveis\/","url_meta":{"origin":12559,"position":1},"title":"Betim abre concurso p\u00fablico com 21 vagas em diversos n\u00edveis","author":"noticiasribeiraopreto.com.br","date":"19 de December de 2023","format":false,"excerpt":"Cr\u00e9ditos: IStockConcurso p\u00fablico de BetimA C\u00e2mara Municipal de Betim, localizada em Minas Gerais, lan\u00e7a edital n\u00ba 01\/2023 para seu concurso p\u00fablico, disponibilizando 21 vagas imediatas, al\u00e9m da cria\u00e7\u00e3o de um cadastro reserva. As oportunidades contemplam profissionais de variados n\u00edveis de forma\u00e7\u00e3o, abrangendo desde o ensino m\u00e9dio at\u00e9 o superior. O\u2026","rel":"","context":"In &quot;Variedades&quot;","block_context":{"text":"Variedades","link":"https:\/\/noticiasribeiraopreto.com.br\/index.php\/category\/variedades\/"},"img":{"alt_text":"","src":"https:\/\/i0.wp.com\/noticiasribeiraopreto.com.br\/wp-content\/uploads\/2023\/12\/istock-515862638-1.jpg?fit=1200%2C638&ssl=1&resize=350%2C200","width":350,"height":200,"srcset":"https:\/\/i0.wp.com\/noticiasribeiraopreto.com.br\/wp-content\/uploads\/2023\/12\/istock-515862638-1.jpg?fit=1200%2C638&ssl=1&resize=350%2C200 1x, https:\/\/i0.wp.com\/noticiasribeiraopreto.com.br\/wp-content\/uploads\/2023\/12\/istock-515862638-1.jpg?fit=1200%2C638&ssl=1&resize=525%2C300 1.5x, https:\/\/i0.wp.com\/noticiasribeiraopreto.com.br\/wp-content\/uploads\/2023\/12\/istock-515862638-1.jpg?fit=1200%2C638&ssl=1&resize=700%2C400 2x, https:\/\/i0.wp.com\/noticiasribeiraopreto.com.br\/wp-content\/uploads\/2023\/12\/istock-515862638-1.jpg?fit=1200%2C638&ssl=1&resize=1050%2C600 3x"},"classes":[]},{"id":21302,"url":"https:\/\/noticiasribeiraopreto.com.br\/index.php\/2023\/12\/27\/veja-lista-de-concursos-previstos-e-que-podem-sair-ainda-em-2023\/","url_meta":{"origin":12559,"position":2},"title":"Veja lista de CONCURSOS PREVISTOS e que podem sair ainda em 2023","author":"noticiasribeiraopreto.com.br","date":"27 de December de 2023","format":false,"excerpt":"Se prepare com estes concursos previstos Engana-se quem pensa que n\u00e3o pode sair mais editais este ano. H\u00e1 chances destes concursos previstos a seguir serem liberados com muitas vagas. Veja! Concursos previstos O ano de 2023 ainda promete liberar alguns editais muito esperados pelos concurseiros. Acompanhe informa\u00e7\u00f5es mais detalhadas sobre\u2026","rel":"","context":"In &quot;Vagas de Emprego em Ribeir\u00e3o Preto-SP&quot;","block_context":{"text":"Vagas de Emprego em Ribeir\u00e3o Preto-SP","link":"https:\/\/noticiasribeiraopreto.com.br\/index.php\/category\/empregos-classificados-vagas-trabalho\/vagas-de-empregos-em-ribeirao-preto-regiao-brasil\/"},"img":{"alt_text":"","src":"https:\/\/i0.wp.com\/noticiasribeiraopreto.com.br\/wp-content\/uploads\/2023\/12\/noticiasconcursos.com_.br-veja-lista-de-concursos-previstos-e-que-podem-sair-ainda-em-2023-pexels-cottonbro-studio-4778611-3.jpg?fit=1200%2C800&ssl=1&resize=350%2C200","width":350,"height":200,"srcset":"https:\/\/i0.wp.com\/noticiasribeiraopreto.com.br\/wp-content\/uploads\/2023\/12\/noticiasconcursos.com_.br-veja-lista-de-concursos-previstos-e-que-podem-sair-ainda-em-2023-pexels-cottonbro-studio-4778611-3.jpg?fit=1200%2C800&ssl=1&resize=350%2C200 1x, https:\/\/i0.wp.com\/noticiasribeiraopreto.com.br\/wp-content\/uploads\/2023\/12\/noticiasconcursos.com_.br-veja-lista-de-concursos-previstos-e-que-podem-sair-ainda-em-2023-pexels-cottonbro-studio-4778611-3.jpg?fit=1200%2C800&ssl=1&resize=525%2C300 1.5x, https:\/\/i0.wp.com\/noticiasribeiraopreto.com.br\/wp-content\/uploads\/2023\/12\/noticiasconcursos.com_.br-veja-lista-de-concursos-previstos-e-que-podem-sair-ainda-em-2023-pexels-cottonbro-studio-4778611-3.jpg?fit=1200%2C800&ssl=1&resize=700%2C400 2x, https:\/\/i0.wp.com\/noticiasribeiraopreto.com.br\/wp-content\/uploads\/2023\/12\/noticiasconcursos.com_.br-veja-lista-de-concursos-previstos-e-que-podem-sair-ainda-em-2023-pexels-cottonbro-studio-4778611-3.jpg?fit=1200%2C800&ssl=1&resize=1050%2C600 3x"},"classes":[]},{"id":22136,"url":"https:\/\/noticiasribeiraopreto.com.br\/index.php\/2023\/12\/29\/concurso-crbio-3-rs-deve-ocorrer-em-breve-para-cargos-de-niveis-medio-e-superior\/","url_meta":{"origin":12559,"position":3},"title":"Concurso CRBio 3 RS deve ocorrer em breve para cargos de n\u00edveis m\u00e9dio e superior","author":"noticiasribeiraopreto.com.br","date":"29 de December de 2023","format":false,"excerpt":"Um novo concurso CRBio 3 RS (Conselho Regional de Biologia da 3 Regi\u00e3o), no Rio Grande do Sul, deve ser realizado em breve. O primeiro passo ocorreu nesta sexta-feira, 29 de dezembro, com a publica\u00e7\u00e3o, no di\u00e1rio oficial da Uni\u00e3o, do aviso de licita\u00e7\u00e3o para a escolha da banca organizadora,\u2026","rel":"","context":"In &quot;Vagas de Emprego em Ribeir\u00e3o Preto-SP&quot;","block_context":{"text":"Vagas de Emprego em Ribeir\u00e3o Preto-SP","link":"https:\/\/noticiasribeiraopreto.com.br\/index.php\/category\/empregos-classificados-vagas-trabalho\/vagas-de-empregos-em-ribeirao-preto-regiao-brasil\/"},"img":{"alt_text":"","src":"https:\/\/i0.wp.com\/noticiasribeiraopreto.com.br\/wp-content\/uploads\/2023\/12\/crbio3.jpg?fit=1012%2C618&ssl=1&resize=350%2C200","width":350,"height":200,"srcset":"https:\/\/i0.wp.com\/noticiasribeiraopreto.com.br\/wp-content\/uploads\/2023\/12\/crbio3.jpg?fit=1012%2C618&ssl=1&resize=350%2C200 1x, https:\/\/i0.wp.com\/noticiasribeiraopreto.com.br\/wp-content\/uploads\/2023\/12\/crbio3.jpg?fit=1012%2C618&ssl=1&resize=525%2C300 1.5x, https:\/\/i0.wp.com\/noticiasribeiraopreto.com.br\/wp-content\/uploads\/2023\/12\/crbio3.jpg?fit=1012%2C618&ssl=1&resize=700%2C400 2x"},"classes":[]},{"id":16532,"url":"https:\/\/noticiasribeiraopreto.com.br\/index.php\/2023\/12\/15\/aleto-anuncia-concursos-publicos-com-107-vagas-imediatas\/","url_meta":{"origin":12559,"position":4},"title":"ALETO anuncia concursos p\u00fablicos com 107 vagas imediatas","author":"noticiasribeiraopreto.com.br","date":"15 de December de 2023","format":false,"excerpt":"Cr\u00e9ditos: IStockALETO anuncia Concursos P\u00fablicos A Assembleia Legislativa do Estado do Tocantins (ALETO) divulga duas oportunidades de concurso p\u00fablico, oferecendo um total de 107 vagas para contrata\u00e7\u00e3o imediata. Os cargos contemplam profissionais com diferentes n\u00edveis de escolaridade, abrangendo ensino m\u00e9dio, m\u00e9dio\/t\u00e9cnico e superior. Al\u00e9m disso, reservam-se vagas para pessoas com\u2026","rel":"","context":"In &quot;Variedades&quot;","block_context":{"text":"Variedades","link":"https:\/\/noticiasribeiraopreto.com.br\/index.php\/category\/variedades\/"},"img":{"alt_text":"","src":"https:\/\/i0.wp.com\/noticiasribeiraopreto.com.br\/wp-content\/uploads\/2023\/12\/istock-1582909608.jpg?fit=1200%2C638&ssl=1&resize=350%2C200","width":350,"height":200,"srcset":"https:\/\/i0.wp.com\/noticiasribeiraopreto.com.br\/wp-content\/uploads\/2023\/12\/istock-1582909608.jpg?fit=1200%2C638&ssl=1&resize=350%2C200 1x, https:\/\/i0.wp.com\/noticiasribeiraopreto.com.br\/wp-content\/uploads\/2023\/12\/istock-1582909608.jpg?fit=1200%2C638&ssl=1&resize=525%2C300 1.5x, https:\/\/i0.wp.com\/noticiasribeiraopreto.com.br\/wp-content\/uploads\/2023\/12\/istock-1582909608.jpg?fit=1200%2C638&ssl=1&resize=700%2C400 2x, https:\/\/i0.wp.com\/noticiasribeiraopreto.com.br\/wp-content\/uploads\/2023\/12\/istock-1582909608.jpg?fit=1200%2C638&ssl=1&resize=1050%2C600 3x"},"classes":[]},{"id":18450,"url":"https:\/\/noticiasribeiraopreto.com.br\/index.php\/2023\/12\/20\/confira-os-cargos-e-salarios-ofertados-no-concurso-cnu\/","url_meta":{"origin":12559,"position":5},"title":"Confira os cargos e sal\u00e1rios ofertados no concurso CNU","author":"noticiasribeiraopreto.com.br","date":"20 de December de 2023","format":false,"excerpt":"Confira os \u00f3rg\u00e3os participantes do concurso CNU O concurso CNU- Concurso Nacional Unificado- \u00e9 uma grande chance para v\u00e1rios cargos. Al\u00e9m disso, as vagas s\u00e3o para medio e superior. Confira os \u00f3rg\u00e3os e mais detalhes. Concurso CNU e \u00f3rg\u00e3os Se voc\u00ea est\u00e1 em busca de novas oportunidades no cen\u00e1rio dos\u2026","rel":"","context":"In &quot;Vagas de Emprego em Ribeir\u00e3o Preto-SP&quot;","block_context":{"text":"Vagas de Emprego em Ribeir\u00e3o Preto-SP","link":"https:\/\/noticiasribeiraopreto.com.br\/index.php\/category\/empregos-classificados-vagas-trabalho\/vagas-de-empregos-em-ribeirao-preto-regiao-brasil\/"},"img":{"alt_text":"","src":"https:\/\/i0.wp.com\/noticiasribeiraopreto.com.br\/wp-content\/uploads\/2023\/12\/noticiasconcursos.com_.br-confira-os-cargos-e-salarios-ofertados-no-concurso-cnu-library-7408106-1280.jpg?fit=1200%2C834&ssl=1&resize=350%2C200","width":350,"height":200,"srcset":"https:\/\/i0.wp.com\/noticiasribeiraopreto.com.br\/wp-content\/uploads\/2023\/12\/noticiasconcursos.com_.br-confira-os-cargos-e-salarios-ofertados-no-concurso-cnu-library-7408106-1280.jpg?fit=1200%2C834&ssl=1&resize=350%2C200 1x, https:\/\/i0.wp.com\/noticiasribeiraopreto.com.br\/wp-content\/uploads\/2023\/12\/noticiasconcursos.com_.br-confira-os-cargos-e-salarios-ofertados-no-concurso-cnu-library-7408106-1280.jpg?fit=1200%2C834&ssl=1&resize=525%2C300 1.5x, https:\/\/i0.wp.com\/noticiasribeiraopreto.com.br\/wp-content\/uploads\/2023\/12\/noticiasconcursos.com_.br-confira-os-cargos-e-salarios-ofertados-no-concurso-cnu-library-7408106-1280.jpg?fit=1200%2C834&ssl=1&resize=700%2C400 2x, https:\/\/i0.wp.com\/noticiasribeiraopreto.com.br\/wp-content\/uploads\/2023\/12\/noticiasconcursos.com_.br-confira-os-cargos-e-salarios-ofertados-no-concurso-cnu-library-7408106-1280.jpg?fit=1200%2C834&ssl=1&resize=1050%2C600 3x"},"classes":[]}],"jetpack_sharing_enabled":true,"jetpack_shortlink":"https:\/\/wp.me\/peQAOb-3gz","_links":{"self":[{"href":"https:\/\/noticiasribeiraopreto.com.br\/index.php\/wp-json\/wp\/v2\/posts\/12559","targetHints":{"allow":["GET"]}}],"collection":[{"href":"https:\/\/noticiasribeiraopreto.com.br\/index.php\/wp-json\/wp\/v2\/posts"}],"about":[{"href":"https:\/\/noticiasribeiraopreto.com.br\/index.php\/wp-json\/wp\/v2\/types\/post"}],"author":[{"embeddable":true,"href":"https:\/\/noticiasribeiraopreto.com.br\/index.php\/wp-json\/wp\/v2\/users\/1"}],"replies":[{"embeddable":true,"href":"https:\/\/noticiasribeiraopreto.com.br\/index.php\/wp-json\/wp\/v2\/comments?post=12559"}],"version-history":[{"count":0,"href":"https:\/\/noticiasribeiraopreto.com.br\/index.php\/wp-json\/wp\/v2\/posts\/12559\/revisions"}],"wp:featuredmedia":[{"embeddable":true,"href":"https:\/\/noticiasribeiraopreto.com.br\/index.php\/wp-json\/wp\/v2\/media\/12560"}],"wp:attachment":[{"href":"https:\/\/noticiasribeiraopreto.com.br\/index.php\/wp-json\/wp\/v2\/media?parent=12559"}],"wp:term":[{"taxonomy":"category","embeddable":true,"href":"https:\/\/noticiasribeiraopreto.com.br\/index.php\/wp-json\/wp\/v2\/categories?post=12559"},{"taxonomy":"post_tag","embeddable":true,"href":"https:\/\/noticiasribeiraopreto.com.br\/index.php\/wp-json\/wp\/v2\/tags?post=12559"}],"curies":[{"name":"wp","href":"https:\/\/api.w.org\/{rel}","templated":true}]}}