{"id":12561,"date":"2023-12-08T08:57:27","date_gmt":"2023-12-08T11:57:27","guid":{"rendered":"https:\/\/noticiasribeiraopreto.com.br\/index.php\/2023\/12\/08\/prefeitura-limpara-canteiro-central-da-nove-de-julho\/"},"modified":"2023-12-08T08:57:27","modified_gmt":"2023-12-08T11:57:27","slug":"prefeitura-limpara-canteiro-central-da-nove-de-julho","status":"publish","type":"post","link":"https:\/\/noticiasribeiraopreto.com.br\/index.php\/2023\/12\/08\/prefeitura-limpara-canteiro-central-da-nove-de-julho\/","title":{"rendered":"Prefeitura limpar\u00e1 canteiro central da Nove de Julho"},"content":{"rendered":"<div class='code-block code-block-1' style='margin: 8px 0 8px auto; text-align: right; display: block; clear: both;'>\n<p><a href=\"https:\/\/wa.link\/vpicfd\"><img data-recalc-dims=\"1\" class=\"wp-image-4922\" style=\"aspect-ratio: 2.0253164556962027; width: 561px; height: auto;\" src=\"https:\/\/i0.wp.com\/ismaelcolosi.com.br\/wp-content\/uploads\/2023\/11\/grupo-de-empregos-whatsapp-e-facebook-ismael-colosi-vagas.jpg?ssl=1\" alt=\"\" \/><\/a><\/p>\n<!-- \/wp:image -->\n<\/div>\n<p> <br \/>\n<\/p>\n<div id=\"\">\n<p> <span class=\"entry-meta-item penci-posted-on\"><i class=\"fa fa-clock-o\"\/><time class=\"entry-date published\" datetime=\"2023-12-08T08:30:29-03:00\">8 de dezembro de 2023 | 8:30<\/time><time class=\"updated\" datetime=\"2023-12-07T19:47:46-03:00\">7 de dezembro de 2023 | 19:47<\/time><\/span><\/p>\n<p> <span class=\"penci-social-buttons penci-social-share-footer\"><a href=\"#\" class=\"penci-post-like penci_post-meta_item  single-like-button penci-social-item like\" data-post_id=\"366589\" title=\"Like\" data-like=\"Like\" data-unlike=\"Unlike\"><i class=\"fa fa-thumbs-o-up\"\/><span class=\"penci-share-number\">0<\/span><\/a><i class=\"fa fa-facebook\"\/><a class=\"penci-social-item twitter\" target=\"_blank\" rel=\"noopener\" title=\"\" href=\"https:\/\/twitter.com\/intent\/tweet?text=Prefeitura%20limpar\u00e1%20canteiro%20central%20da%20Nove%20de%20Julho%20-%20https:\/\/www.tribunaribeirao.com.br\/site\/prefeitura-limpara-canteiro-central-da-nove-de-julho\/\"><i class=\"fa fa-twitter\"\/><\/a><i class=\"fa fa-whatsapp\"\/><\/span><\/div>\n<div>\n<p><span class=\"TextRun SCXW48994367 BCX0\" lang=\"PT-BR\" xml:lang=\"PT-BR\" data-contrast=\"auto\"><span class=\"NormalTextRun SCXW48994367 BCX0\">O secret\u00e1rio municipal de Obras P\u00fablicas, Pedro Luiz <\/span><span class=\"NormalTextRun SpellingErrorV2Themed SCXW48994367 BCX0\">Pegoraro<\/span><span class=\"NormalTextRun SCXW48994367 BCX0\">, afirmou que na pr\u00f3xima quinta-feira, 13 de dezembro, a prefeitura <\/span><span class=\"NormalTextRun SCXW48994367 BCX0\">de Ribeir\u00e3o Preto <\/span><span class=\"NormalTextRun SCXW48994367 BCX0\">iniciar\u00e1 <\/span><span class=\"NormalTextRun SCXW48994367 BCX0\">os trabalhos de <\/span><span class=\"NormalTextRun SCXW48994367 BCX0\">limpeza e desobstru\u00e7\u00e3o das cal\u00e7adas e do canteiro central da <\/span><span class=\"NormalTextRun SCXW48994367 BCX0\">centen\u00e1ria <\/span><span class=\"NormalTextRun SCXW48994367 BCX0\">a<\/span><span class=\"NormalTextRun SCXW48994367 BCX0\">venida<\/span><span class=\"NormalTextRun SCXW48994367 BCX0\"> Nove de Julho, no trecho onde as obras <\/span><span class=\"NormalTextRun SCXW48994367 BCX0\">de <\/span><\/span><span class=\"TextRun SCXW48994367 BCX0\" lang=\"PT-BR\" xml:lang=\"PT-BR\" data-contrast=\"none\"><span class=\"NormalTextRun SCXW48994367 BCX0\">revitaliza\u00e7\u00e3o, restauro e constru\u00e7\u00e3o de corredor de \u00f4nibus <\/span><\/span><span class=\"TextRun SCXW48994367 BCX0\" lang=\"PT-BR\" xml:lang=\"PT-BR\" data-contrast=\"auto\"><span class=\"NormalTextRun SCXW48994367 BCX0\">estavam sendo realizadas. <\/span><\/span><span class=\"LineBreakBlob BlobObject DragDrop SCXW48994367 BCX0\"><span class=\"SCXW48994367 BCX0\">\u00a0<\/span><br class=\"SCXW48994367 BCX0\"\/><\/span><span class=\"LineBreakBlob BlobObject DragDrop SCXW48994367 BCX0\"><span class=\"SCXW48994367 BCX0\">\u00a0<\/span><br class=\"SCXW48994367 BCX0\"\/><\/span><span class=\"TextRun SCXW48994367 BCX0\" lang=\"PT-BR\" xml:lang=\"PT-BR\" data-contrast=\"auto\"><span class=\"NormalTextRun SCXW48994367 BCX0\">Segundo <\/span><span class=\"NormalTextRun SpellingErrorV2Themed SCXW48994367 BCX0\">Pegoraro<\/span><span class=\"NormalTextRun SCXW48994367 BCX0\">,<\/span> <span class=\"NormalTextRun ContextualSpellingAndGrammarErrorV2Themed SCXW48994367 BCX0\">o servi\u00e7o entre as ruas <\/span><span class=\"NormalTextRun ContextualSpellingAndGrammarErrorV2Themed SCXW48994367 BCX0\">Comandante <\/span><span class=\"NormalTextRun ContextualSpellingAndGrammarErrorV2Themed SCXW48994367 BCX0\">Marcondes Salgado e Garibaldi dev<\/span><span class=\"NormalTextRun ContextualSpellingAndGrammarErrorV2Themed SCXW48994367 BCX0\">er\u00e3o<\/span><span class=\"NormalTextRun SCXW48994367 BCX0\"> ser conclu\u00eddos em 15 dias, depois do Natal, a melhor data para o com\u00e9rcio. <\/span><span class=\"NormalTextRun SCXW48994367 BCX0\">Por\u00e9m, n\u00e3o haver\u00e1 libera\u00e7\u00e3o para o tr\u00e1fego de ve\u00edculos. <\/span><span class=\"NormalTextRun SCXW48994367 BCX0\">O an\u00fancio ocorreu <\/span><span class=\"NormalTextRun SCXW48994367 BCX0\">nesta quinta-feira (7)<\/span><span class=\"NormalTextRun SCXW48994367 BCX0\">,<\/span><span class=\"NormalTextRun SCXW48994367 BCX0\"> em audi\u00eancia p\u00fablica realizada pela Comiss\u00e3o de Obras P\u00fablicas da C\u00e2mara <\/span><span class=\"NormalTextRun SCXW48994367 BCX0\">de Vereadores<\/span><span class=\"NormalTextRun SCXW48994367 BCX0\">. <\/span><\/span><span class=\"LineBreakBlob BlobObject DragDrop SCXW48994367 BCX0\"><span class=\"SCXW48994367 BCX0\">\u00a0<\/span><br class=\"SCXW48994367 BCX0\"\/><\/span><span class=\"LineBreakBlob BlobObject DragDrop SCXW48994367 BCX0\"><span class=\"SCXW48994367 BCX0\">\u00a0<\/span><br class=\"SCXW48994367 BCX0\"\/><\/span><span class=\"TextRun SCXW48994367 BCX0\" lang=\"PT-BR\" xml:lang=\"PT-BR\" data-contrast=\"auto\"><span class=\"NormalTextRun SCXW48994367 BCX0\">O depoimento de <\/span><span class=\"NormalTextRun SpellingErrorV2Themed SCXW48994367 BCX0\">Pegoraro<\/span><span class=\"NormalTextRun SCXW48994367 BCX0\"> foi articulado pelo presidente da <\/span><span class=\"NormalTextRun SCXW48994367 BCX0\">c<\/span><span class=\"NormalTextRun SCXW48994367 BCX0\">omiss\u00e3o, Elizeu Rocha (PP). Tamb\u00e9m participaram do encontro<\/span> <span class=\"NormalTextRun SCXW48994367 BCX0\">Brando Veiga (Republicanos) e Paulo Modas (Uni\u00e3o Bras<\/span><span class=\"NormalTextRun SCXW48994367 BCX0\">i<\/span><span class=\"NormalTextRun SCXW48994367 BCX0\">l), al\u00e9m dos vereadores Marcos Papa (Podemos), Andr\u00e9 <\/span><span class=\"NormalTextRun SpellingErrorV2Themed SCXW48994367 BCX0\">Rodini<\/span><span class=\"NormalTextRun SCXW48994367 BCX0\"> (Novo), Renato <\/span><span class=\"NormalTextRun SpellingErrorV2Themed SCXW48994367 BCX0\">Zucoloto<\/span><span class=\"NormalTextRun SCXW48994367 BCX0\"> (PP) e Isaac Antunes (PL).<\/span> <\/span><span class=\"LineBreakBlob BlobObject DragDrop SCXW48994367 BCX0\"><span class=\"SCXW48994367 BCX0\">\u00a0<\/span><br class=\"SCXW48994367 BCX0\"\/><\/span><span class=\"LineBreakBlob BlobObject DragDrop SCXW48994367 BCX0\"><span class=\"SCXW48994367 BCX0\">\u00a0<\/span><br class=\"SCXW48994367 BCX0\"\/><\/span><span class=\"TextRun SCXW48994367 BCX0\" lang=\"PT-BR\" xml:lang=\"PT-BR\" data-contrast=\"auto\"><span class=\"NormalTextRun SCXW48994367 BCX0\">Comerciantes <\/span><span class=\"NormalTextRun SCXW48994367 BCX0\">locais <\/span><span class=\"NormalTextRun SCXW48994367 BCX0\">e o Sindicato do Com\u00e9rcio Varejista de Ribeir\u00e3o Preto (<\/span><span class=\"NormalTextRun SpellingErrorV2Themed SCXW48994367 BCX0\">Sincovarp<\/span><span class=\"NormalTextRun SCXW48994367 BCX0\">) tamb\u00e9m participaram do encontro<\/span><span class=\"NormalTextRun SCXW48994367 BCX0\">.<\/span><span class=\"NormalTextRun SCXW48994367 BCX0\"> Por\u00e9m, o secret\u00e1rio disse que ainda n\u00e3o h\u00e1 defini\u00e7\u00e3o sobre a retomada das obras. <\/span><span class=\"NormalTextRun SCXW48994367 BCX0\">Nesta qui8nta-feira, ele entregou o \u00faltimo <\/span><span class=\"NormalTextRun SpellingErrorV2Themed SCXW48994367 BCX0\">documentopara<\/span> <span class=\"NormalTextRun SpellingErrorV2Themed SCXW48994367 BCX0\">recis\u00e3o<\/span><span class=\"NormalTextRun SCXW48994367 BCX0\"> do contrato com a <\/span><span class=\"NormalTextRun SpellingErrorV2Themed SCXW48994367 BCX0\">Cosntrutora<\/span><span class=\"NormalTextRun SCXW48994367 BCX0\"> Metropolitana.<\/span><\/span><span class=\"LineBreakBlob BlobObject DragDrop SCXW48994367 BCX0\"><span class=\"SCXW48994367 BCX0\">\u00a0<\/span><br class=\"SCXW48994367 BCX0\"\/><\/span><span class=\"LineBreakBlob BlobObject DragDrop SCXW48994367 BCX0\"><span class=\"SCXW48994367 BCX0\">\u00a0<\/span><br class=\"SCXW48994367 BCX0\"\/><\/span><span class=\"TextRun SCXW48994367 BCX0\" lang=\"PT-BR\" xml:lang=\"PT-BR\" data-contrast=\"auto\"><span class=\"NormalTextRun SCXW48994367 BCX0\">Agora, a convoca\u00e7\u00e3o da segunda colocada na licita\u00e7\u00e3o ser\u00e1 publicada no Di\u00e1rio Oficial do Munic\u00edpio (DOM). Depois disso, a empresa ter\u00e1 cinco dias para dizer se aceita assinar contrato com a prefeitura. O prazo vence a partir do dia 13 de dezembro. <\/span><\/span><span class=\"LineBreakBlob BlobObject DragDrop SCXW48994367 BCX0\"><span class=\"SCXW48994367 BCX0\">\u00a0<\/span><br class=\"SCXW48994367 BCX0\"\/><\/span><span class=\"LineBreakBlob BlobObject DragDrop SCXW48994367 BCX0\"><span class=\"SCXW48994367 BCX0\">\u00a0<\/span><br class=\"SCXW48994367 BCX0\"\/><\/span><span class=\"TextRun SCXW48994367 BCX0\" lang=\"PT-BR\" xml:lang=\"PT-BR\" data-contrast=\"auto\"><span class=\"NormalTextRun SCXW48994367 BCX0\">Na ter\u00e7a-feira (5), a<\/span><span class=\"NormalTextRun SCXW48994367 BCX0\"> prefeitura de Ribeir\u00e3o Preto, por meio da <\/span><span class=\"NormalTextRun SCXW48994367 BCX0\">S<\/span><span class=\"NormalTextRun SCXW48994367 BCX0\">ecretaria <\/span><span class=\"NormalTextRun SCXW48994367 BCX0\">Municipal <\/span><span class=\"NormalTextRun SCXW48994367 BCX0\">de Obras P\u00fablicas, rompeu <\/span><span class=\"NormalTextRun SCXW48994367 BCX0\">de forma unilateral <\/span><span class=\"NormalTextRun SCXW48994367 BCX0\">o contrato com a <\/span><span class=\"NormalTextRun SCXW48994367 BCX0\">Construtora <\/span><span class=\"NormalTextRun SCXW48994367 BCX0\">Metropolitana<\/span><span class=\"NormalTextRun SCXW48994367 BCX0\">. A empresa venceu <\/span><span class=\"NormalTextRun SCXW48994367 BCX0\">a licita\u00e7\u00e3o para <\/span><span class=\"NormalTextRun SCXW48994367 BCX0\">realizar as obras<\/span><\/span><span class=\"TextRun SCXW48994367 BCX0\" lang=\"PT-BR\" xml:lang=\"PT-BR\" data-contrast=\"none\"> <span class=\"NormalTextRun SCXW48994367 BCX0\">na <\/span><span class=\"NormalTextRun SCXW48994367 BCX0\">avenida<\/span><span class=\"NormalTextRun SCXW48994367 BCX0\"> Nove de Julho<\/span><span class=\"NormalTextRun SCXW48994367 BCX0\">, que <\/span><\/span><span class=\"TextRun SCXW48994367 BCX0\" lang=\"PT-BR\" xml:lang=\"PT-BR\" data-contrast=\"auto\"><span class=\"NormalTextRun SCXW48994367 BCX0\">come\u00e7aram <\/span><span class=\"NormalTextRun SCXW48994367 BCX0\">em <\/span><span class=\"NormalTextRun SCXW48994367 BCX0\">2<\/span><span class=\"NormalTextRun SCXW48994367 BCX0\">0<\/span><span class=\"NormalTextRun SCXW48994367 BCX0\"> de ju<\/span><span class=\"NormalTextRun SCXW48994367 BCX0\">n<\/span><span class=\"NormalTextRun SCXW48994367 BCX0\">ho<\/span> <span class=\"NormalTextRun SCXW48994367 BCX0\">dividida<\/span><span class=\"NormalTextRun SCXW48994367 BCX0\">s<\/span><span class=\"NormalTextRun SCXW48994367 BCX0\"> em tr\u00eas frentes de trabalho<\/span><span class=\"NormalTextRun SCXW48994367 BCX0\">, com prazo de doze meses para execu\u00e7\u00e3o<\/span><span class=\"NormalTextRun SCXW48994367 BCX0\">.\u00a0 <\/span><\/span><span class=\"LineBreakBlob BlobObject DragDrop SCXW48994367 BCX0\"><span class=\"SCXW48994367 BCX0\">\u00a0<\/span><br class=\"SCXW48994367 BCX0\"\/><\/span><span class=\"LineBreakBlob BlobObject DragDrop SCXW48994367 BCX0\"><span class=\"SCXW48994367 BCX0\">\u00a0<\/span><br class=\"SCXW48994367 BCX0\"\/><\/span><span class=\"TextRun SCXW48994367 BCX0\" lang=\"PT-BR\" xml:lang=\"PT-BR\" data-contrast=\"none\"><span class=\"NormalTextRun SCXW48994367 BCX0\">A obra faz parte do Programa Ribeir\u00e3o Mobilidade. Segundo a administra\u00e7\u00e3o municipal, a empresa <\/span><\/span><span class=\"TextRun SCXW48994367 BCX0\" lang=\"PT-BR\" xml:lang=\"PT-BR\" data-contrast=\"auto\"><span class=\"NormalTextRun SCXW48994367 BCX0\">n\u00e3o cumpriu o que foi estipulado em contrato. <\/span><span class=\"NormalTextRun SCXW48994367 BCX0\">J\u00e1 era para <\/span><span class=\"NormalTextRun SCXW48994367 BCX0\">ter conclu\u00eddo 40% <\/span><span class=\"NormalTextRun SCXW48994367 BCX0\">dos <\/span><span class=\"NormalTextRun SpellingErrorV2Themed SCXW48994367 BCX0\">trabalhos, <\/span><span class=\"NormalTextRun SpellingErrorV2Themed SCXW48994367 BCX0\">mas<\/span><span class=\"NormalTextRun SCXW48994367 BCX0\"> hoje est\u00e1 entre <\/span><span class=\"NormalTextRun SCXW48994367 BCX0\">7<\/span><span class=\"NormalTextRun SCXW48994367 BCX0\">%<\/span> <span class=\"NormalTextRun SCXW48994367 BCX0\">e<\/span><span class=\"NormalTextRun SCXW48994367 BCX0\"> 8%. <\/span><span class=\"NormalTextRun SCXW48994367 BCX0\">\u201c<\/span><span class=\"NormalTextRun SCXW48994367 BCX0\">Dessa forma, o governado rompeu o contrato\u201d, disse o secret\u00e1rio de Governo<\/span><span class=\"NormalTextRun SCXW48994367 BCX0\">,<\/span> <span class=\"NormalTextRun SpellingErrorV2Themed SCXW48994367 BCX0\">Antonio<\/span> <span class=\"NormalTextRun SpellingErrorV2Themed SCXW48994367 BCX0\">Dass<\/span> <span class=\"NormalTextRun SpellingErrorV2Themed SCXW48994367 BCX0\">Abboud<\/span><span class=\"NormalTextRun SCXW48994367 BCX0\">. <\/span><\/span><span class=\"LineBreakBlob BlobObject DragDrop SCXW48994367 BCX0\"><span class=\"SCXW48994367 BCX0\">\u00a0<\/span><br class=\"SCXW48994367 BCX0\"\/><\/span><span class=\"LineBreakBlob BlobObject DragDrop SCXW48994367 BCX0\"><span class=\"SCXW48994367 BCX0\">\u00a0<\/span><br class=\"SCXW48994367 BCX0\"\/><\/span><span class=\"TextRun SCXW48994367 BCX0\" lang=\"PT-BR\" xml:lang=\"PT-BR\" data-contrast=\"auto\"><span class=\"NormalTextRun SCXW48994367 BCX0\">Rual<\/span><span class=\"NormalTextRun SCXW48994367 BCX0\"> \u2013 <\/span><\/span><span class=\"TextRun SCXW48994367 BCX0\" lang=\"PT-BR\" xml:lang=\"PT-BR\" data-contrast=\"auto\"><span class=\"NormalTextRun SCXW48994367 BCX0\">Atualmente, a prefeitura negocia com <\/span><span class=\"NormalTextRun SCXW48994367 BCX0\">a segunda colocada <\/span><span class=\"NormalTextRun SCXW48994367 BCX0\">n<\/span><span class=\"NormalTextRun SCXW48994367 BCX0\">o processo <\/span><span class=\"NormalTextRun SCXW48994367 BCX0\">licitat\u00f3rio<\/span><span class=\"NormalTextRun SCXW48994367 BCX0\">, a <\/span><span class=\"NormalTextRun SpellingErrorV2Themed SCXW48994367 BCX0\">Rual<\/span><span class=\"NormalTextRun SCXW48994367 BCX0\"> Constru\u00e7\u00f5es e Com\u00e9rcio Ltda<\/span><span class=\"NormalTextRun SCXW48994367 BCX0\">., de S\u00e3o Paulo<\/span><span class=\"NormalTextRun SCXW48994367 BCX0\">. A empresa precisa aceitar todos os itens do contrato atual, inclusive o valor, para assim retomar ainda este m\u00eas as obras. Caso n\u00e3o aceite, <\/span><span class=\"NormalTextRun SCXW48994367 BCX0\">a administra\u00e7\u00e3o ter\u00e1 de <\/span><span class=\"NormalTextRun SpellingErrorV2Themed SCXW48994367 BCX0\">lan\u00e7ar<\/span> <span class=\"NormalTextRun SCXW48994367 BCX0\">novo processo de licita\u00e7\u00e3o. Neste caso, <\/span><span class=\"NormalTextRun SCXW48994367 BCX0\">por causa d<\/span><span class=\"NormalTextRun SCXW48994367 BCX0\">os tramites legais, <\/span><span class=\"NormalTextRun SCXW48994367 BCX0\">deve levar entre <\/span><span class=\"NormalTextRun SCXW48994367 BCX0\">60 <\/span><span class=\"NormalTextRun SCXW48994367 BCX0\">e 90 <\/span><span class=\"NormalTextRun SCXW48994367 BCX0\">dias.<\/span><\/span><span class=\"LineBreakBlob BlobObject DragDrop SCXW48994367 BCX0\"><span class=\"SCXW48994367 BCX0\">\u00a0<\/span><br class=\"SCXW48994367 BCX0\"\/><\/span><span class=\"LineBreakBlob BlobObject DragDrop SCXW48994367 BCX0\"><span class=\"SCXW48994367 BCX0\">\u00a0<\/span><br class=\"SCXW48994367 BCX0\"\/><\/span><span class=\"TextRun SCXW48994367 BCX0\" lang=\"PT-BR\" xml:lang=\"PT-BR\" data-contrast=\"auto\"><span class=\"NormalTextRun SCXW48994367 BCX0\">Para minimizar os transtornos para os comerciantes, motoristas e <\/span><span class=\"NormalTextRun SCXW48994367 BCX0\">\u00e0 <\/span><span class=\"NormalTextRun SCXW48994367 BCX0\">popula\u00e7\u00e3o em geral, a prefeitura<\/span><span class=\"NormalTextRun SCXW48994367 BCX0\"> de Ribeir\u00e3o Preto <\/span><span class=\"NormalTextRun SCXW48994367 BCX0\">e a RP <\/span><span class=\"NormalTextRun SpellingErrorV2Themed SCXW48994367 BCX0\">Mobi<\/span><span class=\"NormalTextRun SCXW48994367 BCX0\"> realizar<\/span><span class=\"NormalTextRun SCXW48994367 BCX0\">\u00e3o<\/span><span class=\"NormalTextRun SCXW48994367 BCX0\"> interven\u00e7\u00e3o no local das obras com limpeza e instala\u00e7\u00e3o de bols\u00f5es de estacionamento. Tamb\u00e9m ir\u00e1 realizar o trabalho de obras <\/span><span class=\"NormalTextRun SCXW48994367 BCX0\">na <\/span><span class=\"NormalTextRun SCXW48994367 BCX0\">Doutor<\/span> <span class=\"NormalTextRun SCXW48994367 BCX0\">avenida Francisco Junqueira, com o intuito de melhor a fluidez do tr\u00e2nsito no local.<\/span><\/span><span class=\"LineBreakBlob BlobObject DragDrop SCXW48994367 BCX0\"><span class=\"SCXW48994367 BCX0\">\u00a0<\/span><br class=\"SCXW48994367 BCX0\"\/><\/span><span class=\"LineBreakBlob BlobObject DragDrop SCXW48994367 BCX0\"><span class=\"SCXW48994367 BCX0\">\u00a0<\/span><br class=\"SCXW48994367 BCX0\"\/><\/span><span class=\"TextRun SCXW48994367 BCX0\" lang=\"PT-BR\" xml:lang=\"PT-BR\" data-contrast=\"auto\"><span class=\"NormalTextRun SCXW48994367 BCX0\">Prazo \u2013 <\/span><\/span><span class=\"TextRun SCXW48994367 BCX0\" lang=\"PT-BR\" xml:lang=\"PT-BR\" data-contrast=\"auto\"><span class=\"NormalTextRun SCXW48994367 BCX0\">O prazo para conclus\u00e3o das obras, que antes era junho de 2024, foi pro <\/span><span class=\"NormalTextRun SCXW48994367 BCX0\">belel\u00e9u<\/span><span class=\"NormalTextRun SCXW48994367 BCX0\">. <\/span><span class=\"NormalTextRun SCXW48994367 BCX0\">O rompimento do contrato foi aceito pela <\/span><span class=\"NormalTextRun SCXW48994367 BCX0\">Construtora <\/span><span class=\"NormalTextRun SCXW48994367 BCX0\">Metropolitana, e agora a prefeitura estuda como ser\u00e3o <\/span><span class=\"NormalTextRun SCXW48994367 BCX0\">aplicadas<\/span><span class=\"NormalTextRun SCXW48994367 BCX0\"> as puni\u00e7\u00f5es. Pelo contrato, a multa representa 3% do valor da obra, que neste caso \u00e9 de cerca de R$ 3<\/span><span class=\"NormalTextRun SCXW48994367 BCX0\">.113.210,17<\/span><span class=\"NormalTextRun SCXW48994367 BCX0\">, al\u00e9m d<\/span><span class=\"NormalTextRun SCXW48994367 BCX0\">e <\/span><span class=\"NormalTextRun SCXW48994367 BCX0\">a empresa ficar proibida de participar de novas licita\u00e7\u00f5es no munic\u00edpio.<\/span><\/span><span class=\"LineBreakBlob BlobObject DragDrop SCXW48994367 BCX0\"><span class=\"SCXW48994367 BCX0\">\u00a0<\/span><br class=\"SCXW48994367 BCX0\"\/><\/span><span class=\"LineBreakBlob BlobObject DragDrop SCXW48994367 BCX0\"><span class=\"SCXW48994367 BCX0\">\u00a0<\/span><br class=\"SCXW48994367 BCX0\"\/><\/span><span class=\"TextRun SCXW48994367 BCX0\" lang=\"PT-BR\" xml:lang=\"PT-BR\" data-contrast=\"auto\"><span class=\"NormalTextRun SCXW48994367 BCX0\">Dificuldade \u2013 <\/span><\/span><span class=\"TextRun SCXW48994367 BCX0\" lang=\"PT-BR\" xml:lang=\"PT-BR\" data-contrast=\"auto\"><span class=\"NormalTextRun SCXW48994367 BCX0\">A construtora alega d<\/span><span class=\"NormalTextRun SCXW48994367 BCX0\">ificuldade em contratar m\u00e3o de obra<\/span><span class=\"NormalTextRun SCXW48994367 BCX0\">, para <\/span><span class=\"NormalTextRun SCXW48994367 BCX0\">comprar insumos<\/span><span class=\"NormalTextRun SCXW48994367 BCX0\"> e fechar parcerias com <\/span><span class=\"NormalTextRun SCXW48994367 BCX0\">empresa<\/span><span class=\"NormalTextRun SCXW48994367 BCX0\">s<\/span><span class=\"NormalTextRun SCXW48994367 BCX0\"> terceirizada<\/span><span class=\"NormalTextRun SCXW48994367 BCX0\">s. Al\u00e9m disso, cita imprevistos em rela\u00e7\u00e3o ao projeto original, como a descoberta de uma <\/span><\/span><span class=\"LineBreakBlob BlobObject DragDrop SCXW48994367 BCX0\"><span class=\"SCXW48994367 BCX0\">\u00a0<\/span><br class=\"SCXW48994367 BCX0\"\/><\/span><span class=\"TextRun SCXW48994367 BCX0\" lang=\"PT-BR\" xml:lang=\"PT-BR\" data-contrast=\"auto\"><span class=\"NormalTextRun SCXW48994367 BCX0\">galeria pluvial <\/span><span class=\"NormalTextRun SCXW48994367 BCX0\">\u2013 <\/span><\/span><span class=\"TextRun SCXW48994367 BCX0\" lang=\"PT-BR\" xml:lang=\"PT-BR\" data-contrast=\"none\"><span class=\"NormalTextRun SCXW48994367 BCX0\">dutos subterr\u00e2neos para capta\u00e7\u00e3o e escoamento de <\/span><span class=\"NormalTextRun SCXW48994367 BCX0\">\u00e1gua <\/span><\/span><span class=\"TextRun SCXW48994367 BCX0\" lang=\"PT-BR\" xml:lang=\"PT-BR\" data-contrast=\"auto\"><span class=\"NormalTextRun SCXW48994367 BCX0\">\u2013<\/span><span class=\"NormalTextRun SCXW48994367 BCX0\">com<\/span><span class=\"NormalTextRun SCXW48994367 BCX0\"> um quil\u00f4metro de extens\u00e3o. <\/span><\/span><span class=\"LineBreakBlob BlobObject DragDrop SCXW48994367 BCX0\"><span class=\"SCXW48994367 BCX0\">\u00a0<\/span><br class=\"SCXW48994367 BCX0\"\/><\/span><span class=\"LineBreakBlob BlobObject DragDrop SCXW48994367 BCX0\"><span class=\"SCXW48994367 BCX0\">\u00a0<\/span><br class=\"SCXW48994367 BCX0\"\/><\/span><span class=\"TextRun SCXW48994367 BCX0\" lang=\"PT-BR\" xml:lang=\"PT-BR\" data-contrast=\"auto\"><span class=\"NormalTextRun SCXW48994367 BCX0\">A<\/span><span class=\"NormalTextRun SCXW48994367 BCX0\"> rescis\u00e3o contratual <\/span><span class=\"NormalTextRun SCXW48994367 BCX0\">foi motivada pelos <\/span><span class=\"NormalTextRun SCXW48994367 BCX0\">sucessivos atrasos <\/span><span class=\"NormalTextRun SCXW48994367 BCX0\">n<\/span><span class=\"NormalTextRun SCXW48994367 BCX0\">o primeiro trecho d<\/span><span class=\"NormalTextRun SCXW48994367 BCX0\">e<\/span><span class=\"NormalTextRun SCXW48994367 BCX0\"> obras<\/span><span class=\"NormalTextRun SCXW48994367 BCX0\">,<\/span><span class=\"NormalTextRun SCXW48994367 BCX0\"> entre as ruas S\u00e3o Jos\u00e9 e <\/span><span class=\"NormalTextRun SCXW48994367 BCX0\">Comandante <\/span><span class=\"NormalTextRun SCXW48994367 BCX0\">Marcondes Salgado<\/span><span class=\"NormalTextRun SCXW48994367 BCX0\">, que ainda est\u00e1 longe de ser conclu\u00eddo<\/span><span class=\"NormalTextRun SCXW48994367 BCX0\">. <\/span><span class=\"NormalTextRun SCXW48994367 BCX0\">A <\/span><span class=\"NormalTextRun SpellingErrorV2Themed SCXW48994367 BCX0\">Rual<\/span><span class=\"NormalTextRun SCXW48994367 BCX0\"> Constru\u00e7\u00f5es e Com\u00e9rcio Ltda.<\/span> <span class=\"NormalTextRun SCXW48994367 BCX0\">foi<\/span><span class=\"NormalTextRun SCXW48994367 BCX0\"> a <\/span><span class=\"NormalTextRun SCXW48994367 BCX0\">segunda colocada na concorr\u00eancia <\/span><span class=\"NormalTextRun SCXW48994367 BCX0\">p<\/span><span class=\"NormalTextRun SCXW48994367 BCX0\">\u00fablica realizada em 15 de maio do ano passado. <\/span><\/span><span class=\"LineBreakBlob BlobObject DragDrop SCXW48994367 BCX0\"><span class=\"SCXW48994367 BCX0\">\u00a0<\/span><br class=\"SCXW48994367 BCX0\"\/><\/span><span class=\"LineBreakBlob BlobObject DragDrop SCXW48994367 BCX0\"><span class=\"SCXW48994367 BCX0\">\u00a0<\/span><br class=\"SCXW48994367 BCX0\"\/><\/span><span class=\"TextRun SCXW48994367 BCX0\" lang=\"PT-BR\" xml:lang=\"PT-BR\" data-contrast=\"auto\"><span class=\"NormalTextRun SCXW48994367 BCX0\">No certame, ofereceu R$ 32.756.792,80 contra R$ 31.132.101,77 ofertados pela Construtora Metropolitana<\/span><span class=\"NormalTextRun SCXW48994367 BCX0\">,<\/span><span class=\"NormalTextRun SCXW48994367 BCX0\"> que venceu a concorr\u00eancia.<\/span><span class=\"NormalTextRun SCXW48994367 BCX0\"> A <\/span><span class=\"NormalTextRun SpellingErrorV2Themed SCXW48994367 BCX0\">Rual<\/span> <span class=\"NormalTextRun SCXW48994367 BCX0\">construiu o t\u00fanel <\/span><span class=\"NormalTextRun SCXW48994367 BCX0\">Jos\u00e9 Bonif\u00e1cio de Andrada <\/span><span class=\"NormalTextRun SCXW48994367 BCX0\">e Silva<\/span><span class=\"NormalTextRun SCXW48994367 BCX0\">. A previs\u00e3o inicial de conclus\u00e3o <\/span><span class=\"NormalTextRun SCXW48994367 BCX0\">das obras no primeiro trecho da Nove de Julho <\/span><span class=\"NormalTextRun SCXW48994367 BCX0\">era <\/span><span class=\"NormalTextRun SCXW48994367 BCX0\">para <\/span><span class=\"NormalTextRun SCXW48994367 BCX0\">o final de setembro, <\/span><span class=\"NormalTextRun SCXW48994367 BCX0\">depois ganhou mais 45 dias de f\u00f4lego e passou para <\/span><span class=\"NormalTextRun SCXW48994367 BCX0\">6<\/span><span class=\"NormalTextRun SCXW48994367 BCX0\"> de novembro, mas n\u00e3o foi conclu\u00eddo. <\/span><\/span><span class=\"LineBreakBlob BlobObject DragDrop SCXW48994367 BCX0\"><span class=\"SCXW48994367 BCX0\">\u00a0<\/span><br class=\"SCXW48994367 BCX0\"\/><\/span><span class=\"LineBreakBlob BlobObject DragDrop SCXW48994367 BCX0\"><span class=\"SCXW48994367 BCX0\">\u00a0<\/span><br class=\"SCXW48994367 BCX0\"\/><\/span><\/p>\n<\/div>\n<p><script async src=\"\/\/platform.twitter.com\/widgets.js\" charset=\"utf-8\"><\/script><br \/>\n<br \/><br \/>\n<br \/><a href=\"https:\/\/www.tribunaribeirao.com.br\/site\/prefeitura-limpara-canteiro-central-da-nove-de-julho\/\">Source link <\/a><\/p>\n<!-- CONTENT END 1 -->\n","protected":false},"excerpt":{"rendered":"<p>8 de dezembro de 2023 | 8:307 de dezembro de 2023 | 19:47 0 O secret\u00e1rio municipal de Obras P\u00fablicas, Pedro Luiz Pegoraro, afirmou que&#8230;<\/p>\n","protected":false},"author":1,"featured_media":12562,"comment_status":"open","ping_status":"open","sticky":false,"template":"","format":"standard","meta":{"advanced_seo_description":"","jetpack_seo_html_title":"","jetpack_seo_noindex":false,"jetpack_post_was_ever_published":false,"_jetpack_newsletter_access":"","_jetpack_dont_email_post_to_subs":false,"_jetpack_newsletter_tier_id":0,"_jetpack_memberships_contains_paywalled_content":false,"_jetpack_memberships_contains_paid_content":false,"footnotes":"","jetpack_publicize_message":"","jetpack_publicize_feature_enabled":true,"jetpack_social_post_already_shared":true,"jetpack_social_options":{"image_generator_settings":{"template":"highway","default_image_id":0,"font":"","enabled":false},"version":2}},"categories":[11],"tags":[1757,877,1229,1756,1228,244],"class_list":["post-12561","post","type-post","status-publish","format-standard","has-post-thumbnail","hentry","category-noticias-de-ribeirao-preto-sp-e-regiao-ismael-colosi","tag-canteiro","tag-central","tag-julho","tag-limpara","tag-nove","tag-prefeitura"],"jetpack_publicize_connections":[],"jetpack_featured_media_url":"https:\/\/i0.wp.com\/noticiasribeiraopreto.com.br\/wp-content\/uploads\/2023\/12\/nove-2-scaled.jpg?fit=1000%2C521&ssl=1","jetpack-related-posts":[{"id":17901,"url":"https:\/\/noticiasribeiraopreto.com.br\/index.php\/2023\/12\/19\/nove-de-julho-prefeitura-aguarda-resposta-da-rual\/","url_meta":{"origin":12561,"position":0},"title":"Nove de Julho: Prefeitura aguarda resposta da Rual\u00a0","author":"noticiasribeiraopreto.com.br","date":"19 de December de 2023","format":false,"excerpt":"19 de dezembro de 2023 | 11:0019 de dezembro de 2023 | 9:04 0A empresa Rual Constru\u00e7\u00f5es e Com\u00e9rcio S.A, segunda colocada na licita\u00e7\u00e3o para obras de revitaliza\u00e7\u00e3o, restaura\u00e7\u00e3o e constru\u00e7\u00e3o de corredor de \u00f4nibus na avenida Nove de Julho, tem at\u00e9 esta quinta-feira, 21 de dezembro, para responder \u00e0\u2026","rel":"","context":"In &quot;Not\u00edcias de Ribeir\u00e3o Preto-SP e Regi\u00e3o&quot;","block_context":{"text":"Not\u00edcias de Ribeir\u00e3o Preto-SP e Regi\u00e3o","link":"https:\/\/noticiasribeiraopreto.com.br\/index.php\/category\/noticias-de-ribeirao-preto-sp-e-regiao-ismael-colosi\/"},"img":{"alt_text":"","src":"https:\/\/i0.wp.com\/noticiasribeiraopreto.com.br\/wp-content\/uploads\/2023\/12\/NoveRP-Alfredo-Risk-scaled.jpg?fit=1000%2C538&ssl=1&resize=350%2C200","width":350,"height":200,"srcset":"https:\/\/i0.wp.com\/noticiasribeiraopreto.com.br\/wp-content\/uploads\/2023\/12\/NoveRP-Alfredo-Risk-scaled.jpg?fit=1000%2C538&ssl=1&resize=350%2C200 1x, https:\/\/i0.wp.com\/noticiasribeiraopreto.com.br\/wp-content\/uploads\/2023\/12\/NoveRP-Alfredo-Risk-scaled.jpg?fit=1000%2C538&ssl=1&resize=525%2C300 1.5x, https:\/\/i0.wp.com\/noticiasribeiraopreto.com.br\/wp-content\/uploads\/2023\/12\/NoveRP-Alfredo-Risk-scaled.jpg?fit=1000%2C538&ssl=1&resize=700%2C400 2x"},"classes":[]},{"id":61546,"url":"https:\/\/noticiasribeiraopreto.com.br\/index.php\/2024\/12\/16\/vou-deixar-a-avenida-nove-de-julho-fluindo-afirma-nogueira\/","url_meta":{"origin":12561,"position":1},"title":"&#8216;Vou deixar a avenida Nove de Julho fluindo&#8217;, afirma Nogueira","author":"noticiasribeiraopreto.com.br","date":"16 de December de 2024","format":false,"excerpt":"Ap\u00f3s dois mandatos \u00e0 frente da Prefeitura de Ribeir\u00e3o Preto, Ant\u00f4nio Duarte Nogueira J\u00fanior (PSDB) chega \u00e0s \u00faltimas semanas de seu governo. Em conversa com o acidade on, o prefeito disse que a prioridade da nova gest\u00e3o deve ser as obras e afirmou que deixar\u00e1 a avenida Nove de Julho\u2026","rel":"","context":"In &quot;Not\u00edcias de Ribeir\u00e3o Preto-SP e Regi\u00e3o&quot;","block_context":{"text":"Not\u00edcias de Ribeir\u00e3o Preto-SP e Regi\u00e3o","link":"https:\/\/noticiasribeiraopreto.com.br\/index.php\/category\/noticias-de-ribeirao-preto-sp-e-regiao-ismael-colosi\/"},"img":{"alt_text":"","src":"https:\/\/i0.wp.com\/noticiasribeiraopreto.com.br\/wp-content\/uploads\/2024\/12\/Copia-de-Copia-de-Copia-de-TAMANHO-EXATO-PARA-FOTOS-NO-SISTEMA-NOVO-2024-12-16T131213.695_2024-12-16_16-12-28_png_2024-12-16_16-12-28.webp.webp?fit=1200%2C675&ssl=1&resize=350%2C200","width":350,"height":200,"srcset":"https:\/\/i0.wp.com\/noticiasribeiraopreto.com.br\/wp-content\/uploads\/2024\/12\/Copia-de-Copia-de-Copia-de-TAMANHO-EXATO-PARA-FOTOS-NO-SISTEMA-NOVO-2024-12-16T131213.695_2024-12-16_16-12-28_png_2024-12-16_16-12-28.webp.webp?fit=1200%2C675&ssl=1&resize=350%2C200 1x, https:\/\/i0.wp.com\/noticiasribeiraopreto.com.br\/wp-content\/uploads\/2024\/12\/Copia-de-Copia-de-Copia-de-TAMANHO-EXATO-PARA-FOTOS-NO-SISTEMA-NOVO-2024-12-16T131213.695_2024-12-16_16-12-28_png_2024-12-16_16-12-28.webp.webp?fit=1200%2C675&ssl=1&resize=525%2C300 1.5x, https:\/\/i0.wp.com\/noticiasribeiraopreto.com.br\/wp-content\/uploads\/2024\/12\/Copia-de-Copia-de-Copia-de-TAMANHO-EXATO-PARA-FOTOS-NO-SISTEMA-NOVO-2024-12-16T131213.695_2024-12-16_16-12-28_png_2024-12-16_16-12-28.webp.webp?fit=1200%2C675&ssl=1&resize=700%2C400 2x, https:\/\/i0.wp.com\/noticiasribeiraopreto.com.br\/wp-content\/uploads\/2024\/12\/Copia-de-Copia-de-Copia-de-TAMANHO-EXATO-PARA-FOTOS-NO-SISTEMA-NOVO-2024-12-16T131213.695_2024-12-16_16-12-28_png_2024-12-16_16-12-28.webp.webp?fit=1200%2C675&ssl=1&resize=1050%2C600 3x"},"classes":[]},{"id":61575,"url":"https:\/\/noticiasribeiraopreto.com.br\/index.php\/2024\/12\/16\/vou-deixar-a-avenida-nove-de-julho-fluindo-afirma-nogueira-2\/","url_meta":{"origin":12561,"position":2},"title":"&#8216;Vou deixar a avenida Nove de Julho fluindo&#8217;, afirma Nogueira","author":"noticiasribeiraopreto.com.br","date":"16 de December de 2024","format":false,"excerpt":"Ap\u00f3s dois mandatos \u00e0 frente da Prefeitura de Ribeir\u00e3o Preto, Ant\u00f4nio Duarte Nogueira J\u00fanior (PSDB) chega \u00e0s \u00faltimas semanas de seu governo. Em conversa com o acidade on, o prefeito disse a nova gest\u00e3o deve dar aten\u00e7\u00e3o as obras e afirmou que deixar\u00e1 a avenida Nove de Julho com o\u2026","rel":"","context":"In &quot;Not\u00edcias de Ribeir\u00e3o Preto-SP e Regi\u00e3o&quot;","block_context":{"text":"Not\u00edcias de Ribeir\u00e3o Preto-SP e Regi\u00e3o","link":"https:\/\/noticiasribeiraopreto.com.br\/index.php\/category\/noticias-de-ribeirao-preto-sp-e-regiao-ismael-colosi\/"},"img":{"alt_text":"","src":"https:\/\/i0.wp.com\/noticiasribeiraopreto.com.br\/wp-content\/uploads\/2024\/12\/Copia-de-Copia-de-Copia-de-TAMANHO-EXATO-PARA-FOTOS-NO-SISTEMA-NOVO-2024-12-16T131213.695_2024-12-16_16-12-28_png_2024-12-16_16-12-28.webp.webp?fit=1200%2C675&ssl=1&resize=350%2C200","width":350,"height":200,"srcset":"https:\/\/i0.wp.com\/noticiasribeiraopreto.com.br\/wp-content\/uploads\/2024\/12\/Copia-de-Copia-de-Copia-de-TAMANHO-EXATO-PARA-FOTOS-NO-SISTEMA-NOVO-2024-12-16T131213.695_2024-12-16_16-12-28_png_2024-12-16_16-12-28.webp.webp?fit=1200%2C675&ssl=1&resize=350%2C200 1x, https:\/\/i0.wp.com\/noticiasribeiraopreto.com.br\/wp-content\/uploads\/2024\/12\/Copia-de-Copia-de-Copia-de-TAMANHO-EXATO-PARA-FOTOS-NO-SISTEMA-NOVO-2024-12-16T131213.695_2024-12-16_16-12-28_png_2024-12-16_16-12-28.webp.webp?fit=1200%2C675&ssl=1&resize=525%2C300 1.5x, https:\/\/i0.wp.com\/noticiasribeiraopreto.com.br\/wp-content\/uploads\/2024\/12\/Copia-de-Copia-de-Copia-de-TAMANHO-EXATO-PARA-FOTOS-NO-SISTEMA-NOVO-2024-12-16T131213.695_2024-12-16_16-12-28_png_2024-12-16_16-12-28.webp.webp?fit=1200%2C675&ssl=1&resize=700%2C400 2x, https:\/\/i0.wp.com\/noticiasribeiraopreto.com.br\/wp-content\/uploads\/2024\/12\/Copia-de-Copia-de-Copia-de-TAMANHO-EXATO-PARA-FOTOS-NO-SISTEMA-NOVO-2024-12-16T131213.695_2024-12-16_16-12-28_png_2024-12-16_16-12-28.webp.webp?fit=1200%2C675&ssl=1&resize=1050%2C600 3x"},"classes":[]},{"id":34624,"url":"https:\/\/noticiasribeiraopreto.com.br\/index.php\/2024\/02\/02\/avenida-nove-de-julho-comeca-a-receber-sinalizacao-para-area-azul-digital\/","url_meta":{"origin":12561,"position":3},"title":"Avenida Nove de Julho come\u00e7a a receber sinaliza\u00e7\u00e3o para \u00c1rea Azul Digital","author":"noticiasribeiraopreto.com.br","date":"2 de February de 2024","format":false,"excerpt":"A Prefeitura de Ribeir\u00e3o Preto informou, nesta sexta-feira (2), que a avenida Nove de Julho come\u00e7ou a receber sinaliza\u00e7\u00e3o para a \u00c1rea Azul Digital no trecho entre as ruas S\u00e3o Jos\u00e9 e Comandante Marcondes Salgado. O local est\u00e1 interditado desde dezembro do ano passado, ap\u00f3s a Prefeitura romper o contrato\u2026","rel":"","context":"In &quot;Not\u00edcias de Ribeir\u00e3o Preto-SP e Regi\u00e3o&quot;","block_context":{"text":"Not\u00edcias de Ribeir\u00e3o Preto-SP e Regi\u00e3o","link":"https:\/\/noticiasribeiraopreto.com.br\/index.php\/category\/noticias-de-ribeirao-preto-sp-e-regiao-ismael-colosi\/"},"img":{"alt_text":"","src":"https:\/\/i0.wp.com\/noticiasribeiraopreto.com.br\/wp-content\/uploads\/2024\/02\/gradil_instalacao_rpmobi_-_foto_fernando_gonzaga_5.jpg?fit=1200%2C800&ssl=1&resize=350%2C200","width":350,"height":200,"srcset":"https:\/\/i0.wp.com\/noticiasribeiraopreto.com.br\/wp-content\/uploads\/2024\/02\/gradil_instalacao_rpmobi_-_foto_fernando_gonzaga_5.jpg?fit=1200%2C800&ssl=1&resize=350%2C200 1x, https:\/\/i0.wp.com\/noticiasribeiraopreto.com.br\/wp-content\/uploads\/2024\/02\/gradil_instalacao_rpmobi_-_foto_fernando_gonzaga_5.jpg?fit=1200%2C800&ssl=1&resize=525%2C300 1.5x, https:\/\/i0.wp.com\/noticiasribeiraopreto.com.br\/wp-content\/uploads\/2024\/02\/gradil_instalacao_rpmobi_-_foto_fernando_gonzaga_5.jpg?fit=1200%2C800&ssl=1&resize=700%2C400 2x, https:\/\/i0.wp.com\/noticiasribeiraopreto.com.br\/wp-content\/uploads\/2024\/02\/gradil_instalacao_rpmobi_-_foto_fernando_gonzaga_5.jpg?fit=1200%2C800&ssl=1&resize=1050%2C600 3x"},"classes":[]},{"id":59955,"url":"https:\/\/noticiasribeiraopreto.com.br\/index.php\/2024\/11\/02\/saiba-a-situacao-das-obras-na-nove-de-julho-em-ribeirao-preto\/","url_meta":{"origin":12561,"position":4},"title":"Saiba a situa\u00e7\u00e3o das obras na Nove de Julho em Ribeir\u00e3o Preto","author":"noticiasribeiraopreto.com.br","date":"2 de November de 2024","format":false,"excerpt":"As\u00a0obras\u00a0de revitaliza\u00e7\u00e3o e restaura\u00e7\u00e3o da avenida Nove de Julho, em Ribeir\u00e3o Preto,\u00a0come\u00e7aram no meio do ano de 2023. Com o atraso na entrega dos servi\u00e7os prestados \u2013 o que provocou transtornos para comerciantes, moradores, pedestres e motoristas \u2013 a\u00a0Prefeitura chegou a romper o contrato com a construtora Metropolitana em dezembro\u2026","rel":"","context":"In &quot;Not\u00edcias de Ribeir\u00e3o Preto-SP e Regi\u00e3o&quot;","block_context":{"text":"Not\u00edcias de Ribeir\u00e3o Preto-SP e Regi\u00e3o","link":"https:\/\/noticiasribeiraopreto.com.br\/index.php\/category\/noticias-de-ribeirao-preto-sp-e-regiao-ismael-colosi\/"},"img":{"alt_text":"","src":"https:\/\/i0.wp.com\/noticiasribeiraopreto.com.br\/wp-content\/uploads\/2024\/11\/Copia-de-Copia-de-TAMANHO-EXATO-PARA-FOTOS-NO-SISTEMA-NOVO-87.jpg?fit=1200%2C675&ssl=1&resize=350%2C200","width":350,"height":200,"srcset":"https:\/\/i0.wp.com\/noticiasribeiraopreto.com.br\/wp-content\/uploads\/2024\/11\/Copia-de-Copia-de-TAMANHO-EXATO-PARA-FOTOS-NO-SISTEMA-NOVO-87.jpg?fit=1200%2C675&ssl=1&resize=350%2C200 1x, https:\/\/i0.wp.com\/noticiasribeiraopreto.com.br\/wp-content\/uploads\/2024\/11\/Copia-de-Copia-de-TAMANHO-EXATO-PARA-FOTOS-NO-SISTEMA-NOVO-87.jpg?fit=1200%2C675&ssl=1&resize=525%2C300 1.5x, https:\/\/i0.wp.com\/noticiasribeiraopreto.com.br\/wp-content\/uploads\/2024\/11\/Copia-de-Copia-de-TAMANHO-EXATO-PARA-FOTOS-NO-SISTEMA-NOVO-87.jpg?fit=1200%2C675&ssl=1&resize=700%2C400 2x, https:\/\/i0.wp.com\/noticiasribeiraopreto.com.br\/wp-content\/uploads\/2024\/11\/Copia-de-Copia-de-TAMANHO-EXATO-PARA-FOTOS-NO-SISTEMA-NOVO-87.jpg?fit=1200%2C675&ssl=1&resize=1050%2C600 3x"},"classes":[]},{"id":43084,"url":"https:\/\/noticiasribeiraopreto.com.br\/index.php\/2024\/03\/19\/duas-empresas-de-sp-disputam-obra-na-nove-de-julho\/","url_meta":{"origin":12561,"position":5},"title":"Duas empresas de SP disputam obra na Nove de Julho","author":"noticiasribeiraopreto.com.br","date":"19 de March de 2024","format":false,"excerpt":"Duas empresas foram habilitadas pela prefeitura de Ribeir\u00e3o Preto e seguem na licita\u00e7\u00e3o \u2013 concorr\u00eancia p\u00fablica \u2013 que definir\u00e1 qual delas ser\u00e1 a respons\u00e1vel pela retomada das obras de restaura\u00e7\u00e3o, revitaliza\u00e7\u00e3o e de constru\u00e7\u00e3o de corredor de \u00f4nibus na avenida Nove de Julho, via centen\u00e1ria e cart\u00e3o postal da cidadeSeguem\u2026","rel":"","context":"In &quot;Not\u00edcias de Ribeir\u00e3o Preto-SP e Regi\u00e3o&quot;","block_context":{"text":"Not\u00edcias de Ribeir\u00e3o Preto-SP e Regi\u00e3o","link":"https:\/\/noticiasribeiraopreto.com.br\/index.php\/category\/noticias-de-ribeirao-preto-sp-e-regiao-ismael-colosi\/"},"img":{"alt_text":"","src":"https:\/\/i0.wp.com\/noticiasribeiraopreto.com.br\/wp-content\/uploads\/2024\/03\/NoveRP-Alfredo-Risk-Arquivo-1-scaled.jpg?fit=967%2C645&ssl=1&resize=350%2C200","width":350,"height":200,"srcset":"https:\/\/i0.wp.com\/noticiasribeiraopreto.com.br\/wp-content\/uploads\/2024\/03\/NoveRP-Alfredo-Risk-Arquivo-1-scaled.jpg?fit=967%2C645&ssl=1&resize=350%2C200 1x, https:\/\/i0.wp.com\/noticiasribeiraopreto.com.br\/wp-content\/uploads\/2024\/03\/NoveRP-Alfredo-Risk-Arquivo-1-scaled.jpg?fit=967%2C645&ssl=1&resize=525%2C300 1.5x, https:\/\/i0.wp.com\/noticiasribeiraopreto.com.br\/wp-content\/uploads\/2024\/03\/NoveRP-Alfredo-Risk-Arquivo-1-scaled.jpg?fit=967%2C645&ssl=1&resize=700%2C400 2x"},"classes":[]}],"jetpack_sharing_enabled":true,"jetpack_shortlink":"https:\/\/wp.me\/peQAOb-3gB","_links":{"self":[{"href":"https:\/\/noticiasribeiraopreto.com.br\/index.php\/wp-json\/wp\/v2\/posts\/12561","targetHints":{"allow":["GET"]}}],"collection":[{"href":"https:\/\/noticiasribeiraopreto.com.br\/index.php\/wp-json\/wp\/v2\/posts"}],"about":[{"href":"https:\/\/noticiasribeiraopreto.com.br\/index.php\/wp-json\/wp\/v2\/types\/post"}],"author":[{"embeddable":true,"href":"https:\/\/noticiasribeiraopreto.com.br\/index.php\/wp-json\/wp\/v2\/users\/1"}],"replies":[{"embeddable":true,"href":"https:\/\/noticiasribeiraopreto.com.br\/index.php\/wp-json\/wp\/v2\/comments?post=12561"}],"version-history":[{"count":0,"href":"https:\/\/noticiasribeiraopreto.com.br\/index.php\/wp-json\/wp\/v2\/posts\/12561\/revisions"}],"wp:featuredmedia":[{"embeddable":true,"href":"https:\/\/noticiasribeiraopreto.com.br\/index.php\/wp-json\/wp\/v2\/media\/12562"}],"wp:attachment":[{"href":"https:\/\/noticiasribeiraopreto.com.br\/index.php\/wp-json\/wp\/v2\/media?parent=12561"}],"wp:term":[{"taxonomy":"category","embeddable":true,"href":"https:\/\/noticiasribeiraopreto.com.br\/index.php\/wp-json\/wp\/v2\/categories?post=12561"},{"taxonomy":"post_tag","embeddable":true,"href":"https:\/\/noticiasribeiraopreto.com.br\/index.php\/wp-json\/wp\/v2\/tags?post=12561"}],"curies":[{"name":"wp","href":"https:\/\/api.w.org\/{rel}","templated":true}]}}