{"id":12617,"date":"2023-12-08T11:02:17","date_gmt":"2023-12-08T14:02:17","guid":{"rendered":"https:\/\/noticiasribeiraopreto.com.br\/index.php\/2023\/12\/08\/senac-anuncia-programa-de-capacitacao-profissional-com-2-000-vagas-em-cursos-tecnicos-gratuitos-e-profissionalizantes-com-aulas-online-ead-e-presenciais\/"},"modified":"2023-12-08T11:02:17","modified_gmt":"2023-12-08T14:02:17","slug":"senac-anuncia-programa-de-capacitacao-profissional-com-2-000-vagas-em-cursos-tecnicos-gratuitos-e-profissionalizantes-com-aulas-online-ead-e-presenciais","status":"publish","type":"post","link":"https:\/\/noticiasribeiraopreto.com.br\/index.php\/2023\/12\/08\/senac-anuncia-programa-de-capacitacao-profissional-com-2-000-vagas-em-cursos-tecnicos-gratuitos-e-profissionalizantes-com-aulas-online-ead-e-presenciais\/","title":{"rendered":"Senac anuncia programa de capacita\u00e7\u00e3o profissional com 2.000 vagas em cursos t\u00e9cnicos gratuitos e profissionalizantes, com aulas online (EAD) e presenciais"},"content":{"rendered":"<div class='code-block code-block-1' style='margin: 8px 0 8px auto; text-align: right; display: block; clear: both;'>\n<p><a href=\"https:\/\/wa.link\/vpicfd\"><img data-recalc-dims=\"1\" class=\"wp-image-4922\" style=\"aspect-ratio: 2.0253164556962027; width: 561px; height: auto;\" src=\"https:\/\/i0.wp.com\/ismaelcolosi.com.br\/wp-content\/uploads\/2023\/11\/grupo-de-empregos-whatsapp-e-facebook-ismael-colosi-vagas.jpg?ssl=1\" alt=\"\" \/><\/a><\/p>\n<!-- \/wp:image -->\n<\/div>\n<p> <br \/>\n<\/p>\n<div>\n<figure><picture><source srcset=\"https:\/\/clickpetroleoegas.com.br\/wp-content\/uploads\/2023\/12\/Senac-lanca-489-vagas-em-cursos-100-gratuitos-nas-areas-de-gastronomia-saude-beleza-e-tecnologia-da-informacao-830x450.jpg-830x450.jpg.webp 830w, https:\/\/clickpetroleoegas.com.br\/wp-content\/uploads\/2023\/12\/Senac-lanca-489-vagas-em-cursos-100-gratuitos-nas-areas-de-gastronomia-saude-beleza-e-tecnologia-da-informacao-830x450.jpg-768x416.jpg.webp 768w, https:\/\/clickpetroleoegas.com.br\/wp-content\/uploads\/2023\/12\/Senac-lanca-489-vagas-em-cursos-100-gratuitos-nas-areas-de-gastronomia-saude-beleza-e-tecnologia-da-informacao-830x450.jpg-150x81.jpg.webp 150w, https:\/\/clickpetroleoegas.com.br\/wp-content\/uploads\/2023\/12\/Senac-lanca-489-vagas-em-cursos-100-gratuitos-nas-areas-de-gastronomia-saude-beleza-e-tecnologia-da-informacao-830x450.jpg.jpg.webp 1280w\" sizes=\"(max-width: 830px) 100vw, 830px\" type=\"image\/webp\"><img data-recalc-dims=\"1\" loading=\"lazy\" width=\"830\" height=\"450\" src=\"https:\/\/i0.wp.com\/clickpetroleoegas.com.br\/wp-content\/uploads\/2023\/12\/Senac-lanca-489-vagas-em-cursos-100-gratuitos-nas-areas-de-gastronomia-saude-beleza-e-tecnologia-da-informacao-830x450.jpg-830x450.jpg?resize=830%2C450&#038;ssl=1\" class=\"fdnw-post-thumbnail fdnw-first-card-thumbnail wp-post-image\" alt=\"Senac anuncia programa de capacita\u00e7\u00e3o profissional com 2.000 vagas em cursos t\u00e9cnicos gratuitos e profissionalizantes, com aulas online (EAD) e presenciais\" decoding=\"async\" srcset=\"https:\/\/clickpetroleoegas.com.br\/wp-content\/uploads\/2023\/12\/Senac-lanca-489-vagas-em-cursos-100-gratuitos-nas-areas-de-gastronomia-saude-beleza-e-tecnologia-da-informacao-830x450.jpg-830x450.jpg 830w, https:\/\/clickpetroleoegas.com.br\/wp-content\/uploads\/2023\/12\/Senac-lanca-489-vagas-em-cursos-100-gratuitos-nas-areas-de-gastronomia-saude-beleza-e-tecnologia-da-informacao-830x450.jpg-768x416.jpg 768w, https:\/\/clickpetroleoegas.com.br\/wp-content\/uploads\/2023\/12\/Senac-lanca-489-vagas-em-cursos-100-gratuitos-nas-areas-de-gastronomia-saude-beleza-e-tecnologia-da-informacao-830x450.jpg-150x81.jpg 150w, https:\/\/clickpetroleoegas.com.br\/wp-content\/uploads\/2023\/12\/Senac-lanca-489-vagas-em-cursos-100-gratuitos-nas-areas-de-gastronomia-saude-beleza-e-tecnologia-da-informacao-830x450.jpg.jpg 1280w\" sizes=\"auto, (max-width: 830px) 100vw, 830px\" data-eio=\"p\"\/><\/source><\/picture><figcaption class=\"fdnw-image-caption\">Foto: Senac\/Canva<\/figcaption><\/figure>\n<h2 class=\"wp-block-heading\" id=\"h-senac-oferece-oportunidades-que-transformam-em-2024-cursos-tecnicos-gratuitos-em-comercio-servicos-e-turismo\">Senac oferece oportunidades que transformam em 2024: cursos t\u00e9cnicos gratuitos em Com\u00e9rcio, Servi\u00e7os e Turismo<\/h2>\n<p>Itaja\u00ed, uma cidade que respira desenvolvimento, est\u00e1 prestes a vivenciar uma revolu\u00e7\u00e3o educacional. O <strong>Senac<\/strong>, em parceria com entidades locais, est\u00e1 investindo R$ 6 milh\u00f5es para disponibilizar <strong>2 mil vagas em cursos t\u00e9cnicos e de qualifica\u00e7\u00e3o profissional<\/strong>. Essa iniciativa ousada n\u00e3o apenas quebra barreiras, mas tamb\u00e9m promete moldar o futuro profissional da regi\u00e3o. <a href=\"https:\/\/clickpetroleoegas.com.br\/prefeitura-do-rio-oferece-32-mil-vagas-em-cursos-gratuitos-de-tecnologia-em-games-producao-de-videos-e-imagens-com-canva-whatsapp-para-negocios-e-impressao-3d-para-turbinar-o-seu-curriculo\/\" target=\"_blank\" rel=\"noreferrer noopener\">As oportunidades est\u00e3o \u00e0 sua espera, e a qualifica\u00e7\u00e3o \u00e9 a chave para abrir portas no competitivo mercado de trabalho.<\/a><\/p>\n<p>O <strong>Programa de Qualifica\u00e7\u00e3o Profissional Gratuito do Senac SC<\/strong> foi lan\u00e7ado na \u00faltima ter\u00e7a-feira, e j\u00e1 se destaca como o maior da hist\u00f3ria da institui\u00e7\u00e3o. Com um investimento que ultrapassa os R$ 100 milh\u00f5es em todo o estado de Santa Catarina, a expectativa \u00e9 de mais de <strong><a href=\"https:\/\/clickpetroleoegas.com.br\/prefeitura-do-rio-oferece-32-mil-vagas-em-cursos-gratuitos-de-tecnologia-em-games-producao-de-videos-e-imagens-com-canva-whatsapp-para-negocios-e-impressao-3d-para-turbinar-o-seu-curriculo\/\" target=\"_blank\" rel=\"noreferrer noopener\">25 mil vagas dispon\u00edveis<\/a><\/strong>, sinalizando um comprometimento genu\u00edno com a capacita\u00e7\u00e3o da popula\u00e7\u00e3o.<\/p>\n<p> <span class=\"fdnw-card-article-related\"> <span class=\"h4 fdnw-card-article-related-title\">Artigos recomendados<\/span> <\/span> <\/p>\n<h2 class=\"wp-block-heading\" id=\"h-cursos-tecnicos-e-de-qualificacao-profissional-uma-jornada-realista-para-o-sucesso-profissional\">Cursos T\u00e9cnicos e de Qualifica\u00e7\u00e3o Profissional: uma jornada realista para o sucesso profissional<\/h2>\n<p>Os cursos gratuitos, programados para iniciar em 2024, abrangem \u00e1reas vitais de com\u00e9rcio, servi\u00e7os e turismo. A inova\u00e7\u00e3o fica por conta do formato h\u00edbrido, uma novidade no <a href=\"https:\/\/clickpetroleoegas.com.br\/prefeitura-do-rio-oferece-32-mil-vagas-em-cursos-gratuitos-de-tecnologia-em-games-producao-de-videos-e-imagens-com-canva-whatsapp-para-negocios-e-impressao-3d-para-turbinar-o-seu-curriculo\/\" target=\"_blank\" rel=\"noreferrer noopener\">Senac SC<\/a>. Esta metodologia, que combina aulas presenciais e online simultaneamente, oferece uma flexibilidade in\u00e9dita aos alunos. Essa abordagem pioneira visa atender \u00e0s demandas modernas por praticidade e flexibilidade, sem comprometer a qualidade do ensino.<\/p>\n<p>Os <strong>cursos t\u00e9cnicos<\/strong>, destinados a n\u00edvel m\u00e9dio, proporcionam uma imers\u00e3o pr\u00e1tica e te\u00f3rica nas atividades do setor produtivo. Com simula\u00e7\u00f5es de situa\u00e7\u00f5es reais e aulas em laborat\u00f3rios espec\u00edficos, os alunos se preparam para os desafios do mercado de trabalho. J\u00e1 os <strong>cursos de qualifica\u00e7\u00e3o profissiona<\/strong>l, mais curtos, t\u00eam como objetivo inserir ou reintegrar jovens e adultos ao mercado, oferecendo capacita\u00e7\u00e3o, aperfei\u00e7oamento e atualiza\u00e7\u00e3o em <a href=\"https:\/\/clickpetroleoegas.com.br\/prefeitura-do-rio-oferece-32-mil-vagas-em-cursos-gratuitos-de-tecnologia-em-games-producao-de-videos-e-imagens-com-canva-whatsapp-para-negocios-e-impressao-3d-para-turbinar-o-seu-curriculo\/\" target=\"_blank\" rel=\"noreferrer noopener\">todos os n\u00edveis de escolaridade<\/a>.<\/p>\n<h2 class=\"wp-block-heading\" id=\"h-mao-de-obra-qualificada-em-foco-cnc-fecomercio-sc-e-senac-unidos-pelo-desenvolvimento-profissional\">M\u00e3o de obra qualificada em Foco: CNC, Fecom\u00e9rcio SC e Senac unidos pelo Desenvolvimento Profissional<\/h2>\n<p>O presidente do <a href=\"https:\/\/clickpetroleoegas.com.br\/prefeitura-do-rio-oferece-32-mil-vagas-em-cursos-gratuitos-de-tecnologia-em-games-producao-de-videos-e-imagens-com-canva-whatsapp-para-negocios-e-impressao-3d-para-turbinar-o-seu-curriculo\/\" target=\"_blank\" rel=\"noreferrer noopener\">Sindilojas <\/a>de Itaja\u00ed e Regi\u00e3o, Bento Ferrari, destaca a import\u00e2ncia da qualifica\u00e7\u00e3o diante da necessidade de aprimorar a m\u00e3o de obra local. Com <strong>cursos t\u00e9cnicos gratuitos<\/strong>, a oportunidade \u00e9 \u00fanica. \u201cA qualifica\u00e7\u00e3o e profissionaliza\u00e7\u00e3o s\u00e3o fundamentais, especialmente no com\u00e9rcio e servi\u00e7os. Precisamos alinhar nossas demandas locais com os programas de forma\u00e7\u00e3o\u201d, ressalta Ferrari.<\/p>\n<div class=\"code-block code-block-5\" style=\"margin: 8px auto; text-align: center; display: block; clear: both;\"> <a href=\"https:\/\/suaads.com\/ref\/ISMAELCOLOSI\" target=\"_blank\" rel=\"noopener\"><img data-recalc-dims=\"1\" decoding=\"async\" src=\"https:\/\/i0.wp.com\/suaurl.com\/img\/bannersref\/s.png?ssl=1\" alt=\"SuaUrl\"  style=\"max-width: 100%;\" class=\"lazy\" loading=\"lazy\"\/><noscript><img data-recalc-dims=\"1\" decoding=\"async\" src=\"https:\/\/i0.wp.com\/suaurl.com\/img\/bannersref\/s.png?ssl=1\" alt=\"SuaUrl\"  style=\"max-width: 100%;\"\/><\/noscript><\/a><\/div>\n<p>O<strong> Programa de Qualifica\u00e7\u00e3o Profissional Gratuito<\/strong> \u00e9 fruto de uma colabora\u00e7\u00e3o poderosa entre a Confedera\u00e7\u00e3o Nacional do Com\u00e9rcio (<a href=\"https:\/\/clickpetroleoegas.com.br\/prefeitura-do-rio-oferece-32-mil-vagas-em-cursos-gratuitos-de-tecnologia-em-games-producao-de-videos-e-imagens-com-canva-whatsapp-para-negocios-e-impressao-3d-para-turbinar-o-seu-curriculo\/\" target=\"_blank\" rel=\"noreferrer noopener\">CNC<\/a>), Fecom\u00e9rcio SC, Senac SC e sindicatos catarinenses. Essa uni\u00e3o estrat\u00e9gica n\u00e3o s\u00f3 identificou as demandas espec\u00edficas dos empres\u00e1rios locais como tamb\u00e9m vislumbra a cria\u00e7\u00e3o de uma <strong>m\u00e3o de obra altamente qualificada<\/strong>, essencial em um mercado t\u00e3o competitivo.<\/p>\n<h2 class=\"wp-block-heading\" id=\"h-inscricoes-abertas-transforme-seu-futuro-profissional-agora\">Inscri\u00e7\u00f5es Abertas: Transforme seu Futuro Profissional Agora!<\/h2>\n<p>Seja parte dessa transforma\u00e7\u00e3o e construa um futuro profissional s\u00f3lido e promissor com os cursos do Senac em Itaja\u00ed. As inscri\u00e7\u00f5es para esses cursos transformadores est\u00e3o abertas, e a oportunidade bate \u00e0 sua porta. Basta dirigir-se \u00e0 unidade do Senac mais pr\u00f3xima. Em Itaja\u00ed, a Rua Brusque, 257, centro, \u00e9 o ponto de partida para a sua jornada rumo \u00e0 qualifica\u00e7\u00e3o profissional. Acesse o<a href=\"https:\/\/clickpetroleoegas.com.br\/wp-admin\/www.sc.senac.br\/psg\/programa-senac-de-gratuidade\" target=\"_blank\" rel=\"noreferrer noopener\"> site da institui\u00e7\u00e3o<\/a> para mais informa\u00e7\u00f5es e inscreva-se agora para trilhar o caminho do sucesso profissional.<\/p>\n<div class=\"code-block code-block-10\" style=\"margin: 8px auto; text-align: center; display: block; clear: both;\">\n<hr class=\"wp-block-separator has-alpha-channel-opacity is-style-wide\"\/>\n<p>Voc\u00ea quer receber apenas not\u00edcias e vagas de emprego do seu interesse? A solu\u00e7\u00e3o chegou atrav\u00e9s do app <a href=\"https:\/\/play.google.com\/store\/apps\/details?id=com.clickpetroleoapp&amp;hl=pt&amp;gl=US\" class=\"external\" rel=\"nofollow noopener\" target=\"_blank\"><strong>CPG VAGAS E NOT\u00cdCIAS!<\/strong><\/a> Se voc\u00ea \u00e9 pintor, vai receber no seu celular apenas oportunidades neste cargo. E ser\u00e1 assim com pedreiro, t\u00e9cnico, engenheiro e etc\u2026.. N\u00e3o perca nada do que acontece no mercado de trabalho e econ\u00f4mico do Brasil, baixe agora o app <a href=\"https:\/\/play.google.com\/store\/apps\/details?id=com.clickpetroleoapp&amp;hl=pt&amp;gl=US\" class=\"external\" rel=\"nofollow noopener\" target=\"_blank\">CPG VAGAS E NOT\u00cdCIAS, dispon\u00edvel para Android e IOS!<\/a><\/p>\n<figure class=\"wp-block-image aligncenter size-full\"><a href=\"https:\/\/play.google.com\/store\/apps\/details?id=com.clickpetroleoapp&amp;hl=pt&amp;gl=US\" target=\"_blank\" rel=\"noreferrer noopener nofollow\" class=\"external\"><img data-recalc-dims=\"1\" decoding=\"async\" width=\"1280\" height=\"387\" alt=\"APP CPG VAGAS E NOT\u00cdCIAS\" class=\"wp-image-105306 ewww_webp_lazy_load lazy\" src=\"https:\/\/i0.wp.com\/clickpetroleoegas.com.br\/wp-content\/uploads\/2023\/09\/Aplicativo-de-vagas-de-empregos-e-noticias-da-sua-regiao.jpg.webp?resize=1280%2C387&#038;ssl=1\" loading=\"lazy\"\/><noscript><img data-recalc-dims=\"1\" loading=\"lazy\" decoding=\"async\" width=\"1280\" height=\"387\" alt=\"APP CPG VAGAS E NOT\u00cdCIAS\" class=\"wp-image-105306 ewww_webp_lazy_load\" src=\"https:\/\/i0.wp.com\/clickpetroleoegas.com.br\/wp-content\/uploads\/2023\/09\/Aplicativo-de-vagas-de-empregos-e-noticias-da-sua-regiao.jpg.webp?resize=1280%2C387&#038;ssl=1\"\/><\/noscript><noscript><img data-recalc-dims=\"1\" loading=\"lazy\" decoding=\"async\" width=\"1280\" height=\"387\" src=\"https:\/\/i0.wp.com\/clickpetroleoegas.com.br\/wp-content\/uploads\/2023\/09\/Aplicativo-de-vagas-de-empregos-e-noticias-da-sua-regiao.jpg?resize=1280%2C387&#038;ssl=1\" alt=\"APP CPG VAGAS E NOT\u00cdCIAS\" class=\"wp-image-105306\"\/><\/noscript><\/a><\/figure>\n<\/p><\/div>\n<\/p><\/div>\n<p><script type=\"text\/plain\" data-service=\"facebook\" data-category=\"marketing\">\n!function(f,b,e,v,n,t,s)\n{if(f.fbq)return;n=f.fbq=function(){n.callMethod?\nn.callMethod.apply(n,arguments):n.queue.push(arguments)};\nif(!f._fbq)f._fbq=n;n.push=n;n.loaded=!0;n.version='2.0';\nn.queue=[];t=b.createElement(e);t.async=!0;\nt.src=v;s=b.getElementsByTagName(e)[0];\ns.parentNode.insertBefore(t,s)}(window, document,'script',\n'https:\/\/connect.facebook.net\/en_US\/fbevents.js');\nfbq('init', '5536651029690406');\nfbq('track', 'PageView');\n<\/script><script type=\"text\/plain\" data-service=\"facebook\" data-category=\"marketing\" async defer crossorigin=\"anonymous\" data-rocket-data-cmplz-src=\"https:\/\/connect.facebook.net\/en_US\/sdk.js#xfbml=1&#038;version=v12.0&amp;appId=1127332727839552&#038;autoLogAppEvents=1\">\n<\/script><br \/>\n<br \/><br \/>\n<br \/><a href=\"https:\/\/ismaelcolosi.com.br\/senac-anuncia-programa-de-capacitacao-profissional-com-2-000-vagas-em-cursos-tecnicos-gratuitos-e-profissionalizantes-com-aulas-online-ead-e-presenciais\/\">Source link <\/a><\/p>\n<!-- CONTENT END 1 -->\n","protected":false},"excerpt":{"rendered":"<p>Foto: Senac\/Canva Senac oferece oportunidades que transformam em 2024: cursos t\u00e9cnicos gratuitos em Com\u00e9rcio, Servi\u00e7os e Turismo Itaja\u00ed, uma cidade que respira desenvolvimento, est\u00e1 prestes&#8230;<\/p>\n","protected":false},"author":1,"featured_media":12618,"comment_status":"open","ping_status":"open","sticky":false,"template":"","format":"standard","meta":{"advanced_seo_description":"","jetpack_seo_html_title":"","jetpack_seo_noindex":false,"jetpack_post_was_ever_published":false,"_jetpack_newsletter_access":"","_jetpack_dont_email_post_to_subs":false,"_jetpack_newsletter_tier_id":0,"_jetpack_memberships_contains_paywalled_content":false,"_jetpack_memberships_contains_paid_content":false,"footnotes":"","jetpack_publicize_message":"","jetpack_publicize_feature_enabled":true,"jetpack_social_post_already_shared":true,"jetpack_social_options":{"image_generator_settings":{"template":"highway","default_image_id":0,"font":"","enabled":false},"version":2}},"categories":[7],"tags":[],"class_list":["post-12617","post","type-post","status-publish","format-standard","has-post-thumbnail","hentry","category-vagas-de-empregos-em-ribeirao-preto-regiao-brasil"],"jetpack_publicize_connections":[],"jetpack_featured_media_url":"https:\/\/i0.wp.com\/noticiasribeiraopreto.com.br\/wp-content\/uploads\/2023\/12\/Senac-lanca-489-vagas-em-cursos-100-gratuitos-nas-areas-de-gastronomia-saude-beleza-e-tecnologia-da-informacao-830x450.jpg-830x450.jpg?fit=830%2C450&ssl=1","jetpack-related-posts":[{"id":10016,"url":"https:\/\/noticiasribeiraopreto.com.br\/index.php\/2023\/12\/03\/veja-as-vagas-do-concurso-publico-nacional-unificado-ribeirao-vai-receber-provas\/","url_meta":{"origin":12617,"position":0},"title":"Veja as vagas do Concurso P\u00fablico Nacional Unificado; Ribeir\u00e3o vai receber provas","author":"noticiasribeiraopreto.com.br","date":"3 de December de 2023","format":false,"excerpt":"Est\u00e1 previsto para mar\u00e7o de 2024 a realiza\u00e7\u00e3o do Concurso P\u00fablico Nacional Unificado, com 6.640 vagas espalhadas em 21 \u00f3rg\u00e3os da Administra\u00e7\u00e3o P\u00fablica Federal. As provas ser\u00e3o realizadas em 180 cidades em todo o Brasil, incluindo Ribeir\u00e3o Preto. O concurso p\u00fablico ser\u00e1 organizado pela Funda\u00e7\u00e3o Cesgranrio, que ainda dever\u00e1 divulgar\u2026","rel":"","context":"In &quot;Not\u00edcias de Ribeir\u00e3o Preto-SP e Regi\u00e3o&quot;","block_context":{"text":"Not\u00edcias de Ribeir\u00e3o Preto-SP e Regi\u00e3o","link":"https:\/\/noticiasribeiraopreto.com.br\/index.php\/category\/noticias-de-ribeirao-preto-sp-e-regiao-ismael-colosi\/"},"img":{"alt_text":"","src":"https:\/\/i0.wp.com\/noticiasribeiraopreto.com.br\/wp-content\/uploads\/2023\/12\/concurso-publico-9.jpg?fit=1200%2C800&ssl=1&resize=350%2C200","width":350,"height":200,"srcset":"https:\/\/i0.wp.com\/noticiasribeiraopreto.com.br\/wp-content\/uploads\/2023\/12\/concurso-publico-9.jpg?fit=1200%2C800&ssl=1&resize=350%2C200 1x, https:\/\/i0.wp.com\/noticiasribeiraopreto.com.br\/wp-content\/uploads\/2023\/12\/concurso-publico-9.jpg?fit=1200%2C800&ssl=1&resize=525%2C300 1.5x, https:\/\/i0.wp.com\/noticiasribeiraopreto.com.br\/wp-content\/uploads\/2023\/12\/concurso-publico-9.jpg?fit=1200%2C800&ssl=1&resize=700%2C400 2x, https:\/\/i0.wp.com\/noticiasribeiraopreto.com.br\/wp-content\/uploads\/2023\/12\/concurso-publico-9.jpg?fit=1200%2C800&ssl=1&resize=1050%2C600 3x"},"classes":[]},{"id":47074,"url":"https:\/\/noticiasribeiraopreto.com.br\/index.php\/2024\/04\/19\/vaga-para-tecnico-de-controle-de-acesso-e-cftv-em-ribeirao-pretoha-13-minutos\/","url_meta":{"origin":12617,"position":1},"title":"Vaga para T\u00e9cnico de Controle de Acesso e CFTV em Ribeir\u00e3o Pretoh\u00e1 13 minutos","author":"noticiasribeiraopreto.com.br","date":"19 de April de 2024","format":false,"excerpt":"Vaga para Servi\u00e7os Gerais I em Monte Alto - SP Vaga para T\u00e9cnico de Controle de Acesso e CFTV em Ribeir\u00e3o Pretoh\u00e1 13 minutos Vaga para Consultor de Vendas em Ribeir\u00e3o Pretoh\u00e1 44 minutos 1 vaga para Preparador e Operador de Torno CNC em Monte Alto - SPh\u00e1 58 minutos\u2026","rel":"","context":"In &quot;Vagas de Emprego em Ribeir\u00e3o Preto-SP&quot;","block_context":{"text":"Vagas de Emprego em Ribeir\u00e3o Preto-SP","link":"https:\/\/noticiasribeiraopreto.com.br\/index.php\/category\/empregos-classificados-vagas-trabalho\/vagas-de-empregos-em-ribeirao-preto-regiao-brasil\/"},"img":{"alt_text":"","src":"","width":0,"height":0},"classes":[]},{"id":57007,"url":"https:\/\/noticiasribeiraopreto.com.br\/index.php\/2024\/08\/20\/fuvest-2025-veja-os-cursos-disponiveis-da-usp-de-ribeirao-preto\/","url_meta":{"origin":12617,"position":2},"title":"Fuvest 2025: Veja os cursos dispon\u00edveis da USP de Ribeir\u00e3o Preto","author":"noticiasribeiraopreto.com.br","date":"20 de August de 2024","format":false,"excerpt":"Come\u00e7aram nesta segunda-feira (19) as inscri\u00e7\u00f5es para Fuvest, vestibular que d\u00e1 acesso \u00e0 Universidade de S\u00e3o Paulo (USP). Este ano, a Fuvest est\u00e1 oferecendo 8.147 vagas no vestibular, sendo 4.888 vagas para ampla concorr\u00eancia, 2.053 vagas para pessoas egressas de escolas p\u00fablicas e 1.206 vagas para estudantes de escolas p\u00fablicas\u2026","rel":"","context":"In &quot;Not\u00edcias de Ribeir\u00e3o Preto-SP e Regi\u00e3o&quot;","block_context":{"text":"Not\u00edcias de Ribeir\u00e3o Preto-SP e Regi\u00e3o","link":"https:\/\/noticiasribeiraopreto.com.br\/index.php\/category\/noticias-de-ribeirao-preto-sp-e-regiao-ismael-colosi\/"},"img":{"alt_text":"","src":"https:\/\/i0.wp.com\/noticiasribeiraopreto.com.br\/wp-content\/uploads\/2024\/08\/Copia-de-Copia-de-Copia-de-TAMANHO-EXATO-PARA-FOTOS-NO-SISTEMA-NOVO-14_2024-08-20_20-12-13_png_2024-08-20_20-12-13.webp.webp?fit=1200%2C675&ssl=1&resize=350%2C200","width":350,"height":200,"srcset":"https:\/\/i0.wp.com\/noticiasribeiraopreto.com.br\/wp-content\/uploads\/2024\/08\/Copia-de-Copia-de-Copia-de-TAMANHO-EXATO-PARA-FOTOS-NO-SISTEMA-NOVO-14_2024-08-20_20-12-13_png_2024-08-20_20-12-13.webp.webp?fit=1200%2C675&ssl=1&resize=350%2C200 1x, https:\/\/i0.wp.com\/noticiasribeiraopreto.com.br\/wp-content\/uploads\/2024\/08\/Copia-de-Copia-de-Copia-de-TAMANHO-EXATO-PARA-FOTOS-NO-SISTEMA-NOVO-14_2024-08-20_20-12-13_png_2024-08-20_20-12-13.webp.webp?fit=1200%2C675&ssl=1&resize=525%2C300 1.5x, https:\/\/i0.wp.com\/noticiasribeiraopreto.com.br\/wp-content\/uploads\/2024\/08\/Copia-de-Copia-de-Copia-de-TAMANHO-EXATO-PARA-FOTOS-NO-SISTEMA-NOVO-14_2024-08-20_20-12-13_png_2024-08-20_20-12-13.webp.webp?fit=1200%2C675&ssl=1&resize=700%2C400 2x, https:\/\/i0.wp.com\/noticiasribeiraopreto.com.br\/wp-content\/uploads\/2024\/08\/Copia-de-Copia-de-Copia-de-TAMANHO-EXATO-PARA-FOTOS-NO-SISTEMA-NOVO-14_2024-08-20_20-12-13_png_2024-08-20_20-12-13.webp.webp?fit=1200%2C675&ssl=1&resize=1050%2C600 3x"},"classes":[]},{"id":63690,"url":"https:\/\/noticiasribeiraopreto.com.br\/index.php\/2025\/02\/19\/usp-abre-inscricoes-para-concursos-publicos-com-salarios-de-ate-r-107-mil-veja-vagas\/","url_meta":{"origin":12617,"position":3},"title":"USP abre inscri\u00e7\u00f5es para concursos p\u00fablicos com sal\u00e1rios de at\u00e9 R$ 10,7 mil; Veja vagas","author":"noticiasribeiraopreto.com.br","date":"19 de February de 2025","format":false,"excerpt":"Come\u00e7am nesta quarta-feira (19), \u00e0s 12h, as inscri\u00e7\u00f5es para os 28 concursos p\u00fablicos da USP (Universidade de S\u00e3o Paulo). As oportunidades s\u00e3o de n\u00edvel fundamental, m\u00e9dio e superior, e os sal\u00e1rios variam entre R$ 3,1 mil e R$ 10,7 mil. As vagas dispon\u00edveis s\u00e3o para: analista de comunica\u00e7\u00e3o, analista de\u2026","rel":"","context":"In &quot;Not\u00edcias de Ribeir\u00e3o Preto-SP e Regi\u00e3o&quot;","block_context":{"text":"Not\u00edcias de Ribeir\u00e3o Preto-SP e Regi\u00e3o","link":"https:\/\/noticiasribeiraopreto.com.br\/index.php\/category\/noticias-de-ribeirao-preto-sp-e-regiao-ismael-colosi\/"},"img":{"alt_text":"","src":"https:\/\/i0.wp.com\/noticiasribeiraopreto.com.br\/wp-content\/uploads\/2025\/01\/campus-usp-ribeirao-preto_2025-01-27_15-21-07_jpg_2025-01-27_15-21-07.webp.webp?fit=1200%2C900&ssl=1&resize=350%2C200","width":350,"height":200,"srcset":"https:\/\/i0.wp.com\/noticiasribeiraopreto.com.br\/wp-content\/uploads\/2025\/01\/campus-usp-ribeirao-preto_2025-01-27_15-21-07_jpg_2025-01-27_15-21-07.webp.webp?fit=1200%2C900&ssl=1&resize=350%2C200 1x, https:\/\/i0.wp.com\/noticiasribeiraopreto.com.br\/wp-content\/uploads\/2025\/01\/campus-usp-ribeirao-preto_2025-01-27_15-21-07_jpg_2025-01-27_15-21-07.webp.webp?fit=1200%2C900&ssl=1&resize=525%2C300 1.5x, https:\/\/i0.wp.com\/noticiasribeiraopreto.com.br\/wp-content\/uploads\/2025\/01\/campus-usp-ribeirao-preto_2025-01-27_15-21-07_jpg_2025-01-27_15-21-07.webp.webp?fit=1200%2C900&ssl=1&resize=700%2C400 2x, https:\/\/i0.wp.com\/noticiasribeiraopreto.com.br\/wp-content\/uploads\/2025\/01\/campus-usp-ribeirao-preto_2025-01-27_15-21-07_jpg_2025-01-27_15-21-07.webp.webp?fit=1200%2C900&ssl=1&resize=1050%2C600 3x"},"classes":[]},{"id":60468,"url":"https:\/\/noticiasribeiraopreto.com.br\/index.php\/2024\/11\/14\/ministerio-da-saude-anuncia-concurso-publico-com-319-vagas-veja-os-cargos\/","url_meta":{"origin":12617,"position":4},"title":"Minist\u00e9rio da Sa\u00fade anuncia concurso p\u00fablico com 319 vagas;\u00a0veja\u00a0os\u00a0cargos","author":"noticiasribeiraopreto.com.br","date":"14 de November de 2024","format":false,"excerpt":"O Minist\u00e9rio da Sa\u00fade anunciou, nesta quinta-feira (14), um concurso p\u00fablico com 319 vagas. As oportunidades ser\u00e3o distribu\u00eddas em cinco unidades pelo pa\u00eds. O prazo para a publica\u00e7\u00e3o do edital de abertura do concurso p\u00fablico \u00e9 de at\u00e9 seis meses, a contar da publica\u00e7\u00e3o da\u00a0portaria do Minist\u00e9rio da Gest\u00e3o e\u2026","rel":"","context":"In &quot;Not\u00edcias de Ribeir\u00e3o Preto-SP e Regi\u00e3o&quot;","block_context":{"text":"Not\u00edcias de Ribeir\u00e3o Preto-SP e Regi\u00e3o","link":"https:\/\/noticiasribeiraopreto.com.br\/index.php\/category\/noticias-de-ribeirao-preto-sp-e-regiao-ismael-colosi\/"},"img":{"alt_text":"","src":"https:\/\/i0.wp.com\/noticiasribeiraopreto.com.br\/wp-content\/uploads\/2024\/11\/Copia-de-Copia-de-Copia-de-TAMANHO-EXATO-PARA-FOTOS-NO-SISTEMA-NOVO-93_2024-11-14_19-07-23_png_2024-11-14_19-07-23.webp.webp?fit=1200%2C675&ssl=1&resize=350%2C200","width":350,"height":200,"srcset":"https:\/\/i0.wp.com\/noticiasribeiraopreto.com.br\/wp-content\/uploads\/2024\/11\/Copia-de-Copia-de-Copia-de-TAMANHO-EXATO-PARA-FOTOS-NO-SISTEMA-NOVO-93_2024-11-14_19-07-23_png_2024-11-14_19-07-23.webp.webp?fit=1200%2C675&ssl=1&resize=350%2C200 1x, https:\/\/i0.wp.com\/noticiasribeiraopreto.com.br\/wp-content\/uploads\/2024\/11\/Copia-de-Copia-de-Copia-de-TAMANHO-EXATO-PARA-FOTOS-NO-SISTEMA-NOVO-93_2024-11-14_19-07-23_png_2024-11-14_19-07-23.webp.webp?fit=1200%2C675&ssl=1&resize=525%2C300 1.5x, https:\/\/i0.wp.com\/noticiasribeiraopreto.com.br\/wp-content\/uploads\/2024\/11\/Copia-de-Copia-de-Copia-de-TAMANHO-EXATO-PARA-FOTOS-NO-SISTEMA-NOVO-93_2024-11-14_19-07-23_png_2024-11-14_19-07-23.webp.webp?fit=1200%2C675&ssl=1&resize=700%2C400 2x, https:\/\/i0.wp.com\/noticiasribeiraopreto.com.br\/wp-content\/uploads\/2024\/11\/Copia-de-Copia-de-Copia-de-TAMANHO-EXATO-PARA-FOTOS-NO-SISTEMA-NOVO-93_2024-11-14_19-07-23_png_2024-11-14_19-07-23.webp.webp?fit=1200%2C675&ssl=1&resize=1050%2C600 3x"},"classes":[]},{"id":25038,"url":"https:\/\/noticiasribeiraopreto.com.br\/index.php\/2024\/01\/05\/vaga-para-vendedor-externo-em-regiao-de-marilia-sp-e-belo-horizonte-mgha-1-hora\/","url_meta":{"origin":12617,"position":5},"title":"Vaga para Vendedor Externo em Regi\u00e3o de Mar\u00edlia\/SP e Belo Horizonte\/MGh\u00e1 1 hora","author":"noticiasribeiraopreto.com.br","date":"5 de January de 2024","format":false,"excerpt":"Vaga para Vendedor Externo em Regi\u00e3o de Mar\u00edlia\/SP e Belo Horizonte\/MGh\u00e1 1 hora Vaga para Estagi\u00e1rio Comercial - Home Office Vaga para Analista de PCP em Ribeir\u00e3o Preto ou Bauru - SPh\u00e1 1 dia Vaga para Motorista Entregador em Ribeir\u00e3o Preto Vaga para Operador de Empilhadeira em Ribeir\u00e3o Preto Vaga\u2026","rel":"","context":"In &quot;Vagas de Emprego em Ribeir\u00e3o Preto-SP&quot;","block_context":{"text":"Vagas de Emprego em Ribeir\u00e3o Preto-SP","link":"https:\/\/noticiasribeiraopreto.com.br\/index.php\/category\/empregos-classificados-vagas-trabalho\/vagas-de-empregos-em-ribeirao-preto-regiao-brasil\/"},"img":{"alt_text":"","src":"","width":0,"height":0},"classes":[]}],"jetpack_sharing_enabled":true,"jetpack_shortlink":"https:\/\/wp.me\/peQAOb-3hv","_links":{"self":[{"href":"https:\/\/noticiasribeiraopreto.com.br\/index.php\/wp-json\/wp\/v2\/posts\/12617","targetHints":{"allow":["GET"]}}],"collection":[{"href":"https:\/\/noticiasribeiraopreto.com.br\/index.php\/wp-json\/wp\/v2\/posts"}],"about":[{"href":"https:\/\/noticiasribeiraopreto.com.br\/index.php\/wp-json\/wp\/v2\/types\/post"}],"author":[{"embeddable":true,"href":"https:\/\/noticiasribeiraopreto.com.br\/index.php\/wp-json\/wp\/v2\/users\/1"}],"replies":[{"embeddable":true,"href":"https:\/\/noticiasribeiraopreto.com.br\/index.php\/wp-json\/wp\/v2\/comments?post=12617"}],"version-history":[{"count":0,"href":"https:\/\/noticiasribeiraopreto.com.br\/index.php\/wp-json\/wp\/v2\/posts\/12617\/revisions"}],"wp:featuredmedia":[{"embeddable":true,"href":"https:\/\/noticiasribeiraopreto.com.br\/index.php\/wp-json\/wp\/v2\/media\/12618"}],"wp:attachment":[{"href":"https:\/\/noticiasribeiraopreto.com.br\/index.php\/wp-json\/wp\/v2\/media?parent=12617"}],"wp:term":[{"taxonomy":"category","embeddable":true,"href":"https:\/\/noticiasribeiraopreto.com.br\/index.php\/wp-json\/wp\/v2\/categories?post=12617"},{"taxonomy":"post_tag","embeddable":true,"href":"https:\/\/noticiasribeiraopreto.com.br\/index.php\/wp-json\/wp\/v2\/tags?post=12617"}],"curies":[{"name":"wp","href":"https:\/\/api.w.org\/{rel}","templated":true}]}}