{"id":12619,"date":"2023-12-08T11:03:48","date_gmt":"2023-12-08T14:03:48","guid":{"rendered":"https:\/\/noticiasribeiraopreto.com.br\/index.php\/2023\/12\/08\/366520-2\/"},"modified":"2023-12-08T11:03:48","modified_gmt":"2023-12-08T14:03:48","slug":"366520-2","status":"publish","type":"post","link":"https:\/\/noticiasribeiraopreto.com.br\/index.php\/2023\/12\/08\/366520-2\/","title":{"rendered":"Sa\u00fade abre consulta sobre inclus\u00e3o de vacina da dengue no SUS"},"content":{"rendered":"<div class='code-block code-block-1' style='margin: 8px 0 8px auto; text-align: right; display: block; clear: both;'>\n<p><a href=\"https:\/\/wa.link\/vpicfd\"><img data-recalc-dims=\"1\" class=\"wp-image-4922\" style=\"aspect-ratio: 2.0253164556962027; width: 561px; height: auto;\" src=\"https:\/\/i0.wp.com\/ismaelcolosi.com.br\/wp-content\/uploads\/2023\/11\/grupo-de-empregos-whatsapp-e-facebook-ismael-colosi-vagas.jpg?ssl=1\" alt=\"\" \/><\/a><\/p>\n<!-- \/wp:image -->\n<\/div>\n<p> <br \/>\n<\/p>\n<div id=\"\">\n<p> <span class=\"entry-meta-item penci-posted-on\"><i class=\"fa fa-clock-o\"\/><time class=\"entry-date published\" datetime=\"2023-12-08T11:00:25-03:00\">8 de dezembro de 2023 | 11:00<\/time><time class=\"updated\" datetime=\"2023-12-07T16:43:18-03:00\">7 de dezembro de 2023 | 16:43<\/time><\/span><\/p>\n<p> <span class=\"penci-social-buttons penci-social-share-footer\"><a href=\"#\" class=\"penci-post-like penci_post-meta_item  single-like-button penci-social-item like\" data-post_id=\"366520\" title=\"Like\" data-like=\"Like\" data-unlike=\"Unlike\"><i class=\"fa fa-thumbs-o-up\"\/><span class=\"penci-share-number\">0<\/span><\/a><i class=\"fa fa-facebook\"\/><a class=\"penci-social-item twitter\" target=\"_blank\" rel=\"noopener\" title=\"\" href=\"https:\/\/twitter.com\/intent\/tweet?text=Sa\u00fade%20abre%20consulta%20sobre%20inclus\u00e3o%20de%20vacina%20da%20dengue%20no%20SUS%20-%20https:\/\/www.tribunaribeirao.com.br\/site\/366520-2\/\"><i class=\"fa fa-twitter\"\/><\/a><i class=\"fa fa-whatsapp\"\/><\/span><\/div>\n<div>\n<p>O Minist\u00e9rio da Sa\u00fade abre nesta quinta-feira (7) consulta p\u00fablica sobre a proposta de incorpora\u00e7\u00e3o ao Sistema \u00danico de Sa\u00fade (SUS) da vacina contra a dengue. De acordo com a pasta, o imunizante Qdenga j\u00e1 est\u00e1 em avalia\u00e7\u00e3o pela Comiss\u00e3o Nacional de Incorpora\u00e7\u00f5es de Tecnologias no Sistema \u00danico de Sa\u00fade (Conitec). \u00a0<noscript><img data-recalc-dims=\"1\" decoding=\"async\" src=\"https:\/\/i0.wp.com\/agenciabrasil.ebc.com.br\/ebc.png?ssl=1\"\/><\/noscript><img data-recalc-dims=\"1\" decoding=\"async\" src=\"https:\/\/i0.wp.com\/agenciabrasil.ebc.com.br\/ebc.gif?ssl=1\" class=\"lazyload\"\/><noscript><img data-recalc-dims=\"1\" decoding=\"async\" src=\"https:\/\/i0.wp.com\/agenciabrasil.ebc.com.br\/ebc.gif?ssl=1\"\/><\/noscript><\/p>\n<p>Em nota, a pasta informou que, ap\u00f3s reuni\u00e3o realizada nessa quarta-feira (6), considerando o cen\u00e1rio epidemiol\u00f3gico, a comiss\u00e3o recomendou a incorpora\u00e7\u00e3o do imunizante inicialmente para localidades e p\u00fablicos priorit\u00e1rios que ser\u00e3o definidos pelo Programa Nacional de Imuniza\u00e7\u00f5es.<\/p>\n<p>A defini\u00e7\u00e3o dos grupos e localidades deve considera ainda as regi\u00f5es de maior incid\u00eancia e transmiss\u00e3o da dengue e as faixas et\u00e1rias de maior risco para agravamento da doen\u00e7a. A restri\u00e7\u00e3o de p\u00fablico, segundo o minist\u00e9rio, tamb\u00e9m leva em conta\u00a0a capacidade de fornecimento de doses por parte da fabricante.<\/p>\n<p>A recomenda\u00e7\u00e3o de incorpora\u00e7\u00e3o feita pela Conitec\u00a0est\u00e1 condicionada a uma proposta de redu\u00e7\u00e3o de pre\u00e7o pela fabricante. Apesar do desconto inicialmente oferecido, o valor por dose, de R$ 170, ainda \u00e9 classificado como alto pelo governo federal. \u201cNesse pre\u00e7o, o valor \u00e9 duas vezes maior que as vacinas mais caras inclu\u00eddas no programa\u201d.<\/p>\n<p>A demanda para avalia\u00e7\u00e3o da tecnologia foi submetida pela empresa japonesa Takeda Pharma, fabricante da Qdenga. Nos dados avaliados pela comiss\u00e3o, foi verificada efic\u00e1cia geral na redu\u00e7\u00e3o da hospitaliza\u00e7\u00e3o em 84% dos casos de dengue.<\/p>\n<p>\u201cPara propor uma estrat\u00e9gia nacional, o Minist\u00e9rio da Sa\u00fade questionou o quantitativo de doses que poderia ser fornecido ao SUS. De acordo com o laborat\u00f3rio, poder\u00e3o ser entregues 8,5 milh\u00f5es no primeiro ano e um total acumulado de 50 milh\u00f5es em cinco anos, o que imp\u00f5e restri\u00e7\u00f5es no p\u00fablico a ser atendido.\u201d<\/p>\n<p><strong>Consulta p\u00fablica<\/strong> \u2013 Todas as recomenda\u00e7\u00f5es de incorpora\u00e7\u00e3o de medicamentos e insumos feitas pela Conitec s\u00e3o submetidas \u00e0 consulta p\u00fablica por um per\u00edodo de 20 dias. A pasta destacou, entretanto, que, considerando a proje\u00e7\u00e3o epidemiol\u00f3gica para o pr\u00f3ximo ver\u00e3o, com a possibilidade de aumento de casos de dengue, a consulta ficar\u00e1 aberta pelo prazo de 10 dias.<\/p>\n<p>\u201cDepois desse per\u00edodo, as sugest\u00f5es ser\u00e3o organizadas e avaliadas pela comiss\u00e3o, que emitir\u00e1 uma recomenda\u00e7\u00e3o final.\u201d Uma vez incorporada, a vacina Qdenga deve ser administrada em esquema de duas doses, com intervalo de tr\u00eas meses.<\/p>\n<\/div>\n<p><script async src=\"\/\/platform.twitter.com\/widgets.js\" charset=\"utf-8\"><\/script><br \/>\n<br \/><br \/>\n<br \/><a href=\"https:\/\/www.tribunaribeirao.com.br\/site\/366520-2\/\">Source link <\/a><\/p>\n<!-- CONTENT END 1 -->\n","protected":false},"excerpt":{"rendered":"<p>8 de dezembro de 2023 | 11:007 de dezembro de 2023 | 16:43 0 O Minist\u00e9rio da Sa\u00fade abre nesta quinta-feira (7) consulta p\u00fablica sobre&#8230;<\/p>\n","protected":false},"author":1,"featured_media":12620,"comment_status":"open","ping_status":"open","sticky":false,"template":"","format":"standard","meta":{"advanced_seo_description":"","jetpack_seo_html_title":"","jetpack_seo_noindex":false,"jetpack_post_was_ever_published":false,"_jetpack_newsletter_access":"","_jetpack_dont_email_post_to_subs":false,"_jetpack_newsletter_tier_id":0,"_jetpack_memberships_contains_paywalled_content":false,"_jetpack_memberships_contains_paid_content":false,"footnotes":"","jetpack_publicize_message":"","jetpack_publicize_feature_enabled":true,"jetpack_social_post_already_shared":true,"jetpack_social_options":{"image_generator_settings":{"template":"highway","default_image_id":0,"font":"","enabled":false},"version":2}},"categories":[11],"tags":[210,1437,1269,1761,158,468,1629,1505],"class_list":["post-12619","post","type-post","status-publish","format-standard","has-post-thumbnail","hentry","category-noticias-de-ribeirao-preto-sp-e-regiao-ismael-colosi","tag-abre","tag-consulta","tag-dengue","tag-inclusao","tag-saude","tag-sobre","tag-sus","tag-vacina"],"jetpack_publicize_connections":[],"jetpack_featured_media_url":"https:\/\/i0.wp.com\/noticiasribeiraopreto.com.br\/wp-content\/uploads\/2023\/12\/WhatsApp-Image-2023-08-05-at-07.43.01.jpeg?fit=768%2C512&ssl=1","jetpack-related-posts":[{"id":13285,"url":"https:\/\/noticiasribeiraopreto.com.br\/index.php\/2023\/12\/09\/veja-o-que-se-sabe-sobre-a-vacina-da-dengue-ser-oferecida-pelo-sus\/","url_meta":{"origin":12619,"position":0},"title":"Veja o que se sabe sobre a vacina da dengue ser oferecida pelo SUS","author":"noticiasribeiraopreto.com.br","date":"9 de December de 2023","format":false,"excerpt":"A Comiss\u00e3o Nacional de Incorpora\u00e7\u00f5es de Tecnologias no Sistema \u00danico de Sa\u00fade (Conitec) deve decidir ainda este ano sobre a incorpora\u00e7\u00e3o da vacina contra a dengue ao Sistema \u00danico de Sa\u00fade (SUS). De acordo com o secret\u00e1rio de Ci\u00eancia, Tecnologia e Insumos Estrat\u00e9gicos do Minist\u00e9rio da Sa\u00fade, Leandro Pinheiro Safatle,\u2026","rel":"","context":"In &quot;Not\u00edcias de Ribeir\u00e3o Preto-SP e Regi\u00e3o&quot;","block_context":{"text":"Not\u00edcias de Ribeir\u00e3o Preto-SP e Regi\u00e3o","link":"https:\/\/noticiasribeiraopreto.com.br\/index.php\/category\/noticias-de-ribeirao-preto-sp-e-regiao-ismael-colosi\/"},"img":{"alt_text":"","src":"https:\/\/i0.wp.com\/noticiasribeiraopreto.com.br\/wp-content\/uploads\/2023\/12\/science-1029385_1280.jpg?fit=1200%2C800&ssl=1&resize=350%2C200","width":350,"height":200,"srcset":"https:\/\/i0.wp.com\/noticiasribeiraopreto.com.br\/wp-content\/uploads\/2023\/12\/science-1029385_1280.jpg?fit=1200%2C800&ssl=1&resize=350%2C200 1x, https:\/\/i0.wp.com\/noticiasribeiraopreto.com.br\/wp-content\/uploads\/2023\/12\/science-1029385_1280.jpg?fit=1200%2C800&ssl=1&resize=525%2C300 1.5x, https:\/\/i0.wp.com\/noticiasribeiraopreto.com.br\/wp-content\/uploads\/2023\/12\/science-1029385_1280.jpg?fit=1200%2C800&ssl=1&resize=700%2C400 2x, https:\/\/i0.wp.com\/noticiasribeiraopreto.com.br\/wp-content\/uploads\/2023\/12\/science-1029385_1280.jpg?fit=1200%2C800&ssl=1&resize=1050%2C600 3x"},"classes":[]},{"id":46210,"url":"https:\/\/noticiasribeiraopreto.com.br\/index.php\/2024\/04\/10\/moradores-reclamam-que-site-para-agendar-vacina-da-dengue-nao-abre-em-ribeirao\/","url_meta":{"origin":12619,"position":1},"title":"Moradores reclamam que site para agendar vacina da dengue n\u00e3o abre em Ribeir\u00e3o","author":"noticiasribeiraopreto.com.br","date":"10 de April de 2024","format":false,"excerpt":"Moradores que est\u00e3o em busca do agendamento da vacina contra a dengue para crian\u00e7as de 10 e 11 anos relatam que o site disponibilizado pela Secretaria Municipal da Sa\u00fade de Ribeir\u00e3o Preto n\u00e3o abre na manh\u00e3 desta quarta-feira (10). A Pasta anunciou nesta ter\u00e7a-feira (9) que o agendamento on-line estaria\u2026","rel":"","context":"In &quot;Not\u00edcias de Ribeir\u00e3o Preto-SP e Regi\u00e3o&quot;","block_context":{"text":"Not\u00edcias de Ribeir\u00e3o Preto-SP e Regi\u00e3o","link":"https:\/\/noticiasribeiraopreto.com.br\/index.php\/category\/noticias-de-ribeirao-preto-sp-e-regiao-ismael-colosi\/"},"img":{"alt_text":"","src":"https:\/\/i0.wp.com\/noticiasribeiraopreto.com.br\/wp-content\/uploads\/2024\/04\/VACINA-DENGUE.jpg?fit=1200%2C812&ssl=1&resize=350%2C200","width":350,"height":200,"srcset":"https:\/\/i0.wp.com\/noticiasribeiraopreto.com.br\/wp-content\/uploads\/2024\/04\/VACINA-DENGUE.jpg?fit=1200%2C812&ssl=1&resize=350%2C200 1x, https:\/\/i0.wp.com\/noticiasribeiraopreto.com.br\/wp-content\/uploads\/2024\/04\/VACINA-DENGUE.jpg?fit=1200%2C812&ssl=1&resize=525%2C300 1.5x, https:\/\/i0.wp.com\/noticiasribeiraopreto.com.br\/wp-content\/uploads\/2024\/04\/VACINA-DENGUE.jpg?fit=1200%2C812&ssl=1&resize=700%2C400 2x, https:\/\/i0.wp.com\/noticiasribeiraopreto.com.br\/wp-content\/uploads\/2024\/04\/VACINA-DENGUE.jpg?fit=1200%2C812&ssl=1&resize=1050%2C600 3x"},"classes":[]},{"id":46232,"url":"https:\/\/noticiasribeiraopreto.com.br\/index.php\/2024\/04\/10\/moradores-reclamam-que-site-para-agendar-vacina-contra-dengue-nao-abre-em-ribeirao\/","url_meta":{"origin":12619,"position":2},"title":"Moradores reclamam que site para agendar vacina contra dengue n\u00e3o abre em Ribeir\u00e3o","author":"noticiasribeiraopreto.com.br","date":"10 de April de 2024","format":false,"excerpt":"Moradores que est\u00e3o em busca do agendamento da vacina contra a dengue para crian\u00e7as de 10 e 11 anos relatam que o site disponibilizado pela Secretaria Municipal da Sa\u00fade de Ribeir\u00e3o Preto n\u00e3o abre na manh\u00e3 desta quarta-feira (10). A Pasta anunciou nesta ter\u00e7a-feira (9) que o agendamento on-line estaria\u2026","rel":"","context":"In &quot;Not\u00edcias de Ribeir\u00e3o Preto-SP e Regi\u00e3o&quot;","block_context":{"text":"Not\u00edcias de Ribeir\u00e3o Preto-SP e Regi\u00e3o","link":"https:\/\/noticiasribeiraopreto.com.br\/index.php\/category\/noticias-de-ribeirao-preto-sp-e-regiao-ismael-colosi\/"},"img":{"alt_text":"","src":"https:\/\/i0.wp.com\/noticiasribeiraopreto.com.br\/wp-content\/uploads\/2024\/04\/1712764413_VACINA-DENGUE.jpg?fit=1200%2C812&ssl=1&resize=350%2C200","width":350,"height":200,"srcset":"https:\/\/i0.wp.com\/noticiasribeiraopreto.com.br\/wp-content\/uploads\/2024\/04\/1712764413_VACINA-DENGUE.jpg?fit=1200%2C812&ssl=1&resize=350%2C200 1x, https:\/\/i0.wp.com\/noticiasribeiraopreto.com.br\/wp-content\/uploads\/2024\/04\/1712764413_VACINA-DENGUE.jpg?fit=1200%2C812&ssl=1&resize=525%2C300 1.5x, https:\/\/i0.wp.com\/noticiasribeiraopreto.com.br\/wp-content\/uploads\/2024\/04\/1712764413_VACINA-DENGUE.jpg?fit=1200%2C812&ssl=1&resize=700%2C400 2x, https:\/\/i0.wp.com\/noticiasribeiraopreto.com.br\/wp-content\/uploads\/2024\/04\/1712764413_VACINA-DENGUE.jpg?fit=1200%2C812&ssl=1&resize=1050%2C600 3x"},"classes":[]},{"id":81009,"url":"https:\/\/noticiasribeiraopreto.com.br\/index.php\/2025\/12\/20\/vacina-da-dengue-sera-distribuida\/","url_meta":{"origin":12619,"position":3},"title":"Vacina da dengue ser\u00e1 distribu\u00edda","author":"noticiasribeiraopreto.com.br","date":"20 de December de 2025","format":false,"excerpt":"\r \r \r 20 de dezembro de 2025 12:1520 de dezembro de 2025 02:09 \r Compartilhar0 O Instituto Butantan, \u00f3rg\u00e3o ligado \u00e0 Secretaria de Estado da Sa\u00fade de S\u00e3o Paulo, d\u00e1 in\u00edcio na pr\u00f3xima semana \u00e0 entrega de 1,3 milh\u00e3o de doses da vacina contra dengue para o Programa Nacional\u2026","rel":"","context":"In &quot;Not\u00edcias de Ribeir\u00e3o Preto-SP e Regi\u00e3o&quot;","block_context":{"text":"Not\u00edcias de Ribeir\u00e3o Preto-SP e Regi\u00e3o","link":"https:\/\/noticiasribeiraopreto.com.br\/index.php\/category\/noticias-de-ribeirao-preto-sp-e-regiao-ismael-colosi\/"},"img":{"alt_text":"","src":"https:\/\/i0.wp.com\/noticiasribeiraopreto.com.br\/wp-content\/uploads\/2025\/12\/Butanvac-Pablo-Jacob-Governo-de-Sao-Paulo-1-scaled.jpg?fit=1170%2C780&ssl=1&resize=350%2C200","width":350,"height":200,"srcset":"https:\/\/i0.wp.com\/noticiasribeiraopreto.com.br\/wp-content\/uploads\/2025\/12\/Butanvac-Pablo-Jacob-Governo-de-Sao-Paulo-1-scaled.jpg?fit=1170%2C780&ssl=1&resize=350%2C200 1x, https:\/\/i0.wp.com\/noticiasribeiraopreto.com.br\/wp-content\/uploads\/2025\/12\/Butanvac-Pablo-Jacob-Governo-de-Sao-Paulo-1-scaled.jpg?fit=1170%2C780&ssl=1&resize=525%2C300 1.5x, https:\/\/i0.wp.com\/noticiasribeiraopreto.com.br\/wp-content\/uploads\/2025\/12\/Butanvac-Pablo-Jacob-Governo-de-Sao-Paulo-1-scaled.jpg?fit=1170%2C780&ssl=1&resize=700%2C400 2x, https:\/\/i0.wp.com\/noticiasribeiraopreto.com.br\/wp-content\/uploads\/2025\/12\/Butanvac-Pablo-Jacob-Governo-de-Sao-Paulo-1-scaled.jpg?fit=1170%2C780&ssl=1&resize=1050%2C600 3x"},"classes":[]},{"id":19447,"url":"https:\/\/noticiasribeiraopreto.com.br\/index.php\/2023\/12\/22\/ministerio-da-saude-incorpora-vacina-contra-a-dengue-no-sus\/","url_meta":{"origin":12619,"position":4},"title":"Minist\u00e9rio da Sa\u00fade incorpora vacina contra a dengue no SUS\u00a0","author":"noticiasribeiraopreto.com.br","date":"22 de December de 2023","format":false,"excerpt":"22 de dezembro de 2023 | 12:21 0O Minist\u00e9rio da Sa\u00fade decidiu incorporar, nesta quinta-feira (21), a vacina contra dengue ao Sistema \u00danico de Sa\u00fade (SUS). Segundo a ministra da Sa\u00fade, N\u00edsia Trindade, o Brasil \u00e9 o primeiro pa\u00eds do mundo a oferecer o imunizante no sistema p\u00fablico universal.\u00a0Conhecida como\u2026","rel":"","context":"In &quot;Not\u00edcias de Ribeir\u00e3o Preto-SP e Regi\u00e3o&quot;","block_context":{"text":"Not\u00edcias de Ribeir\u00e3o Preto-SP e Regi\u00e3o","link":"https:\/\/noticiasribeiraopreto.com.br\/index.php\/category\/noticias-de-ribeirao-preto-sp-e-regiao-ismael-colosi\/"},"img":{"alt_text":"","src":"https:\/\/i0.wp.com\/noticiasribeiraopreto.com.br\/wp-content\/uploads\/2023\/12\/3-vacina-scaled.jpg?fit=1000%2C598&ssl=1&resize=350%2C200","width":350,"height":200,"srcset":"https:\/\/i0.wp.com\/noticiasribeiraopreto.com.br\/wp-content\/uploads\/2023\/12\/3-vacina-scaled.jpg?fit=1000%2C598&ssl=1&resize=350%2C200 1x, https:\/\/i0.wp.com\/noticiasribeiraopreto.com.br\/wp-content\/uploads\/2023\/12\/3-vacina-scaled.jpg?fit=1000%2C598&ssl=1&resize=525%2C300 1.5x, https:\/\/i0.wp.com\/noticiasribeiraopreto.com.br\/wp-content\/uploads\/2023\/12\/3-vacina-scaled.jpg?fit=1000%2C598&ssl=1&resize=700%2C400 2x"},"classes":[]},{"id":46098,"url":"https:\/\/noticiasribeiraopreto.com.br\/index.php\/2024\/04\/09\/ribeirao-preto-abre-agendamento-para-vacinacao-contra-dengue-saiba-mais\/","url_meta":{"origin":12619,"position":5},"title":"Ribeir\u00e3o Preto abre agendamento para vacina\u00e7\u00e3o contra dengue; Saiba mais","author":"noticiasribeiraopreto.com.br","date":"9 de April de 2024","format":false,"excerpt":"A Secretaria Municipal da Sa\u00fade abrir\u00e1 a partir das 10h desta quarta-feira (10) o agendamento da primeira dose da vacina contra dengue para crian\u00e7as de 10 e 11 anos. Para agendar basta acessar o site da Prefeitura de Ribeir\u00e3o Preto. A imuniza\u00e7\u00e3o acontecer\u00e1 na sexta-feira (12) e na segunda-feira (15),\u2026","rel":"","context":"In &quot;Not\u00edcias de Ribeir\u00e3o Preto-SP e Regi\u00e3o&quot;","block_context":{"text":"Not\u00edcias de Ribeir\u00e3o Preto-SP e Regi\u00e3o","link":"https:\/\/noticiasribeiraopreto.com.br\/index.php\/category\/noticias-de-ribeirao-preto-sp-e-regiao-ismael-colosi\/"},"img":{"alt_text":"","src":"https:\/\/i0.wp.com\/noticiasribeiraopreto.com.br\/wp-content\/uploads\/2024\/03\/AnyConv.com__vacina-dengue-1.webp.webp?fit=845%2C561&ssl=1&resize=350%2C200","width":350,"height":200,"srcset":"https:\/\/i0.wp.com\/noticiasribeiraopreto.com.br\/wp-content\/uploads\/2024\/03\/AnyConv.com__vacina-dengue-1.webp.webp?fit=845%2C561&ssl=1&resize=350%2C200 1x, https:\/\/i0.wp.com\/noticiasribeiraopreto.com.br\/wp-content\/uploads\/2024\/03\/AnyConv.com__vacina-dengue-1.webp.webp?fit=845%2C561&ssl=1&resize=525%2C300 1.5x, https:\/\/i0.wp.com\/noticiasribeiraopreto.com.br\/wp-content\/uploads\/2024\/03\/AnyConv.com__vacina-dengue-1.webp.webp?fit=845%2C561&ssl=1&resize=700%2C400 2x"},"classes":[]}],"jetpack_sharing_enabled":true,"jetpack_shortlink":"https:\/\/wp.me\/peQAOb-3hx","_links":{"self":[{"href":"https:\/\/noticiasribeiraopreto.com.br\/index.php\/wp-json\/wp\/v2\/posts\/12619","targetHints":{"allow":["GET"]}}],"collection":[{"href":"https:\/\/noticiasribeiraopreto.com.br\/index.php\/wp-json\/wp\/v2\/posts"}],"about":[{"href":"https:\/\/noticiasribeiraopreto.com.br\/index.php\/wp-json\/wp\/v2\/types\/post"}],"author":[{"embeddable":true,"href":"https:\/\/noticiasribeiraopreto.com.br\/index.php\/wp-json\/wp\/v2\/users\/1"}],"replies":[{"embeddable":true,"href":"https:\/\/noticiasribeiraopreto.com.br\/index.php\/wp-json\/wp\/v2\/comments?post=12619"}],"version-history":[{"count":0,"href":"https:\/\/noticiasribeiraopreto.com.br\/index.php\/wp-json\/wp\/v2\/posts\/12619\/revisions"}],"wp:featuredmedia":[{"embeddable":true,"href":"https:\/\/noticiasribeiraopreto.com.br\/index.php\/wp-json\/wp\/v2\/media\/12620"}],"wp:attachment":[{"href":"https:\/\/noticiasribeiraopreto.com.br\/index.php\/wp-json\/wp\/v2\/media?parent=12619"}],"wp:term":[{"taxonomy":"category","embeddable":true,"href":"https:\/\/noticiasribeiraopreto.com.br\/index.php\/wp-json\/wp\/v2\/categories?post=12619"},{"taxonomy":"post_tag","embeddable":true,"href":"https:\/\/noticiasribeiraopreto.com.br\/index.php\/wp-json\/wp\/v2\/tags?post=12619"}],"curies":[{"name":"wp","href":"https:\/\/api.w.org\/{rel}","templated":true}]}}