{"id":12667,"date":"2023-12-08T12:12:39","date_gmt":"2023-12-08T15:12:39","guid":{"rendered":"https:\/\/noticiasribeiraopreto.com.br\/index.php\/2023\/12\/08\/webinario-vai-revelar-como-as-quadrilhas-de-roubo-de-cargas-agem-e-as-regioes-de-maior-risco-no-brasil\/"},"modified":"2023-12-08T12:12:39","modified_gmt":"2023-12-08T15:12:39","slug":"webinario-vai-revelar-como-as-quadrilhas-de-roubo-de-cargas-agem-e-as-regioes-de-maior-risco-no-brasil","status":"publish","type":"post","link":"https:\/\/noticiasribeiraopreto.com.br\/index.php\/2023\/12\/08\/webinario-vai-revelar-como-as-quadrilhas-de-roubo-de-cargas-agem-e-as-regioes-de-maior-risco-no-brasil\/","title":{"rendered":"Webin\u00e1rio vai revelar como as quadrilhas de roubo de cargas agem e as regi\u00f5es de maior risco no Brasil"},"content":{"rendered":"<div class='code-block code-block-1' style='margin: 8px 0 8px auto; text-align: right; display: block; clear: both;'>\n<p><a href=\"https:\/\/wa.link\/vpicfd\"><img data-recalc-dims=\"1\" class=\"wp-image-4922\" style=\"aspect-ratio: 2.0253164556962027; width: 561px; height: auto;\" src=\"https:\/\/i0.wp.com\/ismaelcolosi.com.br\/wp-content\/uploads\/2023\/11\/grupo-de-empregos-whatsapp-e-facebook-ismael-colosi-vagas.jpg?ssl=1\" alt=\"\" \/><\/a><\/p>\n<!-- \/wp:image -->\n<\/div>\n<p> <br \/>\n<\/p>\n<div>\n<p>O roubo de cargas \u00e9 um dos principais problemas no transporte no Brasil. Na terceira temporada da s\u00e9rie\u00a0<a href=\"https:\/\/hubs.li\/Q02cn8pM0\" target=\"_blank\" rel=\"noopener nofollow\" data-saferedirecturl=\"https:\/\/www.google.com\/url?q=https:\/\/hubs.li\/Q02cn8pM0&amp;source=gmail&amp;ust=1702129304689000&amp;usg=AOvVaw1K7vIgMpnrzgIxK7oVWr8t\" class=\"external\"><strong>Cr\u00f4nicas do Transporte de Cargas Sess\u00e3o 3<\/strong><\/a><strong>,<\/strong>\u00a0realizada pela Overhaul,\u00a0empresa global de gest\u00e3o de risco e visibilidade log\u00edstica, especialistas em gerenciamento de riscos, v\u00e3o falar sobre as \u00faltimas tend\u00eancias e insights dos Relat\u00f3rios de Intelig\u00eancia trimestrais e, em seguida, v\u00e3o aprofundar em cada regi\u00e3o, abordando as equipes ativas de roubo de carga e as zonas de alto risco para o roubo de carga.<\/p>\n<p><strong>O webin\u00e1rio ser\u00e1 realizado na pr\u00f3xima quarta-feira,\u00a0 13 de dezembro,\u00a0 12h \u00e0s 12h45, ao vivo pela internet. Para participar, basta se inscrever gratuitamente pelo link\u00a0<a href=\"https:\/\/hubs.li\/Q02cn8pM0\" target=\"_blank\" rel=\"noopener nofollow\" data-saferedirecturl=\"https:\/\/www.google.com\/url?q=https:\/\/hubs.li\/Q02cn8pM0&amp;source=gmail&amp;ust=1702129304689000&amp;usg=AOvVaw1K7vIgMpnrzgIxK7oVWr8t\" class=\"external\">https:\/\/hubs.li\/Q02cn8pM0<\/a>.\u00a0<\/strong><\/p>\n<p> <span class=\"fdnw-card-article-related\"> <span class=\"h4 fdnw-card-article-related-title\">Artigos recomendados<\/span> <\/span> <\/p>\n<p>Reginaldo Catarino,\u00a0\u00a0gerente de Intelig\u00eancia da Overhaul,\u00a0 e Patr\u00edcia Santos, gerente de Risco\u00a0da CHUB,\u00a0\u00a0v\u00e3o falar sobre as \u00faltimas tend\u00eancias e insights dos Relat\u00f3rios de Intelig\u00eancia trimestrais e, em seguida, aprofundar em cada regi\u00e3o, abordando as equipes ativas de roubo de carga e as zonas de alto risco para o roubo de carga.<\/p>\n<p>Cada epis\u00f3dio da s\u00e9rie garante fornecer informa\u00e7\u00f5es sobre as tend\u00eancias emergentes e os desafios em torno da seguran\u00e7a das cargas para a pr\u00f3xima temporada de f\u00e9rias contra as equipes de roubo de carga.\u00a0<\/p>\n<p>Segundo os especialistas, al\u00e9m da import\u00e2ncia do aprimoramento do uso da tecnologia a bordo dos ve\u00edculos, a contrata\u00e7\u00e3o de profissionais qualificados \u00e9 essencial para coibir esse tipo de crime. \u201cAs organiza\u00e7\u00f5es que operam o transporte e armazenagem de cargas devem apostar em especialistas em gest\u00e3o de riscos da cadeia de suprimentos, uma vez que s\u00e3o estes que planejam e organizam ativamente as viagens\u201d, revela Reginaldo.<\/p>\n<div class=\"code-block code-block-5\" style=\"margin: 8px auto; text-align: center; display: block; clear: both;\"> <a href=\"https:\/\/suaads.com\/ref\/ISMAELCOLOSI\" target=\"_blank\" rel=\"noopener\"><img data-recalc-dims=\"1\" decoding=\"async\" src=\"https:\/\/i0.wp.com\/suaurl.com\/img\/bannersref\/s.png?ssl=1\" alt=\"SuaUrl\"  style=\"max-width: 100%;\" class=\"lazy\" loading=\"lazy\"\/><noscript><img data-recalc-dims=\"1\" decoding=\"async\" src=\"https:\/\/i0.wp.com\/suaurl.com\/img\/bannersref\/s.png?ssl=1\" alt=\"SuaUrl\"  style=\"max-width: 100%;\"\/><\/noscript><\/a><\/div>\n<p>Patr\u00edcia recomenda ainda um planejamento organizado das rotas de transporte, com pontos de paradas seguros e frotas com tecnologia de rastreamento, assim como a ado\u00e7\u00e3o de m\u00faltiplas camadas de prote\u00e7\u00e3o que precisam ser estrategicamente identificadas e empregadas para cada opera\u00e7\u00e3o.<\/p>\n<p><strong>Sobre a Overhaul<\/strong><\/p>\n<p>Fundada em 2016, a Overhaul atua em 145 pa\u00edses e \u00e9 a \u00fanica empresa global de gest\u00e3o de risco e visibilidade log\u00edstica\u00a0independente de dispositivos com forte atua\u00e7\u00e3o no Brasil. Como l\u00edder no gerenciamento de riscos da cadeia de suprimentos em tr\u00e2nsito, a Overhaul transforma a visibilidade em tempo real em solu\u00e7\u00f5es de gerenciamento de riscos, conformidade e seguros para seus parceiros. A Overhaul \u00e9 um fornecedor confi\u00e1vel para empresas da Fortune 100 que movimentam mercadorias nos setores farmac\u00eautico e de sa\u00fade, tecnologia, log\u00edstica e alimentos e bebidas. Entre os clientes est\u00e3o Microsoft, Bristol Myers Squibb e muitos outros. Para mais informa\u00e7\u00f5es acesse\u00a0<a href=\"https:\/\/over-haul.com\/\" target=\"_blank\" rel=\"noopener nofollow\" data-saferedirecturl=\"https:\/\/www.google.com\/url?q=https:\/\/over-haul.com\/&amp;source=gmail&amp;ust=1702129304689000&amp;usg=AOvVaw3_e3dXa0BAnEQ_pkJzCVXY\" class=\"external\">over-haul.com<\/a>\u00a0e siga a Overhaul nas redes sociais\u00a0<a href=\"https:\/\/www.linkedin.com\/company\/overhaulinc\/\" target=\"_blank\" rel=\"noopener nofollow\" data-saferedirecturl=\"https:\/\/www.google.com\/url?q=https:\/\/www.linkedin.com\/company\/overhaulinc\/&amp;source=gmail&amp;ust=1702129304689000&amp;usg=AOvVaw2JAU6C2CmJYTp_UnESgBEr\" class=\"external\">LinkedIn<\/a>,\u00a0<a href=\"http:\/\/twitter\/\" target=\"_blank\" rel=\"noopener nofollow\" data-saferedirecturl=\"https:\/\/www.google.com\/url?q=http:\/\/twitter&amp;source=gmail&amp;ust=1702129304690000&amp;usg=AOvVaw0RyK7ztDX6GVaD-PVfzg0n\" class=\"external\">Twitter<\/a>\u00a0e\u00a0<a href=\"http:\/\/facebook\/\" target=\"_blank\" rel=\"noopener nofollow\" data-saferedirecturl=\"https:\/\/www.google.com\/url?q=http:\/\/facebook&amp;source=gmail&amp;ust=1702129304690000&amp;usg=AOvVaw3eECW7U7BdZFp89sJWml3N\" class=\"external\">Facebook<\/a>.<\/p>\n<\/p><\/div>\n<p><script type=\"text\/plain\" data-service=\"facebook\" data-category=\"marketing\">\n!function(f,b,e,v,n,t,s)\n{if(f.fbq)return;n=f.fbq=function(){n.callMethod?\nn.callMethod.apply(n,arguments):n.queue.push(arguments)};\nif(!f._fbq)f._fbq=n;n.push=n;n.loaded=!0;n.version='2.0';\nn.queue=[];t=b.createElement(e);t.async=!0;\nt.src=v;s=b.getElementsByTagName(e)[0];\ns.parentNode.insertBefore(t,s)}(window, document,'script',\n'https:\/\/connect.facebook.net\/en_US\/fbevents.js');\nfbq('init', '5536651029690406');\nfbq('track', 'PageView');\n<\/script><script type=\"text\/plain\" data-service=\"facebook\" data-category=\"marketing\" async defer crossorigin=\"anonymous\" data-rocket-data-cmplz-src=\"https:\/\/connect.facebook.net\/en_US\/sdk.js#xfbml=1&#038;version=v12.0&amp;appId=1127332727839552&#038;autoLogAppEvents=1\">\n<\/script><br \/>\n<br \/><br \/>\n<br \/><a href=\"https:\/\/ismaelcolosi.com.br\/webinario-vai-revelar-como-as-quadrilhas-de-roubo-de-cargas-agem-e-as-regioes-de-maior-risco-no-brasil\/\">Source link <\/a><\/p>\n<!-- CONTENT END 1 -->\n","protected":false},"excerpt":{"rendered":"<p>O roubo de cargas \u00e9 um dos principais problemas no transporte no Brasil. Na terceira temporada da s\u00e9rie\u00a0Cr\u00f4nicas do Transporte de Cargas Sess\u00e3o 3,\u00a0realizada pela&#8230;<\/p>\n","protected":false},"author":1,"featured_media":12668,"comment_status":"open","ping_status":"open","sticky":false,"template":"","format":"standard","meta":{"advanced_seo_description":"","jetpack_seo_html_title":"","jetpack_seo_noindex":false,"jetpack_post_was_ever_published":false,"_jetpack_newsletter_access":"","_jetpack_dont_email_post_to_subs":false,"_jetpack_newsletter_tier_id":0,"_jetpack_memberships_contains_paywalled_content":false,"_jetpack_memberships_contains_paid_content":false,"footnotes":"","jetpack_publicize_message":"","jetpack_publicize_feature_enabled":true,"jetpack_social_post_already_shared":true,"jetpack_social_options":{"image_generator_settings":{"template":"highway","default_image_id":0,"font":"","enabled":false},"version":2}},"categories":[7],"tags":[],"class_list":["post-12667","post","type-post","status-publish","format-standard","has-post-thumbnail","hentry","category-vagas-de-empregos-em-ribeirao-preto-regiao-brasil"],"jetpack_publicize_connections":[],"jetpack_featured_media_url":"https:\/\/i0.wp.com\/noticiasribeiraopreto.com.br\/wp-content\/uploads\/2023\/12\/1702048360_s.png?fit=300%2C250&ssl=1","jetpack-related-posts":[{"id":65832,"url":"https:\/\/noticiasribeiraopreto.com.br\/index.php\/2025\/03\/25\/criminosos-que-atuam-no-estado-com-desmanche-e-roubo-de-cargas-tinham-vida-de-luxo\/","url_meta":{"origin":12667,"position":0},"title":"Criminosos que atuam no Estado com desmanche e roubo de cargas tinham vida de luxo","author":"noticiasribeiraopreto.com.br","date":"25 de March de 2025","format":false,"excerpt":"O Grupo de Atua\u00e7\u00e3o Especial e Combate ao Crime Organizado (GAECO) e a Pol\u00edcia Federal (PF) deflagraram, na nesta segunda-feira (24\/3), a Opera\u00e7\u00e3o Hammare para desarticular uma organiza\u00e7\u00e3o criminosa voltada a roubos de cargas e caminh\u00f5es, desmanche, recepta\u00e7\u00e3o e lavagem de dinheiro. Os autores dos delitos, baseados em S\u00e3o Paulo,\u2026","rel":"","context":"In &quot;Not\u00edcias de Franca-SP&quot;","block_context":{"text":"Not\u00edcias de Franca-SP","link":"https:\/\/noticiasribeiraopreto.com.br\/index.php\/category\/noticias-de-ribeirao-preto-sp-e-regiao-ismael-colosi\/noticias-franca-sp\/"},"img":{"alt_text":"","src":"https:\/\/i0.wp.com\/noticiasribeiraopreto.com.br\/wp-content\/uploads\/2025\/03\/operacao-gaeco-hammare.png?fit=700%2C376&ssl=1&resize=350%2C200","width":350,"height":200,"srcset":"https:\/\/i0.wp.com\/noticiasribeiraopreto.com.br\/wp-content\/uploads\/2025\/03\/operacao-gaeco-hammare.png?fit=700%2C376&ssl=1&resize=350%2C200 1x, https:\/\/i0.wp.com\/noticiasribeiraopreto.com.br\/wp-content\/uploads\/2025\/03\/operacao-gaeco-hammare.png?fit=700%2C376&ssl=1&resize=525%2C300 1.5x, https:\/\/i0.wp.com\/noticiasribeiraopreto.com.br\/wp-content\/uploads\/2025\/03\/operacao-gaeco-hammare.png?fit=700%2C376&ssl=1&resize=700%2C400 2x"},"classes":[]},{"id":81428,"url":"https:\/\/noticiasribeiraopreto.com.br\/index.php\/2026\/01\/06\/gcm-recupera-carga-avaliada-em-r-200-mil-apos-roubo-e-sequestro-em-fazenda\/","url_meta":{"origin":12667,"position":1},"title":"GCM recupera carga avaliada em R$ 200 mil ap\u00f3s roubo e sequestro em fazenda","author":"noticiasribeiraopreto.com.br","date":"6 de January de 2026","format":false,"excerpt":"A GCM (Guarda Civil Metropolitana) recuperou uma carga de herbicidas avaliada em aproximadamente R$ 200 mil, ap\u00f3s um roubo na tarde desta segunda-feira (5), em que um t\u00e9cnico agr\u00edcola foi levado como ref\u00e9m pelos criminosos, em uma fazenda na divisa de Cruz das Posses e Ribeir\u00e3o Preto. Segundo a corpora\u00e7\u00e3o,\u2026","rel":"","context":"In &quot;Not\u00edcias de Ribeir\u00e3o Preto-SP e Regi\u00e3o&quot;","block_context":{"text":"Not\u00edcias de Ribeir\u00e3o Preto-SP e Regi\u00e3o","link":"https:\/\/noticiasribeiraopreto.com.br\/index.php\/category\/noticias-de-ribeirao-preto-sp-e-regiao-ismael-colosi\/"},"img":{"alt_text":"","src":"https:\/\/i0.wp.com\/noticiasribeiraopreto.com.br\/wp-content\/uploads\/2026\/01\/WhatsApp-Image-2026-01-05-at-19.30.25_2026-01-06_09-30-45.webp.webp?fit=1200%2C900&ssl=1&resize=350%2C200","width":350,"height":200,"srcset":"https:\/\/i0.wp.com\/noticiasribeiraopreto.com.br\/wp-content\/uploads\/2026\/01\/WhatsApp-Image-2026-01-05-at-19.30.25_2026-01-06_09-30-45.webp.webp?fit=1200%2C900&ssl=1&resize=350%2C200 1x, https:\/\/i0.wp.com\/noticiasribeiraopreto.com.br\/wp-content\/uploads\/2026\/01\/WhatsApp-Image-2026-01-05-at-19.30.25_2026-01-06_09-30-45.webp.webp?fit=1200%2C900&ssl=1&resize=525%2C300 1.5x, https:\/\/i0.wp.com\/noticiasribeiraopreto.com.br\/wp-content\/uploads\/2026\/01\/WhatsApp-Image-2026-01-05-at-19.30.25_2026-01-06_09-30-45.webp.webp?fit=1200%2C900&ssl=1&resize=700%2C400 2x, https:\/\/i0.wp.com\/noticiasribeiraopreto.com.br\/wp-content\/uploads\/2026\/01\/WhatsApp-Image-2026-01-05-at-19.30.25_2026-01-06_09-30-45.webp.webp?fit=1200%2C900&ssl=1&resize=1050%2C600 3x"},"classes":[]},{"id":74999,"url":"https:\/\/noticiasribeiraopreto.com.br\/index.php\/2025\/08\/01\/operacao-mira-motoristas-que-desviavam-cargas\/","url_meta":{"origin":12667,"position":2},"title":"Opera\u00e7\u00e3o mira motoristas que desviavam cargas","author":"noticiasribeiraopreto.com.br","date":"1 de August de 2025","format":false,"excerpt":"Por: Adalberto Luque A Pol\u00edcia Civil realizou, na manh\u00e3 desta sexta-feira (1\u00ba) uma mega opera\u00e7\u00e3o contra uma quadrilha especializada em desviar cargas de caminh\u00f5es e registrar boletins de ocorr\u00eancia (BOs) de roubo. As a\u00e7\u00f5es foram realizadas em 10 cidades dos estados de S\u00e3o Paulo, Santa Catarina e Paran\u00e1. De acordo\u2026","rel":"","context":"In &quot;Not\u00edcias de Ribeir\u00e3o Preto-SP e Regi\u00e3o&quot;","block_context":{"text":"Not\u00edcias de Ribeir\u00e3o Preto-SP e Regi\u00e3o","link":"https:\/\/noticiasribeiraopreto.com.br\/index.php\/category\/noticias-de-ribeirao-preto-sp-e-regiao-ismael-colosi\/"},"img":{"alt_text":"","src":"https:\/\/i0.wp.com\/noticiasribeiraopreto.com.br\/wp-content\/uploads\/2025\/08\/01-ago-2025-operacaoguaira1.jpg?fit=822%2C766&ssl=1&resize=350%2C200","width":350,"height":200,"srcset":"https:\/\/i0.wp.com\/noticiasribeiraopreto.com.br\/wp-content\/uploads\/2025\/08\/01-ago-2025-operacaoguaira1.jpg?fit=822%2C766&ssl=1&resize=350%2C200 1x, https:\/\/i0.wp.com\/noticiasribeiraopreto.com.br\/wp-content\/uploads\/2025\/08\/01-ago-2025-operacaoguaira1.jpg?fit=822%2C766&ssl=1&resize=525%2C300 1.5x, https:\/\/i0.wp.com\/noticiasribeiraopreto.com.br\/wp-content\/uploads\/2025\/08\/01-ago-2025-operacaoguaira1.jpg?fit=822%2C766&ssl=1&resize=700%2C400 2x"},"classes":[]},{"id":74990,"url":"https:\/\/noticiasribeiraopreto.com.br\/index.php\/2025\/08\/01\/quadrilha-do-falso-roubo-e-alvo-de-operacao-da-policia-civil-prejuizo-chega-a-r-4-milhoes\/","url_meta":{"origin":12667,"position":3},"title":"Quadrilha do \u2018falso roubo\u2019 \u00e9 alvo de opera\u00e7\u00e3o da Pol\u00edcia Civil; preju\u00edzo chega a R$ 4 milh\u00f5es","author":"noticiasribeiraopreto.com.br","date":"1 de August de 2025","format":false,"excerpt":"A Pol\u00edcia Civil deflagrou nesta sexta-feira (1\u00ba de agosto) a Opera\u00e7\u00e3o \u201cfalso roubo\u201d contra uma quadrilha que simulava roubos para desviar cargas. Um criminoso foi preso em Sert\u00e3ozinho, na regi\u00e3o de Ribeir\u00e3o Preto. Os policiais seguem nas ruas para prender os outros suspeitos. In\u00edcio das investiga\u00e7\u00f5es O caso teve in\u00edcio\u2026","rel":"","context":"In &quot;Not\u00edcias de Ribeir\u00e3o Preto-SP e Regi\u00e3o&quot;","block_context":{"text":"Not\u00edcias de Ribeir\u00e3o Preto-SP e Regi\u00e3o","link":"https:\/\/noticiasribeiraopreto.com.br\/index.php\/category\/noticias-de-ribeirao-preto-sp-e-regiao-ismael-colosi\/"},"img":{"alt_text":"","src":"https:\/\/i0.wp.com\/noticiasribeiraopreto.com.br\/wp-content\/uploads\/2025\/08\/quadrilha_2025-08-01_12-27-52.webp.webp?fit=1156%2C868&ssl=1&resize=350%2C200","width":350,"height":200,"srcset":"https:\/\/i0.wp.com\/noticiasribeiraopreto.com.br\/wp-content\/uploads\/2025\/08\/quadrilha_2025-08-01_12-27-52.webp.webp?fit=1156%2C868&ssl=1&resize=350%2C200 1x, https:\/\/i0.wp.com\/noticiasribeiraopreto.com.br\/wp-content\/uploads\/2025\/08\/quadrilha_2025-08-01_12-27-52.webp.webp?fit=1156%2C868&ssl=1&resize=525%2C300 1.5x, https:\/\/i0.wp.com\/noticiasribeiraopreto.com.br\/wp-content\/uploads\/2025\/08\/quadrilha_2025-08-01_12-27-52.webp.webp?fit=1156%2C868&ssl=1&resize=700%2C400 2x, https:\/\/i0.wp.com\/noticiasribeiraopreto.com.br\/wp-content\/uploads\/2025\/08\/quadrilha_2025-08-01_12-27-52.webp.webp?fit=1156%2C868&ssl=1&resize=1050%2C600 3x"},"classes":[]},{"id":57716,"url":"https:\/\/noticiasribeiraopreto.com.br\/index.php\/2024\/09\/08\/criminosos-armados-rendem-funcionarios-e-roubam-carga-de-transportadora-em-ribeirao\/","url_meta":{"origin":12667,"position":4},"title":"Criminosos armados rendem funcion\u00e1rios e roubam carga de transportadora em Ribeir\u00e3o","author":"noticiasribeiraopreto.com.br","date":"8 de September de 2024","format":false,"excerpt":"Criminosos invadiram, renderam tr\u00eas funcion\u00e1rios e roubaram a carga de uma transportadora na zona Leste de Ribeir\u00e3o Preto, na \u00faltima sexta-feira (8). Ao menos cinco pessoas participaram da a\u00e7\u00e3o. Conforme o boletim de ocorr\u00eancia (BO), um dos criminosos teria entrado no local e perguntando sobre agrega\u00e7\u00e3o de ve\u00edculos. Na sequ\u00eancia,\u2026","rel":"","context":"In &quot;Not\u00edcias de Ribeir\u00e3o Preto-SP e Regi\u00e3o&quot;","block_context":{"text":"Not\u00edcias de Ribeir\u00e3o Preto-SP e Regi\u00e3o","link":"https:\/\/noticiasribeiraopreto.com.br\/index.php\/category\/noticias-de-ribeirao-preto-sp-e-regiao-ismael-colosi\/"},"img":{"alt_text":"","src":"https:\/\/i0.wp.com\/noticiasribeiraopreto.com.br\/wp-content\/uploads\/2024\/09\/cpj_1024x576_04082020121137.jpg?fit=1024%2C575&ssl=1&resize=350%2C200","width":350,"height":200,"srcset":"https:\/\/i0.wp.com\/noticiasribeiraopreto.com.br\/wp-content\/uploads\/2024\/09\/cpj_1024x576_04082020121137.jpg?fit=1024%2C575&ssl=1&resize=350%2C200 1x, https:\/\/i0.wp.com\/noticiasribeiraopreto.com.br\/wp-content\/uploads\/2024\/09\/cpj_1024x576_04082020121137.jpg?fit=1024%2C575&ssl=1&resize=525%2C300 1.5x, https:\/\/i0.wp.com\/noticiasribeiraopreto.com.br\/wp-content\/uploads\/2024\/09\/cpj_1024x576_04082020121137.jpg?fit=1024%2C575&ssl=1&resize=700%2C400 2x"},"classes":[]},{"id":76537,"url":"https:\/\/noticiasribeiraopreto.com.br\/index.php\/2025\/08\/31\/os-prejuizos-dos-acidentes-com-caminhoes\/","url_meta":{"origin":12667,"position":5},"title":"Os preju\u00edzos dos acidentes com caminh\u00f5es","author":"noticiasribeiraopreto.com.br","date":"31 de August de 2025","format":false,"excerpt":"Por\u00a0Adalberto Luque Manh\u00e3 de 21 de agosto. Tr\u00e2nsito intenso, como em todos os dias. Por volta das 07h00 no Trev\u00e3o de Ribeir\u00e3o Preto \u2014 principal acesso rodovi\u00e1rio da cidade, na Zona Leste, uma carreta bitrem transportando toneladas de cana-de-a\u00e7\u00facar trafegava pela regi\u00e3o. Ao acessar uma das al\u00e7as do Anel Vi\u00e1rio\u2026","rel":"","context":"In &quot;Not\u00edcias de Ribeir\u00e3o Preto-SP e Regi\u00e3o&quot;","block_context":{"text":"Not\u00edcias de Ribeir\u00e3o Preto-SP e Regi\u00e3o","link":"https:\/\/noticiasribeiraopreto.com.br\/index.php\/category\/noticias-de-ribeirao-preto-sp-e-regiao-ismael-colosi\/"},"img":{"alt_text":"","src":"https:\/\/i0.wp.com\/noticiasribeiraopreto.com.br\/wp-content\/uploads\/2025\/08\/acidente-transsito.jpg?fit=1074%2C739&ssl=1&resize=350%2C200","width":350,"height":200,"srcset":"https:\/\/i0.wp.com\/noticiasribeiraopreto.com.br\/wp-content\/uploads\/2025\/08\/acidente-transsito.jpg?fit=1074%2C739&ssl=1&resize=350%2C200 1x, https:\/\/i0.wp.com\/noticiasribeiraopreto.com.br\/wp-content\/uploads\/2025\/08\/acidente-transsito.jpg?fit=1074%2C739&ssl=1&resize=525%2C300 1.5x, https:\/\/i0.wp.com\/noticiasribeiraopreto.com.br\/wp-content\/uploads\/2025\/08\/acidente-transsito.jpg?fit=1074%2C739&ssl=1&resize=700%2C400 2x, https:\/\/i0.wp.com\/noticiasribeiraopreto.com.br\/wp-content\/uploads\/2025\/08\/acidente-transsito.jpg?fit=1074%2C739&ssl=1&resize=1050%2C600 3x"},"classes":[]}],"jetpack_sharing_enabled":true,"jetpack_shortlink":"https:\/\/wp.me\/peQAOb-3ij","_links":{"self":[{"href":"https:\/\/noticiasribeiraopreto.com.br\/index.php\/wp-json\/wp\/v2\/posts\/12667","targetHints":{"allow":["GET"]}}],"collection":[{"href":"https:\/\/noticiasribeiraopreto.com.br\/index.php\/wp-json\/wp\/v2\/posts"}],"about":[{"href":"https:\/\/noticiasribeiraopreto.com.br\/index.php\/wp-json\/wp\/v2\/types\/post"}],"author":[{"embeddable":true,"href":"https:\/\/noticiasribeiraopreto.com.br\/index.php\/wp-json\/wp\/v2\/users\/1"}],"replies":[{"embeddable":true,"href":"https:\/\/noticiasribeiraopreto.com.br\/index.php\/wp-json\/wp\/v2\/comments?post=12667"}],"version-history":[{"count":0,"href":"https:\/\/noticiasribeiraopreto.com.br\/index.php\/wp-json\/wp\/v2\/posts\/12667\/revisions"}],"wp:featuredmedia":[{"embeddable":true,"href":"https:\/\/noticiasribeiraopreto.com.br\/index.php\/wp-json\/wp\/v2\/media\/12668"}],"wp:attachment":[{"href":"https:\/\/noticiasribeiraopreto.com.br\/index.php\/wp-json\/wp\/v2\/media?parent=12667"}],"wp:term":[{"taxonomy":"category","embeddable":true,"href":"https:\/\/noticiasribeiraopreto.com.br\/index.php\/wp-json\/wp\/v2\/categories?post=12667"},{"taxonomy":"post_tag","embeddable":true,"href":"https:\/\/noticiasribeiraopreto.com.br\/index.php\/wp-json\/wp\/v2\/tags?post=12667"}],"curies":[{"name":"wp","href":"https:\/\/api.w.org\/{rel}","templated":true}]}}