{"id":12675,"date":"2023-12-08T12:21:14","date_gmt":"2023-12-08T15:21:14","guid":{"rendered":"https:\/\/noticiasribeiraopreto.com.br\/index.php\/2023\/12\/08\/reveladas-imagens-de-patente-do-eletrico-renault-5-e-tech-confira-o-visual-do-modelo-de-producao\/"},"modified":"2023-12-08T12:21:14","modified_gmt":"2023-12-08T15:21:14","slug":"reveladas-imagens-de-patente-do-eletrico-renault-5-e-tech-confira-o-visual-do-modelo-de-producao","status":"publish","type":"post","link":"https:\/\/noticiasribeiraopreto.com.br\/index.php\/2023\/12\/08\/reveladas-imagens-de-patente-do-eletrico-renault-5-e-tech-confira-o-visual-do-modelo-de-producao\/","title":{"rendered":"Reveladas imagens de patente do el\u00e9trico Renault 5 E-Tech: confira o visual do modelo de produ\u00e7\u00e3o."},"content":{"rendered":"<div class='code-block code-block-1' style='margin: 8px 0 8px auto; text-align: right; display: block; clear: both;'>\n<p><a href=\"https:\/\/wa.link\/vpicfd\"><img data-recalc-dims=\"1\" class=\"wp-image-4922\" style=\"aspect-ratio: 2.0253164556962027; width: 561px; height: auto;\" src=\"https:\/\/i0.wp.com\/ismaelcolosi.com.br\/wp-content\/uploads\/2023\/11\/grupo-de-empregos-whatsapp-e-facebook-ismael-colosi-vagas.jpg?ssl=1\" alt=\"\" \/><\/a><\/p>\n<!-- \/wp:image -->\n<\/div>\n<p> <br \/>\n<\/p>\n<div>\n<figure><picture><source srcset=\"https:\/\/clickpetroleoegas.com.br\/wp-content\/uploads\/2023\/12\/reveladas-imagens-de-patente-do-eletrico-renault-5-etech-confira-o-visual-do-modelo-de-producao-830x450.jpg.webp\" type=\"image\/webp\"><img data-recalc-dims=\"1\" loading=\"lazy\" width=\"830\" height=\"450\" src=\"https:\/\/i0.wp.com\/clickpetroleoegas.com.br\/wp-content\/uploads\/2023\/12\/reveladas-imagens-de-patente-do-eletrico-renault-5-etech-confira-o-visual-do-modelo-de-producao-830x450.jpg?resize=830%2C450&#038;ssl=1\" class=\"fdnw-post-thumbnail fdnw-first-card-thumbnail wp-post-image\" alt=\"Renault 5 el\u00e9trico, Renault 5 EV, Renault 5 E-Tech el\u00e9trico\" decoding=\"async\" data-eio=\"p\"\/><\/source><\/picture><figcaption class=\"fdnw-image-caption\">renault 5 etech eletrico imagens patente \u2013 Todos os direitos: CanalTech<\/figcaption><\/figure>\n<h2 class=\"wp-block-heading\" id=\"h-renault-5-etech-pronto-para-producao-revelado-em-imagens-de-patentes-antes-da-estreia-no-salao-de-genebra-2024-maior-densidade-de-energia-design-retromoderno-e-veiculo-eletrico\">Renault 5 E-Tech pronto para produ\u00e7\u00e3o revelado em imagens de patentes antes da estreia no Sal\u00e3o de Genebra 2024. Maior densidade de energia, design retro-moderno e ve\u00edculo el\u00e9trico.<\/h2>\n<p>O Renault 5 E-Tech est\u00e1 pronto para a produ\u00e7\u00e3o e teve seu design vazado completamente. Imagens completamente. Imagens de patentes publicadas patentes publicadas pela <em>World Intellectual Property Organization<\/em> (WIPO) mostram o carro o carro el\u00e9trico urbano em urbano em toda a sua gl\u00f3ria retr\u00f4-moderna. Ele se mant\u00e9m fiel ao carro-conceito revelado em janeiro de 2021, e mal podemos esperar por esse atraente el\u00e9trico para <a href=\"https:\/\/clickpetroleoegas.com.br\/category\/petroleo-oleo-e-gas\/\" target=\"_blank\" rel=\"noopener\">substituir o Zoe.<\/a><\/p>\n<p>O novo Renault 5 el\u00e9trico, tamb\u00e9m conhecido como Renault 5 EV ou Renault 5 E-Tech el\u00e9trico, est\u00e1 pronto para ser produzido e teve seu design vazado completamente. As imagens de patentes publicadas pela <em>World Intellectual Property Organization<\/em> (WIPO) mostram o carro el\u00e9trico urbano em toda a sua gl\u00f3ria retr\u00f4-moderna. Ele se mant\u00e9m fiel ao carro-conceito revelado em janeiro de 2021, e mal podemos esperar por esse atraente el\u00e9trico para substituir o Zoe.<\/p>\n<p> <span class=\"fdnw-card-article-related\"> <span class=\"h4 fdnw-card-article-related-title\">Artigos recomendados<\/span> <\/span> <\/p>\n<h2 class=\"wp-block-heading\" id=\"h-o-renault-5-etech-novas-caracteristicas-e-detalhes-revelados\">O Renault 5 E-Tech: Novas Caracter\u00edsticas e Detalhes Revelados<\/h2>\n<p>O <strong>Renault 5 E-Tech<\/strong> revela em novas imagens sua luz indicadora de carga no cap\u00f4 que foi destaque no teaser anterior. Uma surpresa interessante \u00e9 a presen\u00e7a de uma <a href=\"https:\/\/pt.wikipedia.org\/wiki\/2023_na_televis%C3%A3o_brasileira\" target=\"_blank\" rel=\"noopener nofollow\" class=\"external\">porta de carregamento<\/a> nos para-lamas dianteiros esquerdo e direito, um recurso inesperado em um <a href=\"https:\/\/clickpetroleoegas.com.br\/gigante-global-tesla-liderada-por-elon-musk-anuncia-projeto-de-veiculo-eletrico-com-valor-muito-mais-baixo-em-comparacao-com-a-media-dos-evs-da-europa\/\" target=\"_blank\" rel=\"noopener\">ve\u00edculo el\u00e9trico<\/a> acess\u00edvel. Este modelo mant\u00e9m o design retro-moderno do conceito, mas com algumas diferen\u00e7as sutis, como as ligas que parecem um pouco menores do que o esperado.<\/p>\n<h2 class=\"wp-block-heading\" id=\"h-detalhes-do-design-e-recursos-do-renault-5-etech-eletrico\">Detalhes do Design e Recursos do Renault 5 E-Tech El\u00e9trico<\/h2>\n<p>A vers\u00e3o de produ\u00e7\u00e3o do R5 perdeu a barra de luz na porta traseira para dar lugar a uma pe\u00e7a de acabamento preta. Ele apresenta espelhos retrovisores laterais maiores e ma\u00e7anetas tradicionais para as portas dianteiras, em vez das ma\u00e7anetas mais elegantes do showcar. O teto preto e os detalhes em vermelho indicam que estamos diante de uma vers\u00e3o de alta qualidade do ve\u00edculo el\u00e9trico. Al\u00e9m disso, a ma\u00e7aneta das portas traseiras agora \u00e9 maior e posicionada na coluna C.<\/p>\n<h2 class=\"wp-block-heading\" id=\"h-plataforma-dedicada-e-suspensao-multilink-traseira\">Plataforma Dedicada e Suspens\u00e3o Multilink Traseira<\/h2>\n<p>A terceira gera\u00e7\u00e3o do Renault 5 ser\u00e1 montada em uma plataforma dedicada, chamada de AmpR Small, que ter\u00e1 uma suspens\u00e3o traseira multilink, garantindo uma condu\u00e7\u00e3o mais precisa para este modelo inovador.<\/p>\n<div class=\"code-block code-block-5\" style=\"margin: 8px auto; text-align: center; display: block; clear: both;\"> <a href=\"https:\/\/suaads.com\/ref\/ISMAELCOLOSI\" target=\"_blank\" rel=\"noopener\"><img data-recalc-dims=\"1\" decoding=\"async\" src=\"https:\/\/i0.wp.com\/suaurl.com\/img\/bannersref\/s.png?ssl=1\" alt=\"SuaUrl\"  style=\"max-width: 100%;\" class=\"lazy\" loading=\"lazy\"\/><noscript><img data-recalc-dims=\"1\" decoding=\"async\" src=\"https:\/\/i0.wp.com\/suaurl.com\/img\/bannersref\/s.png?ssl=1\" alt=\"SuaUrl\"  style=\"max-width: 100%;\"\/><\/noscript><\/a><\/div>\n<h2 class=\"wp-block-heading\" id=\"h-novos-modulos-e-eficiencia-energetica\">Novos M\u00f3dulos e Efici\u00eancia Energ\u00e9tica<\/h2>\n<p>O Renault 5 E-Tech ir\u00e1 utilizar apenas quatro m\u00f3dulos maiores em compara\u00e7\u00e3o com os 12 m\u00f3dulos menores do modelo Zoe, resultando em uma redu\u00e7\u00e3o de peso e uma maior rigidez na parte inferior da carroceria. A ado\u00e7\u00e3o de um novo <a href=\"https:\/\/clickpetroleoegas.com.br\/yamaha-novo-com-motor-eletrico-superar-ate-os-carros-da-tesla\/\" target=\"_blank\" rel=\"noopener\">motor el\u00e9trico<\/a>, que integrar\u00e1 o carregador, conversor de energia e caixa de gerenciamento de energia auxiliar, eliminar\u00e1 mais 20 kg. Al\u00e9m disso, as baterias se beneficiar\u00e3o de uma <a href=\"https:\/\/clickpetroleoegas.com.br\/nova-bateria-de-litio-ar-que-atinge-500-wh-kg-a-maior-densidade-de-energia-do-mundo-permite-carro-eletrico-rodar-mais-de-6000-km-com-uma-unica-carga-e-pode-ser-carregada-no-ambiente\/\" target=\"_blank\" rel=\"noopener\">maior densidade de energia<\/a> em compara\u00e7\u00e3o com o Zoe, o que resultar\u00e1 em um ve\u00edculo mais eficiente.<\/p>\n<h2 class=\"wp-block-heading\" id=\"h-autonomia-e-preco-do-renault-5-etech\">Autonomia e Pre\u00e7o do Renault 5 E-Tech<\/h2>\n<p>A vers\u00e3o inicial vir\u00e1 com uma bateria de 52 kWh e capacidade para 400 km de alcance, conforme o WLTP. Posteriormente, uma variante mais barata com um pacote de 40 kWh e uma <a href=\"https:\/\/clickpetroleoegas.com.br\/menor-carro-eletrico-do-mundo-chega-ao-mercado-com-preco-equivalente-a-r-63-mil-e-autonomia-de-400-km\/\" target=\"_blank\" rel=\"noopener\">autonomia menor<\/a> ser\u00e1 lan\u00e7ada. Em rela\u00e7\u00e3o ao pre\u00e7o, a expectativa \u00e9 de que o Renault 5 E-Tech seja vendido por cerca de 25.000 euros, equivalente a R$ 132.000 em uma convers\u00e3o direta.<\/p>\n<h2 class=\"wp-block-heading\" id=\"h-data-de-estreia-mundial\">Data de Estreia Mundial<\/h2>\n<p>A aguardada estreia mundial do Renault 5 E-Tech est\u00e1 marcada para 26 de fevereiro no Sal\u00e3o de Genebra de 2024, prometendo revolucionar o mercado de ve\u00edculos el\u00e9tricos.<\/p>\n<p> Fonte: <span class=\"item\"><span class=\"source\">World Intellectual Property Organization<\/span><\/span> <\/p>\n<p>Fonte: <b>Insideevs Uol<\/b><\/p>\n<div class=\"code-block code-block-10\" style=\"margin: 8px auto; text-align: center; display: block; clear: both;\">\n<hr class=\"wp-block-separator has-alpha-channel-opacity is-style-wide\"\/>\n<p>Voc\u00ea quer receber apenas not\u00edcias e vagas de emprego do seu interesse? A solu\u00e7\u00e3o chegou atrav\u00e9s do app <a href=\"https:\/\/play.google.com\/store\/apps\/details?id=com.clickpetroleoapp&amp;hl=pt&amp;gl=US\" class=\"external\" rel=\"nofollow noopener\" target=\"_blank\"><strong>CPG VAGAS E NOT\u00cdCIAS!<\/strong><\/a> Se voc\u00ea \u00e9 pintor, vai receber no seu celular apenas oportunidades neste cargo. E ser\u00e1 assim com pedreiro, t\u00e9cnico, engenheiro e etc\u2026.. N\u00e3o perca nada do que acontece no mercado de trabalho e econ\u00f4mico do Brasil, baixe agora o app <a href=\"https:\/\/play.google.com\/store\/apps\/details?id=com.clickpetroleoapp&amp;hl=pt&amp;gl=US\" class=\"external\" rel=\"nofollow noopener\" target=\"_blank\">CPG VAGAS E NOT\u00cdCIAS, dispon\u00edvel para Android e IOS!<\/a><\/p>\n<figure class=\"wp-block-image aligncenter size-full\"><a href=\"https:\/\/play.google.com\/store\/apps\/details?id=com.clickpetroleoapp&amp;hl=pt&amp;gl=US\" target=\"_blank\" rel=\"noreferrer noopener nofollow\" class=\"external\"><img data-recalc-dims=\"1\" decoding=\"async\" width=\"1280\" height=\"387\" alt=\"APP CPG VAGAS E NOT\u00cdCIAS\" class=\"wp-image-105306 ewww_webp_lazy_load lazy\" src=\"https:\/\/i0.wp.com\/clickpetroleoegas.com.br\/wp-content\/uploads\/2023\/09\/Aplicativo-de-vagas-de-empregos-e-noticias-da-sua-regiao.jpg.webp?resize=1280%2C387&#038;ssl=1\" loading=\"lazy\"\/><noscript><img data-recalc-dims=\"1\" loading=\"lazy\" decoding=\"async\" width=\"1280\" height=\"387\" alt=\"APP CPG VAGAS E NOT\u00cdCIAS\" class=\"wp-image-105306 ewww_webp_lazy_load\" src=\"https:\/\/i0.wp.com\/clickpetroleoegas.com.br\/wp-content\/uploads\/2023\/09\/Aplicativo-de-vagas-de-empregos-e-noticias-da-sua-regiao.jpg.webp?resize=1280%2C387&#038;ssl=1\"\/><\/noscript><noscript><img data-recalc-dims=\"1\" loading=\"lazy\" decoding=\"async\" width=\"1280\" height=\"387\" src=\"https:\/\/i0.wp.com\/clickpetroleoegas.com.br\/wp-content\/uploads\/2023\/09\/Aplicativo-de-vagas-de-empregos-e-noticias-da-sua-regiao.jpg?resize=1280%2C387&#038;ssl=1\" alt=\"APP CPG VAGAS E NOT\u00cdCIAS\" class=\"wp-image-105306\"\/><\/noscript><\/a><\/figure>\n<\/p><\/div>\n<\/p><\/div>\n<p><script type=\"text\/plain\" data-service=\"facebook\" data-category=\"marketing\">\n!function(f,b,e,v,n,t,s)\n{if(f.fbq)return;n=f.fbq=function(){n.callMethod?\nn.callMethod.apply(n,arguments):n.queue.push(arguments)};\nif(!f._fbq)f._fbq=n;n.push=n;n.loaded=!0;n.version='2.0';\nn.queue=[];t=b.createElement(e);t.async=!0;\nt.src=v;s=b.getElementsByTagName(e)[0];\ns.parentNode.insertBefore(t,s)}(window, document,'script',\n'https:\/\/connect.facebook.net\/en_US\/fbevents.js');\nfbq('init', '5536651029690406');\nfbq('track', 'PageView');\n<\/script><script type=\"text\/plain\" data-service=\"facebook\" data-category=\"marketing\" async defer crossorigin=\"anonymous\" data-rocket-data-cmplz-src=\"https:\/\/connect.facebook.net\/en_US\/sdk.js#xfbml=1&#038;version=v12.0&amp;appId=1127332727839552&#038;autoLogAppEvents=1\">\n<\/script><br \/>\n<br \/><br \/>\n<br \/><a href=\"https:\/\/ismaelcolosi.com.br\/reveladas-imagens-de-patente-do-eletrico-renault-5-e-tech-confira-o-visual-do-modelo-de-producao\/\">Source link <\/a><\/p>\n<!-- CONTENT END 1 -->\n","protected":false},"excerpt":{"rendered":"<p>renault 5 etech eletrico imagens patente \u2013 Todos os direitos: CanalTech Renault 5 E-Tech pronto para produ\u00e7\u00e3o revelado em imagens de patentes antes da estreia&#8230;<\/p>\n","protected":false},"author":1,"featured_media":12676,"comment_status":"open","ping_status":"open","sticky":false,"template":"","format":"standard","meta":{"advanced_seo_description":"","jetpack_seo_html_title":"","jetpack_seo_noindex":false,"jetpack_post_was_ever_published":false,"_jetpack_newsletter_access":"","_jetpack_dont_email_post_to_subs":false,"_jetpack_newsletter_tier_id":0,"_jetpack_memberships_contains_paywalled_content":false,"_jetpack_memberships_contains_paid_content":false,"footnotes":"","jetpack_publicize_message":"","jetpack_publicize_feature_enabled":true,"jetpack_social_post_already_shared":true,"jetpack_social_options":{"image_generator_settings":{"template":"highway","default_image_id":0,"font":"","enabled":false},"version":2}},"categories":[7],"tags":[],"class_list":["post-12675","post","type-post","status-publish","format-standard","has-post-thumbnail","hentry","category-vagas-de-empregos-em-ribeirao-preto-regiao-brasil"],"jetpack_publicize_connections":[],"jetpack_featured_media_url":"https:\/\/i0.wp.com\/noticiasribeiraopreto.com.br\/wp-content\/uploads\/2023\/12\/reveladas-imagens-de-patente-do-eletrico-renault-5-etech-confira-o-visual-do-modelo-de-producao-830x450.jpg?fit=830%2C450&ssl=1","jetpack-related-posts":[{"id":28012,"url":"https:\/\/noticiasribeiraopreto.com.br\/index.php\/2024\/01\/14\/lancamentos-de-2024-confira-6-modelos-de-suvs-acessiveis-que-chegam-as-lojas-neste-ano\/","url_meta":{"origin":12675,"position":0},"title":"Lan\u00e7amentos de 2024: confira 6 modelos de SUVs &#8220;acess\u00edveis&#8221; que chegam \u00e0s lojas neste ano","author":"noticiasribeiraopreto.com.br","date":"14 de January de 2024","format":false,"excerpt":"O ano de 2024 come\u00e7a com muita expectativa para a ind\u00fastria automotiva ap\u00f3s a publica\u00e7\u00e3o da Medida Provis\u00f3ria 1.205, que institui o Programa Mobilidade Verde e Inova\u00e7\u00e3o ou Mover. O programa prev\u00ea uma nova fase de incentivos ao setor at\u00e9 2028 em troca de investimentos em descarboniza\u00e7\u00e3o e em pesquisa\u2026","rel":"","context":"In &quot;Dinheiro e Investimento&quot;","block_context":{"text":"Dinheiro e Investimento","link":"https:\/\/noticiasribeiraopreto.com.br\/index.php\/category\/dinheiro-e-investimento-como-fazer-como-ganhar\/"},"img":{"alt_text":"","src":"https:\/\/i0.wp.com\/noticiasribeiraopreto.com.br\/wp-content\/uploads\/2024\/01\/toyota_yaris_cross-tailandia-Foto-Toyota-715x402.jpg?fit=715%2C402&ssl=1&resize=350%2C200","width":350,"height":200,"srcset":"https:\/\/i0.wp.com\/noticiasribeiraopreto.com.br\/wp-content\/uploads\/2024\/01\/toyota_yaris_cross-tailandia-Foto-Toyota-715x402.jpg?fit=715%2C402&ssl=1&resize=350%2C200 1x, https:\/\/i0.wp.com\/noticiasribeiraopreto.com.br\/wp-content\/uploads\/2024\/01\/toyota_yaris_cross-tailandia-Foto-Toyota-715x402.jpg?fit=715%2C402&ssl=1&resize=525%2C300 1.5x, https:\/\/i0.wp.com\/noticiasribeiraopreto.com.br\/wp-content\/uploads\/2024\/01\/toyota_yaris_cross-tailandia-Foto-Toyota-715x402.jpg?fit=715%2C402&ssl=1&resize=700%2C400 2x"},"classes":[]},{"id":32479,"url":"https:\/\/noticiasribeiraopreto.com.br\/index.php\/2024\/01\/25\/essa-fabricante-de-automoveis-decidiu-investir-apenas-r-7-bilhoes-no-brasil-e-a-culpa-e-dos-carros-eletricos\/","url_meta":{"origin":12675,"position":1},"title":"Essa fabricante de autom\u00f3veis decidiu investir &#8220;apenas&#8221; R$ 7 bilh\u00f5es no Brasil \u2014 e a \u201cculpa\u201d \u00e9 dos carros el\u00e9tricos","author":"noticiasribeiraopreto.com.br","date":"25 de January de 2024","format":false,"excerpt":"A\u00a0montadora de autom\u00f3veis General Motors (GM) anunciou nesta quarta-feira (24) que vai investir \"apenas\" R$ 7 bilh\u00f5es at\u00e9 2028 no Brasil \u2014 e a \u201cculpa\u201d \u00e9 da regula\u00e7\u00e3o dos carros el\u00e9tricos no pa\u00eds. De acordo com o an\u00fancio da empresa, o montante corresponde apenas \u00e0 primeira fase e outros aportes\u2026","rel":"","context":"In &quot;Dinheiro e Investimento&quot;","block_context":{"text":"Dinheiro e Investimento","link":"https:\/\/noticiasribeiraopreto.com.br\/index.php\/category\/dinheiro-e-investimento-como-fazer-como-ganhar\/"},"img":{"alt_text":"","src":"https:\/\/i0.wp.com\/noticiasribeiraopreto.com.br\/wp-content\/uploads\/2024\/01\/fabrica-da-GM-em-sao-caetano-do-sul-2-foto-General-Motors-628x353.jpg?fit=628%2C353&ssl=1&resize=350%2C200","width":350,"height":200,"srcset":"https:\/\/i0.wp.com\/noticiasribeiraopreto.com.br\/wp-content\/uploads\/2024\/01\/fabrica-da-GM-em-sao-caetano-do-sul-2-foto-General-Motors-628x353.jpg?fit=628%2C353&ssl=1&resize=350%2C200 1x, https:\/\/i0.wp.com\/noticiasribeiraopreto.com.br\/wp-content\/uploads\/2024\/01\/fabrica-da-GM-em-sao-caetano-do-sul-2-foto-General-Motors-628x353.jpg?fit=628%2C353&ssl=1&resize=525%2C300 1.5x"},"classes":[]},{"id":20212,"url":"https:\/\/noticiasribeiraopreto.com.br\/index.php\/2023\/12\/24\/video-flagra-momento-em-que-pecador-leva-descarga-eletrica-ao-pegar-peixe-e-cai-duro-dentro-dagua-imagens-viralizam\/","url_meta":{"origin":12675,"position":2},"title":"V\u00eddeo flagra momento em que pecador leva descarga el\u00e9trica ao pegar peixe e cai \u2018duro\u2019 dentro d\u2019\u00e1gua \u2013 Imagens viralizam","author":"noticiasribeiraopreto.com.br","date":"24 de December de 2023","format":false,"excerpt":"O que deveria ser uma tarde comum de pesca entre amigos em um igarap\u00e9, localizado no munic\u00edpio de Iracema, que fica na regi\u00e3o sul do estado de Roraima, acabou se tornando um evento marcante, repleto de surpresas e risadas.Isso porque o pescador Jorge da Silva, de 58 anos, decidiu retirar\u2026","rel":"","context":"In &quot;Blog&quot;","block_context":{"text":"Blog","link":"https:\/\/noticiasribeiraopreto.com.br\/index.php\/category\/blog\/"},"img":{"alt_text":"","src":"https:\/\/i0.wp.com\/noticiasribeiraopreto.com.br\/wp-content\/uploads\/2023\/12\/postimg-6588711cf110b8104.jpg?fit=1200%2C628&ssl=1&resize=350%2C200","width":350,"height":200,"srcset":"https:\/\/i0.wp.com\/noticiasribeiraopreto.com.br\/wp-content\/uploads\/2023\/12\/postimg-6588711cf110b8104.jpg?fit=1200%2C628&ssl=1&resize=350%2C200 1x, https:\/\/i0.wp.com\/noticiasribeiraopreto.com.br\/wp-content\/uploads\/2023\/12\/postimg-6588711cf110b8104.jpg?fit=1200%2C628&ssl=1&resize=525%2C300 1.5x, https:\/\/i0.wp.com\/noticiasribeiraopreto.com.br\/wp-content\/uploads\/2023\/12\/postimg-6588711cf110b8104.jpg?fit=1200%2C628&ssl=1&resize=700%2C400 2x, https:\/\/i0.wp.com\/noticiasribeiraopreto.com.br\/wp-content\/uploads\/2023\/12\/postimg-6588711cf110b8104.jpg?fit=1200%2C628&ssl=1&resize=1050%2C600 3x"},"classes":[]},{"id":46276,"url":"https:\/\/noticiasribeiraopreto.com.br\/index.php\/2024\/04\/10\/transporte-de-ribeirao-preto-testa-onibus-eletrico-chines\/","url_meta":{"origin":12675,"position":3},"title":"Transporte de Ribeir\u00e3o Preto testa \u00f4nibus el\u00e9trico chin\u00eas","author":"noticiasribeiraopreto.com.br","date":"10 de April de 2024","format":false,"excerpt":"Ap\u00f3s iniciar os testes com o \u00f4nibus el\u00e9trico nacional, a rede de transporte coletivo de Ribeir\u00e3o Preto come\u00e7a na pr\u00f3xima segunda-feira (15) a testar um \u00f4nibus el\u00e9trico fabricado na China. O ve\u00edculo passar\u00e1 por testes alternados no itiner\u00e1rio da linha 902 \u2013 Norte-Sul 2, que liga a regi\u00e3o Norte ao\u2026","rel":"","context":"In &quot;Not\u00edcias de Ribeir\u00e3o Preto-SP e Regi\u00e3o&quot;","block_context":{"text":"Not\u00edcias de Ribeir\u00e3o Preto-SP e Regi\u00e3o","link":"https:\/\/noticiasribeiraopreto.com.br\/index.php\/category\/noticias-de-ribeirao-preto-sp-e-regiao-ismael-colosi\/"},"img":{"alt_text":"","src":"https:\/\/i0.wp.com\/noticiasribeiraopreto.com.br\/wp-content\/uploads\/2024\/04\/onibus.jpeg?fit=1000%2C666&ssl=1&resize=350%2C200","width":350,"height":200,"srcset":"https:\/\/i0.wp.com\/noticiasribeiraopreto.com.br\/wp-content\/uploads\/2024\/04\/onibus.jpeg?fit=1000%2C666&ssl=1&resize=350%2C200 1x, https:\/\/i0.wp.com\/noticiasribeiraopreto.com.br\/wp-content\/uploads\/2024\/04\/onibus.jpeg?fit=1000%2C666&ssl=1&resize=525%2C300 1.5x, https:\/\/i0.wp.com\/noticiasribeiraopreto.com.br\/wp-content\/uploads\/2024\/04\/onibus.jpeg?fit=1000%2C666&ssl=1&resize=700%2C400 2x"},"classes":[]},{"id":18738,"url":"https:\/\/noticiasribeiraopreto.com.br\/index.php\/2023\/12\/20\/nissan-desafia-a-lideranca-da-fiat-toro-com-nova-picape-revolucionaria\/","url_meta":{"origin":12675,"position":4},"title":"Nissan desafia a lideran\u00e7a da Fiat Toro com nova picape revolucion\u00e1ria","author":"noticiasribeiraopreto.com.br","date":"20 de December de 2023","format":false,"excerpt":"Foto: Renan Bandeira\/Autoesporte Conhe\u00e7a os detalhes do modelo que promete abalar as estruturas do segmento automotivo Segundo o site Auto Esporte, a Nissan est\u00e1 prestes a revolucionar o mercado automotivo com o an\u00fancio oficial de uma nova picape, posicionada estrategicamente abaixo da Frontier. Descubra todos os detalhes e novidades sobre\u2026","rel":"","context":"In &quot;Vagas de Emprego em Ribeir\u00e3o Preto-SP&quot;","block_context":{"text":"Vagas de Emprego em Ribeir\u00e3o Preto-SP","link":"https:\/\/noticiasribeiraopreto.com.br\/index.php\/category\/empregos-classificados-vagas-trabalho\/vagas-de-empregos-em-ribeirao-preto-regiao-brasil\/"},"img":{"alt_text":"","src":"https:\/\/i0.wp.com\/noticiasribeiraopreto.com.br\/wp-content\/uploads\/2023\/12\/capaaa-1-830x450.jpg?fit=830%2C450&ssl=1&resize=350%2C200","width":350,"height":200,"srcset":"https:\/\/i0.wp.com\/noticiasribeiraopreto.com.br\/wp-content\/uploads\/2023\/12\/capaaa-1-830x450.jpg?fit=830%2C450&ssl=1&resize=350%2C200 1x, https:\/\/i0.wp.com\/noticiasribeiraopreto.com.br\/wp-content\/uploads\/2023\/12\/capaaa-1-830x450.jpg?fit=830%2C450&ssl=1&resize=525%2C300 1.5x, https:\/\/i0.wp.com\/noticiasribeiraopreto.com.br\/wp-content\/uploads\/2023\/12\/capaaa-1-830x450.jpg?fit=830%2C450&ssl=1&resize=700%2C400 2x"},"classes":[]},{"id":11890,"url":"https:\/\/noticiasribeiraopreto.com.br\/index.php\/2023\/12\/07\/descubra-as-vagas-disponiveis-na-horse-brasil-parte-do-grupo-renault-e-como-se-candidatar-a-essas-oportunidades\/","url_meta":{"origin":12675,"position":5},"title":"Descubra as vagas dispon\u00edveis na Horse Brasil, parte do Grupo Renault, e como se candidatar a essas oportunidades","author":"noticiasribeiraopreto.com.br","date":"7 de December de 2023","format":false,"excerpt":"Vagas de emprego na Horse Brasil (Imagem \/ Divulga\u00e7\u00e3o) Explore as oportunidades de carreira na Horse Brasil, parte do Grupo Renault, em S\u00e3o Jos\u00e9 dos Pinhais A Horse Brasil, uma subsidi\u00e1ria do renomado Grupo Renault, est\u00e1 com inscri\u00e7\u00f5es abertas para uma s\u00e9rie de vagas em S\u00e3o Jos\u00e9 dos Pinhais, Paran\u00e1.\u2026","rel":"","context":"In &quot;Vagas de Emprego em Ribeir\u00e3o Preto-SP&quot;","block_context":{"text":"Vagas de Emprego em Ribeir\u00e3o Preto-SP","link":"https:\/\/noticiasribeiraopreto.com.br\/index.php\/category\/empregos-classificados-vagas-trabalho\/vagas-de-empregos-em-ribeirao-preto-regiao-brasil\/"},"img":{"alt_text":"","src":"https:\/\/i0.wp.com\/noticiasribeiraopreto.com.br\/wp-content\/uploads\/2023\/12\/Descubra-as-vagas-disponiveis-na-Horse-Brasil-parte-do-Grupo-Renault-e-como-se-candidatar-a-essas-oportunidades-830x450.jpg?fit=830%2C450&ssl=1&resize=350%2C200","width":350,"height":200,"srcset":"https:\/\/i0.wp.com\/noticiasribeiraopreto.com.br\/wp-content\/uploads\/2023\/12\/Descubra-as-vagas-disponiveis-na-Horse-Brasil-parte-do-Grupo-Renault-e-como-se-candidatar-a-essas-oportunidades-830x450.jpg?fit=830%2C450&ssl=1&resize=350%2C200 1x, https:\/\/i0.wp.com\/noticiasribeiraopreto.com.br\/wp-content\/uploads\/2023\/12\/Descubra-as-vagas-disponiveis-na-Horse-Brasil-parte-do-Grupo-Renault-e-como-se-candidatar-a-essas-oportunidades-830x450.jpg?fit=830%2C450&ssl=1&resize=525%2C300 1.5x, https:\/\/i0.wp.com\/noticiasribeiraopreto.com.br\/wp-content\/uploads\/2023\/12\/Descubra-as-vagas-disponiveis-na-Horse-Brasil-parte-do-Grupo-Renault-e-como-se-candidatar-a-essas-oportunidades-830x450.jpg?fit=830%2C450&ssl=1&resize=700%2C400 2x"},"classes":[]}],"jetpack_sharing_enabled":true,"jetpack_shortlink":"https:\/\/wp.me\/peQAOb-3ir","_links":{"self":[{"href":"https:\/\/noticiasribeiraopreto.com.br\/index.php\/wp-json\/wp\/v2\/posts\/12675","targetHints":{"allow":["GET"]}}],"collection":[{"href":"https:\/\/noticiasribeiraopreto.com.br\/index.php\/wp-json\/wp\/v2\/posts"}],"about":[{"href":"https:\/\/noticiasribeiraopreto.com.br\/index.php\/wp-json\/wp\/v2\/types\/post"}],"author":[{"embeddable":true,"href":"https:\/\/noticiasribeiraopreto.com.br\/index.php\/wp-json\/wp\/v2\/users\/1"}],"replies":[{"embeddable":true,"href":"https:\/\/noticiasribeiraopreto.com.br\/index.php\/wp-json\/wp\/v2\/comments?post=12675"}],"version-history":[{"count":0,"href":"https:\/\/noticiasribeiraopreto.com.br\/index.php\/wp-json\/wp\/v2\/posts\/12675\/revisions"}],"wp:featuredmedia":[{"embeddable":true,"href":"https:\/\/noticiasribeiraopreto.com.br\/index.php\/wp-json\/wp\/v2\/media\/12676"}],"wp:attachment":[{"href":"https:\/\/noticiasribeiraopreto.com.br\/index.php\/wp-json\/wp\/v2\/media?parent=12675"}],"wp:term":[{"taxonomy":"category","embeddable":true,"href":"https:\/\/noticiasribeiraopreto.com.br\/index.php\/wp-json\/wp\/v2\/categories?post=12675"},{"taxonomy":"post_tag","embeddable":true,"href":"https:\/\/noticiasribeiraopreto.com.br\/index.php\/wp-json\/wp\/v2\/tags?post=12675"}],"curies":[{"name":"wp","href":"https:\/\/api.w.org\/{rel}","templated":true}]}}