{"id":12680,"date":"2023-12-08T12:30:11","date_gmt":"2023-12-08T15:30:11","guid":{"rendered":"https:\/\/noticiasribeiraopreto.com.br\/index.php\/2023\/12\/08\/5-sinais-do-seu-corpo-que-indicam-a-falta-do-nutriente\/"},"modified":"2023-12-08T12:30:11","modified_gmt":"2023-12-08T15:30:11","slug":"5-sinais-do-seu-corpo-que-indicam-a-falta-do-nutriente","status":"publish","type":"post","link":"https:\/\/noticiasribeiraopreto.com.br\/index.php\/2023\/12\/08\/5-sinais-do-seu-corpo-que-indicam-a-falta-do-nutriente\/","title":{"rendered":"5 sinais do seu corpo que indicam a falta do nutriente"},"content":{"rendered":"<div class='code-block code-block-1' style='margin: 8px 0 8px auto; text-align: right; display: block; clear: both;'>\n<p><a href=\"https:\/\/wa.link\/vpicfd\"><img data-recalc-dims=\"1\" class=\"wp-image-4922\" style=\"aspect-ratio: 2.0253164556962027; width: 561px; height: auto;\" src=\"https:\/\/i0.wp.com\/ismaelcolosi.com.br\/wp-content\/uploads\/2023\/11\/grupo-de-empregos-whatsapp-e-facebook-ismael-colosi-vagas.jpg?ssl=1\" alt=\"\" \/><\/a><\/p>\n<!-- \/wp:image -->\n<\/div>\n<p> <br \/>\n<\/p>\n<div>\n<div id=\"attachment_2315438\" class=\"wp-caption alignnone\">\n<div class=\"d-flex justify-content-center\" data-attachment-id=\"2315438\">\n<div class=\"position-relative d-inline-block\"><img data-recalc-dims=\"1\" data-portal-copyright=\"Getty Images\" fetchpriority=\"high\" decoding=\"async\" class=\"size-full wp-image-2315438\" src=\"https:\/\/i0.wp.com\/catracalivre.com.br\/wp-content\/uploads\/2023\/11\/istock-1227488268.jpg?resize=1254%2C836&#038;ssl=1\" alt=\"A vitamina C \u00e9 uma importante aliada da sa\u00fade e est\u00e1 diretamente ligada \u00e0 preven\u00e7\u00e3o de gripes e resfriados \u2013 iStock\/Getty Images\" width=\"1254\" height=\"836\" srcset=\"https:\/\/catracalivre.com.br\/wp-content\/uploads\/2023\/11\/istock-1227488268.jpg 1254w, https:\/\/catracalivre.com.br\/wp-content\/uploads\/2023\/11\/istock-1227488268-450x300.jpg 450w, https:\/\/catracalivre.com.br\/wp-content\/uploads\/2023\/11\/istock-1227488268-768x512.jpg 768w\" sizes=\"(max-width: 1254px) 100vw, 1254px\"\/><\/p>\n<p>Cr\u00e9ditos: Getty Images<\/p>\n<\/div>\n<\/div>\n<p><span class=\"post-imagem__legenda\">A vitamina C \u00e9 uma importante aliada da sa\u00fade e est\u00e1 diretamente ligada \u00e0 preven\u00e7\u00e3o de gripes e resfriados \u2013 iStock\/Getty Images<\/span><\/p>\n<\/div>\n<p>Tamb\u00e9m conhecida como<strong><a href=\"https:\/\/www.ufpb.br\/cim\/contents\/menu\/cimforma\/vitamina-c-na-prevencao-e-tratamento-do-resfriado-comum\" target=\"_blank\" rel=\"noopener\"> \u00e1cido asc\u00f3rbico<\/a><\/strong>, a vitamina C \u00e9 um nutriente essencial que desempenha diversos pap\u00e9is vitais no <strong><a href=\"https:\/\/catracalivre.com.br\/saude-bem-estar\/entenda-o-papel-da-vitamina-b6-em-nosso-organismo\/\" target=\"_blank\" rel=\"noopener\">funcionamento do organismo<\/a><\/strong>. Justamente por isso, a defici\u00eancia dessa vitamina pode levar a uma s\u00e9rie de sintomas preocupantes que merecem a sua aten\u00e7\u00e3o.<\/p>\n<h2>Quando falta<\/h2>\n<p>Para ajudar a identificar poss\u00edveis sinais de defici\u00eancia de vitamina C, destacamos cinco indicadores importantes. Confira:<\/p>\n<p><strong>Fadiga e fraqueza:<\/strong> \u00e9 fundamental para a produ\u00e7\u00e3o de energia no organismo. Uma falta dessa vitamina pode levar a fadiga cr\u00f4nica e sensa\u00e7\u00e3o constante de fraqueza.<\/p>\n<p><strong>Pele seca e \u00e1spera:<\/strong> vital para a produ\u00e7\u00e3o de col\u00e1geno, uma prote\u00edna que mant\u00e9m a pele saud\u00e1vel e el\u00e1stica. A defici\u00eancia de vitamina C pode resultar em pele seca, \u00e1spera e propensa a feridas.<\/p>\n<p><strong>Suscetibilidade a infec\u00e7\u00f5es:<\/strong> conhecida por fortalecer o sistema imunol\u00f3gico, ajuda o corpo a combater infec\u00e7\u00f5es. A falta dessa vitamina pode tornar o organismo mais vulner\u00e1vel a doen\u00e7as.<\/p>\n<p><strong>Cicatriza\u00e7\u00e3o lenta de feridas:<\/strong> \u00e9 essencial para o processo de cicatriza\u00e7\u00e3o. Sua defici\u00eancia pode retardar a cicatriza\u00e7\u00e3o de feridas e les\u00f5es.<\/p>\n<p><strong>Sangramento das gengivas:<\/strong> indispens\u00e1vel para a sa\u00fade das gengivas e tecidos bucais. Sua falta pode levar ao enfraquecimento dos vasos sangu\u00edneos, resultando em gengivas sens\u00edveis e sangramento.<\/p>\n<h2>Como n\u00e3o ficar sem<\/h2>\n<p>Sim, \u00e9 poss\u00edvel manter uma quantidade adequada de vitamina C no corpo. Para isso, basta:<\/p>\n<p><strong>Escolher alimentos frescos:<\/strong> sens\u00edvel ao calor e \u00e0 luz, alimentos frescos e pouco processados geralmente possuem teores mais elevados dessa vitamina do que alimentos enlatados ou cozidos demais.<\/p>\n<p><strong>Consumir alimentos ricos em vitamina C:<\/strong> Inclua regularmente na sua dieta alimentos que s\u00e3o fontes naturais desse nutriente, como laranjas, lim\u00f5es, morangos, kiwis, br\u00f3colis, piment\u00f5es e couve. Esses alimentos\u00a0 ajudar\u00e3o a suprir suas necessidades di\u00e1rias.<\/p>\n<p><strong>Evitar\u00a0 superexposi\u00e7\u00e3o ao calor:<\/strong> prefira m\u00e9todos de cozimento que preservem a quantidade dessa vitamina. Cozinhar em fogo baixo e utilizar o m\u00ednimo de \u00e1gua poss\u00edvel podem ajudar a manter a vitamina C nos alimentos.<\/p>\n<p><strong>Variar sua dieta:<\/strong> Al\u00e9m das frutas c\u00edtricas, explore outras op\u00e7\u00f5es ricas em vitamina C. Por exemplo, manga, abacaxi, mel\u00e3o, espinafre, batata-doce e tomate tamb\u00e9m s\u00e3o \u00f3timas fontes dessa vitamina.<\/p>\n<p><strong>Armazenar corretamente:<\/strong> Para evitar a perda, armazene os alimentos em locais frescos e secos e, sempre que poss\u00edvel, consuma-os logo ap\u00f3s o preparo.<\/p>\n<p><strong>Cuidar-se com a exposi\u00e7\u00e3o ao ar e \u00e0 luz:<\/strong> Para preservar a vitamina C em sucos ou alimentos cortados, mantenha-os protegidos da exposi\u00e7\u00e3o ao ar e \u00e0 luz.<\/p>\n<p><strong>Evitar o tabagismo e o consumo excessivo de \u00e1lcool:<\/strong> Fumar e consumir \u00e1lcool em excesso podem diminuir a absor\u00e7\u00e3o de vitamina C pelo organismo.<\/p>\n<p>Lembre-se, vitamina C \u00e9 uma subst\u00e2ncia hidrossol\u00favel, o que significa que o corpo n\u00e3o a armazena em grandes quantidades. Portanto, \u00e9 importante consumi-la regularmente para garantir que voc\u00ea esteja recebendo os benef\u00edcios dessa vitamina para a sa\u00fade do seu corpo.<\/p>\n<\/div>\n<p><script>\n\t\t! function(f, b, e, v, n, t, s) {\n\t\t\tif (f.fbq) return;\n\t\t\tn = f.fbq = function() {\n\t\t\t\tn.callMethod ?\n\t\t\t\t\tn.callMethod.apply(n, arguments) : n.queue.push(arguments)\n\t\t\t};\n\t\t\tif (!f._fbq) f._fbq = n;\n\t\t\tn.push = n;\n\t\t\tn.loaded = !0;\n\t\t\tn.version = '2.0';\n\t\t\tn.queue = [];\n\t\t\tt = b.createElement(e);\n\t\t\tt.async = !0;\n\t\t\tt.src = v;\n\t\t\ts = b.getElementsByTagName(e)[0];\n\t\t\ts.parentNode.insertBefore(t, s)\n\t\t}(window, document, 'script',\n\t\t\t'https:\/\/connect.facebook.net\/en_US\/fbevents.js');\n\t\tfbq('init', '338315473262380');\n\t\tfbq('track', 'PageView');\n\t<\/script><br \/>\n<br \/><br \/>\n<br \/><a href=\"https:\/\/catracalivre.com.br\/saude-bem-estar\/vitamina-c-5-sinais-do-seu-corpo-que-indicam-a-falta-do-nutriente\/\">Source link <\/a><\/p>\n<!-- CONTENT END 1 -->\n","protected":false},"excerpt":{"rendered":"<p>Cr\u00e9ditos: Getty Images A vitamina C \u00e9 uma importante aliada da sa\u00fade e est\u00e1 diretamente ligada \u00e0 preven\u00e7\u00e3o de gripes e resfriados \u2013 iStock\/Getty Images&#8230;<\/p>\n","protected":false},"author":1,"featured_media":12681,"comment_status":"open","ping_status":"open","sticky":false,"template":"","format":"standard","meta":{"advanced_seo_description":"","jetpack_seo_html_title":"","jetpack_seo_noindex":false,"jetpack_post_was_ever_published":false,"_jetpack_newsletter_access":"","_jetpack_dont_email_post_to_subs":false,"_jetpack_newsletter_tier_id":0,"_jetpack_memberships_contains_paywalled_content":false,"_jetpack_memberships_contains_paid_content":false,"footnotes":"","jetpack_publicize_message":"","jetpack_publicize_feature_enabled":true,"jetpack_social_post_already_shared":true,"jetpack_social_options":{"image_generator_settings":{"template":"highway","default_image_id":0,"font":"","enabled":false},"version":2}},"categories":[19],"tags":[],"class_list":["post-12680","post","type-post","status-publish","format-standard","has-post-thumbnail","hentry","category-variedades"],"jetpack_publicize_connections":[],"jetpack_featured_media_url":"https:\/\/i0.wp.com\/noticiasribeiraopreto.com.br\/wp-content\/uploads\/2023\/12\/istock-1227488268.jpg?fit=1200%2C638&ssl=1","jetpack-related-posts":[{"id":55623,"url":"https:\/\/noticiasribeiraopreto.com.br\/index.php\/2024\/08\/04\/os-melhores-paises-para-viver-durante-a-aposentadoria-em-2024\/","url_meta":{"origin":12680,"position":0},"title":"Os melhores pa\u00edses para viver durante a aposentadoria em 2024","author":"noticiasribeiraopreto.com.br","date":"4 de August de 2024","format":false,"excerpt":"\u00a0 Acessibilidade L L A- A+ \u25d0 \u00a0 Se voc\u00ea est\u00e1 procurando custos mais baixos, paisagens atraentes, uma mudan\u00e7a no estilo de vida, na cultura ou uma sa\u00edda pol\u00edtica, mudar para outro pa\u00eds para aproveitar a sua aposentadoria pode ser a resposta. Sem precisar se preocupar com o mercado de\u2026","rel":"","context":"In &quot;Blog&quot;","block_context":{"text":"Blog","link":"https:\/\/noticiasribeiraopreto.com.br\/index.php\/category\/blog\/"},"img":{"alt_text":"","src":"https:\/\/i0.wp.com\/noticiasribeiraopreto.com.br\/wp-content\/uploads\/2024\/08\/paphos-chipre-1024x683.jpg?fit=1024%2C683&ssl=1&resize=350%2C200","width":350,"height":200,"srcset":"https:\/\/i0.wp.com\/noticiasribeiraopreto.com.br\/wp-content\/uploads\/2024\/08\/paphos-chipre-1024x683.jpg?fit=1024%2C683&ssl=1&resize=350%2C200 1x, https:\/\/i0.wp.com\/noticiasribeiraopreto.com.br\/wp-content\/uploads\/2024\/08\/paphos-chipre-1024x683.jpg?fit=1024%2C683&ssl=1&resize=525%2C300 1.5x, https:\/\/i0.wp.com\/noticiasribeiraopreto.com.br\/wp-content\/uploads\/2024\/08\/paphos-chipre-1024x683.jpg?fit=1024%2C683&ssl=1&resize=700%2C400 2x"},"classes":[]},{"id":34935,"url":"https:\/\/noticiasribeiraopreto.com.br\/index.php\/2024\/02\/04\/foi-demitido-nao-se-desespere-veja-cinco-passos-para-se-organizar-apos-demissao\/","url_meta":{"origin":12680,"position":1},"title":"Foi demitido? N\u00e3o se desespere. Veja cinco passos para se organizar ap\u00f3s demiss\u00e3o","author":"noticiasribeiraopreto.com.br","date":"4 de February de 2024","format":false,"excerpt":"Getty imagesO recurso mais valioso que voc\u00ea pode investir em sua busca por emprego \u00e9 o tempo, n\u00e3o o dinheiro. Ap\u00f3s uma demiss\u00e3o, uma das principais preocupa\u00e7\u00f5es \u00e9 o dinheiro. Sem um sal\u00e1rio, surgem d\u00favidas sobre como pagar as contas e quanto tempo levar\u00e1 para conseguir o pr\u00f3ximo emprego. Por\u2026","rel":"","context":"In &quot;Blog&quot;","block_context":{"text":"Blog","link":"https:\/\/noticiasribeiraopreto.com.br\/index.php\/category\/blog\/"},"img":{"alt_text":"","src":"https:\/\/i0.wp.com\/noticiasribeiraopreto.com.br\/wp-content\/uploads\/2024\/02\/demissao-1024x683.jpg?fit=1024%2C683&ssl=1&resize=350%2C200","width":350,"height":200,"srcset":"https:\/\/i0.wp.com\/noticiasribeiraopreto.com.br\/wp-content\/uploads\/2024\/02\/demissao-1024x683.jpg?fit=1024%2C683&ssl=1&resize=350%2C200 1x, https:\/\/i0.wp.com\/noticiasribeiraopreto.com.br\/wp-content\/uploads\/2024\/02\/demissao-1024x683.jpg?fit=1024%2C683&ssl=1&resize=525%2C300 1.5x, https:\/\/i0.wp.com\/noticiasribeiraopreto.com.br\/wp-content\/uploads\/2024\/02\/demissao-1024x683.jpg?fit=1024%2C683&ssl=1&resize=700%2C400 2x"},"classes":[]},{"id":14398,"url":"https:\/\/noticiasribeiraopreto.com.br\/index.php\/2023\/12\/12\/8-maneiras-de-pensar-como-um-lider-no-trabalho\/","url_meta":{"origin":12680,"position":2},"title":"8 maneiras de pensar como um l\u00edder no trabalho","author":"noticiasribeiraopreto.com.br","date":"12 de December de 2023","format":false,"excerpt":"Tornar-se um l\u00edder exige uma transforma\u00e7\u00e3o de mentalidade antes mesmo de ganhar mais responsabilidades ou mudar de cargo Como fica evidente no relat\u00f3rio do LinkedIn com as habilidades mais procuradas pelos empregadores, lideran\u00e7a e gest\u00e3o est\u00e3o entre as cinco principais compet\u00eancias fundamentais dos candidatos a emprego. Mesmo que mesmo voc\u00ea\u2026","rel":"","context":"In &quot;Blog&quot;","block_context":{"text":"Blog","link":"https:\/\/noticiasribeiraopreto.com.br\/index.php\/category\/blog\/"},"img":{"alt_text":"","src":"https:\/\/i0.wp.com\/noticiasribeiraopreto.com.br\/wp-content\/uploads\/2023\/12\/carreira-lideranca-mentalidade-1024x683.jpg?fit=1024%2C683&ssl=1&resize=350%2C200","width":350,"height":200,"srcset":"https:\/\/i0.wp.com\/noticiasribeiraopreto.com.br\/wp-content\/uploads\/2023\/12\/carreira-lideranca-mentalidade-1024x683.jpg?fit=1024%2C683&ssl=1&resize=350%2C200 1x, https:\/\/i0.wp.com\/noticiasribeiraopreto.com.br\/wp-content\/uploads\/2023\/12\/carreira-lideranca-mentalidade-1024x683.jpg?fit=1024%2C683&ssl=1&resize=525%2C300 1.5x, https:\/\/i0.wp.com\/noticiasribeiraopreto.com.br\/wp-content\/uploads\/2023\/12\/carreira-lideranca-mentalidade-1024x683.jpg?fit=1024%2C683&ssl=1&resize=700%2C400 2x"},"classes":[]},{"id":32782,"url":"https:\/\/noticiasribeiraopreto.com.br\/index.php\/2024\/01\/26\/conselho-da-petrobras-nomeia-renato-galuppo-como-membro-do-colegiado\/","url_meta":{"origin":12680,"position":3},"title":"Conselho da Petrobras nomeia Renato Galuppo como membro do colegiado","author":"noticiasribeiraopreto.com.br","date":"26 de January de 2024","format":false,"excerpt":"Getty ImagesSede da Petrobras em Bras\u00edlia. O conselho da Petrobras nomeou o advogado Renato Galuppo como membro do colegiado, cargo que ocupar\u00e1 at\u00e9 a pr\u00f3xima assembleia geral de acionistas, informou a petroleira em comunicado ao mercado nesta sexta-feira. Siga o canal da Forbes e de Forbes Money no WhatsApp e\u2026","rel":"","context":"In &quot;Blog&quot;","block_context":{"text":"Blog","link":"https:\/\/noticiasribeiraopreto.com.br\/index.php\/category\/blog\/"},"img":{"alt_text":"","src":"https:\/\/i0.wp.com\/noticiasribeiraopreto.com.br\/wp-content\/uploads\/2024\/01\/money-empresas-brasileiras-09Jun23-GettyImages-9-1024x683.jpg?fit=1024%2C683&ssl=1&resize=350%2C200","width":350,"height":200,"srcset":"https:\/\/i0.wp.com\/noticiasribeiraopreto.com.br\/wp-content\/uploads\/2024\/01\/money-empresas-brasileiras-09Jun23-GettyImages-9-1024x683.jpg?fit=1024%2C683&ssl=1&resize=350%2C200 1x, https:\/\/i0.wp.com\/noticiasribeiraopreto.com.br\/wp-content\/uploads\/2024\/01\/money-empresas-brasileiras-09Jun23-GettyImages-9-1024x683.jpg?fit=1024%2C683&ssl=1&resize=525%2C300 1.5x, https:\/\/i0.wp.com\/noticiasribeiraopreto.com.br\/wp-content\/uploads\/2024\/01\/money-empresas-brasileiras-09Jun23-GettyImages-9-1024x683.jpg?fit=1024%2C683&ssl=1&resize=700%2C400 2x"},"classes":[]},{"id":32788,"url":"https:\/\/noticiasribeiraopreto.com.br\/index.php\/2024\/01\/26\/conselho-da-petrobras-nomeia-renato-galuppo-como-membro-do-colegiado-2\/","url_meta":{"origin":12680,"position":4},"title":"Conselho da Petrobras nomeia Renato Galuppo como membro do colegiado","author":"noticiasribeiraopreto.com.br","date":"26 de January de 2024","format":false,"excerpt":"Getty ImagesSede da Petrobras em Bras\u00edlia. O conselho da Petrobras nomeou o advogado Renato Galuppo como membro do colegiado, cargo que ocupar\u00e1 at\u00e9 a pr\u00f3xima assembleia geral de acionistas, informou a petroleira em comunicado ao mercado nesta sexta-feira. Siga o canal da Forbes e de Forbes Money no WhatsApp e\u2026","rel":"","context":"In &quot;Blog&quot;","block_context":{"text":"Blog","link":"https:\/\/noticiasribeiraopreto.com.br\/index.php\/category\/blog\/"},"img":{"alt_text":"","src":"https:\/\/i0.wp.com\/noticiasribeiraopreto.com.br\/wp-content\/uploads\/2024\/01\/1706289799_money-empresas-brasileiras-09Jun23-GettyImages-9-1024x683.jpg?fit=1024%2C683&ssl=1&resize=350%2C200","width":350,"height":200,"srcset":"https:\/\/i0.wp.com\/noticiasribeiraopreto.com.br\/wp-content\/uploads\/2024\/01\/1706289799_money-empresas-brasileiras-09Jun23-GettyImages-9-1024x683.jpg?fit=1024%2C683&ssl=1&resize=350%2C200 1x, https:\/\/i0.wp.com\/noticiasribeiraopreto.com.br\/wp-content\/uploads\/2024\/01\/1706289799_money-empresas-brasileiras-09Jun23-GettyImages-9-1024x683.jpg?fit=1024%2C683&ssl=1&resize=525%2C300 1.5x, https:\/\/i0.wp.com\/noticiasribeiraopreto.com.br\/wp-content\/uploads\/2024\/01\/1706289799_money-empresas-brasileiras-09Jun23-GettyImages-9-1024x683.jpg?fit=1024%2C683&ssl=1&resize=700%2C400 2x"},"classes":[]},{"id":16250,"url":"https:\/\/noticiasribeiraopreto.com.br\/index.php\/2023\/12\/15\/4-sinais-de-que-voce-precisa-deste-importante-mineral\/","url_meta":{"origin":12680,"position":5},"title":"4 sinais de que voc\u00ea precisa deste importante mineral","author":"noticiasribeiraopreto.com.br","date":"15 de December de 2023","format":false,"excerpt":"Cr\u00e9ditos: Getty Images\/iStockphotoEspecialistas destacam a import\u00e2ncia do pot\u00e1ssio para o funcionamento adequado do corpo \u2013 iStock\/Getty ImagesRespons\u00e1vel pelo funcionamento adequado do corpo, o pot\u00e1ssio \u00e9 um mineral importante para regula\u00e7\u00e3o dos fluidos, a fun\u00e7\u00e3o muscular e nervosa, e o equil\u00edbrio dos eletr\u00f3litos. Justamente por isso a defici\u00eancia em pot\u00e1ssio \u2013\u2026","rel":"","context":"In &quot;Variedades&quot;","block_context":{"text":"Variedades","link":"https:\/\/noticiasribeiraopreto.com.br\/index.php\/category\/variedades\/"},"img":{"alt_text":"","src":"https:\/\/i0.wp.com\/noticiasribeiraopreto.com.br\/wp-content\/uploads\/2023\/12\/istock-1053805864.jpg?fit=1200%2C638&ssl=1&resize=350%2C200","width":350,"height":200,"srcset":"https:\/\/i0.wp.com\/noticiasribeiraopreto.com.br\/wp-content\/uploads\/2023\/12\/istock-1053805864.jpg?fit=1200%2C638&ssl=1&resize=350%2C200 1x, https:\/\/i0.wp.com\/noticiasribeiraopreto.com.br\/wp-content\/uploads\/2023\/12\/istock-1053805864.jpg?fit=1200%2C638&ssl=1&resize=525%2C300 1.5x, https:\/\/i0.wp.com\/noticiasribeiraopreto.com.br\/wp-content\/uploads\/2023\/12\/istock-1053805864.jpg?fit=1200%2C638&ssl=1&resize=700%2C400 2x, https:\/\/i0.wp.com\/noticiasribeiraopreto.com.br\/wp-content\/uploads\/2023\/12\/istock-1053805864.jpg?fit=1200%2C638&ssl=1&resize=1050%2C600 3x"},"classes":[]}],"jetpack_sharing_enabled":true,"jetpack_shortlink":"https:\/\/wp.me\/peQAOb-3iw","_links":{"self":[{"href":"https:\/\/noticiasribeiraopreto.com.br\/index.php\/wp-json\/wp\/v2\/posts\/12680","targetHints":{"allow":["GET"]}}],"collection":[{"href":"https:\/\/noticiasribeiraopreto.com.br\/index.php\/wp-json\/wp\/v2\/posts"}],"about":[{"href":"https:\/\/noticiasribeiraopreto.com.br\/index.php\/wp-json\/wp\/v2\/types\/post"}],"author":[{"embeddable":true,"href":"https:\/\/noticiasribeiraopreto.com.br\/index.php\/wp-json\/wp\/v2\/users\/1"}],"replies":[{"embeddable":true,"href":"https:\/\/noticiasribeiraopreto.com.br\/index.php\/wp-json\/wp\/v2\/comments?post=12680"}],"version-history":[{"count":0,"href":"https:\/\/noticiasribeiraopreto.com.br\/index.php\/wp-json\/wp\/v2\/posts\/12680\/revisions"}],"wp:featuredmedia":[{"embeddable":true,"href":"https:\/\/noticiasribeiraopreto.com.br\/index.php\/wp-json\/wp\/v2\/media\/12681"}],"wp:attachment":[{"href":"https:\/\/noticiasribeiraopreto.com.br\/index.php\/wp-json\/wp\/v2\/media?parent=12680"}],"wp:term":[{"taxonomy":"category","embeddable":true,"href":"https:\/\/noticiasribeiraopreto.com.br\/index.php\/wp-json\/wp\/v2\/categories?post=12680"},{"taxonomy":"post_tag","embeddable":true,"href":"https:\/\/noticiasribeiraopreto.com.br\/index.php\/wp-json\/wp\/v2\/tags?post=12680"}],"curies":[{"name":"wp","href":"https:\/\/api.w.org\/{rel}","templated":true}]}}