{"id":12682,"date":"2023-12-08T12:33:44","date_gmt":"2023-12-08T15:33:44","guid":{"rendered":"https:\/\/noticiasribeiraopreto.com.br\/index.php\/2023\/12\/08\/saiba-tudo-sobre-vagas-inscricoes-provas-e-mais-8\/"},"modified":"2023-12-08T12:33:44","modified_gmt":"2023-12-08T15:33:44","slug":"saiba-tudo-sobre-vagas-inscricoes-provas-e-mais-8","status":"publish","type":"post","link":"https:\/\/noticiasribeiraopreto.com.br\/index.php\/2023\/12\/08\/saiba-tudo-sobre-vagas-inscricoes-provas-e-mais-8\/","title":{"rendered":"saiba tudo sobre vagas, inscri\u00e7\u00f5es, provas e mais"},"content":{"rendered":"<div class='code-block code-block-1' style='margin: 8px 0 8px auto; text-align: right; display: block; clear: both;'>\n<p><a href=\"https:\/\/wa.link\/vpicfd\"><img data-recalc-dims=\"1\" class=\"wp-image-4922\" style=\"aspect-ratio: 2.0253164556962027; width: 561px; height: auto;\" src=\"https:\/\/i0.wp.com\/ismaelcolosi.com.br\/wp-content\/uploads\/2023\/11\/grupo-de-empregos-whatsapp-e-facebook-ismael-colosi-vagas.jpg?ssl=1\" alt=\"\" \/><\/a><\/p>\n<!-- \/wp:image -->\n<\/div>\n<p> <br \/>\n<\/p>\n<div>\n<p><a href=\"https:\/\/jcconcursos.com.br\/noticia\/concursos\/concurso-anac-urgente-publicado-edital-para-246-vagas-imediatas-e-cadastros-119742\" rel=\"noopener\" target=\"_blank\">Com edital publicado nesta sexta-feira (8)<\/a>, o novo <a href=\"https:\/\/jcconcursos.com.br\/concurso\/concurso-anac-77634\" rel=\"noopener\" target=\"_blank\"><strong>concurso da Anac<\/strong><\/a> (Ag\u00eancia Nacional de Avia\u00e7\u00e3o Civil) oferece 246 vagas para especialista em regula\u00e7\u00e3o de avia\u00e7\u00e3o civil, das quais 70 imediatas e 176 para cadastro reserva.<\/p>\n<p>Distribu\u00eddas entre tr\u00eas \u00e1reas (veja as op\u00e7\u00f5es mais abaixo), as oportunidades s\u00e3o para trabalhar no Distrito Federal ou <a href=\"https:\/\/jcconcursos.com.br\/concursos\/sp\" rel=\"noopener\" target=\"_blank\">S\u00e3o Paulo<\/a>, com sal\u00e1rio inicial de R$ 16.413,35 (regime de 40 horas semanais). As inscri\u00e7\u00f5es come\u00e7am quarta-feira (13), \u00e0s 10h.<\/p>\n<p><a href=\"https:\/\/cdn.cebraspe.org.br\/concursos\/ANAC_23\/arquivos\/ED_1_ANAC_2023_ABERTURA.PDF\" rel=\"noopener\" target=\"_blank\">+ \ud83d\udcc4 Confira o edital completo<\/a><\/p>\n<p><a href=\"https:\/\/chat.whatsapp.com\/JvL15AtW3VE1fiLJDkCuSi\" rel=\"noopener\" target=\"_blank\">\ud83d\udcf2 Junte-se ao canal de not\u00edcias do JC Concursos no WhatsApp<\/a><\/p>\n<h2>Distribui\u00e7\u00e3o das vagas<\/h2>\n<ul>\n<li>\n<p><span style=\"text-decoration: underline;\"><mark>\u00c1rea 1 (25 vagas imediatas + 60 para cadastro reserva):<\/mark><\/span> exig\u00eancia de curso superior em qualquer \u00e1rea, acrescido de licen\u00e7a de piloto de avi\u00e3o ou helic\u00f3ptero.<\/p>\n<\/li>\n<li>\n<p><span style=\"text-decoration: underline;\"><mark>\u00c1rea 2 (25 vagas imediatas + 60 para cadastro reserva):<\/mark><\/span> exig\u00eancia de curso superior em engenharia.<\/p>\n<\/li>\n<li>\n<p><span style=\"text-decoration: underline;\"><mark>\u00c1rea 3 (20 vagas imediatas + 56 para cadastro reserva):<\/mark><\/span> exig\u00eancia de curso superior em qualquer \u00e1rea.<\/p>\n<\/li>\n<\/ul>\n<p><img data-recalc-dims=\"1\" decoding=\"async\" alt=\"Quadro de vagas do concurso da Anac\" height=\"389\" loading=\"lazy\" src=\"https:\/\/i0.wp.com\/jcconcursos.com.br\/media\/uploads\/concurso-anac-edital-1-2023-quadro-vagas.jpg?resize=713%2C389&#038;ssl=1\" width=\"713\" class=\"lazy\"\/><noscript><img data-recalc-dims=\"1\" decoding=\"async\" alt=\"Quadro de vagas do concurso da Anac\" height=\"389\" loading=\"lazy\" src=\"https:\/\/i0.wp.com\/jcconcursos.com.br\/media\/uploads\/concurso-anac-edital-1-2023-quadro-vagas.jpg?resize=713%2C389&#038;ssl=1\" width=\"713\"\/><\/noscript><\/p>\n<h2>Passo a passo para se inscrever<\/h2>\n<p>O prazo para inscri\u00e7\u00f5es termina em 4 de janeiro de 2024, \u00e0s 18h. Os interessados dever\u00e3o realizar cadastro pelo site <a href=\"https:\/\/www.cebraspe.org.br\/concursos\/ANAC_23\" rel=\"noopener\" target=\"_blank\">www.cebraspe.org.br<\/a>. A taxa de participa\u00e7\u00e3o custa R$ 160, mas \u00e9 poss\u00edvel solicitar isen\u00e7\u00e3o. O edital prev\u00ea gratuidade para:<\/p>\n<div class=\"code-block code-block-5\" style=\"margin: 8px auto; text-align: center; display: block; clear: both;\"> <a href=\"https:\/\/suaads.com\/ref\/ISMAELCOLOSI\" target=\"_blank\" rel=\"noopener\"><img data-recalc-dims=\"1\" decoding=\"async\" src=\"https:\/\/i0.wp.com\/suaurl.com\/img\/bannersref\/s.png?ssl=1\" alt=\"SuaUrl\"  style=\"max-width: 100%;\" class=\"lazy\" loading=\"lazy\"\/><noscript><img data-recalc-dims=\"1\" decoding=\"async\" src=\"https:\/\/i0.wp.com\/suaurl.com\/img\/bannersref\/s.png?ssl=1\" alt=\"SuaUrl\"  style=\"max-width: 100%;\"\/><\/noscript><\/a><\/div>\n<ul>\n<li>membros de fam\u00edlia inscrita no Cad\u00danico (Cadastro \u00danico para Programas Sociais), do governo federal;<\/li>\n<li>doadores de medula \u00f3ssea em entidades reconhecidas pelo Minist\u00e9rio da Sa\u00fade.<\/li>\n<\/ul>\n<p>O certame \u00e9 organizado pelo Cebraspe (Centro Brasileiro de Pesquisa em Avalia\u00e7\u00e3o e Sele\u00e7\u00e3o e de Promo\u00e7\u00e3o de Eventos). Em caso de d\u00favidas, os candidatos podem contatar a banca pelo telefone (61) 3448-0100, al\u00e9m do e-mail <a href=\"https:\/\/jcconcursos.com.br\/cdn-cgi\/l\/email-protection\" class=\"__cf_email__\" data-cfemail=\"9ae9fbf9daf9fff8e8fbe9eaffb4f5e8fdb4f8e8\">[email\u00a0protected]<\/a>.<\/p>\n<h2>Etapas do concurso da Anac<\/h2>\n<p>As provas objetiva (120 quest\u00f5es) e discursiva (uma situa\u00e7\u00e3o-problema com at\u00e9 45 linhas para resolu\u00e7\u00e3o) est\u00e3o marcadas para 3 de mar\u00e7o, em todas as capitais brasileiras. O conte\u00fado program\u00e1tico engloba:<\/p>\n<ul>\n<li>l\u00edngua inglesa;<\/li>\n<li>no\u00e7\u00f5es de direito administrativo;<\/li>\n<li>\u00e9tica no servi\u00e7o p\u00fablico;<\/li>\n<li>direitos humanos;<\/li>\n<li>tecnologia da informa\u00e7\u00e3o;<\/li>\n<li>legisla\u00e7\u00e3o do sistema de avia\u00e7\u00e3o civil;<\/li>\n<li>gerenciamento de seguran\u00e7a operacional;<\/li>\n<li>conhecimentos espec\u00edficos.<\/li>\n<\/ul>\n<p>Haver\u00e1 tamb\u00e9m an\u00e1lise de t\u00edtulos, com envio dos documentos \u00e0 banca em per\u00edodo a ser oportunamente divulgado. Os convocados poder\u00e3o apresentar comprovantes de experi\u00eancia profissional, al\u00e9m de certificados e diplomas de:<\/p>\n<ul>\n<li>especializa\u00e7\u00e3o;<\/li>\n<li>mestrado;<\/li>\n<li>doutorado.<\/li>\n<\/ul>\n<p>A \u00faltima fase do certame consistir\u00e1 em curso de forma\u00e7\u00e3o, com dura\u00e7\u00e3o de 160 horas, das quais 100 presenciais, em Bras\u00edlia (DF), e 60 no formato virtual. Ao fim da capacita\u00e7\u00e3o, os candidatos ser\u00e3o avaliados por meio de prova objetiva.<\/p>\n<p>A sele\u00e7\u00e3o ter\u00e1 validade de dois anos, a contar da data de homologa\u00e7\u00e3o do resultado final. O prazo poder\u00e1 ser prorrogado uma vez, a crit\u00e9rio da <a href=\"https:\/\/www.gov.br\/anac\/pt-br\" rel=\"noopener\" target=\"_blank\">Ag\u00eancia Nacional de Avia\u00e7\u00e3o Civil<\/a>, conforme estabelece o <a href=\"https:\/\/cdn.cebraspe.org.br\/concursos\/ANAC_23\/arquivos\/ED_1_ANAC_2023_ABERTURA.PDF\" rel=\"noopener\" target=\"_blank\">edital<\/a>.<\/p>\n<h2>Saiba o que faz um especialista na Anac<\/h2>\n<h2>Veja as principais datas do cronograma<\/h2>\n<ul>\n<li>\n<p><span style=\"text-decoration: underline;\"><mark>Publica\u00e7\u00e3o do edital:<\/mark><\/span> 8 de dezembro de 2023<\/p>\n<\/li>\n<li>\n<p><span style=\"text-decoration: underline;\"><mark>Inscri\u00e7\u00f5es:<\/mark><\/span> de 13 de dezembro de 2023 a 4 de janeiro de 2024<\/p>\n<\/li>\n<li>\n<p><span style=\"text-decoration: underline;\"><mark>Solicita\u00e7\u00e3o de isen\u00e7\u00e3o da taxa de inscri\u00e7\u00e3o:<\/mark><\/span> de 13 de dezembro de 2023 a 4 de janeiro de 2024<\/p>\n<\/li>\n<li>\n<p><span style=\"text-decoration: underline;\"><mark>Pagamento da taxa de inscri\u00e7\u00e3o:<\/mark><\/span> at\u00e9 23 de janeiro de 2024<\/p>\n<\/li>\n<li>\n<p><span style=\"text-decoration: underline;\"><mark>Aplica\u00e7\u00e3o das provas:<\/mark><\/span> 3 de mar\u00e7o de 2024<\/p>\n<\/li>\n<li>\n<p><span style=\"text-decoration: underline;\"><mark>Divulga\u00e7\u00e3o do gabarito preliminar:<\/mark><\/span> 5 de mar\u00e7o de 2024<\/p>\n<\/li>\n<li>\n<p><span style=\"text-decoration: underline;\"><mark>Prazo para interposi\u00e7\u00e3o de recursos contra o gabarito:<\/mark><\/span> de 6 a 7 de mar\u00e7o de 2024<\/p>\n<\/li>\n<\/ul>\n<p>+++ O <a href=\"https:\/\/jcconcursos.com.br\/\" rel=\"noopener\" target=\"_blank\">JC Concursos<\/a> disponibiliza mais detalhes sobre o processo seletivo, como atribui\u00e7\u00f5es e conte\u00fado program\u00e1tico, na p\u00e1gina do <a href=\"https:\/\/jcconcursos.com.br\/concurso\/concurso-anac-77634\" rel=\"noopener\" target=\"_blank\"><strong>concurso da Anac<\/strong><\/a><\/p>\n<p><a id=\"gnews_btn\" href=\"https:\/\/news.google.com\/publications\/CAAqBwgKMOixlQswuZWrAw\" target=\"_blank\" class=\"border_jc_blue link_hover_bg_jc_blue font_85 d-block d-md-inline-block px-2 py-1 mr-0 mr-md-2 mb-3 w-100 text-center\" rel=\"noopener\"><span class=\"text_jc_blue\">Siga o <strong>JC Concursos no Google News<\/strong><\/span><\/a><span id=\"resumo\" class=\"anchor_link\"\/><a href=\"https:\/\/jcconcursos.com.br\/concursos\/autorizados\" class=\"badge badge-light\">concursos autorizados<\/a><a href=\"https:\/\/jcconcursos.com.br\/concursos\/inscricoes-abertas\" class=\"badge badge-light\">concursos abertos<\/a><a href=\"https:\/\/jcconcursos.com.br\/concursos\/previstos\" class=\"badge badge-light\">concursos 2023<\/a><a href=\"https:\/\/jcconcursos.com.br\/provas\/por-orgao\" class=\"badge badge-light\">provas anteriores<\/a><\/p>\n<\/div>\n<p><br \/>\n<br \/><a href=\"https:\/\/ismaelcolosi.com.br\/saiba-tudo-sobre-vagas-inscricoes-provas-e-mais-5\/\">Source link <\/a><\/p>\n<!-- CONTENT END 1 -->\n","protected":false},"excerpt":{"rendered":"<p>Com edital publicado nesta sexta-feira (8), o novo concurso da Anac (Ag\u00eancia Nacional de Avia\u00e7\u00e3o Civil) oferece 246 vagas para especialista em regula\u00e7\u00e3o de avia\u00e7\u00e3o&#8230;<\/p>\n","protected":false},"author":1,"featured_media":12683,"comment_status":"open","ping_status":"open","sticky":false,"template":"","format":"standard","meta":{"advanced_seo_description":"","jetpack_seo_html_title":"","jetpack_seo_noindex":false,"jetpack_post_was_ever_published":false,"_jetpack_newsletter_access":"","_jetpack_dont_email_post_to_subs":false,"_jetpack_newsletter_tier_id":0,"_jetpack_memberships_contains_paywalled_content":false,"_jetpack_memberships_contains_paid_content":false,"footnotes":"","jetpack_publicize_message":"","jetpack_publicize_feature_enabled":true,"jetpack_social_post_already_shared":true,"jetpack_social_options":{"image_generator_settings":{"template":"highway","default_image_id":0,"font":"","enabled":false},"version":2}},"categories":[7],"tags":[],"class_list":["post-12682","post","type-post","status-publish","format-standard","has-post-thumbnail","hentry","category-vagas-de-empregos-em-ribeirao-preto-regiao-brasil"],"jetpack_publicize_connections":[],"jetpack_featured_media_url":"https:\/\/i0.wp.com\/noticiasribeiraopreto.com.br\/wp-content\/uploads\/2023\/12\/concurso-anac-edital-1-2023-quadro-vagas.jpg?fit=713%2C389&ssl=1","jetpack-related-posts":[{"id":12469,"url":"https:\/\/noticiasribeiraopreto.com.br\/index.php\/2023\/12\/08\/urgente-publicado-edital-para-246-vagas-imediatas-e-cadastros-em-sp-e-df\/","url_meta":{"origin":12682,"position":0},"title":"Urgente! Publicado edital para 246 vagas imediatas e cadastros em SP e DF","author":"noticiasribeiraopreto.com.br","date":"8 de December de 2023","format":false,"excerpt":"Foi publicado, no di\u00e1rio oficial da Uni\u00e3o desta sexta-feira, 8 de dezembro, o edital de abertura de inscri\u00e7\u00f5es do novo concurso ANAC (Ag\u00eancia Nacional de Avia\u00e7\u00e3o Civil). Ao todo est\u00e3o sendo oferecidas 246 vagas, sendo 70 para o preenchimento imediato e 176 para formar cadastro reserva de pessoal. O certame\u2026","rel":"","context":"In &quot;Vagas de Emprego em Ribeir\u00e3o Preto-SP&quot;","block_context":{"text":"Vagas de Emprego em Ribeir\u00e3o Preto-SP","link":"https:\/\/noticiasribeiraopreto.com.br\/index.php\/category\/empregos-classificados-vagas-trabalho\/vagas-de-empregos-em-ribeirao-preto-regiao-brasil\/"},"img":{"alt_text":"","src":"https:\/\/i0.wp.com\/noticiasribeiraopreto.com.br\/wp-content\/uploads\/2023\/12\/anac.jpg?fit=1118%2C200&ssl=1&resize=350%2C200","width":350,"height":200,"srcset":"https:\/\/i0.wp.com\/noticiasribeiraopreto.com.br\/wp-content\/uploads\/2023\/12\/anac.jpg?fit=1118%2C200&ssl=1&resize=350%2C200 1x, https:\/\/i0.wp.com\/noticiasribeiraopreto.com.br\/wp-content\/uploads\/2023\/12\/anac.jpg?fit=1118%2C200&ssl=1&resize=525%2C300 1.5x, https:\/\/i0.wp.com\/noticiasribeiraopreto.com.br\/wp-content\/uploads\/2023\/12\/anac.jpg?fit=1118%2C200&ssl=1&resize=700%2C400 2x, https:\/\/i0.wp.com\/noticiasribeiraopreto.com.br\/wp-content\/uploads\/2023\/12\/anac.jpg?fit=1118%2C200&ssl=1&resize=1050%2C600 3x"},"classes":[]},{"id":15908,"url":"https:\/\/noticiasribeiraopreto.com.br\/index.php\/2023\/12\/14\/concurso-publico-da-anac-oferece-70-vagas-para-sao-paulo-e-distrito-federal\/","url_meta":{"origin":12682,"position":1},"title":"Concurso p\u00fablico da ANAC oferece 70 vagas para S\u00e3o Paulo e Distrito Federal","author":"noticiasribeiraopreto.com.br","date":"14 de December de 2023","format":false,"excerpt":"Cr\u00e9ditos: IStockConcurso P\u00fablico da ANAC A Ag\u00eancia Nacional de Avia\u00e7\u00e3o Civil (ANAC) anuncia edital de n\u00ba 1\/2023 para concurso p\u00fablico, que prev\u00ea o preenchimento de 70 vagas imediatas e forma\u00e7\u00e3o de banco reserva. As oportunidades abrangem profissionais de n\u00edvel superior completo, com lota\u00e7\u00e3o pela administra\u00e7\u00e3o em S\u00e3o Paulo ou Distrito\u2026","rel":"","context":"In &quot;Variedades&quot;","block_context":{"text":"Variedades","link":"https:\/\/noticiasribeiraopreto.com.br\/index.php\/category\/variedades\/"},"img":{"alt_text":"","src":"https:\/\/i0.wp.com\/noticiasribeiraopreto.com.br\/wp-content\/uploads\/2023\/12\/istock-857317792.jpg?fit=1200%2C638&ssl=1&resize=350%2C200","width":350,"height":200,"srcset":"https:\/\/i0.wp.com\/noticiasribeiraopreto.com.br\/wp-content\/uploads\/2023\/12\/istock-857317792.jpg?fit=1200%2C638&ssl=1&resize=350%2C200 1x, https:\/\/i0.wp.com\/noticiasribeiraopreto.com.br\/wp-content\/uploads\/2023\/12\/istock-857317792.jpg?fit=1200%2C638&ssl=1&resize=525%2C300 1.5x, https:\/\/i0.wp.com\/noticiasribeiraopreto.com.br\/wp-content\/uploads\/2023\/12\/istock-857317792.jpg?fit=1200%2C638&ssl=1&resize=700%2C400 2x, https:\/\/i0.wp.com\/noticiasribeiraopreto.com.br\/wp-content\/uploads\/2023\/12\/istock-857317792.jpg?fit=1200%2C638&ssl=1&resize=1050%2C600 3x"},"classes":[]},{"id":13352,"url":"https:\/\/noticiasribeiraopreto.com.br\/index.php\/2023\/12\/09\/concurso-anac-sao-70-vagas-para-nivel-superior-salarios-de-ate-r-16-413-vale-alimentacao-de-r-65800-beneficios\/","url_meta":{"origin":12682,"position":2},"title":"Concurso ANAC: S\u00e3o 70 vagas para n\u00edvel superior, sal\u00e1rios de at\u00e9 R$ 16.413 + vale-alimenta\u00e7\u00e3o de R$ 658,00 + benef\u00edcios","author":"noticiasribeiraopreto.com.br","date":"9 de December de 2023","format":false,"excerpt":"Foto: Canva O edital do concurso p\u00fablico da ANAC foi publicado e visa preencher 70 vagas dispon\u00edveis na Ag\u00eancia. Poder\u00e3o se candidatar no certame, brasileiros que possuem o ensino superior completo. A Ag\u00eancia Nacional de Avia\u00e7\u00e3o Civil (ANAC) anunciou que as inscri\u00e7\u00f5es para o aguardado Concurso P\u00fablico ter\u00e3o in\u00edcio no\u2026","rel":"","context":"In &quot;Vagas de Emprego em Ribeir\u00e3o Preto-SP&quot;","block_context":{"text":"Vagas de Emprego em Ribeir\u00e3o Preto-SP","link":"https:\/\/noticiasribeiraopreto.com.br\/index.php\/category\/empregos-classificados-vagas-trabalho\/vagas-de-empregos-em-ribeirao-preto-regiao-brasil\/"},"img":{"alt_text":"","src":"https:\/\/i0.wp.com\/noticiasribeiraopreto.com.br\/wp-content\/uploads\/2023\/12\/concurso-publico-anac-vagas-edital-830x450.jpg?fit=830%2C450&ssl=1&resize=350%2C200","width":350,"height":200,"srcset":"https:\/\/i0.wp.com\/noticiasribeiraopreto.com.br\/wp-content\/uploads\/2023\/12\/concurso-publico-anac-vagas-edital-830x450.jpg?fit=830%2C450&ssl=1&resize=350%2C200 1x, https:\/\/i0.wp.com\/noticiasribeiraopreto.com.br\/wp-content\/uploads\/2023\/12\/concurso-publico-anac-vagas-edital-830x450.jpg?fit=830%2C450&ssl=1&resize=525%2C300 1.5x, https:\/\/i0.wp.com\/noticiasribeiraopreto.com.br\/wp-content\/uploads\/2023\/12\/concurso-publico-anac-vagas-edital-830x450.jpg?fit=830%2C450&ssl=1&resize=700%2C400 2x"},"classes":[]},{"id":16538,"url":"https:\/\/noticiasribeiraopreto.com.br\/index.php\/2023\/12\/15\/concurso-anac-prazo-de-inscricoes-ja-esta-aberto-70-vagas-com-inicias-de-r-16-mil\/","url_meta":{"origin":12682,"position":3},"title":"Concurso ANAC: prazo de inscri\u00e7\u00f5es j\u00e1 est\u00e1 aberto; 70 vagas com inicias de R$ 16 mil","author":"noticiasribeiraopreto.com.br","date":"15 de December de 2023","format":false,"excerpt":"Edital do concurso ANAC prev\u00ea vagas para o cargo de Especialista em Regula\u00e7\u00e3o de Avia\u00e7\u00e3o Civil. Inscri\u00e7\u00f5es v\u00e3o at\u00e9 o dia 04 de janeiro. J\u00e1 est\u00e3o abertas as inscri\u00e7\u00f5es do concurso ANAC. Os interessados em participar da sele\u00e7\u00e3o podem realizar a efetiva\u00e7\u00e3o no certame por meio do site da banca\u2026","rel":"","context":"In &quot;Vagas de Emprego em Ribeir\u00e3o Preto-SP&quot;","block_context":{"text":"Vagas de Emprego em Ribeir\u00e3o Preto-SP","link":"https:\/\/noticiasribeiraopreto.com.br\/index.php\/category\/empregos-classificados-vagas-trabalho\/vagas-de-empregos-em-ribeirao-preto-regiao-brasil\/"},"img":{"alt_text":"","src":"https:\/\/i0.wp.com\/noticiasribeiraopreto.com.br\/wp-content\/uploads\/2023\/12\/noticiasconcursos.com_.br-concurso-anac-prazo-de-inscricoes-ja-esta-aberto-70-vagas-com-inicias-de-r-16-mil-anac-a24.jpeg?fit=1200%2C675&ssl=1&resize=350%2C200","width":350,"height":200,"srcset":"https:\/\/i0.wp.com\/noticiasribeiraopreto.com.br\/wp-content\/uploads\/2023\/12\/noticiasconcursos.com_.br-concurso-anac-prazo-de-inscricoes-ja-esta-aberto-70-vagas-com-inicias-de-r-16-mil-anac-a24.jpeg?fit=1200%2C675&ssl=1&resize=350%2C200 1x, https:\/\/i0.wp.com\/noticiasribeiraopreto.com.br\/wp-content\/uploads\/2023\/12\/noticiasconcursos.com_.br-concurso-anac-prazo-de-inscricoes-ja-esta-aberto-70-vagas-com-inicias-de-r-16-mil-anac-a24.jpeg?fit=1200%2C675&ssl=1&resize=525%2C300 1.5x, https:\/\/i0.wp.com\/noticiasribeiraopreto.com.br\/wp-content\/uploads\/2023\/12\/noticiasconcursos.com_.br-concurso-anac-prazo-de-inscricoes-ja-esta-aberto-70-vagas-com-inicias-de-r-16-mil-anac-a24.jpeg?fit=1200%2C675&ssl=1&resize=700%2C400 2x, https:\/\/i0.wp.com\/noticiasribeiraopreto.com.br\/wp-content\/uploads\/2023\/12\/noticiasconcursos.com_.br-concurso-anac-prazo-de-inscricoes-ja-esta-aberto-70-vagas-com-inicias-de-r-16-mil-anac-a24.jpeg?fit=1200%2C675&ssl=1&resize=1050%2C600 3x"},"classes":[]},{"id":16746,"url":"https:\/\/noticiasribeiraopreto.com.br\/index.php\/2023\/12\/16\/anac-abre-concurso-publico-para-70-vagas-de-nivel-superior\/","url_meta":{"origin":12682,"position":4},"title":"ANAC abre concurso p\u00fablico para 70 vagas de n\u00edvel superior","author":"noticiasribeiraopreto.com.br","date":"16 de December de 2023","format":false,"excerpt":"Cr\u00e9ditos: IStockANAC abre Concurso P\u00fablico A Ag\u00eancia Nacional de Avia\u00e7\u00e3o Civil (ANAC) lan\u00e7a o edital n\u00ba 1\/2023 para concurso p\u00fablico, disponibilizando 70 vagas imediatas e a forma\u00e7\u00e3o de um banco reserva. As oportunidades s\u00e3o direcionadas a profissionais com forma\u00e7\u00e3o superior completa e t\u00eam lota\u00e7\u00e3o prevista para S\u00e3o Paulo ou Distrito\u2026","rel":"","context":"In &quot;Variedades&quot;","block_context":{"text":"Variedades","link":"https:\/\/noticiasribeiraopreto.com.br\/index.php\/category\/variedades\/"},"img":{"alt_text":"","src":"https:\/\/i0.wp.com\/noticiasribeiraopreto.com.br\/wp-content\/uploads\/2023\/12\/istock-495639272.jpg?fit=1200%2C638&ssl=1&resize=350%2C200","width":350,"height":200,"srcset":"https:\/\/i0.wp.com\/noticiasribeiraopreto.com.br\/wp-content\/uploads\/2023\/12\/istock-495639272.jpg?fit=1200%2C638&ssl=1&resize=350%2C200 1x, https:\/\/i0.wp.com\/noticiasribeiraopreto.com.br\/wp-content\/uploads\/2023\/12\/istock-495639272.jpg?fit=1200%2C638&ssl=1&resize=525%2C300 1.5x, https:\/\/i0.wp.com\/noticiasribeiraopreto.com.br\/wp-content\/uploads\/2023\/12\/istock-495639272.jpg?fit=1200%2C638&ssl=1&resize=700%2C400 2x, https:\/\/i0.wp.com\/noticiasribeiraopreto.com.br\/wp-content\/uploads\/2023\/12\/istock-495639272.jpg?fit=1200%2C638&ssl=1&resize=1050%2C600 3x"},"classes":[]},{"id":64602,"url":"https:\/\/noticiasribeiraopreto.com.br\/index.php\/2025\/03\/10\/inscricoes-para-concurso-publico-com-vaga-em-ribeirao-preto-comecam-nesta-semana\/","url_meta":{"origin":12682,"position":5},"title":"Inscri\u00e7\u00f5es para concurso p\u00fablico com vaga em Ribeir\u00e3o Preto come\u00e7am nesta semana","author":"noticiasribeiraopreto.com.br","date":"10 de March de 2025","format":false,"excerpt":"As inscri\u00e7\u00f5es para o concurso p\u00fablico da Ares-PCJ (ag\u00eancia reguladora respons\u00e1vel por regular o abastecimento de \u00e1gua em Ribeir\u00e3o Preto) come\u00e7am nesta ter\u00e7a-feira (11). S\u00e3o 10 vagas dispon\u00edveis e os sal\u00e1rios variam entre R$ 1.802,13 e R$ 13.056,00. As oportunidades s\u00e3o para tr\u00eas cidades do interior de S\u00e3o Paulo: Ribeir\u00e3o\u2026","rel":"","context":"In &quot;Not\u00edcias de Ribeir\u00e3o Preto-SP e Regi\u00e3o&quot;","block_context":{"text":"Not\u00edcias de Ribeir\u00e3o Preto-SP e Regi\u00e3o","link":"https:\/\/noticiasribeiraopreto.com.br\/index.php\/category\/noticias-de-ribeirao-preto-sp-e-regiao-ismael-colosi\/"},"img":{"alt_text":"","src":"https:\/\/i0.wp.com\/noticiasribeiraopreto.com.br\/wp-content\/uploads\/2025\/01\/concurso_2025-01-07_18-14-44_jpg_2025-01-07_18-14-45.webp.webp?fit=1200%2C800&ssl=1&resize=350%2C200","width":350,"height":200,"srcset":"https:\/\/i0.wp.com\/noticiasribeiraopreto.com.br\/wp-content\/uploads\/2025\/01\/concurso_2025-01-07_18-14-44_jpg_2025-01-07_18-14-45.webp.webp?fit=1200%2C800&ssl=1&resize=350%2C200 1x, https:\/\/i0.wp.com\/noticiasribeiraopreto.com.br\/wp-content\/uploads\/2025\/01\/concurso_2025-01-07_18-14-44_jpg_2025-01-07_18-14-45.webp.webp?fit=1200%2C800&ssl=1&resize=525%2C300 1.5x, https:\/\/i0.wp.com\/noticiasribeiraopreto.com.br\/wp-content\/uploads\/2025\/01\/concurso_2025-01-07_18-14-44_jpg_2025-01-07_18-14-45.webp.webp?fit=1200%2C800&ssl=1&resize=700%2C400 2x, https:\/\/i0.wp.com\/noticiasribeiraopreto.com.br\/wp-content\/uploads\/2025\/01\/concurso_2025-01-07_18-14-44_jpg_2025-01-07_18-14-45.webp.webp?fit=1200%2C800&ssl=1&resize=1050%2C600 3x"},"classes":[]}],"jetpack_sharing_enabled":true,"jetpack_shortlink":"https:\/\/wp.me\/peQAOb-3iy","_links":{"self":[{"href":"https:\/\/noticiasribeiraopreto.com.br\/index.php\/wp-json\/wp\/v2\/posts\/12682","targetHints":{"allow":["GET"]}}],"collection":[{"href":"https:\/\/noticiasribeiraopreto.com.br\/index.php\/wp-json\/wp\/v2\/posts"}],"about":[{"href":"https:\/\/noticiasribeiraopreto.com.br\/index.php\/wp-json\/wp\/v2\/types\/post"}],"author":[{"embeddable":true,"href":"https:\/\/noticiasribeiraopreto.com.br\/index.php\/wp-json\/wp\/v2\/users\/1"}],"replies":[{"embeddable":true,"href":"https:\/\/noticiasribeiraopreto.com.br\/index.php\/wp-json\/wp\/v2\/comments?post=12682"}],"version-history":[{"count":0,"href":"https:\/\/noticiasribeiraopreto.com.br\/index.php\/wp-json\/wp\/v2\/posts\/12682\/revisions"}],"wp:featuredmedia":[{"embeddable":true,"href":"https:\/\/noticiasribeiraopreto.com.br\/index.php\/wp-json\/wp\/v2\/media\/12683"}],"wp:attachment":[{"href":"https:\/\/noticiasribeiraopreto.com.br\/index.php\/wp-json\/wp\/v2\/media?parent=12682"}],"wp:term":[{"taxonomy":"category","embeddable":true,"href":"https:\/\/noticiasribeiraopreto.com.br\/index.php\/wp-json\/wp\/v2\/categories?post=12682"},{"taxonomy":"post_tag","embeddable":true,"href":"https:\/\/noticiasribeiraopreto.com.br\/index.php\/wp-json\/wp\/v2\/tags?post=12682"}],"curies":[{"name":"wp","href":"https:\/\/api.w.org\/{rel}","templated":true}]}}