{"id":12720,"date":"2023-12-08T13:34:06","date_gmt":"2023-12-08T16:34:06","guid":{"rendered":"https:\/\/noticiasribeiraopreto.com.br\/index.php\/2023\/12\/08\/veja-qual-foi-o-resultado-do-leilao-de-clube-tradicional-de-ribeirao-preto\/"},"modified":"2023-12-08T13:34:06","modified_gmt":"2023-12-08T16:34:06","slug":"veja-qual-foi-o-resultado-do-leilao-de-clube-tradicional-de-ribeirao-preto","status":"publish","type":"post","link":"https:\/\/noticiasribeiraopreto.com.br\/index.php\/2023\/12\/08\/veja-qual-foi-o-resultado-do-leilao-de-clube-tradicional-de-ribeirao-preto\/","title":{"rendered":"Veja qual foi o resultado do leil\u00e3o de clube tradicional de Ribeir\u00e3o Preto"},"content":{"rendered":"<div class='code-block code-block-1' style='margin: 8px 0 8px auto; text-align: right; display: block; clear: both;'>\n<p><a href=\"https:\/\/wa.link\/vpicfd\"><img data-recalc-dims=\"1\" class=\"wp-image-4922\" style=\"aspect-ratio: 2.0253164556962027; width: 561px; height: auto;\" src=\"https:\/\/i0.wp.com\/ismaelcolosi.com.br\/wp-content\/uploads\/2023\/11\/grupo-de-empregos-whatsapp-e-facebook-ismael-colosi-vagas.jpg?ssl=1\" alt=\"\" \/><\/a><\/p>\n<!-- \/wp:image -->\n<\/div>\n<p> <br \/>\n<\/p>\n<div data-td-block-uid=\"tdi_104\">\n<div class=\"tdb-block-inner td-fix-index\">\n<p><strong>A sede cidade da Sociedade Recreativa e de Esportes de Ribeir\u00e3o Preto, a Recra, foi novamente a leil\u00e3o na \u00faltima quinta-feira (7) e, de acordo com o leiloeiro <a href=\"https:\/\/www.judhastas.com.br\/externo\/lote\/29827\/campo-de-esportes-sede-do-em\" target=\"_blank\" rel=\"noreferrer noopener nofollow\">JudHastas<\/a>, o leil\u00e3o do im\u00f3vel n\u00e3o recebeu lances e, por isso, n\u00e3o foi vendido.<\/strong><\/p>\n<p>O clube, que fica na avenida Nove de Julho, na regi\u00e3o Central de Ribeir\u00e3o Preto, tinha lance m\u00ednimo de R$ 18.506.880. O im\u00f3vel tem \u00e1rea total de 17.136 metros quadrados e j\u00e1 tinha ido a leil\u00e3o em 2021.<\/p>\n<p><mark style=\"background-color:#fcb900\" class=\"has-inline-color has-black-color\">Ele est\u00e1 avaliado em R$ 30.844.800<\/mark>, mas foi levado a leil\u00e3o por 60% do valor. O local conta com cinco penhoras pela 9\u00aa Vara da Justi\u00e7a Federal.<\/p>\n<p>Em novembro, a diretoria da Recra foi procurada para comentar o caso, mas n\u00e3o quis se manifestar.<\/p>\n<p>VEJA TAMB\u00c9M<br \/>USP tem 34 vagas em concurso p\u00fablico com sal\u00e1rios de R$ 10 mil<\/p>\n<h4 class=\"wp-block-heading\"><strong>FIQUE ON<\/strong><\/h4>\n<p>Fique ligado em tudo que acontece em Ribeir\u00e3o Preto e regi\u00e3o. Siga os perfis do <strong>acidade on<\/strong> no <a href=\"https:\/\/www.instagram.com\/acidadeonribeirao\" target=\"_blank\" rel=\"noreferrer noopener nofollow\">Instagram<\/a> e no <a href=\"https:\/\/www.facebook.com\/acidadeonribeirao\" target=\"_blank\" rel=\"noreferrer noopener nofollow\">Facebook.<\/a><\/p>\n<p>Receba not\u00edcias do <strong>acidade on<\/strong> no WhatsApp.<a href=\"https:\/\/chat.whatsapp.com\/Bnv2w66ZT4VDyZW3oiZ69n\" target=\"_blank\" rel=\"noreferrer noopener nofollow\"> Para entrar no grupo, basta clicar aqui.<\/a><\/p>\n<p>Fa\u00e7a uma den\u00fancia ou sugira uma reportagem sobre a Ribeir\u00e3o Preto e regi\u00e3o pelo WhatsApp: (16) 99117 7802.<\/p>\n<p>LEIA MAIS<br \/><a href=\"https:\/\/www.tudoep.com\/tudo-inovacao\/NOT,0,0,1868624,tiktok-divulga-a-lista-dos-videos-mais-vistos-brasil-e-no-mundo-em-2023.aspx\" target=\"_blank\" rel=\"noreferrer noopener nofollow\">TikTok divulga a lista dos v\u00eddeos mais vistos no Brasil e no mundo em 2023<\/a><\/p>\n<p><!-- AI CONTENT END 1 -->\n<\/div>\n<\/div>\n<p><script async src=\"\/\/www.instagram.com\/embed.js\"><\/script><br \/>\n<br \/><br \/>\n<br \/><a href=\"https:\/\/www.acidadeon.com\/ribeiraopreto\/cotidiano\/veja-qual-foi-o-resultado-do-leilao-de-clube-tradicional-de-ribeirao-preto\/\">Source link <\/a><\/p>\n<!-- CONTENT END 1 -->\n","protected":false},"excerpt":{"rendered":"<p>A sede cidade da Sociedade Recreativa e de Esportes de Ribeir\u00e3o Preto, a Recra, foi novamente a leil\u00e3o na \u00faltima quinta-feira (7) e, de acordo&#8230;<\/p>\n","protected":false},"author":1,"featured_media":12721,"comment_status":"open","ping_status":"open","sticky":false,"template":"","format":"standard","meta":{"advanced_seo_description":"","jetpack_seo_html_title":"","jetpack_seo_noindex":false,"jetpack_post_was_ever_published":false,"_jetpack_newsletter_access":"","_jetpack_dont_email_post_to_subs":false,"_jetpack_newsletter_tier_id":0,"_jetpack_memberships_contains_paywalled_content":false,"_jetpack_memberships_contains_paid_content":false,"footnotes":"","jetpack_publicize_message":"","jetpack_publicize_feature_enabled":true,"jetpack_social_post_already_shared":true,"jetpack_social_options":{"image_generator_settings":{"template":"highway","default_image_id":0,"font":"","enabled":false},"version":2}},"categories":[11],"tags":[527,654,530,27,659,1769,26,528,48],"class_list":["post-12720","post","type-post","status-publish","format-standard","has-post-thumbnail","hentry","category-noticias-de-ribeirao-preto-sp-e-regiao-ismael-colosi","tag-clube","tag-foi","tag-leilao","tag-preto","tag-qual","tag-resultado","tag-ribeirao","tag-tradicional","tag-veja"],"jetpack_publicize_connections":[],"jetpack_featured_media_url":"https:\/\/i0.wp.com\/noticiasribeiraopreto.com.br\/wp-content\/uploads\/2023\/12\/recreativa.jpg?fit=767%2C480&ssl=1","jetpack-related-posts":[{"id":4963,"url":"https:\/\/noticiasribeiraopreto.com.br\/index.php\/2023\/11\/22\/clube-tradicional-de-ribeirao-preto-vai-a-leilao-novamente-entenda\/","url_meta":{"origin":12720,"position":0},"title":"Clube tradicional de Ribeir\u00e3o Preto vai a leil\u00e3o novamente; Entenda","author":"noticiasribeiraopreto.com.br","date":"22 de November de 2023","format":false,"excerpt":"A sede cidade da Sociedade Recreativa e de Esportes de Ribeir\u00e3o Preto, a Recra vai novamente a leil\u00e3o, por conta de a\u00e7\u00f5es trabalhistas. O im\u00f3vel que fica na regi\u00e3o Central de Ribeir\u00e3o Preto tem lance m\u00ednimo de R$ 18.506.880. O leil\u00e3o \u00e9 realizado pelo Judhastas at\u00e9 o dia 7 de\u2026","rel":"","context":"In &quot;Not\u00edcias de Ribeir\u00e3o Preto-SP e Regi\u00e3o&quot;","block_context":{"text":"Not\u00edcias de Ribeir\u00e3o Preto-SP e Regi\u00e3o","link":"https:\/\/noticiasribeiraopreto.com.br\/index.php\/category\/noticias-de-ribeirao-preto-sp-e-regiao-ismael-colosi\/"},"img":{"alt_text":"","src":"https:\/\/i0.wp.com\/noticiasribeiraopreto.com.br\/wp-content\/uploads\/2023\/11\/recreativa.jpg?fit=767%2C480&ssl=1&resize=350%2C200","width":350,"height":200,"srcset":"https:\/\/i0.wp.com\/noticiasribeiraopreto.com.br\/wp-content\/uploads\/2023\/11\/recreativa.jpg?fit=767%2C480&ssl=1&resize=350%2C200 1x, https:\/\/i0.wp.com\/noticiasribeiraopreto.com.br\/wp-content\/uploads\/2023\/11\/recreativa.jpg?fit=767%2C480&ssl=1&resize=525%2C300 1.5x, https:\/\/i0.wp.com\/noticiasribeiraopreto.com.br\/wp-content\/uploads\/2023\/11\/recreativa.jpg?fit=767%2C480&ssl=1&resize=700%2C400 2x"},"classes":[]},{"id":57833,"url":"https:\/\/noticiasribeiraopreto.com.br\/index.php\/2024\/09\/11\/depois-da-recra-clube-e-hotel-vao-a-leilao-em-ribeirao-preto\/","url_meta":{"origin":12720,"position":1},"title":"Depois da Recra: clube e hotel v\u00e3o a leil\u00e3o em Ribeir\u00e3o Preto","author":"noticiasribeiraopreto.com.br","date":"11 de September de 2024","format":false,"excerpt":"Depois do Sesc concluir a compra da sede da Sociedade Recreativa e de Esportes de Ribeir\u00e3o Preto, a Recra, outro clube centen\u00e1rio do munic\u00edpio vai a leil\u00e3o nos pr\u00f3ximos dias, o Palestra It\u00e1lia Esporte Clube. O leil\u00e3o do im\u00f3vel localizado no bairro Campos El\u00edseos, zona Norte de Ribeir\u00e3o Preto, est\u00e1\u2026","rel":"","context":"In &quot;Not\u00edcias de Ribeir\u00e3o Preto-SP e Regi\u00e3o&quot;","block_context":{"text":"Not\u00edcias de Ribeir\u00e3o Preto-SP e Regi\u00e3o","link":"https:\/\/noticiasribeiraopreto.com.br\/index.php\/category\/noticias-de-ribeirao-preto-sp-e-regiao-ismael-colosi\/"},"img":{"alt_text":"","src":"https:\/\/i0.wp.com\/noticiasribeiraopreto.com.br\/wp-content\/uploads\/2024\/09\/Copia-de-Copia-de-Copia-de-TAMANHO-EXATO-PARA-FOTOS-NO-SISTEMA-NOVO-47_2024-09-11_19-51-50_png_2024-09-11_19-51-50.webp.webp?fit=1200%2C675&ssl=1&resize=350%2C200","width":350,"height":200,"srcset":"https:\/\/i0.wp.com\/noticiasribeiraopreto.com.br\/wp-content\/uploads\/2024\/09\/Copia-de-Copia-de-Copia-de-TAMANHO-EXATO-PARA-FOTOS-NO-SISTEMA-NOVO-47_2024-09-11_19-51-50_png_2024-09-11_19-51-50.webp.webp?fit=1200%2C675&ssl=1&resize=350%2C200 1x, https:\/\/i0.wp.com\/noticiasribeiraopreto.com.br\/wp-content\/uploads\/2024\/09\/Copia-de-Copia-de-Copia-de-TAMANHO-EXATO-PARA-FOTOS-NO-SISTEMA-NOVO-47_2024-09-11_19-51-50_png_2024-09-11_19-51-50.webp.webp?fit=1200%2C675&ssl=1&resize=525%2C300 1.5x, https:\/\/i0.wp.com\/noticiasribeiraopreto.com.br\/wp-content\/uploads\/2024\/09\/Copia-de-Copia-de-Copia-de-TAMANHO-EXATO-PARA-FOTOS-NO-SISTEMA-NOVO-47_2024-09-11_19-51-50_png_2024-09-11_19-51-50.webp.webp?fit=1200%2C675&ssl=1&resize=700%2C400 2x, https:\/\/i0.wp.com\/noticiasribeiraopreto.com.br\/wp-content\/uploads\/2024\/09\/Copia-de-Copia-de-Copia-de-TAMANHO-EXATO-PARA-FOTOS-NO-SISTEMA-NOVO-47_2024-09-11_19-51-50_png_2024-09-11_19-51-50.webp.webp?fit=1200%2C675&ssl=1&resize=1050%2C600 3x"},"classes":[]},{"id":32090,"url":"https:\/\/noticiasribeiraopreto.com.br\/index.php\/2024\/01\/24\/saiba-o-resultado-do-leilao-do-hotel-brasil-em-ribeirao-preto\/","url_meta":{"origin":12720,"position":2},"title":"Saiba o resultado do leil\u00e3o do Hotel Brasil em Ribeir\u00e3o Preto","author":"noticiasribeiraopreto.com.br","date":"24 de January de 2024","format":false,"excerpt":"Aconteceu nesta ter\u00e7a-feira (23) a terceira tentativa de venda do Hotel Brasil, no Centro de Ribeir\u00e3o Preto, por meio de leil\u00e3o. Contudo, nenhum interessado apresentou lances para arrematar o im\u00f3vel, avaliado em R$ 9.461.068,37. De acordo com a leiloeira, a pr\u00f3xima tentativa de leil\u00e3o do Hotel Brasil est\u00e1 marcada para\u2026","rel":"","context":"In &quot;Not\u00edcias de Ribeir\u00e3o Preto-SP e Regi\u00e3o&quot;","block_context":{"text":"Not\u00edcias de Ribeir\u00e3o Preto-SP e Regi\u00e3o","link":"https:\/\/noticiasribeiraopreto.com.br\/index.php\/category\/noticias-de-ribeirao-preto-sp-e-regiao-ismael-colosi\/"},"img":{"alt_text":"","src":"https:\/\/i0.wp.com\/noticiasribeiraopreto.com.br\/wp-content\/uploads\/2024\/01\/hotel-brasil.jpg?fit=650%2C515&ssl=1&resize=350%2C200","width":350,"height":200,"srcset":"https:\/\/i0.wp.com\/noticiasribeiraopreto.com.br\/wp-content\/uploads\/2024\/01\/hotel-brasil.jpg?fit=650%2C515&ssl=1&resize=350%2C200 1x, https:\/\/i0.wp.com\/noticiasribeiraopreto.com.br\/wp-content\/uploads\/2024\/01\/hotel-brasil.jpg?fit=650%2C515&ssl=1&resize=525%2C300 1.5x"},"classes":[]},{"id":54951,"url":"https:\/\/noticiasribeiraopreto.com.br\/index.php\/2024\/07\/26\/sesc-oferece-r-44-milhoes-para-compra-da-sede-da-recra-em-ribeirao-preto\/","url_meta":{"origin":12720,"position":3},"title":"Sesc oferece R$ 44 milh\u00f5es para compra da sede da Recra em Ribeir\u00e3o Preto","author":"noticiasribeiraopreto.com.br","date":"26 de July de 2024","format":false,"excerpt":"O Sesc ofereceu R$ 44 milh\u00f5es para compra da sede da Sociedade Recreativa e de Esportes de Ribeir\u00e3o Preto, a Recra, na avenida Nove de Julho. De acordo com a Vegas Leil\u00f5es, o pagamento seria pago \u00e0 vista em at\u00e9 cinco dias ap\u00f3s a homologa\u00e7\u00e3o da proposta pela Justi\u00e7a. A\u2026","rel":"","context":"In &quot;Not\u00edcias de Ribeir\u00e3o Preto-SP e Regi\u00e3o&quot;","block_context":{"text":"Not\u00edcias de Ribeir\u00e3o Preto-SP e Regi\u00e3o","link":"https:\/\/noticiasribeiraopreto.com.br\/index.php\/category\/noticias-de-ribeirao-preto-sp-e-regiao-ismael-colosi\/"},"img":{"alt_text":"","src":"https:\/\/i0.wp.com\/noticiasribeiraopreto.com.br\/wp-content\/uploads\/2024\/07\/12642819_952681848155743_1560950669454002895_n_2024-06-25_19-06-53_jpg_2024-06-25_19-06-53.webp.webp?fit=800%2C533&ssl=1&resize=350%2C200","width":350,"height":200,"srcset":"https:\/\/i0.wp.com\/noticiasribeiraopreto.com.br\/wp-content\/uploads\/2024\/07\/12642819_952681848155743_1560950669454002895_n_2024-06-25_19-06-53_jpg_2024-06-25_19-06-53.webp.webp?fit=800%2C533&ssl=1&resize=350%2C200 1x, https:\/\/i0.wp.com\/noticiasribeiraopreto.com.br\/wp-content\/uploads\/2024\/07\/12642819_952681848155743_1560950669454002895_n_2024-06-25_19-06-53_jpg_2024-06-25_19-06-53.webp.webp?fit=800%2C533&ssl=1&resize=525%2C300 1.5x, https:\/\/i0.wp.com\/noticiasribeiraopreto.com.br\/wp-content\/uploads\/2024\/07\/12642819_952681848155743_1560950669454002895_n_2024-06-25_19-06-53_jpg_2024-06-25_19-06-53.webp.webp?fit=800%2C533&ssl=1&resize=700%2C400 2x"},"classes":[]},{"id":32009,"url":"https:\/\/noticiasribeiraopreto.com.br\/index.php\/2024\/01\/23\/leilao-do-hotel-brasil-nao-teve-lances\/","url_meta":{"origin":12720,"position":4},"title":"Leil\u00e3o do Hotel Brasil n\u00e3o teve lances","author":"noticiasribeiraopreto.com.br","date":"23 de January de 2024","format":false,"excerpt":"O pr\u00e9dio do antigo Hotel Brasil, localizado na esquina da avenida Jer\u00f4nimo Gon\u00e7alves com a rua General Os\u00f3rio, na regi\u00e3o da Baixada, Centro Velho de Ribeir\u00e3o Preto, foi a leil\u00e3o pela terceira vez nesta ter\u00e7a-feira, 23 de janeiro. Ningu\u00e9m deu lances. Foi a terceira tentativa de leiloar o im\u00f3vel. As\u2026","rel":"","context":"In &quot;Not\u00edcias de Ribeir\u00e3o Preto-SP e Regi\u00e3o&quot;","block_context":{"text":"Not\u00edcias de Ribeir\u00e3o Preto-SP e Regi\u00e3o","link":"https:\/\/noticiasribeiraopreto.com.br\/index.php\/category\/noticias-de-ribeirao-preto-sp-e-regiao-ismael-colosi\/"},"img":{"alt_text":"","src":"https:\/\/i0.wp.com\/noticiasribeiraopreto.com.br\/wp-content\/uploads\/2024\/01\/hbrasil.jpg?fit=960%2C640&ssl=1&resize=350%2C200","width":350,"height":200,"srcset":"https:\/\/i0.wp.com\/noticiasribeiraopreto.com.br\/wp-content\/uploads\/2024\/01\/hbrasil.jpg?fit=960%2C640&ssl=1&resize=350%2C200 1x, https:\/\/i0.wp.com\/noticiasribeiraopreto.com.br\/wp-content\/uploads\/2024\/01\/hbrasil.jpg?fit=960%2C640&ssl=1&resize=525%2C300 1.5x, https:\/\/i0.wp.com\/noticiasribeiraopreto.com.br\/wp-content\/uploads\/2024\/01\/hbrasil.jpg?fit=960%2C640&ssl=1&resize=700%2C400 2x"},"classes":[]},{"id":42466,"url":"https:\/\/noticiasribeiraopreto.com.br\/index.php\/2024\/03\/14\/leilao-do-hotel-brasil-em-ribeirao-preto-tem-nova-data-confira\/","url_meta":{"origin":12720,"position":5},"title":"Leil\u00e3o do Hotel Brasil em Ribeir\u00e3o Preto tem nova data; Confira","author":"noticiasribeiraopreto.com.br","date":"14 de March de 2024","format":false,"excerpt":"A quarta tentativa do leil\u00e3o do Hotel Brasil, no Centro de Ribeir\u00e3o Preto, est\u00e1 marcado para o dia 25 de abril de 2024, a partir das 13h. O pr\u00e9dio hist\u00f3rico est\u00e1 avaliado em R$ 9.461.068,37. A quarta tentativa de leil\u00e3o do Hotel Brasil chegou a ser marcada para o dia\u2026","rel":"","context":"In &quot;Not\u00edcias de Ribeir\u00e3o Preto-SP e Regi\u00e3o&quot;","block_context":{"text":"Not\u00edcias de Ribeir\u00e3o Preto-SP e Regi\u00e3o","link":"https:\/\/noticiasribeiraopreto.com.br\/index.php\/category\/noticias-de-ribeirao-preto-sp-e-regiao-ismael-colosi\/"},"img":{"alt_text":"","src":"https:\/\/i0.wp.com\/noticiasribeiraopreto.com.br\/wp-content\/uploads\/2024\/03\/hotel-brasil.jpg?fit=650%2C515&ssl=1&resize=350%2C200","width":350,"height":200,"srcset":"https:\/\/i0.wp.com\/noticiasribeiraopreto.com.br\/wp-content\/uploads\/2024\/03\/hotel-brasil.jpg?fit=650%2C515&ssl=1&resize=350%2C200 1x, https:\/\/i0.wp.com\/noticiasribeiraopreto.com.br\/wp-content\/uploads\/2024\/03\/hotel-brasil.jpg?fit=650%2C515&ssl=1&resize=525%2C300 1.5x"},"classes":[]}],"jetpack_sharing_enabled":true,"jetpack_shortlink":"https:\/\/wp.me\/peQAOb-3ja","_links":{"self":[{"href":"https:\/\/noticiasribeiraopreto.com.br\/index.php\/wp-json\/wp\/v2\/posts\/12720","targetHints":{"allow":["GET"]}}],"collection":[{"href":"https:\/\/noticiasribeiraopreto.com.br\/index.php\/wp-json\/wp\/v2\/posts"}],"about":[{"href":"https:\/\/noticiasribeiraopreto.com.br\/index.php\/wp-json\/wp\/v2\/types\/post"}],"author":[{"embeddable":true,"href":"https:\/\/noticiasribeiraopreto.com.br\/index.php\/wp-json\/wp\/v2\/users\/1"}],"replies":[{"embeddable":true,"href":"https:\/\/noticiasribeiraopreto.com.br\/index.php\/wp-json\/wp\/v2\/comments?post=12720"}],"version-history":[{"count":0,"href":"https:\/\/noticiasribeiraopreto.com.br\/index.php\/wp-json\/wp\/v2\/posts\/12720\/revisions"}],"wp:featuredmedia":[{"embeddable":true,"href":"https:\/\/noticiasribeiraopreto.com.br\/index.php\/wp-json\/wp\/v2\/media\/12721"}],"wp:attachment":[{"href":"https:\/\/noticiasribeiraopreto.com.br\/index.php\/wp-json\/wp\/v2\/media?parent=12720"}],"wp:term":[{"taxonomy":"category","embeddable":true,"href":"https:\/\/noticiasribeiraopreto.com.br\/index.php\/wp-json\/wp\/v2\/categories?post=12720"},{"taxonomy":"post_tag","embeddable":true,"href":"https:\/\/noticiasribeiraopreto.com.br\/index.php\/wp-json\/wp\/v2\/tags?post=12720"}],"curies":[{"name":"wp","href":"https:\/\/api.w.org\/{rel}","templated":true}]}}