{"id":12741,"date":"2023-12-08T14:00:21","date_gmt":"2023-12-08T17:00:21","guid":{"rendered":"https:\/\/noticiasribeiraopreto.com.br\/index.php\/2023\/12\/08\/concurso-publico-da-camara-de-maria-da-fe-mg-oferece-remuneracao-de-ate-r-41-mil\/"},"modified":"2023-12-08T14:00:21","modified_gmt":"2023-12-08T17:00:21","slug":"concurso-publico-da-camara-de-maria-da-fe-mg-oferece-remuneracao-de-ate-r-41-mil","status":"publish","type":"post","link":"https:\/\/noticiasribeiraopreto.com.br\/index.php\/2023\/12\/08\/concurso-publico-da-camara-de-maria-da-fe-mg-oferece-remuneracao-de-ate-r-41-mil\/","title":{"rendered":"Concurso p\u00fablico da C\u00e2mara de Maria da F\u00e9 (MG) oferece remunera\u00e7\u00e3o de at\u00e9 R$ 4,1 mil"},"content":{"rendered":"<div class='code-block code-block-1' style='margin: 8px 0 8px auto; text-align: right; display: block; clear: both;'>\n<p><a href=\"https:\/\/wa.link\/vpicfd\"><img data-recalc-dims=\"1\" class=\"wp-image-4922\" style=\"aspect-ratio: 2.0253164556962027; width: 561px; height: auto;\" src=\"https:\/\/i0.wp.com\/ismaelcolosi.com.br\/wp-content\/uploads\/2023\/11\/grupo-de-empregos-whatsapp-e-facebook-ismael-colosi-vagas.jpg?ssl=1\" alt=\"\" \/><\/a><\/p>\n<!-- \/wp:image -->\n<\/div>\n<p> <br \/>\n<\/p>\n<div>\n<div id=\"attachment_2319855\" class=\"wp-caption alignnone\">\n<div class=\"d-flex justify-content-center\" data-attachment-id=\"2319855\">\n<div class=\"position-relative d-inline-block\"><img data-recalc-dims=\"1\" data-portal-copyright=\"IStock\" fetchpriority=\"high\" decoding=\"async\" class=\"size-medium wp-image-2319855\" src=\"https:\/\/i0.wp.com\/catracalivre.com.br\/wp-content\/uploads\/2023\/12\/istock-680443642-450x300.jpg?resize=450%2C300&#038;ssl=1\" alt=\"Concurso p\u00fablico da C\u00e2mara de Maria da F\u00e9\" width=\"450\" height=\"300\" srcset=\"https:\/\/catracalivre.com.br\/wp-content\/uploads\/2023\/12\/istock-680443642-450x300.jpg 450w, https:\/\/catracalivre.com.br\/wp-content\/uploads\/2023\/12\/istock-680443642-910x607.jpg 910w, https:\/\/catracalivre.com.br\/wp-content\/uploads\/2023\/12\/istock-680443642-768x512.jpg 768w, https:\/\/catracalivre.com.br\/wp-content\/uploads\/2023\/12\/istock-680443642.jpg 1254w\" sizes=\"(max-width: 450px) 100vw, 450px\"\/><\/p>\n<p>Cr\u00e9ditos: IStock<\/p>\n<\/div>\n<\/div>\n<p><span class=\"post-imagem__legenda\">Concurso p\u00fablico da C\u00e2mara de Maria da F\u00e9<\/span><\/p>\n<\/div>\n<p>A C\u00e2mara de Maria da F\u00e9, no estado de\u00a0Minas Gerais, anuncia edital de n\u00ba 1\/2023 para <a href=\"https:\/\/catracalivre.com.br\/educacao\/5-aplicativos-para-voce-se-preparar-para-um-concurso-publico\/\">concurso<\/a> p\u00fablico, que visa o preenchimento de cinco vagas imediatas. As oportunidades s\u00e3o destinadas a profissionais de n\u00edveis m\u00e9dio e superior. O regime jur\u00eddico no qual os candidatos classificados ser\u00e3o contratados \u00e9 o\u00a0estatut\u00e1rio.<\/p>\n<h2>O <a href=\"https:\/\/catracalivre.com.br\/educacao\/9-canais-no-youtube-focados-em-aulas-para-concursos-publicos\/\">concurso<\/a> p\u00fablico abre vagas destinadas aos seguintes cargos:<\/h2>\n<p>Assessor de Finan\u00e7as, Contabilidade e Pessoal:\u00a0exige n\u00edvel superior em Ci\u00eancias Cont\u00e1beis e registro no Conselho Regional de Contabilidade. O vencimento b\u00e1sico \u00e9 de R$ 2.528,44 para trabalhar em jornadas de 20 horas por semana.<\/p>\n<p>Assessor Legislativo:\u00a0exige n\u00edvel superior em qualquer \u00e1rea de forma\u00e7\u00e3o.\u00a0O vencimento b\u00e1sico \u00e9 de R$ 2.528,44 para trabalhar em jornadas de 40 horas por semana.<\/p>\n<p>Procurador Legislativo:\u00a0exige n\u00edvel superior em Direito e registro na Ordem dos Advogados do Brasil. O vencimento b\u00e1sico de R$ 4.070,03 para trabalhar em jornadas de 30 horas por semana.<\/p>\n<p>Secret\u00e1rio-Geral:\u00a0exige n\u00edvel superior em qualquer \u00e1rea de forma\u00e7\u00e3o. O vencimento b\u00e1sico de R$ 4.195,60 para trabalhar em jornadas de 30 horas por semana.<\/p>\n<p>Assistente Administrativo:\u00a0oportunidade de n\u00edvel m\u00e9dio, com vencimento de R$ 1.818,00 para trabalhar em jornadas de 40 horas semanais.<\/p>\n<p>As inscri\u00e7\u00f5es devem ser realizadas atrav\u00e9s do <a href=\"https:\/\/www.institutoconsulplan.org.br\/getConc.aspx?key=MAIS\/Sl2R0jZrM=\">site<\/a> oficial a partir das 16h do dia 15 de janeiro \u00e0s 16h de 15 de fevereiro de 2024. A taxa de participa\u00e7\u00e3o tem o valor de: R$ 80,00\u00a0para disputar cargo de n\u00edvel superior; R$ 75,00\u00a0para disputar cargo de n\u00edvel m\u00e9dio.<\/p>\n<div class=\"partner d-flex rounded shadow-sm p-2 mb-3 align-items-center\" id=\"partner\" data-print=\"ignore\">\n<div class=\"image mr-2\">\n<img data-recalc-dims=\"1\" src=\"https:\/\/i0.wp.com\/robohash.org\/b730afd4cf5c5d237c7f93163ed023b6.png?resize=110%2C110&#038;ssl=1\" width=\"110\" height=\"110\" title=\"Thatyana Costa\" loading=\"lazy\" decoding=\"async\" class=\"rounded-circle\"\/>\n<\/div>\n<\/div>\n<\/div>\n<p><script>\n\t\t! function(f, b, e, v, n, t, s) {\n\t\t\tif (f.fbq) return;\n\t\t\tn = f.fbq = function() {\n\t\t\t\tn.callMethod ?\n\t\t\t\t\tn.callMethod.apply(n, arguments) : n.queue.push(arguments)\n\t\t\t};\n\t\t\tif (!f._fbq) f._fbq = n;\n\t\t\tn.push = n;\n\t\t\tn.loaded = !0;\n\t\t\tn.version = '2.0';\n\t\t\tn.queue = [];\n\t\t\tt = b.createElement(e);\n\t\t\tt.async = !0;\n\t\t\tt.src = v;\n\t\t\ts = b.getElementsByTagName(e)[0];\n\t\t\ts.parentNode.insertBefore(t, s)\n\t\t}(window, document, 'script',\n\t\t\t'https:\/\/connect.facebook.net\/en_US\/fbevents.js');\n\t\tfbq('init', '338315473262380');\n\t\tfbq('track', 'PageView');\n\t<\/script><br \/>\n<br \/><br \/>\n<br \/><a href=\"https:\/\/catracalivre.com.br\/educacao\/concurso-publico-da-camara-de-maria-da-fe-mg-oferece-remuneracao-de-ate-r-41-mil\/\">Source link <\/a><\/p>\n<!-- CONTENT END 1 -->\n","protected":false},"excerpt":{"rendered":"<p>Cr\u00e9ditos: IStock Concurso p\u00fablico da C\u00e2mara de Maria da F\u00e9 A C\u00e2mara de Maria da F\u00e9, no estado de\u00a0Minas Gerais, anuncia edital de n\u00ba 1\/2023&#8230;<\/p>\n","protected":false},"author":1,"featured_media":12742,"comment_status":"open","ping_status":"open","sticky":false,"template":"","format":"standard","meta":{"advanced_seo_description":"","jetpack_seo_html_title":"","jetpack_seo_noindex":false,"jetpack_post_was_ever_published":false,"_jetpack_newsletter_access":"","_jetpack_dont_email_post_to_subs":false,"_jetpack_newsletter_tier_id":0,"_jetpack_memberships_contains_paywalled_content":false,"_jetpack_memberships_contains_paid_content":false,"footnotes":"","jetpack_publicize_message":"","jetpack_publicize_feature_enabled":true,"jetpack_social_post_already_shared":true,"jetpack_social_options":{"image_generator_settings":{"template":"highway","default_image_id":0,"font":"","enabled":false},"version":2}},"categories":[19],"tags":[],"class_list":["post-12741","post","type-post","status-publish","format-standard","has-post-thumbnail","hentry","category-variedades"],"jetpack_publicize_connections":[],"jetpack_featured_media_url":"https:\/\/i0.wp.com\/noticiasribeiraopreto.com.br\/wp-content\/uploads\/2023\/12\/istock-680443642.jpg?fit=1200%2C638&ssl=1","jetpack-related-posts":[{"id":64349,"url":"https:\/\/noticiasribeiraopreto.com.br\/index.php\/2025\/03\/07\/jornal-da-franca-luiza-trajano-e-maria-lidia-recebem-medalha-de-honra-ao-merito-da-camara-de-franca\/","url_meta":{"origin":12741,"position":0},"title":"Jornal da Franca &#8211; Luiza Trajano e Maria L\u00eddia recebem medalha de honra ao m\u00e9rito da C\u00e2mara de Franca\u00a0","author":"noticiasribeiraopreto.com.br","date":"7 de March de 2025","format":false,"excerpt":"compartilhar no whatsapp compartilhar no telegram compartilhar no facebook compartilhar no linkedin Presidente da C\u00e2mara, Daniel Bassi, entregar\u00e1 medalha de m\u00e9rito \u201cEmpreendedorismo Feminino Luiza Trajano Donato\u201d A C\u00e2mara Municipal de Franca realizar\u00e1 sess\u00e3o solene nesta sexta-feira, dia 7 de mar\u00e7o, para homenagear duas empreendedoras locais: Luizinha Helena Trajano (Magalu) e\u2026","rel":"","context":"In &quot;Not\u00edcias de Franca-SP&quot;","block_context":{"text":"Not\u00edcias de Franca-SP","link":"https:\/\/noticiasribeiraopreto.com.br\/index.php\/category\/noticias-de-ribeirao-preto-sp-e-regiao-ismael-colosi\/noticias-franca-sp\/"},"img":{"alt_text":"","src":"https:\/\/i0.wp.com\/noticiasribeiraopreto.com.br\/wp-content\/uploads\/2025\/03\/IMG_20250306_161105.jpg?fit=788%2C439&ssl=1&resize=350%2C200","width":350,"height":200,"srcset":"https:\/\/i0.wp.com\/noticiasribeiraopreto.com.br\/wp-content\/uploads\/2025\/03\/IMG_20250306_161105.jpg?fit=788%2C439&ssl=1&resize=350%2C200 1x, https:\/\/i0.wp.com\/noticiasribeiraopreto.com.br\/wp-content\/uploads\/2025\/03\/IMG_20250306_161105.jpg?fit=788%2C439&ssl=1&resize=525%2C300 1.5x, https:\/\/i0.wp.com\/noticiasribeiraopreto.com.br\/wp-content\/uploads\/2025\/03\/IMG_20250306_161105.jpg?fit=788%2C439&ssl=1&resize=700%2C400 2x"},"classes":[]},{"id":80340,"url":"https:\/\/noticiasribeiraopreto.com.br\/index.php\/2025\/11\/19\/secretaria-de-cultura-e-exonerada-para-assumir-vaga-na-camara-de-ribeirao-preto-entenda\/","url_meta":{"origin":12741,"position":1},"title":"Secret\u00e1ria de Cultura \u00e9 exonerada para assumir vaga na C\u00e2mara de Ribeir\u00e3o Preto; Entenda","author":"noticiasribeiraopreto.com.br","date":"19 de November de 2025","format":false,"excerpt":"A exonera\u00e7\u00e3o da secret\u00e1ria de Cultura de Ribeir\u00e3o Preto, Maria Eug\u00eania Biffi, foi publicada no Di\u00e1rio Oficial do Munic\u00edpio desta quarta-feira (19). Ela deixa o cargo para assumir, de forma tempor\u00e1ria, a vaga aberta na C\u00e2mara Municipal ap\u00f3s a suspens\u00e3o do vereador Roger Ronan da Silva, o Bigodini (MDB). Exonera\u00e7\u00e3o\u2026","rel":"","context":"In &quot;Not\u00edcias de Ribeir\u00e3o Preto-SP e Regi\u00e3o&quot;","block_context":{"text":"Not\u00edcias de Ribeir\u00e3o Preto-SP e Regi\u00e3o","link":"https:\/\/noticiasribeiraopreto.com.br\/index.php\/category\/noticias-de-ribeirao-preto-sp-e-regiao-ismael-colosi\/"},"img":{"alt_text":"","src":"https:\/\/i0.wp.com\/noticiasribeiraopreto.com.br\/wp-content\/uploads\/2025\/11\/palace-59_2025-11-19_21-04-27.webp.webp?fit=1200%2C675&ssl=1&resize=350%2C200","width":350,"height":200,"srcset":"https:\/\/i0.wp.com\/noticiasribeiraopreto.com.br\/wp-content\/uploads\/2025\/11\/palace-59_2025-11-19_21-04-27.webp.webp?fit=1200%2C675&ssl=1&resize=350%2C200 1x, https:\/\/i0.wp.com\/noticiasribeiraopreto.com.br\/wp-content\/uploads\/2025\/11\/palace-59_2025-11-19_21-04-27.webp.webp?fit=1200%2C675&ssl=1&resize=525%2C300 1.5x, https:\/\/i0.wp.com\/noticiasribeiraopreto.com.br\/wp-content\/uploads\/2025\/11\/palace-59_2025-11-19_21-04-27.webp.webp?fit=1200%2C675&ssl=1&resize=700%2C400 2x, https:\/\/i0.wp.com\/noticiasribeiraopreto.com.br\/wp-content\/uploads\/2025\/11\/palace-59_2025-11-19_21-04-27.webp.webp?fit=1200%2C675&ssl=1&resize=1050%2C600 3x"},"classes":[]},{"id":78274,"url":"https:\/\/noticiasribeiraopreto.com.br\/index.php\/2025\/10\/07\/fe-e-tradicao-ribeirao-preto-realiza-54a-romaria-de-nossa-senhora-aparecida\/","url_meta":{"origin":12741,"position":2},"title":"F\u00e9 e tradi\u00e7\u00e3o: Ribeir\u00e3o Preto realiza 54\u00aa Romaria de Nossa Senhora Aparecida","author":"noticiasribeiraopreto.com.br","date":"7 de October de 2025","format":false,"excerpt":"A 54\u00aa Romaria de Nossa Senhora Aparecida ser\u00e1 realizada neste domingo (12) em Ribeir\u00e3o Preto, e deve reunir milhares de fi\u00e9is. A caminhada de 12 quil\u00f4metros ter\u00e1 in\u00edcio no estacionamento em frente \u00e0 C\u00e2mara Municipal, com concentra\u00e7\u00e3o \u00e0s 5h e sa\u00edda marcada para \u00e0s 6h, seguindo at\u00e9 a Par\u00f3quia Senhor\u2026","rel":"","context":"In &quot;Not\u00edcias de Ribeir\u00e3o Preto-SP e Regi\u00e3o&quot;","block_context":{"text":"Not\u00edcias de Ribeir\u00e3o Preto-SP e Regi\u00e3o","link":"https:\/\/noticiasribeiraopreto.com.br\/index.php\/category\/noticias-de-ribeirao-preto-sp-e-regiao-ismael-colosi\/"},"img":{"alt_text":"","src":"https:\/\/i0.wp.com\/noticiasribeiraopreto.com.br\/wp-content\/uploads\/2025\/10\/romaria-nossa-senhora_2024-10-12_12-53-34_jpeg_2024-10-12_12-53-34-1024x576.webp.webp?fit=1024%2C576&ssl=1&resize=350%2C200","width":350,"height":200,"srcset":"https:\/\/i0.wp.com\/noticiasribeiraopreto.com.br\/wp-content\/uploads\/2025\/10\/romaria-nossa-senhora_2024-10-12_12-53-34_jpeg_2024-10-12_12-53-34-1024x576.webp.webp?fit=1024%2C576&ssl=1&resize=350%2C200 1x, https:\/\/i0.wp.com\/noticiasribeiraopreto.com.br\/wp-content\/uploads\/2025\/10\/romaria-nossa-senhora_2024-10-12_12-53-34_jpeg_2024-10-12_12-53-34-1024x576.webp.webp?fit=1024%2C576&ssl=1&resize=525%2C300 1.5x, https:\/\/i0.wp.com\/noticiasribeiraopreto.com.br\/wp-content\/uploads\/2025\/10\/romaria-nossa-senhora_2024-10-12_12-53-34_jpeg_2024-10-12_12-53-34-1024x576.webp.webp?fit=1024%2C576&ssl=1&resize=700%2C400 2x"},"classes":[]},{"id":64328,"url":"https:\/\/noticiasribeiraopreto.com.br\/index.php\/2025\/03\/06\/camara-de-franca-presta-homenagem-as-empreendedoras-luizinha-trajano-e-maria-lidia\/","url_meta":{"origin":12741,"position":3},"title":"C\u00e2mara de Franca presta homenagem \u00e0s empreendedoras Luizinha Trajano e Maria L\u00eddia","author":"noticiasribeiraopreto.com.br","date":"6 de March de 2025","format":false,"excerpt":"A C\u00e2mara Municipal de Franca realizar\u00e1 sess\u00e3o solene na pr\u00f3xima sexta-feira, dia sete de mar\u00e7o, para homenagear duas empreendedoras locais: Luizinha Helena Trajano (Magalu) e Maria L\u00eddia (ONG Pedra Bruta). As duas homenageadas receber\u00e3o a medalha de m\u00e9rito \u201cEmpreendedorismo Feminino Luiza Trajano Donato\u201d em reconhecimento \u00e0s suas atua\u00e7\u00f5es relevantes no\u2026","rel":"","context":"In &quot;Not\u00edcias de Franca-SP&quot;","block_context":{"text":"Not\u00edcias de Franca-SP","link":"https:\/\/noticiasribeiraopreto.com.br\/index.php\/category\/noticias-de-ribeirao-preto-sp-e-regiao-ismael-colosi\/noticias-franca-sp\/"},"img":{"alt_text":"","src":"https:\/\/i0.wp.com\/noticiasribeiraopreto.com.br\/wp-content\/uploads\/2025\/03\/IMG-20250306-WA0114.jpg?fit=788%2C439&ssl=1&resize=350%2C200","width":350,"height":200,"srcset":"https:\/\/i0.wp.com\/noticiasribeiraopreto.com.br\/wp-content\/uploads\/2025\/03\/IMG-20250306-WA0114.jpg?fit=788%2C439&ssl=1&resize=350%2C200 1x, https:\/\/i0.wp.com\/noticiasribeiraopreto.com.br\/wp-content\/uploads\/2025\/03\/IMG-20250306-WA0114.jpg?fit=788%2C439&ssl=1&resize=525%2C300 1.5x, https:\/\/i0.wp.com\/noticiasribeiraopreto.com.br\/wp-content\/uploads\/2025\/03\/IMG-20250306-WA0114.jpg?fit=788%2C439&ssl=1&resize=700%2C400 2x"},"classes":[]},{"id":79964,"url":"https:\/\/noticiasribeiraopreto.com.br\/index.php\/2025\/11\/11\/saiba-quem-e-o-vereador-que-assumira-a-vaga-de-bigodini-na-camara-de-ribeirao-preto\/","url_meta":{"origin":12741,"position":4},"title":"Saiba quem \u00e9 o vereador que assumir\u00e1 a vaga de Bigodini na C\u00e2mara de Ribeir\u00e3o Preto","author":"noticiasribeiraopreto.com.br","date":"11 de November de 2025","format":false,"excerpt":"A secret\u00e1ria da Cultura de Ribeir\u00e3o Preto, Maria Eug\u00eania Biffi, informou nesta ter\u00e7a-feira (11) que vai assumir o cargo de vereadora e, em seguida, vai se licenciar da cadeira aberta com a suspens\u00e3o do vereador Roger Ronan da Silva, o Bigodini (MDB). Com isso, a vaga ser\u00e1 ocupada em definitivo,\u2026","rel":"","context":"In &quot;Not\u00edcias de Ribeir\u00e3o Preto-SP e Regi\u00e3o&quot;","block_context":{"text":"Not\u00edcias de Ribeir\u00e3o Preto-SP e Regi\u00e3o","link":"https:\/\/noticiasribeiraopreto.com.br\/index.php\/category\/noticias-de-ribeirao-preto-sp-e-regiao-ismael-colosi\/"},"img":{"alt_text":"","src":"https:\/\/i0.wp.com\/noticiasribeiraopreto.com.br\/wp-content\/uploads\/2025\/11\/suplentes_2025-11-11_13-36-44.webp.webp?fit=1200%2C674&ssl=1&resize=350%2C200","width":350,"height":200,"srcset":"https:\/\/i0.wp.com\/noticiasribeiraopreto.com.br\/wp-content\/uploads\/2025\/11\/suplentes_2025-11-11_13-36-44.webp.webp?fit=1200%2C674&ssl=1&resize=350%2C200 1x, https:\/\/i0.wp.com\/noticiasribeiraopreto.com.br\/wp-content\/uploads\/2025\/11\/suplentes_2025-11-11_13-36-44.webp.webp?fit=1200%2C674&ssl=1&resize=525%2C300 1.5x, https:\/\/i0.wp.com\/noticiasribeiraopreto.com.br\/wp-content\/uploads\/2025\/11\/suplentes_2025-11-11_13-36-44.webp.webp?fit=1200%2C674&ssl=1&resize=700%2C400 2x, https:\/\/i0.wp.com\/noticiasribeiraopreto.com.br\/wp-content\/uploads\/2025\/11\/suplentes_2025-11-11_13-36-44.webp.webp?fit=1200%2C674&ssl=1&resize=1050%2C600 3x"},"classes":[]},{"id":79928,"url":"https:\/\/noticiasribeiraopreto.com.br\/index.php\/2025\/11\/11\/camara-chama-suplente-de-bigodini-para-assumir\/","url_meta":{"origin":12741,"position":5},"title":"C\u00e2mara chama suplente de Bigodini para assumir","author":"noticiasribeiraopreto.com.br","date":"11 de November de 2025","format":false,"excerpt":"Maria Eug\u00eania Biffi, atual secret\u00e1ria municipal de Cultura de Ribeir\u00e3o Preto, ser\u00e1 oficiada para assumir o mandato interinamente; ela ter\u00e1 cinco dias para providenciar documenta\u00e7\u00e3oA C\u00e2mara Municipal de Ribeir\u00e3o Preto vai oficiar nesta ter\u00e7a-feira, 11 de novembro, a advogada e atual secret\u00e1ria municipal de Cultura, Maria Eug\u00eania Biffi, para que\u2026","rel":"","context":"In &quot;Not\u00edcias de Ribeir\u00e3o Preto-SP e Regi\u00e3o&quot;","block_context":{"text":"Not\u00edcias de Ribeir\u00e3o Preto-SP e Regi\u00e3o","link":"https:\/\/noticiasribeiraopreto.com.br\/index.php\/category\/noticias-de-ribeirao-preto-sp-e-regiao-ismael-colosi\/"},"img":{"alt_text":"","src":"https:\/\/i0.wp.com\/noticiasribeiraopreto.com.br\/wp-content\/uploads\/2025\/11\/biffi.jpeg?fit=298%2C206&ssl=1&resize=350%2C200","width":350,"height":200},"classes":[]}],"jetpack_sharing_enabled":true,"jetpack_shortlink":"https:\/\/wp.me\/peQAOb-3jv","_links":{"self":[{"href":"https:\/\/noticiasribeiraopreto.com.br\/index.php\/wp-json\/wp\/v2\/posts\/12741","targetHints":{"allow":["GET"]}}],"collection":[{"href":"https:\/\/noticiasribeiraopreto.com.br\/index.php\/wp-json\/wp\/v2\/posts"}],"about":[{"href":"https:\/\/noticiasribeiraopreto.com.br\/index.php\/wp-json\/wp\/v2\/types\/post"}],"author":[{"embeddable":true,"href":"https:\/\/noticiasribeiraopreto.com.br\/index.php\/wp-json\/wp\/v2\/users\/1"}],"replies":[{"embeddable":true,"href":"https:\/\/noticiasribeiraopreto.com.br\/index.php\/wp-json\/wp\/v2\/comments?post=12741"}],"version-history":[{"count":0,"href":"https:\/\/noticiasribeiraopreto.com.br\/index.php\/wp-json\/wp\/v2\/posts\/12741\/revisions"}],"wp:featuredmedia":[{"embeddable":true,"href":"https:\/\/noticiasribeiraopreto.com.br\/index.php\/wp-json\/wp\/v2\/media\/12742"}],"wp:attachment":[{"href":"https:\/\/noticiasribeiraopreto.com.br\/index.php\/wp-json\/wp\/v2\/media?parent=12741"}],"wp:term":[{"taxonomy":"category","embeddable":true,"href":"https:\/\/noticiasribeiraopreto.com.br\/index.php\/wp-json\/wp\/v2\/categories?post=12741"},{"taxonomy":"post_tag","embeddable":true,"href":"https:\/\/noticiasribeiraopreto.com.br\/index.php\/wp-json\/wp\/v2\/tags?post=12741"}],"curies":[{"name":"wp","href":"https:\/\/api.w.org\/{rel}","templated":true}]}}