{"id":12743,"date":"2023-12-08T14:08:42","date_gmt":"2023-12-08T17:08:42","guid":{"rendered":"https:\/\/noticiasribeiraopreto.com.br\/index.php\/2023\/12\/08\/tres-estados-brasileiros-devem-ter-epidemia-de-dengue-em-2024\/"},"modified":"2023-12-08T14:08:42","modified_gmt":"2023-12-08T17:08:42","slug":"tres-estados-brasileiros-devem-ter-epidemia-de-dengue-em-2024","status":"publish","type":"post","link":"https:\/\/noticiasribeiraopreto.com.br\/index.php\/2023\/12\/08\/tres-estados-brasileiros-devem-ter-epidemia-de-dengue-em-2024\/","title":{"rendered":"tr\u00eas estados brasileiros devem ter epidemia de dengue em 2024"},"content":{"rendered":"<div class='code-block code-block-1' style='margin: 8px 0 8px auto; text-align: right; display: block; clear: both;'>\n<p><a href=\"https:\/\/wa.link\/vpicfd\"><img data-recalc-dims=\"1\" class=\"wp-image-4922\" style=\"aspect-ratio: 2.0253164556962027; width: 561px; height: auto;\" src=\"https:\/\/i0.wp.com\/ismaelcolosi.com.br\/wp-content\/uploads\/2023\/11\/grupo-de-empregos-whatsapp-e-facebook-ismael-colosi-vagas.jpg?ssl=1\" alt=\"\" \/><\/a><\/p>\n<!-- \/wp:image -->\n<\/div>\n<p> <br \/>\n<\/p>\n<div>\n<p>O <a href=\"https:\/\/www.gov.br\/saude\/pt-br\">Minist\u00e9rio da Sa\u00fade<\/a> divulgou nesta sexta-feira (8) uma previs\u00e3o preocupante: a regi\u00e3o Centro-Oeste do Brasil deve enfrentar um n\u00edvel epid\u00eamico de dengue em 2024. A secret\u00e1ria de <a href=\"https:\/\/www.gov.br\/saude\/pt-br\/assuntos\/saude-de-a-a-z\/p\/politica-nacional-de-vigilancia-em-saude\">Vigil\u00e2ncia em Sa\u00fade<\/a>, Ethel Maciel, destacou a apreens\u00e3o especial em rela\u00e7\u00e3o a crian\u00e7as e idosos, grupos que n\u00e3o foram amplamente afetados pela doen\u00e7a em situa\u00e7\u00f5es anteriores.<\/p>\n<p>O alerta estende-se tamb\u00e9m \u00e0 Regi\u00e3o Sudeste, com \u00eanfase nos estados de Minas Gerais e Esp\u00edrito Santo, que apresentam potencial epid\u00eamico para a dengue no pr\u00f3ximo ano. No Sul, o Paran\u00e1 foi classificado com um potencial muito alto de casos, enquanto no Nordeste, apesar do aumento previsto, espera-se que os n\u00fameros fiquem abaixo do limiar epid\u00eamico. A secret\u00e1ria afirmou: \u201cVamos continuar monitorando de perto essas regi\u00f5es.\u201d<\/p>\n<p>O <a href=\"https:\/\/agenciabrasil.ebc.com.br\/saude\/noticia\/2023-12\/casos-de-dengue-no-brasil-aumentam-175-em-2023#%3A~%3Atext%3DO%20Levantamento%20R%C3%A1pido%20de%20%C3%8Dndice%2Cde%20degelo%20em%20geladeiras%2C%20bebedouros\" rel=\"noopener\" target=\"_blank\">Levantamento R\u00e1pido de \u00cdndice de Infesta\u00e7\u00e3o por Aedes aegypti (LIRAa)<\/a> revela uma situa\u00e7\u00e3o alarmante, com 30,2% dos 4.976 munic\u00edpios analisados classificados em alerta para a infesta\u00e7\u00e3o do mosquito, e 3,7% em situa\u00e7\u00e3o de risco. Apenas 65,9% obtiveram classifica\u00e7\u00e3o satisfat\u00f3ria.<\/p>\n<h2>Maior parte da prolifera\u00e7\u00e3o dos mosquitos da dengue s\u00e3o em dep\u00f3sitos em casa<\/h2>\n<p>Os dados mostram que, em 2023, 74,8% dos criadouros do mosquito da dengue est\u00e3o nos domic\u00edlios, incluindo vasos e pratos de plantas, garrafas retorn\u00e1veis, pingadeiras, recipientes de degelo em geladeiras, bebedouros em geral, pequenas fontes ornamentais e materiais em dep\u00f3sitos de constru\u00e7\u00e3o.<\/p>\n<p>O levantamento tamb\u00e9m destaca que dep\u00f3sitos de armazenamento de \u00e1gua elevados (caixas d\u2019\u00e1gua, tambores, dep\u00f3sitos de alvenaria) e no n\u00edvel do solo (tonel, tambor, barril, cisternas, po\u00e7o, cacimba, cisterna) representam o segundo maior foco de procria\u00e7\u00e3o dos mosquitos, com 22%. Dep\u00f3sitos de pneus e lixo respondem por 3,2%.<\/p>\n<p>A pesquisa, realizada por amostragem de im\u00f3veis e criadouros com \u00e1gua positivos para larvas de Aedes aegypti no \u00e2mbito municipal, destaca a necessidade urgente de a\u00e7\u00f5es preventivas e de conscientiza\u00e7\u00e3o da popula\u00e7\u00e3o para combater a prolifera\u00e7\u00e3o do mosquito transmissor da dengue.<\/p>\n<div class=\"code-block code-block-5\" style=\"margin: 8px auto; text-align: center; display: block; clear: both;\"> <a href=\"https:\/\/suaads.com\/ref\/ISMAELCOLOSI\" target=\"_blank\" rel=\"noopener\"><img data-recalc-dims=\"1\" decoding=\"async\" src=\"https:\/\/i0.wp.com\/suaurl.com\/img\/bannersref\/s.png?ssl=1\" alt=\"SuaUrl\"  style=\"max-width: 100%;\" class=\"lazy\" loading=\"lazy\"\/><noscript><img data-recalc-dims=\"1\" decoding=\"async\" src=\"https:\/\/i0.wp.com\/suaurl.com\/img\/bannersref\/s.png?ssl=1\" alt=\"SuaUrl\"  style=\"max-width: 100%;\"\/><\/noscript><\/a><\/div>\n<p>+ Acompanhe as principais informa\u00e7\u00f5es sobre\u00a0<a href=\"https:\/\/jcconcursos.com.br\/noticia\/brasil\/\" rel=\"noopener\" target=\"_blank\">Sociedade e Brasil no JC Concursos<\/a><\/p>\n<p><a id=\"gnews_btn\" href=\"https:\/\/news.google.com\/publications\/CAAqBwgKMOixlQswuZWrAw\" target=\"_blank\" class=\"border_jc_blue link_hover_bg_jc_blue font_85 d-block d-md-inline-block px-2 py-1 mr-0 mr-md-2 mb-3 w-100 text-center\" rel=\"noopener\"><span class=\"text_jc_blue\">Siga o <strong>JC Concursos no Google News<\/strong><\/span><\/a><a href=\"https:\/\/jcconcursos.com.br\/noticia\/brasil\/\" class=\"badge badge-light\">Sociedade<\/a><a href=\"https:\/\/jcconcursos.com.br\/noticia\/brasil\/\" class=\"badge badge-light\">Brasil<\/a><\/p>\n<\/div>\n<p><br \/>\n<br \/><a href=\"https:\/\/ismaelcolosi.com.br\/tres-estados-brasileiros-devem-ter-epidemia-de-dengue-em-2024\/\">Source link <\/a><\/p>\n<!-- CONTENT END 1 -->\n","protected":false},"excerpt":{"rendered":"<p>O Minist\u00e9rio da Sa\u00fade divulgou nesta sexta-feira (8) uma previs\u00e3o preocupante: a regi\u00e3o Centro-Oeste do Brasil deve enfrentar um n\u00edvel epid\u00eamico de dengue em 2024&#8230;.<\/p>\n","protected":false},"author":1,"featured_media":12744,"comment_status":"open","ping_status":"open","sticky":false,"template":"","format":"standard","meta":{"advanced_seo_description":"","jetpack_seo_html_title":"","jetpack_seo_noindex":false,"jetpack_post_was_ever_published":false,"_jetpack_newsletter_access":"","_jetpack_dont_email_post_to_subs":false,"_jetpack_newsletter_tier_id":0,"_jetpack_memberships_contains_paywalled_content":false,"_jetpack_memberships_contains_paid_content":false,"footnotes":"","jetpack_publicize_message":"","jetpack_publicize_feature_enabled":true,"jetpack_social_post_already_shared":true,"jetpack_social_options":{"image_generator_settings":{"template":"highway","default_image_id":0,"font":"","enabled":false},"version":2}},"categories":[7],"tags":[],"class_list":["post-12743","post","type-post","status-publish","format-standard","has-post-thumbnail","hentry","category-vagas-de-empregos-em-ribeirao-preto-regiao-brasil"],"jetpack_publicize_connections":[],"jetpack_featured_media_url":"https:\/\/i0.wp.com\/noticiasribeiraopreto.com.br\/wp-content\/uploads\/2023\/12\/aedes-aegypti-dengue-agencia-br.png?fit=1920%2C1080&ssl=1","jetpack-related-posts":[{"id":44201,"url":"https:\/\/noticiasribeiraopreto.com.br\/index.php\/2024\/03\/26\/voce-sabia-que-a-dengue-mata\/","url_meta":{"origin":12743,"position":0},"title":"Voc\u00ea Sabia que a Dengue Mata?","author":"noticiasribeiraopreto.com.br","date":"26 de March de 2024","format":false,"excerpt":"Voc\u00ea Sabia que a Dengue Mata?A dengue, uma doen\u00e7a transmitida pelo mosquito Aedes aegypti, tem sido motivo de preocupa\u00e7\u00e3o em todo o Brasil. Com seus sintomas caracter\u00edsticos como febre alta, dores no corpo e nas articula\u00e7\u00f5es, al\u00e9m de poss\u00edveis complica\u00e7\u00f5es graves como a dengue hemorr\u00e1gica, \u00e9 importante ressaltar que a\u2026","rel":"","context":"In &quot;Not\u00edcias de Ribeir\u00e3o Preto-SP e Regi\u00e3o&quot;","block_context":{"text":"Not\u00edcias de Ribeir\u00e3o Preto-SP e Regi\u00e3o","link":"https:\/\/noticiasribeiraopreto.com.br\/index.php\/category\/noticias-de-ribeirao-preto-sp-e-regiao-ismael-colosi\/"},"img":{"alt_text":"","src":"https:\/\/i0.wp.com\/noticiasribeiraopreto.com.br\/wp-content\/uploads\/2024\/03\/62aa376f8acbab7fa7b86eec_dengue-tratamento.jpg?fit=1200%2C798&ssl=1&resize=350%2C200","width":350,"height":200,"srcset":"https:\/\/i0.wp.com\/noticiasribeiraopreto.com.br\/wp-content\/uploads\/2024\/03\/62aa376f8acbab7fa7b86eec_dengue-tratamento.jpg?fit=1200%2C798&ssl=1&resize=350%2C200 1x, https:\/\/i0.wp.com\/noticiasribeiraopreto.com.br\/wp-content\/uploads\/2024\/03\/62aa376f8acbab7fa7b86eec_dengue-tratamento.jpg?fit=1200%2C798&ssl=1&resize=525%2C300 1.5x, https:\/\/i0.wp.com\/noticiasribeiraopreto.com.br\/wp-content\/uploads\/2024\/03\/62aa376f8acbab7fa7b86eec_dengue-tratamento.jpg?fit=1200%2C798&ssl=1&resize=700%2C400 2x, https:\/\/i0.wp.com\/noticiasribeiraopreto.com.br\/wp-content\/uploads\/2024\/03\/62aa376f8acbab7fa7b86eec_dengue-tratamento.jpg?fit=1200%2C798&ssl=1&resize=1050%2C600 3x"},"classes":[]},{"id":42973,"url":"https:\/\/noticiasribeiraopreto.com.br\/index.php\/2024\/03\/18\/prefeitura-de-sp-decreta-estado-de-emergencia-em-saude-por-dengue\/","url_meta":{"origin":12743,"position":1},"title":"Prefeitura de SP decreta estado de emerg\u00eancia em sa\u00fade por dengue","author":"noticiasribeiraopreto.com.br","date":"18 de March de 2024","format":false,"excerpt":"A cidade de S\u00e3o Paulo decretou emerg\u00eancia de sa\u00fade por dengue nesta segunda-feira, 18. O an\u00fancio foi feito pela Secretaria de Sa\u00fade de SP, que informou que a medida ser\u00e1 publicada em edi\u00e7\u00e3o extra no\u00a0Di\u00e1rio Oficial. O decreto acontece ap\u00f3s a cidade ultrapassar 300 casos confirmados da doen\u00e7a por 100\u2026","rel":"","context":"In &quot;Not\u00edcias de Ribeir\u00e3o Preto-SP e Regi\u00e3o&quot;","block_context":{"text":"Not\u00edcias de Ribeir\u00e3o Preto-SP e Regi\u00e3o","link":"https:\/\/noticiasribeiraopreto.com.br\/index.php\/category\/noticias-de-ribeirao-preto-sp-e-regiao-ismael-colosi\/"},"img":{"alt_text":"","src":"https:\/\/i0.wp.com\/noticiasribeiraopreto.com.br\/wp-content\/uploads\/2024\/03\/dengue.jpg?fit=774%2C435&ssl=1&resize=350%2C200","width":350,"height":200,"srcset":"https:\/\/i0.wp.com\/noticiasribeiraopreto.com.br\/wp-content\/uploads\/2024\/03\/dengue.jpg?fit=774%2C435&ssl=1&resize=350%2C200 1x, https:\/\/i0.wp.com\/noticiasribeiraopreto.com.br\/wp-content\/uploads\/2024\/03\/dengue.jpg?fit=774%2C435&ssl=1&resize=525%2C300 1.5x, https:\/\/i0.wp.com\/noticiasribeiraopreto.com.br\/wp-content\/uploads\/2024\/03\/dengue.jpg?fit=774%2C435&ssl=1&resize=700%2C400 2x"},"classes":[]},{"id":65688,"url":"https:\/\/noticiasribeiraopreto.com.br\/index.php\/2025\/03\/23\/sao-paulo-se-aproxima-de-300-mil-casos-confirmados-de-dengue\/","url_meta":{"origin":12743,"position":2},"title":"S\u00e3o Paulo se aproxima de 300 mil casos confirmados de dengue","author":"noticiasribeiraopreto.com.br","date":"23 de March de 2025","format":false,"excerpt":"O estado de S\u00e3o Paulo est\u00e1 se aproximando de 300 mil casos confirmados de dengue em 2025, um aumento significativo em rela\u00e7\u00e3o ao ano anterior. A doen\u00e7a, transmitida pelo mosquito Aedes aegypti, tem afetado diversas regi\u00f5es do estado, colocando press\u00e3o sobre os sistemas de sa\u00fade e levando as autoridades a\u2026","rel":"","context":"In &quot;Not\u00edcias de Ribeir\u00e3o Preto-SP e Regi\u00e3o&quot;","block_context":{"text":"Not\u00edcias de Ribeir\u00e3o Preto-SP e Regi\u00e3o","link":"https:\/\/noticiasribeiraopreto.com.br\/index.php\/category\/noticias-de-ribeirao-preto-sp-e-regiao-ismael-colosi\/"},"img":{"alt_text":"","src":"https:\/\/i0.wp.com\/noticiasribeiraopreto.com.br\/wp-content\/uploads\/2025\/03\/20230330100906_mg_7113.jpg?fit=1170%2C700&ssl=1&resize=350%2C200","width":350,"height":200,"srcset":"https:\/\/i0.wp.com\/noticiasribeiraopreto.com.br\/wp-content\/uploads\/2025\/03\/20230330100906_mg_7113.jpg?fit=1170%2C700&ssl=1&resize=350%2C200 1x, https:\/\/i0.wp.com\/noticiasribeiraopreto.com.br\/wp-content\/uploads\/2025\/03\/20230330100906_mg_7113.jpg?fit=1170%2C700&ssl=1&resize=525%2C300 1.5x, https:\/\/i0.wp.com\/noticiasribeiraopreto.com.br\/wp-content\/uploads\/2025\/03\/20230330100906_mg_7113.jpg?fit=1170%2C700&ssl=1&resize=700%2C400 2x, https:\/\/i0.wp.com\/noticiasribeiraopreto.com.br\/wp-content\/uploads\/2025\/03\/20230330100906_mg_7113.jpg?fit=1170%2C700&ssl=1&resize=1050%2C600 3x"},"classes":[]},{"id":39685,"url":"https:\/\/noticiasribeiraopreto.com.br\/index.php\/2024\/02\/27\/estado-se-mobiliza-contra-arboviroses\/","url_meta":{"origin":12743,"position":3},"title":"Estado se mobiliza contra arboviroses\u00a0","author":"noticiasribeiraopreto.com.br","date":"27 de February de 2024","format":false,"excerpt":"27 de fevereiro de 2024 | 15:0027 de fevereiro de 2024 | 15:36 0O governo de S\u00e3o Paulo pretende fazer uma mobiliza\u00e7\u00e3o contra arboviroses como dengue, zika v\u00edrus e chikungunya na pr\u00f3xima sexta-feira, 1\u00ba de mar\u00e7o, realizando a\u00e7\u00f5es de combate a mosquitos transmissores como Aedes aegypti, al\u00e9m de orienta\u00e7\u00e3o da\u2026","rel":"","context":"In &quot;Not\u00edcias de Ribeir\u00e3o Preto-SP e Regi\u00e3o&quot;","block_context":{"text":"Not\u00edcias de Ribeir\u00e3o Preto-SP e Regi\u00e3o","link":"https:\/\/noticiasribeiraopreto.com.br\/index.php\/category\/noticias-de-ribeirao-preto-sp-e-regiao-ismael-colosi\/"},"img":{"alt_text":"","src":"https:\/\/i0.wp.com\/noticiasribeiraopreto.com.br\/wp-content\/uploads\/2024\/02\/DengueSP-Fabio-Rodrigues-Pozzebom-Ag.Br_-scaled.jpg?fit=1000%2C605&ssl=1&resize=350%2C200","width":350,"height":200,"srcset":"https:\/\/i0.wp.com\/noticiasribeiraopreto.com.br\/wp-content\/uploads\/2024\/02\/DengueSP-Fabio-Rodrigues-Pozzebom-Ag.Br_-scaled.jpg?fit=1000%2C605&ssl=1&resize=350%2C200 1x, https:\/\/i0.wp.com\/noticiasribeiraopreto.com.br\/wp-content\/uploads\/2024\/02\/DengueSP-Fabio-Rodrigues-Pozzebom-Ag.Br_-scaled.jpg?fit=1000%2C605&ssl=1&resize=525%2C300 1.5x, https:\/\/i0.wp.com\/noticiasribeiraopreto.com.br\/wp-content\/uploads\/2024\/02\/DengueSP-Fabio-Rodrigues-Pozzebom-Ag.Br_-scaled.jpg?fit=1000%2C605&ssl=1&resize=700%2C400 2x"},"classes":[]},{"id":34017,"url":"https:\/\/noticiasribeiraopreto.com.br\/index.php\/2024\/01\/31\/saude-de-ribeirao-preto-eleva-nivel-da-epidemia-da-dengue\/","url_meta":{"origin":12743,"position":4},"title":"Sa\u00fade de Ribeir\u00e3o Preto eleva n\u00edvel da epidemia da dengue","author":"noticiasribeiraopreto.com.br","date":"31 de January de 2024","format":false,"excerpt":"A Secretaria da Sa\u00fade de Ribeir\u00e3o Preto informou que a cidade j\u00e1 est\u00e1 no n\u00edvel 2 da epidemia da dengue. Em 2024, foram confirmados 975 casos da doen\u00e7a em Ribeir\u00e3o Preto, o dobro da quantidade registrada em janeiro de 2023. O n\u00famero pode ser maior, j\u00e1 que s\u00e3o 3.203 casos\u2026","rel":"","context":"In &quot;Not\u00edcias de Ribeir\u00e3o Preto-SP e Regi\u00e3o&quot;","block_context":{"text":"Not\u00edcias de Ribeir\u00e3o Preto-SP e Regi\u00e3o","link":"https:\/\/noticiasribeiraopreto.com.br\/index.php\/category\/noticias-de-ribeirao-preto-sp-e-regiao-ismael-colosi\/"},"img":{"alt_text":"","src":"https:\/\/i0.wp.com\/noticiasribeiraopreto.com.br\/wp-content\/uploads\/2024\/01\/dengue-casos.jpg?fit=1170%2C700&ssl=1&resize=350%2C200","width":350,"height":200,"srcset":"https:\/\/i0.wp.com\/noticiasribeiraopreto.com.br\/wp-content\/uploads\/2024\/01\/dengue-casos.jpg?fit=1170%2C700&ssl=1&resize=350%2C200 1x, https:\/\/i0.wp.com\/noticiasribeiraopreto.com.br\/wp-content\/uploads\/2024\/01\/dengue-casos.jpg?fit=1170%2C700&ssl=1&resize=525%2C300 1.5x, https:\/\/i0.wp.com\/noticiasribeiraopreto.com.br\/wp-content\/uploads\/2024\/01\/dengue-casos.jpg?fit=1170%2C700&ssl=1&resize=700%2C400 2x, https:\/\/i0.wp.com\/noticiasribeiraopreto.com.br\/wp-content\/uploads\/2024\/01\/dengue-casos.jpg?fit=1170%2C700&ssl=1&resize=1050%2C600 3x"},"classes":[]},{"id":35451,"url":"https:\/\/noticiasribeiraopreto.com.br\/index.php\/2024\/02\/06\/dengue-passa-ser-monitorada-online-diariamente-no-estado-de-sao-paulo\/","url_meta":{"origin":12743,"position":5},"title":"Dengue passa ser monitorada online diariamente no Estado de S\u00e3o Paulo","author":"noticiasribeiraopreto.com.br","date":"6 de February de 2024","format":false,"excerpt":"Os casos de dengue em todo o Estado de S\u00e3o Paulo ser\u00e3o monitorados diariamente em um painel online. Os dados da doen\u00e7a como notifica\u00e7\u00f5es, investiga\u00e7\u00f5es, confirma\u00e7\u00f5es, descartados e at\u00e9 mortes estar\u00e3o dispon\u00edveis no site. A medida \u00e9 uma das anunciadas pelo governo estadual para o combate \u00e0 doen\u00e7a durante assinatura\u2026","rel":"","context":"In &quot;Not\u00edcias de Ribeir\u00e3o Preto-SP e Regi\u00e3o&quot;","block_context":{"text":"Not\u00edcias de Ribeir\u00e3o Preto-SP e Regi\u00e3o","link":"https:\/\/noticiasribeiraopreto.com.br\/index.php\/category\/noticias-de-ribeirao-preto-sp-e-regiao-ismael-colosi\/"},"img":{"alt_text":"","src":"https:\/\/i0.wp.com\/noticiasribeiraopreto.com.br\/wp-content\/uploads\/2024\/02\/1707234846_dengue.jpg?fit=1200%2C824&ssl=1&resize=350%2C200","width":350,"height":200,"srcset":"https:\/\/i0.wp.com\/noticiasribeiraopreto.com.br\/wp-content\/uploads\/2024\/02\/1707234846_dengue.jpg?fit=1200%2C824&ssl=1&resize=350%2C200 1x, https:\/\/i0.wp.com\/noticiasribeiraopreto.com.br\/wp-content\/uploads\/2024\/02\/1707234846_dengue.jpg?fit=1200%2C824&ssl=1&resize=525%2C300 1.5x, https:\/\/i0.wp.com\/noticiasribeiraopreto.com.br\/wp-content\/uploads\/2024\/02\/1707234846_dengue.jpg?fit=1200%2C824&ssl=1&resize=700%2C400 2x, https:\/\/i0.wp.com\/noticiasribeiraopreto.com.br\/wp-content\/uploads\/2024\/02\/1707234846_dengue.jpg?fit=1200%2C824&ssl=1&resize=1050%2C600 3x"},"classes":[]}],"jetpack_sharing_enabled":true,"jetpack_shortlink":"https:\/\/wp.me\/peQAOb-3jx","_links":{"self":[{"href":"https:\/\/noticiasribeiraopreto.com.br\/index.php\/wp-json\/wp\/v2\/posts\/12743","targetHints":{"allow":["GET"]}}],"collection":[{"href":"https:\/\/noticiasribeiraopreto.com.br\/index.php\/wp-json\/wp\/v2\/posts"}],"about":[{"href":"https:\/\/noticiasribeiraopreto.com.br\/index.php\/wp-json\/wp\/v2\/types\/post"}],"author":[{"embeddable":true,"href":"https:\/\/noticiasribeiraopreto.com.br\/index.php\/wp-json\/wp\/v2\/users\/1"}],"replies":[{"embeddable":true,"href":"https:\/\/noticiasribeiraopreto.com.br\/index.php\/wp-json\/wp\/v2\/comments?post=12743"}],"version-history":[{"count":0,"href":"https:\/\/noticiasribeiraopreto.com.br\/index.php\/wp-json\/wp\/v2\/posts\/12743\/revisions"}],"wp:featuredmedia":[{"embeddable":true,"href":"https:\/\/noticiasribeiraopreto.com.br\/index.php\/wp-json\/wp\/v2\/media\/12744"}],"wp:attachment":[{"href":"https:\/\/noticiasribeiraopreto.com.br\/index.php\/wp-json\/wp\/v2\/media?parent=12743"}],"wp:term":[{"taxonomy":"category","embeddable":true,"href":"https:\/\/noticiasribeiraopreto.com.br\/index.php\/wp-json\/wp\/v2\/categories?post=12743"},{"taxonomy":"post_tag","embeddable":true,"href":"https:\/\/noticiasribeiraopreto.com.br\/index.php\/wp-json\/wp\/v2\/tags?post=12743"}],"curies":[{"name":"wp","href":"https:\/\/api.w.org\/{rel}","templated":true}]}}