{"id":12750,"date":"2023-12-08T14:21:35","date_gmt":"2023-12-08T17:21:35","guid":{"rendered":"https:\/\/noticiasribeiraopreto.com.br\/index.php\/2023\/12\/08\/governo-propoe-calendario-do-abono-para-2024-confira\/"},"modified":"2023-12-08T14:21:35","modified_gmt":"2023-12-08T17:21:35","slug":"governo-propoe-calendario-do-abono-para-2024-confira","status":"publish","type":"post","link":"https:\/\/noticiasribeiraopreto.com.br\/index.php\/2023\/12\/08\/governo-propoe-calendario-do-abono-para-2024-confira\/","title":{"rendered":"governo prop\u00f5e calend\u00e1rio do abono para 2024; confira"},"content":{"rendered":"<div class='code-block code-block-1' style='margin: 8px 0 8px auto; text-align: right; display: block; clear: both;'>\n<p><a href=\"https:\/\/wa.link\/vpicfd\"><img data-recalc-dims=\"1\" class=\"wp-image-4922\" style=\"aspect-ratio: 2.0253164556962027; width: 561px; height: auto;\" src=\"https:\/\/i0.wp.com\/ismaelcolosi.com.br\/wp-content\/uploads\/2023\/11\/grupo-de-empregos-whatsapp-e-facebook-ismael-colosi-vagas.jpg?ssl=1\" alt=\"\" \/><\/a><\/p>\n<!-- \/wp:image -->\n<\/div>\n<p> <br \/>\n<\/p>\n<div>\n<p>O <a href=\"https:\/\/catracalivre.com.br\/cidadania\/governo-quer-ampliar-faturamento-do-mei-com-beneficios-confira\/\" target=\"_blank\" rel=\"noopener\">governo federal<\/a> j\u00e1 teria estabelecido o calend\u00e1rio de pagamento do abono salarial do PIS\/Pasep e aguarda a aprova\u00e7\u00e3o das datas pelo Codefat (Conselho Deliberativo do Fundo de Amparo ao Trabalhador).<\/p>\n<p>De acordo com as informa\u00e7\u00f5es coletadas pela <a href=\"https:\/\/www1.folha.uol.com.br\/mercado\/2023\/12\/veja-o-calendario-do-abondo-do-pispasep-2024-proposto-pelo-governo-federal.shtml?pwgt=l8zp0irz6tn1lph0f0lmjwm4snjzgfvy1dnpgx1pvb0ejlky&amp;utm_source=whatsapp&amp;utm_medium=social&amp;utm_campaign=compwagift\" target=\"_blank\" rel=\"noopener\">Folha de S. Paulo<\/a>, o pagamento do abono de 2024, com ano-base 2022, deve iniciar em 15 de fevereiro.<\/p>\n<div id=\"attachment_2316340\" class=\"wp-caption alignnone\">\n<div class=\"d-flex justify-content-center\" data-attachment-id=\"2316340\">\n<div class=\"position-relative d-inline-block\"><img data-recalc-dims=\"1\" data-portal-copyright=\"Depositphotos\/rafapress\" fetchpriority=\"high\" decoding=\"async\" class=\"size-full wp-image-2316340\" src=\"https:\/\/i0.wp.com\/catracalivre.com.br\/wp-content\/uploads\/2023\/12\/depositphotos-366955058-xl-scaled.jpg?resize=2560%2C1707&#038;ssl=1\" alt=\"O que se sabe sobre o PIS\/Pasep 2024?\" width=\"2560\" height=\"1707\" srcset=\"https:\/\/catracalivre.com.br\/wp-content\/uploads\/2023\/12\/depositphotos-366955058-xl-scaled.jpg 2560w, https:\/\/catracalivre.com.br\/wp-content\/uploads\/2023\/12\/depositphotos-366955058-xl-450x300.jpg 450w, https:\/\/catracalivre.com.br\/wp-content\/uploads\/2023\/12\/depositphotos-366955058-xl-768x512.jpg 768w\" sizes=\"(max-width: 2560px) 100vw, 2560px\"\/><\/p>\n<p>Cr\u00e9ditos: Depositphotos\/rafapress<\/p>\n<\/div>\n<\/div>\n<p><span class=\"post-imagem__legenda\">O que se sabe sobre o PIS\/Pasep 2024?<\/span><\/p>\n<\/div>\n<h2>Como ser\u00e3o os pagamentos em 2024?<\/h2>\n<p>A reuni\u00e3o do conselho, marcada para o dia 13 de dezembro, tem como objetivo votar nas datas de pagamento e abordar uma ampla agenda ligada aos interesses dos trabalhadores.<\/p>\n<p>Os \u00faltimos dois calend\u00e1rios propostos pelo governo foram aprovados por unanimidade pelo Codefat, que conta com representantes de trabalhadores, empregadores e do governo.<\/p>\n<p>S\u00e9rgio Luiz Leite, representante da For\u00e7a Sindical no Codefat, indica que n\u00e3o devem haver resist\u00eancias na aprova\u00e7\u00e3o.<\/p>\n<h2>Calend\u00e1rio proposto pelo governo<\/h2>\n<p><strong>PIS em 2024:<\/strong><\/p>\n<ul>\n<li>Nascidos em janeiro \u2013 15\/02\/2024<\/li>\n<li>Nascidos em fevereiro \u2013 15\/03\/2024<\/li>\n<li>Nascidos em mar\u00e7o \u2013 15\/04\/2024<\/li>\n<li>Nascidos em abril \u2013 15\/04\/2024<\/li>\n<li>Nascidos em maio \u2013 15\/05\/2024<\/li>\n<li>Nascidos em junho \u2013 15\/05\/2024<\/li>\n<li>Nascidos em julho \u2013 17\/06\/2024<\/li>\n<li>Nascidos em agosto \u2013 17\/06\/2024<\/li>\n<li>Nascidos em setembro \u2013 15\/07\/2024<\/li>\n<li>Nascidos em outubro \u2013 15\/07\/2024<\/li>\n<li>Nascidos em novembro \u2013 15\/08\/2024<\/li>\n<li>Nascidos em dezembro \u2013 15\/08\/2024<\/li>\n<\/ul>\n<p><strong>Pasep em 2024:<\/strong><\/p>\n<ul>\n<li>Final da inscri\u00e7\u00e3o 0 \u2013 15\/02\/2024<\/li>\n<li>Final da inscri\u00e7\u00e3o 1 \u2013 15\/03\/2024<\/li>\n<li>Final da inscri\u00e7\u00e3o 2 \u2013 15\/04\/2024<\/li>\n<li>Final da inscri\u00e7\u00e3o 3 \u2013 15\/04\/2024<\/li>\n<li>Final da inscri\u00e7\u00e3o 4 \u2013 15\/05\/2024<\/li>\n<li>Final da inscri\u00e7\u00e3o 5 \u2013 15\/05\/2024<\/li>\n<li>Final da inscri\u00e7\u00e3o 6 \u2013 17\/06\/2024<\/li>\n<li>Final da inscri\u00e7\u00e3o 7 \u2013 17\/06\/2024<\/li>\n<li>Final da inscri\u00e7\u00e3o 8 \u2013 15\/07\/2024<\/li>\n<li>Final da inscri\u00e7\u00e3o 9 \u2013 15\/08\/2024<\/li>\n<\/ul>\n<p>A consulta para saber se vai receber os valores deve ocorrer a partir de 5 de fevereiro no aplicativo Carteira de Trabalho Digital ou no portal <a href=\"https:\/\/www.gov.br\/pt-br\" target=\"_blank\" rel=\"nofollow noopener\">Gov.br<\/a>.<\/p>\n<h2 id=\"confira-o-calendario-de-pagamento-do-abono-do-pis-em-2024\" class=\"c-news__subtitle\">Quem tem direito ao abono salarial em 2024?<\/h2>\n<p>O <a href=\"https:\/\/catracalivre.com.br\/cidadania\/pis-pasep-ano-base-2022-comeca-ser-pago-em-dezembro-saiba-detalhes\/\" target=\"_blank\" rel=\"noopener\">abono PIS 2024<\/a>, pago pela Caixa Econ\u00f4mica Federal, \u00e9 destinado aos profissionais da iniciativa privada que trabalharam com carteira assinada em 2022.<\/p>\n<p>J\u00e1 o abono Pasep 2024, pago pelo Banco do Brasil, destinado a servidores p\u00fablicos federais, estaduais e municipais que se encaixam nas regras do programa, usa como refer\u00eancia o trabalho exercido tamb\u00e9m em 2022.<\/p>\n<p>Para ter direito ao abono de at\u00e9 um sal\u00e1rio m\u00ednimo \u00e9 preciso:<\/p>\n<ul>\n<li>estar cadastrado no programa PIS\/Pasep h\u00e1 pelo menos cinco anos;<\/li>\n<li>ter trabalhado formalmente pelo m\u00ednimo de 30 dias no ano de 2022;<\/li>\n<li>receber, em m\u00e9dia, at\u00e9 dois sal\u00e1rios m\u00ednimos mensais no ano de refer\u00eancia (2022);<\/li>\n<li>e ter os dados corretamente informados pelo empregador na Rais (Relat\u00f3rio Anual de Informa\u00e7\u00f5es Sociais) do ano base.<\/li>\n<\/ul>\n<h2>Abono do PIS\/Pasep de 2023 ainda est\u00e1 dispon\u00edvel<\/h2>\n<p>Vale lembrar que os trabalhadores formais e servidores p\u00fablicos ainda podem sacar R$ 535,8 milh\u00f5es referentes ao abono salarial do PIS\/Pasep 2023. O dinheiro pode ser retirado at\u00e9 o dia 28 de dezembro de 2023.<\/p>\n<p>Conforme dados do Minist\u00e9rio do Trabalho e Emprego, mais de 540 mil profissionais com direito ao abono ainda n\u00e3o efetuaram o saque.<\/p>\n<p>Para evitar d\u00favidas e garantir que seu direito n\u00e3o seja perdido, \u00e9 importante sempre estar atento aos prazos.<\/p>\n<\/div>\n<p><script>\n\t\t! function(f, b, e, v, n, t, s) {\n\t\t\tif (f.fbq) return;\n\t\t\tn = f.fbq = function() {\n\t\t\t\tn.callMethod ?\n\t\t\t\t\tn.callMethod.apply(n, arguments) : n.queue.push(arguments)\n\t\t\t};\n\t\t\tif (!f._fbq) f._fbq = n;\n\t\t\tn.push = n;\n\t\t\tn.loaded = !0;\n\t\t\tn.version = '2.0';\n\t\t\tn.queue = [];\n\t\t\tt = b.createElement(e);\n\t\t\tt.async = !0;\n\t\t\tt.src = v;\n\t\t\ts = b.getElementsByTagName(e)[0];\n\t\t\ts.parentNode.insertBefore(t, s)\n\t\t}(window, document, 'script',\n\t\t\t'https:\/\/connect.facebook.net\/en_US\/fbevents.js');\n\t\tfbq('init', '338315473262380');\n\t\tfbq('track', 'PageView');\n\t<\/script><br \/>\n<br \/><br \/>\n<br \/><a href=\"https:\/\/catracalivre.com.br\/cidadania\/pis-pasep-governo-propoe-calendario-do-abono-para-2024-confira\/\">Source link <\/a><\/p>\n<!-- CONTENT END 1 -->\n","protected":false},"excerpt":{"rendered":"<p>O governo federal j\u00e1 teria estabelecido o calend\u00e1rio de pagamento do abono salarial do PIS\/Pasep e aguarda a aprova\u00e7\u00e3o das datas pelo Codefat (Conselho Deliberativo&#8230;<\/p>\n","protected":false},"author":1,"featured_media":12751,"comment_status":"open","ping_status":"open","sticky":false,"template":"","format":"standard","meta":{"advanced_seo_description":"","jetpack_seo_html_title":"","jetpack_seo_noindex":false,"jetpack_post_was_ever_published":false,"_jetpack_newsletter_access":"","_jetpack_dont_email_post_to_subs":false,"_jetpack_newsletter_tier_id":0,"_jetpack_memberships_contains_paywalled_content":false,"_jetpack_memberships_contains_paid_content":false,"footnotes":"","jetpack_publicize_message":"","jetpack_publicize_feature_enabled":true,"jetpack_social_post_already_shared":true,"jetpack_social_options":{"image_generator_settings":{"template":"highway","default_image_id":0,"font":"","enabled":false},"version":2}},"categories":[19],"tags":[],"class_list":["post-12750","post","type-post","status-publish","format-standard","has-post-thumbnail","hentry","category-variedades"],"jetpack_publicize_connections":[],"jetpack_featured_media_url":"https:\/\/i0.wp.com\/noticiasribeiraopreto.com.br\/wp-content\/uploads\/2023\/12\/1702056098_depositphotos-366955058-xl-scaled.jpg?fit=1200%2C638&ssl=1","jetpack-related-posts":[{"id":18283,"url":"https:\/\/noticiasribeiraopreto.com.br\/index.php\/2023\/12\/20\/finalmente-governo-divulga-calendario-de-pagamento-do-pis-pasep-2024\/","url_meta":{"origin":12750,"position":0},"title":"FINALMENTE! Governo divulga calend\u00e1rio de pagamento do PIS\/Pasep 2024","author":"noticiasribeiraopreto.com.br","date":"20 de December de 2023","format":false,"excerpt":"O Conselho Deliberativo do Fundo de Amparo do Trabalhador (Codefat), aprovou o calend\u00e1rio de pagamento do Abono Salarial PIS\/Pasep de 2024, relativo ao ano-base 2022. Cr\u00e9ditos: Istock\/gustavomellossaFINALMENTE! Governo divulga calend\u00e1rio de pagamento do PIS\/Pasep 2024 A estimativa \u00e9 que cerca de 24,5 milh\u00f5es de trabalhadores recebam o abono salarial, um\u2026","rel":"","context":"In &quot;Variedades&quot;","block_context":{"text":"Variedades","link":"https:\/\/noticiasribeiraopreto.com.br\/index.php\/category\/variedades\/"},"img":{"alt_text":"","src":"https:\/\/i0.wp.com\/noticiasribeiraopreto.com.br\/wp-content\/uploads\/2023\/12\/1703062351_istock-1359193526.jpg?fit=1200%2C638&ssl=1&resize=350%2C200","width":350,"height":200,"srcset":"https:\/\/i0.wp.com\/noticiasribeiraopreto.com.br\/wp-content\/uploads\/2023\/12\/1703062351_istock-1359193526.jpg?fit=1200%2C638&ssl=1&resize=350%2C200 1x, https:\/\/i0.wp.com\/noticiasribeiraopreto.com.br\/wp-content\/uploads\/2023\/12\/1703062351_istock-1359193526.jpg?fit=1200%2C638&ssl=1&resize=525%2C300 1.5x, https:\/\/i0.wp.com\/noticiasribeiraopreto.com.br\/wp-content\/uploads\/2023\/12\/1703062351_istock-1359193526.jpg?fit=1200%2C638&ssl=1&resize=700%2C400 2x, https:\/\/i0.wp.com\/noticiasribeiraopreto.com.br\/wp-content\/uploads\/2023\/12\/1703062351_istock-1359193526.jpg?fit=1200%2C638&ssl=1&resize=1050%2C600 3x"},"classes":[]},{"id":18475,"url":"https:\/\/noticiasribeiraopreto.com.br\/index.php\/2023\/12\/20\/confira-valor-calendario-e-quem-tem-direito-ao-abono\/","url_meta":{"origin":12750,"position":1},"title":"Confira valor, calend\u00e1rio e quem tem direito ao abono","author":"noticiasribeiraopreto.com.br","date":"20 de December de 2023","format":false,"excerpt":"Os trabalhadores do pa\u00eds aguardam a chegada de 2024 para come\u00e7arem a receber o pagamento do PIS\/Pasep. A expectativa cresce entre os profissionais, que estavam acostumados at\u00e9 pouco tempo atr\u00e1s com o repasse do abono salarial no ano seguinte ao trabalhado. Contudo, nos \u00faltimos anos, houve um atraso no calend\u00e1rio\u2026","rel":"","context":"In &quot;Vagas de Emprego em Ribeir\u00e3o Preto-SP&quot;","block_context":{"text":"Vagas de Emprego em Ribeir\u00e3o Preto-SP","link":"https:\/\/noticiasribeiraopreto.com.br\/index.php\/category\/empregos-classificados-vagas-trabalho\/vagas-de-empregos-em-ribeirao-preto-regiao-brasil\/"},"img":{"alt_text":"","src":"https:\/\/i0.wp.com\/noticiasribeiraopreto.com.br\/wp-content\/uploads\/2023\/12\/noticiasconcursos.com_.br-pispasep-2024-veja-novidades-do-abono-e-quando-sera-pago-no-brasil-pis-pasep-divulgacao-750x430.jpg?fit=750%2C430&ssl=1&resize=350%2C200","width":350,"height":200,"srcset":"https:\/\/i0.wp.com\/noticiasribeiraopreto.com.br\/wp-content\/uploads\/2023\/12\/noticiasconcursos.com_.br-pispasep-2024-veja-novidades-do-abono-e-quando-sera-pago-no-brasil-pis-pasep-divulgacao-750x430.jpg?fit=750%2C430&ssl=1&resize=350%2C200 1x, https:\/\/i0.wp.com\/noticiasribeiraopreto.com.br\/wp-content\/uploads\/2023\/12\/noticiasconcursos.com_.br-pispasep-2024-veja-novidades-do-abono-e-quando-sera-pago-no-brasil-pis-pasep-divulgacao-750x430.jpg?fit=750%2C430&ssl=1&resize=525%2C300 1.5x, https:\/\/i0.wp.com\/noticiasribeiraopreto.com.br\/wp-content\/uploads\/2023\/12\/noticiasconcursos.com_.br-pispasep-2024-veja-novidades-do-abono-e-quando-sera-pago-no-brasil-pis-pasep-divulgacao-750x430.jpg?fit=750%2C430&ssl=1&resize=700%2C400 2x"},"classes":[]},{"id":28357,"url":"https:\/\/noticiasribeiraopreto.com.br\/index.php\/2024\/01\/15\/pagamento-do-abono-salarial-do-calendario-2024-comeca-em-fevereiro\/","url_meta":{"origin":12750,"position":2},"title":"Pagamento do abono salarial do calend\u00e1rio 2024 come\u00e7a em fevereiro \u2013 Folha de Ribeir\u00e3o","author":"noticiasribeiraopreto.com.br","date":"15 de January de 2024","format":false,"excerpt":"A partir de 15 de fevereiro, a Caixa come\u00e7a a pagar o abono salarial do calend\u00e1rio 2024, referente ao ano-base 2022. O calend\u00e1rio foi aprovado pelo Conselho Deliberativo do Fundo de Amparo ao Trabalhador (Codefat), em reuni\u00e3o realizada em dezembro do ano passado.\u00a0 O cr\u00e9dito ser\u00e1 feito de forma escalonada,\u2026","rel":"","context":"In &quot;Not\u00edcias de Ribeir\u00e3o Preto-SP e Regi\u00e3o&quot;","block_context":{"text":"Not\u00edcias de Ribeir\u00e3o Preto-SP e Regi\u00e3o","link":"https:\/\/noticiasribeiraopreto.com.br\/index.php\/category\/noticias-de-ribeirao-preto-sp-e-regiao-ismael-colosi\/"},"img":{"alt_text":"","src":"","width":0,"height":0},"classes":[]},{"id":12637,"url":"https:\/\/noticiasribeiraopreto.com.br\/index.php\/2023\/12\/08\/liberado-calendario-oficial-do-governo-do-pis-pasep-2024-meu-valor-digital\/","url_meta":{"origin":12750,"position":3},"title":"Liberado! Calend\u00e1rio oficial do governo do PIS\/Pasep 2024 &#8211; Meu Valor Digital","author":"noticiasribeiraopreto.com.br","date":"8 de December de 2023","format":false,"excerpt":"Se voc\u00ea aguardava ansiosamente por informa\u00e7\u00f5es sobre o PIS\/PASEP em 2024, pode come\u00e7ar a se preparar para as novidades. O governo federal divulgou o calend\u00e1rio de pagamentos proposto para o pr\u00f3ximo ano, seguindo a mesma l\u00f3gica adotada em 2023. O primeiro dep\u00f3sito, com valores atualizados, est\u00e1 agendado para fevereiro. \u00c9\u2026","rel":"","context":"In &quot;Vagas de Emprego em Ribeir\u00e3o Preto-SP&quot;","block_context":{"text":"Vagas de Emprego em Ribeir\u00e3o Preto-SP","link":"https:\/\/noticiasribeiraopreto.com.br\/index.php\/category\/empregos-classificados-vagas-trabalho\/vagas-de-empregos-em-ribeirao-preto-regiao-brasil\/"},"img":{"alt_text":"","src":"https:\/\/i0.wp.com\/noticiasribeiraopreto.com.br\/wp-content\/uploads\/2023\/12\/homem-segurando-dinheiro.jpg?fit=1200%2C800&ssl=1&resize=350%2C200","width":350,"height":200,"srcset":"https:\/\/i0.wp.com\/noticiasribeiraopreto.com.br\/wp-content\/uploads\/2023\/12\/homem-segurando-dinheiro.jpg?fit=1200%2C800&ssl=1&resize=350%2C200 1x, https:\/\/i0.wp.com\/noticiasribeiraopreto.com.br\/wp-content\/uploads\/2023\/12\/homem-segurando-dinheiro.jpg?fit=1200%2C800&ssl=1&resize=525%2C300 1.5x, https:\/\/i0.wp.com\/noticiasribeiraopreto.com.br\/wp-content\/uploads\/2023\/12\/homem-segurando-dinheiro.jpg?fit=1200%2C800&ssl=1&resize=700%2C400 2x, https:\/\/i0.wp.com\/noticiasribeiraopreto.com.br\/wp-content\/uploads\/2023\/12\/homem-segurando-dinheiro.jpg?fit=1200%2C800&ssl=1&resize=1050%2C600 3x"},"classes":[]},{"id":15671,"url":"https:\/\/noticiasribeiraopreto.com.br\/index.php\/2023\/12\/14\/pagamentos-comecam-em-fevereiro-veja-datas\/","url_meta":{"origin":12750,"position":4},"title":"Pagamentos come\u00e7am em fevereiro; Veja datas","author":"noticiasribeiraopreto.com.br","date":"14 de December de 2023","format":false,"excerpt":"O governo federal informou nesta quarta-feira (13) a data de in\u00edcio dos pagamentos do PIS\/Pasep em 2024. Ap\u00f3s aprova\u00e7\u00e3o do calend\u00e1rio pelo Conselho Deliberativo do Fundo de Amparo ao Trabalhador (Codefat), o come\u00e7o dos repasses acontecer\u00e1 no dia 15 de fevereiro. O PIS\/Pasep \u00e9 considerado o 14\u00ba sal\u00e1rio dos trabalhadores.\u2026","rel":"","context":"In &quot;Vagas de Emprego em Ribeir\u00e3o Preto-SP&quot;","block_context":{"text":"Vagas de Emprego em Ribeir\u00e3o Preto-SP","link":"https:\/\/noticiasribeiraopreto.com.br\/index.php\/category\/empregos-classificados-vagas-trabalho\/vagas-de-empregos-em-ribeirao-preto-regiao-brasil\/"},"img":{"alt_text":"","src":"https:\/\/i0.wp.com\/noticiasribeiraopreto.com.br\/wp-content\/uploads\/2023\/12\/noticiasconcursos.com_.br-pispasep-2024-pagamentos-comecam-em-fevereiro-confira-o-calendario-real-agencia-brasil-1-750x430.jpg?fit=750%2C430&ssl=1&resize=350%2C200","width":350,"height":200,"srcset":"https:\/\/i0.wp.com\/noticiasribeiraopreto.com.br\/wp-content\/uploads\/2023\/12\/noticiasconcursos.com_.br-pispasep-2024-pagamentos-comecam-em-fevereiro-confira-o-calendario-real-agencia-brasil-1-750x430.jpg?fit=750%2C430&ssl=1&resize=350%2C200 1x, https:\/\/i0.wp.com\/noticiasribeiraopreto.com.br\/wp-content\/uploads\/2023\/12\/noticiasconcursos.com_.br-pispasep-2024-pagamentos-comecam-em-fevereiro-confira-o-calendario-real-agencia-brasil-1-750x430.jpg?fit=750%2C430&ssl=1&resize=525%2C300 1.5x, https:\/\/i0.wp.com\/noticiasribeiraopreto.com.br\/wp-content\/uploads\/2023\/12\/noticiasconcursos.com_.br-pispasep-2024-pagamentos-comecam-em-fevereiro-confira-o-calendario-real-agencia-brasil-1-750x430.jpg?fit=750%2C430&ssl=1&resize=700%2C400 2x"},"classes":[]},{"id":21090,"url":"https:\/\/noticiasribeiraopreto.com.br\/index.php\/2023\/12\/27\/calendario-do-pis-pasep-e-divulgado-veja-quem-recebe-abono-antecipado\/","url_meta":{"origin":12750,"position":5},"title":"Calend\u00e1rio do PIS\/Pasep \u00e9 divulgado. Veja quem recebe abono antecipado","author":"noticiasribeiraopreto.com.br","date":"27 de December de 2023","format":false,"excerpt":"O Conselho Deliberativo do Fundo de Amparo do Trabalhador (Codefat), aprovou o calend\u00e1rio de pagamento do Abono Salarial PIS\/Pasep de 2024, relativo ao ano-base 2022. Cr\u00e9ditos: Ag\u00eancia Brasil\/Marcello Casal JrCalend\u00e1rio do PIS\/Pasep \u00e9 divulgado. Veja quem recebe abono antecipado A estimativa \u00e9 que cerca de 24,5 milh\u00f5es de trabalhadores recebam\u2026","rel":"","context":"In &quot;Variedades&quot;","block_context":{"text":"Variedades","link":"https:\/\/noticiasribeiraopreto.com.br\/index.php\/category\/variedades\/"},"img":{"alt_text":"","src":"https:\/\/i0.wp.com\/noticiasribeiraopreto.com.br\/wp-content\/uploads\/2023\/12\/1703664828_tem-direito-ao-pis-pasep-esquecido-e-nao-sacou-veja-o-que-fazer.jpg?fit=1200%2C638&ssl=1&resize=350%2C200","width":350,"height":200,"srcset":"https:\/\/i0.wp.com\/noticiasribeiraopreto.com.br\/wp-content\/uploads\/2023\/12\/1703664828_tem-direito-ao-pis-pasep-esquecido-e-nao-sacou-veja-o-que-fazer.jpg?fit=1200%2C638&ssl=1&resize=350%2C200 1x, https:\/\/i0.wp.com\/noticiasribeiraopreto.com.br\/wp-content\/uploads\/2023\/12\/1703664828_tem-direito-ao-pis-pasep-esquecido-e-nao-sacou-veja-o-que-fazer.jpg?fit=1200%2C638&ssl=1&resize=525%2C300 1.5x, https:\/\/i0.wp.com\/noticiasribeiraopreto.com.br\/wp-content\/uploads\/2023\/12\/1703664828_tem-direito-ao-pis-pasep-esquecido-e-nao-sacou-veja-o-que-fazer.jpg?fit=1200%2C638&ssl=1&resize=700%2C400 2x, https:\/\/i0.wp.com\/noticiasribeiraopreto.com.br\/wp-content\/uploads\/2023\/12\/1703664828_tem-direito-ao-pis-pasep-esquecido-e-nao-sacou-veja-o-que-fazer.jpg?fit=1200%2C638&ssl=1&resize=1050%2C600 3x"},"classes":[]}],"jetpack_sharing_enabled":true,"jetpack_shortlink":"https:\/\/wp.me\/peQAOb-3jE","_links":{"self":[{"href":"https:\/\/noticiasribeiraopreto.com.br\/index.php\/wp-json\/wp\/v2\/posts\/12750","targetHints":{"allow":["GET"]}}],"collection":[{"href":"https:\/\/noticiasribeiraopreto.com.br\/index.php\/wp-json\/wp\/v2\/posts"}],"about":[{"href":"https:\/\/noticiasribeiraopreto.com.br\/index.php\/wp-json\/wp\/v2\/types\/post"}],"author":[{"embeddable":true,"href":"https:\/\/noticiasribeiraopreto.com.br\/index.php\/wp-json\/wp\/v2\/users\/1"}],"replies":[{"embeddable":true,"href":"https:\/\/noticiasribeiraopreto.com.br\/index.php\/wp-json\/wp\/v2\/comments?post=12750"}],"version-history":[{"count":0,"href":"https:\/\/noticiasribeiraopreto.com.br\/index.php\/wp-json\/wp\/v2\/posts\/12750\/revisions"}],"wp:featuredmedia":[{"embeddable":true,"href":"https:\/\/noticiasribeiraopreto.com.br\/index.php\/wp-json\/wp\/v2\/media\/12751"}],"wp:attachment":[{"href":"https:\/\/noticiasribeiraopreto.com.br\/index.php\/wp-json\/wp\/v2\/media?parent=12750"}],"wp:term":[{"taxonomy":"category","embeddable":true,"href":"https:\/\/noticiasribeiraopreto.com.br\/index.php\/wp-json\/wp\/v2\/categories?post=12750"},{"taxonomy":"post_tag","embeddable":true,"href":"https:\/\/noticiasribeiraopreto.com.br\/index.php\/wp-json\/wp\/v2\/tags?post=12750"}],"curies":[{"name":"wp","href":"https:\/\/api.w.org\/{rel}","templated":true}]}}