{"id":12752,"date":"2023-12-08T14:27:43","date_gmt":"2023-12-08T17:27:43","guid":{"rendered":"https:\/\/noticiasribeiraopreto.com.br\/index.php\/2023\/12\/08\/conta-de-luz-gratuita-para-idosos-veja-como-aderir-ao-programa-social\/"},"modified":"2023-12-08T14:27:43","modified_gmt":"2023-12-08T17:27:43","slug":"conta-de-luz-gratuita-para-idosos-veja-como-aderir-ao-programa-social","status":"publish","type":"post","link":"https:\/\/noticiasribeiraopreto.com.br\/index.php\/2023\/12\/08\/conta-de-luz-gratuita-para-idosos-veja-como-aderir-ao-programa-social\/","title":{"rendered":"Conta de Luz GRATUITA para idosos &#8211; Veja como aderir ao programa social"},"content":{"rendered":"<div class='code-block code-block-1' style='margin: 8px 0 8px auto; text-align: right; display: block; clear: both;'>\n<p><a href=\"https:\/\/wa.link\/vpicfd\"><img data-recalc-dims=\"1\" class=\"wp-image-4922\" style=\"aspect-ratio: 2.0253164556962027; width: 561px; height: auto;\" src=\"https:\/\/i0.wp.com\/ismaelcolosi.com.br\/wp-content\/uploads\/2023\/11\/grupo-de-empregos-whatsapp-e-facebook-ismael-colosi-vagas.jpg?ssl=1\" alt=\"\" \/><\/a><\/p>\n<!-- \/wp:image -->\n<\/div>\n<p> <br \/>\n<\/p>\n<div>\n<p>No cen\u00e1rio brasileiro, a dignidade e o bem-estar dos cidad\u00e3os idosos s\u00e3o protegidos por diversas leis e pol\u00edticas p\u00fablicas. Entre essas medidas, destaca-se a conta de luz gratuita para idosos, uma iniciativa que busca aliviar o \u00f4nus financeiro sobre essa parcela da popula\u00e7\u00e3o. Neste artigo, exploraremos como aderir a esse programa e os requisitos necess\u00e1rios para se qualificar.<\/p>\n<h2>A Import\u00e2ncia da Conta de Luz Gratuita para Idosos<\/h2>\n<p>A <a href=\"https:\/\/noticiasconcursos.com.br\/eu-so-consigo-o-desconto-de-65-na-conta-de-luz-atraves-do-cadunico\/\"><strong>conta de luz<\/strong><\/a> representa uma despesa significativa na vida de muitas pessoas, especialmente para idosos que vivem com uma renda fixa ou limitada. A possibilidade de ter essa conta eliminada ou reduzida pode fazer uma diferen\u00e7a significativa, permitindo que esses recursos sejam redirecionados para outras necessidades vitais.<\/p>\n<h2>O Que \u00e9 a Conta de Luz Gratuita para Idosos?<\/h2>\n<p>A <a href=\"https:\/\/noticiasconcursos.com.br\/mais-aumento-conta-de-luz-deve-subir-em-2024-aponta-associacao\/\"><strong>conta de luz<\/strong><\/a> gratuita para idosos \u00e9 um programa beneficente implementado pela Companhia Energ\u00e9tica de Minas Gerais (Cemig). A empresa realiza sorteios regulares que concedem aos vencedores cr\u00e9ditos que podem ser usados para pagar suas contas de energia.<\/p>\n<blockquote>\n<p>\u201cA Companhia Energ\u00e9tica de Minas Gerais (Cemig) tem lan\u00e7ado programas com o objetivo de proporcionar descontos ou isen\u00e7\u00e3o total nas parcelas da conta de luz, incluindo benef\u00edcios direcionados aos idosos.\u201d<\/p>\n<\/blockquote>\n<h2>Como Participar no Sorteio?<\/h2>\n<p>Para participar do sorteio, os consumidores devem preencher certos crit\u00e9rios, principalmente relacionados \u00e0 vulnerabilidade econ\u00f4mica e social. Al\u00e9m disso, \u00e9 importante manter-se atualizado com as informa\u00e7\u00f5es sobre os sorteios e inscrever-se no prazo devido.<\/p>\n<h2>Requisitos para a Conta de Luz Gratuita para Idosos<\/h2>\n<div class=\"bs-irp left bs-irp-thumbnail-1\">\n<p>&#13;<br \/><span class=\"h-text heading-typo\">Voc\u00ea tamb\u00e9m pode gostar:<\/span>&#13; <\/p>\n<div class=\"code-block code-block-5\" style=\"margin: 8px auto; text-align: center; display: block; clear: both;\"> <a href=\"https:\/\/suaads.com\/ref\/ISMAELCOLOSI\" target=\"_blank\" rel=\"noopener\"><img data-recalc-dims=\"1\" decoding=\"async\" src=\"https:\/\/i0.wp.com\/suaurl.com\/img\/bannersref\/s.png?ssl=1\" alt=\"SuaUrl\"  style=\"max-width: 100%;\" class=\"lazy\" loading=\"lazy\"\/><noscript><img data-recalc-dims=\"1\" decoding=\"async\" src=\"https:\/\/i0.wp.com\/suaurl.com\/img\/bannersref\/s.png?ssl=1\" alt=\"SuaUrl\"  style=\"max-width: 100%;\"\/><\/noscript><\/a><\/div>\n<\/p><\/div>\n<p>Para ser eleg\u00edvel para a <a href=\"https:\/\/noticiasconcursos.com.br\/veja-como-conseguir-desconto-de-ate-65-na-conta-de-luz\/\"><strong>conta de luz<\/strong><\/a> gratuita para idosos, \u00e9 necess\u00e1rio:<\/p>\n<ol>\n<li><span class=\"flex items-start justify-start\">Estar inscrito no Cadastro \u00danico, um banco de dados do Governo Federal.<\/span><\/li>\n<li><span class=\"flex items-start justify-start\">Ter 65 anos ou mais.<\/span><\/li>\n<li><span class=\"flex items-start justify-start\">Ser benefici\u00e1rio do Benef\u00edcio de Presta\u00e7\u00e3o Continuada.<\/span><\/li>\n<li><span class=\"flex items-start justify-start\">Em alguns casos, o uso cont\u00ednuo de aparelhos que demandam energia el\u00e9trica pode tornar o indiv\u00edduo eleg\u00edvel para o sorteio.<\/span><\/li>\n<\/ol>\n<h2>Programa Federal de Desconto na Conta de Luz<\/h2>\n<p>Al\u00e9m do programa da Cemig, o Governo Federal tamb\u00e9m oferece um programa de desconto na conta de luz chamado Tarifa Social. Este programa oferece descontos com base na renda e no consumo de energia da fam\u00edlia.<\/p>\n<p>Para ser eleg\u00edvel, \u00e9 necess\u00e1rio:<\/p>\n<ol>\n<li><span class=\"flex items-start justify-start\">Manter os dados atualizados no Cadastro \u00danico.<\/span><\/li>\n<li><span class=\"flex items-start justify-start\">Ser benefici\u00e1rio do BPC LOAS da Previd\u00eancia Social.<\/span><\/li>\n<\/ol>\n<p>Os descontos variam de acordo com o consumo de energia, podendo chegar a 65% para quem consome at\u00e9 30 kWh por m\u00eas, com um limite de 220 kWh por m\u00eas.<\/p>\n<h2>Como Aderir ao Programa Federal de Desconto na Conta de Luz<\/h2>\n<p>Para aderir ao programa de desconto na conta de luz, basta acessar o site oficial e realizar o cadastro. Os passos exatos podem variar, mas geralmente incluem fornecer informa\u00e7\u00f5es pessoais e de renda, bem como detalhes sobre o consumo de energia.<\/p>\n<h2>Manter-se Informado<\/h2>\n<p>Para aproveitar ao m\u00e1ximo esses benef\u00edcios, \u00e9 importante estar sempre atualizado com as \u00faltimas not\u00edcias e informa\u00e7\u00f5es. Siga nossas redes sociais para receber atualiza\u00e7\u00f5es di\u00e1rias e gratuitas!<\/p>\n<p>A conta de luz gratuita para idosos \u00e9 uma iniciativa valiosa que pode aliviar significativamente o \u00f4nus financeiro sobre os idosos de baixa renda. Se voc\u00ea ou algu\u00e9m que conhece pode se beneficiar desse programa, incentive-os a se inscrever e a manter-se atualizado com as \u00faltimas not\u00edcias e informa\u00e7\u00f5es. Lembre-se, cada pequeno desconto pode fazer uma grande diferen\u00e7a!<\/p>\n<h2>Dicas para economizar energia el\u00e9trica<\/h2>\n<h2>Ilumina\u00e7\u00e3o Residencial Eficiente<\/h2>\n<p>As l\u00e2mpadas de LED s\u00e3o uma \u00f3tima op\u00e7\u00e3o para economizar energia. Elas s\u00e3o mais eficientes, iluminam mais e consomem menos energia em compara\u00e7\u00e3o com as l\u00e2mpadas incandescentes ou fluorescentes. Al\u00e9m disso, a ilumina\u00e7\u00e3o natural \u00e9 gratuita e deve ser aproveitada ao m\u00e1ximo. Para isso, invista em janelas grandes e paredes de cores claras, que refletem mais luz.<\/p>\n<h2>Desligue os Aparelhos da Tomada<\/h2>\n<p>Muitos aparelhos eletr\u00f4nicos continuam consumindo energia mesmo quando est\u00e3o em modo stand-by. Portanto, \u00e9 recomend\u00e1vel deslig\u00e1-los da tomada quando n\u00e3o estiverem em uso. Isso pode representar uma economia de at\u00e9 12% na <a href=\"https:\/\/noticiasconcursos.com.br\/conta-de-luz-veja-a-bandeira-tarifaria-que-ficara-em-vigor-no-pais-em-dezembro\/\"><strong>conta de luz<\/strong><\/a> ao final do m\u00eas.<\/p>\n<h2>Use o Ar-condicionado com Modera\u00e7\u00e3o<\/h2>\n<p>O ar-condicionado \u00e9 um grande consumidor de energia. Portanto, seu uso deve ser moderado. Quando poss\u00edvel, opte pelo uso do ventilador. Caso contr\u00e1rio, mantenha o ar-condicionado em temperaturas entre 23\u00baC e 25\u00baC e programe-o para desligar durante a madrugada.<\/p>\n<h2>Uso Consciente da Geladeira<\/h2>\n<p>A geladeira \u00e9 um eletrodom\u00e9stico essencial, mas seu uso deve ser consciente. Evite abrir a porta da geladeira constantemente e verifique regularmente a condi\u00e7\u00e3o da borracha de veda\u00e7\u00e3o da porta. Al\u00e9m disso, ajuste o termostato de acordo com a temperatura ambiente e evite colocar alimentos quentes na geladeira.<\/p>\n<h2>Fa\u00e7a uma Vistoria das Instala\u00e7\u00f5es El\u00e9tricas<\/h2>\n<p>As instala\u00e7\u00f5es el\u00e9tricas antigas ou malfeitas podem aumentar o consumo de energia. Portanto, \u00e9 recomend\u00e1vel contratar um eletricista para fazer uma vistoria e, se necess\u00e1rio, realizar as devidas corre\u00e7\u00f5es.<\/p>\n<h2>Escolha Eletrodom\u00e9sticos Eficientes<\/h2>\n<p>Ao trocar de eletrodom\u00e9sticos, opte por aqueles que t\u00eam o selo de efici\u00eancia energ\u00e9tica do Inmetro. Esses aparelhos consomem menos energia e ajudam a reduzir a <strong>conta de luz<\/strong>.<\/p>\n<\/p><\/div>\n<p><br \/>\n<br \/><a href=\"https:\/\/ismaelcolosi.com.br\/conta-de-luz-gratuita-para-idosos-veja-como-aderir-ao-programa-social\/\">Source link <\/a><\/p>\n<!-- CONTENT END 1 -->\n","protected":false},"excerpt":{"rendered":"<p>No cen\u00e1rio brasileiro, a dignidade e o bem-estar dos cidad\u00e3os idosos s\u00e3o protegidos por diversas leis e pol\u00edticas p\u00fablicas. Entre essas medidas, destaca-se a conta&#8230;<\/p>\n","protected":false},"author":1,"featured_media":12753,"comment_status":"open","ping_status":"open","sticky":false,"template":"","format":"standard","meta":{"advanced_seo_description":"","jetpack_seo_html_title":"","jetpack_seo_noindex":false,"jetpack_post_was_ever_published":false,"_jetpack_newsletter_access":"","_jetpack_dont_email_post_to_subs":false,"_jetpack_newsletter_tier_id":0,"_jetpack_memberships_contains_paywalled_content":false,"_jetpack_memberships_contains_paid_content":false,"footnotes":"","jetpack_publicize_message":"","jetpack_publicize_feature_enabled":true,"jetpack_social_post_already_shared":true,"jetpack_social_options":{"image_generator_settings":{"template":"highway","default_image_id":0,"font":"","enabled":false},"version":2}},"categories":[7],"tags":[],"class_list":["post-12752","post","type-post","status-publish","format-standard","has-post-thumbnail","hentry","category-vagas-de-empregos-em-ribeirao-preto-regiao-brasil"],"jetpack_publicize_connections":[],"jetpack_featured_media_url":"https:\/\/i0.wp.com\/noticiasribeiraopreto.com.br\/wp-content\/uploads\/2023\/12\/1702056464_s.png?fit=300%2C250&ssl=1","jetpack-related-posts":[{"id":23025,"url":"https:\/\/noticiasribeiraopreto.com.br\/index.php\/2023\/12\/31\/governo-confirma-inovacao-idosos-terao-isencao-total-na-conta-de-luz-nesse-estado-confira\/","url_meta":{"origin":12752,"position":0},"title":"Governo confirma inova\u00e7\u00e3o: Idosos ter\u00e3o isen\u00e7\u00e3o total na conta de luz nesse estado; confira","author":"noticiasribeiraopreto.com.br","date":"31 de December de 2023","format":false,"excerpt":"No cen\u00e1rio atual, existem benef\u00edcios espec\u00edficos dedicados a assegurar os direitos fundamentais dos idosos. Um deles \u00e9 a oportunidade de obter a isen\u00e7\u00e3o da conta de luz.\u00a0 Por\u00e9m, este privil\u00e9gio est\u00e1 dispon\u00edvel inicialmente apenas no estado de Minas Gerais. Isso se deve gra\u00e7as a uma colabora\u00e7\u00e3o entre o governo estadual\u2026","rel":"","context":"In &quot;Vagas de Emprego em Ribeir\u00e3o Preto-SP&quot;","block_context":{"text":"Vagas de Emprego em Ribeir\u00e3o Preto-SP","link":"https:\/\/noticiasribeiraopreto.com.br\/index.php\/category\/empregos-classificados-vagas-trabalho\/vagas-de-empregos-em-ribeirao-preto-regiao-brasil\/"},"img":{"alt_text":"","src":"https:\/\/i0.wp.com\/noticiasribeiraopreto.com.br\/wp-content\/uploads\/2023\/12\/noticiasconcursos.com_.br-governo-confirma-inovacao-idosos-terao-isencao-total-na-conta-de-luz-nesse-estado-confira-conta-de-luz.jpg?fit=922%2C476&ssl=1&resize=350%2C200","width":350,"height":200,"srcset":"https:\/\/i0.wp.com\/noticiasribeiraopreto.com.br\/wp-content\/uploads\/2023\/12\/noticiasconcursos.com_.br-governo-confirma-inovacao-idosos-terao-isencao-total-na-conta-de-luz-nesse-estado-confira-conta-de-luz.jpg?fit=922%2C476&ssl=1&resize=350%2C200 1x, https:\/\/i0.wp.com\/noticiasribeiraopreto.com.br\/wp-content\/uploads\/2023\/12\/noticiasconcursos.com_.br-governo-confirma-inovacao-idosos-terao-isencao-total-na-conta-de-luz-nesse-estado-confira-conta-de-luz.jpg?fit=922%2C476&ssl=1&resize=525%2C300 1.5x, https:\/\/i0.wp.com\/noticiasribeiraopreto.com.br\/wp-content\/uploads\/2023\/12\/noticiasconcursos.com_.br-governo-confirma-inovacao-idosos-terao-isencao-total-na-conta-de-luz-nesse-estado-confira-conta-de-luz.jpg?fit=922%2C476&ssl=1&resize=700%2C400 2x"},"classes":[]},{"id":20434,"url":"https:\/\/noticiasribeiraopreto.com.br\/index.php\/2023\/12\/25\/idosos-ganham-beneficio-para-contas-em-2024-descubra-como\/","url_meta":{"origin":12752,"position":1},"title":"Idosos Ganham Benef\u00edcio para Contas em 2024; descubra como!","author":"noticiasribeiraopreto.com.br","date":"25 de December de 2023","format":false,"excerpt":"Os idosos no Brasil ganhar\u00e3o novos benef\u00edcios relacionados ao pagamento de contas a partir de 2024. Essas mudan\u00e7as na lei do superendividamento t\u00eam como objetivo trazer mais seguran\u00e7a financeira para essa parcela da popula\u00e7\u00e3o. Com as altera\u00e7\u00f5es, os idosos ter\u00e3o a possibilidade de renegociar suas d\u00edvidas e contar com condi\u00e7\u00f5es\u2026","rel":"","context":"In &quot;Vagas de Emprego em Ribeir\u00e3o Preto-SP&quot;","block_context":{"text":"Vagas de Emprego em Ribeir\u00e3o Preto-SP","link":"https:\/\/noticiasribeiraopreto.com.br\/index.php\/category\/empregos-classificados-vagas-trabalho\/vagas-de-empregos-em-ribeirao-preto-regiao-brasil\/"},"img":{"alt_text":"","src":"","width":0,"height":0},"classes":[]},{"id":73566,"url":"https:\/\/noticiasribeiraopreto.com.br\/index.php\/2025\/07\/04\/desconto-na-conta-de-luz-saiba-como-vai-funcionar-a-nova-tarifa-social\/","url_meta":{"origin":12752,"position":2},"title":"Desconto na conta de luz? Saiba como vai funcionar a nova tarifa social","author":"noticiasribeiraopreto.com.br","date":"4 de July de 2025","format":false,"excerpt":"A partir deste s\u00e1bado (5), entra em vigor a nova tarifa social de energia el\u00e9trica. Ela prev\u00ea gratuidade na conta para fam\u00edlias benefici\u00e1rias do Cadastro \u00danico (Cad\u00danico) que consumirem at\u00e9 80 kWh por m\u00eas. A medida faz parte de uma Medida Provis\u00f3ria (MP) publicada em maio no Di\u00e1rio Oficial da\u2026","rel":"","context":"In &quot;Not\u00edcias de Ribeir\u00e3o Preto-SP e Regi\u00e3o&quot;","block_context":{"text":"Not\u00edcias de Ribeir\u00e3o Preto-SP e Regi\u00e3o","link":"https:\/\/noticiasribeiraopreto.com.br\/index.php\/category\/noticias-de-ribeirao-preto-sp-e-regiao-ismael-colosi\/"},"img":{"alt_text":"","src":"https:\/\/i0.wp.com\/noticiasribeiraopreto.com.br\/wp-content\/uploads\/2025\/07\/Copia-de-Copia-de-Copia-de-TAMANHO-EXATO-PARA-FOTOS-NO-SISTEMA-NOVO-2025-07-04T183433.247_2025-07-04_21-35-42.webp.webp?fit=1200%2C675&ssl=1&resize=350%2C200","width":350,"height":200,"srcset":"https:\/\/i0.wp.com\/noticiasribeiraopreto.com.br\/wp-content\/uploads\/2025\/07\/Copia-de-Copia-de-Copia-de-TAMANHO-EXATO-PARA-FOTOS-NO-SISTEMA-NOVO-2025-07-04T183433.247_2025-07-04_21-35-42.webp.webp?fit=1200%2C675&ssl=1&resize=350%2C200 1x, https:\/\/i0.wp.com\/noticiasribeiraopreto.com.br\/wp-content\/uploads\/2025\/07\/Copia-de-Copia-de-Copia-de-TAMANHO-EXATO-PARA-FOTOS-NO-SISTEMA-NOVO-2025-07-04T183433.247_2025-07-04_21-35-42.webp.webp?fit=1200%2C675&ssl=1&resize=525%2C300 1.5x, https:\/\/i0.wp.com\/noticiasribeiraopreto.com.br\/wp-content\/uploads\/2025\/07\/Copia-de-Copia-de-Copia-de-TAMANHO-EXATO-PARA-FOTOS-NO-SISTEMA-NOVO-2025-07-04T183433.247_2025-07-04_21-35-42.webp.webp?fit=1200%2C675&ssl=1&resize=700%2C400 2x, https:\/\/i0.wp.com\/noticiasribeiraopreto.com.br\/wp-content\/uploads\/2025\/07\/Copia-de-Copia-de-Copia-de-TAMANHO-EXATO-PARA-FOTOS-NO-SISTEMA-NOVO-2025-07-04T183433.247_2025-07-04_21-35-42.webp.webp?fit=1200%2C675&ssl=1&resize=1050%2C600 3x"},"classes":[]},{"id":14562,"url":"https:\/\/noticiasribeiraopreto.com.br\/index.php\/2023\/12\/12\/da-para-pedir-emprestimo-pelo-whatsapp-para-pagar-na-conta-de-luz\/","url_meta":{"origin":12752,"position":3},"title":"D\u00e1 para PEDIR EMPR\u00c9STIMO pelo WhatsApp para pagar na CONTA DE LUZ?","author":"noticiasribeiraopreto.com.br","date":"12 de December de 2023","format":false,"excerpt":"Ser\u00e1 vi\u00e1vel realizar um empr\u00e9stimo atrav\u00e9s da fatura de energia utilizando o WhatsApp? A oferta desse tipo de servi\u00e7o por meio do app tem se tornado frequente. Entretanto, associada a essa praticidade, surgem preocupa\u00e7\u00f5es relacionadas \u00e0 seguran\u00e7a e confiabilidade, as quais os consumidores devem estar atentos. Neste momento, exploraremos a\u2026","rel":"","context":"In &quot;Vagas de Emprego em Ribeir\u00e3o Preto-SP&quot;","block_context":{"text":"Vagas de Emprego em Ribeir\u00e3o Preto-SP","link":"https:\/\/noticiasribeiraopreto.com.br\/index.php\/category\/empregos-classificados-vagas-trabalho\/vagas-de-empregos-em-ribeirao-preto-regiao-brasil\/"},"img":{"alt_text":"","src":"https:\/\/i0.wp.com\/noticiasribeiraopreto.com.br\/wp-content\/uploads\/2023\/12\/noticiasconcursos.com_.br-a-82.jpg?fit=1200%2C800&ssl=1&resize=350%2C200","width":350,"height":200,"srcset":"https:\/\/i0.wp.com\/noticiasribeiraopreto.com.br\/wp-content\/uploads\/2023\/12\/noticiasconcursos.com_.br-a-82.jpg?fit=1200%2C800&ssl=1&resize=350%2C200 1x, https:\/\/i0.wp.com\/noticiasribeiraopreto.com.br\/wp-content\/uploads\/2023\/12\/noticiasconcursos.com_.br-a-82.jpg?fit=1200%2C800&ssl=1&resize=525%2C300 1.5x, https:\/\/i0.wp.com\/noticiasribeiraopreto.com.br\/wp-content\/uploads\/2023\/12\/noticiasconcursos.com_.br-a-82.jpg?fit=1200%2C800&ssl=1&resize=700%2C400 2x, https:\/\/i0.wp.com\/noticiasribeiraopreto.com.br\/wp-content\/uploads\/2023\/12\/noticiasconcursos.com_.br-a-82.jpg?fit=1200%2C800&ssl=1&resize=1050%2C600 3x"},"classes":[]},{"id":36098,"url":"https:\/\/noticiasribeiraopreto.com.br\/index.php\/2024\/02\/08\/atencao-emprestimo-na-conta-de-luz-ja-esta-disponivel-para-ser-retirado-atraves-do-whatsapp-saiba-como-funciona\/","url_meta":{"origin":12752,"position":4},"title":"Aten\u00e7\u00e3o! Empr\u00e9stimo na conta de luz j\u00e1 est\u00e1 dispon\u00edvel para ser retirado atrav\u00e9s do WhatsApp; Saiba como funciona","author":"noticiasribeiraopreto.com.br","date":"8 de February de 2024","format":false,"excerpt":"Desde 2019, diversos parceiros financeiros t\u00eam oferecido empr\u00e9stimos na conta de luz para pessoas negativas ou com score (scores) baixo. Assim, o cr\u00e9dito \u00e9 descontado diretamente da conta de luz, e um valor adicional \u00e9 adicionado \u00e0 conta todos os meses at\u00e9 que o empr\u00e9stimo seja quitado. Isso possibilita a\u2026","rel":"","context":"In &quot;Dinheiro e Investimento&quot;","block_context":{"text":"Dinheiro e Investimento","link":"https:\/\/noticiasribeiraopreto.com.br\/index.php\/category\/dinheiro-e-investimento-como-fazer-como-ganhar\/"},"img":{"alt_text":"","src":"https:\/\/i0.wp.com\/noticiasribeiraopreto.com.br\/wp-content\/uploads\/2024\/02\/dinheiro7.jpg?fit=1200%2C750&ssl=1&resize=350%2C200","width":350,"height":200,"srcset":"https:\/\/i0.wp.com\/noticiasribeiraopreto.com.br\/wp-content\/uploads\/2024\/02\/dinheiro7.jpg?fit=1200%2C750&ssl=1&resize=350%2C200 1x, https:\/\/i0.wp.com\/noticiasribeiraopreto.com.br\/wp-content\/uploads\/2024\/02\/dinheiro7.jpg?fit=1200%2C750&ssl=1&resize=525%2C300 1.5x, https:\/\/i0.wp.com\/noticiasribeiraopreto.com.br\/wp-content\/uploads\/2024\/02\/dinheiro7.jpg?fit=1200%2C750&ssl=1&resize=700%2C400 2x, https:\/\/i0.wp.com\/noticiasribeiraopreto.com.br\/wp-content\/uploads\/2024\/02\/dinheiro7.jpg?fit=1200%2C750&ssl=1&resize=1050%2C600 3x"},"classes":[]},{"id":37913,"url":"https:\/\/noticiasribeiraopreto.com.br\/index.php\/2024\/02\/19\/bolsa-familia-beneficiarios-do-programa-ganham-isencao-em-mais-um-pagamento-mensal-confira\/","url_meta":{"origin":12752,"position":5},"title":"Bolsa fam\u00edlia: Benefici\u00e1rios do Programa ganham ISEN\u00c7\u00c3O em mais um pagamento mensal; Confira!","author":"noticiasribeiraopreto.com.br","date":"19 de February de 2024","format":false,"excerpt":"Os chefes de fam\u00edlia que fazem parte do Bolsa Fam\u00edlia podem receber o aux\u00edlio emergencial no bolso ap\u00f3s participarem de determinados programas. Voc\u00ea pode reduzir sua conta de luz mensal em at\u00e9 65%. Para isso, \u00e9 importante estar em um \u00fanico cadastro e utilizar os dados mais atualizados. Quem est\u00e1\u2026","rel":"","context":"In &quot;Dinheiro e Investimento&quot;","block_context":{"text":"Dinheiro e Investimento","link":"https:\/\/noticiasribeiraopreto.com.br\/index.php\/category\/dinheiro-e-investimento-como-fazer-como-ganhar\/"},"img":{"alt_text":"","src":"https:\/\/i0.wp.com\/noticiasribeiraopreto.com.br\/wp-content\/uploads\/2024\/02\/reuniao-semanal-equipe-borcelle.webp.png?fit=1200%2C630&ssl=1&resize=350%2C200","width":350,"height":200,"srcset":"https:\/\/i0.wp.com\/noticiasribeiraopreto.com.br\/wp-content\/uploads\/2024\/02\/reuniao-semanal-equipe-borcelle.webp.png?fit=1200%2C630&ssl=1&resize=350%2C200 1x, https:\/\/i0.wp.com\/noticiasribeiraopreto.com.br\/wp-content\/uploads\/2024\/02\/reuniao-semanal-equipe-borcelle.webp.png?fit=1200%2C630&ssl=1&resize=525%2C300 1.5x, https:\/\/i0.wp.com\/noticiasribeiraopreto.com.br\/wp-content\/uploads\/2024\/02\/reuniao-semanal-equipe-borcelle.webp.png?fit=1200%2C630&ssl=1&resize=700%2C400 2x, https:\/\/i0.wp.com\/noticiasribeiraopreto.com.br\/wp-content\/uploads\/2024\/02\/reuniao-semanal-equipe-borcelle.webp.png?fit=1200%2C630&ssl=1&resize=1050%2C600 3x"},"classes":[]}],"jetpack_sharing_enabled":true,"jetpack_shortlink":"https:\/\/wp.me\/peQAOb-3jG","_links":{"self":[{"href":"https:\/\/noticiasribeiraopreto.com.br\/index.php\/wp-json\/wp\/v2\/posts\/12752","targetHints":{"allow":["GET"]}}],"collection":[{"href":"https:\/\/noticiasribeiraopreto.com.br\/index.php\/wp-json\/wp\/v2\/posts"}],"about":[{"href":"https:\/\/noticiasribeiraopreto.com.br\/index.php\/wp-json\/wp\/v2\/types\/post"}],"author":[{"embeddable":true,"href":"https:\/\/noticiasribeiraopreto.com.br\/index.php\/wp-json\/wp\/v2\/users\/1"}],"replies":[{"embeddable":true,"href":"https:\/\/noticiasribeiraopreto.com.br\/index.php\/wp-json\/wp\/v2\/comments?post=12752"}],"version-history":[{"count":0,"href":"https:\/\/noticiasribeiraopreto.com.br\/index.php\/wp-json\/wp\/v2\/posts\/12752\/revisions"}],"wp:featuredmedia":[{"embeddable":true,"href":"https:\/\/noticiasribeiraopreto.com.br\/index.php\/wp-json\/wp\/v2\/media\/12753"}],"wp:attachment":[{"href":"https:\/\/noticiasribeiraopreto.com.br\/index.php\/wp-json\/wp\/v2\/media?parent=12752"}],"wp:term":[{"taxonomy":"category","embeddable":true,"href":"https:\/\/noticiasribeiraopreto.com.br\/index.php\/wp-json\/wp\/v2\/categories?post=12752"},{"taxonomy":"post_tag","embeddable":true,"href":"https:\/\/noticiasribeiraopreto.com.br\/index.php\/wp-json\/wp\/v2\/tags?post=12752"}],"curies":[{"name":"wp","href":"https:\/\/api.w.org\/{rel}","templated":true}]}}