{"id":12793,"date":"2023-12-08T15:49:17","date_gmt":"2023-12-08T18:49:17","guid":{"rendered":"https:\/\/noticiasribeiraopreto.com.br\/index.php\/2023\/12\/08\/marcia-sensitiva-compartilha-previsoes-para-os-famosos-em-2024-e-faz-alerta-para-luciano-huck-e-ana-maria-braga\/"},"modified":"2023-12-08T15:49:17","modified_gmt":"2023-12-08T18:49:17","slug":"marcia-sensitiva-compartilha-previsoes-para-os-famosos-em-2024-e-faz-alerta-para-luciano-huck-e-ana-maria-braga","status":"publish","type":"post","link":"https:\/\/noticiasribeiraopreto.com.br\/index.php\/2023\/12\/08\/marcia-sensitiva-compartilha-previsoes-para-os-famosos-em-2024-e-faz-alerta-para-luciano-huck-e-ana-maria-braga\/","title":{"rendered":"M\u00e1rcia Sensitiva compartilha previs\u00f5es para os famosos em 2024 e faz alerta para Luciano Huck e Ana Maria Braga"},"content":{"rendered":"<div class='code-block code-block-1' style='margin: 8px 0 8px auto; text-align: right; display: block; clear: both;'>\n<p><a href=\"https:\/\/wa.link\/vpicfd\"><img data-recalc-dims=\"1\" class=\"wp-image-4922\" style=\"aspect-ratio: 2.0253164556962027; width: 561px; height: auto;\" src=\"https:\/\/i0.wp.com\/ismaelcolosi.com.br\/wp-content\/uploads\/2023\/11\/grupo-de-empregos-whatsapp-e-facebook-ismael-colosi-vagas.jpg?ssl=1\" alt=\"\" \/><\/a><\/p>\n<!-- \/wp:image -->\n<\/div>\n<p> <br \/>\n<\/p>\n<div itemprop=\"text\">\n<p>A vidente M\u00e1rcia Sensitiva, bastante conhecida no meio artist\u00edco, trouxe algumas previs\u00f5es sobre o futuro de alguns famosos brasileiros, chamando aten\u00e7\u00e3o por aquilo que foi dito.<\/p>\n<p>Em rela\u00e7\u00e3o a Luciano Huck, M\u00e1rcia alegou que enxerga um ano de prosperidade para o apresentador, mas avisou sobre poss\u00edveis desgastes no casamento com a tamb\u00e9m famosa Ang\u00e9lica.<\/p>\n<p><strong>\u201cSe essa pessoa \u00e9 casada, pode ter encrenca e uma poss\u00edvel separa\u00e7\u00e3o. Precisa tomar cuidado com o desgaste\u201d<\/strong>, disse a astr\u00f3loga, ao falar sobre o assunto.<\/p>\n<p>E em rela\u00e7\u00e3o a Ana Maria Braga, ela alertou que a apresentadora dever\u00e1 se preocupar com sua sa\u00fade, que Braga ir\u00e1 realizar diversas viagens e que tamb\u00e9m surgir\u00e1 um novo amor em sua vida.<\/p>\n<p>M\u00e1rcia tamb\u00e9m realizou previs\u00f5es para o futuro de F\u00e1tima Bernardes, alegando que enxergou muita prosperidade para a comunicadora, que ela conquistar\u00e1 muito sucesso pessoal em sua carreira e em sua vida pessoal.<\/p>\n<p><iframe loading=\"lazy\" title=\"Marcia Sensitiva faz previs\u00e3o para famosos e alerta Luciano Huck: &quot;Cuidado&quot;\" width=\"500\" height=\"281\" src=\"https:\/\/www.youtube.com\/embed\/5GgIm9hbzHs?feature=oembed\" frameborder=\"0\" allow=\"accelerometer; autoplay; clipboard-write; encrypted-media; gyroscope; picture-in-picture; web-share\" referrerpolicy=\"strict-origin-when-cross-origin\" allowfullscreen><\/iframe><\/p>\n<p>Para ela, F\u00e1tima \u00e9 uma mulher muito correta e conseguir\u00e1 alcan\u00e7ar muitos de seus sonhos, como realizar uma viagem pelo mundo. Em rela\u00e7\u00e3o a Marcos Mion, a sensitiva comentou que o apresentador passar\u00e1 por uma fase criativa e bastante pr\u00f3spera.<\/p>\n<p>Contudo, o ano ser\u00e1 marcado por trabalho intenso e algu\u00e9m de sua fam\u00edlia provavelmente ir\u00e1 adoecer, o que far\u00e1 com que o apresentador tenha que gastar com sa\u00fade.<\/p>\n<p>As previs\u00f5es da sensitiva geraram grandes repercuss\u00f5es nas redes sociais, pois ela \u00e9 bastante conhecida neste meio. Muitos a acompanham de perto em rela\u00e7\u00e3o a suas leituras para o futuro.<\/p>\n<\/div>\n<p><br \/>\n<br \/><a href=\"https:\/\/fnmais.com\/video-marcia-sensitiva-compartilha-previsoes-para-famosos-em-2024-faz-alerta-para-luciano-huck-ana-maria-braga\/\">Source link <\/a><\/p>\n<!-- CONTENT END 1 -->\n","protected":false},"excerpt":{"rendered":"<p>A vidente M\u00e1rcia Sensitiva, bastante conhecida no meio artist\u00edco, trouxe algumas previs\u00f5es sobre o futuro de alguns famosos brasileiros, chamando aten\u00e7\u00e3o por aquilo que foi&#8230;<\/p>\n","protected":false},"author":1,"featured_media":12794,"comment_status":"open","ping_status":"open","sticky":false,"template":"","format":"standard","meta":{"advanced_seo_description":"","jetpack_seo_html_title":"","jetpack_seo_noindex":false,"jetpack_post_was_ever_published":false,"_jetpack_newsletter_access":"","_jetpack_dont_email_post_to_subs":false,"_jetpack_newsletter_tier_id":0,"_jetpack_memberships_contains_paywalled_content":false,"_jetpack_memberships_contains_paid_content":false,"footnotes":"","jetpack_publicize_message":"","jetpack_publicize_feature_enabled":true,"jetpack_social_post_already_shared":true,"jetpack_social_options":{"image_generator_settings":{"template":"highway","default_image_id":0,"font":"","enabled":false},"version":2}},"categories":[1],"tags":[],"class_list":["post-12793","post","type-post","status-publish","format-standard","has-post-thumbnail","hentry","category-blog"],"jetpack_publicize_connections":[],"jetpack_featured_media_url":"https:\/\/i0.wp.com\/noticiasribeiraopreto.com.br\/wp-content\/uploads\/2023\/12\/postimg-6573577dd0e1c2990.jpg?fit=1200%2C628&ssl=1","jetpack-related-posts":[{"id":6832,"url":"https:\/\/noticiasribeiraopreto.com.br\/index.php\/2023\/11\/27\/vidente-rodrigo-tudor-faz-previsoes-para-o-ano-de-2024-e-expoe-o-que-enxerga-para-o-brasil-o-mundo-e-os-famosos\/","url_meta":{"origin":12793,"position":0},"title":"Vidente Rodrigo Tudor faz previs\u00f5es para o ano de 2024 e exp\u00f5e o que enxerga para o Brasil, o mundo e os famosos","author":"noticiasribeiraopreto.com.br","date":"27 de November de 2023","format":false,"excerpt":"De forma recente, o vidente Rodrigo Tudor realizou previs\u00f5es para o ano de 2024. Em um novo v\u00eddeo, ele iniciou falando sobre as cores para o pr\u00f3ximo ano, alegando que o preto, branco, azul claro, vermelho e roxo s\u00e3o os destaques para o ano que que est\u00e1 chegando.Diante do assunto,\u2026","rel":"","context":"In &quot;Blog&quot;","block_context":{"text":"Blog","link":"https:\/\/noticiasribeiraopreto.com.br\/index.php\/category\/blog\/"},"img":{"alt_text":"","src":"https:\/\/i0.wp.com\/noticiasribeiraopreto.com.br\/wp-content\/uploads\/2023\/11\/postimg-65641dae41c581909.jpg?fit=1200%2C628&ssl=1&resize=350%2C200","width":350,"height":200,"srcset":"https:\/\/i0.wp.com\/noticiasribeiraopreto.com.br\/wp-content\/uploads\/2023\/11\/postimg-65641dae41c581909.jpg?fit=1200%2C628&ssl=1&resize=350%2C200 1x, https:\/\/i0.wp.com\/noticiasribeiraopreto.com.br\/wp-content\/uploads\/2023\/11\/postimg-65641dae41c581909.jpg?fit=1200%2C628&ssl=1&resize=525%2C300 1.5x, https:\/\/i0.wp.com\/noticiasribeiraopreto.com.br\/wp-content\/uploads\/2023\/11\/postimg-65641dae41c581909.jpg?fit=1200%2C628&ssl=1&resize=700%2C400 2x, https:\/\/i0.wp.com\/noticiasribeiraopreto.com.br\/wp-content\/uploads\/2023\/11\/postimg-65641dae41c581909.jpg?fit=1200%2C628&ssl=1&resize=1050%2C600 3x"},"classes":[]},{"id":8821,"url":"https:\/\/noticiasribeiraopreto.com.br\/index.php\/2023\/11\/30\/marcia-sensitiva-faz-previsao-apocaliptica-e-o-fim-dos-tempos-muita-gente-vai-desencarnar\/","url_meta":{"origin":12793,"position":1},"title":"M\u00e1rcia Sensitiva faz previs\u00e3o apocal\u00edptica \u00e9 o fim dos tempos: \u2018Muita gente vai desencarnar\u2019","author":"noticiasribeiraopreto.com.br","date":"30 de November de 2023","format":false,"excerpt":"A vidente M\u00e1rcia Sensitiva que \u00e9 conhecida por ter realizadas algumas previs\u00f5es assertivas, principalmente quando se trata de famosos.M\u00e1rcia Sensitiva, a astr\u00f3loga, fez uma previs\u00e3o impactante sobre um poss\u00edvel fim dos tempos durante uma entrevista no programa de podcast \u201cPod delas\u201d.Ainda segundo M\u00e1rcia Sensitiva, o planeta terra est\u00e1 passando por\u2026","rel":"","context":"In &quot;Blog&quot;","block_context":{"text":"Blog","link":"https:\/\/noticiasribeiraopreto.com.br\/index.php\/category\/blog\/"},"img":{"alt_text":"","src":"https:\/\/i0.wp.com\/noticiasribeiraopreto.com.br\/wp-content\/uploads\/2023\/11\/postimg-656943805930d5452.jpg?fit=1200%2C628&ssl=1&resize=350%2C200","width":350,"height":200,"srcset":"https:\/\/i0.wp.com\/noticiasribeiraopreto.com.br\/wp-content\/uploads\/2023\/11\/postimg-656943805930d5452.jpg?fit=1200%2C628&ssl=1&resize=350%2C200 1x, https:\/\/i0.wp.com\/noticiasribeiraopreto.com.br\/wp-content\/uploads\/2023\/11\/postimg-656943805930d5452.jpg?fit=1200%2C628&ssl=1&resize=525%2C300 1.5x, https:\/\/i0.wp.com\/noticiasribeiraopreto.com.br\/wp-content\/uploads\/2023\/11\/postimg-656943805930d5452.jpg?fit=1200%2C628&ssl=1&resize=700%2C400 2x, https:\/\/i0.wp.com\/noticiasribeiraopreto.com.br\/wp-content\/uploads\/2023\/11\/postimg-656943805930d5452.jpg?fit=1200%2C628&ssl=1&resize=1050%2C600 3x"},"classes":[]},{"id":26339,"url":"https:\/\/noticiasribeiraopreto.com.br\/index.php\/2024\/01\/09\/video-ana-maria-braga-vive-momento-estarrecedor-e-faz-apelo-nas-redes-sociais-to-pedindo-socorro-aqui\/","url_meta":{"origin":12793,"position":2},"title":"V\u00cdDEO: Ana Maria Braga vive momento estarrecedor e faz apelo nas redes sociais: \u2018to pedindo socorro aqui\u2019","author":"noticiasribeiraopreto.com.br","date":"9 de January de 2024","format":false,"excerpt":"A querida jornalista e apresentadora Ana Maria Braga viveu momentos de muita tens\u00e3o e usou as redes sociais para fazer um apelo em busca de socorro.Ana Maria Braga, que \u00e9 conhecida em todo o Brasil por seu carisma e compet\u00eancia, est\u00e1 h\u00e1 v\u00e1rios anos no comando do atrativo Global, \u2018Mais\u2026","rel":"","context":"In &quot;Blog&quot;","block_context":{"text":"Blog","link":"https:\/\/noticiasribeiraopreto.com.br\/index.php\/category\/blog\/"},"img":{"alt_text":"","src":"https:\/\/i0.wp.com\/noticiasribeiraopreto.com.br\/wp-content\/uploads\/2024\/01\/postimg-659dcf7f927498652.jpg?fit=1200%2C628&ssl=1&resize=350%2C200","width":350,"height":200,"srcset":"https:\/\/i0.wp.com\/noticiasribeiraopreto.com.br\/wp-content\/uploads\/2024\/01\/postimg-659dcf7f927498652.jpg?fit=1200%2C628&ssl=1&resize=350%2C200 1x, https:\/\/i0.wp.com\/noticiasribeiraopreto.com.br\/wp-content\/uploads\/2024\/01\/postimg-659dcf7f927498652.jpg?fit=1200%2C628&ssl=1&resize=525%2C300 1.5x, https:\/\/i0.wp.com\/noticiasribeiraopreto.com.br\/wp-content\/uploads\/2024\/01\/postimg-659dcf7f927498652.jpg?fit=1200%2C628&ssl=1&resize=700%2C400 2x, https:\/\/i0.wp.com\/noticiasribeiraopreto.com.br\/wp-content\/uploads\/2024\/01\/postimg-659dcf7f927498652.jpg?fit=1200%2C628&ssl=1&resize=1050%2C600 3x"},"classes":[]},{"id":63094,"url":"https:\/\/noticiasribeiraopreto.com.br\/index.php\/2025\/02\/02\/ana-maria-braga-e-atendida-em-hospital-apos-ser-picada-por-escorpiao-no-interior-de-sp\/","url_meta":{"origin":12793,"position":3},"title":"Ana Maria Braga \u00e9 atendida em hospital ap\u00f3s ser picada por escorpi\u00e3o no interior de SP","author":"noticiasribeiraopreto.com.br","date":"2 de February de 2025","format":false,"excerpt":"A apresentadora Ana Maria Braga, que \u00e9 nascida em S\u00e3o Joaquim da Barra, na regi\u00e3o de Ribeir\u00e3o Preto, precisou passar por atendimento m\u00e9dico no \u00faltimo s\u00e1bado (1\u00ba de fevereiro) ap\u00f3s ser picada por um escorpi\u00e3o. O incidente aconteceu na fazenda da apresentadora em Bofete, no interior de S\u00e3o Paulo. Ana\u2026","rel":"","context":"In &quot;Not\u00edcias de Ribeir\u00e3o Preto-SP e Regi\u00e3o&quot;","block_context":{"text":"Not\u00edcias de Ribeir\u00e3o Preto-SP e Regi\u00e3o","link":"https:\/\/noticiasribeiraopreto.com.br\/index.php\/category\/noticias-de-ribeirao-preto-sp-e-regiao-ismael-colosi\/"},"img":{"alt_text":"","src":"https:\/\/i0.wp.com\/noticiasribeiraopreto.com.br\/wp-content\/uploads\/2025\/02\/ana-maria-braga_2025-02-02_17-56-43_jpg_2025-02-02_17-56-43.webp.webp?fit=718%2C557&ssl=1&resize=350%2C200","width":350,"height":200,"srcset":"https:\/\/i0.wp.com\/noticiasribeiraopreto.com.br\/wp-content\/uploads\/2025\/02\/ana-maria-braga_2025-02-02_17-56-43_jpg_2025-02-02_17-56-43.webp.webp?fit=718%2C557&ssl=1&resize=350%2C200 1x, https:\/\/i0.wp.com\/noticiasribeiraopreto.com.br\/wp-content\/uploads\/2025\/02\/ana-maria-braga_2025-02-02_17-56-43_jpg_2025-02-02_17-56-43.webp.webp?fit=718%2C557&ssl=1&resize=525%2C300 1.5x, https:\/\/i0.wp.com\/noticiasribeiraopreto.com.br\/wp-content\/uploads\/2025\/02\/ana-maria-braga_2025-02-02_17-56-43_jpg_2025-02-02_17-56-43.webp.webp?fit=718%2C557&ssl=1&resize=700%2C400 2x"},"classes":[]},{"id":66386,"url":"https:\/\/noticiasribeiraopreto.com.br\/index.php\/2025\/03\/31\/ana-maria-braga-se-casara-em-capela-construida-em-sua-fazenda-no-interior-de-sp\/","url_meta":{"origin":12793,"position":4},"title":"Ana Maria Braga se casar\u00e1 em capela constru\u00edda em sua fazenda no interior de SP","author":"noticiasribeiraopreto.com.br","date":"31 de March de 2025","format":false,"excerpt":"Ana Maria Braga anunciou a data e o local do seu casamento. De acordo com a apresentadora, ela e F\u00e1bio Arruda trocar\u00e3o alian\u00e7as no dia 4 de julho deste ano, na capela constru\u00edda em sua fazenda, em Bofete, no interior de S\u00e3o Paulo. Durante a pandemia de covid-19, Ana Maria\u2026","rel":"","context":"In &quot;Not\u00edcias de Ribeir\u00e3o Preto-SP e Regi\u00e3o&quot;","block_context":{"text":"Not\u00edcias de Ribeir\u00e3o Preto-SP e Regi\u00e3o","link":"https:\/\/noticiasribeiraopreto.com.br\/index.php\/category\/noticias-de-ribeirao-preto-sp-e-regiao-ismael-colosi\/"},"img":{"alt_text":"","src":"https:\/\/i0.wp.com\/noticiasribeiraopreto.com.br\/wp-content\/uploads\/2025\/03\/Copia-de-Copia-de-Copia-de-TAMANHO-EXATO-PARA-FOTOS-NO-SISTEMA-NOVO-2025-03-31T150505.427_2025-03-31_18-06-11_png_2025-03-31_18-06-11.webp.webp?fit=1200%2C675&ssl=1&resize=350%2C200","width":350,"height":200,"srcset":"https:\/\/i0.wp.com\/noticiasribeiraopreto.com.br\/wp-content\/uploads\/2025\/03\/Copia-de-Copia-de-Copia-de-TAMANHO-EXATO-PARA-FOTOS-NO-SISTEMA-NOVO-2025-03-31T150505.427_2025-03-31_18-06-11_png_2025-03-31_18-06-11.webp.webp?fit=1200%2C675&ssl=1&resize=350%2C200 1x, https:\/\/i0.wp.com\/noticiasribeiraopreto.com.br\/wp-content\/uploads\/2025\/03\/Copia-de-Copia-de-Copia-de-TAMANHO-EXATO-PARA-FOTOS-NO-SISTEMA-NOVO-2025-03-31T150505.427_2025-03-31_18-06-11_png_2025-03-31_18-06-11.webp.webp?fit=1200%2C675&ssl=1&resize=525%2C300 1.5x, https:\/\/i0.wp.com\/noticiasribeiraopreto.com.br\/wp-content\/uploads\/2025\/03\/Copia-de-Copia-de-Copia-de-TAMANHO-EXATO-PARA-FOTOS-NO-SISTEMA-NOVO-2025-03-31T150505.427_2025-03-31_18-06-11_png_2025-03-31_18-06-11.webp.webp?fit=1200%2C675&ssl=1&resize=700%2C400 2x, https:\/\/i0.wp.com\/noticiasribeiraopreto.com.br\/wp-content\/uploads\/2025\/03\/Copia-de-Copia-de-Copia-de-TAMANHO-EXATO-PARA-FOTOS-NO-SISTEMA-NOVO-2025-03-31T150505.427_2025-03-31_18-06-11_png_2025-03-31_18-06-11.webp.webp?fit=1200%2C675&ssl=1&resize=1050%2C600 3x"},"classes":[]},{"id":38535,"url":"https:\/\/noticiasribeiraopreto.com.br\/index.php\/2024\/02\/20\/apos-as-falas-de-lula-luciano-huck-parte-pra-cima-dele-e-dispara-voce-vai-mo-ver-mais\/","url_meta":{"origin":12793,"position":5},"title":"Ap\u00f3s as falas de Lula, Luciano Huck \u2018Parte Pra Cima\u2019 dele e dispara; \u2018Voc\u00ea vai mo\u2026 Ver Mais","author":"noticiasribeiraopreto.com.br","date":"20 de February de 2024","format":false,"excerpt":"Luciano Huck, apresentador bastante conhecido, noticiou cr\u00edticas em rela\u00e7\u00e3o ao presidente da Rep\u00fablica, Luiz In\u00e1cio Lula da Silva. As cr\u00edticas foram feitas como resposta a uma declara\u00e7\u00e3o pronunciada pelo atual presidente, na qual Lula fez compara\u00e7\u00e3o as invas\u00f5es de Israel na Faixa de Gaza, territ\u00f3rio palestino, \u00e0s a\u00e7\u00f5es da Alemanha\u2026","rel":"","context":"In &quot;Variedades&quot;","block_context":{"text":"Variedades","link":"https:\/\/noticiasribeiraopreto.com.br\/index.php\/category\/variedades\/"},"img":{"alt_text":"","src":"https:\/\/i0.wp.com\/noticiasribeiraopreto.com.br\/wp-content\/uploads\/2024\/02\/Captura-de-tela-2024-02-20-091416.webp.webp?fit=992%2C580&ssl=1&resize=350%2C200","width":350,"height":200,"srcset":"https:\/\/i0.wp.com\/noticiasribeiraopreto.com.br\/wp-content\/uploads\/2024\/02\/Captura-de-tela-2024-02-20-091416.webp.webp?fit=992%2C580&ssl=1&resize=350%2C200 1x, https:\/\/i0.wp.com\/noticiasribeiraopreto.com.br\/wp-content\/uploads\/2024\/02\/Captura-de-tela-2024-02-20-091416.webp.webp?fit=992%2C580&ssl=1&resize=525%2C300 1.5x, https:\/\/i0.wp.com\/noticiasribeiraopreto.com.br\/wp-content\/uploads\/2024\/02\/Captura-de-tela-2024-02-20-091416.webp.webp?fit=992%2C580&ssl=1&resize=700%2C400 2x"},"classes":[]}],"jetpack_sharing_enabled":true,"jetpack_shortlink":"https:\/\/wp.me\/peQAOb-3kl","_links":{"self":[{"href":"https:\/\/noticiasribeiraopreto.com.br\/index.php\/wp-json\/wp\/v2\/posts\/12793","targetHints":{"allow":["GET"]}}],"collection":[{"href":"https:\/\/noticiasribeiraopreto.com.br\/index.php\/wp-json\/wp\/v2\/posts"}],"about":[{"href":"https:\/\/noticiasribeiraopreto.com.br\/index.php\/wp-json\/wp\/v2\/types\/post"}],"author":[{"embeddable":true,"href":"https:\/\/noticiasribeiraopreto.com.br\/index.php\/wp-json\/wp\/v2\/users\/1"}],"replies":[{"embeddable":true,"href":"https:\/\/noticiasribeiraopreto.com.br\/index.php\/wp-json\/wp\/v2\/comments?post=12793"}],"version-history":[{"count":0,"href":"https:\/\/noticiasribeiraopreto.com.br\/index.php\/wp-json\/wp\/v2\/posts\/12793\/revisions"}],"wp:featuredmedia":[{"embeddable":true,"href":"https:\/\/noticiasribeiraopreto.com.br\/index.php\/wp-json\/wp\/v2\/media\/12794"}],"wp:attachment":[{"href":"https:\/\/noticiasribeiraopreto.com.br\/index.php\/wp-json\/wp\/v2\/media?parent=12793"}],"wp:term":[{"taxonomy":"category","embeddable":true,"href":"https:\/\/noticiasribeiraopreto.com.br\/index.php\/wp-json\/wp\/v2\/categories?post=12793"},{"taxonomy":"post_tag","embeddable":true,"href":"https:\/\/noticiasribeiraopreto.com.br\/index.php\/wp-json\/wp\/v2\/tags?post=12793"}],"curies":[{"name":"wp","href":"https:\/\/api.w.org\/{rel}","templated":true}]}}