{"id":12802,"date":"2023-12-08T16:04:33","date_gmt":"2023-12-08T19:04:33","guid":{"rendered":"https:\/\/noticiasribeiraopreto.com.br\/index.php\/2023\/12\/08\/confira-mais-de-567-vagas-disponiveis\/"},"modified":"2023-12-08T16:04:33","modified_gmt":"2023-12-08T19:04:33","slug":"confira-mais-de-567-vagas-disponiveis","status":"publish","type":"post","link":"https:\/\/noticiasribeiraopreto.com.br\/index.php\/2023\/12\/08\/confira-mais-de-567-vagas-disponiveis\/","title":{"rendered":"Confira mais de 567 vagas dispon\u00edveis."},"content":{"rendered":"<div id=\"mainVacancyFilter\" class=\"box box-640 esquerda\">\n<h2>Confira mais de 567 vagas dispon\u00edveis.<\/h2>\n<hr>\n<ul class=\"lista size-185\">\n<li class=\"text-bold\">Vagas por cidade<\/li>\n<li><a href=\"https:\/\/eventosrh.selecty.com.br\/search\/\">Todas(495)<\/a><\/li>\n<li title=\"Mat\u00e3o\"><a href=\"https:\/\/eventosrh.selecty.com.br\/search\/?filter=city%3AMat%C3%A3o\">Mat\u00e3o(203)<\/a><\/li>\n<li title=\"Araras\"><a href=\"https:\/\/eventosrh.selecty.com.br\/search\/?filter=city%3AAraras\">Araras(201)<\/a><\/li>\n<li title=\"Ribeir\u00e3o Preto\"><a href=\"https:\/\/eventosrh.selecty.com.br\/search\/?filter=city%3ARibeir%C3%A3o+Preto\">Ribeir\u00e3o Preto(55)<\/a><\/li>\n<li title=\"Cravinhos\"><a href=\"https:\/\/eventosrh.selecty.com.br\/search\/?filter=city%3ACravinhos\">Cravinhos(14)<\/a><\/li>\n<li title=\"Santos\"><a href=\"https:\/\/eventosrh.selecty.com.br\/search\/?filter=city%3ASantos\">Santos(9)<\/a><\/li>\n<li title=\"Monte Alto\"><a href=\"https:\/\/eventosrh.selecty.com.br\/search\/?filter=city%3AMonte+Alto\">Monte Alto(4)<\/a><\/li>\n<\/ul>\n<ul class=\"lista size-185\">\n<li class=\"text-bold\">Vagas por \u00e1rea<\/li>\n<li><a href=\"https:\/\/eventosrh.selecty.com.br\/search\/\">Todas(568)<\/a><\/li>\n<li title=\"Industrial, Produ\u00e7\u00e3o\/Fabrica\u00e7\u00e3o\"><a href=\"https:\/\/eventosrh.selecty.com.br\/search\/?filter=area%3AIndustrial%2C+Produ%C3%A7%C3%A3o%2FFabrica%C3%A7%C3%A3o\">Industrial, Produ\u00e7\u00e3o&#8230;(223)<\/a><\/li>\n<li title=\"Produ\u00e7\u00e3o\/Fabrica\u00e7\u00e3o\"><a href=\"https:\/\/eventosrh.selecty.com.br\/search\/?filter=area%3AProdu%C3%A7%C3%A3o%2FFabrica%C3%A7%C3%A3o\">Produ\u00e7\u00e3o\/Fabrica\u00e7\u00e3o(214)<\/a><\/li>\n<li title=\"Transporte Terrestre\"><a href=\"https:\/\/eventosrh.selecty.com.br\/search\/?filter=area%3ATransporte+Terrestre\">Transporte Terrestre(74)<\/a><\/li>\n<li title=\"Industrial,Produ\u00e7\u00e3o\/Fabrica\u00e7\u00e3o\"><a href=\"https:\/\/eventosrh.selecty.com.br\/search\/?filter=area%3AIndustrial%2CProdu%C3%A7%C3%A3o%2FFabrica%C3%A7%C3%A3o\">Industrial,Produ\u00e7\u00e3o&#8230;(10)<\/a><\/li>\n<li title=\"Log\u00edstica\"><a href=\"https:\/\/eventosrh.selecty.com.br\/search\/?filter=area%3ALog%C3%ADstica\">Log\u00edstica(4)<\/a><\/li>\n<li title=\"Log\u00edstica,Produ\u00e7\u00e3o\/Fabrica\u00e7\u00e3o\"><a href=\"https:\/\/eventosrh.selecty.com.br\/search\/?filter=area%3ALog%C3%ADstica%2CProdu%C3%A7%C3%A3o%2FFabrica%C3%A7%C3%A3o\">Log\u00edstica,Produ\u00e7\u00e3o&#8230;(3)<\/a><\/li>\n<\/ul>\n<ul class=\"lista size-185 last\">\n<li class=\"text-bold\">Vagas por cargo<\/li>\n<li><a href=\"https:\/\/eventosrh.selecty.com.br\/search\/\">Todas(568)<\/a><\/li>\n<li title=\"Ajudante de Produ\u00e7\u00e3o - Tempor\u00e1rio\"><a href=\"https:\/\/eventosrh.selecty.com.br\/search\/?filter=occupation%3AAjudante+de+Produ%C3%A7%C3%A3o+-+Tempor%C3%A1rio\">Ajudante de Produ\u00e7\u00e3o -&#8230;(401)<\/a><\/li>\n<li title=\"Motorista - V\u00e1rias Cidades\"><a href=\"https:\/\/eventosrh.selecty.com.br\/search\/?filter=occupation%3AMotorista+-+V%C3%A1rias+Cidades\">Motorista &#8211; V\u00e1rias&#8230;(72)<\/a><\/li>\n<li title=\"Operador (a) de Processo I\"><a href=\"https:\/\/eventosrh.selecty.com.br\/search\/?filter=occupation%3AOperador+%28a%29+de+Processo+I\">Operador (a) de Processo&#8230;(13)<\/a><\/li>\n<li title=\"Auxiliar de Produ\u00e7\u00e3o (tempor\u00e1rio)\"><a href=\"https:\/\/eventosrh.selecty.com.br\/search\/?filter=occupation%3AAuxiliar+de+Produ%C3%A7%C3%A3o+%28tempor%C3%A1rio%29\">Auxiliar de Produ\u00e7\u00e3o&#8230;(12)<\/a><\/li>\n<li title=\"Operador de Produ\u00e7\u00e3o - Tempor\u00e1rio em Santos\"><a href=\"https:\/\/eventosrh.selecty.com.br\/search\/?filter=occupation%3AOperador+de+Produ%C3%A7%C3%A3o+-+Tempor%C3%A1rio+em+Santos\">Operador de Produ\u00e7\u00e3o -&#8230;(9)<\/a><\/li>\n<li title=\"Auxiliar de Expedi\u00e7\u00e3o\"><a href=\"https:\/\/eventosrh.selecty.com.br\/search\/?filter=occupation%3AAuxiliar+de+Expedi%C3%A7%C3%A3o\">Auxiliar de Expedi\u00e7\u00e3o(4)<\/a><\/li>\n<\/ul>\n<\/div>\n<div class=\"vacancy-simple-list box box-640 esquerda\">\n<h2>Vagas recentes<\/h2>\n<hr>\n<ul>\n<li>\n<div class=\"box\"><span class=\"marker\"><\/span><a href=\"https:\/\/eventosrh.selecty.com.br\/vaga\/1754\/vaga-para-auxiliar-de-refrigeracao-em-andradina-sp\"><span>1 vaga para <strong>Auxiliar de Refrigera\u00e7\u00e3o<\/strong> em Andradina &#8211; SP<\/span><small title=\"07\/12\/2023 15:20:50\">h\u00e1 1 dia<\/small><\/a><\/div>\n<\/li>\n<li>\n<div class=\"box\"><span class=\"marker\"><\/span><a href=\"https:\/\/eventosrh.selecty.com.br\/vaga\/1753\/vaga-para-tecnico-de-refrigeracao-em-andradina-sp\"><span>1 vaga para <strong>T\u00e9cnico de Refrigera\u00e7\u00e3o<\/strong> em Andradina &#8211; SP<\/span><small title=\"07\/12\/2023 15:09:14\">h\u00e1 1 dia<\/small><\/a><\/div>\n<\/li>\n<li>\n<div class=\"box\"><span class=\"marker\"><\/span><a href=\"https:\/\/eventosrh.selecty.com.br\/vaga\/1752\/vaga-para-estagiario-marketing-estrategico-em-ribeirao-preto\"><span>Vaga para <strong>Estagi\u00e1rio Marketing Estrat\u00e9gico<\/strong> em Ribeir\u00e3o Preto<\/span><\/a><\/div>\n<\/li>\n<li>\n<div class=\"box\"><span class=\"marker\"><\/span><a href=\"https:\/\/eventosrh.selecty.com.br\/vaga\/1758\/vaga-para-estagiario-em-comercio-exterior-em-ribeirao-preto\"><span>Vaga para <strong>Estagi\u00e1rio em Com\u00e9rcio Exterior<\/strong> em Ribeir\u00e3o Preto<\/span><\/a><\/div>\n<\/li>\n<li>\n<div class=\"box\"><span class=\"marker\"><\/span><a href=\"https:\/\/eventosrh.selecty.com.br\/vaga\/1757\/vaga-para-auxiliar-de-deposito-temporario-em-ribeirao-preto-sp\"><span>Vaga para <strong>Auxiliar de Dep\u00f3sito (tempor\u00e1rio)<\/strong> em Ribeir\u00e3o Preto &#8211; SP<\/span><\/a><\/div>\n<\/li>\n<li>\n<div class=\"box\"><span class=\"marker\"><\/span><a href=\"https:\/\/eventosrh.selecty.com.br\/vaga\/1756\/vaga-para-projetista-tecnico-temporario-em-ribeirao-preto-sp\"><span>1 vaga para <strong>Projetista T\u00e9cnico &#8211; Tempor\u00e1rio<\/strong> em Ribeir\u00e3o Preto &#8211; SP<\/span><small title=\"06\/12\/2023 13:28:22\">h\u00e1 2 dias<\/small><\/a><\/div>\n<\/li>\n<li>\n<div class=\"box\"><span class=\"marker\"><\/span><a href=\"https:\/\/eventosrh.selecty.com.br\/vaga\/1755\/vaga-para-analista-trade-marketing-franquias-em-ribeirao-preto-sp\"><span>1 vaga para <strong>Analista Trade Marketing (Franquias)<\/strong> em Ribeir\u00e3o Preto &#8211; SP<\/span><small title=\"06\/12\/2023 13:26:32\">h\u00e1 2 dias<\/small><\/a><\/div>\n<\/li>\n<li>\n<div class=\"box\"><span class=\"marker\"><\/span><a href=\"https:\/\/eventosrh.selecty.com.br\/vaga\/1751\/vaga-para-recepcionista-temporario-em-ribeirao-preto-sp\"><span>1 vaga para <strong>Recepcionista (Tempor\u00e1rio)<\/strong> em Ribeir\u00e3o Preto &#8211; SP<\/span><small title=\"05\/12\/2023 13:30:49\">h\u00e1 3 dias<\/small><\/a><\/div>\n<\/li>\n<li>\n<div class=\"box\"><span class=\"marker\"><\/span><a href=\"https:\/\/eventosrh.selecty.com.br\/vaga\/1750\/vaga-para-barman-em-ribeirao-preto-sp\"><span>1 vaga para <strong>Barman<\/strong> em Ribeir\u00e3o Preto &#8211; SP<\/span><small title=\"05\/12\/2023 09:58:47\">h\u00e1 3 dias<\/small><\/a><\/div>\n<\/li>\n<li>\n<div class=\"box\"><span class=\"marker\"><\/span><a href=\"https:\/\/eventosrh.selecty.com.br\/vaga\/1749\/vaga-para-cozinheiro-em-ribeirao-preto-sp\"><span>1 vaga para <strong>Cozinheiro<\/strong> em Ribeir\u00e3o Preto &#8211; SP<\/span><small title=\"05\/12\/2023 09:34:44\">h\u00e1 3 dias<\/small><\/a><\/div>\n<\/li>\n<\/ul>\n<\/div>\n<div class=\"box\"><span class=\"marker\"><\/span><a href=\"https:\/\/eventosrh.selecty.com.br\/vaga\/1754\/vaga-para-auxiliar-de-refrigeracao-em-andradina-sp\"><span>1 vaga para <strong>Auxiliar de Refrigera\u00e7\u00e3o<\/strong> em Andradina &#8211; SP<\/span><small title=\"07\/12\/2023 15:20:50\">h\u00e1 1 dia<\/small><\/a><\/div>\n<div class=\"box\"><span class=\"marker\"><\/span><a href=\"https:\/\/eventosrh.selecty.com.br\/vaga\/1758\/vaga-para-estagiario-em-comercio-exterior-em-ribeirao-preto\"><span>Vaga para <strong>Estagi\u00e1rio em Com\u00e9rcio Exterior<\/strong> em Ribeir\u00e3o Preto<\/span><\/a><\/div>\n<div class=\"box\"><span class=\"marker\"><\/span><a href=\"https:\/\/eventosrh.selecty.com.br\/vaga\/1757\/vaga-para-auxiliar-de-deposito-temporario-em-ribeirao-preto-sp\"><span>Vaga para <strong>Auxiliar de Dep\u00f3sito (tempor\u00e1rio)<\/strong> em Ribeir\u00e3o Preto &#8211; SP<\/span><\/a><\/div>\n<div class=\"box\"><span class=\"marker\"><\/span><a href=\"https:\/\/eventosrh.selecty.com.br\/vaga\/1756\/vaga-para-projetista-tecnico-temporario-em-ribeirao-preto-sp\"><span>1 vaga para <strong>Projetista T\u00e9cnico &#8211; Tempor\u00e1rio<\/strong> em Ribeir\u00e3o Preto &#8211; SP<\/span><small title=\"06\/12\/2023 13:28:22\">h\u00e1 2 dias<\/small><\/a><\/div>\n<div class=\"box\"><span class=\"marker\"><\/span><a href=\"https:\/\/eventosrh.selecty.com.br\/vaga\/1755\/vaga-para-analista-trade-marketing-franquias-em-ribeirao-preto-sp\"><span>1 vaga para <strong>Analista Trade Marketing (Franquias)<\/strong> em Ribeir\u00e3o Preto &#8211; SP<\/span><small title=\"06\/12\/2023 13:26:32\">h\u00e1 2 dias<\/small><\/a><\/div>\n<!-- CONTENT END 1 -->\n","protected":false},"excerpt":{"rendered":"<p>Confira mais de 567 vagas dispon\u00edveis. Vagas por cidade Todas(495) Mat\u00e3o(203) Araras(201) Ribeir\u00e3o Preto(55) Cravinhos(14) Santos(9) Monte Alto(4) Vagas por \u00e1rea Todas(568) Industrial, Produ\u00e7\u00e3o&#8230;(223) Produ\u00e7\u00e3o\/Fabrica\u00e7\u00e3o(214)&#8230;<\/p>\n","protected":false},"author":1,"featured_media":0,"comment_status":"open","ping_status":"open","sticky":false,"template":"","format":"standard","meta":{"advanced_seo_description":"","jetpack_seo_html_title":"","jetpack_seo_noindex":false,"jetpack_post_was_ever_published":false,"_jetpack_newsletter_access":"","_jetpack_dont_email_post_to_subs":false,"_jetpack_newsletter_tier_id":0,"_jetpack_memberships_contains_paywalled_content":false,"_jetpack_memberships_contains_paid_content":false,"footnotes":"","jetpack_publicize_message":"","jetpack_publicize_feature_enabled":true,"jetpack_social_post_already_shared":true,"jetpack_social_options":{"image_generator_settings":{"template":"highway","default_image_id":0,"font":"","enabled":false},"version":2}},"categories":[7],"tags":[],"class_list":["post-12802","post","type-post","status-publish","format-standard","hentry","category-vagas-de-empregos-em-ribeirao-preto-regiao-brasil"],"jetpack_publicize_connections":[],"jetpack_featured_media_url":"","jetpack-related-posts":[{"id":14011,"url":"https:\/\/noticiasribeiraopreto.com.br\/index.php\/2023\/12\/11\/confira-mais-de-567-vagas-disponiveis-2\/","url_meta":{"origin":12802,"position":0},"title":"Confira mais de 567 vagas dispon\u00edveis.","author":"noticiasribeiraopreto.com.br","date":"11 de December de 2023","format":false,"excerpt":"Confira mais de 567 vagas dispon\u00edveis.Vagas por cidadeTodas(495)Mat\u00e3o(203)Araras(201)Ribeir\u00e3o Preto(55)Cravinhos(14)Santos(9)Monte Alto(4)Vagas por \u00e1reaTodas(568)Industrial, Produ\u00e7\u00e3o...(223)Produ\u00e7\u00e3o\/Fabrica\u00e7\u00e3o(214)Transporte Terrestre(74)Industrial,Produ\u00e7\u00e3o...(10)Log\u00edstica(4)Log\u00edstica,Produ\u00e7\u00e3o...(3)Vagas por cargoTodas(568)Ajudante de Produ\u00e7\u00e3o -...(401)Motorista - V\u00e1rias...(72)Operador (a) de Processo...(13)Auxiliar de Produ\u00e7\u00e3o...(12)Operador de Produ\u00e7\u00e3o -...(9)Auxiliar de Expedi\u00e7\u00e3o(4) Vagas recentes1 vaga para Auxiliar de Refrigera\u00e7\u00e3o em Andradina - SPh\u00e1 4 dias1 vaga para T\u00e9cnico de Refrigera\u00e7\u00e3o em\u2026","rel":"","context":"In &quot;Vagas de Emprego em Ribeir\u00e3o Preto-SP&quot;","block_context":{"text":"Vagas de Emprego em Ribeir\u00e3o Preto-SP","link":"https:\/\/noticiasribeiraopreto.com.br\/index.php\/category\/empregos-classificados-vagas-trabalho\/vagas-de-empregos-em-ribeirao-preto-regiao-brasil\/"},"img":{"alt_text":"","src":"","width":0,"height":0},"classes":[]},{"id":12812,"url":"https:\/\/noticiasribeiraopreto.com.br\/index.php\/2023\/12\/08\/encontre-aqui-a-sua-oportunidade-de-emprego\/","url_meta":{"origin":12802,"position":1},"title":"Encontre aqui a sua oportunidade de emprego","author":"noticiasribeiraopreto.com.br","date":"8 de December de 2023","format":false,"excerpt":"Confira mais de 567 vagas dispon\u00edveis.Vagas por cidadeTodas(495)Mat\u00e3o(203)Araras(201)Ribeir\u00e3o Preto(55)Cravinhos(14)Santos(9)Monte Alto(4)Vagas por \u00e1reaTodas(568)Industrial, Produ\u00e7\u00e3o...(223)Produ\u00e7\u00e3o\/Fabrica\u00e7\u00e3o(214)Transporte Terrestre(74)Industrial,Produ\u00e7\u00e3o...(10)Log\u00edstica(4)Log\u00edstica,Produ\u00e7\u00e3o...(3)Vagas por cargoTodas(568)Ajudante de Produ\u00e7\u00e3o -...(401)Motorista - V\u00e1rias...(72)Operador (a) de Processo...(13)Auxiliar de Produ\u00e7\u00e3o...(12)Operador de Produ\u00e7\u00e3o -...(9)Auxiliar de Expedi\u00e7\u00e3o(4) Vagas recentes1 vaga para Auxiliar de Refrigera\u00e7\u00e3o em Andradina - SPh\u00e1 1 dia1 vaga para T\u00e9cnico de Refrigera\u00e7\u00e3o em\u2026","rel":"","context":"In &quot;Vagas de Emprego em Ribeir\u00e3o Preto-SP&quot;","block_context":{"text":"Vagas de Emprego em Ribeir\u00e3o Preto-SP","link":"https:\/\/noticiasribeiraopreto.com.br\/index.php\/category\/empregos-classificados-vagas-trabalho\/vagas-de-empregos-em-ribeirao-preto-regiao-brasil\/"},"img":{"alt_text":"","src":"","width":0,"height":0},"classes":[]},{"id":33256,"url":"https:\/\/noticiasribeiraopreto.com.br\/index.php\/2024\/01\/28\/confira-mais-de-529-vagas-disponiveis\/","url_meta":{"origin":12802,"position":2},"title":"Confira mais de 529 vagas dispon\u00edveis.","author":"noticiasribeiraopreto.com.br","date":"28 de January de 2024","format":false,"excerpt":"Confira mais de 529 vagas dispon\u00edveis.Vagas por cidadeTodas(521)Mat\u00e3o(204)Araras(200)Ribeir\u00e3o Preto(77)Monte Alto(23)Santos(9)Cravinhos(3)Vagas por \u00e1reaTodas(530)Produ\u00e7\u00e3o\/Fabrica\u00e7\u00e3o(235)Industrial, Produ\u00e7\u00e3o...(209)Administra\u00e7\u00e3o Comercial...(14)Industrial,Produ\u00e7\u00e3o...(10)Administra\u00e7\u00e3o de...(9)Log\u00edstica(8)Vagas por cargoTodas(530)Ajudante de Produ\u00e7\u00e3o -...(401)Ajudante Geral de...(20)Auxiliar de Produ\u00e7\u00e3o...(11)Auxiliar de Produ\u00e7\u00e3o(10)Operador de Produ\u00e7\u00e3o -...(9)Estagi\u00e1rio Comercial -...(5) Vagas recentesVaga para Auxiliar Administrativo em Ribeir\u00e3o Preto - SPVaga para Analista Tribut\u00e1rio em Ribeir\u00e3o PretoVaga para Auxiliar de\u2026","rel":"","context":"In &quot;Vagas de Emprego em Ribeir\u00e3o Preto-SP&quot;","block_context":{"text":"Vagas de Emprego em Ribeir\u00e3o Preto-SP","link":"https:\/\/noticiasribeiraopreto.com.br\/index.php\/category\/empregos-classificados-vagas-trabalho\/vagas-de-empregos-em-ribeirao-preto-regiao-brasil\/"},"img":{"alt_text":"","src":"","width":0,"height":0},"classes":[]},{"id":19921,"url":"https:\/\/noticiasribeiraopreto.com.br\/index.php\/2023\/12\/23\/confira-mais-de-554-vagas-disponiveis\/","url_meta":{"origin":12802,"position":3},"title":"Confira mais de 554 vagas dispon\u00edveis.","author":"noticiasribeiraopreto.com.br","date":"23 de December de 2023","format":false,"excerpt":"Confira mais de 554 vagas dispon\u00edveis.Vagas por cidadeTodas(482)Mat\u00e3o(203)Araras(201)Ribeir\u00e3o Preto(55)Santos(9)Monte Alto(3)Andradina(2)Vagas por \u00e1reaTodas(555)Produ\u00e7\u00e3o\/Fabrica\u00e7\u00e3o(214)Industrial, Produ\u00e7\u00e3o...(208)Transporte Terrestre(74)Industrial,Produ\u00e7\u00e3o...(10)Log\u00edstica(5)Administra\u00e7\u00e3o Comercial...(3)Vagas por cargoTodas(555)Ajudante de Produ\u00e7\u00e3o -...(401)Motorista - V\u00e1rias...(72)Auxiliar de Produ\u00e7\u00e3o...(12)Operador de Produ\u00e7\u00e3o -...(9)Auxiliar de Produ\u00e7\u00e3o(5)Auxiliar de Expedi\u00e7\u00e3o(5) Vagas recentesVaga para Assistente de Vendas J\u00fanior em Ribeir\u00e3o Pretoh\u00e1 1 dia1 vaga para Vendedora Externa em Sert\u00e3ozinho -\u2026","rel":"","context":"In &quot;Vagas de Emprego em Ribeir\u00e3o Preto-SP&quot;","block_context":{"text":"Vagas de Emprego em Ribeir\u00e3o Preto-SP","link":"https:\/\/noticiasribeiraopreto.com.br\/index.php\/category\/empregos-classificados-vagas-trabalho\/vagas-de-empregos-em-ribeirao-preto-regiao-brasil\/"},"img":{"alt_text":"","src":"","width":0,"height":0},"classes":[]},{"id":20869,"url":"https:\/\/noticiasribeiraopreto.com.br\/index.php\/2023\/12\/26\/confira-mais-de-554-vagas-disponiveis-2\/","url_meta":{"origin":12802,"position":4},"title":"Confira mais de 554 vagas dispon\u00edveis.","author":"noticiasribeiraopreto.com.br","date":"26 de December de 2023","format":false,"excerpt":"Confira mais de 554 vagas dispon\u00edveis.Vagas por cidadeTodas(482)Mat\u00e3o(203)Araras(201)Ribeir\u00e3o Preto(55)Santos(9)Monte Alto(3)Andradina(2)Vagas por \u00e1reaTodas(555)Produ\u00e7\u00e3o\/Fabrica\u00e7\u00e3o(214)Industrial, Produ\u00e7\u00e3o...(208)Transporte Terrestre(74)Industrial,Produ\u00e7\u00e3o...(10)Log\u00edstica(5)Log\u00edstica,Produ\u00e7\u00e3o...(3)Vagas por cargoTodas(555)Ajudante de Produ\u00e7\u00e3o -...(401)Motorista - V\u00e1rias...(72)Auxiliar de Produ\u00e7\u00e3o...(12)Operador de Produ\u00e7\u00e3o -...(9)Auxiliar de Produ\u00e7\u00e3o(5)Auxiliar de Expedi\u00e7\u00e3o(5) Vagas recentes1 vaga para Vendedora Externa em Sert\u00e3ozinhoh\u00e1 7 horasVaga para Assistente de Vendas J\u00fanior em Ribeir\u00e3o Pretoh\u00e1 4 diasVaga\u2026","rel":"","context":"In &quot;Vagas de Emprego em Ribeir\u00e3o Preto-SP&quot;","block_context":{"text":"Vagas de Emprego em Ribeir\u00e3o Preto-SP","link":"https:\/\/noticiasribeiraopreto.com.br\/index.php\/category\/empregos-classificados-vagas-trabalho\/vagas-de-empregos-em-ribeirao-preto-regiao-brasil\/"},"img":{"alt_text":"","src":"","width":0,"height":0},"classes":[]},{"id":32611,"url":"https:\/\/noticiasribeiraopreto.com.br\/index.php\/2024\/01\/25\/confira-mais-de-532-vagas-disponiveis-2\/","url_meta":{"origin":12802,"position":5},"title":"Confira mais de 532 vagas dispon\u00edveis.","author":"noticiasribeiraopreto.com.br","date":"25 de January de 2024","format":false,"excerpt":"Confira mais de 532 vagas dispon\u00edveis.Vagas por cidadeTodas(524)Mat\u00e3o(204)Araras(200)Ribeir\u00e3o Preto(78)Monte Alto(25)Santos(9)Cravinhos(3)Vagas por \u00e1reaTodas(533)Produ\u00e7\u00e3o\/Fabrica\u00e7\u00e3o(237)Industrial, Produ\u00e7\u00e3o...(209)Administra\u00e7\u00e3o Comercial...(14)Industrial,Produ\u00e7\u00e3o...(10)Administra\u00e7\u00e3o de...(9)Log\u00edstica(8)Vagas por cargoTodas(533)Ajudante de Produ\u00e7\u00e3o -...(401)Ajudante Geral de...(20)Auxiliar de Produ\u00e7\u00e3o...(11)Auxiliar de Produ\u00e7\u00e3o(10)Operador de Produ\u00e7\u00e3o -...(9)Estagi\u00e1rio Comercial -...(5) Vagas recentesVaga para Auxiliar Administrativo em Ribeir\u00e3o Preto - SPVaga para Analista Tribut\u00e1rio em Ribeir\u00e3o PretoVaga para Auxiliar de\u2026","rel":"","context":"In &quot;Vagas de Emprego em Ribeir\u00e3o Preto-SP&quot;","block_context":{"text":"Vagas de Emprego em Ribeir\u00e3o Preto-SP","link":"https:\/\/noticiasribeiraopreto.com.br\/index.php\/category\/empregos-classificados-vagas-trabalho\/vagas-de-empregos-em-ribeirao-preto-regiao-brasil\/"},"img":{"alt_text":"","src":"","width":0,"height":0},"classes":[]}],"jetpack_sharing_enabled":true,"jetpack_shortlink":"https:\/\/wp.me\/peQAOb-3ku","_links":{"self":[{"href":"https:\/\/noticiasribeiraopreto.com.br\/index.php\/wp-json\/wp\/v2\/posts\/12802","targetHints":{"allow":["GET"]}}],"collection":[{"href":"https:\/\/noticiasribeiraopreto.com.br\/index.php\/wp-json\/wp\/v2\/posts"}],"about":[{"href":"https:\/\/noticiasribeiraopreto.com.br\/index.php\/wp-json\/wp\/v2\/types\/post"}],"author":[{"embeddable":true,"href":"https:\/\/noticiasribeiraopreto.com.br\/index.php\/wp-json\/wp\/v2\/users\/1"}],"replies":[{"embeddable":true,"href":"https:\/\/noticiasribeiraopreto.com.br\/index.php\/wp-json\/wp\/v2\/comments?post=12802"}],"version-history":[{"count":0,"href":"https:\/\/noticiasribeiraopreto.com.br\/index.php\/wp-json\/wp\/v2\/posts\/12802\/revisions"}],"wp:attachment":[{"href":"https:\/\/noticiasribeiraopreto.com.br\/index.php\/wp-json\/wp\/v2\/media?parent=12802"}],"wp:term":[{"taxonomy":"category","embeddable":true,"href":"https:\/\/noticiasribeiraopreto.com.br\/index.php\/wp-json\/wp\/v2\/categories?post=12802"},{"taxonomy":"post_tag","embeddable":true,"href":"https:\/\/noticiasribeiraopreto.com.br\/index.php\/wp-json\/wp\/v2\/tags?post=12802"}],"curies":[{"name":"wp","href":"https:\/\/api.w.org\/{rel}","templated":true}]}}