{"id":12803,"date":"2023-12-08T16:04:53","date_gmt":"2023-12-08T19:04:53","guid":{"rendered":"https:\/\/noticiasribeiraopreto.com.br\/index.php\/2023\/12\/08\/b3-vai-lancar-plataforma-de-negociacao-de-creditos-de-carbono\/"},"modified":"2023-12-08T16:04:53","modified_gmt":"2023-12-08T19:04:53","slug":"b3-vai-lancar-plataforma-de-negociacao-de-creditos-de-carbono","status":"publish","type":"post","link":"https:\/\/noticiasribeiraopreto.com.br\/index.php\/2023\/12\/08\/b3-vai-lancar-plataforma-de-negociacao-de-creditos-de-carbono\/","title":{"rendered":"B3 vai lan\u00e7ar plataforma de negocia\u00e7\u00e3o de cr\u00e9ditos de carbono"},"content":{"rendered":"<div class='code-block code-block-1' style='margin: 8px 0 8px auto; text-align: right; display: block; clear: both;'>\n<p><a href=\"https:\/\/wa.link\/vpicfd\"><img data-recalc-dims=\"1\" class=\"wp-image-4922\" style=\"aspect-ratio: 2.0253164556962027; width: 561px; height: auto;\" src=\"https:\/\/i0.wp.com\/ismaelcolosi.com.br\/wp-content\/uploads\/2023\/11\/grupo-de-empregos-whatsapp-e-facebook-ismael-colosi-vagas.jpg?ssl=1\" alt=\"\" \/><\/a><\/p>\n<!-- \/wp:image -->\n<\/div>\n<p> <br \/>\n<\/p>\n<div id=\"js-first-letter\">\n<p>Enquanto ocorre a COP 28, que debate solu\u00e7\u00f5es sustent\u00e1veis para as mudan\u00e7as clim\u00e1ticas, o Brasil d\u00e1 mais um passo no <a href=\"https:\/\/www.seudinheiro.com\/2023\/economia\/brasil-oportunidade-energia-sustentavel-janela-demografica-rens\/\" target=\"_blank\" rel=\"noreferrer noopener\">novo universo da economia verde<\/a>. A B3 anunciou hoje (8) o lan\u00e7amento de uma parceria com a ACX Group para cria\u00e7\u00e3o de uma plataforma de negocia\u00e7\u00e3o de cr\u00e9ditos de carbono.<\/p>\n<p>O acordo prev\u00ea desembolsos de at\u00e9 R\uff0410 milh\u00f5es por parte da B3. O lan\u00e7amento da plataforma da ACX Brasil est\u00e1 previsto para o primeiro trimestre de 2024.<\/p>\n<p>ACX \u00e9 uma empresa de tecnologia sediada em Abu Dhabi que opera plataformas e oferece o servi\u00e7o de infraestrutura de mercado para negocia\u00e7\u00e3o de cr\u00e9ditos de carbono. <\/p>\n<p>A parceria com a companhia possibilitar\u00e1 acesso a um livro global centralizado de ordens e conectado aos principais <em>standards <\/em>do mundo, de acordo com a B3.<\/p>\n<p>O objetivo \u00e9 que o sistema sirva como ambiente para que os emissores de cr\u00e9ditos de carbono possam negociar com empresas que desejam diminuir sua pegada ambiental e se adaptar a pr\u00e1ticas ESG.<\/p>\n<p>\u201cAl\u00e9m disso, o neg\u00f3cio est\u00e1 alinhado \u00e0 estrat\u00e9gia da B3 de desenvolvimento de novos produtos ESG e no avan\u00e7o da agenda que promova o desenvolvimento econ\u00f4mico sustent\u00e1vel\u201d, refor\u00e7a Leonardo Paulino Betanho, superintendente de Produtos Balc\u00e3o da B3.<\/p>\n<p>A participa\u00e7\u00e3o no mercado de cr\u00e9ditos de carbono busca n\u00e3o s\u00f3 a aproxima\u00e7\u00e3o de compradores internacionais, como tamb\u00e9m a entrada de fundos e agentes financeiros.\u00a0<\/p>\n<p>Al\u00e9m disso, tem como objetivo adicionar uma camada de integridade na cadeia de negocia\u00e7\u00e3o do produto para a forma\u00e7\u00e3o de pre\u00e7o, revela a nota da B3.<\/p>\n<div class=\"banner banner-inArticle banner-inArticle--mobile\">\n<div class=\"banner-side\">\n<p class=\"borderAD\" style=\"display: none;\">CONTINUA DEPOIS DA PUBLICIDADE<\/p>\n<\/div>\n<\/div>\n<div class=\"banner banner-inArticle banner-inArticle--desktop\">\n<div class=\"banner-side\">\n<p class=\"borderAD\" style=\"display: none;\">CONTINUA DEPOIS DA PUBLICIDADE<\/p>\n<\/div>\n<\/div>\n<figure class=\"wp-block-embed is-type-video is-provider-youtube wp-block-embed-youtube wp-embed-aspect-16-9 wp-has-aspect-ratio\">\n<p>\n<iframe loading=\"lazy\" title=\"&quot;O BOOKING ME DEIXOU NA M\u00c3O&quot;: ALUGUEI UM QUARTO E ELE N\u00c3O EXISTIA! I A DINHEIRISTA\" width=\"500\" height=\"281\" src=\"https:\/\/www.youtube.com\/embed\/_LmQZBkF4mA?feature=oembed\" frameborder=\"0\" allow=\"accelerometer; autoplay; clipboard-write; encrypted-media; gyroscope; picture-in-picture; web-share\" referrerpolicy=\"strict-origin-when-cross-origin\" allowfullscreen><\/iframe>\n<\/p>\n<\/figure>\n<h2 class=\"wp-block-heading\" id=\"h-como-funciona-o-mercado-de-carbono\">Como funciona o mercado de carbono<\/h2>\n<p>O mercado de cr\u00e9ditos de carbono oferece \u00e0s empresas a oportunidade de compensar suas emiss\u00f5es de gases de efeito estufa (GEE). A opera\u00e7\u00e3o \u00e9 realizada por meio da compra de cr\u00e9ditos de carbono gerados por projetos respons\u00e1veis pela redu\u00e7\u00e3o ou remo\u00e7\u00e3o de gases de carbono na atmosfera.<\/p>\n<p>Ap\u00f3s a verifica\u00e7\u00e3o dos cr\u00e9ditos de acordo com as metodologias de certifica\u00e7\u00f5es internacionais, esses cr\u00e9ditos podem ser vendidos para empresas que precisam compensar suas emiss\u00f5es de CO2 na atmosfera.\u00a0<\/p>\n<p>Em geral, empresas do setor industrial que emitem muito CO2 ou equivalentes, podem adquirir esses cr\u00e9ditos para cumprir metas de neutralidade clim\u00e1tica. Por outro lado, empresas geradoras de cr\u00e9ditos podem entrar na plataforma e registrar os cr\u00e9ditos dispon\u00edveis para negocia\u00e7\u00e3o.<\/p>\n<h2 class=\"wp-block-heading\" id=\"h-em-que-pe-estamos-o-brasil-no-mercado-de-creditos-de-carbono\">Em que p\u00e9 estamos: o Brasil no mercado de cr\u00e9ditos de carbono<\/h2>\n<p>\u00a0 Ainda n\u00e3o existe um mercado regulado de carbono no pa\u00eds. As empresas que optam por neutralizar suas emiss\u00f5es realizam as opera\u00e7\u00f5es de forma volunt\u00e1ria.\u00a0<\/p>\n<p>No entanto, o tema vem ganhando relev\u00e2ncia no mundo todo e j\u00e1 existem projetos para a regula\u00e7\u00e3o do mercado brasileiro.<\/p>\n<p>A B3 j\u00e1 est\u00e1 presente no mercado de produtos de descarboniza\u00e7\u00e3o, como o Cr\u00e9ditos de Descarboniza\u00e7\u00e3o por Biocombust\u00edveis (CBIO), a CPR Verde com promessa de redu\u00e7\u00e3o de emiss\u00f5es, e ETFs, que s\u00e3o fundos de \u00edndices, indexados ao \u00cdndice Carbono Eficiente (ICO2 B3).<\/p>\n<\/div>\n<p><br \/>\n<br \/><a href=\"https:\/\/www.seudinheiro.com\/2023\/economia\/com-acordo-de-ate-r-10-milhoes-b3-anuncia-lancamento-de-plataforma-de-negociacao-de-creditos-de-carbono-davs\/\">Source link <\/a><\/p>\n<!-- CONTENT END 1 -->\n","protected":false},"excerpt":{"rendered":"<p>Enquanto ocorre a COP 28, que debate solu\u00e7\u00f5es sustent\u00e1veis para as mudan\u00e7as clim\u00e1ticas, o Brasil d\u00e1 mais um passo no novo universo da economia verde&#8230;.<\/p>\n","protected":false},"author":1,"featured_media":12804,"comment_status":"open","ping_status":"open","sticky":false,"template":"","format":"standard","meta":{"advanced_seo_description":"","jetpack_seo_html_title":"","jetpack_seo_noindex":false,"jetpack_post_was_ever_published":false,"_jetpack_newsletter_access":"","_jetpack_dont_email_post_to_subs":false,"_jetpack_newsletter_tier_id":0,"_jetpack_memberships_contains_paywalled_content":false,"_jetpack_memberships_contains_paid_content":false,"footnotes":"","jetpack_publicize_message":"","jetpack_publicize_feature_enabled":true,"jetpack_social_post_already_shared":true,"jetpack_social_options":{"image_generator_settings":{"template":"highway","default_image_id":0,"font":"","enabled":false},"version":2}},"categories":[1235],"tags":[],"class_list":["post-12803","post","type-post","status-publish","format-standard","has-post-thumbnail","hentry","category-dinheiro-e-investimento-como-fazer-como-ganhar"],"jetpack_publicize_connections":[],"jetpack_featured_media_url":"https:\/\/i0.wp.com\/noticiasribeiraopreto.com.br\/wp-content\/uploads\/2023\/12\/ESG-sustentabilidade-628x353.jpg?fit=628%2C353&ssl=1","jetpack-related-posts":[{"id":16238,"url":"https:\/\/noticiasribeiraopreto.com.br\/index.php\/2023\/12\/15\/veja-condicoes-especiais-de-negociacao-que-acabam-de-chegar\/","url_meta":{"origin":12803,"position":0},"title":"Veja condi\u00e7\u00f5es especiais de negocia\u00e7\u00e3o que acabam de chegar","author":"noticiasribeiraopreto.com.br","date":"15 de December de 2023","format":false,"excerpt":"O governo federal publicou uma Medida Provis\u00f3ria prorrogando o programa Desenrola Brasil, para a renegocia\u00e7\u00e3o de d\u00edvidas, at\u00e9 31 de mar\u00e7o de 2024. A medida, assinada pelo presidente Lula (PT), j\u00e1 est\u00e1 na edi\u00e7\u00e3o do Di\u00e1rio Oficial da Uni\u00e3o desta ter\u00e7a-feira, 12. Cr\u00e9ditos: Ag\u00eancia Brasil\/Marcello Casal JrDesenrola: Ainda n\u00e3o negociou\u2026","rel":"","context":"In &quot;Variedades&quot;","block_context":{"text":"Variedades","link":"https:\/\/noticiasribeiraopreto.com.br\/index.php\/category\/variedades\/"},"img":{"alt_text":"","src":"https:\/\/i0.wp.com\/noticiasribeiraopreto.com.br\/wp-content\/uploads\/2023\/12\/1702639956_mutirao-no-desenrola-vai-negociar-dividas-de-ate-r-20-mil-veja-quando.png?fit=1200%2C638&ssl=1&resize=350%2C200","width":350,"height":200,"srcset":"https:\/\/i0.wp.com\/noticiasribeiraopreto.com.br\/wp-content\/uploads\/2023\/12\/1702639956_mutirao-no-desenrola-vai-negociar-dividas-de-ate-r-20-mil-veja-quando.png?fit=1200%2C638&ssl=1&resize=350%2C200 1x, https:\/\/i0.wp.com\/noticiasribeiraopreto.com.br\/wp-content\/uploads\/2023\/12\/1702639956_mutirao-no-desenrola-vai-negociar-dividas-de-ate-r-20-mil-veja-quando.png?fit=1200%2C638&ssl=1&resize=525%2C300 1.5x, https:\/\/i0.wp.com\/noticiasribeiraopreto.com.br\/wp-content\/uploads\/2023\/12\/1702639956_mutirao-no-desenrola-vai-negociar-dividas-de-ate-r-20-mil-veja-quando.png?fit=1200%2C638&ssl=1&resize=700%2C400 2x, https:\/\/i0.wp.com\/noticiasribeiraopreto.com.br\/wp-content\/uploads\/2023\/12\/1702639956_mutirao-no-desenrola-vai-negociar-dividas-de-ate-r-20-mil-veja-quando.png?fit=1200%2C638&ssl=1&resize=1050%2C600 3x"},"classes":[]},{"id":11637,"url":"https:\/\/noticiasribeiraopreto.com.br\/index.php\/2023\/12\/06\/governo-federal-anuncia-prorrogacao-do-desenrola-e-facilita-acesso-ao-programa-2\/","url_meta":{"origin":12803,"position":1},"title":"Governo federal anuncia prorroga\u00e7\u00e3o do Desenrola e facilita acesso ao programa","author":"noticiasribeiraopreto.com.br","date":"6 de December de 2023","format":false,"excerpt":"Em uma medida para beneficiar a popula\u00e7\u00e3o brasileira, o governo federal anunciou hoje a prorroga\u00e7\u00e3o do programa Desenrola por mais tr\u00eas meses, estendendo a renegocia\u00e7\u00e3o de d\u00edvidas at\u00e9 mar\u00e7o de 2024. A decis\u00e3o foi comunicada pelo secret\u00e1rio de Reformas Econ\u00f4micas do Minist\u00e9rio da Fazenda, Marcos Barbosa Pinto, que revelou tamb\u00e9m\u2026","rel":"","context":"In &quot;Vagas de Emprego em Ribeir\u00e3o Preto-SP&quot;","block_context":{"text":"Vagas de Emprego em Ribeir\u00e3o Preto-SP","link":"https:\/\/noticiasribeiraopreto.com.br\/index.php\/category\/empregos-classificados-vagas-trabalho\/vagas-de-empregos-em-ribeirao-preto-regiao-brasil\/"},"img":{"alt_text":"","src":"https:\/\/i0.wp.com\/noticiasribeiraopreto.com.br\/wp-content\/uploads\/2023\/12\/divida_desenrola__-_foto_canvajcconcursos.jpg?fit=1200%2C675&ssl=1&resize=350%2C200","width":350,"height":200,"srcset":"https:\/\/i0.wp.com\/noticiasribeiraopreto.com.br\/wp-content\/uploads\/2023\/12\/divida_desenrola__-_foto_canvajcconcursos.jpg?fit=1200%2C675&ssl=1&resize=350%2C200 1x, https:\/\/i0.wp.com\/noticiasribeiraopreto.com.br\/wp-content\/uploads\/2023\/12\/divida_desenrola__-_foto_canvajcconcursos.jpg?fit=1200%2C675&ssl=1&resize=525%2C300 1.5x, https:\/\/i0.wp.com\/noticiasribeiraopreto.com.br\/wp-content\/uploads\/2023\/12\/divida_desenrola__-_foto_canvajcconcursos.jpg?fit=1200%2C675&ssl=1&resize=700%2C400 2x, https:\/\/i0.wp.com\/noticiasribeiraopreto.com.br\/wp-content\/uploads\/2023\/12\/divida_desenrola__-_foto_canvajcconcursos.jpg?fit=1200%2C675&ssl=1&resize=1050%2C600 3x"},"classes":[]},{"id":65150,"url":"https:\/\/noticiasribeiraopreto.com.br\/index.php\/2025\/03\/16\/jornal-da-franca-esta-com-o-nome-sujo-conheca-dicas-para-limpar-o-nome-e-voltar-a-gastar\/","url_meta":{"origin":12803,"position":2},"title":"Jornal da Franca &#8211; Est\u00e1 com o nome sujo? Conhe\u00e7a dicas para limpar o nome e voltar a gastar","author":"noticiasribeiraopreto.com.br","date":"16 de March de 2025","format":false,"excerpt":"compartilhar no whatsapp compartilhar no telegram compartilhar no facebook compartilhar no linkedin Gratuitamente, al\u00e9m da Serasa, \u00e9 poss\u00edvel consultar a condi\u00e7\u00e3o de acesso a cr\u00e9dito no Servi\u00e7o Central de Prote\u00e7\u00e3o ao Cr\u00e9dito Ser impedido de fazer compras a prazo, n\u00e3o conseguir empr\u00e9stimos em banco, ter um cart\u00e3o de cr\u00e9dito negado\u2026","rel":"","context":"In &quot;Not\u00edcias de Franca-SP&quot;","block_context":{"text":"Not\u00edcias de Franca-SP","link":"https:\/\/noticiasribeiraopreto.com.br\/index.php\/category\/noticias-de-ribeirao-preto-sp-e-regiao-ismael-colosi\/noticias-franca-sp\/"},"img":{"alt_text":"","src":"https:\/\/i0.wp.com\/noticiasribeiraopreto.com.br\/wp-content\/uploads\/2025\/03\/IMG_20220405_151027.jpg?fit=1080%2C620&ssl=1&resize=350%2C200","width":350,"height":200,"srcset":"https:\/\/i0.wp.com\/noticiasribeiraopreto.com.br\/wp-content\/uploads\/2025\/03\/IMG_20220405_151027.jpg?fit=1080%2C620&ssl=1&resize=350%2C200 1x, https:\/\/i0.wp.com\/noticiasribeiraopreto.com.br\/wp-content\/uploads\/2025\/03\/IMG_20220405_151027.jpg?fit=1080%2C620&ssl=1&resize=525%2C300 1.5x, https:\/\/i0.wp.com\/noticiasribeiraopreto.com.br\/wp-content\/uploads\/2025\/03\/IMG_20220405_151027.jpg?fit=1080%2C620&ssl=1&resize=700%2C400 2x, https:\/\/i0.wp.com\/noticiasribeiraopreto.com.br\/wp-content\/uploads\/2025\/03\/IMG_20220405_151027.jpg?fit=1080%2C620&ssl=1&resize=1050%2C600 3x"},"classes":[]},{"id":70005,"url":"https:\/\/noticiasribeiraopreto.com.br\/index.php\/2025\/05\/21\/saiba-como-funciona-a-venda-de-creditos-de-carbono-na-regiao-de-ribeirao-preto\/","url_meta":{"origin":12803,"position":3},"title":"Saiba como funciona a venda de cr\u00e9ditos de carbono na regi\u00e3o de Ribeir\u00e3o Preto","author":"noticiasribeiraopreto.com.br","date":"21 de May de 2025","format":false,"excerpt":"Na regi\u00e3o de Ribeir\u00e3o Preto, a recupera\u00e7\u00e3o de \u00e1reas degradadas e a compensa\u00e7\u00e3o das emiss\u00f5es de gases de efeito estufa s\u00e3o realizadas, entre outras formas, por meio do plantio de \u00e1rvores nativas em propriedades rurais. Esse plantio gera cr\u00e9ditos de carbono que podem ser vendidos no mercado. A venda desses\u2026","rel":"","context":"In &quot;Not\u00edcias de Ribeir\u00e3o Preto-SP e Regi\u00e3o&quot;","block_context":{"text":"Not\u00edcias de Ribeir\u00e3o Preto-SP e Regi\u00e3o","link":"https:\/\/noticiasribeiraopreto.com.br\/index.php\/category\/noticias-de-ribeirao-preto-sp-e-regiao-ismael-colosi\/"},"img":{"alt_text":"","src":"https:\/\/i0.wp.com\/noticiasribeiraopreto.com.br\/wp-content\/uploads\/2025\/05\/Imagem-do-WhatsApp-de-2025-05-21-as-12.19.28_0f01b3df_2025-05-21_21-47-12.webp.webp?fit=1200%2C800&ssl=1&resize=350%2C200","width":350,"height":200,"srcset":"https:\/\/i0.wp.com\/noticiasribeiraopreto.com.br\/wp-content\/uploads\/2025\/05\/Imagem-do-WhatsApp-de-2025-05-21-as-12.19.28_0f01b3df_2025-05-21_21-47-12.webp.webp?fit=1200%2C800&ssl=1&resize=350%2C200 1x, https:\/\/i0.wp.com\/noticiasribeiraopreto.com.br\/wp-content\/uploads\/2025\/05\/Imagem-do-WhatsApp-de-2025-05-21-as-12.19.28_0f01b3df_2025-05-21_21-47-12.webp.webp?fit=1200%2C800&ssl=1&resize=525%2C300 1.5x, https:\/\/i0.wp.com\/noticiasribeiraopreto.com.br\/wp-content\/uploads\/2025\/05\/Imagem-do-WhatsApp-de-2025-05-21-as-12.19.28_0f01b3df_2025-05-21_21-47-12.webp.webp?fit=1200%2C800&ssl=1&resize=700%2C400 2x, https:\/\/i0.wp.com\/noticiasribeiraopreto.com.br\/wp-content\/uploads\/2025\/05\/Imagem-do-WhatsApp-de-2025-05-21-as-12.19.28_0f01b3df_2025-05-21_21-47-12.webp.webp?fit=1200%2C800&ssl=1&resize=1050%2C600 3x"},"classes":[]},{"id":45425,"url":"https:\/\/noticiasribeiraopreto.com.br\/index.php\/2024\/04\/04\/limpe-seu-nome-serasa-lanca-programa-de-perdao-de-dividas-com-ate-90-de-desconto\/","url_meta":{"origin":12803,"position":4},"title":"Limpe Seu Nome: Serasa Lan\u00e7a Programa de Perd\u00e3o de D\u00edvidas com At\u00e9 90% de Desconto","author":"noticiasribeiraopreto.com.br","date":"4 de April de 2024","format":false,"excerpt":"Uma iniciativa recente da Serasa visa ajudar brasileiros em dificuldades financeiras oferecendo um programa de perd\u00e3o de d\u00edvidas que cobre d\u00edvidas que variam de 500 reais a 20 mil reais. Esta medida d\u00e1 aos consumidores a oportunidade de normalizar a situa\u00e7\u00e3o econ\u00f3mica. A vantagem do perd\u00e3o de d\u00edvidas do Serasa\u2026","rel":"","context":"In &quot;Dinheiro e Investimento&quot;","block_context":{"text":"Dinheiro e Investimento","link":"https:\/\/noticiasribeiraopreto.com.br\/index.php\/category\/dinheiro-e-investimento-como-fazer-como-ganhar\/"},"img":{"alt_text":"","src":"https:\/\/i0.wp.com\/noticiasribeiraopreto.com.br\/wp-content\/uploads\/2024\/04\/rinaca-pobre.webp.webp?fit=1200%2C630&ssl=1&resize=350%2C200","width":350,"height":200,"srcset":"https:\/\/i0.wp.com\/noticiasribeiraopreto.com.br\/wp-content\/uploads\/2024\/04\/rinaca-pobre.webp.webp?fit=1200%2C630&ssl=1&resize=350%2C200 1x, https:\/\/i0.wp.com\/noticiasribeiraopreto.com.br\/wp-content\/uploads\/2024\/04\/rinaca-pobre.webp.webp?fit=1200%2C630&ssl=1&resize=525%2C300 1.5x, https:\/\/i0.wp.com\/noticiasribeiraopreto.com.br\/wp-content\/uploads\/2024\/04\/rinaca-pobre.webp.webp?fit=1200%2C630&ssl=1&resize=700%2C400 2x, https:\/\/i0.wp.com\/noticiasribeiraopreto.com.br\/wp-content\/uploads\/2024\/04\/rinaca-pobre.webp.webp?fit=1200%2C630&ssl=1&resize=1050%2C600 3x"},"classes":[]},{"id":20571,"url":"https:\/\/noticiasribeiraopreto.com.br\/index.php\/2023\/12\/25\/consulte-as-datas-de-prorrogacao-do-desenrola-brasil\/","url_meta":{"origin":12803,"position":5},"title":"Consulte as Datas de Prorroga\u00e7\u00e3o do Desenrola Brasil","author":"noticiasribeiraopreto.com.br","date":"25 de December de 2023","format":false,"excerpt":"Luiz In\u00e1cio Lula da Silva, presidente brasileiro, ampliou a validade do programa Desenrola Brasil at\u00e9 31 de mar\u00e7o de 2024, conforme anunciado oficialmente no Di\u00e1rio Oficial da Uni\u00e3o em 12 de dezembro de 2023. Este programa, voltado para a renegocia\u00e7\u00e3o de d\u00edvidas, busca conceder al\u00edvio financeiro a milh\u00f5es de brasileiros,\u2026","rel":"","context":"In &quot;Vagas de Emprego em Ribeir\u00e3o Preto-SP&quot;","block_context":{"text":"Vagas de Emprego em Ribeir\u00e3o Preto-SP","link":"https:\/\/noticiasribeiraopreto.com.br\/index.php\/category\/empregos-classificados-vagas-trabalho\/vagas-de-empregos-em-ribeirao-preto-regiao-brasil\/"},"img":{"alt_text":"","src":"","width":0,"height":0},"classes":[]}],"jetpack_sharing_enabled":true,"jetpack_shortlink":"https:\/\/wp.me\/peQAOb-3kv","_links":{"self":[{"href":"https:\/\/noticiasribeiraopreto.com.br\/index.php\/wp-json\/wp\/v2\/posts\/12803","targetHints":{"allow":["GET"]}}],"collection":[{"href":"https:\/\/noticiasribeiraopreto.com.br\/index.php\/wp-json\/wp\/v2\/posts"}],"about":[{"href":"https:\/\/noticiasribeiraopreto.com.br\/index.php\/wp-json\/wp\/v2\/types\/post"}],"author":[{"embeddable":true,"href":"https:\/\/noticiasribeiraopreto.com.br\/index.php\/wp-json\/wp\/v2\/users\/1"}],"replies":[{"embeddable":true,"href":"https:\/\/noticiasribeiraopreto.com.br\/index.php\/wp-json\/wp\/v2\/comments?post=12803"}],"version-history":[{"count":0,"href":"https:\/\/noticiasribeiraopreto.com.br\/index.php\/wp-json\/wp\/v2\/posts\/12803\/revisions"}],"wp:featuredmedia":[{"embeddable":true,"href":"https:\/\/noticiasribeiraopreto.com.br\/index.php\/wp-json\/wp\/v2\/media\/12804"}],"wp:attachment":[{"href":"https:\/\/noticiasribeiraopreto.com.br\/index.php\/wp-json\/wp\/v2\/media?parent=12803"}],"wp:term":[{"taxonomy":"category","embeddable":true,"href":"https:\/\/noticiasribeiraopreto.com.br\/index.php\/wp-json\/wp\/v2\/categories?post=12803"},{"taxonomy":"post_tag","embeddable":true,"href":"https:\/\/noticiasribeiraopreto.com.br\/index.php\/wp-json\/wp\/v2\/tags?post=12803"}],"curies":[{"name":"wp","href":"https:\/\/api.w.org\/{rel}","templated":true}]}}