{"id":12806,"date":"2023-12-08T16:07:50","date_gmt":"2023-12-08T19:07:50","guid":{"rendered":"https:\/\/noticiasribeiraopreto.com.br\/index.php\/2023\/12\/08\/lavar-ou-nao-o-arroz-voce-provavelmente-esta-fazendo-errado\/"},"modified":"2023-12-08T16:07:50","modified_gmt":"2023-12-08T19:07:50","slug":"lavar-ou-nao-o-arroz-voce-provavelmente-esta-fazendo-errado","status":"publish","type":"post","link":"https:\/\/noticiasribeiraopreto.com.br\/index.php\/2023\/12\/08\/lavar-ou-nao-o-arroz-voce-provavelmente-esta-fazendo-errado\/","title":{"rendered":"Lavar ou n\u00e3o o arroz? Voc\u00ea provavelmente est\u00e1 fazendo errado"},"content":{"rendered":"<div class='code-block code-block-1' style='margin: 8px 0 8px auto; text-align: right; display: block; clear: both;'>\n<p><a href=\"https:\/\/wa.link\/vpicfd\"><img data-recalc-dims=\"1\" class=\"wp-image-4922\" style=\"aspect-ratio: 2.0253164556962027; width: 561px; height: auto;\" src=\"https:\/\/i0.wp.com\/ismaelcolosi.com.br\/wp-content\/uploads\/2023\/11\/grupo-de-empregos-whatsapp-e-facebook-ismael-colosi-vagas.jpg?ssl=1\" alt=\"\" \/><\/a><\/p>\n<!-- \/wp:image -->\n<\/div>\n<p> <br \/>\n<\/p>\n<div>\n<p>\u00c9 muito prov\u00e1vel que voc\u00ea j\u00e1 tenha visto sua m\u00e3e ou av\u00f3 lavando o <a href=\"https:\/\/catracalivre.com.br\/receitas\/arroz-de-forno-cremoso-pronto-em-30-minutos\/\">arroz<\/a> antes de cozinh\u00e1-lo. Mas j\u00e1 parou para se perguntar se esse cuidado \u00e9 o mais correto?<\/p>\n<p>Alguns juram que o cereal tem que ser lavado at\u00e9 que aquela \u00e1gua branca saia por completo. Mas acredite: ela n\u00e3o faz mal algum. Muito pelo contr\u00e1rio. Ao lavar o arroz, voc\u00ea est\u00e1 mandando embora v\u00e1rios <a href=\"https:\/\/catracalivre.com.br\/saude-bem-estar\/estudo-indica-que-um-nutriente-destes-alimentos-pode-ajudar-a-combater-cancer\/\">nutrientes<\/a> nesse processo.<\/p>\n<div id=\"attachment_2315417\" class=\"wp-caption alignnone\">\n<div class=\"d-flex justify-content-center\" data-attachment-id=\"2315417\">\n<div class=\"position-relative d-inline-block\"><img data-recalc-dims=\"1\" data-portal-copyright=\"FSTOPLIGHT\/istock\" fetchpriority=\"high\" decoding=\"async\" class=\"size-large wp-image-2315417\" src=\"https:\/\/i0.wp.com\/catracalivre.com.br\/wp-content\/uploads\/2023\/11\/istock-468156873-910x609.jpg?resize=910%2C609&#038;ssl=1\" alt=\"Lavar o arroz de enviar nutrientes valiosos pelo ralo\" width=\"910\" height=\"609\" srcset=\"https:\/\/catracalivre.com.br\/wp-content\/uploads\/2023\/11\/istock-468156873-910x609.jpg 910w, https:\/\/catracalivre.com.br\/wp-content\/uploads\/2023\/11\/istock-468156873-450x301.jpg 450w, https:\/\/catracalivre.com.br\/wp-content\/uploads\/2023\/11\/istock-468156873-768x514.jpg 768w\" sizes=\"(max-width: 910px) 100vw, 910px\"\/><\/p>\n<p>Cr\u00e9ditos: FSTOPLIGHT\/istock<\/p>\n<\/div>\n<\/div>\n<p><span class=\"post-imagem__legenda\">Lavar o arroz de enviar nutrientes valiosos pelo ralo<\/span><\/p>\n<\/div>\n<p>Recentemente o v\u00eddeo de uma doutora em f\u00edsica sobre o tema viralizou nas <a href=\"https:\/\/catracalivre.com.br\/saude-bem-estar\/medica-viraliza-nas-redes-ensinando-como-tomar-banho\/\">redes sociais<\/a> e reacendeu o debate no Instagram.<\/p>\n<p>Gabriela Bailas justifica que esse processo de higiene pode mandar embora cerca de 75% de <a href=\"https:\/\/catracalivre.com.br\/saude-bem-estar\/unhas-fracas-e-mais-sinais-da-deficiencia-em-ferro-no-organismo\/\">ferro<\/a>, 50% de <a href=\"https:\/\/catracalivre.com.br\/saude-bem-estar\/dor-muscular-e-mais-sinais-pouco-conhecidos-de-deficiencia-de-calcio\/\">c\u00e1lcio<\/a> e 50% de <a href=\"https:\/\/catracalivre.com.br\/saude-bem-estar\/consumo-deste-mineral-muito-popular-pode-aumentar-risco-de-cancer-de-mama\/\">f\u00f3sforo<\/a>. Ela lembra que a informa\u00e7\u00e3o para n\u00e3o lavar o arroz vem na pr\u00f3pria embalagem do produto.<\/p>\n<blockquote class=\"instagram-media\" data-instgrm-captioned=\"\" data-instgrm-permalink=\"https:\/\/www.instagram.com\/reel\/C0Mk6W4STHQ\/?utm_source=ig_embed&amp;utm_campaign=loading\" data-instgrm-version=\"14\" style=\" background:#FFF; border:0; border-radius:3px; box-shadow:0 0 1px 0 rgba(0,0,0,0.5),0 1px 10px 0 rgba(0,0,0,0.15); margin: 1px; max-width:500px; min-width:326px; padding:0; width:99.375%; width:-webkit-calc(100% - 2px); width:calc(100% - 2px);\">\n<\/blockquote>\n<p>Tradicionalmente, o arroz era lavado para remover poeira, insetos, pedrinhas e peda\u00e7os de casca que sobravam do processo de descasque do arroz.<\/p>\n<p>Isto ainda pode ser importante para algumas regi\u00f5es do mundo onde o processamento n\u00e3o \u00e9 t\u00e3o cuidadoso, mas n\u00e3o \u00e9 uma necessidade com o produto que compramos nos mercados do Brasil.<\/p>\n<p>Outra d\u00favida \u00e9 se o processo de higiene tem efeito sobre o conte\u00fado bacteriano. A resposta \u00e9 n\u00e3o. No entanto, as altas temperaturas de cozimento matar\u00e3o todas as bact\u00e9rias presentes.<\/p>\n<h2>E precisa deixar de molho?<\/h2>\n<p>No passado, ainda foi falado sobre a necessidade de deixar o arroz de molho para que diminu\u00edsse a concentra\u00e7\u00e3o de <a href=\"https:\/\/catracalivre.com.br\/saude-bem-estar\/fazer-isto-elimina-substancia-cancerigena-do-arroz\/\">ars\u00eanio<\/a>, um elemento qu\u00edmico que pode estar presente naturalmente no solo de planta\u00e7\u00f5es de arroz, considerado veneno para os seres humanos.<\/p>\n<p>Essa preocupa\u00e7\u00e3o, no entanto, valia apenas para os gr\u00e3os importados de Bangladesh, onde a concentra\u00e7\u00e3o de ars\u00eanio era maior.<\/p>\n<p>No Brasil, o cuidado \u00e9 dispens\u00e1vel j\u00e1 que todos os estudos avaliando amostras de arroz no pa\u00eds encontraram n\u00edveis de ars\u00eanio dentro dos limites m\u00e1ximos de seguran\u00e7a estabelecidos para o contaminante.<\/p>\n<h2>Lavar o arroz o torna menos pegajoso?<\/h2>\n<p>Um estudo recente comparou o efeito da lavagem na viscosidade e na dureza de tr\u00eas tipos diferentes de arroz. Os tr\u00eas tipos eram arroz glutinoso, arroz de gr\u00e3o m\u00e9dio e arroz jasmim.<\/p>\n<p>Ao contr\u00e1rio do que os chefs de cozinha pregam, este estudo mostrou que o processo de lavagem n\u00e3o teve efeito na viscosidade (ou dureza) do arroz.<\/p>\n<p>Em vez disso, os investigadores demonstraram que a viscosidade n\u00e3o se devia ao amido superficial (amilose), mas sim a um amido diferente chamado amilopectina, que \u00e9 lixiviado do gr\u00e3o de arroz durante o processo de cozimento.<\/p>\n<p>A quantidade lixiviada diferiu entre os tipos de gr\u00e3os de arroz.<\/p>\n<p>Portanto, \u00e9 a variedade de arroz \u2013 e n\u00e3o a lavagem \u2013 que determina a viscosidade.<\/p>\n<p>Neste estudo, o arroz glutinoso foi o mais pegajoso, enquanto o arroz de gr\u00e3o m\u00e9dio e o arroz jasmim foram menos pegajosos e tamb\u00e9m mais duros, conforme testado em laborat\u00f3rio.<\/p>\n<\/div>\n<p><script>\n\t\t! function(f, b, e, v, n, t, s) {\n\t\t\tif (f.fbq) return;\n\t\t\tn = f.fbq = function() {\n\t\t\t\tn.callMethod ?\n\t\t\t\t\tn.callMethod.apply(n, arguments) : n.queue.push(arguments)\n\t\t\t};\n\t\t\tif (!f._fbq) f._fbq = n;\n\t\t\tn.push = n;\n\t\t\tn.loaded = !0;\n\t\t\tn.version = '2.0';\n\t\t\tn.queue = [];\n\t\t\tt = b.createElement(e);\n\t\t\tt.async = !0;\n\t\t\tt.src = v;\n\t\t\ts = b.getElementsByTagName(e)[0];\n\t\t\ts.parentNode.insertBefore(t, s)\n\t\t}(window, document, 'script',\n\t\t\t'https:\/\/connect.facebook.net\/en_US\/fbevents.js');\n\t\tfbq('init', '338315473262380');\n\t\tfbq('track', 'PageView');\n\t<\/script><script async src=\"\/\/www.instagram.com\/embed.js\"><\/script><br \/>\n<br \/><br \/>\n<br \/><a href=\"https:\/\/catracalivre.com.br\/saude-bem-estar\/lavar-ou-nao-o-arroz-voce-provavelmente-esta-fazendo-errado\/\">Source link <\/a><\/p>\n<!-- CONTENT END 1 -->\n","protected":false},"excerpt":{"rendered":"<p>\u00c9 muito prov\u00e1vel que voc\u00ea j\u00e1 tenha visto sua m\u00e3e ou av\u00f3 lavando o arroz antes de cozinh\u00e1-lo. Mas j\u00e1 parou para se perguntar se&#8230;<\/p>\n","protected":false},"author":1,"featured_media":12807,"comment_status":"open","ping_status":"open","sticky":false,"template":"","format":"standard","meta":{"advanced_seo_description":"","jetpack_seo_html_title":"","jetpack_seo_noindex":false,"jetpack_post_was_ever_published":false,"_jetpack_newsletter_access":"","_jetpack_dont_email_post_to_subs":false,"_jetpack_newsletter_tier_id":0,"_jetpack_memberships_contains_paywalled_content":false,"_jetpack_memberships_contains_paid_content":false,"footnotes":"","jetpack_publicize_message":"","jetpack_publicize_feature_enabled":true,"jetpack_social_post_already_shared":true,"jetpack_social_options":{"image_generator_settings":{"template":"highway","default_image_id":0,"font":"","enabled":false},"version":2}},"categories":[19],"tags":[],"class_list":["post-12806","post","type-post","status-publish","format-standard","has-post-thumbnail","hentry","category-variedades"],"jetpack_publicize_connections":[],"jetpack_featured_media_url":"https:\/\/i0.wp.com\/noticiasribeiraopreto.com.br\/wp-content\/uploads\/2023\/12\/istock-468156873.jpg?fit=1200%2C638&ssl=1","jetpack-related-posts":[{"id":49314,"url":"https:\/\/noticiasribeiraopreto.com.br\/index.php\/2024\/05\/09\/vai-faltar-arroz-produto-ja-esta-mais-caro-em-ribeirao-preto-veja-o-que-diz-especialista\/","url_meta":{"origin":12806,"position":0},"title":"Vai faltar arroz? Produto j\u00e1 est\u00e1 mais caro em Ribeir\u00e3o Preto; Veja o que diz especialista","author":"noticiasribeiraopreto.com.br","date":"9 de May de 2024","format":false,"excerpt":"As enchentes que atingem o Rio Grande do Sul desde a semana passada preocupou diversos consumidores de Ribeir\u00e3o Preto em rela\u00e7\u00e3o a falta de arroz nos supermercados, j\u00e1 que o estado \u00e9 respons\u00e1vel por 70% da produ\u00e7\u00e3o do cereal no pa\u00eds. Segundo o presidente da Federa\u00e7\u00e3o da Agricultura e Pecu\u00e1ria\u2026","rel":"","context":"In &quot;Not\u00edcias de Ribeir\u00e3o Preto-SP e Regi\u00e3o&quot;","block_context":{"text":"Not\u00edcias de Ribeir\u00e3o Preto-SP e Regi\u00e3o","link":"https:\/\/noticiasribeiraopreto.com.br\/index.php\/category\/noticias-de-ribeirao-preto-sp-e-regiao-ismael-colosi\/"},"img":{"alt_text":"","src":"https:\/\/i0.wp.com\/noticiasribeiraopreto.com.br\/wp-content\/uploads\/2024\/05\/AnyConv.com__sack-rice-with-rice-wooden-spoon-rice-plant_2024-05-10_00-12-14-scaled.webp.webp?fit=1200%2C800&ssl=1&resize=350%2C200","width":350,"height":200,"srcset":"https:\/\/i0.wp.com\/noticiasribeiraopreto.com.br\/wp-content\/uploads\/2024\/05\/AnyConv.com__sack-rice-with-rice-wooden-spoon-rice-plant_2024-05-10_00-12-14-scaled.webp.webp?fit=1200%2C800&ssl=1&resize=350%2C200 1x, https:\/\/i0.wp.com\/noticiasribeiraopreto.com.br\/wp-content\/uploads\/2024\/05\/AnyConv.com__sack-rice-with-rice-wooden-spoon-rice-plant_2024-05-10_00-12-14-scaled.webp.webp?fit=1200%2C800&ssl=1&resize=525%2C300 1.5x, https:\/\/i0.wp.com\/noticiasribeiraopreto.com.br\/wp-content\/uploads\/2024\/05\/AnyConv.com__sack-rice-with-rice-wooden-spoon-rice-plant_2024-05-10_00-12-14-scaled.webp.webp?fit=1200%2C800&ssl=1&resize=700%2C400 2x, https:\/\/i0.wp.com\/noticiasribeiraopreto.com.br\/wp-content\/uploads\/2024\/05\/AnyConv.com__sack-rice-with-rice-wooden-spoon-rice-plant_2024-05-10_00-12-14-scaled.webp.webp?fit=1200%2C800&ssl=1&resize=1050%2C600 3x"},"classes":[]},{"id":69080,"url":"https:\/\/noticiasribeiraopreto.com.br\/index.php\/2025\/05\/02\/jornal-da-franca-nutricionista-explica-se-a-mandioca-amada-pelos-brasileiros-engorda-ou-emagrece\/","url_meta":{"origin":12806,"position":1},"title":"Jornal da Franca &#8211; Nutricionista explica se a mandioca, amada pelos brasileiros, engorda ou emagrece","author":"noticiasribeiraopreto.com.br","date":"2 de May de 2025","format":false,"excerpt":"compartilhar no whatsapp compartilhar no telegram compartilhar no facebook compartilhar no linkedin Contadores de calorias de plant\u00e3o diriam para voc\u00ea correr dela, porque sim, ela \u00e9 cal\u00f3rica Mandioca, macaxeira ou aipim\u2026 Em cada lugar, ela \u00e9 conhecida por um nome. Mas uma coisa \u00e9 certa: ela \u00e9 brasileira, com muito\u2026","rel":"","context":"In &quot;Not\u00edcias de Franca-SP&quot;","block_context":{"text":"Not\u00edcias de Franca-SP","link":"https:\/\/noticiasribeiraopreto.com.br\/index.php\/category\/noticias-de-ribeirao-preto-sp-e-regiao-ismael-colosi\/noticias-franca-sp\/"},"img":{"alt_text":"","src":"https:\/\/i0.wp.com\/noticiasribeiraopreto.com.br\/wp-content\/uploads\/2025\/05\/IMG_20221021_061051.jpg?fit=1080%2C705&ssl=1&resize=350%2C200","width":350,"height":200,"srcset":"https:\/\/i0.wp.com\/noticiasribeiraopreto.com.br\/wp-content\/uploads\/2025\/05\/IMG_20221021_061051.jpg?fit=1080%2C705&ssl=1&resize=350%2C200 1x, https:\/\/i0.wp.com\/noticiasribeiraopreto.com.br\/wp-content\/uploads\/2025\/05\/IMG_20221021_061051.jpg?fit=1080%2C705&ssl=1&resize=525%2C300 1.5x, https:\/\/i0.wp.com\/noticiasribeiraopreto.com.br\/wp-content\/uploads\/2025\/05\/IMG_20221021_061051.jpg?fit=1080%2C705&ssl=1&resize=700%2C400 2x, https:\/\/i0.wp.com\/noticiasribeiraopreto.com.br\/wp-content\/uploads\/2025\/05\/IMG_20221021_061051.jpg?fit=1080%2C705&ssl=1&resize=1050%2C600 3x"},"classes":[]},{"id":69172,"url":"https:\/\/noticiasribeiraopreto.com.br\/index.php\/2025\/05\/03\/jornal-da-franca-descubra-se-o-arroz-queridinho-dos-brasileiros-realmente-e-o-vilao-das-dietas\/","url_meta":{"origin":12806,"position":2},"title":"Jornal da Franca &#8211; Descubra se o arroz, queridinho dos brasileiros, realmente \u00e9 o vil\u00e3o das dietas","author":"noticiasribeiraopreto.com.br","date":"3 de May de 2025","format":false,"excerpt":"compartilhar no whatsapp compartilhar no telegram compartilhar no facebook compartilhar no linkedin Entenda como o arroz pode impactar o peso e a import\u00e2ncia da escolha do tipo certo O arroz \u00e9 um alimento popular no Brasil, mas levanta d\u00favidas sobre suas propriedades e impacto no peso. A resposta para se\u2026","rel":"","context":"In &quot;Not\u00edcias de Franca-SP&quot;","block_context":{"text":"Not\u00edcias de Franca-SP","link":"https:\/\/noticiasribeiraopreto.com.br\/index.php\/category\/noticias-de-ribeirao-preto-sp-e-regiao-ismael-colosi\/noticias-franca-sp\/"},"img":{"alt_text":"","src":"https:\/\/i0.wp.com\/noticiasribeiraopreto.com.br\/wp-content\/uploads\/2025\/05\/pes-de-um-jovem-adulto-em-pe-sobre-uma-balanca-que-mede-a-ia-generativa.jpg?fit=1000%2C560&ssl=1&resize=350%2C200","width":350,"height":200,"srcset":"https:\/\/i0.wp.com\/noticiasribeiraopreto.com.br\/wp-content\/uploads\/2025\/05\/pes-de-um-jovem-adulto-em-pe-sobre-uma-balanca-que-mede-a-ia-generativa.jpg?fit=1000%2C560&ssl=1&resize=350%2C200 1x, https:\/\/i0.wp.com\/noticiasribeiraopreto.com.br\/wp-content\/uploads\/2025\/05\/pes-de-um-jovem-adulto-em-pe-sobre-uma-balanca-que-mede-a-ia-generativa.jpg?fit=1000%2C560&ssl=1&resize=525%2C300 1.5x, https:\/\/i0.wp.com\/noticiasribeiraopreto.com.br\/wp-content\/uploads\/2025\/05\/pes-de-um-jovem-adulto-em-pe-sobre-uma-balanca-que-mede-a-ia-generativa.jpg?fit=1000%2C560&ssl=1&resize=700%2C400 2x"},"classes":[]},{"id":65037,"url":"https:\/\/noticiasribeiraopreto.com.br\/index.php\/2025\/03\/14\/jornal-da-franca-voce-sabe-quando-e-hora-de-lavar-suas-roupas-jeans-descubra-qual-a-frequencia-ideal\/","url_meta":{"origin":12806,"position":3},"title":"Jornal da Franca &#8211; Voc\u00ea sabe quando \u00e9 hora de lavar suas roupas jeans? Descubra qual a frequ\u00eancia ideal","author":"noticiasribeiraopreto.com.br","date":"14 de March de 2025","format":false,"excerpt":"compartilhar no whatsapp compartilhar no telegram compartilhar no facebook compartilhar no linkedin Cada tipo de roupa tem uma forma correta de higienizar; entenda como lavar as pe\u00e7as jeans e com que frequ\u00eancia isso deve ser feito A frequ\u00eancia ideal para lavar seu jeans depende do uso e do contato com\u2026","rel":"","context":"In &quot;Not\u00edcias de Franca-SP&quot;","block_context":{"text":"Not\u00edcias de Franca-SP","link":"https:\/\/noticiasribeiraopreto.com.br\/index.php\/category\/noticias-de-ribeirao-preto-sp-e-regiao-ismael-colosi\/noticias-franca-sp\/"},"img":{"alt_text":"","src":"https:\/\/i0.wp.com\/noticiasribeiraopreto.com.br\/wp-content\/uploads\/2025\/03\/jeans-shutterstock.jpg?fit=1200%2C675&ssl=1&resize=350%2C200","width":350,"height":200,"srcset":"https:\/\/i0.wp.com\/noticiasribeiraopreto.com.br\/wp-content\/uploads\/2025\/03\/jeans-shutterstock.jpg?fit=1200%2C675&ssl=1&resize=350%2C200 1x, https:\/\/i0.wp.com\/noticiasribeiraopreto.com.br\/wp-content\/uploads\/2025\/03\/jeans-shutterstock.jpg?fit=1200%2C675&ssl=1&resize=525%2C300 1.5x, https:\/\/i0.wp.com\/noticiasribeiraopreto.com.br\/wp-content\/uploads\/2025\/03\/jeans-shutterstock.jpg?fit=1200%2C675&ssl=1&resize=700%2C400 2x, https:\/\/i0.wp.com\/noticiasribeiraopreto.com.br\/wp-content\/uploads\/2025\/03\/jeans-shutterstock.jpg?fit=1200%2C675&ssl=1&resize=1050%2C600 3x"},"classes":[]},{"id":71586,"url":"https:\/\/noticiasribeiraopreto.com.br\/index.php\/2025\/06\/07\/jornal-da-franca-suas-orquideas-vao-florescer-como-nunca-se-usar-este-ingrediente-da-cozinha\/","url_meta":{"origin":12806,"position":4},"title":"Jornal da Franca &#8211; Suas orqu\u00eddeas v\u00e3o florescer como nunca se usar este ingrediente da cozinha","author":"noticiasribeiraopreto.com.br","date":"7 de June de 2025","format":false,"excerpt":"compartilhar no whatsapp compartilhar no telegram compartilhar no facebook compartilhar no linkedin Este fertilizante caseiro, rico em nitrog\u00eanio, pot\u00e1ssio, f\u00f3sforo e magn\u00e9sio, n\u00e3o s\u00f3 fortalece a planta, mas melhora a produ\u00e7\u00e3o de flores Sonha com orqu\u00eddeas que florescem com brilho intenso e uma sa\u00fade invej\u00e1vel? A solu\u00e7\u00e3o para o seu\u2026","rel":"","context":"In &quot;Not\u00edcias de Franca-SP&quot;","block_context":{"text":"Not\u00edcias de Franca-SP","link":"https:\/\/noticiasribeiraopreto.com.br\/index.php\/category\/noticias-de-ribeirao-preto-sp-e-regiao-ismael-colosi\/noticias-franca-sp\/"},"img":{"alt_text":"","src":"https:\/\/i0.wp.com\/noticiasribeiraopreto.com.br\/wp-content\/uploads\/2025\/06\/2150970146.jpg?fit=1000%2C667&ssl=1&resize=350%2C200","width":350,"height":200,"srcset":"https:\/\/i0.wp.com\/noticiasribeiraopreto.com.br\/wp-content\/uploads\/2025\/06\/2150970146.jpg?fit=1000%2C667&ssl=1&resize=350%2C200 1x, https:\/\/i0.wp.com\/noticiasribeiraopreto.com.br\/wp-content\/uploads\/2025\/06\/2150970146.jpg?fit=1000%2C667&ssl=1&resize=525%2C300 1.5x, https:\/\/i0.wp.com\/noticiasribeiraopreto.com.br\/wp-content\/uploads\/2025\/06\/2150970146.jpg?fit=1000%2C667&ssl=1&resize=700%2C400 2x"},"classes":[]},{"id":49425,"url":"https:\/\/noticiasribeiraopreto.com.br\/index.php\/2024\/05\/10\/saiba-se-estoque-de-arroz-no-brasil-esta-garantido\/","url_meta":{"origin":12806,"position":5},"title":"Saiba se estoque de arroz no Brasil est\u00e1 garantido","author":"noticiasribeiraopreto.com.br","date":"10 de May de 2024","format":false,"excerpt":"A Federarroz (Federa\u00e7\u00e3o das Associa\u00e7\u00f5es de Arrozeiros do Rio Grande do Sul) e a Abras (Associa\u00e7\u00e3o Brasileira de Supermercados) garantiram que n\u00e3o h\u00e1 risco de desabastecimento do gr\u00e3o no Brasil, apesar das enchentes no Rio Grande do Sul, que \u00e9 o estado respons\u00e1vel por 70% da produ\u00e7\u00e3o nacional. O Governo\u2026","rel":"","context":"In &quot;Not\u00edcias de Ribeir\u00e3o Preto-SP e Regi\u00e3o&quot;","block_context":{"text":"Not\u00edcias de Ribeir\u00e3o Preto-SP e Regi\u00e3o","link":"https:\/\/noticiasribeiraopreto.com.br\/index.php\/category\/noticias-de-ribeirao-preto-sp-e-regiao-ismael-colosi\/"},"img":{"alt_text":"","src":"https:\/\/i0.wp.com\/noticiasribeiraopreto.com.br\/wp-content\/uploads\/2024\/05\/Capturar_2024-05-10_17-35-17_jpg_2024-05-10_17-35-17.webp.webp?fit=1098%2C642&ssl=1&resize=350%2C200","width":350,"height":200,"srcset":"https:\/\/i0.wp.com\/noticiasribeiraopreto.com.br\/wp-content\/uploads\/2024\/05\/Capturar_2024-05-10_17-35-17_jpg_2024-05-10_17-35-17.webp.webp?fit=1098%2C642&ssl=1&resize=350%2C200 1x, https:\/\/i0.wp.com\/noticiasribeiraopreto.com.br\/wp-content\/uploads\/2024\/05\/Capturar_2024-05-10_17-35-17_jpg_2024-05-10_17-35-17.webp.webp?fit=1098%2C642&ssl=1&resize=525%2C300 1.5x, https:\/\/i0.wp.com\/noticiasribeiraopreto.com.br\/wp-content\/uploads\/2024\/05\/Capturar_2024-05-10_17-35-17_jpg_2024-05-10_17-35-17.webp.webp?fit=1098%2C642&ssl=1&resize=700%2C400 2x, https:\/\/i0.wp.com\/noticiasribeiraopreto.com.br\/wp-content\/uploads\/2024\/05\/Capturar_2024-05-10_17-35-17_jpg_2024-05-10_17-35-17.webp.webp?fit=1098%2C642&ssl=1&resize=1050%2C600 3x"},"classes":[]}],"jetpack_sharing_enabled":true,"jetpack_shortlink":"https:\/\/wp.me\/peQAOb-3ky","_links":{"self":[{"href":"https:\/\/noticiasribeiraopreto.com.br\/index.php\/wp-json\/wp\/v2\/posts\/12806","targetHints":{"allow":["GET"]}}],"collection":[{"href":"https:\/\/noticiasribeiraopreto.com.br\/index.php\/wp-json\/wp\/v2\/posts"}],"about":[{"href":"https:\/\/noticiasribeiraopreto.com.br\/index.php\/wp-json\/wp\/v2\/types\/post"}],"author":[{"embeddable":true,"href":"https:\/\/noticiasribeiraopreto.com.br\/index.php\/wp-json\/wp\/v2\/users\/1"}],"replies":[{"embeddable":true,"href":"https:\/\/noticiasribeiraopreto.com.br\/index.php\/wp-json\/wp\/v2\/comments?post=12806"}],"version-history":[{"count":0,"href":"https:\/\/noticiasribeiraopreto.com.br\/index.php\/wp-json\/wp\/v2\/posts\/12806\/revisions"}],"wp:featuredmedia":[{"embeddable":true,"href":"https:\/\/noticiasribeiraopreto.com.br\/index.php\/wp-json\/wp\/v2\/media\/12807"}],"wp:attachment":[{"href":"https:\/\/noticiasribeiraopreto.com.br\/index.php\/wp-json\/wp\/v2\/media?parent=12806"}],"wp:term":[{"taxonomy":"category","embeddable":true,"href":"https:\/\/noticiasribeiraopreto.com.br\/index.php\/wp-json\/wp\/v2\/categories?post=12806"},{"taxonomy":"post_tag","embeddable":true,"href":"https:\/\/noticiasribeiraopreto.com.br\/index.php\/wp-json\/wp\/v2\/tags?post=12806"}],"curies":[{"name":"wp","href":"https:\/\/api.w.org\/{rel}","templated":true}]}}