{"id":1284,"date":"2023-11-11T13:01:05","date_gmt":"2023-11-11T16:01:05","guid":{"rendered":"https:\/\/noticiasribeiraopreto.com.br\/index.php\/2023\/11\/11\/mega-sena-pode-pagar-r-30-milhoes-neste-sabado\/"},"modified":"2023-11-11T13:01:05","modified_gmt":"2023-11-11T16:01:05","slug":"mega-sena-pode-pagar-r-30-milhoes-neste-sabado","status":"publish","type":"post","link":"https:\/\/noticiasribeiraopreto.com.br\/index.php\/2023\/11\/11\/mega-sena-pode-pagar-r-30-milhoes-neste-sabado\/","title":{"rendered":"Mega-Sena pode pagar R$ 30 milh\u00f5es neste s\u00e1bado"},"content":{"rendered":"<div class='code-block code-block-1' style='margin: 8px 0 8px auto; text-align: right; display: block; clear: both;'>\n<p><a href=\"https:\/\/wa.link\/vpicfd\"><img data-recalc-dims=\"1\" class=\"wp-image-4922\" style=\"aspect-ratio: 2.0253164556962027; width: 561px; height: auto;\" src=\"https:\/\/i0.wp.com\/ismaelcolosi.com.br\/wp-content\/uploads\/2023\/11\/grupo-de-empregos-whatsapp-e-facebook-ismael-colosi-vagas.jpg?ssl=1\" alt=\"\" \/><\/a><\/p>\n<!-- \/wp:image -->\n<\/div>\n<p> <br \/>\n<\/p>\n<div id=\"post-364051\">\n<header class=\"entry-header penci-entry-header penci-title-center\">\n<p> <span class=\"entry-meta-item penci-posted-on\"><i class=\"fa fa-clock-o\"\/><time class=\"entry-date published\" datetime=\"2023-11-11T13:00:23-03:00\">11 de novembro de 2023 | 13:00<\/time><time class=\"updated\" datetime=\"2023-11-11T12:19:26-03:00\">11 de novembro de 2023 | 12:19<\/time><\/span><\/p>\n<p> <span class=\"penci-social-buttons penci-social-share-footer\"><a href=\"#\" class=\"penci-post-like penci_post-meta_item  single-like-button penci-social-item like\" data-post_id=\"364051\" title=\"Like\" data-like=\"Like\" data-unlike=\"Unlike\"><i class=\"fa fa-thumbs-o-up\"\/><span class=\"penci-share-number\">0<\/span><\/a><a class=\"penci-social-item facebook\" target=\"_blank\" rel=\"noopener\" title=\"\" href=\"https:\/\/www.facebook.com\/sharer\/sharer.php?u=https%3A%2F%2Fwww.tribunaribeirao.com.br%2Fsite%2Fmega-sena-pode-pagar-r-30-milhoes-neste-sabado%2F\"><i class=\"fa fa-facebook\"\/><\/a><a class=\"penci-social-item twitter\" target=\"_blank\" rel=\"noopener\" title=\"\" href=\"https:\/\/twitter.com\/intent\/tweet?text=Mega-Sena%20pode%20pagar%20R$%2030%20milh\u00f5es%20neste%20s\u00e1bado%20-%20https:\/\/www.tribunaribeirao.com.br\/site\/mega-sena-pode-pagar-r-30-milhoes-neste-sabado\/\"><i class=\"fa fa-twitter\"\/><\/a><a class=\"penci-social-item whatsapp\" rel=\"noopener\" data-text=\"Mega-Sena pode pagar R$ 30 milh\u00f5es neste s\u00e1bado\" data-link=\"https:\/\/www.tribunaribeirao.com.br\/site\/mega-sena-pode-pagar-r-30-milhoes-neste-sabado\/\" href=\"#\"><i class=\"fa fa-whatsapp\"\/><\/a><\/span><\/header>\n<div class=\"penci-entry-content entry-content\">\n<div class=\"post-item-wrap\">\n<p>O concurso 2.655 da Mega-Sena pode pagar\u00a0R$ 30 milh\u00f5es neste s\u00e1bado (11) para quem acertar as seis dezenas sorteadas. O sorteio ser\u00e1 realizado \u00e0s 20h. As apostas podem ser feitas at\u00e9 as 19h nas casas lot\u00e9ricas.<img data-recalc-dims=\"1\" decoding=\"async\" src=\"https:\/\/i0.wp.com\/agenciabrasil.ebc.com.br\/ebc.png?ssl=1\" class=\"lazyload\"\/><noscript><img data-recalc-dims=\"1\" decoding=\"async\" src=\"https:\/\/i0.wp.com\/agenciabrasil.ebc.com.br\/ebc.png?ssl=1\"\/><\/noscript><img data-recalc-dims=\"1\" decoding=\"async\" src=\"https:\/\/i0.wp.com\/agenciabrasil.ebc.com.br\/ebc.gif?ssl=1\" class=\"lazyload\"\/><noscript><img data-recalc-dims=\"1\" decoding=\"async\" src=\"https:\/\/i0.wp.com\/agenciabrasil.ebc.com.br\/ebc.gif?ssl=1\"\/><\/noscript><\/p>\n<p>No \u00faltimo concurso, realizado na quinta-feira (9), o pr\u00eamio saiu para uma \u00fanica aposta de Florian\u00f3polis, que levou R$ 11 milh\u00f5es para casa.<\/p>\n<p>A Mega-Sena paga milh\u00f5es para quem acertar os 6 n\u00fameros sorteados. Ainda \u00e9 poss\u00edvel ganhar pr\u00eamios ao acertar 4 ou 5 n\u00fameros dentre os 60 dispon\u00edveis no volante de apostas. O jogo de seis n\u00fameros custa R$ 5.<\/p>\n<\/div>\n<\/div>\n<footer class=\"penci-entry-footer\"\/><\/div>\n<p><script async src=\"\/\/platform.twitter.com\/widgets.js\" charset=\"utf-8\"><\/script><br \/>\n<br \/><br \/>\n<br \/><a href=\"https:\/\/www.tribunaribeirao.com.br\/site\/mega-sena-pode-pagar-r-30-milhoes-neste-sabado\/\">Source link <\/a><\/p>\n<!-- CONTENT END 1 -->\n","protected":false},"excerpt":{"rendered":"<p>11 de novembro de 2023 | 13:0011 de novembro de 2023 | 12:19 0 O concurso 2.655 da Mega-Sena pode pagar\u00a0R$ 30 milh\u00f5es neste s\u00e1bado&#8230;<\/p>\n","protected":false},"author":1,"featured_media":1285,"comment_status":"open","ping_status":"open","sticky":false,"template":"","format":"standard","meta":{"advanced_seo_description":"","jetpack_seo_html_title":"","jetpack_seo_noindex":false,"jetpack_post_was_ever_published":false,"_jetpack_newsletter_access":"","_jetpack_dont_email_post_to_subs":false,"_jetpack_newsletter_tier_id":0,"_jetpack_memberships_contains_paywalled_content":false,"_jetpack_memberships_contains_paid_content":false,"footnotes":"","jetpack_publicize_message":"","jetpack_publicize_feature_enabled":true,"jetpack_social_post_already_shared":false,"jetpack_social_options":{"image_generator_settings":{"template":"highway","default_image_id":0,"font":"","enabled":false},"version":2}},"categories":[11],"tags":[],"class_list":["post-1284","post","type-post","status-publish","format-standard","has-post-thumbnail","hentry","category-noticias-de-ribeirao-preto-sp-e-regiao-ismael-colosi"],"jetpack_publicize_connections":[],"jetpack_featured_media_url":"https:\/\/i0.wp.com\/noticiasribeiraopreto.com.br\/wp-content\/uploads\/2023\/11\/mega-sena-1-scaled.jpg?fit=1000%2C598&ssl=1","jetpack-related-posts":[{"id":3421,"url":"https:\/\/noticiasribeiraopreto.com.br\/index.php\/2023\/11\/18\/black-friday-veja-as-promocoes-do-shopping-iguatemi-de-ribeirao-preto\/","url_meta":{"origin":1284,"position":0},"title":"Black Friday: Veja as promo\u00e7\u00f5es do Shopping Iguatemi de Ribeir\u00e3o Preto","author":"noticiasribeiraopreto.com.br","date":"18 de November de 2023","format":false,"excerpt":"Falta menos de uma semana para data oficial da Black Friday \u2013 que \u00e9 24 de novembro \u2013 e muitas lojas j\u00e1 iniciaram as promo\u00e7\u00f5es ou j\u00e1 divulgaram a data do in\u00edcio das ofertas. No Shopping Iguatemi, na zona Sul de Ribeir\u00e3o Preto, por exemplo, v\u00e1rias lojas aderiam e divulgaram\u2026","rel":"","context":"In &quot;Not\u00edcias de Ribeir\u00e3o Preto-SP e Regi\u00e3o&quot;","block_context":{"text":"Not\u00edcias de Ribeir\u00e3o Preto-SP e Regi\u00e3o","link":"https:\/\/noticiasribeiraopreto.com.br\/index.php\/category\/noticias-de-ribeirao-preto-sp-e-regiao-ismael-colosi\/"},"img":{"alt_text":"","src":"https:\/\/i0.wp.com\/noticiasribeiraopreto.com.br\/wp-content\/uploads\/2023\/11\/WhatsApp-Image-2023-11-17-at-13.51.16.jpeg?fit=696%2C464&ssl=1&resize=350%2C200","width":350,"height":200,"srcset":"https:\/\/i0.wp.com\/noticiasribeiraopreto.com.br\/wp-content\/uploads\/2023\/11\/WhatsApp-Image-2023-11-17-at-13.51.16.jpeg?fit=696%2C464&ssl=1&resize=350%2C200 1x, https:\/\/i0.wp.com\/noticiasribeiraopreto.com.br\/wp-content\/uploads\/2023\/11\/WhatsApp-Image-2023-11-17-at-13.51.16.jpeg?fit=696%2C464&ssl=1&resize=525%2C300 1.5x"},"classes":[]},{"id":6473,"url":"https:\/\/noticiasribeiraopreto.com.br\/index.php\/2023\/11\/26\/maes-do-bolsa-familia-recebem-bonus-de-r-50-na-parcela-de-novembro\/","url_meta":{"origin":1284,"position":1},"title":"M\u00e3es do Bolsa Fam\u00edlia recebem b\u00f4nus de R$ 50 na parcela de novembro","author":"noticiasribeiraopreto.com.br","date":"26 de November de 2023","format":false,"excerpt":"Cr\u00e9ditos: Ag\u00eancia Brasil\/ArquivoA novidade mais aguardada do Bolsa Fam\u00edlia de novembro acaba de chegar As m\u00e3es que fazem parte do programa Bolsa Fam\u00edlia t\u00eam um motivo a mais para celebrar neste m\u00eas de novembro. Al\u00e9m dos pagamentos regulares que j\u00e1 beneficiam mais de 20 milh\u00f5es de pessoas, um b\u00f4nus de\u2026","rel":"","context":"In &quot;Variedades&quot;","block_context":{"text":"Variedades","link":"https:\/\/noticiasribeiraopreto.com.br\/index.php\/category\/variedades\/"},"img":{"alt_text":"","src":"https:\/\/i0.wp.com\/noticiasribeiraopreto.com.br\/wp-content\/uploads\/2023\/11\/bolsa-familia-na-conta-saiba-se-voce-vai-receber-hoje.jpg?fit=1200%2C638&ssl=1&resize=350%2C200","width":350,"height":200,"srcset":"https:\/\/i0.wp.com\/noticiasribeiraopreto.com.br\/wp-content\/uploads\/2023\/11\/bolsa-familia-na-conta-saiba-se-voce-vai-receber-hoje.jpg?fit=1200%2C638&ssl=1&resize=350%2C200 1x, https:\/\/i0.wp.com\/noticiasribeiraopreto.com.br\/wp-content\/uploads\/2023\/11\/bolsa-familia-na-conta-saiba-se-voce-vai-receber-hoje.jpg?fit=1200%2C638&ssl=1&resize=525%2C300 1.5x, https:\/\/i0.wp.com\/noticiasribeiraopreto.com.br\/wp-content\/uploads\/2023\/11\/bolsa-familia-na-conta-saiba-se-voce-vai-receber-hoje.jpg?fit=1200%2C638&ssl=1&resize=700%2C400 2x, https:\/\/i0.wp.com\/noticiasribeiraopreto.com.br\/wp-content\/uploads\/2023\/11\/bolsa-familia-na-conta-saiba-se-voce-vai-receber-hoje.jpg?fit=1200%2C638&ssl=1&resize=1050%2C600 3x"},"classes":[]},{"id":22944,"url":"https:\/\/noticiasribeiraopreto.com.br\/index.php\/2023\/12\/31\/brasil-bate-recorde-de-consumo-de-energia-eletrica-pelo-segundo-mes-consecutivo-em-novembro\/","url_meta":{"origin":1284,"position":2},"title":"Brasil bate recorde de consumo de energia el\u00e9trica pelo segundo m\u00eas consecutivo em novembro","author":"noticiasribeiraopreto.com.br","date":"31 de December de 2023","format":false,"excerpt":"31 de dezembro de 2023 | 15:0030 de dezembro de 2023 | 17:07 0O Brasil bateu o segundo recorde consecutivo de consumo de energia el\u00e9trica em novembro, atingindo 46.407 gigawatts-hora (GWh), alta de 8,5% em compara\u00e7\u00e3o com novembro de 2022, informou a Empresa de Pesquisa Energ\u00e9tica (EPE). Segundo a autarquia,\u2026","rel":"","context":"In &quot;Not\u00edcias de Ribeir\u00e3o Preto-SP e Regi\u00e3o&quot;","block_context":{"text":"Not\u00edcias de Ribeir\u00e3o Preto-SP e Regi\u00e3o","link":"https:\/\/noticiasribeiraopreto.com.br\/index.php\/category\/noticias-de-ribeirao-preto-sp-e-regiao-ismael-colosi\/"},"img":{"alt_text":"","src":"https:\/\/i0.wp.com\/noticiasribeiraopreto.com.br\/wp-content\/uploads\/2023\/12\/35353960-6181-460a-bf82-25eb45dff665-1.jpg?fit=684%2C460&ssl=1&resize=350%2C200","width":350,"height":200,"srcset":"https:\/\/i0.wp.com\/noticiasribeiraopreto.com.br\/wp-content\/uploads\/2023\/12\/35353960-6181-460a-bf82-25eb45dff665-1.jpg?fit=684%2C460&ssl=1&resize=350%2C200 1x, https:\/\/i0.wp.com\/noticiasribeiraopreto.com.br\/wp-content\/uploads\/2023\/12\/35353960-6181-460a-bf82-25eb45dff665-1.jpg?fit=684%2C460&ssl=1&resize=525%2C300 1.5x"},"classes":[]},{"id":6531,"url":"https:\/\/noticiasribeiraopreto.com.br\/index.php\/2023\/11\/26\/pagamentos-antecipados-do-bolsa-familia-beneficiam-brasileiros\/","url_meta":{"origin":1284,"position":3},"title":"Pagamentos antecipados do Bolsa Fam\u00edlia beneficiam brasileiros","author":"noticiasribeiraopreto.com.br","date":"26 de November de 2023","format":false,"excerpt":"Cr\u00e9ditos: MDAS\/Divulga\u00e7\u00e3oO calend\u00e1rio do Bolsa Fam\u00edlia de novembro est\u00e1 SURPREENDENTE Iniciando uma era de maior agilidade e antecipa\u00e7\u00e3o, o novo calend\u00e1rio do Bolsa Fam\u00edlia, implementado a partir de 17 de novembro, traz mudan\u00e7as significativas que beneficiar\u00e3o mais de 20 milh\u00f5es de fam\u00edlias em todo o Brasil. Neste m\u00eas, os pagamentos\u2026","rel":"","context":"In &quot;Variedades&quot;","block_context":{"text":"Variedades","link":"https:\/\/noticiasribeiraopreto.com.br\/index.php\/category\/variedades\/"},"img":{"alt_text":"","src":"https:\/\/i0.wp.com\/noticiasribeiraopreto.com.br\/wp-content\/uploads\/2023\/11\/bolsa-familia-paga-dinheiro-extra-hoje-saiba-quem-vai-receber.jpg?fit=1200%2C638&ssl=1&resize=350%2C200","width":350,"height":200,"srcset":"https:\/\/i0.wp.com\/noticiasribeiraopreto.com.br\/wp-content\/uploads\/2023\/11\/bolsa-familia-paga-dinheiro-extra-hoje-saiba-quem-vai-receber.jpg?fit=1200%2C638&ssl=1&resize=350%2C200 1x, https:\/\/i0.wp.com\/noticiasribeiraopreto.com.br\/wp-content\/uploads\/2023\/11\/bolsa-familia-paga-dinheiro-extra-hoje-saiba-quem-vai-receber.jpg?fit=1200%2C638&ssl=1&resize=525%2C300 1.5x, https:\/\/i0.wp.com\/noticiasribeiraopreto.com.br\/wp-content\/uploads\/2023\/11\/bolsa-familia-paga-dinheiro-extra-hoje-saiba-quem-vai-receber.jpg?fit=1200%2C638&ssl=1&resize=700%2C400 2x, https:\/\/i0.wp.com\/noticiasribeiraopreto.com.br\/wp-content\/uploads\/2023\/11\/bolsa-familia-paga-dinheiro-extra-hoje-saiba-quem-vai-receber.jpg?fit=1200%2C638&ssl=1&resize=1050%2C600 3x"},"classes":[]},{"id":22399,"url":"https:\/\/noticiasribeiraopreto.com.br\/index.php\/2023\/12\/29\/taxa-de-desocupacao-no-trimestre-ate-novembro-e-a-menor-desde-fevereiro-de-2015\/","url_meta":{"origin":1284,"position":4},"title":"Taxa de desocupa\u00e7\u00e3o no trimestre at\u00e9 novembro \u00e9 a menor desde fevereiro de 2015","author":"noticiasribeiraopreto.com.br","date":"29 de December de 2023","format":false,"excerpt":"29 de dezembro de 2023 | 17:0029 de dezembro de 2023 | 11:41 0A taxa de desocupa\u00e7\u00e3o caiu de 7,8% no trimestre terminado em agosto para 7,5% no trimestre encerrado em novembro, menor resultado desde fevereiro de 2015, quando tamb\u00e9m foi de 7,5%. Os dados s\u00e3o da Pesquisa Nacional por\u2026","rel":"","context":"In &quot;Not\u00edcias de Ribeir\u00e3o Preto-SP e Regi\u00e3o&quot;","block_context":{"text":"Not\u00edcias de Ribeir\u00e3o Preto-SP e Regi\u00e3o","link":"https:\/\/noticiasribeiraopreto.com.br\/index.php\/category\/noticias-de-ribeirao-preto-sp-e-regiao-ismael-colosi\/"},"img":{"alt_text":"","src":"https:\/\/i0.wp.com\/noticiasribeiraopreto.com.br\/wp-content\/uploads\/2023\/12\/CagedRP-Marcelo-Camargo-Ag.Br_-scaled.jpg?fit=1000%2C598&ssl=1&resize=350%2C200","width":350,"height":200,"srcset":"https:\/\/i0.wp.com\/noticiasribeiraopreto.com.br\/wp-content\/uploads\/2023\/12\/CagedRP-Marcelo-Camargo-Ag.Br_-scaled.jpg?fit=1000%2C598&ssl=1&resize=350%2C200 1x, https:\/\/i0.wp.com\/noticiasribeiraopreto.com.br\/wp-content\/uploads\/2023\/12\/CagedRP-Marcelo-Camargo-Ag.Br_-scaled.jpg?fit=1000%2C598&ssl=1&resize=525%2C300 1.5x, https:\/\/i0.wp.com\/noticiasribeiraopreto.com.br\/wp-content\/uploads\/2023\/12\/CagedRP-Marcelo-Camargo-Ag.Br_-scaled.jpg?fit=1000%2C598&ssl=1&resize=700%2C400 2x"},"classes":[]},{"id":18337,"url":"https:\/\/noticiasribeiraopreto.com.br\/index.php\/2023\/12\/20\/inadimplencia-recua-em-novembro-em-rp\/","url_meta":{"origin":1284,"position":5},"title":"Inadimpl\u00eancia recua\u00a0em novembro\u00a0em RP &#8211; Jornal Tribuna Ribeir\u00e3o","author":"noticiasribeiraopreto.com.br","date":"20 de December de 2023","format":false,"excerpt":"Ribeir\u00e3o Preto fechou novembro com 294.749 inadimplentes, com valor total acima de R$ 2 bilh\u00f5es, apesar da queda em rela\u00e7\u00e3o a outubro: d\u00e9cimo terceiro amortizou pend\u00eancias Ribeir\u00e3o Preto fechou o primeiro semestre com 292.110 inadimplentes, em julho a cidade j\u00e1 contava com 293.497 pessoas nesta situa\u00e7\u00e3o, em agosto avan\u00e7ou para\u2026","rel":"","context":"In &quot;Not\u00edcias de Ribeir\u00e3o Preto-SP e Regi\u00e3o&quot;","block_context":{"text":"Not\u00edcias de Ribeir\u00e3o Preto-SP e Regi\u00e3o","link":"https:\/\/noticiasribeiraopreto.com.br\/index.php\/category\/noticias-de-ribeirao-preto-sp-e-regiao-ismael-colosi\/"},"img":{"alt_text":"","src":"https:\/\/i0.wp.com\/noticiasribeiraopreto.com.br\/wp-content\/uploads\/2023\/12\/1-calote-agencia-brasil-scaled.jpg?fit=967%2C645&ssl=1&resize=350%2C200","width":350,"height":200,"srcset":"https:\/\/i0.wp.com\/noticiasribeiraopreto.com.br\/wp-content\/uploads\/2023\/12\/1-calote-agencia-brasil-scaled.jpg?fit=967%2C645&ssl=1&resize=350%2C200 1x, https:\/\/i0.wp.com\/noticiasribeiraopreto.com.br\/wp-content\/uploads\/2023\/12\/1-calote-agencia-brasil-scaled.jpg?fit=967%2C645&ssl=1&resize=525%2C300 1.5x, https:\/\/i0.wp.com\/noticiasribeiraopreto.com.br\/wp-content\/uploads\/2023\/12\/1-calote-agencia-brasil-scaled.jpg?fit=967%2C645&ssl=1&resize=700%2C400 2x"},"classes":[]}],"jetpack_sharing_enabled":true,"jetpack_shortlink":"https:\/\/wp.me\/peQAOb-kI","_links":{"self":[{"href":"https:\/\/noticiasribeiraopreto.com.br\/index.php\/wp-json\/wp\/v2\/posts\/1284","targetHints":{"allow":["GET"]}}],"collection":[{"href":"https:\/\/noticiasribeiraopreto.com.br\/index.php\/wp-json\/wp\/v2\/posts"}],"about":[{"href":"https:\/\/noticiasribeiraopreto.com.br\/index.php\/wp-json\/wp\/v2\/types\/post"}],"author":[{"embeddable":true,"href":"https:\/\/noticiasribeiraopreto.com.br\/index.php\/wp-json\/wp\/v2\/users\/1"}],"replies":[{"embeddable":true,"href":"https:\/\/noticiasribeiraopreto.com.br\/index.php\/wp-json\/wp\/v2\/comments?post=1284"}],"version-history":[{"count":0,"href":"https:\/\/noticiasribeiraopreto.com.br\/index.php\/wp-json\/wp\/v2\/posts\/1284\/revisions"}],"wp:featuredmedia":[{"embeddable":true,"href":"https:\/\/noticiasribeiraopreto.com.br\/index.php\/wp-json\/wp\/v2\/media\/1285"}],"wp:attachment":[{"href":"https:\/\/noticiasribeiraopreto.com.br\/index.php\/wp-json\/wp\/v2\/media?parent=1284"}],"wp:term":[{"taxonomy":"category","embeddable":true,"href":"https:\/\/noticiasribeiraopreto.com.br\/index.php\/wp-json\/wp\/v2\/categories?post=1284"},{"taxonomy":"post_tag","embeddable":true,"href":"https:\/\/noticiasribeiraopreto.com.br\/index.php\/wp-json\/wp\/v2\/tags?post=1284"}],"curies":[{"name":"wp","href":"https:\/\/api.w.org\/{rel}","templated":true}]}}