{"id":12911,"date":"2023-12-08T19:42:46","date_gmt":"2023-12-08T22:42:46","guid":{"rendered":"https:\/\/noticiasribeiraopreto.com.br\/index.php\/2023\/12\/08\/chevrolet-bolt-nova-geracao-com-preco-mais-acessivel-chega-em-2025\/"},"modified":"2023-12-08T19:42:46","modified_gmt":"2023-12-08T22:42:46","slug":"chevrolet-bolt-nova-geracao-com-preco-mais-acessivel-chega-em-2025","status":"publish","type":"post","link":"https:\/\/noticiasribeiraopreto.com.br\/index.php\/2023\/12\/08\/chevrolet-bolt-nova-geracao-com-preco-mais-acessivel-chega-em-2025\/","title":{"rendered":"Chevrolet Bolt: Nova gera\u00e7\u00e3o com pre\u00e7o mais acess\u00edvel chega em 2025"},"content":{"rendered":"<div class='code-block code-block-1' style='margin: 8px 0 8px auto; text-align: right; display: block; clear: both;'>\n<p><a href=\"https:\/\/wa.link\/vpicfd\"><img data-recalc-dims=\"1\" class=\"wp-image-4922\" style=\"aspect-ratio: 2.0253164556962027; width: 561px; height: auto;\" src=\"https:\/\/i0.wp.com\/ismaelcolosi.com.br\/wp-content\/uploads\/2023\/11\/grupo-de-empregos-whatsapp-e-facebook-ismael-colosi-vagas.jpg?ssl=1\" alt=\"\" \/><\/a><\/p>\n<!-- \/wp:image -->\n<\/div>\n<p> <br \/>\n<\/p>\n<div>\n<figure><picture><source srcset=\"https:\/\/clickpetroleoegas.com.br\/wp-content\/uploads\/2023\/12\/chevrolet-bolt-nova-geracao-com-preco-mais-acessivel-chega-em-2025-830x450.jpg.webp\" type=\"image\/webp\"><img data-recalc-dims=\"1\" loading=\"lazy\" width=\"830\" height=\"450\" src=\"https:\/\/i0.wp.com\/clickpetroleoegas.com.br\/wp-content\/uploads\/2023\/12\/chevrolet-bolt-nova-geracao-com-preco-mais-acessivel-chega-em-2025-830x450.jpg?resize=830%2C450&#038;ssl=1\" class=\"fdnw-post-thumbnail fdnw-first-card-thumbnail wp-post-image\" alt=\"\" decoding=\"async\" data-eio=\"p\"\/><\/source><\/picture><figcaption class=\"fdnw-image-caption\">Divulga\u00e7\u00e3o\/Chevrolet \u2013 Todos os direitos: CanalTech<\/figcaption><\/figure>\n<p>A nova <a href=\"https:\/\/clickpetroleoegas.com.br\/nova-geracao-do-bmw-x7-chega-ao-brasil-com-muito-luxo-e-potencia\/\" target=\"_blank\" rel=\"noopener\">gera\u00e7\u00e3o do<\/a> <b>Chevrolet Bolt<\/b> est\u00e1 prevista para chegar ao mercado em 2025, trazendo consigo uma s\u00e9rie <a href=\"https:\/\/clickpetroleoegas.com.br\/parceria-entre-a-maior-produtora-de-niobio-e-grafeno-do-planeta-cbmm-e-a-multinacional-canadense-nano-one-preve-novos-investimentos-em-baterias-de-ions-de-litio\/\" target=\"_blank\" rel=\"noopener\">de<\/a> novidades e inova\u00e7\u00f5es. A CEO da <span><a href=\"https:\/\/clickpetroleoegas.com.br\/general-motors-e-ford-afastam-mais-de-500-trabalhadores-de-suas-funcoes\/\" target=\"_blank\" rel=\"noopener\">General Motors<\/a><\/span>, Mary Barra, anunciou a data de lan\u00e7amento e garantiu que o hatch el\u00e9trico passar\u00e1 por significativas mudan\u00e7as em rela\u00e7\u00e3o \u00e0 <a href=\"https:\/\/clickpetroleoegas.com.br\/nova-geracao-do-bmw-x7-chega-ao-brasil-com-muito-luxo-e-potencia\/\" target=\"_blank\" rel=\"noopener\">gera\u00e7\u00e3o<\/a> atual.<\/p>\n<ul>\n<li><b>Qual \u00e9 a melhor vers\u00e3o <a href=\"https:\/\/clickpetroleoegas.com.br\/nova-geracao-do-bmw-x7-chega-ao-brasil-com-muito-luxo-e-potencia\/\" target=\"_blank\" rel=\"noopener\">do<\/a> Chevrolet Bolt?<\/b><\/li>\n<li><b>Peugeot e-2008 GT x Chevrolet Bolt EUV: Qual o melhor SUV el\u00e9trico?<\/b><\/li>\n<\/ul>\n<p>Uma das mudan\u00e7as <a href=\"https:\/\/clickpetroleoegas.com.br\/vidro-10-vezes-mais-resistente-e-criado-por-cientistas-com-metodo-inovador-e-preco-mais-acessivel-que-o-convencional\/\" target=\"_blank\" rel=\"noopener\">mais<\/a> esperadas \u00e9 a redu\u00e7\u00e3o no pre\u00e7o do novo <b>Chevrolet Bolt<\/b>, que atualmente \u00e9 vendido por quase US$ 30 mil nos Estados Unidos (R$ 146,9 mil, na convers\u00e3o). No Brasil, o pre\u00e7o do hatch el\u00e9trico n\u00e3o sai por menos de R$ 280 mil, mas com a chegada da nova gera\u00e7\u00e3o, espera-se que esse valor seja significativamente reduzido.<\/p>\n<p> <span class=\"fdnw-card-article-related\"> <span class=\"h4 fdnw-card-article-related-title\">Artigos recomendados<\/span> <\/span> <\/p>\n<p>De acordo com a executiva, a <a href=\"https:\/\/clickpetroleoegas.com.br\/general-motors-e-ford-afastam-mais-de-500-trabalhadores-de-suas-funcoes\/\" target=\"_blank\" rel=\"noopener\">General Motors<\/a> <b>far\u00e1 uma substitui\u00e7\u00e3o nas atuais baterias<\/b> de \u00edons de l\u00edtio por uma <b>nova gera\u00e7\u00e3o de <a href=\"https:\/\/pt.wikipedia.org\/wiki\/Qu%C3%ADmica\" target=\"_blank\" rel=\"noopener nofollow\" class=\"external\">c\u00e9lulas de fosfato de ferro-l\u00edtio<\/a> (LFP)<\/b>. Segundo Mary Barra, essa mudan\u00e7a ter\u00e1 um grande impacto nos custos de produ\u00e7\u00e3o e, consequentemente, no valor final do <b>Chevrolet Bolt<\/b>, pois resultar\u00e1 em uma <b><a href=\"https:\/\/clickpetroleoegas.com.br\/uniao-europeia-promete-investir-e-2-bilhoes-para-desenvolver-a-economia-do-hidrogenio-verde-no-brasil-e-gerar-milhares-de-empregos\/\" target=\"_blank\" rel=\"noopener\">economia de bilh\u00f5es<\/a><\/b> em \u2018despesas de capital e engenharia\u2019.<\/p>\n<h2 class=\"wp-block-heading\" id=\"h-repercussao-nos-precos-e-popularizacao-do-modelo\">Repercuss\u00e3o nos pre\u00e7os e populariza\u00e7\u00e3o do modelo<\/h2>\n<p>A General Motors ainda n\u00e3o anunciou qualquer poss\u00edvel especifica\u00e7\u00e3o da <b>nova <a href=\"https:\/\/clickpetroleoegas.com.br\/nova-geracao-do-bmw-x7-chega-ao-brasil-com-muito-luxo-e-potencia\/\" target=\"_blank\" rel=\"noopener\">gera\u00e7\u00e3o do<\/a> Chevrolet Bolt<\/b>, mas a inten\u00e7\u00e3o \u00e9 repassar a <b>redu\u00e7\u00e3o nos gastos com as baterias<\/b>, em torno de 20%, para o pre\u00e7o final do carro.<\/p>\n<p>Dessa forma, o hatch el\u00e9trico, que nos Estados Unidos beira os US$ 30 mil, baixaria para menos de US$ 25 mil e passaria a ser considerado um dos <b><a href=\"https:\/\/clickpetroleoegas.com.br\/descubra-quais-marcas-e-modelos-sao-mais-populares-entre-os-adolescentes-no-mercado-de-seu-primeiro-veiculo\/\" target=\"_blank\" rel=\"noopener\">modelos mais populares<\/a><\/b>. Ser\u00e1 que, se o novo Chevrolet Bolt vier ao Brasil, tamb\u00e9m ser\u00e1 20% mais barato que o atual?<\/p>\n<div class=\"code-block code-block-5\" style=\"margin: 8px auto; text-align: center; display: block; clear: both;\"> <a href=\"https:\/\/suaads.com\/ref\/ISMAELCOLOSI\" target=\"_blank\" rel=\"noopener\"><img data-recalc-dims=\"1\" decoding=\"async\" src=\"https:\/\/i0.wp.com\/suaurl.com\/img\/bannersref\/s.png?ssl=1\" alt=\"SuaUrl\"  style=\"max-width: 100%;\" class=\"lazy\" loading=\"lazy\"\/><noscript><img data-recalc-dims=\"1\" decoding=\"async\" src=\"https:\/\/i0.wp.com\/suaurl.com\/img\/bannersref\/s.png?ssl=1\" alt=\"SuaUrl\"  style=\"max-width: 100%;\"\/><\/noscript><\/a><\/div>\n<p>Fonte: <b>Canal Tech<\/b><\/p>\n<div class=\"code-block code-block-10\" style=\"margin: 8px auto; text-align: center; display: block; clear: both;\">\n<hr class=\"wp-block-separator has-alpha-channel-opacity is-style-wide\"\/>\n<p>Voc\u00ea quer receber apenas not\u00edcias e vagas de emprego do seu interesse? A solu\u00e7\u00e3o chegou atrav\u00e9s do app <a href=\"https:\/\/play.google.com\/store\/apps\/details?id=com.clickpetroleoapp&amp;hl=pt&amp;gl=US\" class=\"external\" rel=\"nofollow noopener\" target=\"_blank\"><strong>CPG VAGAS E NOT\u00cdCIAS!<\/strong><\/a> Se voc\u00ea \u00e9 pintor, vai receber no seu celular apenas oportunidades neste cargo. E ser\u00e1 assim com pedreiro, t\u00e9cnico, engenheiro e etc\u2026.. N\u00e3o perca nada do que acontece no mercado de trabalho e econ\u00f4mico do Brasil, baixe agora o app <a href=\"https:\/\/play.google.com\/store\/apps\/details?id=com.clickpetroleoapp&amp;hl=pt&amp;gl=US\" class=\"external\" rel=\"nofollow noopener\" target=\"_blank\">CPG VAGAS E NOT\u00cdCIAS, dispon\u00edvel para Android e IOS!<\/a><\/p>\n<figure class=\"wp-block-image aligncenter size-full\"><a href=\"https:\/\/play.google.com\/store\/apps\/details?id=com.clickpetroleoapp&amp;hl=pt&amp;gl=US\" target=\"_blank\" rel=\"noreferrer noopener nofollow\" class=\"external\"><img data-recalc-dims=\"1\" decoding=\"async\" width=\"1280\" height=\"387\" alt=\"APP CPG VAGAS E NOT\u00cdCIAS\" class=\"wp-image-105306 ewww_webp_lazy_load lazy\" src=\"https:\/\/i0.wp.com\/clickpetroleoegas.com.br\/wp-content\/uploads\/2023\/09\/Aplicativo-de-vagas-de-empregos-e-noticias-da-sua-regiao.jpg.webp?resize=1280%2C387&#038;ssl=1\" loading=\"lazy\"\/><noscript><img data-recalc-dims=\"1\" loading=\"lazy\" decoding=\"async\" width=\"1280\" height=\"387\" alt=\"APP CPG VAGAS E NOT\u00cdCIAS\" class=\"wp-image-105306 ewww_webp_lazy_load\" src=\"https:\/\/i0.wp.com\/clickpetroleoegas.com.br\/wp-content\/uploads\/2023\/09\/Aplicativo-de-vagas-de-empregos-e-noticias-da-sua-regiao.jpg.webp?resize=1280%2C387&#038;ssl=1\"\/><\/noscript><noscript><img data-recalc-dims=\"1\" loading=\"lazy\" decoding=\"async\" width=\"1280\" height=\"387\" src=\"https:\/\/i0.wp.com\/clickpetroleoegas.com.br\/wp-content\/uploads\/2023\/09\/Aplicativo-de-vagas-de-empregos-e-noticias-da-sua-regiao.jpg?resize=1280%2C387&#038;ssl=1\" alt=\"APP CPG VAGAS E NOT\u00cdCIAS\" class=\"wp-image-105306\"\/><\/noscript><\/a><\/figure>\n<\/p><\/div>\n<\/p><\/div>\n<p><script type=\"text\/plain\" data-service=\"facebook\" data-category=\"marketing\">\n!function(f,b,e,v,n,t,s)\n{if(f.fbq)return;n=f.fbq=function(){n.callMethod?\nn.callMethod.apply(n,arguments):n.queue.push(arguments)};\nif(!f._fbq)f._fbq=n;n.push=n;n.loaded=!0;n.version='2.0';\nn.queue=[];t=b.createElement(e);t.async=!0;\nt.src=v;s=b.getElementsByTagName(e)[0];\ns.parentNode.insertBefore(t,s)}(window, document,'script',\n'https:\/\/connect.facebook.net\/en_US\/fbevents.js');\nfbq('init', '5536651029690406');\nfbq('track', 'PageView');\n<\/script><script type=\"text\/plain\" data-service=\"facebook\" data-category=\"marketing\" async defer crossorigin=\"anonymous\" data-rocket-data-cmplz-src=\"https:\/\/connect.facebook.net\/en_US\/sdk.js#xfbml=1&#038;version=v12.0&amp;appId=1127332727839552&#038;autoLogAppEvents=1\">\n<\/script><br \/>\n<br \/><br \/>\n<br \/><a href=\"https:\/\/ismaelcolosi.com.br\/chevrolet-bolt-nova-geracao-com-preco-mais-acessivel-chega-em-2025\/\">Source link <\/a><\/p>\n<!-- CONTENT END 1 -->\n","protected":false},"excerpt":{"rendered":"<p>Divulga\u00e7\u00e3o\/Chevrolet \u2013 Todos os direitos: CanalTech A nova gera\u00e7\u00e3o do Chevrolet Bolt est\u00e1 prevista para chegar ao mercado em 2025, trazendo consigo uma s\u00e9rie de&#8230;<\/p>\n","protected":false},"author":1,"featured_media":12912,"comment_status":"open","ping_status":"open","sticky":false,"template":"","format":"standard","meta":{"advanced_seo_description":"","jetpack_seo_html_title":"","jetpack_seo_noindex":false,"jetpack_post_was_ever_published":false,"_jetpack_newsletter_access":"","_jetpack_dont_email_post_to_subs":false,"_jetpack_newsletter_tier_id":0,"_jetpack_memberships_contains_paywalled_content":false,"_jetpack_memberships_contains_paid_content":false,"footnotes":"","jetpack_publicize_message":"","jetpack_publicize_feature_enabled":true,"jetpack_social_post_already_shared":true,"jetpack_social_options":{"image_generator_settings":{"template":"highway","default_image_id":0,"font":"","enabled":false},"version":2}},"categories":[7],"tags":[],"class_list":["post-12911","post","type-post","status-publish","format-standard","has-post-thumbnail","hentry","category-vagas-de-empregos-em-ribeirao-preto-regiao-brasil"],"jetpack_publicize_connections":[],"jetpack_featured_media_url":"https:\/\/i0.wp.com\/noticiasribeiraopreto.com.br\/wp-content\/uploads\/2023\/12\/chevrolet-bolt-nova-geracao-com-preco-mais-acessivel-chega-em-2025-830x450.jpg?fit=830%2C450&ssl=1","jetpack-related-posts":[{"id":15598,"url":"https:\/\/noticiasribeiraopreto.com.br\/index.php\/2023\/12\/13\/xeque-mate-da-chevrolet-onix-extinto-e-monza-triunfante-a-jogada-que-deixou-a-volkswagen-sem-resposta\/","url_meta":{"origin":12911,"position":0},"title":"Xeque-mate da Chevrolet: \u00d4nix extinto e Monza triunfante, a jogada que deixou a Volkswagen sem resposta!\u00a0","author":"noticiasribeiraopreto.com.br","date":"13 de December de 2023","format":false,"excerpt":"Logo da Chevrolet e da Volkswagem- Foto Reprodu\u00e7\u00e3o Internet \u00d4nix extinto retorno do Monza para aniquilar a Volkswagen fazem parte do planejamento da Chevrolet para o ano de 2024 A Chevrolet, gigante da ind\u00fastria automotiva, est\u00e1 causando uma reviravolta \u00e9pica com a extin\u00e7\u00e3o do \u00d4nix e o triunfal retorno do\u2026","rel":"","context":"In &quot;Vagas de Emprego em Ribeir\u00e3o Preto-SP&quot;","block_context":{"text":"Vagas de Emprego em Ribeir\u00e3o Preto-SP","link":"https:\/\/noticiasribeiraopreto.com.br\/index.php\/category\/empregos-classificados-vagas-trabalho\/vagas-de-empregos-em-ribeirao-preto-regiao-brasil\/"},"img":{"alt_text":"","src":"https:\/\/i0.wp.com\/noticiasribeiraopreto.com.br\/wp-content\/uploads\/2023\/12\/Sem-titulo-3-9-830x450.jpg?fit=830%2C450&ssl=1&resize=350%2C200","width":350,"height":200,"srcset":"https:\/\/i0.wp.com\/noticiasribeiraopreto.com.br\/wp-content\/uploads\/2023\/12\/Sem-titulo-3-9-830x450.jpg?fit=830%2C450&ssl=1&resize=350%2C200 1x, https:\/\/i0.wp.com\/noticiasribeiraopreto.com.br\/wp-content\/uploads\/2023\/12\/Sem-titulo-3-9-830x450.jpg?fit=830%2C450&ssl=1&resize=525%2C300 1.5x, https:\/\/i0.wp.com\/noticiasribeiraopreto.com.br\/wp-content\/uploads\/2023\/12\/Sem-titulo-3-9-830x450.jpg?fit=830%2C450&ssl=1&resize=700%2C400 2x"},"classes":[]},{"id":13461,"url":"https:\/\/noticiasribeiraopreto.com.br\/index.php\/2023\/12\/10\/chevrolet-montana-rs-a-picape-que-atrai-o-publico-jovem-analise-completa-da-caminhonete\/","url_meta":{"origin":12911,"position":1},"title":"Chevrolet Montana RS: A picape que atrai o p\u00fablico jovem &#8211; An\u00e1lise completa da caminhonete&#8221;.","author":"noticiasribeiraopreto.com.br","date":"10 de December de 2023","format":false,"excerpt":"Falta de elementos no SUV: conectividade, seguran\u00e7a, suspens\u00e3o, motor, usabilidade, espa\u00e7o interno, acabamento. Pre\u00e7os competitivos, vers\u00f5es. A Chevrolet Montana RS foi anunciada como uma caminhonete com um toque de SUV, uma estrat\u00e9gia da General Motors para conquistar o p\u00fablico interessado nesse tipo de ve\u00edculo. Assim como fez com o Cruze\u2026","rel":"","context":"In &quot;Vagas de Emprego em Ribeir\u00e3o Preto-SP&quot;","block_context":{"text":"Vagas de Emprego em Ribeir\u00e3o Preto-SP","link":"https:\/\/noticiasribeiraopreto.com.br\/index.php\/category\/empregos-classificados-vagas-trabalho\/vagas-de-empregos-em-ribeirao-preto-regiao-brasil\/"},"img":{"alt_text":"","src":"https:\/\/i0.wp.com\/noticiasribeiraopreto.com.br\/wp-content\/uploads\/2023\/12\/chevrolet-montana-rs-a-picape-que-atrai-o-publico-jovem-analise-completa-da-caminhonete-830x450.jpg?fit=830%2C450&ssl=1&resize=350%2C200","width":350,"height":200,"srcset":"https:\/\/i0.wp.com\/noticiasribeiraopreto.com.br\/wp-content\/uploads\/2023\/12\/chevrolet-montana-rs-a-picape-que-atrai-o-publico-jovem-analise-completa-da-caminhonete-830x450.jpg?fit=830%2C450&ssl=1&resize=350%2C200 1x, https:\/\/i0.wp.com\/noticiasribeiraopreto.com.br\/wp-content\/uploads\/2023\/12\/chevrolet-montana-rs-a-picape-que-atrai-o-publico-jovem-analise-completa-da-caminhonete-830x450.jpg?fit=830%2C450&ssl=1&resize=525%2C300 1.5x, https:\/\/i0.wp.com\/noticiasribeiraopreto.com.br\/wp-content\/uploads\/2023\/12\/chevrolet-montana-rs-a-picape-que-atrai-o-publico-jovem-analise-completa-da-caminhonete-830x450.jpg?fit=830%2C450&ssl=1&resize=700%2C400 2x"},"classes":[]},{"id":23891,"url":"https:\/\/noticiasribeiraopreto.com.br\/index.php\/2024\/01\/03\/inovacao-sem-precedentes-o-novo-motor-da-chevrolet-que-vai-sacudir-o-mundo-das-picapes-e-suvs\/","url_meta":{"origin":12911,"position":2},"title":"Inova\u00e7\u00e3o sem precedentes: o novo motor da Chevrolet que vai sacudir o mundo das PICAPES e SUVS!","author":"noticiasribeiraopreto.com.br","date":"3 de January de 2024","format":false,"excerpt":"Foto: Youtube\/Reprodu\u00e7\u00e3o A Silverado, ap\u00f3s seu retorno ao mercado brasileiro na exclusiva variante High Country, adaptada especialmente para o Brasil, se prepara para novos lan\u00e7amentos. No in\u00edcio de 2024, espera-se a chegada da aguardada vers\u00e3o Z71. Contudo, uma op\u00e7\u00e3o que pode ser menos conhecida \u00e9 a Silverado equipada com o\u2026","rel":"","context":"In &quot;Vagas de Emprego em Ribeir\u00e3o Preto-SP&quot;","block_context":{"text":"Vagas de Emprego em Ribeir\u00e3o Preto-SP","link":"https:\/\/noticiasribeiraopreto.com.br\/index.php\/category\/empregos-classificados-vagas-trabalho\/vagas-de-empregos-em-ribeirao-preto-regiao-brasil\/"},"img":{"alt_text":"","src":"https:\/\/i0.wp.com\/noticiasribeiraopreto.com.br\/wp-content\/uploads\/2024\/01\/novo-motor-da-Chevrolet-que-vai-sacudir-o-mundo-das-PICAPES-e-SUVS-830x450.jpg?fit=830%2C450&ssl=1&resize=350%2C200","width":350,"height":200,"srcset":"https:\/\/i0.wp.com\/noticiasribeiraopreto.com.br\/wp-content\/uploads\/2024\/01\/novo-motor-da-Chevrolet-que-vai-sacudir-o-mundo-das-PICAPES-e-SUVS-830x450.jpg?fit=830%2C450&ssl=1&resize=350%2C200 1x, https:\/\/i0.wp.com\/noticiasribeiraopreto.com.br\/wp-content\/uploads\/2024\/01\/novo-motor-da-Chevrolet-que-vai-sacudir-o-mundo-das-PICAPES-e-SUVS-830x450.jpg?fit=830%2C450&ssl=1&resize=525%2C300 1.5x, https:\/\/i0.wp.com\/noticiasribeiraopreto.com.br\/wp-content\/uploads\/2024\/01\/novo-motor-da-Chevrolet-que-vai-sacudir-o-mundo-das-PICAPES-e-SUVS-830x450.jpg?fit=830%2C450&ssl=1&resize=700%2C400 2x"},"classes":[]},{"id":16952,"url":"https:\/\/noticiasribeiraopreto.com.br\/index.php\/2023\/12\/16\/seda-mais-vendido-do-brasil-continua-a-impressionar-veja-detalhes-do-chevrolet-onix-plus-2024\/","url_meta":{"origin":12911,"position":3},"title":"Sed\u00e3 mais vendido do Brasil continua a impressionar, veja detalhes do Chevrolet Onix Plus 2024","author":"noticiasribeiraopreto.com.br","date":"16 de December de 2023","format":false,"excerpt":"Foto: Divulga\u00e7\u00e3o\/ Chevrolet O Chevrolet Onix Plus 2024 mant\u00e9m sua posi\u00e7\u00e3o como o sed\u00e3 mais vendido do Brasil, apresentando uma s\u00e9rie de caracter\u00edsticas que continuam a cativar o cora\u00e7\u00e3o dos consumidores. Apesar de algumas expectativas de mudan\u00e7as e melhorias, o modelo permanece fiel \u00e0s suas ra\u00edzes, oferecendo um pacote equilibrado\u2026","rel":"","context":"In &quot;Vagas de Emprego em Ribeir\u00e3o Preto-SP&quot;","block_context":{"text":"Vagas de Emprego em Ribeir\u00e3o Preto-SP","link":"https:\/\/noticiasribeiraopreto.com.br\/index.php\/category\/empregos-classificados-vagas-trabalho\/vagas-de-empregos-em-ribeirao-preto-regiao-brasil\/"},"img":{"alt_text":"","src":"https:\/\/i0.wp.com\/noticiasribeiraopreto.com.br\/wp-content\/uploads\/2023\/12\/Seda-mais-vendido-do-Brasil-continua-a-impressionar-veja-detalhes-do-Chevrolet-Onix-Plus-2024-830x450.jpg?fit=830%2C450&ssl=1&resize=350%2C200","width":350,"height":200,"srcset":"https:\/\/i0.wp.com\/noticiasribeiraopreto.com.br\/wp-content\/uploads\/2023\/12\/Seda-mais-vendido-do-Brasil-continua-a-impressionar-veja-detalhes-do-Chevrolet-Onix-Plus-2024-830x450.jpg?fit=830%2C450&ssl=1&resize=350%2C200 1x, https:\/\/i0.wp.com\/noticiasribeiraopreto.com.br\/wp-content\/uploads\/2023\/12\/Seda-mais-vendido-do-Brasil-continua-a-impressionar-veja-detalhes-do-Chevrolet-Onix-Plus-2024-830x450.jpg?fit=830%2C450&ssl=1&resize=525%2C300 1.5x, https:\/\/i0.wp.com\/noticiasribeiraopreto.com.br\/wp-content\/uploads\/2023\/12\/Seda-mais-vendido-do-Brasil-continua-a-impressionar-veja-detalhes-do-Chevrolet-Onix-Plus-2024-830x450.jpg?fit=830%2C450&ssl=1&resize=700%2C400 2x"},"classes":[]},{"id":28624,"url":"https:\/\/noticiasribeiraopreto.com.br\/index.php\/2024\/01\/16\/os-lancamentos-de-picapes-e-outros-destaques-do-mercado-automotivo-em-2024\/","url_meta":{"origin":12911,"position":4},"title":"Os lan\u00e7amentos de picapes e outros destaques do mercado automotivo em 2024","author":"noticiasribeiraopreto.com.br","date":"16 de January de 2024","format":false,"excerpt":"Na terceira reportagem da s\u00e9rie sobre os principais lan\u00e7amentos do mercado automotivo em 2024, chegou a vez das picapes e outros modelos. Marca tradicional, a Fiat vai se refor\u00e7ar no segmento de picapes m\u00e9dias com a Titano. GM, Volkswagen e Ford tamb\u00e9m prometem novidades para este ano. Enquanto isso, a\u2026","rel":"","context":"In &quot;Dinheiro e Investimento&quot;","block_context":{"text":"Dinheiro e Investimento","link":"https:\/\/noticiasribeiraopreto.com.br\/index.php\/category\/dinheiro-e-investimento-como-fazer-como-ganhar\/"},"img":{"alt_text":"","src":"https:\/\/i0.wp.com\/noticiasribeiraopreto.com.br\/wp-content\/uploads\/2024\/01\/Ford-F-150-Raptor-foto-Ford-715x402.jpg?fit=715%2C402&ssl=1&resize=350%2C200","width":350,"height":200,"srcset":"https:\/\/i0.wp.com\/noticiasribeiraopreto.com.br\/wp-content\/uploads\/2024\/01\/Ford-F-150-Raptor-foto-Ford-715x402.jpg?fit=715%2C402&ssl=1&resize=350%2C200 1x, https:\/\/i0.wp.com\/noticiasribeiraopreto.com.br\/wp-content\/uploads\/2024\/01\/Ford-F-150-Raptor-foto-Ford-715x402.jpg?fit=715%2C402&ssl=1&resize=525%2C300 1.5x, https:\/\/i0.wp.com\/noticiasribeiraopreto.com.br\/wp-content\/uploads\/2024\/01\/Ford-F-150-Raptor-foto-Ford-715x402.jpg?fit=715%2C402&ssl=1&resize=700%2C400 2x"},"classes":[]},{"id":31023,"url":"https:\/\/noticiasribeiraopreto.com.br\/index.php\/2024\/01\/20\/10-carros-novos-mais-vendidos-do-brasil-em-dezembro-de-2023-lista-10\/","url_meta":{"origin":12911,"position":5},"title":"10 carros novos mais vendidos do Brasil em dezembro de 2023 \u2013 Lista 10","author":"noticiasribeiraopreto.com.br","date":"20 de January de 2024","format":false,"excerpt":"\r \r 19 de janeiro de 2024 \r \r Carros \r \r \r 0\r J\u00e1 vamos dar um spoiler que foi um modelo da Volkswagen que liderou essa lista como o carro mais vendido. Confira agora os 10 carros novos mais vendidos do Brasil em dezembro de 2023.10. Chevrolet Onix\u2026","rel":"","context":"In &quot;Blog&quot;","block_context":{"text":"Blog","link":"https:\/\/noticiasribeiraopreto.com.br\/index.php\/category\/blog\/"},"img":{"alt_text":"","src":"https:\/\/i0.wp.com\/noticiasribeiraopreto.com.br\/wp-content\/uploads\/2024\/01\/tcross1_23122021_70179_1280_960.jpg?fit=1200%2C900&ssl=1&resize=350%2C200","width":350,"height":200,"srcset":"https:\/\/i0.wp.com\/noticiasribeiraopreto.com.br\/wp-content\/uploads\/2024\/01\/tcross1_23122021_70179_1280_960.jpg?fit=1200%2C900&ssl=1&resize=350%2C200 1x, https:\/\/i0.wp.com\/noticiasribeiraopreto.com.br\/wp-content\/uploads\/2024\/01\/tcross1_23122021_70179_1280_960.jpg?fit=1200%2C900&ssl=1&resize=525%2C300 1.5x, https:\/\/i0.wp.com\/noticiasribeiraopreto.com.br\/wp-content\/uploads\/2024\/01\/tcross1_23122021_70179_1280_960.jpg?fit=1200%2C900&ssl=1&resize=700%2C400 2x, https:\/\/i0.wp.com\/noticiasribeiraopreto.com.br\/wp-content\/uploads\/2024\/01\/tcross1_23122021_70179_1280_960.jpg?fit=1200%2C900&ssl=1&resize=1050%2C600 3x"},"classes":[]}],"jetpack_sharing_enabled":true,"jetpack_shortlink":"https:\/\/wp.me\/peQAOb-3mf","_links":{"self":[{"href":"https:\/\/noticiasribeiraopreto.com.br\/index.php\/wp-json\/wp\/v2\/posts\/12911","targetHints":{"allow":["GET"]}}],"collection":[{"href":"https:\/\/noticiasribeiraopreto.com.br\/index.php\/wp-json\/wp\/v2\/posts"}],"about":[{"href":"https:\/\/noticiasribeiraopreto.com.br\/index.php\/wp-json\/wp\/v2\/types\/post"}],"author":[{"embeddable":true,"href":"https:\/\/noticiasribeiraopreto.com.br\/index.php\/wp-json\/wp\/v2\/users\/1"}],"replies":[{"embeddable":true,"href":"https:\/\/noticiasribeiraopreto.com.br\/index.php\/wp-json\/wp\/v2\/comments?post=12911"}],"version-history":[{"count":0,"href":"https:\/\/noticiasribeiraopreto.com.br\/index.php\/wp-json\/wp\/v2\/posts\/12911\/revisions"}],"wp:featuredmedia":[{"embeddable":true,"href":"https:\/\/noticiasribeiraopreto.com.br\/index.php\/wp-json\/wp\/v2\/media\/12912"}],"wp:attachment":[{"href":"https:\/\/noticiasribeiraopreto.com.br\/index.php\/wp-json\/wp\/v2\/media?parent=12911"}],"wp:term":[{"taxonomy":"category","embeddable":true,"href":"https:\/\/noticiasribeiraopreto.com.br\/index.php\/wp-json\/wp\/v2\/categories?post=12911"},{"taxonomy":"post_tag","embeddable":true,"href":"https:\/\/noticiasribeiraopreto.com.br\/index.php\/wp-json\/wp\/v2\/tags?post=12911"}],"curies":[{"name":"wp","href":"https:\/\/api.w.org\/{rel}","templated":true}]}}