{"id":12985,"date":"2023-12-08T22:24:54","date_gmt":"2023-12-09T01:24:54","guid":{"rendered":"https:\/\/noticiasribeiraopreto.com.br\/index.php\/2023\/12\/08\/rede-graal-investe-em-estacoes-de-recarga-ultrarrapidas-para-veiculos-eletricos\/"},"modified":"2023-12-08T22:24:54","modified_gmt":"2023-12-09T01:24:54","slug":"rede-graal-investe-em-estacoes-de-recarga-ultrarrapidas-para-veiculos-eletricos","status":"publish","type":"post","link":"https:\/\/noticiasribeiraopreto.com.br\/index.php\/2023\/12\/08\/rede-graal-investe-em-estacoes-de-recarga-ultrarrapidas-para-veiculos-eletricos\/","title":{"rendered":"Rede Graal investe em esta\u00e7\u00f5es de recarga ultrarr\u00e1pidas para ve\u00edculos el\u00e9tricos"},"content":{"rendered":"<div class='code-block code-block-1' style='margin: 8px 0 8px auto; text-align: right; display: block; clear: both;'>\n<p><a href=\"https:\/\/wa.link\/vpicfd\"><img data-recalc-dims=\"1\" class=\"wp-image-4922\" style=\"aspect-ratio: 2.0253164556962027; width: 561px; height: auto;\" src=\"https:\/\/i0.wp.com\/ismaelcolosi.com.br\/wp-content\/uploads\/2023\/11\/grupo-de-empregos-whatsapp-e-facebook-ismael-colosi-vagas.jpg?ssl=1\" alt=\"\" \/><\/a><\/p>\n<!-- \/wp:image -->\n<\/div>\n<p> <br \/>\n<\/p>\n<div>\n<figure><picture><source srcset=\"https:\/\/clickpetroleoegas.com.br\/wp-content\/uploads\/2023\/12\/Graal-Market-Dutra-01-1-830x450.jpg.webp\" type=\"image\/webp\"><img data-recalc-dims=\"1\" loading=\"lazy\" width=\"830\" height=\"450\" src=\"https:\/\/i0.wp.com\/clickpetroleoegas.com.br\/wp-content\/uploads\/2023\/12\/Graal-Market-Dutra-01-1-830x450.jpg?resize=830%2C450&#038;ssl=1\" class=\"fdnw-post-thumbnail fdnw-first-card-thumbnail wp-post-image\" alt=\"Rede Graal\" decoding=\"async\" data-eio=\"p\"\/><\/source><\/picture><figcaption class=\"fdnw-image-caption\">Foto: Rede Graal investe em esta\u00e7\u00f5es de recarga ultrarr\u00e1pidas para ve\u00edculos el\u00e9tricos<br \/>Rede Graal<\/figcaption><\/figure>\n<p><strong>Adquiridos da ABB, WEG e BYD, equipamentos usar\u00e3o plataforma digital da Move e ser\u00e3o implantados em 2024<\/strong><\/p>\n<p>Um dos maiores grupos de autopostos rodovi\u00e1rios do Brasil, a Rede Graal investir\u00e1 cerca de R$ 15 milh\u00f5es em esta\u00e7\u00f5es de recarga ultrarr\u00e1pidas e semirr\u00e1pidas para ve\u00edculos el\u00e9tricos. Os carregadores ser\u00e3o implementados em 37 das 50 unidades da bandeira ao longo do primeiro semestre de 2024, localizadas nas principais rodovias dos estados de S\u00e3o Paulo, Rio de Janeiro, Minas Gerais, Santa Catarina e Rio Grande do Sul.<\/p>\n<p> <span class=\"fdnw-card-article-related\"> <span class=\"h4 fdnw-card-article-related-title\">Artigos recomendados<\/span> <\/span> <\/p>\n<p>Os 74 equipamentos foram adquiridos das empresas WEG, ABB e BYD. Eles s\u00e3o capazes de abastecer os ve\u00edculos el\u00e9tricos em apenas 20 minutos, em m\u00e9dia, contra as mais de 4 ou 5 horas de carregadores tradicionais. \u00a0Ser\u00e3o duas esta\u00e7\u00f5es de carregamento em cada base, utilizando a plataforma digital e servi\u00e7os de opera\u00e7\u00f5es e manuten\u00e7\u00e3o da empresa de solu\u00e7\u00f5es de mobilidade el\u00e9trica Move.<\/p>\n<p>A Rede Graal est\u00e1 presente no mercado da eletromobilidade desde 2015, quando da implanta\u00e7\u00e3o do 1\u00ba corredor Intermunicipal entre S\u00e3o Paulo \u2013 Campinas \u2013 S\u00e3o Paulo por meio de parceria com a CPFL, que resultou na instala\u00e7\u00e3o de Eletropostos na Rodovia Anhanguera (km 67 pista S\u00e3o Paulo \u2013 interior) e na Rodovia dos Bandeirantes (km 56 pista interior \u2013 S\u00e3o Paulo), ambos em Jundia\u00ed-SP.<\/p>\n<p>\u201c<em>Estamos orgulhosos em participar do novo momento da eletromobilidade no Brasil ao proporcionar a melhor infraestrutura poss\u00edvel para a recarga de ve\u00edculos el\u00e9tricos e h\u00edbridos nas principais rodovias do pa\u00eds. A implementa\u00e7\u00e3o de novos Eletropostos \u00e9 mais uma contribui\u00e7\u00e3o da empresa para um futuro mais sustent\u00e1vel e confi\u00e1vel para aqueles usu\u00e1rios que trafegam nas estradas<\/em>\u201d, afirma Helio Athia Jr., Diretor de Marketing da Rede Graal.<\/p>\n<div class=\"code-block code-block-5\" style=\"margin: 8px auto; text-align: center; display: block; clear: both;\"> <a href=\"https:\/\/suaads.com\/ref\/ISMAELCOLOSI\" target=\"_blank\" rel=\"noopener\"><img data-recalc-dims=\"1\" decoding=\"async\" src=\"https:\/\/i0.wp.com\/suaurl.com\/img\/bannersref\/s.png?ssl=1\" alt=\"SuaUrl\"  style=\"max-width: 100%;\" class=\"lazy\" loading=\"lazy\"\/><noscript><img data-recalc-dims=\"1\" decoding=\"async\" src=\"https:\/\/i0.wp.com\/suaurl.com\/img\/bannersref\/s.png?ssl=1\" alt=\"SuaUrl\"  style=\"max-width: 100%;\"\/><\/noscript><\/a><\/div>\n<p><strong>Frota se aproxima dos 200 mil ve\u00edculos eletrificados no Brasil<\/strong><\/p>\n<p>As vendas de carros el\u00e9tricos e h\u00edbridos continuam quebrando recordes no Brasil em 2023. De acordo com dados da Associa\u00e7\u00e3o Brasileira do Ve\u00edculo El\u00e9trico (ABVE), entre janeiro a outubro, o mercado brasileiro emplacou 67.047 ve\u00edculos eletrificados leves, um aumento de 73% sobre o mesmo per\u00edodo do ano passado. Com isto, a frota circulante de carros el\u00e9tricos, h\u00edbridos e h\u00edbridos plug-in no pa\u00eds j\u00e1 se aproxima das 200 mil unidades (total de 193.486 carros).<\/p>\n<p>Fonte: <u>Mais informa\u00e7\u00f5es \u00e0 imprensa<\/u> \u2013 Press \u00e0 Porter Gest\u00e3o de Imagem<\/p>\n<div class=\"code-block code-block-10\" style=\"margin: 8px auto; text-align: center; display: block; clear: both;\">\n<hr class=\"wp-block-separator has-alpha-channel-opacity is-style-wide\"\/>\n<p>Voc\u00ea quer receber apenas not\u00edcias e vagas de emprego do seu interesse? A solu\u00e7\u00e3o chegou atrav\u00e9s do app <a href=\"https:\/\/play.google.com\/store\/apps\/details?id=com.clickpetroleoapp&amp;hl=pt&amp;gl=US\" class=\"external\" rel=\"nofollow noopener\" target=\"_blank\"><strong>CPG VAGAS E NOT\u00cdCIAS!<\/strong><\/a> Se voc\u00ea \u00e9 pintor, vai receber no seu celular apenas oportunidades neste cargo. E ser\u00e1 assim com pedreiro, t\u00e9cnico, engenheiro e etc\u2026.. N\u00e3o perca nada do que acontece no mercado de trabalho e econ\u00f4mico do Brasil, baixe agora o app <a href=\"https:\/\/play.google.com\/store\/apps\/details?id=com.clickpetroleoapp&amp;hl=pt&amp;gl=US\" class=\"external\" rel=\"nofollow noopener\" target=\"_blank\">CPG VAGAS E NOT\u00cdCIAS, dispon\u00edvel para Android e IOS!<\/a><\/p>\n<figure class=\"wp-block-image aligncenter size-full\"><a href=\"https:\/\/play.google.com\/store\/apps\/details?id=com.clickpetroleoapp&amp;hl=pt&amp;gl=US\" target=\"_blank\" rel=\"noreferrer noopener nofollow\" class=\"external\"><img data-recalc-dims=\"1\" decoding=\"async\" width=\"1280\" height=\"387\" alt=\"APP CPG VAGAS E NOT\u00cdCIAS\" class=\"wp-image-105306 ewww_webp_lazy_load lazy\" src=\"https:\/\/i0.wp.com\/clickpetroleoegas.com.br\/wp-content\/uploads\/2023\/09\/Aplicativo-de-vagas-de-empregos-e-noticias-da-sua-regiao.jpg.webp?resize=1280%2C387&#038;ssl=1\" loading=\"lazy\"\/><noscript><img data-recalc-dims=\"1\" loading=\"lazy\" decoding=\"async\" width=\"1280\" height=\"387\" alt=\"APP CPG VAGAS E NOT\u00cdCIAS\" class=\"wp-image-105306 ewww_webp_lazy_load\" src=\"https:\/\/i0.wp.com\/clickpetroleoegas.com.br\/wp-content\/uploads\/2023\/09\/Aplicativo-de-vagas-de-empregos-e-noticias-da-sua-regiao.jpg.webp?resize=1280%2C387&#038;ssl=1\"\/><\/noscript><noscript><img data-recalc-dims=\"1\" loading=\"lazy\" decoding=\"async\" width=\"1280\" height=\"387\" src=\"https:\/\/i0.wp.com\/clickpetroleoegas.com.br\/wp-content\/uploads\/2023\/09\/Aplicativo-de-vagas-de-empregos-e-noticias-da-sua-regiao.jpg?resize=1280%2C387&#038;ssl=1\" alt=\"APP CPG VAGAS E NOT\u00cdCIAS\" class=\"wp-image-105306\"\/><\/noscript><\/a><\/figure>\n<\/p><\/div>\n<\/p><\/div>\n<p><script type=\"text\/plain\" data-service=\"facebook\" data-category=\"marketing\">\n!function(f,b,e,v,n,t,s)\n{if(f.fbq)return;n=f.fbq=function(){n.callMethod?\nn.callMethod.apply(n,arguments):n.queue.push(arguments)};\nif(!f._fbq)f._fbq=n;n.push=n;n.loaded=!0;n.version='2.0';\nn.queue=[];t=b.createElement(e);t.async=!0;\nt.src=v;s=b.getElementsByTagName(e)[0];\ns.parentNode.insertBefore(t,s)}(window, document,'script',\n'https:\/\/connect.facebook.net\/en_US\/fbevents.js');\nfbq('init', '5536651029690406');\nfbq('track', 'PageView');\n<\/script><script type=\"text\/plain\" data-service=\"facebook\" data-category=\"marketing\" async defer crossorigin=\"anonymous\" data-rocket-data-cmplz-src=\"https:\/\/connect.facebook.net\/en_US\/sdk.js#xfbml=1&#038;version=v12.0&amp;appId=1127332727839552&#038;autoLogAppEvents=1\">\n<\/script><br \/>\n<br \/><br \/>\n<br \/><a href=\"https:\/\/ismaelcolosi.com.br\/rede-graal-investe-em-estacoes-de-recarga-ultrarrapidas-para-veiculos-eletricos\/\">Source link <\/a><\/p>\n<!-- CONTENT END 1 -->\n","protected":false},"excerpt":{"rendered":"<p>Foto: Rede Graal investe em esta\u00e7\u00f5es de recarga ultrarr\u00e1pidas para ve\u00edculos el\u00e9tricosRede Graal Adquiridos da ABB, WEG e BYD, equipamentos usar\u00e3o plataforma digital da Move&#8230;<\/p>\n","protected":false},"author":1,"featured_media":12986,"comment_status":"open","ping_status":"open","sticky":false,"template":"","format":"standard","meta":{"advanced_seo_description":"","jetpack_seo_html_title":"","jetpack_seo_noindex":false,"jetpack_post_was_ever_published":false,"_jetpack_newsletter_access":"","_jetpack_dont_email_post_to_subs":false,"_jetpack_newsletter_tier_id":0,"_jetpack_memberships_contains_paywalled_content":false,"_jetpack_memberships_contains_paid_content":false,"footnotes":"","jetpack_publicize_message":"","jetpack_publicize_feature_enabled":true,"jetpack_social_post_already_shared":true,"jetpack_social_options":{"image_generator_settings":{"template":"highway","default_image_id":0,"font":"","enabled":false},"version":2}},"categories":[7],"tags":[],"class_list":["post-12985","post","type-post","status-publish","format-standard","has-post-thumbnail","hentry","category-vagas-de-empregos-em-ribeirao-preto-regiao-brasil"],"jetpack_publicize_connections":[],"jetpack_featured_media_url":"https:\/\/i0.wp.com\/noticiasribeiraopreto.com.br\/wp-content\/uploads\/2023\/12\/Graal-Market-Dutra-01-1-830x450.jpg?fit=830%2C450&ssl=1","jetpack-related-posts":[{"id":31782,"url":"https:\/\/noticiasribeiraopreto.com.br\/index.php\/2024\/01\/23\/grupo-toniello-e-zletric-fecham-parceria-para-expandir-servico-de-recarga-de-veiculos-eletricos\/","url_meta":{"origin":12985,"position":0},"title":"Grupo Toniello e Zletric fecham parceria para expandir servi\u00e7o de recarga de ve\u00edculos el\u00e9tricos","author":"noticiasribeiraopreto.com.br","date":"23 de January de 2024","format":false,"excerpt":"23 de janeiro de 2024 | 9:0318 de janeiro de 2024 | 17:36 0Com o objetivo de contribuir efetivamente para o avan\u00e7o da eletromobilidade no Brasil, o Grupo Toniello, que tem 35 concession\u00e1rias de ve\u00edculos de marcas diversas, acaba de fechar uma parceria com a Zletric, empresa que desde 2019\u2026","rel":"","context":"In &quot;Not\u00edcias de Ribeir\u00e3o Preto-SP e Regi\u00e3o&quot;","block_context":{"text":"Not\u00edcias de Ribeir\u00e3o Preto-SP e Regi\u00e3o","link":"https:\/\/noticiasribeiraopreto.com.br\/index.php\/category\/noticias-de-ribeirao-preto-sp-e-regiao-ismael-colosi\/"},"img":{"alt_text":"","src":"https:\/\/i0.wp.com\/noticiasribeiraopreto.com.br\/wp-content\/uploads\/2024\/01\/IMG-7160-scaled.jpg?fit=484%2C645&ssl=1&resize=350%2C200","width":350,"height":200},"classes":[]},{"id":53410,"url":"https:\/\/noticiasribeiraopreto.com.br\/index.php\/2024\/06\/19\/carros-eletricos-em-condominios-o-que-voce-precisa-saber\/","url_meta":{"origin":12985,"position":1},"title":"Carros el\u00e9tricos em condom\u00ednios: O que voc\u00ea precisa saber","author":"noticiasribeiraopreto.com.br","date":"19 de June de 2024","format":false,"excerpt":"Os n\u00fameros de compras de carros el\u00e9tricos no Brasil est\u00e3o crescendo. Segundo o relat\u00f3rio LongTerm-Eletric Vehicle Outlook (EVO) da Blomberg NEF, o mercado de eletromobilidade pode atingir US$ 9 trilh\u00f5es at\u00e9 2030 em todo o mundo, e as vendas de carros el\u00e9tricos devem quintuplicar no Brasil at\u00e9 2027. Em maio\u2026","rel":"","context":"In &quot;Not\u00edcias de Ribeir\u00e3o Preto-SP e Regi\u00e3o&quot;","block_context":{"text":"Not\u00edcias de Ribeir\u00e3o Preto-SP e Regi\u00e3o","link":"https:\/\/noticiasribeiraopreto.com.br\/index.php\/category\/noticias-de-ribeirao-preto-sp-e-regiao-ismael-colosi\/"},"img":{"alt_text":"","src":"https:\/\/i0.wp.com\/noticiasribeiraopreto.com.br\/wp-content\/uploads\/2024\/03\/AnyConv.com__WhatsApp-Image-2024-02-29-at-15.18.26.webp.webp?fit=640%2C405&ssl=1&resize=350%2C200","width":350,"height":200,"srcset":"https:\/\/i0.wp.com\/noticiasribeiraopreto.com.br\/wp-content\/uploads\/2024\/03\/AnyConv.com__WhatsApp-Image-2024-02-29-at-15.18.26.webp.webp?fit=640%2C405&ssl=1&resize=350%2C200 1x, https:\/\/i0.wp.com\/noticiasribeiraopreto.com.br\/wp-content\/uploads\/2024\/03\/AnyConv.com__WhatsApp-Image-2024-02-29-at-15.18.26.webp.webp?fit=640%2C405&ssl=1&resize=525%2C300 1.5x"},"classes":[]},{"id":40499,"url":"https:\/\/noticiasribeiraopreto.com.br\/index.php\/2024\/03\/04\/ribeirao-recebe-encontro-beneficente-de-carros-antigos-veja-quando\/","url_meta":{"origin":12985,"position":2},"title":"Ribeir\u00e3o recebe encontro beneficente de carros antigos; Veja quando","author":"noticiasribeiraopreto.com.br","date":"4 de March de 2024","format":false,"excerpt":"No pr\u00f3ximo domingo (10), Ribeir\u00e3o Preto recebe um Encontro de Carros Antigos para quem \u00e9 apaixonado por\u00a0ve\u00edculos cl\u00e1ssicos. O evento, que est\u00e1 em sua 1\u00aa edi\u00e7\u00e3o e \u00e9 beneficente, acontece a partir das 8h, no estacionamento do posto Graal Trevo. A entrada \u00e9 gratuita para o p\u00fablico e n\u00e3o \u00e9\u2026","rel":"","context":"In &quot;Not\u00edcias de Ribeir\u00e3o Preto-SP e Regi\u00e3o&quot;","block_context":{"text":"Not\u00edcias de Ribeir\u00e3o Preto-SP e Regi\u00e3o","link":"https:\/\/noticiasribeiraopreto.com.br\/index.php\/category\/noticias-de-ribeirao-preto-sp-e-regiao-ismael-colosi\/"},"img":{"alt_text":"","src":"https:\/\/i0.wp.com\/noticiasribeiraopreto.com.br\/wp-content\/uploads\/2024\/03\/WhatsApp-Image-2024-03-04-at-08.50.22.jpeg?fit=1200%2C903&ssl=1&resize=350%2C200","width":350,"height":200,"srcset":"https:\/\/i0.wp.com\/noticiasribeiraopreto.com.br\/wp-content\/uploads\/2024\/03\/WhatsApp-Image-2024-03-04-at-08.50.22.jpeg?fit=1200%2C903&ssl=1&resize=350%2C200 1x, https:\/\/i0.wp.com\/noticiasribeiraopreto.com.br\/wp-content\/uploads\/2024\/03\/WhatsApp-Image-2024-03-04-at-08.50.22.jpeg?fit=1200%2C903&ssl=1&resize=525%2C300 1.5x, https:\/\/i0.wp.com\/noticiasribeiraopreto.com.br\/wp-content\/uploads\/2024\/03\/WhatsApp-Image-2024-03-04-at-08.50.22.jpeg?fit=1200%2C903&ssl=1&resize=700%2C400 2x, https:\/\/i0.wp.com\/noticiasribeiraopreto.com.br\/wp-content\/uploads\/2024\/03\/WhatsApp-Image-2024-03-04-at-08.50.22.jpeg?fit=1200%2C903&ssl=1&resize=1050%2C600 3x"},"classes":[]},{"id":65121,"url":"https:\/\/noticiasribeiraopreto.com.br\/index.php\/2025\/03\/16\/projeto-de-lei-158-25-pode-revolucionar-a-recarga-de-carros-eletricos-em-condominios-no-brasil\/","url_meta":{"origin":12985,"position":3},"title":"Projeto de Lei 158\/25 pode revolucionar a recarga de carros el\u00e9tricos em condom\u00ednios no Brasil","author":"noticiasribeiraopreto.com.br","date":"16 de March de 2025","format":false,"excerpt":"Proposta em tramita\u00e7\u00e3o na C\u00e2mara dos Deputados busca eliminar barreiras \u00e0 mobilidade el\u00e9trica e alinhar o pa\u00eds \u00e0s metas globais de sustentabilidade. Enquanto o mercado de ve\u00edculos el\u00e9tricos (VEs) cresce a taxas recordes no Brasil \u2013 com vendas saltando\u00a067% em 2024, segundo a Associa\u00e7\u00e3o Brasileira de Ve\u00edculos El\u00e9tricos (ABVE) \u2013,\u2026","rel":"","context":"In &quot;Not\u00edcias de Ribeir\u00e3o Preto-SP e Regi\u00e3o&quot;","block_context":{"text":"Not\u00edcias de Ribeir\u00e3o Preto-SP e Regi\u00e3o","link":"https:\/\/noticiasribeiraopreto.com.br\/index.php\/category\/noticias-de-ribeirao-preto-sp-e-regiao-ismael-colosi\/"},"img":{"alt_text":"","src":"https:\/\/i0.wp.com\/noticiasribeiraopreto.com.br\/wp-content\/uploads\/2025\/02\/marcio-spimpolo_2025-02-14_21-18-47_jpeg_2025-02-14_21-18-47.webp.webp?fit=1200%2C675&ssl=1&resize=350%2C200","width":350,"height":200,"srcset":"https:\/\/i0.wp.com\/noticiasribeiraopreto.com.br\/wp-content\/uploads\/2025\/02\/marcio-spimpolo_2025-02-14_21-18-47_jpeg_2025-02-14_21-18-47.webp.webp?fit=1200%2C675&ssl=1&resize=350%2C200 1x, https:\/\/i0.wp.com\/noticiasribeiraopreto.com.br\/wp-content\/uploads\/2025\/02\/marcio-spimpolo_2025-02-14_21-18-47_jpeg_2025-02-14_21-18-47.webp.webp?fit=1200%2C675&ssl=1&resize=525%2C300 1.5x, https:\/\/i0.wp.com\/noticiasribeiraopreto.com.br\/wp-content\/uploads\/2025\/02\/marcio-spimpolo_2025-02-14_21-18-47_jpeg_2025-02-14_21-18-47.webp.webp?fit=1200%2C675&ssl=1&resize=700%2C400 2x, https:\/\/i0.wp.com\/noticiasribeiraopreto.com.br\/wp-content\/uploads\/2025\/02\/marcio-spimpolo_2025-02-14_21-18-47_jpeg_2025-02-14_21-18-47.webp.webp?fit=1200%2C675&ssl=1&resize=1050%2C600 3x"},"classes":[]},{"id":76653,"url":"https:\/\/noticiasribeiraopreto.com.br\/index.php\/2025\/09\/02\/ribeirao-preto-recebe-evento-sobre-recarga-de-carros-eletricos-em-condominios\/","url_meta":{"origin":12985,"position":4},"title":"Ribeir\u00e3o Preto recebe evento sobre recarga de carros el\u00e9tricos em condom\u00ednios","author":"noticiasribeiraopreto.com.br","date":"2 de September de 2025","format":false,"excerpt":"A Associa\u00e7\u00e3o Comercial e Industrial de Ribeir\u00e3o Preto (Acirp) promove nesta quarta-feira (3), a partir das 18h30, um evento sobre os desafios da eletromobilidade em condom\u00ednios, com foco em infraestrutura e seguran\u00e7a para instala\u00e7\u00e3o de pontos de recarga de ve\u00edculos el\u00e9tricos em residenciais. A palestra ser\u00e1 conduzida pelo engenheiro civil\u2026","rel":"","context":"In &quot;Not\u00edcias de Ribeir\u00e3o Preto-SP e Regi\u00e3o&quot;","block_context":{"text":"Not\u00edcias de Ribeir\u00e3o Preto-SP e Regi\u00e3o","link":"https:\/\/noticiasribeiraopreto.com.br\/index.php\/category\/noticias-de-ribeirao-preto-sp-e-regiao-ismael-colosi\/"},"img":{"alt_text":"","src":"https:\/\/i0.wp.com\/noticiasribeiraopreto.com.br\/wp-content\/uploads\/2025\/09\/Copia-de-Copia-de-Copia-de-TAMANHO-EXATO-PARA-FOTOS-NO-SISTEMA-NOVO-2025-09-02T194227.096_2025-09-02_22-42-58.webp.webp?fit=1200%2C675&ssl=1&resize=350%2C200","width":350,"height":200,"srcset":"https:\/\/i0.wp.com\/noticiasribeiraopreto.com.br\/wp-content\/uploads\/2025\/09\/Copia-de-Copia-de-Copia-de-TAMANHO-EXATO-PARA-FOTOS-NO-SISTEMA-NOVO-2025-09-02T194227.096_2025-09-02_22-42-58.webp.webp?fit=1200%2C675&ssl=1&resize=350%2C200 1x, https:\/\/i0.wp.com\/noticiasribeiraopreto.com.br\/wp-content\/uploads\/2025\/09\/Copia-de-Copia-de-Copia-de-TAMANHO-EXATO-PARA-FOTOS-NO-SISTEMA-NOVO-2025-09-02T194227.096_2025-09-02_22-42-58.webp.webp?fit=1200%2C675&ssl=1&resize=525%2C300 1.5x, https:\/\/i0.wp.com\/noticiasribeiraopreto.com.br\/wp-content\/uploads\/2025\/09\/Copia-de-Copia-de-Copia-de-TAMANHO-EXATO-PARA-FOTOS-NO-SISTEMA-NOVO-2025-09-02T194227.096_2025-09-02_22-42-58.webp.webp?fit=1200%2C675&ssl=1&resize=700%2C400 2x, https:\/\/i0.wp.com\/noticiasribeiraopreto.com.br\/wp-content\/uploads\/2025\/09\/Copia-de-Copia-de-Copia-de-TAMANHO-EXATO-PARA-FOTOS-NO-SISTEMA-NOVO-2025-09-02T194227.096_2025-09-02_22-42-58.webp.webp?fit=1200%2C675&ssl=1&resize=1050%2C600 3x"},"classes":[]},{"id":41553,"url":"https:\/\/noticiasribeiraopreto.com.br\/index.php\/2024\/03\/08\/ribeirao-preto-tem-encontro-de-carros-antigos-neste-final-de-semana-veja-onde\/","url_meta":{"origin":12985,"position":5},"title":"Ribeir\u00e3o Preto tem encontro de carros antigos neste final de semana; Veja onde","author":"noticiasribeiraopreto.com.br","date":"8 de March de 2024","format":false,"excerpt":"Se voc\u00ea \u00e9 apaixonado por carros cl\u00e1ssicos, reserve um hor\u00e1rio na sua agenda, pois neste domingo (10), Ribeir\u00e3o Preto recebe um encontro de carros antigos, no estacionamento do posto Graal Trevo. O evento gratuito come\u00e7a \u00e0s 8h e n\u00e3o \u00e9 necess\u00e1rio reservar ingressos. Os interessados em expor o seu ve\u00edculo\u2026","rel":"","context":"In &quot;Not\u00edcias de Ribeir\u00e3o Preto-SP e Regi\u00e3o&quot;","block_context":{"text":"Not\u00edcias de Ribeir\u00e3o Preto-SP e Regi\u00e3o","link":"https:\/\/noticiasribeiraopreto.com.br\/index.php\/category\/noticias-de-ribeirao-preto-sp-e-regiao-ismael-colosi\/"},"img":{"alt_text":"","src":"https:\/\/i0.wp.com\/noticiasribeiraopreto.com.br\/wp-content\/uploads\/2024\/03\/1709942306_WhatsApp-Image-2024-03-04-at-08.50.22.jpeg?fit=1200%2C903&ssl=1&resize=350%2C200","width":350,"height":200,"srcset":"https:\/\/i0.wp.com\/noticiasribeiraopreto.com.br\/wp-content\/uploads\/2024\/03\/1709942306_WhatsApp-Image-2024-03-04-at-08.50.22.jpeg?fit=1200%2C903&ssl=1&resize=350%2C200 1x, https:\/\/i0.wp.com\/noticiasribeiraopreto.com.br\/wp-content\/uploads\/2024\/03\/1709942306_WhatsApp-Image-2024-03-04-at-08.50.22.jpeg?fit=1200%2C903&ssl=1&resize=525%2C300 1.5x, https:\/\/i0.wp.com\/noticiasribeiraopreto.com.br\/wp-content\/uploads\/2024\/03\/1709942306_WhatsApp-Image-2024-03-04-at-08.50.22.jpeg?fit=1200%2C903&ssl=1&resize=700%2C400 2x, https:\/\/i0.wp.com\/noticiasribeiraopreto.com.br\/wp-content\/uploads\/2024\/03\/1709942306_WhatsApp-Image-2024-03-04-at-08.50.22.jpeg?fit=1200%2C903&ssl=1&resize=1050%2C600 3x"},"classes":[]}],"jetpack_sharing_enabled":true,"jetpack_shortlink":"https:\/\/wp.me\/peQAOb-3nr","_links":{"self":[{"href":"https:\/\/noticiasribeiraopreto.com.br\/index.php\/wp-json\/wp\/v2\/posts\/12985","targetHints":{"allow":["GET"]}}],"collection":[{"href":"https:\/\/noticiasribeiraopreto.com.br\/index.php\/wp-json\/wp\/v2\/posts"}],"about":[{"href":"https:\/\/noticiasribeiraopreto.com.br\/index.php\/wp-json\/wp\/v2\/types\/post"}],"author":[{"embeddable":true,"href":"https:\/\/noticiasribeiraopreto.com.br\/index.php\/wp-json\/wp\/v2\/users\/1"}],"replies":[{"embeddable":true,"href":"https:\/\/noticiasribeiraopreto.com.br\/index.php\/wp-json\/wp\/v2\/comments?post=12985"}],"version-history":[{"count":0,"href":"https:\/\/noticiasribeiraopreto.com.br\/index.php\/wp-json\/wp\/v2\/posts\/12985\/revisions"}],"wp:featuredmedia":[{"embeddable":true,"href":"https:\/\/noticiasribeiraopreto.com.br\/index.php\/wp-json\/wp\/v2\/media\/12986"}],"wp:attachment":[{"href":"https:\/\/noticiasribeiraopreto.com.br\/index.php\/wp-json\/wp\/v2\/media?parent=12985"}],"wp:term":[{"taxonomy":"category","embeddable":true,"href":"https:\/\/noticiasribeiraopreto.com.br\/index.php\/wp-json\/wp\/v2\/categories?post=12985"},{"taxonomy":"post_tag","embeddable":true,"href":"https:\/\/noticiasribeiraopreto.com.br\/index.php\/wp-json\/wp\/v2\/tags?post=12985"}],"curies":[{"name":"wp","href":"https:\/\/api.w.org\/{rel}","templated":true}]}}