{"id":12987,"date":"2023-12-08T22:26:07","date_gmt":"2023-12-09T01:26:07","guid":{"rendered":"https:\/\/noticiasribeiraopreto.com.br\/index.php\/2023\/12\/08\/aposentado-perde-r-31-mil-em-golpe-de-falsa-de-protecao-bancaria-na-regiao-de-ribeirao\/"},"modified":"2023-12-08T22:26:07","modified_gmt":"2023-12-09T01:26:07","slug":"aposentado-perde-r-31-mil-em-golpe-de-falsa-de-protecao-bancaria-na-regiao-de-ribeirao","status":"publish","type":"post","link":"https:\/\/noticiasribeiraopreto.com.br\/index.php\/2023\/12\/08\/aposentado-perde-r-31-mil-em-golpe-de-falsa-de-protecao-bancaria-na-regiao-de-ribeirao\/","title":{"rendered":"Aposentado perde R$ 31 mil em golpe de falsa de prote\u00e7\u00e3o banc\u00e1ria na regi\u00e3o de Ribeir\u00e3o"},"content":{"rendered":"<div class='code-block code-block-1' style='margin: 8px 0 8px auto; text-align: right; display: block; clear: both;'>\n<p><a href=\"https:\/\/wa.link\/vpicfd\"><img data-recalc-dims=\"1\" class=\"wp-image-4922\" style=\"aspect-ratio: 2.0253164556962027; width: 561px; height: auto;\" src=\"https:\/\/i0.wp.com\/ismaelcolosi.com.br\/wp-content\/uploads\/2023\/11\/grupo-de-empregos-whatsapp-e-facebook-ismael-colosi-vagas.jpg?ssl=1\" alt=\"\" \/><\/a><\/p>\n<!-- \/wp:image -->\n<\/div>\n<p> <br \/>\n<\/p>\n<div>\n<p>Um aposentado, de 60 anos, de <strong>Batatais<\/strong>, cidade na regi\u00e3o de <strong>Ribeir\u00e3o Preto<\/strong>, foi v\u00edtima de um golpe, na \u00faltima quarta-feira (6), e perdeu <strong>R$ 31 mil<\/strong> ap\u00f3s uma suposta atendente de um banco oferecer um <strong>servi\u00e7o de prote\u00e7\u00e3o \u00e0 conta<\/strong> do homem.<\/p>\n<p>Um <strong>Boletim de Ocorr\u00eancia (BO)<\/strong> foi registrado como estelionato na delegacia da cidade. Em entrevista \u00e0 <em>EPTV<\/em>, a v\u00edtima, que n\u00e3o quis se identificar, disse que s\u00f3 percebeu o golpe <strong>ap\u00f3s realizar as transfer\u00eancias.<\/strong><\/p>\n<p>\u201cComo eu n\u00e3o tenho muita experi\u00eancia com tecnologia, fui s\u00f3 seguindo o passo a passo da estrutura que no outro lado falava muito bem. Com muita t\u00e9cnica de algu\u00e9m que realmente seria de banco\u201d, disse o aposentado.<\/p>\n<h4 class=\"wp-block-heading\"><strong>Como aconteceu o golpe?<\/strong><\/h4>\n<p><mark style=\"background-color:#fcb900\" class=\"has-inline-color\">De acordo com a v\u00edtima, ele recebeu uma<strong> liga\u00e7\u00e3o em seu celular<\/strong>, informando sobre uma <strong>compra indevida<\/strong>. A grava\u00e7\u00e3o utilizada pela golpista dizia que, se caso ele <strong>n\u00e3o reconhecesse a movimenta\u00e7\u00e3o<\/strong>, deveria informar, atrav\u00e9s de um d\u00edgito do teclado, e ele seria <strong>transferido para uma atendente<\/strong> ajudar com o problema.<\/mark><\/p>\n<p>Nesse momento, o idoso acreditou que a mulher do outro lado da linha era uma funcion\u00e1ria do banco e come\u00e7ou a conversar com a mesma. Durante o \u2018bate-papo\u2019, foi informado que a v\u00edtima <strong>precisava instalar um dispositivo de seguran\u00e7a para proteger suas contas banc\u00e1rias de poss\u00edveis fraudes.<\/strong><\/p>\n<p>Do outro lado do telefone, a mulher que conversava com o idoso explicou que, para realizar a a\u00e7\u00e3o, era necess\u00e1rio uma<strong> \u2018simula\u00e7\u00e3o de transfer\u00eancia\u2019<\/strong> e que o valor <strong>seria devolvido para a conta<\/strong> logo na sequ\u00eancia.<\/p>\n<h4 class=\"wp-block-heading\"><strong>Percebeu o golpe<\/strong><\/h4>\n<p>Ap\u00f3s as transfer\u00eancias, no final da liga\u00e7\u00e3o, o idoso diz que <strong>ouviu a voz de uma crian\u00e7a<\/strong> ao fundo e nesse momento percebeu o golpe.<\/p>\n<blockquote class=\"wp-block-quote\">\n<p class=\"has-text-align-left\">\u201cBem mais no final eu ouvi uma voz de crian\u00e7a, um resmungo de crian\u00e7a, a\u00ed eu me toquei e falei \u2018nossa, ca\u00ed numa fraude\u2019. Logo em seguida eu fui correr atr\u00e1s dos bancos onde eu fiz a movimenta\u00e7\u00e3o, contestei e agora est\u00e1 em an\u00e1lise\u201d.<\/p>\n<\/blockquote>\n<h4 class=\"wp-block-heading\"><strong>As transfer\u00eancias<\/strong><\/h4>\n<p>No total, foram<strong> quatro transfer\u00eancias<\/strong> realizadas: <strong>R$ 4.468<\/strong>, <strong>R$ 5,2 mil<\/strong>, <strong>R$ 10 mil<\/strong> e <strong>R$ 12 mil<\/strong>. O dinheiro foi guardado durante todo o ano e serviria para que o homem pudesse <strong>trocar de moto.<\/strong><\/p>\n<p>\u201cSegunda-feira eu fui ver a moto. Estava praticamente negociada. O valor dava para pagar as continhas do m\u00eas e o restante eu ia comprar a moto [\u2026] At\u00e9 agora eu estou zerado de dinheiro, at\u00e9 para pagar as contas do m\u00eas\u201d, disse o homem.<\/p>\n<p>Agora o idoso <strong>aguarda o retorno das institui\u00e7\u00f5es banc\u00e1rias para tentar recuperar o dinheiro<\/strong>. Em nota, a <strong>Secretaria de Seguran\u00e7a P\u00fablica (SSP)<\/strong>, informou que a <strong>Pol\u00edcia Civil<\/strong> est\u00e1 realizando dilig\u00eancias para esclarecer o caso e tentar identificar os golpistas. <em>(Com informa\u00e7\u00f5es da EPTV)<\/em><\/p>\n<p>VEJA TAMB\u00c9M<\/p>\n<p>Alerta! Homem com roupa da CPFL d\u00e1 golpe em idosos de Ribeir\u00e3o Preto<\/p>\n<h4 class=\"wp-block-heading\"><strong><mark style=\"background-color:#fcb900\" class=\"has-inline-color\">FIQUE ON<\/mark><\/strong><\/h4>\n<p>Fique ligado em tudo que acontece em Ribeir\u00e3o Preto e regi\u00e3o. Siga os perfis do\u00a0<strong>acidade on<\/strong>\u00a0no\u00a0<a href=\"https:\/\/www.instagram.com\/acidadeonribeirao\" target=\"_blank\" rel=\"noreferrer noopener\">Instagram\u00a0<\/a>e no\u00a0<a href=\"https:\/\/www.facebook.com\/acidadeonribeirao\" target=\"_blank\" rel=\"noreferrer noopener\">Facebook.<\/a><\/p>\n<p>Receba not\u00edcias do\u00a0<strong>acidade on<\/strong>\u00a0no WhatsApp.\u00a0<a href=\"https:\/\/chat.whatsapp.com\/Bnv2w66ZT4VDyZW3oiZ69n\" target=\"_blank\" rel=\"noreferrer noopener\">Para entrar no grupo, basta clicar aqui.<\/a><\/p>\n<p>Fa\u00e7a uma den\u00fancia ou sugira uma reportagem sobre a Ribeir\u00e3o Preto e regi\u00e3o pelo WhatsApp: (16) 99117 7802.<\/p>\n<p>LEIA MAIS<\/p>\n<p><a href=\"https:\/\/www.tudoep.com\/tudo-receitas\/NOT,0,0,1868564,pao-de-queijo-vegano-ana-maria-braga-ensina-deliciosa-opcao.aspx\" target=\"_blank\" rel=\"noreferrer noopener\">P\u00e3o de queijo vegano: Ana Maria Braga ensina deliciosa op\u00e7\u00e3o<\/a><\/p>\n<p><!-- AI CONTENT END 1 -->\n<\/div>\n<p><script async src=\"\/\/www.instagram.com\/embed.js\"><\/script><br \/>\n<br \/><br \/>\n<br \/><a href=\"https:\/\/www.acidadeon.com\/ribeiraopreto\/cotidiano\/aposentado-perde-r-31-mil-em-golpe-de-falsa-de-protecao-bancaria-na-regiao-de-ribeirao\/\">Source link <\/a><\/p>\n<!-- CONTENT END 1 -->\n","protected":false},"excerpt":{"rendered":"<p>Um aposentado, de 60 anos, de Batatais, cidade na regi\u00e3o de Ribeir\u00e3o Preto, foi v\u00edtima de um golpe, na \u00faltima quarta-feira (6), e perdeu R$&#8230;<\/p>\n","protected":false},"author":1,"featured_media":12988,"comment_status":"open","ping_status":"open","sticky":false,"template":"","format":"standard","meta":{"advanced_seo_description":"","jetpack_seo_html_title":"","jetpack_seo_noindex":false,"jetpack_post_was_ever_published":false,"_jetpack_newsletter_access":"","_jetpack_dont_email_post_to_subs":false,"_jetpack_newsletter_tier_id":0,"_jetpack_memberships_contains_paywalled_content":false,"_jetpack_memberships_contains_paid_content":false,"footnotes":"","jetpack_publicize_message":"","jetpack_publicize_feature_enabled":true,"jetpack_social_post_already_shared":true,"jetpack_social_options":{"image_generator_settings":{"template":"highway","default_image_id":0,"font":"","enabled":false},"version":2}},"categories":[11],"tags":[1554,1797,1795,25,402,312,1796,277,26],"class_list":["post-12987","post","type-post","status-publish","format-standard","has-post-thumbnail","hentry","category-noticias-de-ribeirao-preto-sp-e-regiao-ismael-colosi","tag-aposentado","tag-bancaria","tag-falsa","tag-golpe","tag-mil","tag-perde","tag-protecao","tag-regiao","tag-ribeirao"],"jetpack_publicize_connections":[],"jetpack_featured_media_url":"https:\/\/i0.wp.com\/noticiasribeiraopreto.com.br\/wp-content\/uploads\/2023\/12\/smartphone-g8bcf1c620_1280.jpg?fit=1280%2C853&ssl=1","jetpack-related-posts":[{"id":49162,"url":"https:\/\/noticiasribeiraopreto.com.br\/index.php\/2024\/05\/08\/idoso-cai-em-golpe-e-perde-r-240-mil-na-regiao-de-ribeirao-preto\/","url_meta":{"origin":12987,"position":0},"title":"Idoso cai em golpe e perde R$ 240 mil na regi\u00e3o de Ribeir\u00e3o Preto","author":"noticiasribeiraopreto.com.br","date":"8 de May de 2024","format":false,"excerpt":"Um idoso, de 77 anos, caiu no golpe do bilhete premiado em Jaboticabal, cidade na regi\u00e3o de Ribeir\u00e3o Preto, e perdeu R$ 240 mil. O caso aconteceu nesta ter\u00e7a-feira (7), no Centro da cidade. De acordo com a Pol\u00edcia Civil, a v\u00edtima foi abordada por um homem que estava com\u2026","rel":"","context":"In &quot;Not\u00edcias de Ribeir\u00e3o Preto-SP e Regi\u00e3o&quot;","block_context":{"text":"Not\u00edcias de Ribeir\u00e3o Preto-SP e Regi\u00e3o","link":"https:\/\/noticiasribeiraopreto.com.br\/index.php\/category\/noticias-de-ribeirao-preto-sp-e-regiao-ismael-colosi\/"},"img":{"alt_text":"","src":"https:\/\/i0.wp.com\/noticiasribeiraopreto.com.br\/wp-content\/uploads\/2024\/05\/Copia-de-Copia-de-TAMANHO-EXATO-PARA-FOTOS-NO-SISTEMA-NOVO-32_2024-05-09_00-30-47_png_2024-05-09_00-30-47.webp.webp?fit=1200%2C675&ssl=1&resize=350%2C200","width":350,"height":200,"srcset":"https:\/\/i0.wp.com\/noticiasribeiraopreto.com.br\/wp-content\/uploads\/2024\/05\/Copia-de-Copia-de-TAMANHO-EXATO-PARA-FOTOS-NO-SISTEMA-NOVO-32_2024-05-09_00-30-47_png_2024-05-09_00-30-47.webp.webp?fit=1200%2C675&ssl=1&resize=350%2C200 1x, https:\/\/i0.wp.com\/noticiasribeiraopreto.com.br\/wp-content\/uploads\/2024\/05\/Copia-de-Copia-de-TAMANHO-EXATO-PARA-FOTOS-NO-SISTEMA-NOVO-32_2024-05-09_00-30-47_png_2024-05-09_00-30-47.webp.webp?fit=1200%2C675&ssl=1&resize=525%2C300 1.5x, https:\/\/i0.wp.com\/noticiasribeiraopreto.com.br\/wp-content\/uploads\/2024\/05\/Copia-de-Copia-de-TAMANHO-EXATO-PARA-FOTOS-NO-SISTEMA-NOVO-32_2024-05-09_00-30-47_png_2024-05-09_00-30-47.webp.webp?fit=1200%2C675&ssl=1&resize=700%2C400 2x, https:\/\/i0.wp.com\/noticiasribeiraopreto.com.br\/wp-content\/uploads\/2024\/05\/Copia-de-Copia-de-TAMANHO-EXATO-PARA-FOTOS-NO-SISTEMA-NOVO-32_2024-05-09_00-30-47_png_2024-05-09_00-30-47.webp.webp?fit=1200%2C675&ssl=1&resize=1050%2C600 3x"},"classes":[]},{"id":49487,"url":"https:\/\/noticiasribeiraopreto.com.br\/index.php\/2024\/05\/10\/diretora-de-escola-cai-em-golpe-do-chupa-cabra-e-perde-r-900-na-regiao-de-ribeirao\/","url_meta":{"origin":12987,"position":1},"title":"Diretora de escola cai em golpe do &#8216;chupa-cabra&#8217; e perde R$ 900 na regi\u00e3o de Ribeir\u00e3o","author":"noticiasribeiraopreto.com.br","date":"10 de May de 2024","format":false,"excerpt":"Uma diretora de escola, de 55 anos, perdeu R$ 900 ap\u00f3s cair em um golpe conhecido como \u201cchupa-cabra\u201d e ter o cart\u00e3o clonado, na \u00faltima quarta-feira (8), em uma loja de conveni\u00eancia no Centro de Franca, cidade a 89 quil\u00f4metros de Ribeir\u00e3o Preto. De acordo com a v\u00edtima, que n\u00e3o\u2026","rel":"","context":"In &quot;Not\u00edcias de Ribeir\u00e3o Preto-SP e Regi\u00e3o&quot;","block_context":{"text":"Not\u00edcias de Ribeir\u00e3o Preto-SP e Regi\u00e3o","link":"https:\/\/noticiasribeiraopreto.com.br\/index.php\/category\/noticias-de-ribeirao-preto-sp-e-regiao-ismael-colosi\/"},"img":{"alt_text":"","src":"https:\/\/i0.wp.com\/noticiasribeiraopreto.com.br\/wp-content\/uploads\/2024\/05\/Copia-de-Copia-de-TAMANHO-EXATO-PARA-FOTOS-NO-SISTEMA-NOVO-35_2024-05-10_23-08-36_png_2024-05-10_23-08-36.webp.webp?fit=1200%2C675&ssl=1&resize=350%2C200","width":350,"height":200,"srcset":"https:\/\/i0.wp.com\/noticiasribeiraopreto.com.br\/wp-content\/uploads\/2024\/05\/Copia-de-Copia-de-TAMANHO-EXATO-PARA-FOTOS-NO-SISTEMA-NOVO-35_2024-05-10_23-08-36_png_2024-05-10_23-08-36.webp.webp?fit=1200%2C675&ssl=1&resize=350%2C200 1x, https:\/\/i0.wp.com\/noticiasribeiraopreto.com.br\/wp-content\/uploads\/2024\/05\/Copia-de-Copia-de-TAMANHO-EXATO-PARA-FOTOS-NO-SISTEMA-NOVO-35_2024-05-10_23-08-36_png_2024-05-10_23-08-36.webp.webp?fit=1200%2C675&ssl=1&resize=525%2C300 1.5x, https:\/\/i0.wp.com\/noticiasribeiraopreto.com.br\/wp-content\/uploads\/2024\/05\/Copia-de-Copia-de-TAMANHO-EXATO-PARA-FOTOS-NO-SISTEMA-NOVO-35_2024-05-10_23-08-36_png_2024-05-10_23-08-36.webp.webp?fit=1200%2C675&ssl=1&resize=700%2C400 2x, https:\/\/i0.wp.com\/noticiasribeiraopreto.com.br\/wp-content\/uploads\/2024\/05\/Copia-de-Copia-de-TAMANHO-EXATO-PARA-FOTOS-NO-SISTEMA-NOVO-35_2024-05-10_23-08-36_png_2024-05-10_23-08-36.webp.webp?fit=1200%2C675&ssl=1&resize=1050%2C600 3x"},"classes":[]},{"id":63765,"url":"https:\/\/noticiasribeiraopreto.com.br\/index.php\/2025\/02\/20\/mulher-perde-r-8-mil-em-golpe-de-flores-de-aniversario-em-ribeirao-preto-2\/","url_meta":{"origin":12987,"position":2},"title":"Mulher perde R$ 8 mil em golpe de flores de anivers\u00e1rio em Ribeir\u00e3o Preto","author":"noticiasribeiraopreto.com.br","date":"20 de February de 2025","format":false,"excerpt":"Uma mulher de Ribeir\u00e3o Preto foi v\u00edtima de um golpe no dia do seu anivers\u00e1rio, na quinta-feira (13), e perdeu R$ 8 mil ap\u00f3s ser convencida por um entregador de flores a pagar uma taxa de R$ 5,90 para receber um presente. A correspondente banc\u00e1ria, Deucimare Catarina, conta que tudo\u2026","rel":"","context":"In &quot;Not\u00edcias de Ribeir\u00e3o Preto-SP e Regi\u00e3o&quot;","block_context":{"text":"Not\u00edcias de Ribeir\u00e3o Preto-SP e Regi\u00e3o","link":"https:\/\/noticiasribeiraopreto.com.br\/index.php\/category\/noticias-de-ribeirao-preto-sp-e-regiao-ismael-colosi\/"},"img":{"alt_text":"","src":"https:\/\/i0.wp.com\/noticiasribeiraopreto.com.br\/wp-content\/uploads\/2025\/02\/Copia-de-Copia-de-Copia-de-TAMANHO-EXATO-PARA-FOTOS-NO-SISTEMA-NOVO-2025-02-20T165748.287_2025-02-20_19-58-02_png_2025-02-20_19-58-02.webp.webp?fit=1200%2C675&ssl=1&resize=350%2C200","width":350,"height":200,"srcset":"https:\/\/i0.wp.com\/noticiasribeiraopreto.com.br\/wp-content\/uploads\/2025\/02\/Copia-de-Copia-de-Copia-de-TAMANHO-EXATO-PARA-FOTOS-NO-SISTEMA-NOVO-2025-02-20T165748.287_2025-02-20_19-58-02_png_2025-02-20_19-58-02.webp.webp?fit=1200%2C675&ssl=1&resize=350%2C200 1x, https:\/\/i0.wp.com\/noticiasribeiraopreto.com.br\/wp-content\/uploads\/2025\/02\/Copia-de-Copia-de-Copia-de-TAMANHO-EXATO-PARA-FOTOS-NO-SISTEMA-NOVO-2025-02-20T165748.287_2025-02-20_19-58-02_png_2025-02-20_19-58-02.webp.webp?fit=1200%2C675&ssl=1&resize=525%2C300 1.5x, https:\/\/i0.wp.com\/noticiasribeiraopreto.com.br\/wp-content\/uploads\/2025\/02\/Copia-de-Copia-de-Copia-de-TAMANHO-EXATO-PARA-FOTOS-NO-SISTEMA-NOVO-2025-02-20T165748.287_2025-02-20_19-58-02_png_2025-02-20_19-58-02.webp.webp?fit=1200%2C675&ssl=1&resize=700%2C400 2x, https:\/\/i0.wp.com\/noticiasribeiraopreto.com.br\/wp-content\/uploads\/2025\/02\/Copia-de-Copia-de-Copia-de-TAMANHO-EXATO-PARA-FOTOS-NO-SISTEMA-NOVO-2025-02-20T165748.287_2025-02-20_19-58-02_png_2025-02-20_19-58-02.webp.webp?fit=1200%2C675&ssl=1&resize=1050%2C600 3x"},"classes":[]},{"id":76437,"url":"https:\/\/noticiasribeiraopreto.com.br\/index.php\/2025\/08\/28\/morador-de-ribeirao-preto-e-vitima-do-golpe-da-cacamba-e-perde-r-32-mil\/","url_meta":{"origin":12987,"position":3},"title":"Morador de Ribeir\u00e3o Preto \u00e9 v\u00edtima do &#8216;golpe da ca\u00e7amba&#8217; e perde R$ 32 mil","author":"noticiasribeiraopreto.com.br","date":"28 de August de 2025","format":false,"excerpt":"Um morador de Ribeir\u00e3o Preto, teve quase R$ 32 mil roubados de sua conta em um golpe virtual conhecido como \u201cgolpe da ca\u00e7amba\u201d. O crime aconteceu durante a contrata\u00e7\u00e3o de uma ca\u00e7amba para a reforma de seu apartamento. O vendedor Rodrigo Beltramini contou que realizou uma busca na internet e\u2026","rel":"","context":"In &quot;Not\u00edcias de Ribeir\u00e3o Preto-SP e Regi\u00e3o&quot;","block_context":{"text":"Not\u00edcias de Ribeir\u00e3o Preto-SP e Regi\u00e3o","link":"https:\/\/noticiasribeiraopreto.com.br\/index.php\/category\/noticias-de-ribeirao-preto-sp-e-regiao-ismael-colosi\/"},"img":{"alt_text":"","src":"https:\/\/i0.wp.com\/noticiasribeiraopreto.com.br\/wp-content\/uploads\/2025\/08\/Copia-de-Copia-de-Copia-de-TAMANHO-EXATO-PARA-FOTOS-NO-SISTEMA-NOVO-2025-08-28T181508.675_2025-08-28_21-15-55.webp.webp?fit=1200%2C675&ssl=1&resize=350%2C200","width":350,"height":200,"srcset":"https:\/\/i0.wp.com\/noticiasribeiraopreto.com.br\/wp-content\/uploads\/2025\/08\/Copia-de-Copia-de-Copia-de-TAMANHO-EXATO-PARA-FOTOS-NO-SISTEMA-NOVO-2025-08-28T181508.675_2025-08-28_21-15-55.webp.webp?fit=1200%2C675&ssl=1&resize=350%2C200 1x, https:\/\/i0.wp.com\/noticiasribeiraopreto.com.br\/wp-content\/uploads\/2025\/08\/Copia-de-Copia-de-Copia-de-TAMANHO-EXATO-PARA-FOTOS-NO-SISTEMA-NOVO-2025-08-28T181508.675_2025-08-28_21-15-55.webp.webp?fit=1200%2C675&ssl=1&resize=525%2C300 1.5x, https:\/\/i0.wp.com\/noticiasribeiraopreto.com.br\/wp-content\/uploads\/2025\/08\/Copia-de-Copia-de-Copia-de-TAMANHO-EXATO-PARA-FOTOS-NO-SISTEMA-NOVO-2025-08-28T181508.675_2025-08-28_21-15-55.webp.webp?fit=1200%2C675&ssl=1&resize=700%2C400 2x, https:\/\/i0.wp.com\/noticiasribeiraopreto.com.br\/wp-content\/uploads\/2025\/08\/Copia-de-Copia-de-Copia-de-TAMANHO-EXATO-PARA-FOTOS-NO-SISTEMA-NOVO-2025-08-28T181508.675_2025-08-28_21-15-55.webp.webp?fit=1200%2C675&ssl=1&resize=1050%2C600 3x"},"classes":[]},{"id":3840,"url":"https:\/\/noticiasribeiraopreto.com.br\/index.php\/2023\/11\/20\/morador-de-ribeirao-preto-perde-r-2-mil-em-golpe-do-falso-emprego\/","url_meta":{"origin":12987,"position":4},"title":"Morador de Ribeir\u00e3o Preto perde R$ 2 mil em golpe do falso emprego","author":"noticiasribeiraopreto.com.br","date":"20 de November de 2023","format":false,"excerpt":"Um morador de Ribeir\u00e3o Preto foi v\u00edtima do golpe do falso emprego, aplicado nas redes sociais. Neste crime, os golpistas pedem que a v\u00edtima, interessada pela vaga, fa\u00e7a o dep\u00f3sito de uma quantia que seria a cau\u00e7\u00e3o do aluguel de um carro que seria oferecido pela empresa. A v\u00edtima de\u2026","rel":"","context":"In &quot;Not\u00edcias de Ribeir\u00e3o Preto-SP e Regi\u00e3o&quot;","block_context":{"text":"Not\u00edcias de Ribeir\u00e3o Preto-SP e Regi\u00e3o","link":"https:\/\/noticiasribeiraopreto.com.br\/index.php\/category\/noticias-de-ribeirao-preto-sp-e-regiao-ismael-colosi\/"},"img":{"alt_text":"","src":"https:\/\/i0.wp.com\/noticiasribeiraopreto.com.br\/wp-content\/uploads\/2023\/11\/pexels-sora-shimazaki-5935794.jpg?fit=1200%2C800&ssl=1&resize=350%2C200","width":350,"height":200,"srcset":"https:\/\/i0.wp.com\/noticiasribeiraopreto.com.br\/wp-content\/uploads\/2023\/11\/pexels-sora-shimazaki-5935794.jpg?fit=1200%2C800&ssl=1&resize=350%2C200 1x, https:\/\/i0.wp.com\/noticiasribeiraopreto.com.br\/wp-content\/uploads\/2023\/11\/pexels-sora-shimazaki-5935794.jpg?fit=1200%2C800&ssl=1&resize=525%2C300 1.5x, https:\/\/i0.wp.com\/noticiasribeiraopreto.com.br\/wp-content\/uploads\/2023\/11\/pexels-sora-shimazaki-5935794.jpg?fit=1200%2C800&ssl=1&resize=700%2C400 2x, https:\/\/i0.wp.com\/noticiasribeiraopreto.com.br\/wp-content\/uploads\/2023\/11\/pexels-sora-shimazaki-5935794.jpg?fit=1200%2C800&ssl=1&resize=1050%2C600 3x"},"classes":[]},{"id":80909,"url":"https:\/\/noticiasribeiraopreto.com.br\/index.php\/2025\/12\/18\/idoso-cai-em-golpe-do-falso-sequestro-e-perde-dinheiro-da-aposentadoria-em-ribeirao-preto\/","url_meta":{"origin":12987,"position":5},"title":"Idoso cai em golpe do falso sequestro e perde dinheiro da aposentadoria em Ribeir\u00e3o Preto","author":"noticiasribeiraopreto.com.br","date":"18 de December de 2025","format":false,"excerpt":"Um homem de 91 anos perdeu R$ 1 mil na \u00faltima segunda-feira (15), ap\u00f3s cair no golpe do falso sequestro, na Vila Virg\u00ednia, zona Oeste de Ribeir\u00e3o Preto. \u00a0Segundo o boletim de ocorr\u00eancia (BO), a v\u00edtima recebeu uma liga\u00e7\u00e3o com voz semelhante a de seu filho, que disse ter sido\u2026","rel":"","context":"In &quot;Not\u00edcias de Ribeir\u00e3o Preto-SP e Regi\u00e3o&quot;","block_context":{"text":"Not\u00edcias de Ribeir\u00e3o Preto-SP e Regi\u00e3o","link":"https:\/\/noticiasribeiraopreto.com.br\/index.php\/category\/noticias-de-ribeirao-preto-sp-e-regiao-ismael-colosi\/"},"img":{"alt_text":"","src":"https:\/\/i0.wp.com\/noticiasribeiraopreto.com.br\/wp-content\/uploads\/2025\/12\/WhatsApp-Image-2025-12-17-at-15.52.00_2025-12-17_18-52-40.webp.webp?fit=855%2C469&ssl=1&resize=350%2C200","width":350,"height":200,"srcset":"https:\/\/i0.wp.com\/noticiasribeiraopreto.com.br\/wp-content\/uploads\/2025\/12\/WhatsApp-Image-2025-12-17-at-15.52.00_2025-12-17_18-52-40.webp.webp?fit=855%2C469&ssl=1&resize=350%2C200 1x, https:\/\/i0.wp.com\/noticiasribeiraopreto.com.br\/wp-content\/uploads\/2025\/12\/WhatsApp-Image-2025-12-17-at-15.52.00_2025-12-17_18-52-40.webp.webp?fit=855%2C469&ssl=1&resize=525%2C300 1.5x, https:\/\/i0.wp.com\/noticiasribeiraopreto.com.br\/wp-content\/uploads\/2025\/12\/WhatsApp-Image-2025-12-17-at-15.52.00_2025-12-17_18-52-40.webp.webp?fit=855%2C469&ssl=1&resize=700%2C400 2x"},"classes":[]}],"jetpack_sharing_enabled":true,"jetpack_shortlink":"https:\/\/wp.me\/peQAOb-3nt","_links":{"self":[{"href":"https:\/\/noticiasribeiraopreto.com.br\/index.php\/wp-json\/wp\/v2\/posts\/12987","targetHints":{"allow":["GET"]}}],"collection":[{"href":"https:\/\/noticiasribeiraopreto.com.br\/index.php\/wp-json\/wp\/v2\/posts"}],"about":[{"href":"https:\/\/noticiasribeiraopreto.com.br\/index.php\/wp-json\/wp\/v2\/types\/post"}],"author":[{"embeddable":true,"href":"https:\/\/noticiasribeiraopreto.com.br\/index.php\/wp-json\/wp\/v2\/users\/1"}],"replies":[{"embeddable":true,"href":"https:\/\/noticiasribeiraopreto.com.br\/index.php\/wp-json\/wp\/v2\/comments?post=12987"}],"version-history":[{"count":0,"href":"https:\/\/noticiasribeiraopreto.com.br\/index.php\/wp-json\/wp\/v2\/posts\/12987\/revisions"}],"wp:featuredmedia":[{"embeddable":true,"href":"https:\/\/noticiasribeiraopreto.com.br\/index.php\/wp-json\/wp\/v2\/media\/12988"}],"wp:attachment":[{"href":"https:\/\/noticiasribeiraopreto.com.br\/index.php\/wp-json\/wp\/v2\/media?parent=12987"}],"wp:term":[{"taxonomy":"category","embeddable":true,"href":"https:\/\/noticiasribeiraopreto.com.br\/index.php\/wp-json\/wp\/v2\/categories?post=12987"},{"taxonomy":"post_tag","embeddable":true,"href":"https:\/\/noticiasribeiraopreto.com.br\/index.php\/wp-json\/wp\/v2\/tags?post=12987"}],"curies":[{"name":"wp","href":"https:\/\/api.w.org\/{rel}","templated":true}]}}