{"id":12995,"date":"2023-12-08T22:47:49","date_gmt":"2023-12-09T01:47:49","guid":{"rendered":"https:\/\/noticiasribeiraopreto.com.br\/index.php\/2023\/12\/08\/veja-como-usar-enquete-na-legenda-das-fotos-no-feed-do-instagram\/"},"modified":"2023-12-08T22:47:49","modified_gmt":"2023-12-09T01:47:49","slug":"veja-como-usar-enquete-na-legenda-das-fotos-no-feed-do-instagram","status":"publish","type":"post","link":"https:\/\/noticiasribeiraopreto.com.br\/index.php\/2023\/12\/08\/veja-como-usar-enquete-na-legenda-das-fotos-no-feed-do-instagram\/","title":{"rendered":"Veja como usar enquete na legenda das fotos no feed do Instagram"},"content":{"rendered":"<div class='code-block code-block-1' style='margin: 8px 0 8px auto; text-align: right; display: block; clear: both;'>\n<p><a href=\"https:\/\/wa.link\/vpicfd\"><img data-recalc-dims=\"1\" class=\"wp-image-4922\" style=\"aspect-ratio: 2.0253164556962027; width: 561px; height: auto;\" src=\"https:\/\/i0.wp.com\/ismaelcolosi.com.br\/wp-content\/uploads\/2023\/11\/grupo-de-empregos-whatsapp-e-facebook-ismael-colosi-vagas.jpg?ssl=1\" alt=\"\" \/><\/a><\/p>\n<!-- \/wp:image -->\n<\/div>\n<p> <br \/>\n<\/p>\n<div>\n<p>Recentemente, o <a href=\"https:\/\/www.instagram.com\/\" target=\"_blank\" rel=\"noopener\">Instagram<\/a> liberou para alguns usu\u00e1rios a op\u00e7\u00e3o de <a href=\"https:\/\/catracalivre.com.br\/entretenimento\/truque-secreto-para-retirar-voto-de-uma-enquete-no-instagram\/\" target=\"_blank\" rel=\"noopener\">criar enquetes<\/a> na legenda de suas <a href=\"https:\/\/catracalivre.com.br\/entretenimento\/aprenda-a-tirar-o-visto-por-ultimo-do-instagram-com-o-passo-a-passo\/\" target=\"_blank\" rel=\"noopener\">postagens<\/a>. Anteriormente, a funcionalidade estava apenas dispon\u00edvel nos <a href=\"https:\/\/catracalivre.com.br\/entretenimento\/instagram-aprenda-a-marcar-alguem-nos-stories-depois-de-publicado\/\" target=\"_blank\" rel=\"noopener\">Stories<\/a> da rede social.<\/p>\n<p>A <a href=\"https:\/\/catracalivre.com.br\/entretenimento\/como-ver-publicacoes-apenas-de-quem-voce-segue-no-instagram\/\" target=\"_blank\" rel=\"noopener\">nova atualiza\u00e7\u00e3o<\/a> do aplicativo para Android e iOS (iPhone) vem trazer uma maior intera\u00e7\u00e3o entre seguidores e influenciadores, bem como entre empresas e consumidores.<\/p>\n<div id=\"attachment_2306669\" class=\"wp-caption alignnone\">\n<div class=\"d-flex justify-content-center\" data-attachment-id=\"2306669\">\n<div class=\"position-relative d-inline-block\"><img data-recalc-dims=\"1\" data-portal-copyright=\"iStock\/grinvalds\" fetchpriority=\"high\" decoding=\"async\" class=\"size-full wp-image-2306669\" src=\"https:\/\/i0.wp.com\/catracalivre.com.br\/wp-content\/uploads\/2023\/10\/istock-1474993860.jpg?resize=1266%2C828&#038;ssl=1\" alt=\"Aprenda a colocar enquete nas publica\u00e7\u00f5es\" width=\"1266\" height=\"828\" srcset=\"https:\/\/catracalivre.com.br\/wp-content\/uploads\/2023\/10\/istock-1474993860.jpg 1266w, https:\/\/catracalivre.com.br\/wp-content\/uploads\/2023\/10\/istock-1474993860-450x294.jpg 450w, https:\/\/catracalivre.com.br\/wp-content\/uploads\/2023\/10\/istock-1474993860-768x502.jpg 768w\" sizes=\"(max-width: 1266px) 100vw, 1266px\"\/><\/p>\n<p>Cr\u00e9ditos: iStock\/grinvalds<\/p>\n<\/div>\n<\/div>\n<p><span class=\"post-imagem__legenda\">Aprenda a colocar enquete nas publica\u00e7\u00f5es<\/span><\/p>\n<\/div>\n<h2>Como funciona o novo recurso do Instagram?<\/h2>\n<p>Com essa nova funcionalidade, ao elaborar a legenda da postagem, os usu\u00e1rios podem agora escolher incluir uma enquete.<\/p>\n<p>A partir da\u00ed, \u00e9 poss\u00edvel adicionar mais de duas op\u00e7\u00f5es de resposta. No entanto, uma vez publicada a enquete, n\u00e3o \u00e9 poss\u00edvel fazer edi\u00e7\u00f5es na mesma.<\/p>\n<p>A enquete fica dispon\u00edvel logo abaixo do texto da legenda, e todos que visualizarem a publica\u00e7\u00e3o poder\u00e3o deixar um voto.<\/p>\n<h2>Passo a passo para criar uma enquete na legenda de um post<\/h2>\n<p>O processo \u00e9 bastante simples, basta seguir as instru\u00e7\u00f5es:<\/p>\n<ul>\n<li>Primeiro, clique no \u00edcone \u201c+\u201d para postar uma imagem;<\/li>\n<li>Selecione a foto desejada e clique em \u201cAvan\u00e7ar\u201d;<\/li>\n<li>Neste momento, voc\u00ea tem a op\u00e7\u00e3o de adicionar filtros \u00e0 sua publica\u00e7\u00e3o;<\/li>\n<li>Ap\u00f3s sua sele\u00e7\u00e3o, clique em \u201cAvan\u00e7ar\u201d novamente;<\/li>\n<li>Agora, voc\u00ea deve clicar no campo que indica para escrever uma legenda ou adicionar a enquete;<\/li>\n<li>Clicando em \u201cEnquete\u201d, digite a pergunta que voc\u00ea deseja apresentar e insira as op\u00e7\u00f5es de resposta;<\/li>\n<li>Depois \u00e9 s\u00f3 apertar \u201cOK\u201d e sua enquete est\u00e1 pronta para ser compartilhada junto com a publica\u00e7\u00e3o da sua foto.<\/li>\n<\/ul>\n<div id=\"attachment_2326962\" class=\"wp-caption alignnone\">\n<div class=\"d-flex justify-content-center\" data-attachment-id=\"2326962\">\n<div class=\"position-relative d-inline-block\"><img data-recalc-dims=\"1\" loading=\"lazy\" data-portal-copyright=\"Captura de tela do Instagram\" decoding=\"async\" class=\"size-full wp-image-2326962\" src=\"https:\/\/i0.wp.com\/catracalivre.com.br\/wp-content\/uploads\/2023\/12\/img-20231208-wa0098-scaled.jpg?resize=2560%2C1340&#038;ssl=1\" alt=\"Acompanhe o passo a passo nas capturas de tela\" width=\"2560\" height=\"1340\" srcset=\"https:\/\/catracalivre.com.br\/wp-content\/uploads\/2023\/12\/img-20231208-wa0098-scaled.jpg 2560w, https:\/\/catracalivre.com.br\/wp-content\/uploads\/2023\/12\/img-20231208-wa0098-450x235.jpg 450w, https:\/\/catracalivre.com.br\/wp-content\/uploads\/2023\/12\/img-20231208-wa0098-768x402.jpg 768w\" sizes=\"auto, (max-width: 2560px) 100vw, 2560px\"\/><\/p>\n<p>Cr\u00e9ditos: Captura de tela do Instagram<\/p>\n<\/div>\n<\/div>\n<p><span class=\"post-imagem__legenda\">Acompanhe o passo a passo nas capturas de tela<\/span><\/p>\n<\/div>\n<p>Para acompanhar os resultados da enquete, basta clicar em \u201cVotar\u201d e em seguida \u201cVer resultados\u201d. Isso permitir\u00e1 que voc\u00ea veja de forma organizada as respostas \u00e0 sua enquete.<\/p>\n<p>O Instagram continua a ser uma plataforma importante para a intera\u00e7\u00e3o online. A adi\u00e7\u00e3o dessas enquetes na legenda de fotos adiciona uma nova forma de intera\u00e7\u00e3o, ajudando a manter a rede social fresca e interessante.<\/p>\n<div id=\"attachment_2326961\" class=\"wp-caption alignnone\">\n<div class=\"d-flex justify-content-center\" data-attachment-id=\"2326961\">\n<div class=\"position-relative d-inline-block\"><img data-recalc-dims=\"1\" loading=\"lazy\" data-portal-copyright=\"Captura de tela do Instagram\" decoding=\"async\" class=\"size-full wp-image-2326961\" src=\"https:\/\/i0.wp.com\/catracalivre.com.br\/wp-content\/uploads\/2023\/12\/img-20231208-wa0096-scaled.jpg?resize=2560%2C1528&#038;ssl=1\" alt=\"O recurso j\u00e1 est\u00e1 dispon\u00edvel para todos os usu\u00e1rios\" width=\"2560\" height=\"1528\" srcset=\"https:\/\/catracalivre.com.br\/wp-content\/uploads\/2023\/12\/img-20231208-wa0096-scaled.jpg 2560w, https:\/\/catracalivre.com.br\/wp-content\/uploads\/2023\/12\/img-20231208-wa0096-450x269.jpg 450w, https:\/\/catracalivre.com.br\/wp-content\/uploads\/2023\/12\/img-20231208-wa0096-768x458.jpg 768w\" sizes=\"auto, (max-width: 2560px) 100vw, 2560px\"\/><\/p>\n<p>Cr\u00e9ditos: Captura de tela do Instagram<\/p>\n<\/div>\n<\/div>\n<p><span class=\"post-imagem__legenda\">O recurso j\u00e1 est\u00e1 dispon\u00edvel para todos os usu\u00e1rios<\/span><\/p>\n<\/div>\n<\/div>\n<p><script>\n\t\t! function(f, b, e, v, n, t, s) {\n\t\t\tif (f.fbq) return;\n\t\t\tn = f.fbq = function() {\n\t\t\t\tn.callMethod ?\n\t\t\t\t\tn.callMethod.apply(n, arguments) : n.queue.push(arguments)\n\t\t\t};\n\t\t\tif (!f._fbq) f._fbq = n;\n\t\t\tn.push = n;\n\t\t\tn.loaded = !0;\n\t\t\tn.version = '2.0';\n\t\t\tn.queue = [];\n\t\t\tt = b.createElement(e);\n\t\t\tt.async = !0;\n\t\t\tt.src = v;\n\t\t\ts = b.getElementsByTagName(e)[0];\n\t\t\ts.parentNode.insertBefore(t, s)\n\t\t}(window, document, 'script',\n\t\t\t'https:\/\/connect.facebook.net\/en_US\/fbevents.js');\n\t\tfbq('init', '338315473262380');\n\t\tfbq('track', 'PageView');\n\t<\/script><script async src=\"\/\/www.instagram.com\/embed.js\"><\/script><br \/>\n<br \/><br \/>\n<br \/><a href=\"https:\/\/catracalivre.com.br\/entretenimento\/veja-como-usar-enquete-na-legenda-das-fotos-no-feed-do-instagram\/\">Source link <\/a><\/p>\n<!-- CONTENT END 1 -->\n","protected":false},"excerpt":{"rendered":"<p>Recentemente, o Instagram liberou para alguns usu\u00e1rios a op\u00e7\u00e3o de criar enquetes na legenda de suas postagens. Anteriormente, a funcionalidade estava apenas dispon\u00edvel nos Stories&#8230;<\/p>\n","protected":false},"author":1,"featured_media":12996,"comment_status":"open","ping_status":"open","sticky":false,"template":"","format":"standard","meta":{"advanced_seo_description":"","jetpack_seo_html_title":"","jetpack_seo_noindex":false,"jetpack_post_was_ever_published":false,"_jetpack_newsletter_access":"","_jetpack_dont_email_post_to_subs":false,"_jetpack_newsletter_tier_id":0,"_jetpack_memberships_contains_paywalled_content":false,"_jetpack_memberships_contains_paid_content":false,"footnotes":"","jetpack_publicize_message":"","jetpack_publicize_feature_enabled":true,"jetpack_social_post_already_shared":true,"jetpack_social_options":{"image_generator_settings":{"template":"highway","default_image_id":0,"font":"","enabled":false},"version":2}},"categories":[19],"tags":[],"class_list":["post-12995","post","type-post","status-publish","format-standard","has-post-thumbnail","hentry","category-variedades"],"jetpack_publicize_connections":[],"jetpack_featured_media_url":"https:\/\/i0.wp.com\/noticiasribeiraopreto.com.br\/wp-content\/uploads\/2023\/12\/istock-1474993860.jpg?fit=1200%2C638&ssl=1","jetpack-related-posts":[{"id":13708,"url":"https:\/\/noticiasribeiraopreto.com.br\/index.php\/2023\/12\/11\/ative-este-botao-e-voce-tera-legendas-automaticas-em-videos-no-instagram\/","url_meta":{"origin":12995,"position":0},"title":"Ative este bot\u00e3o e voc\u00ea ter\u00e1 legendas autom\u00e1ticas em v\u00eddeos no Instagram","author":"noticiasribeiraopreto.com.br","date":"11 de December de 2023","format":false,"excerpt":"Cr\u00e9ditos: divulga\u00e7\u00e3o\/InstagramAprenda a adicionar legendas autom\u00e1ticas em v\u00eddeos no Instagram A inclus\u00e3o digital \u00e9 um assunto primordial. Tendo em vista essa necessidade, o Instagram, uma das redes sociais mais populares da atualidade, tem um recurso para tornar seu conte\u00fado mais acess\u00edvel para os usu\u00e1rios: as legendas autom\u00e1ticas nos Reels. A\u2026","rel":"","context":"In &quot;Variedades&quot;","block_context":{"text":"Variedades","link":"https:\/\/noticiasribeiraopreto.com.br\/index.php\/category\/variedades\/"},"img":{"alt_text":"","src":"https:\/\/i0.wp.com\/noticiasribeiraopreto.com.br\/wp-content\/uploads\/2023\/12\/legendas-insta.jpeg?fit=1200%2C638&ssl=1&resize=350%2C200","width":350,"height":200,"srcset":"https:\/\/i0.wp.com\/noticiasribeiraopreto.com.br\/wp-content\/uploads\/2023\/12\/legendas-insta.jpeg?fit=1200%2C638&ssl=1&resize=350%2C200 1x, https:\/\/i0.wp.com\/noticiasribeiraopreto.com.br\/wp-content\/uploads\/2023\/12\/legendas-insta.jpeg?fit=1200%2C638&ssl=1&resize=525%2C300 1.5x, https:\/\/i0.wp.com\/noticiasribeiraopreto.com.br\/wp-content\/uploads\/2023\/12\/legendas-insta.jpeg?fit=1200%2C638&ssl=1&resize=700%2C400 2x, https:\/\/i0.wp.com\/noticiasribeiraopreto.com.br\/wp-content\/uploads\/2023\/12\/legendas-insta.jpeg?fit=1200%2C638&ssl=1&resize=1050%2C600 3x"},"classes":[]},{"id":26427,"url":"https:\/\/noticiasribeiraopreto.com.br\/index.php\/2024\/01\/10\/enquete-uol-aponta-favorito-entre-maycon-giovanna-e-yasmim-brunet-para-continuar-no-reality-show\/","url_meta":{"origin":12995,"position":1},"title":"Enquete UOL aponta favorito entre Maycon, Giovanna e Yasmim Brunet para continuar no reality show","author":"noticiasribeiraopreto.com.br","date":"10 de January de 2024","format":false,"excerpt":"Na noite desta \u00faltima segunda-feira (8), aconteceu a estreia da vig\u00e9sima quarta edi\u00e7\u00e3o do Big Brother Brasil e se tornou um dos assuntos mais comentados nas redes sociais.Em menos de 24 horas de exibi\u00e7\u00e3o o reality show da TV Globo j\u00e1 movimentou a casa mais vigiada do Brasil e deixou\u2026","rel":"","context":"In &quot;Blog&quot;","block_context":{"text":"Blog","link":"https:\/\/noticiasribeiraopreto.com.br\/index.php\/category\/blog\/"},"img":{"alt_text":"","src":"https:\/\/i0.wp.com\/noticiasribeiraopreto.com.br\/wp-content\/uploads\/2024\/01\/postimg-659e03e3c96845721.jpg?fit=1200%2C628&ssl=1&resize=350%2C200","width":350,"height":200,"srcset":"https:\/\/i0.wp.com\/noticiasribeiraopreto.com.br\/wp-content\/uploads\/2024\/01\/postimg-659e03e3c96845721.jpg?fit=1200%2C628&ssl=1&resize=350%2C200 1x, https:\/\/i0.wp.com\/noticiasribeiraopreto.com.br\/wp-content\/uploads\/2024\/01\/postimg-659e03e3c96845721.jpg?fit=1200%2C628&ssl=1&resize=525%2C300 1.5x, https:\/\/i0.wp.com\/noticiasribeiraopreto.com.br\/wp-content\/uploads\/2024\/01\/postimg-659e03e3c96845721.jpg?fit=1200%2C628&ssl=1&resize=700%2C400 2x, https:\/\/i0.wp.com\/noticiasribeiraopreto.com.br\/wp-content\/uploads\/2024\/01\/postimg-659e03e3c96845721.jpg?fit=1200%2C628&ssl=1&resize=1050%2C600 3x"},"classes":[]},{"id":28152,"url":"https:\/\/noticiasribeiraopreto.com.br\/index.php\/2024\/01\/15\/enquete-uol-aponta-quem-entre-beatriz-davi-e-pizani-e-o-preferido-do-publico-para-ficar-no-reality-show\/","url_meta":{"origin":12995,"position":2},"title":"Enquete UOL aponta quem entre Beatriz, Davi e Pizani \u00e9 o preferido do p\u00fablico para ficar no reality show","author":"noticiasribeiraopreto.com.br","date":"15 de January de 2024","format":false,"excerpt":"A noite deste domingo (14), aconteceu a segunda elimina\u00e7\u00e3o da vig\u00e9sima quarta do Big Brother Brasil.Estavam na berlinda, Davi, Juninho e Thalyta que disputaram voto a voto a perman\u00eancia na casa mais vigiada do Brasil e foi a sister que precisou deixar o confinamento conforme a vontade do p\u00fablico.Ap\u00f3s anunciar\u2026","rel":"","context":"In &quot;Blog&quot;","block_context":{"text":"Blog","link":"https:\/\/noticiasribeiraopreto.com.br\/index.php\/category\/blog\/"},"img":{"alt_text":"","src":"https:\/\/i0.wp.com\/noticiasribeiraopreto.com.br\/wp-content\/uploads\/2024\/01\/postimg-65a4af765c9276129.jpg?fit=1200%2C628&ssl=1&resize=350%2C200","width":350,"height":200,"srcset":"https:\/\/i0.wp.com\/noticiasribeiraopreto.com.br\/wp-content\/uploads\/2024\/01\/postimg-65a4af765c9276129.jpg?fit=1200%2C628&ssl=1&resize=350%2C200 1x, https:\/\/i0.wp.com\/noticiasribeiraopreto.com.br\/wp-content\/uploads\/2024\/01\/postimg-65a4af765c9276129.jpg?fit=1200%2C628&ssl=1&resize=525%2C300 1.5x, https:\/\/i0.wp.com\/noticiasribeiraopreto.com.br\/wp-content\/uploads\/2024\/01\/postimg-65a4af765c9276129.jpg?fit=1200%2C628&ssl=1&resize=700%2C400 2x, https:\/\/i0.wp.com\/noticiasribeiraopreto.com.br\/wp-content\/uploads\/2024\/01\/postimg-65a4af765c9276129.jpg?fit=1200%2C628&ssl=1&resize=1050%2C600 3x"},"classes":[]},{"id":28630,"url":"https:\/\/noticiasribeiraopreto.com.br\/index.php\/2024\/01\/16\/enquete-uol-atualizada-apos-sincerao-expoe-participante-em-queda-na-popularidade-que-deve-sair-do-reality-show\/","url_meta":{"origin":12995,"position":3},"title":"Enquete UOL atualizada, ap\u00f3s \u2018Sincer\u00e3o\u2019, exp\u00f5e participante em queda na popularidade que deve sair do reality show","author":"noticiasribeiraopreto.com.br","date":"16 de January de 2024","format":false,"excerpt":"A vig\u00e9sima quarta edi\u00e7\u00e3o do Big Brother Brasil \u00e9 um inc\u00eandio de grandes propor\u00e7\u00f5es, o parquinho j\u00e1 foi completamente queimado na primeira semana do reality show global que estreou no \u00faltimo 8 de janeiro e j\u00e1 vai para a sua terceira elimina\u00e7\u00e3o que acontece na noite desta ter\u00e7a-feira (16).O BBB24,\u2026","rel":"","context":"In &quot;Blog&quot;","block_context":{"text":"Blog","link":"https:\/\/noticiasribeiraopreto.com.br\/index.php\/category\/blog\/"},"img":{"alt_text":"","src":"https:\/\/i0.wp.com\/noticiasribeiraopreto.com.br\/wp-content\/uploads\/2024\/01\/postimg-65a682a1070046861.jpg?fit=1200%2C628&ssl=1&resize=350%2C200","width":350,"height":200,"srcset":"https:\/\/i0.wp.com\/noticiasribeiraopreto.com.br\/wp-content\/uploads\/2024\/01\/postimg-65a682a1070046861.jpg?fit=1200%2C628&ssl=1&resize=350%2C200 1x, https:\/\/i0.wp.com\/noticiasribeiraopreto.com.br\/wp-content\/uploads\/2024\/01\/postimg-65a682a1070046861.jpg?fit=1200%2C628&ssl=1&resize=525%2C300 1.5x, https:\/\/i0.wp.com\/noticiasribeiraopreto.com.br\/wp-content\/uploads\/2024\/01\/postimg-65a682a1070046861.jpg?fit=1200%2C628&ssl=1&resize=700%2C400 2x, https:\/\/i0.wp.com\/noticiasribeiraopreto.com.br\/wp-content\/uploads\/2024\/01\/postimg-65a682a1070046861.jpg?fit=1200%2C628&ssl=1&resize=1050%2C600 3x"},"classes":[]},{"id":22429,"url":"https:\/\/noticiasribeiraopreto.com.br\/index.php\/2023\/12\/29\/mundo-inclusivo-saiba-como-criar-videos-narrados-e-legendados\/","url_meta":{"origin":12995,"position":4},"title":"Mundo inclusivo: saiba como criar v\u00eddeos narrados e legendados","author":"noticiasribeiraopreto.com.br","date":"29 de December de 2023","format":false,"excerpt":"Quanto mais acess\u00edvel forem os conte\u00fados, mais abrangente ser\u00e1 seu p\u00fablico. Essa \u00e9 uma das raz\u00f5es para criar v\u00eddeos narrados e legendados: incluir uma vasta gama de espectadores.V\u00eddeos narrados e legendados s\u00e3o ferramentas essenciais para garantir inclus\u00e3o digital e acessibilidade aos mais variados p\u00fablicos.\u00a0Pessoas possuem uma infinidade de particularidades. Algumas\u2026","rel":"","context":"In &quot;Not\u00edcias de Ribeir\u00e3o Preto-SP e Regi\u00e3o&quot;","block_context":{"text":"Not\u00edcias de Ribeir\u00e3o Preto-SP e Regi\u00e3o","link":"https:\/\/noticiasribeiraopreto.com.br\/index.php\/category\/noticias-de-ribeirao-preto-sp-e-regiao-ismael-colosi\/"},"img":{"alt_text":"","src":"https:\/\/i0.wp.com\/noticiasribeiraopreto.com.br\/wp-content\/uploads\/2023\/12\/1703893739_imagem1.jpg?fit=847%2C562&ssl=1&resize=350%2C200","width":350,"height":200,"srcset":"https:\/\/i0.wp.com\/noticiasribeiraopreto.com.br\/wp-content\/uploads\/2023\/12\/1703893739_imagem1.jpg?fit=847%2C562&ssl=1&resize=350%2C200 1x, https:\/\/i0.wp.com\/noticiasribeiraopreto.com.br\/wp-content\/uploads\/2023\/12\/1703893739_imagem1.jpg?fit=847%2C562&ssl=1&resize=525%2C300 1.5x, https:\/\/i0.wp.com\/noticiasribeiraopreto.com.br\/wp-content\/uploads\/2023\/12\/1703893739_imagem1.jpg?fit=847%2C562&ssl=1&resize=700%2C400 2x"},"classes":[]},{"id":39063,"url":"https:\/\/noticiasribeiraopreto.com.br\/index.php\/2024\/02\/23\/partido-novo-anuncia-pre-candidato-a-prefeito\/","url_meta":{"origin":12995,"position":5},"title":"Partido Novo anuncia pr\u00e9-candidato a prefeito","author":"noticiasribeiraopreto.com.br","date":"23 de February de 2024","format":false,"excerpt":"23 de fevereiro de 2024 | 9:0022 de fevereiro de 2024 | 19:21 0O Partido Novo de Ribeir\u00e3o Preto anunciou, nesta quinta-feira, 22 de fevereiro, o pr\u00e9-candidato da legenda para prefeito nas elei\u00e7\u00f5es municipais de 6 de outubro deste ano. Ser\u00e1 o empres\u00e1rio Marco Aur\u00e9lio Martins. Tr\u00eas postulantes se inscreveram\u2026","rel":"","context":"In &quot;Not\u00edcias de Ribeir\u00e3o Preto-SP e Regi\u00e3o&quot;","block_context":{"text":"Not\u00edcias de Ribeir\u00e3o Preto-SP e Regi\u00e3o","link":"https:\/\/noticiasribeiraopreto.com.br\/index.php\/category\/noticias-de-ribeirao-preto-sp-e-regiao-ismael-colosi\/"},"img":{"alt_text":"","src":"https:\/\/i0.wp.com\/noticiasribeiraopreto.com.br\/wp-content\/uploads\/2024\/02\/EleicaoRP-Alfredo-Risk-scaled.jpg?fit=967%2C645&ssl=1&resize=350%2C200","width":350,"height":200,"srcset":"https:\/\/i0.wp.com\/noticiasribeiraopreto.com.br\/wp-content\/uploads\/2024\/02\/EleicaoRP-Alfredo-Risk-scaled.jpg?fit=967%2C645&ssl=1&resize=350%2C200 1x, https:\/\/i0.wp.com\/noticiasribeiraopreto.com.br\/wp-content\/uploads\/2024\/02\/EleicaoRP-Alfredo-Risk-scaled.jpg?fit=967%2C645&ssl=1&resize=525%2C300 1.5x, https:\/\/i0.wp.com\/noticiasribeiraopreto.com.br\/wp-content\/uploads\/2024\/02\/EleicaoRP-Alfredo-Risk-scaled.jpg?fit=967%2C645&ssl=1&resize=700%2C400 2x"},"classes":[]}],"jetpack_sharing_enabled":true,"jetpack_shortlink":"https:\/\/wp.me\/peQAOb-3nB","_links":{"self":[{"href":"https:\/\/noticiasribeiraopreto.com.br\/index.php\/wp-json\/wp\/v2\/posts\/12995","targetHints":{"allow":["GET"]}}],"collection":[{"href":"https:\/\/noticiasribeiraopreto.com.br\/index.php\/wp-json\/wp\/v2\/posts"}],"about":[{"href":"https:\/\/noticiasribeiraopreto.com.br\/index.php\/wp-json\/wp\/v2\/types\/post"}],"author":[{"embeddable":true,"href":"https:\/\/noticiasribeiraopreto.com.br\/index.php\/wp-json\/wp\/v2\/users\/1"}],"replies":[{"embeddable":true,"href":"https:\/\/noticiasribeiraopreto.com.br\/index.php\/wp-json\/wp\/v2\/comments?post=12995"}],"version-history":[{"count":0,"href":"https:\/\/noticiasribeiraopreto.com.br\/index.php\/wp-json\/wp\/v2\/posts\/12995\/revisions"}],"wp:featuredmedia":[{"embeddable":true,"href":"https:\/\/noticiasribeiraopreto.com.br\/index.php\/wp-json\/wp\/v2\/media\/12996"}],"wp:attachment":[{"href":"https:\/\/noticiasribeiraopreto.com.br\/index.php\/wp-json\/wp\/v2\/media?parent=12995"}],"wp:term":[{"taxonomy":"category","embeddable":true,"href":"https:\/\/noticiasribeiraopreto.com.br\/index.php\/wp-json\/wp\/v2\/categories?post=12995"},{"taxonomy":"post_tag","embeddable":true,"href":"https:\/\/noticiasribeiraopreto.com.br\/index.php\/wp-json\/wp\/v2\/tags?post=12995"}],"curies":[{"name":"wp","href":"https:\/\/api.w.org\/{rel}","templated":true}]}}