{"id":13004,"date":"2023-12-08T23:11:42","date_gmt":"2023-12-09T02:11:42","guid":{"rendered":"https:\/\/noticiasribeiraopreto.com.br\/index.php\/2023\/12\/08\/8-viloes-de-animes-que-todo-mundo-ama-odiar-meu-valor-digital\/"},"modified":"2023-12-08T23:11:42","modified_gmt":"2023-12-09T02:11:42","slug":"8-viloes-de-animes-que-todo-mundo-ama-odiar-meu-valor-digital","status":"publish","type":"post","link":"https:\/\/noticiasribeiraopreto.com.br\/index.php\/2023\/12\/08\/8-viloes-de-animes-que-todo-mundo-ama-odiar-meu-valor-digital\/","title":{"rendered":"8 vil\u00f5es de animes que todo mundo ama odiar &#8211; Meu Valor Digital"},"content":{"rendered":"<div class='code-block code-block-1' style='margin: 8px 0 8px auto; text-align: right; display: block; clear: both;'>\n<p><a href=\"https:\/\/wa.link\/vpicfd\"><img data-recalc-dims=\"1\" class=\"wp-image-4922\" style=\"aspect-ratio: 2.0253164556962027; width: 561px; height: auto;\" src=\"https:\/\/i0.wp.com\/ismaelcolosi.com.br\/wp-content\/uploads\/2023\/11\/grupo-de-empregos-whatsapp-e-facebook-ismael-colosi-vagas.jpg?ssl=1\" alt=\"\" \/><\/a><\/p>\n<!-- \/wp:image -->\n<\/div>\n<p> <br \/>\n<\/p>\n<div>\n<p>Os animes ao longo de muitos anos vem conquistando muitos f\u00e3s pelo mundo afora. S\u00e3o hist\u00f3rias recheadas de batalhas incr\u00edveis e conflitos emocionantes. Mas como toda boa hist\u00f3ria, sempre \u00e9 preciso ter um vil\u00e3o e que seja bastante malvado!<\/p>\n<p>Veja a seguir uma lista com 8 vil\u00f5es que as pessoas amam odiar!<\/p>\n<h2 class=\"wp-block-heading\" id=\"h-naraku-de-inuyasha\">Naraku, de InuYasha<\/h2>\n<figure class=\"wp-block-image size-large\"><img data-recalc-dims=\"1\" fetchpriority=\"high\" decoding=\"async\" width=\"1024\" height=\"660\" alt=\"\" class=\"wp-image-33176\" srcset=\"https:\/\/meuvalordigital.com.br\/wp-content\/uploads\/2023\/12\/1-Naraku-de-InuYasha-1024x660.jpg 1024w, https:\/\/meuvalordigital.com.br\/wp-content\/uploads\/2023\/12\/1-Naraku-de-InuYasha-300x193.jpg 300w, https:\/\/meuvalordigital.com.br\/wp-content\/uploads\/2023\/12\/1-Naraku-de-InuYasha-768x495.jpg 768w, https:\/\/meuvalordigital.com.br\/wp-content\/uploads\/2023\/12\/1-Naraku-de-InuYasha-210x136.jpg 210w, https:\/\/meuvalordigital.com.br\/wp-content\/uploads\/2023\/12\/1-Naraku-de-InuYasha-150x97.jpg 150w, https:\/\/meuvalordigital.com.br\/wp-content\/uploads\/2023\/12\/1-Naraku-de-InuYasha.jpg 1242w\" data-lazy-sizes=\"(max-width: 1024px) 100vw, 1024px\" src=\"https:\/\/i0.wp.com\/meuvalordigital.com.br\/wp-content\/uploads\/2023\/12\/1-Naraku-de-InuYasha-1024x660.jpg?resize=1024%2C660&#038;ssl=1\"\/><noscript><img data-recalc-dims=\"1\" fetchpriority=\"high\" decoding=\"async\" width=\"1024\" height=\"660\" src=\"https:\/\/i0.wp.com\/meuvalordigital.com.br\/wp-content\/uploads\/2023\/12\/1-Naraku-de-InuYasha-1024x660.jpg?resize=1024%2C660&#038;ssl=1\" alt=\"\" class=\"wp-image-33176\" srcset=\"https:\/\/meuvalordigital.com.br\/wp-content\/uploads\/2023\/12\/1-Naraku-de-InuYasha-1024x660.jpg 1024w, https:\/\/meuvalordigital.com.br\/wp-content\/uploads\/2023\/12\/1-Naraku-de-InuYasha-300x193.jpg 300w, https:\/\/meuvalordigital.com.br\/wp-content\/uploads\/2023\/12\/1-Naraku-de-InuYasha-768x495.jpg 768w, https:\/\/meuvalordigital.com.br\/wp-content\/uploads\/2023\/12\/1-Naraku-de-InuYasha-210x136.jpg 210w, https:\/\/meuvalordigital.com.br\/wp-content\/uploads\/2023\/12\/1-Naraku-de-InuYasha-150x97.jpg 150w, https:\/\/meuvalordigital.com.br\/wp-content\/uploads\/2023\/12\/1-Naraku-de-InuYasha.jpg 1242w\" sizes=\"(max-width: 1024px) 100vw, 1024px\"\/><\/noscript><figcaption class=\"wp-element-caption\">Naraku, de InuYasha \/ Imagem de Reprodu\u00e7\u00e3o<\/figcaption><\/figure>\n<p>Naraku \u00e9 o vil\u00e3o principal da s\u00e9rie InuYasha. Seu nome literalmente significa \u201cInferno\u201d ou tamb\u00e9m \u201cHades\u201d em japon\u00eas antigo. \u00c9 um dos maiores vil\u00f5es das s\u00e9ries de animes e mang\u00e1s.<\/p>\n<p>Outros vil\u00f5es vieram ao longo dos epis\u00f3dios de InuYasha. S\u00f3 que nenhum deles tinham a intelig\u00eancia Naraku.<\/p>\n<h2 class=\"wp-block-heading\" id=\"h-freeza-de-dragon-ball-z\">Freeza, de Dragon Ball Z<\/h2>\n<figure class=\"wp-block-image size-large\"><img data-recalc-dims=\"1\" loading=\"lazy\" decoding=\"async\" width=\"1024\" height=\"660\" alt=\"\" class=\"wp-image-33177\" srcset=\"https:\/\/meuvalordigital.com.br\/wp-content\/uploads\/2023\/12\/2-Freeza-de-Dragon-Ball-Z-1024x660.jpg 1024w, https:\/\/meuvalordigital.com.br\/wp-content\/uploads\/2023\/12\/2-Freeza-de-Dragon-Ball-Z-300x193.jpg 300w, https:\/\/meuvalordigital.com.br\/wp-content\/uploads\/2023\/12\/2-Freeza-de-Dragon-Ball-Z-768x495.jpg 768w, https:\/\/meuvalordigital.com.br\/wp-content\/uploads\/2023\/12\/2-Freeza-de-Dragon-Ball-Z-210x136.jpg 210w, https:\/\/meuvalordigital.com.br\/wp-content\/uploads\/2023\/12\/2-Freeza-de-Dragon-Ball-Z-150x97.jpg 150w, https:\/\/meuvalordigital.com.br\/wp-content\/uploads\/2023\/12\/2-Freeza-de-Dragon-Ball-Z.jpg 1242w\" data-lazy-sizes=\"(max-width: 1024px) 100vw, 1024px\" src=\"https:\/\/i0.wp.com\/meuvalordigital.com.br\/wp-content\/uploads\/2023\/12\/2-Freeza-de-Dragon-Ball-Z-1024x660.jpg?resize=1024%2C660&#038;ssl=1\"\/><noscript><img data-recalc-dims=\"1\" loading=\"lazy\" decoding=\"async\" width=\"1024\" height=\"660\" src=\"https:\/\/i0.wp.com\/meuvalordigital.com.br\/wp-content\/uploads\/2023\/12\/2-Freeza-de-Dragon-Ball-Z-1024x660.jpg?resize=1024%2C660&#038;ssl=1\" alt=\"\" class=\"wp-image-33177\" srcset=\"https:\/\/meuvalordigital.com.br\/wp-content\/uploads\/2023\/12\/2-Freeza-de-Dragon-Ball-Z-1024x660.jpg 1024w, https:\/\/meuvalordigital.com.br\/wp-content\/uploads\/2023\/12\/2-Freeza-de-Dragon-Ball-Z-300x193.jpg 300w, https:\/\/meuvalordigital.com.br\/wp-content\/uploads\/2023\/12\/2-Freeza-de-Dragon-Ball-Z-768x495.jpg 768w, https:\/\/meuvalordigital.com.br\/wp-content\/uploads\/2023\/12\/2-Freeza-de-Dragon-Ball-Z-210x136.jpg 210w, https:\/\/meuvalordigital.com.br\/wp-content\/uploads\/2023\/12\/2-Freeza-de-Dragon-Ball-Z-150x97.jpg 150w, https:\/\/meuvalordigital.com.br\/wp-content\/uploads\/2023\/12\/2-Freeza-de-Dragon-Ball-Z.jpg 1242w\" sizes=\"auto, (max-width: 1024px) 100vw, 1024px\"\/><\/noscript><figcaption class=\"wp-element-caption\">Freeza, de Dragon Ball Z \/ Imagem de Reprodu\u00e7\u00e3o<\/figcaption><\/figure>\n<p>Freeza n\u00e3o \u00e9 um vil\u00e3o muito inteligente, por\u00e9m, ele acha que \u00e9! O personagem tem um grande problema, seu complexo de superioridade.\u00a0<\/p>\n<p>Freeza \u00e9 o grande imperador do Universo. Filho do Rei Cold, no passado se aliou aos Saiyajins, que tinham derrotado os Tsufurujins e tomado conta do Planeta Vegeta (antes chamado de Plant), em suas conquistas pelo universo.<\/p>\n<p>Ap\u00f3s um in\u00edcio pr\u00f3spero, tal alian\u00e7a come\u00e7ou a ruir quando Freeza ficou sabendo da lenda do Super Saiyajin. Freeza ent\u00e3o tratou de exterminar os saiyajins.\u00a0<\/p>\n<h2 class=\"wp-block-heading\" id=\"h-dio-brando-a-aventura-bizarra-de-jojo-s\">Dio Brando, A Aventura Bizarra de JoJo\u00b4s<\/h2>\n<figure class=\"wp-block-image size-large\"><img data-recalc-dims=\"1\" loading=\"lazy\" decoding=\"async\" width=\"1024\" height=\"660\" alt=\"\" class=\"wp-image-33179\" srcset=\"https:\/\/meuvalordigital.com.br\/wp-content\/uploads\/2023\/12\/4-Dio-Brando-A-Aventura-Bizarra-de-JoJo-1024x660.jpg 1024w, https:\/\/meuvalordigital.com.br\/wp-content\/uploads\/2023\/12\/4-Dio-Brando-A-Aventura-Bizarra-de-JoJo-300x193.jpg 300w, https:\/\/meuvalordigital.com.br\/wp-content\/uploads\/2023\/12\/4-Dio-Brando-A-Aventura-Bizarra-de-JoJo-768x495.jpg 768w, https:\/\/meuvalordigital.com.br\/wp-content\/uploads\/2023\/12\/4-Dio-Brando-A-Aventura-Bizarra-de-JoJo-210x136.jpg 210w, https:\/\/meuvalordigital.com.br\/wp-content\/uploads\/2023\/12\/4-Dio-Brando-A-Aventura-Bizarra-de-JoJo-150x97.jpg 150w, https:\/\/meuvalordigital.com.br\/wp-content\/uploads\/2023\/12\/4-Dio-Brando-A-Aventura-Bizarra-de-JoJo.jpg 1242w\" data-lazy-sizes=\"(max-width: 1024px) 100vw, 1024px\" src=\"https:\/\/i0.wp.com\/meuvalordigital.com.br\/wp-content\/uploads\/2023\/12\/4-Dio-Brando-A-Aventura-Bizarra-de-JoJo-1024x660.jpg?resize=1024%2C660&#038;ssl=1\"\/><noscript><img data-recalc-dims=\"1\" loading=\"lazy\" decoding=\"async\" width=\"1024\" height=\"660\" src=\"https:\/\/i0.wp.com\/meuvalordigital.com.br\/wp-content\/uploads\/2023\/12\/4-Dio-Brando-A-Aventura-Bizarra-de-JoJo-1024x660.jpg?resize=1024%2C660&#038;ssl=1\" alt=\"\" class=\"wp-image-33179\" srcset=\"https:\/\/meuvalordigital.com.br\/wp-content\/uploads\/2023\/12\/4-Dio-Brando-A-Aventura-Bizarra-de-JoJo-1024x660.jpg 1024w, https:\/\/meuvalordigital.com.br\/wp-content\/uploads\/2023\/12\/4-Dio-Brando-A-Aventura-Bizarra-de-JoJo-300x193.jpg 300w, https:\/\/meuvalordigital.com.br\/wp-content\/uploads\/2023\/12\/4-Dio-Brando-A-Aventura-Bizarra-de-JoJo-768x495.jpg 768w, https:\/\/meuvalordigital.com.br\/wp-content\/uploads\/2023\/12\/4-Dio-Brando-A-Aventura-Bizarra-de-JoJo-210x136.jpg 210w, https:\/\/meuvalordigital.com.br\/wp-content\/uploads\/2023\/12\/4-Dio-Brando-A-Aventura-Bizarra-de-JoJo-150x97.jpg 150w, https:\/\/meuvalordigital.com.br\/wp-content\/uploads\/2023\/12\/4-Dio-Brando-A-Aventura-Bizarra-de-JoJo.jpg 1242w\" sizes=\"auto, (max-width: 1024px) 100vw, 1024px\"\/><\/noscript><figcaption class=\"wp-element-caption\">Dio Brando (A Aventura Bizarra de JoJo) \/ Imagem de Reprodu\u00e7\u00e3o<\/figcaption><\/figure>\n<p>Dio Brando \u00e9 um vil\u00e3o cruel e desonesto. \u00c9 conhecido como DIO da Parte 3 em diante, \u00e9 o principal antagonista no universo original de JoJo\u2019s Bizarre Adventure.<\/p>\n<p>Depois de se tornar um Vampiro e mais tarde um usu\u00e1rio do Stand, Dio reuniu ao seu redor muitos lacaios e \u00e9 respons\u00e1vel por muitos eventos importantes da s\u00e9rie, desde a morte de Jonathan Joestar at\u00e9 a aquisi\u00e7\u00e3o repentina do poder Stand pela Fam\u00edlia Joestar, e seu legado persiste. ao longo da s\u00e9rie. Ele \u00e9 o portador do imensamente poderoso The World.<\/p>\n<h2 class=\"wp-block-heading\" id=\"h-johan-liebert-de-monster\">Johan Liebert, de Monster<\/h2>\n<figure class=\"wp-block-image size-large\"><img data-recalc-dims=\"1\" loading=\"lazy\" decoding=\"async\" width=\"1024\" height=\"660\" alt=\"\" class=\"wp-image-33178\" srcset=\"https:\/\/meuvalordigital.com.br\/wp-content\/uploads\/2023\/12\/3-Johan-Liebert-de-Monster-1024x660.jpg 1024w, https:\/\/meuvalordigital.com.br\/wp-content\/uploads\/2023\/12\/3-Johan-Liebert-de-Monster-300x193.jpg 300w, https:\/\/meuvalordigital.com.br\/wp-content\/uploads\/2023\/12\/3-Johan-Liebert-de-Monster-768x495.jpg 768w, https:\/\/meuvalordigital.com.br\/wp-content\/uploads\/2023\/12\/3-Johan-Liebert-de-Monster-210x136.jpg 210w, https:\/\/meuvalordigital.com.br\/wp-content\/uploads\/2023\/12\/3-Johan-Liebert-de-Monster-150x97.jpg 150w, https:\/\/meuvalordigital.com.br\/wp-content\/uploads\/2023\/12\/3-Johan-Liebert-de-Monster.jpg 1242w\" data-lazy-sizes=\"(max-width: 1024px) 100vw, 1024px\" src=\"https:\/\/i0.wp.com\/meuvalordigital.com.br\/wp-content\/uploads\/2023\/12\/3-Johan-Liebert-de-Monster-1024x660.jpg?resize=1024%2C660&#038;ssl=1\"\/><noscript><img data-recalc-dims=\"1\" loading=\"lazy\" decoding=\"async\" width=\"1024\" height=\"660\" src=\"https:\/\/i0.wp.com\/meuvalordigital.com.br\/wp-content\/uploads\/2023\/12\/3-Johan-Liebert-de-Monster-1024x660.jpg?resize=1024%2C660&#038;ssl=1\" alt=\"\" class=\"wp-image-33178\" srcset=\"https:\/\/meuvalordigital.com.br\/wp-content\/uploads\/2023\/12\/3-Johan-Liebert-de-Monster-1024x660.jpg 1024w, https:\/\/meuvalordigital.com.br\/wp-content\/uploads\/2023\/12\/3-Johan-Liebert-de-Monster-300x193.jpg 300w, https:\/\/meuvalordigital.com.br\/wp-content\/uploads\/2023\/12\/3-Johan-Liebert-de-Monster-768x495.jpg 768w, https:\/\/meuvalordigital.com.br\/wp-content\/uploads\/2023\/12\/3-Johan-Liebert-de-Monster-210x136.jpg 210w, https:\/\/meuvalordigital.com.br\/wp-content\/uploads\/2023\/12\/3-Johan-Liebert-de-Monster-150x97.jpg 150w, https:\/\/meuvalordigital.com.br\/wp-content\/uploads\/2023\/12\/3-Johan-Liebert-de-Monster.jpg 1242w\" sizes=\"auto, (max-width: 1024px) 100vw, 1024px\"\/><\/noscript><figcaption class=\"wp-element-caption\">Johan Liebert, de Monster \/ Imagem de Reprodu\u00e7\u00e3o<\/figcaption><\/figure>\n<p>Johan Liebert, de Monster, \u00e9 considerado o maior vil\u00e3o dos mang\u00e1s e animes. Johan \u00e9 o \u201cMonstro\u201d referenciado no t\u00edtulo da obra, que \u00e9, simultaneamente, o protagonista e o antagonista.<\/p>\n<p>\u00c9 um manipulador, um s\u00e1dico, um g\u00eanio do mal, mas, acima de tudo, um dem\u00f4nio quase imbat\u00edvel, pois ele representa um mal absoluto para ser derrotado de forma definitiva.<\/p>\n<h2 class=\"wp-block-heading\" id=\"h-light-yagami-de-death-note\">Light Yagami, de Death Note<\/h2>\n<figure class=\"wp-block-image size-large\"><img data-recalc-dims=\"1\" loading=\"lazy\" decoding=\"async\" width=\"1024\" height=\"660\" alt=\"\" class=\"wp-image-33180\" srcset=\"https:\/\/meuvalordigital.com.br\/wp-content\/uploads\/2023\/12\/5-Light-Yagami-de-Death-Note-1024x660.jpg 1024w, https:\/\/meuvalordigital.com.br\/wp-content\/uploads\/2023\/12\/5-Light-Yagami-de-Death-Note-300x193.jpg 300w, https:\/\/meuvalordigital.com.br\/wp-content\/uploads\/2023\/12\/5-Light-Yagami-de-Death-Note-768x495.jpg 768w, https:\/\/meuvalordigital.com.br\/wp-content\/uploads\/2023\/12\/5-Light-Yagami-de-Death-Note-210x136.jpg 210w, https:\/\/meuvalordigital.com.br\/wp-content\/uploads\/2023\/12\/5-Light-Yagami-de-Death-Note-150x97.jpg 150w, https:\/\/meuvalordigital.com.br\/wp-content\/uploads\/2023\/12\/5-Light-Yagami-de-Death-Note.jpg 1242w\" data-lazy-sizes=\"(max-width: 1024px) 100vw, 1024px\" src=\"https:\/\/i0.wp.com\/meuvalordigital.com.br\/wp-content\/uploads\/2023\/12\/5-Light-Yagami-de-Death-Note-1024x660.jpg?resize=1024%2C660&#038;ssl=1\"\/><noscript><img data-recalc-dims=\"1\" loading=\"lazy\" decoding=\"async\" width=\"1024\" height=\"660\" src=\"https:\/\/i0.wp.com\/meuvalordigital.com.br\/wp-content\/uploads\/2023\/12\/5-Light-Yagami-de-Death-Note-1024x660.jpg?resize=1024%2C660&#038;ssl=1\" alt=\"\" class=\"wp-image-33180\" srcset=\"https:\/\/meuvalordigital.com.br\/wp-content\/uploads\/2023\/12\/5-Light-Yagami-de-Death-Note-1024x660.jpg 1024w, https:\/\/meuvalordigital.com.br\/wp-content\/uploads\/2023\/12\/5-Light-Yagami-de-Death-Note-300x193.jpg 300w, https:\/\/meuvalordigital.com.br\/wp-content\/uploads\/2023\/12\/5-Light-Yagami-de-Death-Note-768x495.jpg 768w, https:\/\/meuvalordigital.com.br\/wp-content\/uploads\/2023\/12\/5-Light-Yagami-de-Death-Note-210x136.jpg 210w, https:\/\/meuvalordigital.com.br\/wp-content\/uploads\/2023\/12\/5-Light-Yagami-de-Death-Note-150x97.jpg 150w, https:\/\/meuvalordigital.com.br\/wp-content\/uploads\/2023\/12\/5-Light-Yagami-de-Death-Note.jpg 1242w\" sizes=\"auto, (max-width: 1024px) 100vw, 1024px\"\/><\/noscript><figcaption class=\"wp-element-caption\">Light Yagami, de Death Note \/ Imagem de Reprodu\u00e7\u00e3o<\/figcaption><\/figure>\n<p>Se tem um vil\u00e3o que l\u00e1 no fundo voc\u00ea torce por ele, \u00e9\u00a0 Light Yagami do anime Death Note. Quando um Shinigami (Deus da morte, no folclore japon\u00eas), Ryuk, deixa cair seu Death Note, (\u201cCaderno da Morte\u201d em ingl\u00eas), um caderno sobrenatural que tem o poder de matar qualquer pessoa na qual seu nome seja escrito nele, desde que o portador do caderno visualize o rosto da pessoa enquanto o-escreve, no mundo humano. Ent\u00e3o Light Yagami v\u00ea no Death Note uma forma de mudar o mundo, e fazer justi\u00e7a.<\/p>\n<p>No momento em que as investiga\u00e7\u00f5es sobre as misteriosas mortes que est\u00e3o ocorrendo no mundo todo surgem, ele se articula em um jogo psicol\u00f3gico com seus inimigos em potencial.<\/p>\n<h2 class=\"wp-block-heading\" id=\"h-aizen-sousuke-de-bleach\">Aizen Sousuke, de Bleach<\/h2>\n<figure class=\"wp-block-image size-large\"><img data-recalc-dims=\"1\" loading=\"lazy\" decoding=\"async\" width=\"1024\" height=\"660\" alt=\"\" class=\"wp-image-33181\" srcset=\"https:\/\/meuvalordigital.com.br\/wp-content\/uploads\/2023\/12\/6-Aizen-Sousuke-de-Bleach-1024x660.jpg 1024w, https:\/\/meuvalordigital.com.br\/wp-content\/uploads\/2023\/12\/6-Aizen-Sousuke-de-Bleach-300x193.jpg 300w, https:\/\/meuvalordigital.com.br\/wp-content\/uploads\/2023\/12\/6-Aizen-Sousuke-de-Bleach-768x495.jpg 768w, https:\/\/meuvalordigital.com.br\/wp-content\/uploads\/2023\/12\/6-Aizen-Sousuke-de-Bleach-210x136.jpg 210w, https:\/\/meuvalordigital.com.br\/wp-content\/uploads\/2023\/12\/6-Aizen-Sousuke-de-Bleach-150x97.jpg 150w, https:\/\/meuvalordigital.com.br\/wp-content\/uploads\/2023\/12\/6-Aizen-Sousuke-de-Bleach.jpg 1242w\" data-lazy-sizes=\"(max-width: 1024px) 100vw, 1024px\" src=\"https:\/\/i0.wp.com\/meuvalordigital.com.br\/wp-content\/uploads\/2023\/12\/6-Aizen-Sousuke-de-Bleach-1024x660.jpg?resize=1024%2C660&#038;ssl=1\"\/><noscript><img data-recalc-dims=\"1\" loading=\"lazy\" decoding=\"async\" width=\"1024\" height=\"660\" src=\"https:\/\/i0.wp.com\/meuvalordigital.com.br\/wp-content\/uploads\/2023\/12\/6-Aizen-Sousuke-de-Bleach-1024x660.jpg?resize=1024%2C660&#038;ssl=1\" alt=\"\" class=\"wp-image-33181\" srcset=\"https:\/\/meuvalordigital.com.br\/wp-content\/uploads\/2023\/12\/6-Aizen-Sousuke-de-Bleach-1024x660.jpg 1024w, https:\/\/meuvalordigital.com.br\/wp-content\/uploads\/2023\/12\/6-Aizen-Sousuke-de-Bleach-300x193.jpg 300w, https:\/\/meuvalordigital.com.br\/wp-content\/uploads\/2023\/12\/6-Aizen-Sousuke-de-Bleach-768x495.jpg 768w, https:\/\/meuvalordigital.com.br\/wp-content\/uploads\/2023\/12\/6-Aizen-Sousuke-de-Bleach-210x136.jpg 210w, https:\/\/meuvalordigital.com.br\/wp-content\/uploads\/2023\/12\/6-Aizen-Sousuke-de-Bleach-150x97.jpg 150w, https:\/\/meuvalordigital.com.br\/wp-content\/uploads\/2023\/12\/6-Aizen-Sousuke-de-Bleach.jpg 1242w\" sizes=\"auto, (max-width: 1024px) 100vw, 1024px\"\/><\/noscript><figcaption class=\"wp-element-caption\">Aizen Sousuke, de Bleach \/ Imagem de Reprodu\u00e7\u00e3o<\/figcaption><\/figure>\n<p>Aizen Sousuke \u00e9 o principal antagonista da primeira metade da adapta\u00e7\u00e3o do anime, bem como o mais significativo de toda a adapta\u00e7\u00e3o.\u00a0<\/p>\n<p>Ele usou de suas habilidades para conseguir conquistar seus objetivos manipulando todos aqueles que surgem em seu caminho.<\/p>\n<p>Medusa Gorgon, de Soul Eater<\/p>\n<figure class=\"wp-block-image size-large\"><img data-recalc-dims=\"1\" loading=\"lazy\" decoding=\"async\" width=\"1024\" height=\"660\" alt=\"\" class=\"wp-image-33182\" srcset=\"https:\/\/meuvalordigital.com.br\/wp-content\/uploads\/2023\/12\/7-Medusa-Gorgon-de-Soul-Eater-1024x660.jpg 1024w, https:\/\/meuvalordigital.com.br\/wp-content\/uploads\/2023\/12\/7-Medusa-Gorgon-de-Soul-Eater-300x193.jpg 300w, https:\/\/meuvalordigital.com.br\/wp-content\/uploads\/2023\/12\/7-Medusa-Gorgon-de-Soul-Eater-768x495.jpg 768w, https:\/\/meuvalordigital.com.br\/wp-content\/uploads\/2023\/12\/7-Medusa-Gorgon-de-Soul-Eater-210x136.jpg 210w, https:\/\/meuvalordigital.com.br\/wp-content\/uploads\/2023\/12\/7-Medusa-Gorgon-de-Soul-Eater-150x97.jpg 150w, https:\/\/meuvalordigital.com.br\/wp-content\/uploads\/2023\/12\/7-Medusa-Gorgon-de-Soul-Eater.jpg 1242w\" data-lazy-sizes=\"(max-width: 1024px) 100vw, 1024px\" src=\"https:\/\/i0.wp.com\/meuvalordigital.com.br\/wp-content\/uploads\/2023\/12\/7-Medusa-Gorgon-de-Soul-Eater-1024x660.jpg?resize=1024%2C660&#038;ssl=1\"\/><noscript><img data-recalc-dims=\"1\" loading=\"lazy\" decoding=\"async\" width=\"1024\" height=\"660\" src=\"https:\/\/i0.wp.com\/meuvalordigital.com.br\/wp-content\/uploads\/2023\/12\/7-Medusa-Gorgon-de-Soul-Eater-1024x660.jpg?resize=1024%2C660&#038;ssl=1\" alt=\"\" class=\"wp-image-33182\" srcset=\"https:\/\/meuvalordigital.com.br\/wp-content\/uploads\/2023\/12\/7-Medusa-Gorgon-de-Soul-Eater-1024x660.jpg 1024w, https:\/\/meuvalordigital.com.br\/wp-content\/uploads\/2023\/12\/7-Medusa-Gorgon-de-Soul-Eater-300x193.jpg 300w, https:\/\/meuvalordigital.com.br\/wp-content\/uploads\/2023\/12\/7-Medusa-Gorgon-de-Soul-Eater-768x495.jpg 768w, https:\/\/meuvalordigital.com.br\/wp-content\/uploads\/2023\/12\/7-Medusa-Gorgon-de-Soul-Eater-210x136.jpg 210w, https:\/\/meuvalordigital.com.br\/wp-content\/uploads\/2023\/12\/7-Medusa-Gorgon-de-Soul-Eater-150x97.jpg 150w, https:\/\/meuvalordigital.com.br\/wp-content\/uploads\/2023\/12\/7-Medusa-Gorgon-de-Soul-Eater.jpg 1242w\" sizes=\"auto, (max-width: 1024px) 100vw, 1024px\"\/><\/noscript><figcaption class=\"wp-element-caption\">Medusa Gorgon, de Soul Eater \/ Imagem de Reprodu\u00e7\u00e3o<\/figcaption><\/figure>\n<p>Medusa \u00e9 uma mulher manipuladora e enganadora, assim como uma cobra \u00e9 descrita em v\u00e1rias cren\u00e7as. Da mesma forma que o Dr. Stein v\u00ea quase todos como uma experi\u00eancia, Medusa tamb\u00e9m est\u00e1 disposta a usar qualquer um para continuar seus planos, e por qualquer meio necess\u00e1rio, at\u00e9 mesmo a ponto de submeter sua crian\u00e7a a experi\u00eancias e atividades exaustivas.\u00a0<\/p>\n<p>Ela para manipular as pessoas, vai usar de falsidade que possa conquistar seus objetivos. Para isso, vai recorrer aos disfarces para poder se infiltrar em diversos lugares.<\/p>\n<h2 class=\"wp-block-heading\" id=\"h-donquixote-doflamingo-de-one-piece\">Donquixote Doflamingo, de One Piece<\/h2>\n<figure class=\"wp-block-image size-large\"><img data-recalc-dims=\"1\" loading=\"lazy\" decoding=\"async\" width=\"1024\" height=\"660\" alt=\"\" class=\"wp-image-33183\" srcset=\"https:\/\/meuvalordigital.com.br\/wp-content\/uploads\/2023\/12\/8-Donquixote-Doflamingo-de-One-Piece-1024x660.jpg 1024w, https:\/\/meuvalordigital.com.br\/wp-content\/uploads\/2023\/12\/8-Donquixote-Doflamingo-de-One-Piece-300x193.jpg 300w, https:\/\/meuvalordigital.com.br\/wp-content\/uploads\/2023\/12\/8-Donquixote-Doflamingo-de-One-Piece-768x495.jpg 768w, https:\/\/meuvalordigital.com.br\/wp-content\/uploads\/2023\/12\/8-Donquixote-Doflamingo-de-One-Piece-210x136.jpg 210w, https:\/\/meuvalordigital.com.br\/wp-content\/uploads\/2023\/12\/8-Donquixote-Doflamingo-de-One-Piece-150x97.jpg 150w, https:\/\/meuvalordigital.com.br\/wp-content\/uploads\/2023\/12\/8-Donquixote-Doflamingo-de-One-Piece.jpg 1242w\" data-lazy-sizes=\"(max-width: 1024px) 100vw, 1024px\" src=\"https:\/\/i0.wp.com\/meuvalordigital.com.br\/wp-content\/uploads\/2023\/12\/8-Donquixote-Doflamingo-de-One-Piece-1024x660.jpg?resize=1024%2C660&#038;ssl=1\"\/><noscript><img data-recalc-dims=\"1\" loading=\"lazy\" decoding=\"async\" width=\"1024\" height=\"660\" src=\"https:\/\/i0.wp.com\/meuvalordigital.com.br\/wp-content\/uploads\/2023\/12\/8-Donquixote-Doflamingo-de-One-Piece-1024x660.jpg?resize=1024%2C660&#038;ssl=1\" alt=\"\" class=\"wp-image-33183\" srcset=\"https:\/\/meuvalordigital.com.br\/wp-content\/uploads\/2023\/12\/8-Donquixote-Doflamingo-de-One-Piece-1024x660.jpg 1024w, https:\/\/meuvalordigital.com.br\/wp-content\/uploads\/2023\/12\/8-Donquixote-Doflamingo-de-One-Piece-300x193.jpg 300w, https:\/\/meuvalordigital.com.br\/wp-content\/uploads\/2023\/12\/8-Donquixote-Doflamingo-de-One-Piece-768x495.jpg 768w, https:\/\/meuvalordigital.com.br\/wp-content\/uploads\/2023\/12\/8-Donquixote-Doflamingo-de-One-Piece-210x136.jpg 210w, https:\/\/meuvalordigital.com.br\/wp-content\/uploads\/2023\/12\/8-Donquixote-Doflamingo-de-One-Piece-150x97.jpg 150w, https:\/\/meuvalordigital.com.br\/wp-content\/uploads\/2023\/12\/8-Donquixote-Doflamingo-de-One-Piece.jpg 1242w\" sizes=\"auto, (max-width: 1024px) 100vw, 1024px\"\/><\/noscript><figcaption class=\"wp-element-caption\">Donquixote Doflamingo, de One Piece \/ Imagem de Reprodu\u00e7\u00e3o<\/figcaption><\/figure>\n<p>Donquixote Doflamingo tamb\u00e9m \u00e9 conhecido como Dem\u00f4nio Celestial. Seus poderes est\u00e3o ligados a sua akuma no mi (fruta demon\u00edaca), que lhe d\u00e1 o direito de manipular fios e linhas que podem ser reais ou imagin\u00e1rios.<\/p>\n<p>Ele \u00e9 um grande antagonista no Arco Marineford, onde participou da Batalha de Marineford e se aliou \u00e0 Marinha.<\/p>\n<\/div>\n<p><br \/>\n<br \/><a href=\"https:\/\/meuvalordigital.com.br\/8-viloes-de-animes-que-todo-mundo-ama-odiar\/\">Source link <\/a><\/p>\n<!-- CONTENT END 1 -->\n","protected":false},"excerpt":{"rendered":"<p>Os animes ao longo de muitos anos vem conquistando muitos f\u00e3s pelo mundo afora. S\u00e3o hist\u00f3rias recheadas de batalhas incr\u00edveis e conflitos emocionantes. Mas como&#8230;<\/p>\n","protected":false},"author":1,"featured_media":13005,"comment_status":"open","ping_status":"open","sticky":false,"template":"","format":"standard","meta":{"advanced_seo_description":"","jetpack_seo_html_title":"","jetpack_seo_noindex":false,"jetpack_post_was_ever_published":false,"_jetpack_newsletter_access":"","_jetpack_dont_email_post_to_subs":false,"_jetpack_newsletter_tier_id":0,"_jetpack_memberships_contains_paywalled_content":false,"_jetpack_memberships_contains_paid_content":false,"footnotes":"","jetpack_publicize_message":"","jetpack_publicize_feature_enabled":true,"jetpack_social_post_already_shared":true,"jetpack_social_options":{"image_generator_settings":{"template":"highway","default_image_id":0,"font":"","enabled":false},"version":2}},"categories":[7],"tags":[],"class_list":["post-13004","post","type-post","status-publish","format-standard","has-post-thumbnail","hentry","category-vagas-de-empregos-em-ribeirao-preto-regiao-brasil"],"jetpack_publicize_connections":[],"jetpack_featured_media_url":"https:\/\/i0.wp.com\/noticiasribeiraopreto.com.br\/wp-content\/uploads\/2023\/12\/7-Medusa-Gorgon-de-Soul-Eater-1.jpg?fit=1242%2C800&ssl=1","jetpack-related-posts":[{"id":46274,"url":"https:\/\/noticiasribeiraopreto.com.br\/index.php\/2024\/04\/10\/coca-cola-e-marvel-unem-forcas-aos-fas-dos-herois-e-viloes-do-universo-marvel\/","url_meta":{"origin":13004,"position":0},"title":"Coca-Cola e Marvel unem for\u00e7as aos f\u00e3s dos her\u00f3is e vil\u00f5es do Universo Marvel","author":"noticiasribeiraopreto.com.br","date":"10 de April de 2024","format":false,"excerpt":"Coca-Cola e Marvel unem for\u00e7as aos f\u00e3s dos her\u00f3is e vil\u00f5es do Universo MarvelCom novas embalagens de Coca-Cola em edi\u00e7\u00e3o limitada, os f\u00e3s poder\u00e3o colecionar 36 ilustra\u00e7\u00f5es de personagens de design exclusivo e mergulhar em uma experi\u00eancia in\u00e9dita em realidade aumentada A Coca-Cola revela hoje no Brasil\u00a0Coca-Cola x Marvel: Os\u2026","rel":"","context":"In &quot;Not\u00edcias de Ribeir\u00e3o Preto-SP e Regi\u00e3o&quot;","block_context":{"text":"Not\u00edcias de Ribeir\u00e3o Preto-SP e Regi\u00e3o","link":"https:\/\/noticiasribeiraopreto.com.br\/index.php\/category\/noticias-de-ribeirao-preto-sp-e-regiao-ismael-colosi\/"},"img":{"alt_text":"","src":"https:\/\/i0.wp.com\/noticiasribeiraopreto.com.br\/wp-content\/uploads\/2024\/04\/6614751ac6634.image_.jpg?fit=1200%2C800&ssl=1&resize=350%2C200","width":350,"height":200,"srcset":"https:\/\/i0.wp.com\/noticiasribeiraopreto.com.br\/wp-content\/uploads\/2024\/04\/6614751ac6634.image_.jpg?fit=1200%2C800&ssl=1&resize=350%2C200 1x, https:\/\/i0.wp.com\/noticiasribeiraopreto.com.br\/wp-content\/uploads\/2024\/04\/6614751ac6634.image_.jpg?fit=1200%2C800&ssl=1&resize=525%2C300 1.5x, https:\/\/i0.wp.com\/noticiasribeiraopreto.com.br\/wp-content\/uploads\/2024\/04\/6614751ac6634.image_.jpg?fit=1200%2C800&ssl=1&resize=700%2C400 2x, https:\/\/i0.wp.com\/noticiasribeiraopreto.com.br\/wp-content\/uploads\/2024\/04\/6614751ac6634.image_.jpg?fit=1200%2C800&ssl=1&resize=1050%2C600 3x"},"classes":[]},{"id":13055,"url":"https:\/\/noticiasribeiraopreto.com.br\/index.php\/2023\/12\/09\/8-series-que-fracassaram-na-netflix-meu-valor-digital\/","url_meta":{"origin":13004,"position":1},"title":"8 s\u00e9ries que fracassaram na Netflix &#8211; Meu Valor Digital","author":"noticiasribeiraopreto.com.br","date":"9 de December de 2023","format":false,"excerpt":"A Netflix produziu e vem produzindo \u00f3timas s\u00e9ries que est\u00e3o sempre no Top 10 e agradando o grande p\u00fablico. Mas tamb\u00e9m existem aquelas produ\u00e7\u00f5es deixaram a desejar! Algumas s\u00e9ries n\u00e3o conseguiram agradar o p\u00fablico. E tem aquelas que o f\u00e3 ama, mas os custos elevados da produ\u00e7\u00e3o acabam for\u00e7ando o\u2026","rel":"","context":"In &quot;Vagas de Emprego em Ribeir\u00e3o Preto-SP&quot;","block_context":{"text":"Vagas de Emprego em Ribeir\u00e3o Preto-SP","link":"https:\/\/noticiasribeiraopreto.com.br\/index.php\/category\/empregos-classificados-vagas-trabalho\/vagas-de-empregos-em-ribeirao-preto-regiao-brasil\/"},"img":{"alt_text":"","src":"https:\/\/i0.wp.com\/noticiasribeiraopreto.com.br\/wp-content\/uploads\/2023\/12\/2-Sense-8-1.jpg?fit=1200%2C773&ssl=1&resize=350%2C200","width":350,"height":200,"srcset":"https:\/\/i0.wp.com\/noticiasribeiraopreto.com.br\/wp-content\/uploads\/2023\/12\/2-Sense-8-1.jpg?fit=1200%2C773&ssl=1&resize=350%2C200 1x, https:\/\/i0.wp.com\/noticiasribeiraopreto.com.br\/wp-content\/uploads\/2023\/12\/2-Sense-8-1.jpg?fit=1200%2C773&ssl=1&resize=525%2C300 1.5x, https:\/\/i0.wp.com\/noticiasribeiraopreto.com.br\/wp-content\/uploads\/2023\/12\/2-Sense-8-1.jpg?fit=1200%2C773&ssl=1&resize=700%2C400 2x, https:\/\/i0.wp.com\/noticiasribeiraopreto.com.br\/wp-content\/uploads\/2023\/12\/2-Sense-8-1.jpg?fit=1200%2C773&ssl=1&resize=1050%2C600 3x"},"classes":[]},{"id":15092,"url":"https:\/\/noticiasribeiraopreto.com.br\/index.php\/2023\/12\/13\/10-melhores-filmes-de-origem-de-viloes-que-voce-precisa-assistir-meu-valor-digital\/","url_meta":{"origin":13004,"position":2},"title":"10 melhores filmes de origem de vil\u00f5es que voc\u00ea precisa assistir &#8211; Meu Valor Digital","author":"noticiasribeiraopreto.com.br","date":"13 de December de 2023","format":false,"excerpt":"10 melhores filmes de origem de vil\u00f5es que voc\u00ea precisa assistir - Meu Valor Digital - Not\u00edcias atualizadas In\u00edcioChamadas10 melhores filmes de origem de vil\u00f5es que voc\u00ea precisa assistir Source link","rel":"","context":"In &quot;Vagas de Emprego em Ribeir\u00e3o Preto-SP&quot;","block_context":{"text":"Vagas de Emprego em Ribeir\u00e3o Preto-SP","link":"https:\/\/noticiasribeiraopreto.com.br\/index.php\/category\/empregos-classificados-vagas-trabalho\/vagas-de-empregos-em-ribeirao-preto-regiao-brasil\/"},"img":{"alt_text":"","src":"https:\/\/i0.wp.com\/noticiasribeiraopreto.com.br\/wp-content\/uploads\/2023\/12\/Coringa.jpg?fit=1200%2C773&ssl=1&resize=350%2C200","width":350,"height":200,"srcset":"https:\/\/i0.wp.com\/noticiasribeiraopreto.com.br\/wp-content\/uploads\/2023\/12\/Coringa.jpg?fit=1200%2C773&ssl=1&resize=350%2C200 1x, https:\/\/i0.wp.com\/noticiasribeiraopreto.com.br\/wp-content\/uploads\/2023\/12\/Coringa.jpg?fit=1200%2C773&ssl=1&resize=525%2C300 1.5x, https:\/\/i0.wp.com\/noticiasribeiraopreto.com.br\/wp-content\/uploads\/2023\/12\/Coringa.jpg?fit=1200%2C773&ssl=1&resize=700%2C400 2x, https:\/\/i0.wp.com\/noticiasribeiraopreto.com.br\/wp-content\/uploads\/2023\/12\/Coringa.jpg?fit=1200%2C773&ssl=1&resize=1050%2C600 3x"},"classes":[]},{"id":13220,"url":"https:\/\/noticiasribeiraopreto.com.br\/index.php\/2023\/12\/09\/esses-animes-voce-nao-pode-deixar-de-assistir-meu-valor-digital\/","url_meta":{"origin":13004,"position":3},"title":"Esses animes voc\u00ea n\u00e3o pode deixar de assistir &#8211; Meu Valor Digital","author":"noticiasribeiraopreto.com.br","date":"9 de December de 2023","format":false,"excerpt":"Existem dezenas animes que t\u00eam sido a sensa\u00e7\u00e3o de muitos f\u00e3s. S\u00e3o aventuras, com\u00e9dias, fantasia, lutas. Um mundo de enredos que podem conquistar milh\u00f5es de pessoas. Para quem n\u00e3o conhece, um anime, anim\u00ea ou anim\u00e9, \u00e9 uma anima\u00e7\u00e3o desenhada \u00e0 m\u00e3o ou por computa\u00e7\u00e3o gr\u00e1fica do Jap\u00e3o. Fora do Jap\u00e3o\u2026","rel":"","context":"In &quot;Vagas de Emprego em Ribeir\u00e3o Preto-SP&quot;","block_context":{"text":"Vagas de Emprego em Ribeir\u00e3o Preto-SP","link":"https:\/\/noticiasribeiraopreto.com.br\/index.php\/category\/empregos-classificados-vagas-trabalho\/vagas-de-empregos-em-ribeirao-preto-regiao-brasil\/"},"img":{"alt_text":"","src":"https:\/\/i0.wp.com\/noticiasribeiraopreto.com.br\/wp-content\/uploads\/2023\/12\/2-Pokemon-Jornadas-2019-1.jpg?fit=1200%2C773&ssl=1&resize=350%2C200","width":350,"height":200,"srcset":"https:\/\/i0.wp.com\/noticiasribeiraopreto.com.br\/wp-content\/uploads\/2023\/12\/2-Pokemon-Jornadas-2019-1.jpg?fit=1200%2C773&ssl=1&resize=350%2C200 1x, https:\/\/i0.wp.com\/noticiasribeiraopreto.com.br\/wp-content\/uploads\/2023\/12\/2-Pokemon-Jornadas-2019-1.jpg?fit=1200%2C773&ssl=1&resize=525%2C300 1.5x, https:\/\/i0.wp.com\/noticiasribeiraopreto.com.br\/wp-content\/uploads\/2023\/12\/2-Pokemon-Jornadas-2019-1.jpg?fit=1200%2C773&ssl=1&resize=700%2C400 2x, https:\/\/i0.wp.com\/noticiasribeiraopreto.com.br\/wp-content\/uploads\/2023\/12\/2-Pokemon-Jornadas-2019-1.jpg?fit=1200%2C773&ssl=1&resize=1050%2C600 3x"},"classes":[]},{"id":26046,"url":"https:\/\/noticiasribeiraopreto.com.br\/index.php\/2024\/01\/09\/franz-beckenbauer-idolo-do-futebol-alemao-morre-aos-78-anos\/","url_meta":{"origin":13004,"position":4},"title":"Franz Beckenbauer, \u00eddolo do futebol alem\u00e3o, morre aos 78 anos","author":"noticiasribeiraopreto.com.br","date":"9 de January de 2024","format":false,"excerpt":"8 de janeiro de 2024 | 15:078 de janeiro de 2024 | 15:09 0Franz Beckenbauer, considerado o maior nome da hist\u00f3ria do futebol alem\u00e3o, morreu na noite de domingo, dia 07, aos 78 anos.O ex-jogador morreu enquanto dormia, de acordo com a nota da fam\u00edlia.Segundo o jornal\u00a0Bild, Beckenbauer enfrentava muitos\u2026","rel":"","context":"In &quot;Not\u00edcias de Ribeir\u00e3o Preto-SP e Regi\u00e3o&quot;","block_context":{"text":"Not\u00edcias de Ribeir\u00e3o Preto-SP e Regi\u00e3o","link":"https:\/\/noticiasribeiraopreto.com.br\/index.php\/category\/noticias-de-ribeirao-preto-sp-e-regiao-ismael-colosi\/"},"img":{"alt_text":"","src":"https:\/\/i0.wp.com\/noticiasribeiraopreto.com.br\/wp-content\/uploads\/2024\/01\/d1d49807-d901-4c0c-b1ce-61ca7a7d5299.jpg?fit=652%2C408&ssl=1&resize=350%2C200","width":350,"height":200,"srcset":"https:\/\/i0.wp.com\/noticiasribeiraopreto.com.br\/wp-content\/uploads\/2024\/01\/d1d49807-d901-4c0c-b1ce-61ca7a7d5299.jpg?fit=652%2C408&ssl=1&resize=350%2C200 1x, https:\/\/i0.wp.com\/noticiasribeiraopreto.com.br\/wp-content\/uploads\/2024\/01\/d1d49807-d901-4c0c-b1ce-61ca7a7d5299.jpg?fit=652%2C408&ssl=1&resize=525%2C300 1.5x"},"classes":[]},{"id":67349,"url":"https:\/\/noticiasribeiraopreto.com.br\/index.php\/2025\/04\/12\/jornal-da-franca-carboidratos-sao-os-viloes-das-dietas-mas-nutricionista-explica-que-nao-e-bem-assim\/","url_meta":{"origin":13004,"position":5},"title":"Jornal da Franca &#8211; Carboidratos s\u00e3o os vil\u00f5es das dietas, mas nutricionista explica que n\u00e3o \u00e9 bem assim","author":"noticiasribeiraopreto.com.br","date":"12 de April de 2025","format":false,"excerpt":"compartilhar no whatsapp compartilhar no telegram compartilhar no facebook compartilhar no linkedin O consumo destes alimentos tem que ser feito de forma consciente Ao iniciar uma dieta, seja para perder peso ou ganhar massa magra, \u00e9 muito comum que as pessoas comecem cortando carboidratos. No entanto, essa \u00e9 uma estrat\u00e9gia\u2026","rel":"","context":"In &quot;Not\u00edcias de Franca-SP&quot;","block_context":{"text":"Not\u00edcias de Franca-SP","link":"https:\/\/noticiasribeiraopreto.com.br\/index.php\/category\/noticias-de-ribeirao-preto-sp-e-regiao-ismael-colosi\/noticias-franca-sp\/"},"img":{"alt_text":"","src":"https:\/\/i0.wp.com\/noticiasribeiraopreto.com.br\/wp-content\/uploads\/2025\/04\/macarrao-bolonhesa-freepik-scaled.jpg?fit=1200%2C801&ssl=1&resize=350%2C200","width":350,"height":200,"srcset":"https:\/\/i0.wp.com\/noticiasribeiraopreto.com.br\/wp-content\/uploads\/2025\/04\/macarrao-bolonhesa-freepik-scaled.jpg?fit=1200%2C801&ssl=1&resize=350%2C200 1x, https:\/\/i0.wp.com\/noticiasribeiraopreto.com.br\/wp-content\/uploads\/2025\/04\/macarrao-bolonhesa-freepik-scaled.jpg?fit=1200%2C801&ssl=1&resize=525%2C300 1.5x, https:\/\/i0.wp.com\/noticiasribeiraopreto.com.br\/wp-content\/uploads\/2025\/04\/macarrao-bolonhesa-freepik-scaled.jpg?fit=1200%2C801&ssl=1&resize=700%2C400 2x, https:\/\/i0.wp.com\/noticiasribeiraopreto.com.br\/wp-content\/uploads\/2025\/04\/macarrao-bolonhesa-freepik-scaled.jpg?fit=1200%2C801&ssl=1&resize=1050%2C600 3x"},"classes":[]}],"jetpack_sharing_enabled":true,"jetpack_shortlink":"https:\/\/wp.me\/peQAOb-3nK","_links":{"self":[{"href":"https:\/\/noticiasribeiraopreto.com.br\/index.php\/wp-json\/wp\/v2\/posts\/13004","targetHints":{"allow":["GET"]}}],"collection":[{"href":"https:\/\/noticiasribeiraopreto.com.br\/index.php\/wp-json\/wp\/v2\/posts"}],"about":[{"href":"https:\/\/noticiasribeiraopreto.com.br\/index.php\/wp-json\/wp\/v2\/types\/post"}],"author":[{"embeddable":true,"href":"https:\/\/noticiasribeiraopreto.com.br\/index.php\/wp-json\/wp\/v2\/users\/1"}],"replies":[{"embeddable":true,"href":"https:\/\/noticiasribeiraopreto.com.br\/index.php\/wp-json\/wp\/v2\/comments?post=13004"}],"version-history":[{"count":0,"href":"https:\/\/noticiasribeiraopreto.com.br\/index.php\/wp-json\/wp\/v2\/posts\/13004\/revisions"}],"wp:featuredmedia":[{"embeddable":true,"href":"https:\/\/noticiasribeiraopreto.com.br\/index.php\/wp-json\/wp\/v2\/media\/13005"}],"wp:attachment":[{"href":"https:\/\/noticiasribeiraopreto.com.br\/index.php\/wp-json\/wp\/v2\/media?parent=13004"}],"wp:term":[{"taxonomy":"category","embeddable":true,"href":"https:\/\/noticiasribeiraopreto.com.br\/index.php\/wp-json\/wp\/v2\/categories?post=13004"},{"taxonomy":"post_tag","embeddable":true,"href":"https:\/\/noticiasribeiraopreto.com.br\/index.php\/wp-json\/wp\/v2\/tags?post=13004"}],"curies":[{"name":"wp","href":"https:\/\/api.w.org\/{rel}","templated":true}]}}