{"id":13178,"date":"2023-12-09T12:34:32","date_gmt":"2023-12-09T15:34:32","guid":{"rendered":"https:\/\/noticiasribeiraopreto.com.br\/index.php\/2023\/12\/09\/as-10-melhores-caminhonetes-para-compra-no-brasil-com-orcamento-de-ate-r-100-mil-encontre-a-sua-caminhonete-ideal\/"},"modified":"2023-12-09T12:34:32","modified_gmt":"2023-12-09T15:34:32","slug":"as-10-melhores-caminhonetes-para-compra-no-brasil-com-orcamento-de-ate-r-100-mil-encontre-a-sua-caminhonete-ideal","status":"publish","type":"post","link":"https:\/\/noticiasribeiraopreto.com.br\/index.php\/2023\/12\/09\/as-10-melhores-caminhonetes-para-compra-no-brasil-com-orcamento-de-ate-r-100-mil-encontre-a-sua-caminhonete-ideal\/","title":{"rendered":"As 10 melhores caminhonetes para compra no Brasil com or\u00e7amento de at\u00e9 R$ 100 mil: Encontre a sua caminhonete ideal!"},"content":{"rendered":"<div class='code-block code-block-1' style='margin: 8px 0 8px auto; text-align: right; display: block; clear: both;'>\n<p><a href=\"https:\/\/wa.link\/vpicfd\"><img data-recalc-dims=\"1\" class=\"wp-image-4922\" style=\"aspect-ratio: 2.0253164556962027; width: 561px; height: auto;\" src=\"https:\/\/i0.wp.com\/ismaelcolosi.com.br\/wp-content\/uploads\/2023\/11\/grupo-de-empregos-whatsapp-e-facebook-ismael-colosi-vagas.jpg?ssl=1\" alt=\"\" \/><\/a><\/p>\n<!-- \/wp:image -->\n<\/div>\n<p> <br \/>\n<\/p>\n<div>\n<figure><picture><source srcset=\"https:\/\/clickpetroleoegas.com.br\/wp-content\/uploads\/2023\/12\/as-10-melhores-caminhonetes-para-compra-no-brasil-com-orcamento-de-ate-r-100-mil-encontre-a-sua-caminhonete-ideal-830x450.jpg.webp\" type=\"image\/webp\"><img data-recalc-dims=\"1\" loading=\"lazy\" width=\"830\" height=\"450\" src=\"https:\/\/i0.wp.com\/clickpetroleoegas.com.br\/wp-content\/uploads\/2023\/12\/as-10-melhores-caminhonetes-para-compra-no-brasil-com-orcamento-de-ate-r-100-mil-encontre-a-sua-caminhonete-ideal-830x450.jpg?resize=830%2C450&#038;ssl=1\" class=\"fdnw-post-thumbnail fdnw-first-card-thumbnail wp-post-image\" alt=\"picape, ve\u00edculo utilit\u00e1rio, caminhonete de carga\" decoding=\"async\" data-eio=\"p\"\/><\/source><\/picture><figcaption class=\"fdnw-image-caption\">Divulga\u00e7\u00e3o \u2013 Todos os direitos: CanalTech<\/figcaption><\/figure>\n<p>Com um or\u00e7amento de R$ 100 mil, voc\u00ea pode n\u00e3o conseguir adquirir o carro 0km dos seus sonhos, mas com certeza consegue comprar uma das melhores <strong>caminhonetes<\/strong> do mercado. Mesmo que seja seminova, a sua busca por uma boa <a href=\"https:\/\/clickpetroleoegas.com.br\/top-10-suvs-ate-r90-mil-p-compra\/\" target=\"_blank\" rel=\"noopener\">caminhonete<\/a> pode ser bem sucedida.<\/p>\n<ul>\n<li><b>10 melhores caminhonetes para comprar com at\u00e9 R$ 80 mil<\/b><\/li>\n<li><b>10 melhores caminhonetes para comprar com at\u00e9 R$ 90 mil<\/b><\/li>\n<\/ul>\n<p>A equipe do <strong>Canaltech<\/strong> pesquisou os pre\u00e7os de 10 \u00f3timas <a href=\"https:\/\/clickpetroleoegas.com.br\/chevrolet-bolt-nova-geracao-com-preco-mais-acessivel-chega-em-2025\/\" target=\"_blank\" rel=\"noopener\">caminhonetes na Tabela Fipe<\/a>, refer\u00eancia de mercado, e foi \u00e0s compras. Consultamos os principais sites e e-commerces do Brasil e listamos as 10 melhores caminhonetes para voc\u00ea comprar com at\u00e9 R$ 100 mil.<\/p>\n<p> <span class=\"fdnw-card-article-related\"> <span class=\"h4 fdnw-card-article-related-title\">Artigos recomendados<\/span> <\/span> <\/p>\n<p>Seja um ve\u00edculo utilit\u00e1rio ou uma <a href=\"https:\/\/clickpetroleoegas.com.br\/nova-picape-ford-ranger-chega-desbancando-sua-principal-rival-a-toyota-hilux-gr-sport-alem-de-todo-o-segmento-quando-o-assunto-e-alto-desempenho-com-motor-v6-biturbo-com-injecao-direta-a-gasolina\/\" target=\"_blank\" rel=\"noopener\">caminhonete de carga<\/a>, \u00e9 poss\u00edvel encontrar op\u00e7\u00f5es excelentes dentro desse valor. As possibilidades s\u00e3o diversas quando se trata de escolher a melhor <a href=\"https:\/\/clickpetroleoegas.com.br\/nova-picape-ford-ranger-chega-desbancando-sua-principal-rival-a-toyota-hilux-gr-sport-alem-de-todo-o-segmento-quando-o-assunto-e-alto-desempenho-com-motor-v6-biturbo-com-injecao-direta-a-gasolina\/\" target=\"_blank\" rel=\"noopener\">picape<\/a> para atender \u00e0s suas necessidades di\u00e1rias.<\/p>\n<h2 class=\"wp-block-heading\" id=\"h-lembrese-dos-cuidados-na-compra-de-caminhonetes\">Lembre-se dos cuidados na compra de caminhonetes<\/h2>\n<p><a href=\"https:\/\/clickpetroleoegas.com.br\/aceleracao-das-biotecnologias-impacto-da-analise-de-dados-na-industria\/\" target=\"_blank\" rel=\"noopener\">Dados<\/a> do <a href=\"https:\/\/clickpetroleoegas.com.br\/chevrolet-bolt-nova-geracao-com-preco-mais-acessivel-chega-em-2025\/\" target=\"_blank\" rel=\"noopener\">pre\u00e7o<\/a> de acordo com a <a href=\"https:\/\/clickpetroleoegas.com.br\/light-anuncia-mais-de-40-vagas-de-emprego-e-estagio-em-formato-remoto-hibrido-e-presencial-pela-regiao-sudeste\/\" target=\"_blank\" rel=\"noopener\">regi\u00e3o<\/a> do <a href=\"https:\/\/clickpetroleoegas.com.br\/a-revolucao-dos-carros-eletricos-na-china-e-sua-invasao-silenciosa-ao-brasil-duas-gigantes-chinesas-byd-e-great-wall-motors-desembarcam-no-pais-com-investimentos-bilionarios\/\" target=\"_blank\" rel=\"noopener\">pa\u00eds<\/a> e estado geral do ve\u00edculo devem ser sempre considerados, incluindo <a href=\"https:\/\/pt.wikipedia.org\/wiki\/Vladimir_(futebolista)\" target=\"_blank\" rel=\"noopener nofollow\" class=\"external\">quilometragem<\/a> rodada e demais fatores. Al\u00e9m disso, leia nossas dicas sobre cuidados a tomar ao adquirir um ve\u00edculo utilit\u00e1rio usado ou seminovo, para garantir uma compra segura do seu favorito, como uma confi\u00e1vel caminhonete de carga.<\/p>\n<h2 class=\"wp-block-heading\" id=\"h-fiat-strada-a-picape-que-domina-o-ranking\">Fiat Strada: a picape que domina o ranking<\/h2>\n<p>Abriremos a lista das 10 melhores caminhonetes para compra com a incr\u00edvel picape Fiat Strada, que se mant\u00e9m como l\u00edder de emplacamentos no Brasil h\u00e1 v\u00e1rios meses, sem ser incomodada por <a href=\"https:\/\/clickpetroleoegas.com.br\/kia-sportage-2024-o-suv-liga-o-alerta-em-seus-concorrentes-como-honda-cr-v-e-toyota-rav4-nos-eua-e-europa-e-no-brasil-vai-brigar-com-compass-e-tucson\/\" target=\"_blank\" rel=\"noopener\">concorrentes<\/a>. Esta \u00e9, sem d\u00favidas, uma caminhonete popular que tem conquistado espa\u00e7o no mercado nacional.<\/p>\n<div class=\"code-block code-block-5\" style=\"margin: 8px auto; text-align: center; display: block; clear: both;\"> <a href=\"https:\/\/suaads.com\/ref\/ISMAELCOLOSI\" target=\"_blank\" rel=\"noopener\"><img data-recalc-dims=\"1\" decoding=\"async\" src=\"https:\/\/i0.wp.com\/suaurl.com\/img\/bannersref\/s.png?ssl=1\" alt=\"SuaUrl\"  style=\"max-width: 100%;\" class=\"lazy\" loading=\"lazy\"\/><noscript><img data-recalc-dims=\"1\" decoding=\"async\" src=\"https:\/\/i0.wp.com\/suaurl.com\/img\/bannersref\/s.png?ssl=1\" alt=\"SuaUrl\"  style=\"max-width: 100%;\"\/><\/noscript><\/a><\/div>\n<h2 class=\"wp-block-heading\" id=\"h-fiat-toro-a-irma-maior-da-strada\">Fiat Toro: a irm\u00e3 maior da Strada<\/h2>\n<p>A Fiat Toro, assim como sua \u201cirm\u00e3\u201d menor, tamb\u00e9m \u00e9 uma excelente op\u00e7\u00e3o de caminhonete para compra com pre\u00e7os abaixo de R$ 100 mil. Com motor 1.8 16V Flex e diferentes configura\u00e7\u00f5es, a Toro \u00e9 uma \u00f3tima escolha para quem busca uma camionete vers\u00e1til e econ\u00f4mica.<\/p>\n<h2 class=\"wp-block-heading\" id=\"h-volkswagen-saveiro-uma-opcao-0km-interessante\">Volkswagen Saveiro: uma op\u00e7\u00e3o 0km interessante<\/h2>\n<p>A picape Volkswagen Saveiro \u00e9 a terceira entre as 10 melhores caminhonetes para comprar com at\u00e9 R$ 100 mil. Com a vers\u00e3o Robust, \u00e9 poss\u00edvel levar para casa um ve\u00edculo utilit\u00e1rio compacto por um pre\u00e7o acess\u00edvel, garantindo economia e qualidade.<\/p>\n<h2 class=\"wp-block-heading\" id=\"h-renault-oroch-uma-opcao-francesa-no-mercado\">Renault Oroch: uma op\u00e7\u00e3o francesa no mercado<\/h2>\n<p>A Renault Oroch \u00e9 a representante da montadora francesa nesta lista, oferecendo uma \u00f3tima op\u00e7\u00e3o de caminhonete compacta por um pre\u00e7o atrativo. Com diversas configura\u00e7\u00f5es, a Oroch se destaca como uma op\u00e7\u00e3o interessante no mercado de ve\u00edculos utilit\u00e1rios.<\/p>\n<h2 class=\"wp-block-heading\" id=\"h-nova-montana-a-nova-aposta-da-chevrolet\">Nova Montana: a nova aposta da Chevrolet<\/h2>\n<p>A Nova Montana, da Chevrolet, chega como uma aposta renovada no mercado de caminhonetes. Com diversas inova\u00e7\u00f5es no <a href=\"https:\/\/clickpetroleoegas.com.br\/fiat-titano-nova-rival-da-toyota-hilux-revela-seu-design-impressionante\/\" target=\"_blank\" rel=\"noopener\">design<\/a> e <a href=\"https:\/\/clickpetroleoegas.com.br\/volkswagen-e-bosch-assinam-acordo-para-desenvolver-projetos-relacionados-a-sistemas-de-motorizacao-na-america-latina\/\" target=\"_blank\" rel=\"noopener\">motoriza\u00e7\u00e3o<\/a>, a Montana oferece uma op\u00e7\u00e3o interessante para quem busca um ve\u00edculo utilit\u00e1rio \u00e1gil e econ\u00f4mico.<\/p>\n<h2 class=\"wp-block-heading\" id=\"h-mitsubishi-l200-robustez-e-imponencia\">Mitsubishi L200: robustez e impon\u00eancia<\/h2>\n<p>A Mitsubishi L200 apresenta-se como uma picape robusta e imponente, oferecendo diferentes vers\u00f5es por pre\u00e7os abaixo de R$ 100 mil. Com motor 2.4 e cabine dupla, a L200 \u00e9 uma \u00f3tima escolha para quem busca um ve\u00edculo utilit\u00e1rio confi\u00e1vel e resistente.<\/p>\n<h2 class=\"wp-block-heading\" id=\"h-volkswagen-amarok-conforto-e-robustez\">Volkswagen Amarok: conforto e robustez<\/h2>\n<p>A Volkswagen Amarok se destaca no mercado de caminhonetes por oferecer conforto e robustez por um pre\u00e7o acess\u00edvel. Com diferentes vers\u00f5es e configura\u00e7\u00f5es, a Amarok \u00e9 uma op\u00e7\u00e3o interessante para quem busca um ve\u00edculo utilit\u00e1rio confi\u00e1vel e resistente.<\/p>\n<h2 class=\"wp-block-heading\" id=\"h-toyota-hilux-tradicao-e-confiabilidade\">Toyota Hilux: tradi\u00e7\u00e3o e confiabilidade<\/h2>\n<p>A Toyota Hilux mant\u00e9m-se como uma das caminhonetes mais vendidas gra\u00e7as \u00e0 sua tradi\u00e7\u00e3o e confiabilidade. Com op\u00e7\u00f5es dentro do or\u00e7amento de at\u00e9 R$ 100 mil, a Hilux oferece uma excelente combina\u00e7\u00e3o de tecnologia e desempenho para o consumidor.<\/p>\n<h2 class=\"wp-block-heading\" id=\"h-ford-ranger-robustez-e-economia\">Ford Ranger: robustez e economia<\/h2>\n<p>A Ford Ranger mant\u00e9m-se como uma op\u00e7\u00e3o econ\u00f4mica e robusta no mercado de caminhonetes usadas ou seminovas. Com op\u00e7\u00f5es por pre\u00e7os abaixo de R$ 100 mil, a Ranger oferece um excelente custo-benef\u00edcio para o consumidor em busca de um ve\u00edculo utilit\u00e1rio confi\u00e1vel.<\/p>\n<h2 class=\"wp-block-heading\" id=\"h-chevrolet-s10-tradicao-e-variedade\">Chevrolet S10: tradi\u00e7\u00e3o e variedade<\/h2>\n<p>A Chevrolet S10 encerra a lista das 10 melhores caminhonetes para compra com seu hist\u00f3rico de tradi\u00e7\u00e3o e variedade de op\u00e7\u00f5es. Com diferentes vers\u00f5es e configura\u00e7\u00f5es abaixo de R$ 100 mil, a S10 oferece uma ampla gama de escolhas para quem busca um ve\u00edculo utilit\u00e1rio vers\u00e1til e confi\u00e1vel.<\/p>\n<h2 class=\"wp-block-heading\" id=\"h-consideracoes-finais\">Considera\u00e7\u00f5es Finais<\/h2>\n<p>Essas s\u00e3o as 10 melhores caminhonetes para compra com or\u00e7amento de at\u00e9 R$ 100 mil, oferecendo op\u00e7\u00f5es variadas para os consumidores. Deixe sua opini\u00e3o: vale a pena investir em uma camionete ou \u00e9 prefer\u00edvel escolher um sedan, um hatch \u00e1gil ou um SUV robusto? Compartilhe conosco suas prefer\u00eancias em nossas redes sociais.<\/p>\n<p>Fonte: <b>Canal Tech<\/b><\/p>\n<div class=\"code-block code-block-10\" style=\"margin: 8px auto; text-align: center; display: block; clear: both;\">\n<hr class=\"wp-block-separator has-alpha-channel-opacity is-style-wide\"\/>\n<p>Voc\u00ea quer receber apenas not\u00edcias e vagas de emprego do seu interesse? A solu\u00e7\u00e3o chegou atrav\u00e9s do app <a href=\"https:\/\/play.google.com\/store\/apps\/details?id=com.clickpetroleoapp&amp;hl=pt&amp;gl=US\" class=\"external\" rel=\"nofollow noopener\" target=\"_blank\"><strong>CPG VAGAS E NOT\u00cdCIAS!<\/strong><\/a> Se voc\u00ea \u00e9 pintor, vai receber no seu celular apenas oportunidades neste cargo. E ser\u00e1 assim com pedreiro, t\u00e9cnico, engenheiro e etc\u2026.. N\u00e3o perca nada do que acontece no mercado de trabalho e econ\u00f4mico do Brasil, baixe agora o app <a href=\"https:\/\/play.google.com\/store\/apps\/details?id=com.clickpetroleoapp&amp;hl=pt&amp;gl=US\" class=\"external\" rel=\"nofollow noopener\" target=\"_blank\">CPG VAGAS E NOT\u00cdCIAS, dispon\u00edvel para Android e IOS!<\/a><\/p>\n<figure class=\"wp-block-image aligncenter size-full\"><a href=\"https:\/\/play.google.com\/store\/apps\/details?id=com.clickpetroleoapp&amp;hl=pt&amp;gl=US\" target=\"_blank\" rel=\"noreferrer noopener nofollow\" class=\"external\"><img data-recalc-dims=\"1\" decoding=\"async\" width=\"1280\" height=\"387\" alt=\"APP CPG VAGAS E NOT\u00cdCIAS\" class=\"wp-image-105306 ewww_webp_lazy_load lazy\" src=\"https:\/\/i0.wp.com\/clickpetroleoegas.com.br\/wp-content\/uploads\/2023\/09\/Aplicativo-de-vagas-de-empregos-e-noticias-da-sua-regiao.jpg.webp?resize=1280%2C387&#038;ssl=1\" loading=\"lazy\"\/><noscript><img data-recalc-dims=\"1\" loading=\"lazy\" decoding=\"async\" width=\"1280\" height=\"387\" alt=\"APP CPG VAGAS E NOT\u00cdCIAS\" class=\"wp-image-105306 ewww_webp_lazy_load\" src=\"https:\/\/i0.wp.com\/clickpetroleoegas.com.br\/wp-content\/uploads\/2023\/09\/Aplicativo-de-vagas-de-empregos-e-noticias-da-sua-regiao.jpg.webp?resize=1280%2C387&#038;ssl=1\"\/><\/noscript><noscript><img data-recalc-dims=\"1\" loading=\"lazy\" decoding=\"async\" width=\"1280\" height=\"387\" src=\"https:\/\/i0.wp.com\/clickpetroleoegas.com.br\/wp-content\/uploads\/2023\/09\/Aplicativo-de-vagas-de-empregos-e-noticias-da-sua-regiao.jpg?resize=1280%2C387&#038;ssl=1\" alt=\"APP CPG VAGAS E NOT\u00cdCIAS\" class=\"wp-image-105306\"\/><\/noscript><\/a><\/figure>\n<\/p><\/div>\n<\/p><\/div>\n<p><script type=\"text\/plain\" data-service=\"facebook\" data-category=\"marketing\">\n!function(f,b,e,v,n,t,s)\n{if(f.fbq)return;n=f.fbq=function(){n.callMethod?\nn.callMethod.apply(n,arguments):n.queue.push(arguments)};\nif(!f._fbq)f._fbq=n;n.push=n;n.loaded=!0;n.version='2.0';\nn.queue=[];t=b.createElement(e);t.async=!0;\nt.src=v;s=b.getElementsByTagName(e)[0];\ns.parentNode.insertBefore(t,s)}(window, document,'script',\n'https:\/\/connect.facebook.net\/en_US\/fbevents.js');\nfbq('init', '5536651029690406');\nfbq('track', 'PageView');\n<\/script><script type=\"text\/plain\" data-service=\"facebook\" data-category=\"marketing\" async defer crossorigin=\"anonymous\" data-rocket-data-cmplz-src=\"https:\/\/connect.facebook.net\/en_US\/sdk.js#xfbml=1&#038;version=v12.0&amp;appId=1127332727839552&#038;autoLogAppEvents=1\">\n<\/script><br \/>\n<br \/><br \/>\n<br \/><a href=\"https:\/\/ismaelcolosi.com.br\/as-10-melhores-caminhonetes-para-compra-no-brasil-com-orcamento-de-ate-r-100-mil-encontre-a-sua-caminhonete-ideal\/\">Source link <\/a><\/p>\n<!-- CONTENT END 1 -->\n","protected":false},"excerpt":{"rendered":"<p>Divulga\u00e7\u00e3o \u2013 Todos os direitos: CanalTech Com um or\u00e7amento de R$ 100 mil, voc\u00ea pode n\u00e3o conseguir adquirir o carro 0km dos seus sonhos, mas&#8230;<\/p>\n","protected":false},"author":1,"featured_media":13179,"comment_status":"open","ping_status":"open","sticky":false,"template":"","format":"standard","meta":{"advanced_seo_description":"","jetpack_seo_html_title":"","jetpack_seo_noindex":false,"jetpack_post_was_ever_published":false,"_jetpack_newsletter_access":"","_jetpack_dont_email_post_to_subs":false,"_jetpack_newsletter_tier_id":0,"_jetpack_memberships_contains_paywalled_content":false,"_jetpack_memberships_contains_paid_content":false,"footnotes":"","jetpack_publicize_message":"","jetpack_publicize_feature_enabled":true,"jetpack_social_post_already_shared":true,"jetpack_social_options":{"image_generator_settings":{"template":"highway","default_image_id":0,"font":"","enabled":false},"version":2}},"categories":[7],"tags":[],"class_list":["post-13178","post","type-post","status-publish","format-standard","has-post-thumbnail","hentry","category-vagas-de-empregos-em-ribeirao-preto-regiao-brasil"],"jetpack_publicize_connections":[],"jetpack_featured_media_url":"https:\/\/i0.wp.com\/noticiasribeiraopreto.com.br\/wp-content\/uploads\/2023\/12\/as-10-melhores-caminhonetes-para-compra-no-brasil-com-orcamento-de-ate-r-100-mil-encontre-a-sua-caminhonete-ideal-830x450.jpg?fit=830%2C450&ssl=1","jetpack-related-posts":[{"id":66168,"url":"https:\/\/noticiasribeiraopreto.com.br\/index.php\/2025\/03\/28\/pm-encontra-homem-armado-com-pistola-dentro-de-caminhonete-no-city-petropolis\/","url_meta":{"origin":13178,"position":0},"title":"PM encontra homem armado com pistola dentro de caminhonete, no City Petr\u00f3polis","author":"noticiasribeiraopreto.com.br","date":"28 de March de 2025","format":false,"excerpt":"A Pol\u00edcia Militar encontrou uma arma com homem de 27 anos, durante abordagem feita no City Petr\u00f3polis, na noite de quinta-feira (27\/3). A equipe policial fazia rondas e encontrou uma Amarok parada em rua do bairro, levantando suspeita. Como os PMs est\u00e3o realizando rondas em \u00e1reas com alta incid\u00eancia de\u2026","rel":"","context":"In &quot;Not\u00edcias de Franca-SP&quot;","block_context":{"text":"Not\u00edcias de Franca-SP","link":"https:\/\/noticiasribeiraopreto.com.br\/index.php\/category\/noticias-de-ribeirao-preto-sp-e-regiao-ismael-colosi\/noticias-franca-sp\/"},"img":{"alt_text":"","src":"https:\/\/i0.wp.com\/noticiasribeiraopreto.com.br\/wp-content\/uploads\/2025\/03\/1743185425_15bpm_batalhao.jpg?fit=700%2C470&ssl=1&resize=350%2C200","width":350,"height":200,"srcset":"https:\/\/i0.wp.com\/noticiasribeiraopreto.com.br\/wp-content\/uploads\/2025\/03\/1743185425_15bpm_batalhao.jpg?fit=700%2C470&ssl=1&resize=350%2C200 1x, https:\/\/i0.wp.com\/noticiasribeiraopreto.com.br\/wp-content\/uploads\/2025\/03\/1743185425_15bpm_batalhao.jpg?fit=700%2C470&ssl=1&resize=525%2C300 1.5x, https:\/\/i0.wp.com\/noticiasribeiraopreto.com.br\/wp-content\/uploads\/2025\/03\/1743185425_15bpm_batalhao.jpg?fit=700%2C470&ssl=1&resize=700%2C400 2x"},"classes":[]},{"id":41972,"url":"https:\/\/noticiasribeiraopreto.com.br\/index.php\/2024\/03\/12\/dupla-e-presa-apos-roubar-caminhonete-em-area-rural-da-regiao\/","url_meta":{"origin":13178,"position":1},"title":"Dupla \u00e9 presa ap\u00f3s roubar caminhonete em \u00e1rea rural da regi\u00e3o","author":"noticiasribeiraopreto.com.br","date":"12 de March de 2024","format":false,"excerpt":"Ladr\u00f5es armados de faca levaram caminhonete de s\u00edtio na cidade de Prad\u00f3polis e foram presos na chegada a Ribeir\u00e3o Preto 12 de mar\u00e7o de 2024 | 11:40 0Por: Adalberto LuqueDois homens foram presos, na madrugada desta ter\u00e7a-feira (12), ap\u00f3s roubarem uma caminhonete de um s\u00edtio, na cidade de Prad\u00f3polis. O\u2026","rel":"","context":"In &quot;Not\u00edcias de Ribeir\u00e3o Preto-SP e Regi\u00e3o&quot;","block_context":{"text":"Not\u00edcias de Ribeir\u00e3o Preto-SP e Regi\u00e3o","link":"https:\/\/noticiasribeiraopreto.com.br\/index.php\/category\/noticias-de-ribeirao-preto-sp-e-regiao-ismael-colosi\/"},"img":{"alt_text":"","src":"https:\/\/i0.wp.com\/noticiasribeiraopreto.com.br\/wp-content\/uploads\/2024\/03\/00-12-mar-2024-roubo-em-sitio-01-foto-baep-scaled.jpg?fit=1000%2C587&ssl=1&resize=350%2C200","width":350,"height":200,"srcset":"https:\/\/i0.wp.com\/noticiasribeiraopreto.com.br\/wp-content\/uploads\/2024\/03\/00-12-mar-2024-roubo-em-sitio-01-foto-baep-scaled.jpg?fit=1000%2C587&ssl=1&resize=350%2C200 1x, https:\/\/i0.wp.com\/noticiasribeiraopreto.com.br\/wp-content\/uploads\/2024\/03\/00-12-mar-2024-roubo-em-sitio-01-foto-baep-scaled.jpg?fit=1000%2C587&ssl=1&resize=525%2C300 1.5x, https:\/\/i0.wp.com\/noticiasribeiraopreto.com.br\/wp-content\/uploads\/2024\/03\/00-12-mar-2024-roubo-em-sitio-01-foto-baep-scaled.jpg?fit=1000%2C587&ssl=1&resize=700%2C400 2x"},"classes":[]},{"id":55033,"url":"https:\/\/noticiasribeiraopreto.com.br\/index.php\/2024\/07\/28\/homem-e-preso-em-perseguicao-apos-furto-de-caminhonete-na-zona-sul-de-ribeirao\/","url_meta":{"origin":13178,"position":2},"title":"Homem \u00e9 preso em persegui\u00e7\u00e3o ap\u00f3s furto de caminhonete na zona Sul de Ribeir\u00e3o","author":"noticiasribeiraopreto.com.br","date":"28 de July de 2024","format":false,"excerpt":"Um homem de 23 anos foi preso em Dumont, na tarde do \u00faltimo s\u00e1bado (27), depois de uma persegui\u00e7\u00e3o. O criminoso \u00e9 acusado de furtar uma caminhonete no Jardim Bot\u00e2nico, na zona Sul de Ribeir\u00e3o Preto. A caminhonete estava estacionada na rua Wanda Bastos Santiago. O dono do ve\u00edculo estava\u2026","rel":"","context":"In &quot;Not\u00edcias de Ribeir\u00e3o Preto-SP e Regi\u00e3o&quot;","block_context":{"text":"Not\u00edcias de Ribeir\u00e3o Preto-SP e Regi\u00e3o","link":"https:\/\/noticiasribeiraopreto.com.br\/index.php\/category\/noticias-de-ribeirao-preto-sp-e-regiao-ismael-colosi\/"},"img":{"alt_text":"","src":"https:\/\/i0.wp.com\/noticiasribeiraopreto.com.br\/wp-content\/uploads\/2024\/07\/1722174453_acidadeon_logos_Prancheta-1-copia-12_edited.jpg?fit=1199%2C1200&ssl=1&resize=350%2C200","width":350,"height":200,"srcset":"https:\/\/i0.wp.com\/noticiasribeiraopreto.com.br\/wp-content\/uploads\/2024\/07\/1722174453_acidadeon_logos_Prancheta-1-copia-12_edited.jpg?fit=1199%2C1200&ssl=1&resize=350%2C200 1x, https:\/\/i0.wp.com\/noticiasribeiraopreto.com.br\/wp-content\/uploads\/2024\/07\/1722174453_acidadeon_logos_Prancheta-1-copia-12_edited.jpg?fit=1199%2C1200&ssl=1&resize=525%2C300 1.5x, https:\/\/i0.wp.com\/noticiasribeiraopreto.com.br\/wp-content\/uploads\/2024\/07\/1722174453_acidadeon_logos_Prancheta-1-copia-12_edited.jpg?fit=1199%2C1200&ssl=1&resize=700%2C400 2x, https:\/\/i0.wp.com\/noticiasribeiraopreto.com.br\/wp-content\/uploads\/2024\/07\/1722174453_acidadeon_logos_Prancheta-1-copia-12_edited.jpg?fit=1199%2C1200&ssl=1&resize=1050%2C600 3x"},"classes":[]},{"id":73076,"url":"https:\/\/noticiasribeiraopreto.com.br\/index.php\/2025\/06\/25\/homem-e-detido-apos-perseguicao-a-caminhonete-de-luxo-furtada\/","url_meta":{"origin":13178,"position":3},"title":"Homem \u00e9 detido ap\u00f3s persegui\u00e7\u00e3o a caminhonete de luxo furtada","author":"noticiasribeiraopreto.com.br","date":"25 de June de 2025","format":false,"excerpt":"A PM (Pol\u00edcia Militar) deteve um homem nesta quarta-feira (25), em S\u00e3o Sim\u00e3o, a 50 quil\u00f4metros de Ribeir\u00e3o Preto, com uma caminhonete furtada. Segundo a pol\u00edcia, o ve\u00edculo Toyota Hilux estava pela rodovia Conde Francisco Matarazzo (SP-253), quando o condutor entrou pelo munic\u00edpio de S\u00e3o Sim\u00e3o e houve uma persegui\u00e7\u00e3o\u2026","rel":"","context":"In &quot;Not\u00edcias de Ribeir\u00e3o Preto-SP e Regi\u00e3o&quot;","block_context":{"text":"Not\u00edcias de Ribeir\u00e3o Preto-SP e Regi\u00e3o","link":"https:\/\/noticiasribeiraopreto.com.br\/index.php\/category\/noticias-de-ribeirao-preto-sp-e-regiao-ismael-colosi\/"},"img":{"alt_text":"","src":"https:\/\/i0.wp.com\/noticiasribeiraopreto.com.br\/wp-content\/uploads\/2025\/06\/WhatsApp-Image-2025-06-25-at-09.11.22_2025-06-25_12-12-09.webp.webp?fit=1200%2C675&ssl=1&resize=350%2C200","width":350,"height":200,"srcset":"https:\/\/i0.wp.com\/noticiasribeiraopreto.com.br\/wp-content\/uploads\/2025\/06\/WhatsApp-Image-2025-06-25-at-09.11.22_2025-06-25_12-12-09.webp.webp?fit=1200%2C675&ssl=1&resize=350%2C200 1x, https:\/\/i0.wp.com\/noticiasribeiraopreto.com.br\/wp-content\/uploads\/2025\/06\/WhatsApp-Image-2025-06-25-at-09.11.22_2025-06-25_12-12-09.webp.webp?fit=1200%2C675&ssl=1&resize=525%2C300 1.5x, https:\/\/i0.wp.com\/noticiasribeiraopreto.com.br\/wp-content\/uploads\/2025\/06\/WhatsApp-Image-2025-06-25-at-09.11.22_2025-06-25_12-12-09.webp.webp?fit=1200%2C675&ssl=1&resize=700%2C400 2x, https:\/\/i0.wp.com\/noticiasribeiraopreto.com.br\/wp-content\/uploads\/2025\/06\/WhatsApp-Image-2025-06-25-at-09.11.22_2025-06-25_12-12-09.webp.webp?fit=1200%2C675&ssl=1&resize=1050%2C600 3x"},"classes":[]},{"id":10716,"url":"https:\/\/noticiasribeiraopreto.com.br\/index.php\/2023\/12\/05\/quem-sao-mae-e-filha-que-morreram-em-grave-acidente-causado-por-motorista-embriagado\/","url_meta":{"origin":13178,"position":4},"title":"Quem s\u00e3o m\u00e3e e filha que morreram em grave acidente causado por motorista embriagado","author":"noticiasribeiraopreto.com.br","date":"5 de December de 2023","format":false,"excerpt":"Um grave acidente provocado por um motorista b\u00eabado provocou uma verdadeira trag\u00e9dia e deixou uma fam\u00edlia devastada e mergulhada na dor do luto por causa do \u00f3bito de entes queridos.Uma mulher de 27 anos e sua filha, de 12 anos, perderam a vida em uma colis\u00e3o fatal que envolveu um\u2026","rel":"","context":"In &quot;Blog&quot;","block_context":{"text":"Blog","link":"https:\/\/noticiasribeiraopreto.com.br\/index.php\/category\/blog\/"},"img":{"alt_text":"","src":"https:\/\/i0.wp.com\/noticiasribeiraopreto.com.br\/wp-content\/uploads\/2023\/12\/postimg-656e939e669e18056.jpg?fit=1200%2C628&ssl=1&resize=350%2C200","width":350,"height":200,"srcset":"https:\/\/i0.wp.com\/noticiasribeiraopreto.com.br\/wp-content\/uploads\/2023\/12\/postimg-656e939e669e18056.jpg?fit=1200%2C628&ssl=1&resize=350%2C200 1x, https:\/\/i0.wp.com\/noticiasribeiraopreto.com.br\/wp-content\/uploads\/2023\/12\/postimg-656e939e669e18056.jpg?fit=1200%2C628&ssl=1&resize=525%2C300 1.5x, https:\/\/i0.wp.com\/noticiasribeiraopreto.com.br\/wp-content\/uploads\/2023\/12\/postimg-656e939e669e18056.jpg?fit=1200%2C628&ssl=1&resize=700%2C400 2x, https:\/\/i0.wp.com\/noticiasribeiraopreto.com.br\/wp-content\/uploads\/2023\/12\/postimg-656e939e669e18056.jpg?fit=1200%2C628&ssl=1&resize=1050%2C600 3x"},"classes":[]},{"id":83950,"url":"https:\/\/noticiasribeiraopreto.com.br\/index.php\/2026\/03\/29\/gcm-encontra-caminhonete-furtada-escondida-em-canavial-de-bonfim-paulista\/","url_meta":{"origin":13178,"position":5},"title":"GCM encontra caminhonete furtada escondida em canavial de Bonfim Paulista","author":"noticiasribeiraopreto.com.br","date":"29 de March de 2026","format":false,"excerpt":"Uma caminhonete furtada foi localizada neste domingo (29) pela GCM (Guarda Civil Metropolitana) em meio a um canavial de Bonfim Paulista, distrito na zona Sul de Ribeir\u00e3o Preto. Segundo a Patrulha Rural da GCM, a equipe tomou conhecimento do furto pelo propriet\u00e1rio, que fazia buscas por sua caminhonete Toyota Hilux\u2026","rel":"","context":"In &quot;Not\u00edcias de Ribeir\u00e3o Preto-SP e Regi\u00e3o&quot;","block_context":{"text":"Not\u00edcias de Ribeir\u00e3o Preto-SP e Regi\u00e3o","link":"https:\/\/noticiasribeiraopreto.com.br\/index.php\/category\/noticias-de-ribeirao-preto-sp-e-regiao-ismael-colosi\/"},"img":{"alt_text":"","src":"https:\/\/i0.wp.com\/noticiasribeiraopreto.com.br\/wp-content\/uploads\/2026\/03\/caminhonete_2026-03-29_20-10-30.webp.webp?fit=1200%2C675&ssl=1&resize=350%2C200","width":350,"height":200,"srcset":"https:\/\/i0.wp.com\/noticiasribeiraopreto.com.br\/wp-content\/uploads\/2026\/03\/caminhonete_2026-03-29_20-10-30.webp.webp?fit=1200%2C675&ssl=1&resize=350%2C200 1x, https:\/\/i0.wp.com\/noticiasribeiraopreto.com.br\/wp-content\/uploads\/2026\/03\/caminhonete_2026-03-29_20-10-30.webp.webp?fit=1200%2C675&ssl=1&resize=525%2C300 1.5x, https:\/\/i0.wp.com\/noticiasribeiraopreto.com.br\/wp-content\/uploads\/2026\/03\/caminhonete_2026-03-29_20-10-30.webp.webp?fit=1200%2C675&ssl=1&resize=700%2C400 2x, https:\/\/i0.wp.com\/noticiasribeiraopreto.com.br\/wp-content\/uploads\/2026\/03\/caminhonete_2026-03-29_20-10-30.webp.webp?fit=1200%2C675&ssl=1&resize=1050%2C600 3x"},"classes":[]}],"jetpack_sharing_enabled":true,"jetpack_shortlink":"https:\/\/wp.me\/peQAOb-3qy","_links":{"self":[{"href":"https:\/\/noticiasribeiraopreto.com.br\/index.php\/wp-json\/wp\/v2\/posts\/13178","targetHints":{"allow":["GET"]}}],"collection":[{"href":"https:\/\/noticiasribeiraopreto.com.br\/index.php\/wp-json\/wp\/v2\/posts"}],"about":[{"href":"https:\/\/noticiasribeiraopreto.com.br\/index.php\/wp-json\/wp\/v2\/types\/post"}],"author":[{"embeddable":true,"href":"https:\/\/noticiasribeiraopreto.com.br\/index.php\/wp-json\/wp\/v2\/users\/1"}],"replies":[{"embeddable":true,"href":"https:\/\/noticiasribeiraopreto.com.br\/index.php\/wp-json\/wp\/v2\/comments?post=13178"}],"version-history":[{"count":0,"href":"https:\/\/noticiasribeiraopreto.com.br\/index.php\/wp-json\/wp\/v2\/posts\/13178\/revisions"}],"wp:featuredmedia":[{"embeddable":true,"href":"https:\/\/noticiasribeiraopreto.com.br\/index.php\/wp-json\/wp\/v2\/media\/13179"}],"wp:attachment":[{"href":"https:\/\/noticiasribeiraopreto.com.br\/index.php\/wp-json\/wp\/v2\/media?parent=13178"}],"wp:term":[{"taxonomy":"category","embeddable":true,"href":"https:\/\/noticiasribeiraopreto.com.br\/index.php\/wp-json\/wp\/v2\/categories?post=13178"},{"taxonomy":"post_tag","embeddable":true,"href":"https:\/\/noticiasribeiraopreto.com.br\/index.php\/wp-json\/wp\/v2\/tags?post=13178"}],"curies":[{"name":"wp","href":"https:\/\/api.w.org\/{rel}","templated":true}]}}