{"id":13180,"date":"2023-12-09T12:49:36","date_gmt":"2023-12-09T15:49:36","guid":{"rendered":"https:\/\/noticiasribeiraopreto.com.br\/index.php\/2023\/12\/09\/cotriba-esta-na-procura-de-estoquista-frentista-auxiliar-e-mais\/"},"modified":"2023-12-09T12:49:36","modified_gmt":"2023-12-09T15:49:36","slug":"cotriba-esta-na-procura-de-estoquista-frentista-auxiliar-e-mais","status":"publish","type":"post","link":"https:\/\/noticiasribeiraopreto.com.br\/index.php\/2023\/12\/09\/cotriba-esta-na-procura-de-estoquista-frentista-auxiliar-e-mais\/","title":{"rendered":"Cotrib\u00e1 est\u00e1 NA PROCURA de Estoquista, Frentista, Auxiliar e mais!"},"content":{"rendered":"<div class='code-block code-block-1' style='margin: 8px 0 8px auto; text-align: right; display: block; clear: both;'>\n<p><a href=\"https:\/\/wa.link\/vpicfd\"><img data-recalc-dims=\"1\" class=\"wp-image-4922\" style=\"aspect-ratio: 2.0253164556962027; width: 561px; height: auto;\" src=\"https:\/\/i0.wp.com\/ismaelcolosi.com.br\/wp-content\/uploads\/2023\/11\/grupo-de-empregos-whatsapp-e-facebook-ismael-colosi-vagas.jpg?ssl=1\" alt=\"\" \/><\/a><\/p>\n<!-- \/wp:image -->\n<\/div>\n<p> <br \/>\n<\/p>\n<div>\n<div>\n<p>A Cotrib\u00e1, empresa que \u00e9 a cooperativa agropecu\u00e1ria mais antiga do Brasil, est\u00e1 recrutando profissionais para compor o seu time na regi\u00e3o Sul. Quer dizer, se voc\u00ea estiver na busca por uma <a href=\"https:\/\/noticiasconcursos.com.br\/recolocacao-profissional-2\/\">recoloca\u00e7\u00e3o no mercado<\/a>, vale a pena consultar a lista de possibilidades ofertadas:<\/p>\n<ul>\n<li>Atendente de Padaria \u2013 Supermercado Ibirub\u00e1 \u2013 Ibirub\u00e1 \u2013 RS \u2013 Efetivo;<\/li>\n<li>Auxiliar de Armaz\u00e9m \u2013 Unidade Sementes \u2013 Ibirub\u00e1 \u2013 RS \u2013 Efetivo;<\/li>\n<li>Auxiliar de Cozinha \u2013 Pra\u00e7a de Alimenta\u00e7\u00e3o \u2013 Ibirub\u00e1 \u2013 RS \u2013 Efetivo;<\/li>\n<li>Auxiliar de Escrit\u00f3rio \u2013 Abastecedora \u2013 Ibirub\u00e1 \u2013 RS \u2013 Efetivo: <em>Receber produtos de transportadoras e checar a conformidade com o pedido de compras. Realizar carga e descarga de mercadorias. Conferir e armazenar produtos e materiais. Atender clientes para a entrega de mercadorias;<\/em><\/li>\n<li>Auxiliar de Estoque \u2013 Se\u00e7\u00e3o de Pe\u00e7as \u2013 Ibirub\u00e1 \u2013 RS \u2013 Efetivo;<\/li>\n<li>Auxiliar de Limpeza \u2013 Cruz Alta \u2013 RS \u2013 Efetivo;<\/li>\n<li>Auxiliar de Padaria \u2013 Supermercado \u2013 Quinze de Novembro \u2013 RS \u2013 Efetivo;<\/li>\n<li>Consultor (a) de Produ\u00e7\u00e3o Animal \u2013 Santa Cruz do Sul \u2013 RS \u2013 Efetivo: <em>Atuar com representa\u00e7\u00e3o e vendas do portf\u00f3lio dos produtos da Cooperativa. Planejar e realizar visitas t\u00e9cnicas, comerciais e de prospec\u00e7\u00e3o a clientes;<\/em><\/li>\n<li>Consultor (a) de Produ\u00e7\u00e3o Animal \u2013 Unidade Soledade \u2013 Ibirub\u00e1 \u2013 RS \u2013 Efetivo;<\/li>\n<li>Empacotador (a) \u2013 Supermercado Fortaleza dos Valos \u2013 Fortaleza dos Valos \u2013 RS \u2013 Efetivo;<\/li>\n<li>Empacotador (a) \u2013 Supermercado \u2013 Ibirub\u00e1 \u2013 RS \u2013 Efetivo;<\/li>\n<li>Estoquista \u2013 Ibirub\u00e1 \u2013 RS \u2013 Efetivo;<\/li>\n<li>Estoquista \u2013 Se\u00e7\u00e3o de Pe\u00e7as \u2013 Ibirub\u00e1 \u2013 RS \u2013 Efetivo;<\/li>\n<li>Frentista \u2013 Ibirub\u00e1 \u2013 RS \u2013 Efetivo;<\/li>\n<li>Jovem Aprendiz Cooperativo \u2013 Aprendiz;<\/li>\n<li>Motorista \u2013 Supermercado \u2013 Quinze de Novembro \u2013 RS \u2013 Efetivo;<\/li>\n<li>Operador (a) de Caixa \u2013 Ibirub\u00e1 \u2013 RS \u2013 Efetivo;<\/li>\n<li>Programador (a) de Sistemas \u2013 Ibirub\u00e1 \u2013 RS \u2013 Efetivo.<\/li>\n<\/ul>\n<figure id=\"attachment_778477\" aria-describedby=\"caption-attachment-778477\" style=\"width: 1280px\" class=\"wp-caption alignnone\"><img data-recalc-dims=\"1\" fetchpriority=\"high\" decoding=\"async\" class=\"size-full wp-image-778477\" alt=\"Cotrib\u00e1 est\u00e1 NA PROCURA de Estoquista, Frentista, Auxiliar e mais!\" width=\"1280\" height=\"720\" srcset=\"https:\/\/noticiasconcursos.com.br\/wp-content\/uploads\/2023\/12\/noticiasconcursos.com.br-cotriba-esta-na-procura-de-estoquista-frentista-auxiliar-e-mais-maxresdefault-2.jpg 1280w, https:\/\/noticiasconcursos.com.br\/wp-content\/uploads\/2023\/12\/noticiasconcursos.com.br-cotriba-esta-na-procura-de-estoquista-frentista-auxiliar-e-mais-maxresdefault-2-300x169.jpg 300w, https:\/\/noticiasconcursos.com.br\/wp-content\/uploads\/2023\/12\/noticiasconcursos.com.br-cotriba-esta-na-procura-de-estoquista-frentista-auxiliar-e-mais-maxresdefault-2-1200x675.jpg 1200w, https:\/\/noticiasconcursos.com.br\/wp-content\/uploads\/2023\/12\/noticiasconcursos.com.br-cotriba-esta-na-procura-de-estoquista-frentista-auxiliar-e-mais-maxresdefault-2-768x432.jpg 768w\" data-lazy-sizes=\"(max-width: 1280px) 100vw, 1280px\" src=\"https:\/\/i0.wp.com\/noticiasconcursos.com.br\/wp-content\/uploads\/2023\/12\/noticiasconcursos.com.br-cotriba-esta-na-procura-de-estoquista-frentista-auxiliar-e-mais-maxresdefault-2.jpg?resize=1280%2C720&#038;ssl=1\"\/><noscript><img data-recalc-dims=\"1\" fetchpriority=\"high\" decoding=\"async\" class=\"size-full wp-image-778477\" src=\"https:\/\/i0.wp.com\/noticiasconcursos.com.br\/wp-content\/uploads\/2023\/12\/noticiasconcursos.com.br-cotriba-esta-na-procura-de-estoquista-frentista-auxiliar-e-mais-maxresdefault-2.jpg?resize=1280%2C720&#038;ssl=1\" alt=\"Cotrib\u00e1 est\u00e1 NA PROCURA de Estoquista, Frentista, Auxiliar e mais!\" width=\"1280\" height=\"720\" srcset=\"https:\/\/noticiasconcursos.com.br\/wp-content\/uploads\/2023\/12\/noticiasconcursos.com.br-cotriba-esta-na-procura-de-estoquista-frentista-auxiliar-e-mais-maxresdefault-2.jpg 1280w, https:\/\/noticiasconcursos.com.br\/wp-content\/uploads\/2023\/12\/noticiasconcursos.com.br-cotriba-esta-na-procura-de-estoquista-frentista-auxiliar-e-mais-maxresdefault-2-300x169.jpg 300w, https:\/\/noticiasconcursos.com.br\/wp-content\/uploads\/2023\/12\/noticiasconcursos.com.br-cotriba-esta-na-procura-de-estoquista-frentista-auxiliar-e-mais-maxresdefault-2-1200x675.jpg 1200w, https:\/\/noticiasconcursos.com.br\/wp-content\/uploads\/2023\/12\/noticiasconcursos.com.br-cotriba-esta-na-procura-de-estoquista-frentista-auxiliar-e-mais-maxresdefault-2-768x432.jpg 768w\" sizes=\"(max-width: 1280px) 100vw, 1280px\"\/><\/noscript><figcaption id=\"caption-attachment-778477\" class=\"wp-caption-text\">Cotrib\u00e1 \u00e9 refer\u00eancia no ramo em que atua. Foto: Divulga\u00e7\u00e3o.<\/figcaption><\/figure>\n<h3><strong>Mais sobre a Cotrib\u00e1<\/strong><\/h3>\n<p>Falando mais sobre a Cotrib\u00e1, \u00e9 v\u00e1lido frisar que que trata-se da cooperativa do ramo agropecu\u00e1rio mais antiga no Brasil em atividade ininterrupta. \u00c9 uma entidade dedicada \u00e0s atividades <a href=\"https:\/\/noticiasconcursos.com.br\/receita-federal-amplia-fiscalizacao-tributaria-no-setor-agropecuario\/\">agropecu\u00e1rias<\/a> desde a sua origem, buscando fomentar ao associado a sustentabilidade da sua atividade, disponibilizando alternativas para a perman\u00eancia das fam\u00edlias no campo.<\/p>\n<p>Ao todo, conta com um quadro de mais de 1.300 colaboradores diretos, formando uma equipe de <a href=\"https:\/\/noticiasconcursos.com.br\/teledata-contrata-profissionais-em-duas-regioes\/\">profissionais<\/a> extremamente qualificados para atender as necessidades dos mais de 8.200 associados e aproximadamente 30.000 consumidores. Isto \u00e9, estamos falando de uma refer\u00eancia no setor.<\/p>\n<h3><strong>O que \u00e9 preciso para se candidatar?<\/strong><\/h3>\n<p>Como voc\u00ea j\u00e1 p\u00f4de ver as vagas abertas, o processo de candidatura \u00e9 bem simples, visto que voc\u00ea s\u00f3 precisa <em><strong><a href=\"https:\/\/cotriba.gupy.io\/\" target=\"_blank\" rel=\"noopener\">ENTRAR NESSE LINK<\/a><\/strong><\/em>. Na p\u00e1gina, tudo o que voc\u00ea precisa fazer \u00e9 analisar os detalhes referentes \u00e0 vaga (requisitos, fun\u00e7\u00f5es, benef\u00edcios, hor\u00e1rio de trabalho, etc..) com aten\u00e7\u00e3o e se inscrever!<\/p>\n<p>Quer se manter inteirado (a) em todas as principais not\u00edcias do pa\u00eds e ainda ficar ligado(a) nas diversas vagas de empregos espalhadas pelo Brasil? Acesse agora mesmo o <strong>Not\u00edcias Concursos!<\/strong><\/p>\n<div class=\"code-block code-block-5\" style=\"margin: 8px auto; text-align: center; display: block; clear: both;\"> <a href=\"https:\/\/suaads.com\/ref\/ISMAELCOLOSI\" target=\"_blank\" rel=\"noopener\"><img data-recalc-dims=\"1\" decoding=\"async\" src=\"https:\/\/i0.wp.com\/suaurl.com\/img\/bannersref\/s.png?ssl=1\" alt=\"SuaUrl\"  style=\"max-width: 100%;\" class=\"lazy\" loading=\"lazy\"\/><noscript><img data-recalc-dims=\"1\" decoding=\"async\" src=\"https:\/\/i0.wp.com\/suaurl.com\/img\/bannersref\/s.png?ssl=1\" alt=\"SuaUrl\"  style=\"max-width: 100%;\"\/><\/noscript><\/a><\/div>\n<\/p><\/div>\n<p><a href=\"https:\/\/noticiasconcursos.com.br\/cotriba-esta-na-procura-de-estoquista-frentista-auxiliar-e-mais\/\">Source link <\/a><\/p>\n<\/p><\/div>\n<p><br \/>\n<br \/><a href=\"https:\/\/ismaelcolosi.com.br\/cotriba-esta-na-procura-de-estoquista-frentista-auxiliar-e-mais\/\">Source link <\/a><\/p>\n<!-- CONTENT END 1 -->\n","protected":false},"excerpt":{"rendered":"<p>A Cotrib\u00e1, empresa que \u00e9 a cooperativa agropecu\u00e1ria mais antiga do Brasil, est\u00e1 recrutando profissionais para compor o seu time na regi\u00e3o Sul. Quer dizer,&#8230;<\/p>\n","protected":false},"author":1,"featured_media":13181,"comment_status":"open","ping_status":"open","sticky":false,"template":"","format":"standard","meta":{"advanced_seo_description":"","jetpack_seo_html_title":"","jetpack_seo_noindex":false,"jetpack_post_was_ever_published":false,"_jetpack_newsletter_access":"","_jetpack_dont_email_post_to_subs":false,"_jetpack_newsletter_tier_id":0,"_jetpack_memberships_contains_paywalled_content":false,"_jetpack_memberships_contains_paid_content":false,"footnotes":"","jetpack_publicize_message":"","jetpack_publicize_feature_enabled":true,"jetpack_social_post_already_shared":true,"jetpack_social_options":{"image_generator_settings":{"template":"highway","default_image_id":0,"font":"","enabled":false},"version":2}},"categories":[7],"tags":[],"class_list":["post-13180","post","type-post","status-publish","format-standard","has-post-thumbnail","hentry","category-vagas-de-empregos-em-ribeirao-preto-regiao-brasil"],"jetpack_publicize_connections":[],"jetpack_featured_media_url":"https:\/\/i0.wp.com\/noticiasribeiraopreto.com.br\/wp-content\/uploads\/2023\/12\/noticiasconcursos.com_.br-cotriba-esta-na-procura-de-estoquista-frentista-auxiliar-e-mais-maxresdefault-2.jpg?fit=1280%2C720&ssl=1","jetpack-related-posts":[{"id":13176,"url":"https:\/\/noticiasribeiraopreto.com.br\/index.php\/2023\/12\/09\/quer-trabalhar-na-deltasul-conheca-a-lista-de-cargos-abertos\/","url_meta":{"origin":13180,"position":0},"title":"Quer trabalhar na Deltasul? Conhe\u00e7a a lista de cargos ABERTOS!","author":"noticiasribeiraopreto.com.br","date":"9 de December de 2023","format":false,"excerpt":"A Deltasul, companhia de com\u00e9rcio varejista que visa ser uma empresa eficiente e inovadora, que promova uma experi\u00eancia positiva e diferenciada na venda de produtos e servi\u00e7os, est\u00e1 recrutando profissionais no Sul. Isto \u00e9, antes mesmo de falar com mais detalhes sobre a companhia, veja a lista de cargos: Analista\u2026","rel":"","context":"In &quot;Vagas de Emprego em Ribeir\u00e3o Preto-SP&quot;","block_context":{"text":"Vagas de Emprego em Ribeir\u00e3o Preto-SP","link":"https:\/\/noticiasribeiraopreto.com.br\/index.php\/category\/empregos-classificados-vagas-trabalho\/vagas-de-empregos-em-ribeirao-preto-regiao-brasil\/"},"img":{"alt_text":"","src":"https:\/\/i0.wp.com\/noticiasribeiraopreto.com.br\/wp-content\/uploads\/2023\/12\/noticiasconcursos.com_.br-deltasul-volta-a-recrutar-no-mercado-saiba-mais-6ae159ee0edf18b81d523068cd1ee408.jpg?fit=1125%2C563&ssl=1&resize=350%2C200","width":350,"height":200,"srcset":"https:\/\/i0.wp.com\/noticiasribeiraopreto.com.br\/wp-content\/uploads\/2023\/12\/noticiasconcursos.com_.br-deltasul-volta-a-recrutar-no-mercado-saiba-mais-6ae159ee0edf18b81d523068cd1ee408.jpg?fit=1125%2C563&ssl=1&resize=350%2C200 1x, https:\/\/i0.wp.com\/noticiasribeiraopreto.com.br\/wp-content\/uploads\/2023\/12\/noticiasconcursos.com_.br-deltasul-volta-a-recrutar-no-mercado-saiba-mais-6ae159ee0edf18b81d523068cd1ee408.jpg?fit=1125%2C563&ssl=1&resize=525%2C300 1.5x, https:\/\/i0.wp.com\/noticiasribeiraopreto.com.br\/wp-content\/uploads\/2023\/12\/noticiasconcursos.com_.br-deltasul-volta-a-recrutar-no-mercado-saiba-mais-6ae159ee0edf18b81d523068cd1ee408.jpg?fit=1125%2C563&ssl=1&resize=700%2C400 2x, https:\/\/i0.wp.com\/noticiasribeiraopreto.com.br\/wp-content\/uploads\/2023\/12\/noticiasconcursos.com_.br-deltasul-volta-a-recrutar-no-mercado-saiba-mais-6ae159ee0edf18b81d523068cd1ee408.jpg?fit=1125%2C563&ssl=1&resize=1050%2C600 3x"},"classes":[]},{"id":13193,"url":"https:\/\/noticiasribeiraopreto.com.br\/index.php\/2023\/12\/09\/marcher-brasil-abre-cargos-no-sul-do-pais-se-candidate\/","url_meta":{"origin":13180,"position":1},"title":"Marcher Brasil ABRE CARGOS no Sul do pa\u00eds; Se candidate!","author":"noticiasribeiraopreto.com.br","date":"9 de December de 2023","format":false,"excerpt":"A Marcher Brasil, empresa que \u00e9 uma ind\u00fastria brasileira que oferece solu\u00e7\u00f5es inovadoras para o agricultor que deseja aumentar a sua lucratividade, est\u00e1 com v\u00e1rias vagas abertas. Quer dizer, se voc\u00ea est\u00e1 procurando um novo trabalho, vale a pena visualizar a lista de cargos dispon\u00edveis: Analista de Materiais SR \u2013\u2026","rel":"","context":"In &quot;Vagas de Emprego em Ribeir\u00e3o Preto-SP&quot;","block_context":{"text":"Vagas de Emprego em Ribeir\u00e3o Preto-SP","link":"https:\/\/noticiasribeiraopreto.com.br\/index.php\/category\/empregos-classificados-vagas-trabalho\/vagas-de-empregos-em-ribeirao-preto-regiao-brasil\/"},"img":{"alt_text":"","src":"https:\/\/i0.wp.com\/noticiasribeiraopreto.com.br\/wp-content\/uploads\/2023\/12\/noticiasconcursos.com_.br-maxresdefault-6.jpg?fit=1200%2C675&ssl=1&resize=350%2C200","width":350,"height":200,"srcset":"https:\/\/i0.wp.com\/noticiasribeiraopreto.com.br\/wp-content\/uploads\/2023\/12\/noticiasconcursos.com_.br-maxresdefault-6.jpg?fit=1200%2C675&ssl=1&resize=350%2C200 1x, https:\/\/i0.wp.com\/noticiasribeiraopreto.com.br\/wp-content\/uploads\/2023\/12\/noticiasconcursos.com_.br-maxresdefault-6.jpg?fit=1200%2C675&ssl=1&resize=525%2C300 1.5x, https:\/\/i0.wp.com\/noticiasribeiraopreto.com.br\/wp-content\/uploads\/2023\/12\/noticiasconcursos.com_.br-maxresdefault-6.jpg?fit=1200%2C675&ssl=1&resize=700%2C400 2x, https:\/\/i0.wp.com\/noticiasribeiraopreto.com.br\/wp-content\/uploads\/2023\/12\/noticiasconcursos.com_.br-maxresdefault-6.jpg?fit=1200%2C675&ssl=1&resize=1050%2C600 3x"},"classes":[]},{"id":22917,"url":"https:\/\/noticiasribeiraopreto.com.br\/index.php\/2023\/12\/31\/wickbold-segue-contratando-veja-cargos-e-locais\/","url_meta":{"origin":13180,"position":2},"title":"Wickbold SEGUE CONTRATANDO; Veja cargos e locais!","author":"noticiasribeiraopreto.com.br","date":"31 de December de 2023","format":false,"excerpt":"A Wickbold, empresa que \u00e9 uma famosa marca pioneira e inovadora na cria\u00e7\u00e3o de linhas diferenciadas de p\u00e3es especiais e com gr\u00e3os, est\u00e1 recrutando novos profissionais para sua equipe. Isto \u00e9, antes mesmo de ler mais sobre a empresa, conhe\u00e7a a lista de op\u00e7\u00f5es dispon\u00edveis: Analista Cont\u00e1bil Jr. | Vaga\u2026","rel":"","context":"In &quot;Vagas de Emprego em Ribeir\u00e3o Preto-SP&quot;","block_context":{"text":"Vagas de Emprego em Ribeir\u00e3o Preto-SP","link":"https:\/\/noticiasribeiraopreto.com.br\/index.php\/category\/empregos-classificados-vagas-trabalho\/vagas-de-empregos-em-ribeirao-preto-regiao-brasil\/"},"img":{"alt_text":"","src":"https:\/\/i0.wp.com\/noticiasribeiraopreto.com.br\/wp-content\/uploads\/2023\/12\/noticiasconcursos.com_.br-wickbold-volta-a-contratar-por-todo-o-pais-340830580-773587967461553-7189986353265732539-n-e1690541753877.jpg?fit=1080%2C853&ssl=1&resize=350%2C200","width":350,"height":200,"srcset":"https:\/\/i0.wp.com\/noticiasribeiraopreto.com.br\/wp-content\/uploads\/2023\/12\/noticiasconcursos.com_.br-wickbold-volta-a-contratar-por-todo-o-pais-340830580-773587967461553-7189986353265732539-n-e1690541753877.jpg?fit=1080%2C853&ssl=1&resize=350%2C200 1x, https:\/\/i0.wp.com\/noticiasribeiraopreto.com.br\/wp-content\/uploads\/2023\/12\/noticiasconcursos.com_.br-wickbold-volta-a-contratar-por-todo-o-pais-340830580-773587967461553-7189986353265732539-n-e1690541753877.jpg?fit=1080%2C853&ssl=1&resize=525%2C300 1.5x, https:\/\/i0.wp.com\/noticiasribeiraopreto.com.br\/wp-content\/uploads\/2023\/12\/noticiasconcursos.com_.br-wickbold-volta-a-contratar-por-todo-o-pais-340830580-773587967461553-7189986353265732539-n-e1690541753877.jpg?fit=1080%2C853&ssl=1&resize=700%2C400 2x, https:\/\/i0.wp.com\/noticiasribeiraopreto.com.br\/wp-content\/uploads\/2023\/12\/noticiasconcursos.com_.br-wickbold-volta-a-contratar-por-todo-o-pais-340830580-773587967461553-7189986353265732539-n-e1690541753877.jpg?fit=1080%2C853&ssl=1&resize=1050%2C600 3x"},"classes":[]},{"id":19852,"url":"https:\/\/noticiasribeiraopreto.com.br\/index.php\/2023\/12\/23\/alvorada-contrata-profissionais-no-norte-centro-oeste-e-mais\/","url_meta":{"origin":13180,"position":3},"title":"Alvorada CONTRATA profissionais no Norte, Centro-Oeste e mais!","author":"noticiasribeiraopreto.com.br","date":"23 de December de 2023","format":false,"excerpt":"A Alvorada Produtos Agropecu\u00e1rios, empresa vision\u00e1ria no ramo do agroneg\u00f3cio, que iniciou suas atividades no meio da d\u00e9cada de 80, est\u00e1 contratando novas pessoas para preencher o seu time. Isto \u00e9, antes de falar mais sobre, confira a lista de oportunidades abertas: Analista de Comunica\u00e7\u00e3o Interna \u2013 Campo Grande \u2013\u2026","rel":"","context":"In &quot;Vagas de Emprego em Ribeir\u00e3o Preto-SP&quot;","block_context":{"text":"Vagas de Emprego em Ribeir\u00e3o Preto-SP","link":"https:\/\/noticiasribeiraopreto.com.br\/index.php\/category\/empregos-classificados-vagas-trabalho\/vagas-de-empregos-em-ribeirao-preto-regiao-brasil\/"},"img":{"alt_text":"","src":"https:\/\/i0.wp.com\/noticiasribeiraopreto.com.br\/wp-content\/uploads\/2023\/12\/1703348280_noticiasconcursos.com_.br-alvorada-contrata-profissionais-no-norte-centro-oeste-e-mais-maxresdefault.jpg?fit=1200%2C675&ssl=1&resize=350%2C200","width":350,"height":200,"srcset":"https:\/\/i0.wp.com\/noticiasribeiraopreto.com.br\/wp-content\/uploads\/2023\/12\/1703348280_noticiasconcursos.com_.br-alvorada-contrata-profissionais-no-norte-centro-oeste-e-mais-maxresdefault.jpg?fit=1200%2C675&ssl=1&resize=350%2C200 1x, https:\/\/i0.wp.com\/noticiasribeiraopreto.com.br\/wp-content\/uploads\/2023\/12\/1703348280_noticiasconcursos.com_.br-alvorada-contrata-profissionais-no-norte-centro-oeste-e-mais-maxresdefault.jpg?fit=1200%2C675&ssl=1&resize=525%2C300 1.5x, https:\/\/i0.wp.com\/noticiasribeiraopreto.com.br\/wp-content\/uploads\/2023\/12\/1703348280_noticiasconcursos.com_.br-alvorada-contrata-profissionais-no-norte-centro-oeste-e-mais-maxresdefault.jpg?fit=1200%2C675&ssl=1&resize=700%2C400 2x, https:\/\/i0.wp.com\/noticiasribeiraopreto.com.br\/wp-content\/uploads\/2023\/12\/1703348280_noticiasconcursos.com_.br-alvorada-contrata-profissionais-no-norte-centro-oeste-e-mais-maxresdefault.jpg?fit=1200%2C675&ssl=1&resize=1050%2C600 3x"},"classes":[]},{"id":40062,"url":"https:\/\/noticiasribeiraopreto.com.br\/index.php\/2024\/02\/29\/vagas-de-empregos-na-grupo-rodonaves-para-trabalhar-em-ribeirao-preto-sp-2\/","url_meta":{"origin":13180,"position":4},"title":"Vagas de empregos na Grupo Rodonaves para trabalhar em Ribeir\u00e3o Preto-SP","author":"noticiasribeiraopreto.com.br","date":"29 de February de 2024","format":false,"excerpt":"Grupo RodonavesSelo de Feedback Fa\u00e7a parte do Grupo RodonavesAqui criamos caminhos para chegar nos nossos sonhos. Acreditamos que o destino \u00e9 uma conquista, mas o trajeto \u00e9 o que marca a nossa vida.\u00c9 como andar de bicicleta, a gente nunca esquece.Somos o\u00a0Grupo Rodonaves e come\u00e7amos nossa jornada em 1980 com\u2026","rel":"","context":"In &quot;Vagas de Emprego em Ribeir\u00e3o Preto-SP&quot;","block_context":{"text":"Vagas de Emprego em Ribeir\u00e3o Preto-SP","link":"https:\/\/noticiasribeiraopreto.com.br\/index.php\/category\/empregos-classificados-vagas-trabalho\/vagas-de-empregos-em-ribeirao-preto-regiao-brasil\/"},"img":{"alt_text":"","src":"https:\/\/i0.wp.com\/noticiasribeiraopreto.com.br\/wp-content\/uploads\/2024\/02\/1709243294_rte-rodonaves-atual-facebook.png?fit=540%2C284&ssl=1&resize=350%2C200","width":350,"height":200,"srcset":"https:\/\/i0.wp.com\/noticiasribeiraopreto.com.br\/wp-content\/uploads\/2024\/02\/1709243294_rte-rodonaves-atual-facebook.png?fit=540%2C284&ssl=1&resize=350%2C200 1x, https:\/\/i0.wp.com\/noticiasribeiraopreto.com.br\/wp-content\/uploads\/2024\/02\/1709243294_rte-rodonaves-atual-facebook.png?fit=540%2C284&ssl=1&resize=525%2C300 1.5x"},"classes":[]},{"id":47168,"url":"https:\/\/noticiasribeiraopreto.com.br\/index.php\/2024\/04\/25\/vagas-de-empregos-na-pacaembu-autopecas-para-trabalhar-em-ribeirao-preto-sp-ou-em-outras-cidades-3\/","url_meta":{"origin":13180,"position":5},"title":"Vagas de empregos na Pacaembu Autope\u00e7as para trabalhar em Ribeir\u00e3o Preto-SP ou em outras cidades","author":"noticiasribeiraopreto.com.br","date":"25 de April de 2024","format":false,"excerpt":"Analista Cont\u00e1bil S\u00eaniorS\u00e3o Paulo - SPEfetivo Analista de Administra\u00e7\u00e3o de Pessoal S\u00eaniorS\u00e3o Paulo - SPEfetivo Analista de Compras JuniorS\u00e3o Paulo - SPEfetivo Analista de Cr\u00e9dito e Cobran\u00e7a S\u00eaniorS\u00e3o Paulo - SPEfetivo Pacaembu Autope\u00e7as Analista Cont\u00e1bil S\u00eaniorS\u00e3o Paulo - SPEfetivo Vem dar um giro com a Pabu nas redes sociais \ud83d\ude0e\u2026","rel":"","context":"In &quot;Vagas de Emprego em Ribeir\u00e3o Preto-SP&quot;","block_context":{"text":"Vagas de Emprego em Ribeir\u00e3o Preto-SP","link":"https:\/\/noticiasribeiraopreto.com.br\/index.php\/category\/empregos-classificados-vagas-trabalho\/vagas-de-empregos-em-ribeirao-preto-regiao-brasil\/"},"img":{"alt_text":"","src":"https:\/\/i0.wp.com\/noticiasribeiraopreto.com.br\/wp-content\/uploads\/2024\/04\/50f2a3c8747c1cc77d356cd9b3b3868f.jpg?fit=478%2C280&ssl=1&resize=350%2C200","width":350,"height":200},"classes":[]}],"jetpack_sharing_enabled":true,"jetpack_shortlink":"https:\/\/wp.me\/peQAOb-3qA","_links":{"self":[{"href":"https:\/\/noticiasribeiraopreto.com.br\/index.php\/wp-json\/wp\/v2\/posts\/13180","targetHints":{"allow":["GET"]}}],"collection":[{"href":"https:\/\/noticiasribeiraopreto.com.br\/index.php\/wp-json\/wp\/v2\/posts"}],"about":[{"href":"https:\/\/noticiasribeiraopreto.com.br\/index.php\/wp-json\/wp\/v2\/types\/post"}],"author":[{"embeddable":true,"href":"https:\/\/noticiasribeiraopreto.com.br\/index.php\/wp-json\/wp\/v2\/users\/1"}],"replies":[{"embeddable":true,"href":"https:\/\/noticiasribeiraopreto.com.br\/index.php\/wp-json\/wp\/v2\/comments?post=13180"}],"version-history":[{"count":0,"href":"https:\/\/noticiasribeiraopreto.com.br\/index.php\/wp-json\/wp\/v2\/posts\/13180\/revisions"}],"wp:featuredmedia":[{"embeddable":true,"href":"https:\/\/noticiasribeiraopreto.com.br\/index.php\/wp-json\/wp\/v2\/media\/13181"}],"wp:attachment":[{"href":"https:\/\/noticiasribeiraopreto.com.br\/index.php\/wp-json\/wp\/v2\/media?parent=13180"}],"wp:term":[{"taxonomy":"category","embeddable":true,"href":"https:\/\/noticiasribeiraopreto.com.br\/index.php\/wp-json\/wp\/v2\/categories?post=13180"},{"taxonomy":"post_tag","embeddable":true,"href":"https:\/\/noticiasribeiraopreto.com.br\/index.php\/wp-json\/wp\/v2\/tags?post=13180"}],"curies":[{"name":"wp","href":"https:\/\/api.w.org\/{rel}","templated":true}]}}