{"id":13185,"date":"2023-12-09T13:00:20","date_gmt":"2023-12-09T16:00:20","guid":{"rendered":"https:\/\/noticiasribeiraopreto.com.br\/index.php\/2023\/12\/09\/esta-autorizada-conta-de-energia-gratuita-entenda\/"},"modified":"2023-12-09T13:00:20","modified_gmt":"2023-12-09T16:00:20","slug":"esta-autorizada-conta-de-energia-gratuita-entenda","status":"publish","type":"post","link":"https:\/\/noticiasribeiraopreto.com.br\/index.php\/2023\/12\/09\/esta-autorizada-conta-de-energia-gratuita-entenda\/","title":{"rendered":"Est\u00e1 autorizada conta de energia gratuita; entenda"},"content":{"rendered":"<div class='code-block code-block-1' style='margin: 8px 0 8px auto; text-align: right; display: block; clear: both;'>\n<p><a href=\"https:\/\/wa.link\/vpicfd\"><img data-recalc-dims=\"1\" class=\"wp-image-4922\" style=\"aspect-ratio: 2.0253164556962027; width: 561px; height: auto;\" src=\"https:\/\/i0.wp.com\/ismaelcolosi.com.br\/wp-content\/uploads\/2023\/11\/grupo-de-empregos-whatsapp-e-facebook-ismael-colosi-vagas.jpg?ssl=1\" alt=\"\" \/><\/a><\/p>\n<!-- \/wp:image -->\n<\/div>\n<p> <br \/>\n<\/p>\n<div id=\"attachment_2281800\">\n<div class=\"d-flex justify-content-center\" data-attachment-id=\"2281800\">\n<div class=\"position-relative d-inline-block\"><img data-recalc-dims=\"1\" data-portal-copyright=\"Istock\/tifonimages\" fetchpriority=\"high\" decoding=\"async\" class=\"size-full wp-image-2281800\" src=\"https:\/\/i0.wp.com\/catracalivre.com.br\/wp-content\/uploads\/2023\/07\/istock-1146686584.jpg?resize=1254%2C837&#038;ssl=1\" alt=\"Governo d\u00e1 EXCELENTE not\u00edcia sobre pre\u00e7o da energia\" width=\"1254\" height=\"837\" srcset=\"https:\/\/catracalivre.com.br\/wp-content\/uploads\/2023\/07\/istock-1146686584.jpg 1254w, https:\/\/catracalivre.com.br\/wp-content\/uploads\/2023\/07\/istock-1146686584-450x300.jpg 450w, https:\/\/catracalivre.com.br\/wp-content\/uploads\/2023\/07\/istock-1146686584-768x513.jpg 768w\" sizes=\"(max-width: 1254px) 100vw, 1254px\"\/><\/p>\n<p>Cr\u00e9ditos: Istock\/tifonimages<\/p>\n<\/div>\n<\/div>\n<p><span class=\"post-imagem__legenda\">Governo d\u00e1 EXCELENTE not\u00edcia sobre pre\u00e7o da energia<\/span><\/p>\n<\/div>\n<p>A Enel, presente em 23 munic\u00edpios do estado de S\u00e3o Paulo, anunciou a autoriza\u00e7\u00e3o para isentar do <a href=\"https:\/\/catracalivre.com.br\/cidadania\/regras-tarifa-social-energia\/\">pagamento<\/a> da conta de energia por tr\u00eas meses os clientes cadastrados no programa Tarifa Social. A iniciativa visa amparar aqueles que enfrentaram a interrup\u00e7\u00e3o do fornecimento el\u00e9trico por 48 horas ou mais nos dias subsequentes ao temporal ocorrido em 3 de novembro.<\/p>\n<p>Implementado por meio da Lei n\u00ba 10.438, o programa Tarifa Social \u00e9 uma iniciativa que oferece descontos e isen\u00e7\u00f5es na conta de energia el\u00e9trica. Financiado pela Conta de Desenvolvimento Energ\u00e9tico (CDE) e pelo Programa de Incentivo \u00e0s Fontes Alternativas de Energia El\u00e9trica (Proinfa), o programa tem como objetivo proporcionar al\u00edvio financeiro \u00e0s fam\u00edlias de baixa renda.<\/p>\n<p>Conforme dados da Aneel, mais de 24 milh\u00f5es de brasileiros foram beneficiados pelo Tarifa Social em 2022. Os descontos proporcionados pelo programa s\u00e3o cumulativos na categoria de tarifa residencial, com limites definidos de acordo com o consumo mensal:<\/p>\n<p>Essa estrutura de descontos visa garantir que as fam\u00edlias de baixa renda tenham acesso a um servi\u00e7o essencial, como a energia el\u00e9trica, sem agravar ainda mais o or\u00e7amento dom\u00e9stico.<\/p>\n<p>Para usufruir dos benef\u00edcios permanentes do Tarifa Social, \u00e9 necess\u00e1rio atender aos seguintes crit\u00e9rios:<\/p>\n<p><script>\n\t\t! function(f, b, e, v, n, t, s) {\n\t\t\tif (f.fbq) return;\n\t\t\tn = f.fbq = function() {\n\t\t\t\tn.callMethod ?\n\t\t\t\t\tn.callMethod.apply(n, arguments) : n.queue.push(arguments)\n\t\t\t};\n\t\t\tif (!f._fbq) f._fbq = n;\n\t\t\tn.push = n;\n\t\t\tn.loaded = !0;\n\t\t\tn.version = '2.0';\n\t\t\tn.queue = [];\n\t\t\tt = b.createElement(e);\n\t\t\tt.async = !0;\n\t\t\tt.src = v;\n\t\t\ts = b.getElementsByTagName(e)[0];\n\t\t\ts.parentNode.insertBefore(t, s)\n\t\t}(window, document, 'script',\n\t\t\t'https:\/\/connect.facebook.net\/en_US\/fbevents.js');\n\t\tfbq('init', '338315473262380');\n\t\tfbq('track', 'PageView');\n\t<\/script><br \/>\n<br \/><br \/>\n<br \/><a href=\"https:\/\/catracalivre.com.br\/cidadania\/esta-autorizada-conta-de-energia-gratuita-entenda\/\">Source link <\/a><\/p>\n<!-- CONTENT END 1 -->\n","protected":false},"excerpt":{"rendered":"<p>Cr\u00e9ditos: Istock\/tifonimages Governo d\u00e1 EXCELENTE not\u00edcia sobre pre\u00e7o da energia A Enel, presente em 23 munic\u00edpios do estado de S\u00e3o Paulo, anunciou a autoriza\u00e7\u00e3o para&#8230;<\/p>\n","protected":false},"author":1,"featured_media":13186,"comment_status":"open","ping_status":"open","sticky":false,"template":"","format":"standard","meta":{"advanced_seo_description":"","jetpack_seo_html_title":"","jetpack_seo_noindex":false,"jetpack_post_was_ever_published":false,"_jetpack_newsletter_access":"","_jetpack_dont_email_post_to_subs":false,"_jetpack_newsletter_tier_id":0,"_jetpack_memberships_contains_paywalled_content":false,"_jetpack_memberships_contains_paid_content":false,"footnotes":"","jetpack_publicize_message":"","jetpack_publicize_feature_enabled":true,"jetpack_social_post_already_shared":true,"jetpack_social_options":{"image_generator_settings":{"template":"highway","default_image_id":0,"font":"","enabled":false},"version":2}},"categories":[19],"tags":[],"class_list":["post-13185","post","type-post","status-publish","format-standard","has-post-thumbnail","hentry","category-variedades"],"jetpack_publicize_connections":[],"jetpack_featured_media_url":"https:\/\/i0.wp.com\/noticiasribeiraopreto.com.br\/wp-content\/uploads\/2023\/12\/1702137623_istock-1146686584.jpg?fit=1200%2C638&ssl=1","jetpack-related-posts":[{"id":23376,"url":"https:\/\/noticiasribeiraopreto.com.br\/index.php\/2024\/01\/02\/concurso-ministerio-da-pesca-e-aquicultura-e-autorizado-para-264-vagas-2\/","url_meta":{"origin":13185,"position":0},"title":"Concurso Minist\u00e9rio da Pesca e Aquicultura \u00e9 autorizado para 264 vagas","author":"noticiasribeiraopreto.com.br","date":"2 de January de 2024","format":false,"excerpt":"Um novo concurso Minist\u00e9rio da Pesca e Aquicultura (MPA) acaba de ser autorizado, nesta ter\u00e7a-feira, 2 de janeiro, por meio de portaria conjunta, publicada no di\u00e1rio oficial da Uni\u00e3o, pela ministra interina da Gest\u00e3o e da Inova\u00e7\u00e3o dos Servi\u00e7os P\u00fablicos, Cristima Kiomi Mori, e pelo ministro da Pesca, Carlos Cesar\u2026","rel":"","context":"In &quot;Vagas de Emprego em Ribeir\u00e3o Preto-SP&quot;","block_context":{"text":"Vagas de Emprego em Ribeir\u00e3o Preto-SP","link":"https:\/\/noticiasribeiraopreto.com.br\/index.php\/category\/empregos-classificados-vagas-trabalho\/vagas-de-empregos-em-ribeirao-preto-regiao-brasil\/"},"img":{"alt_text":"","src":"https:\/\/i0.wp.com\/noticiasribeiraopreto.com.br\/wp-content\/uploads\/2024\/01\/ministerio_da_pesca_e_aquicultura.jpg?fit=1200%2C675&ssl=1&resize=350%2C200","width":350,"height":200,"srcset":"https:\/\/i0.wp.com\/noticiasribeiraopreto.com.br\/wp-content\/uploads\/2024\/01\/ministerio_da_pesca_e_aquicultura.jpg?fit=1200%2C675&ssl=1&resize=350%2C200 1x, https:\/\/i0.wp.com\/noticiasribeiraopreto.com.br\/wp-content\/uploads\/2024\/01\/ministerio_da_pesca_e_aquicultura.jpg?fit=1200%2C675&ssl=1&resize=525%2C300 1.5x, https:\/\/i0.wp.com\/noticiasribeiraopreto.com.br\/wp-content\/uploads\/2024\/01\/ministerio_da_pesca_e_aquicultura.jpg?fit=1200%2C675&ssl=1&resize=700%2C400 2x, https:\/\/i0.wp.com\/noticiasribeiraopreto.com.br\/wp-content\/uploads\/2024\/01\/ministerio_da_pesca_e_aquicultura.jpg?fit=1200%2C675&ssl=1&resize=1050%2C600 3x"},"classes":[]},{"id":69837,"url":"https:\/\/noticiasribeiraopreto.com.br\/index.php\/2025\/05\/09\/jornal-da-franca-comissao-da-camara-de-franca-cobra-informacoes-das-secretarias-de-saude-e-educacao\/","url_meta":{"origin":13185,"position":1},"title":"Jornal da Franca &#8211; Comiss\u00e3o da C\u00e2mara de Franca cobra informa\u00e7\u00f5es das secretarias de Sa\u00fade e Educa\u00e7\u00e3o","author":"noticiasribeiraopreto.com.br","date":"9 de May de 2025","format":false,"excerpt":"compartilhar no whatsapp compartilhar no telegram compartilhar no facebook compartilhar no linkedin Grupo de vereadores fiscaliza condi\u00e7\u00f5es de trabalho de servidores municipais Os vereadores Mar\u00edlia Martins (PSOL), Gilson Pelizaro (PT), Marcelo Tidy (MDB) e Zezinho Cabeleireiro (PSD), integrantes da Comiss\u00e3o Especial de Assuntos Relevantes (CEAR) da C\u00e2mara Municipal de Franca,\u2026","rel":"","context":"In &quot;Not\u00edcias de Franca-SP&quot;","block_context":{"text":"Not\u00edcias de Franca-SP","link":"https:\/\/noticiasribeiraopreto.com.br\/index.php\/category\/noticias-de-ribeirao-preto-sp-e-regiao-ismael-colosi\/noticias-franca-sp\/"},"img":{"alt_text":"","src":"https:\/\/i0.wp.com\/noticiasribeiraopreto.com.br\/wp-content\/uploads\/2025\/05\/pLENARIO-10.jpg?fit=930%2C558&ssl=1&resize=350%2C200","width":350,"height":200,"srcset":"https:\/\/i0.wp.com\/noticiasribeiraopreto.com.br\/wp-content\/uploads\/2025\/05\/pLENARIO-10.jpg?fit=930%2C558&ssl=1&resize=350%2C200 1x, https:\/\/i0.wp.com\/noticiasribeiraopreto.com.br\/wp-content\/uploads\/2025\/05\/pLENARIO-10.jpg?fit=930%2C558&ssl=1&resize=525%2C300 1.5x, https:\/\/i0.wp.com\/noticiasribeiraopreto.com.br\/wp-content\/uploads\/2025\/05\/pLENARIO-10.jpg?fit=930%2C558&ssl=1&resize=700%2C400 2x"},"classes":[]},{"id":60952,"url":"https:\/\/noticiasribeiraopreto.com.br\/index.php\/2024\/11\/29\/caravana-de-natal-da-coca-cola-passa-por-cidades-da-regiao-de-ribeirao-veja-quais\/","url_meta":{"origin":13185,"position":2},"title":"Caravana de Natal da Coca-Cola passa por cidades da regi\u00e3o de Ribeir\u00e3o; Veja quais","author":"noticiasribeiraopreto.com.br","date":"29 de November de 2024","format":false,"excerpt":"A Caravana de Natal da Coca-Cola \u00e9 uma tradi\u00e7\u00e3o em diversas cidades da regi\u00e3o de Ribeir\u00e3o Preto. Nesta sexta-feira (29), o munic\u00edpio de Jaboticabal \u00e9 quem recebe o comboio iluminado \u2013 veja o trajeto abaixo. Com o tema \u201cDesperte o Papai Noel que h\u00e1 em Voc\u00ea\u201d, o desfile acontece sempre\u2026","rel":"","context":"In &quot;Not\u00edcias de Ribeir\u00e3o Preto-SP e Regi\u00e3o&quot;","block_context":{"text":"Not\u00edcias de Ribeir\u00e3o Preto-SP e Regi\u00e3o","link":"https:\/\/noticiasribeiraopreto.com.br\/index.php\/category\/noticias-de-ribeirao-preto-sp-e-regiao-ismael-colosi\/"},"img":{"alt_text":"","src":"https:\/\/i0.wp.com\/noticiasribeiraopreto.com.br\/wp-content\/uploads\/2024\/11\/Copia-de-Copia-de-Copia-de-TAMANHO-EXATO-PARA-FOTOS-NO-SISTEMA-NOVO-2024-11-29T164936.356_2024-11-29_19-49-42_png_2024-11-29_19-49-42.webp.webp?fit=1200%2C675&ssl=1&resize=350%2C200","width":350,"height":200,"srcset":"https:\/\/i0.wp.com\/noticiasribeiraopreto.com.br\/wp-content\/uploads\/2024\/11\/Copia-de-Copia-de-Copia-de-TAMANHO-EXATO-PARA-FOTOS-NO-SISTEMA-NOVO-2024-11-29T164936.356_2024-11-29_19-49-42_png_2024-11-29_19-49-42.webp.webp?fit=1200%2C675&ssl=1&resize=350%2C200 1x, https:\/\/i0.wp.com\/noticiasribeiraopreto.com.br\/wp-content\/uploads\/2024\/11\/Copia-de-Copia-de-Copia-de-TAMANHO-EXATO-PARA-FOTOS-NO-SISTEMA-NOVO-2024-11-29T164936.356_2024-11-29_19-49-42_png_2024-11-29_19-49-42.webp.webp?fit=1200%2C675&ssl=1&resize=525%2C300 1.5x, https:\/\/i0.wp.com\/noticiasribeiraopreto.com.br\/wp-content\/uploads\/2024\/11\/Copia-de-Copia-de-Copia-de-TAMANHO-EXATO-PARA-FOTOS-NO-SISTEMA-NOVO-2024-11-29T164936.356_2024-11-29_19-49-42_png_2024-11-29_19-49-42.webp.webp?fit=1200%2C675&ssl=1&resize=700%2C400 2x, https:\/\/i0.wp.com\/noticiasribeiraopreto.com.br\/wp-content\/uploads\/2024\/11\/Copia-de-Copia-de-Copia-de-TAMANHO-EXATO-PARA-FOTOS-NO-SISTEMA-NOVO-2024-11-29T164936.356_2024-11-29_19-49-42_png_2024-11-29_19-49-42.webp.webp?fit=1200%2C675&ssl=1&resize=1050%2C600 3x"},"classes":[]},{"id":19988,"url":"https:\/\/noticiasribeiraopreto.com.br\/index.php\/2023\/12\/23\/festa-da-uva-de-jundiai-sp-e-opcao-de-passeio-nas-ferias\/","url_meta":{"origin":13185,"position":3},"title":"Festa da Uva de Jundia\u00ed (SP) \u00e9 op\u00e7\u00e3o de passeio nas f\u00e9rias","author":"noticiasribeiraopreto.com.br","date":"23 de December de 2023","format":false,"excerpt":"A tradicional Festa da Uva de Jundia\u00ed, no interior de SP, chega aos 90 anos e ter\u00e1 quatro finais de semana de programa\u00e7\u00e3o. Al\u00e9m de shows e degusta\u00e7\u00e3o de vinhos, os visitantes ter\u00e3o \u00e0 disposi\u00e7\u00e3o uma grande variedade de produtos \u00e0 base da fruta. Cr\u00e9ditos: Divulga\u00e7\u00e3oA Festa da Uva de\u2026","rel":"","context":"In &quot;Variedades&quot;","block_context":{"text":"Variedades","link":"https:\/\/noticiasribeiraopreto.com.br\/index.php\/category\/variedades\/"},"img":{"alt_text":"","src":"https:\/\/i0.wp.com\/noticiasribeiraopreto.com.br\/wp-content\/uploads\/2023\/12\/cerimonia-de-pisa-da-uva.jpg?fit=1200%2C638&ssl=1&resize=350%2C200","width":350,"height":200,"srcset":"https:\/\/i0.wp.com\/noticiasribeiraopreto.com.br\/wp-content\/uploads\/2023\/12\/cerimonia-de-pisa-da-uva.jpg?fit=1200%2C638&ssl=1&resize=350%2C200 1x, https:\/\/i0.wp.com\/noticiasribeiraopreto.com.br\/wp-content\/uploads\/2023\/12\/cerimonia-de-pisa-da-uva.jpg?fit=1200%2C638&ssl=1&resize=525%2C300 1.5x, https:\/\/i0.wp.com\/noticiasribeiraopreto.com.br\/wp-content\/uploads\/2023\/12\/cerimonia-de-pisa-da-uva.jpg?fit=1200%2C638&ssl=1&resize=700%2C400 2x, https:\/\/i0.wp.com\/noticiasribeiraopreto.com.br\/wp-content\/uploads\/2023\/12\/cerimonia-de-pisa-da-uva.jpg?fit=1200%2C638&ssl=1&resize=1050%2C600 3x"},"classes":[]},{"id":61525,"url":"https:\/\/noticiasribeiraopreto.com.br\/index.php\/2024\/12\/15\/veja-qual-foi-o-tema-da-redacao-da-segunda-fase-da-fuvest\/","url_meta":{"origin":13185,"position":4},"title":"Veja qual foi o tema da reda\u00e7\u00e3o da segunda fase da Fuvest","author":"noticiasribeiraopreto.com.br","date":"15 de December de 2024","format":false,"excerpt":"Acontece neste domingo (15) o primeiro dia de provas da segunda fase da Fuvest 2025, principal forma de acesso \u00e0 USP (Universidade de S\u00e3o Paulo). Al\u00e9m das quest\u00f5es discursivas de Portugu\u00eas, os estudantes tamb\u00e9m tiveram de escrever uma reda\u00e7\u00e3o no formato de disserta\u00e7\u00e3o de car\u00e1ter argumentativo, que prop\u00f5e um ponto\u2026","rel":"","context":"In &quot;Not\u00edcias de Ribeir\u00e3o Preto-SP e Regi\u00e3o&quot;","block_context":{"text":"Not\u00edcias de Ribeir\u00e3o Preto-SP e Regi\u00e3o","link":"https:\/\/noticiasribeiraopreto.com.br\/index.php\/category\/noticias-de-ribeirao-preto-sp-e-regiao-ismael-colosi\/"},"img":{"alt_text":"","src":"https:\/\/i0.wp.com\/noticiasribeiraopreto.com.br\/wp-content\/uploads\/2024\/12\/usp_ribeirao_500x320_26072019111611.jpg?fit=500%2C322&ssl=1&resize=350%2C200","width":350,"height":200},"classes":[]},{"id":25273,"url":"https:\/\/noticiasribeiraopreto.com.br\/index.php\/2024\/01\/06\/herdeiro-de-bernard-arnault-dono-da-lvmh-assume-cadeira-de-comando-da-divisao-de-relogio-da-marca\/","url_meta":{"origin":13185,"position":5},"title":"Herdeiro de Bernard Arnault, dono da LVMH, assume cadeira de comando da divis\u00e3o de rel\u00f3gio da marca\u00a0","author":"noticiasribeiraopreto.com.br","date":"6 de January de 2024","format":false,"excerpt":"Um dos cinco filhos de Bernard Arnault, fundador e CEO da marca LVMH, est\u00e1 de cargo novo na companhia da fam\u00edlia. Frederic Arnault, de 29 anos, deve assumir o comando da divis\u00e3o de rel\u00f3gios da LVMH Watches.\u00a0 Em an\u00fancio nesta sexta-feira (5), a empresa de luxo informou que o herdeiro\u2026","rel":"","context":"In &quot;Dinheiro e Investimento&quot;","block_context":{"text":"Dinheiro e Investimento","link":"https:\/\/noticiasribeiraopreto.com.br\/index.php\/category\/dinheiro-e-investimento-como-fazer-como-ganhar\/"},"img":{"alt_text":"","src":"https:\/\/i0.wp.com\/noticiasribeiraopreto.com.br\/wp-content\/uploads\/2024\/01\/Bernard-Arnault-creditos-Shutterstock-Unsplash-montagem-Brenda-Silva-628x353.jpg?fit=628%2C353&ssl=1&resize=350%2C200","width":350,"height":200,"srcset":"https:\/\/i0.wp.com\/noticiasribeiraopreto.com.br\/wp-content\/uploads\/2024\/01\/Bernard-Arnault-creditos-Shutterstock-Unsplash-montagem-Brenda-Silva-628x353.jpg?fit=628%2C353&ssl=1&resize=350%2C200 1x, https:\/\/i0.wp.com\/noticiasribeiraopreto.com.br\/wp-content\/uploads\/2024\/01\/Bernard-Arnault-creditos-Shutterstock-Unsplash-montagem-Brenda-Silva-628x353.jpg?fit=628%2C353&ssl=1&resize=525%2C300 1.5x"},"classes":[]}],"jetpack_sharing_enabled":true,"jetpack_shortlink":"https:\/\/wp.me\/peQAOb-3qF","_links":{"self":[{"href":"https:\/\/noticiasribeiraopreto.com.br\/index.php\/wp-json\/wp\/v2\/posts\/13185","targetHints":{"allow":["GET"]}}],"collection":[{"href":"https:\/\/noticiasribeiraopreto.com.br\/index.php\/wp-json\/wp\/v2\/posts"}],"about":[{"href":"https:\/\/noticiasribeiraopreto.com.br\/index.php\/wp-json\/wp\/v2\/types\/post"}],"author":[{"embeddable":true,"href":"https:\/\/noticiasribeiraopreto.com.br\/index.php\/wp-json\/wp\/v2\/users\/1"}],"replies":[{"embeddable":true,"href":"https:\/\/noticiasribeiraopreto.com.br\/index.php\/wp-json\/wp\/v2\/comments?post=13185"}],"version-history":[{"count":0,"href":"https:\/\/noticiasribeiraopreto.com.br\/index.php\/wp-json\/wp\/v2\/posts\/13185\/revisions"}],"wp:featuredmedia":[{"embeddable":true,"href":"https:\/\/noticiasribeiraopreto.com.br\/index.php\/wp-json\/wp\/v2\/media\/13186"}],"wp:attachment":[{"href":"https:\/\/noticiasribeiraopreto.com.br\/index.php\/wp-json\/wp\/v2\/media?parent=13185"}],"wp:term":[{"taxonomy":"category","embeddable":true,"href":"https:\/\/noticiasribeiraopreto.com.br\/index.php\/wp-json\/wp\/v2\/categories?post=13185"},{"taxonomy":"post_tag","embeddable":true,"href":"https:\/\/noticiasribeiraopreto.com.br\/index.php\/wp-json\/wp\/v2\/tags?post=13185"}],"curies":[{"name":"wp","href":"https:\/\/api.w.org\/{rel}","templated":true}]}}