{"id":13187,"date":"2023-12-09T13:06:12","date_gmt":"2023-12-09T16:06:12","guid":{"rendered":"https:\/\/noticiasribeiraopreto.com.br\/index.php\/2023\/12\/09\/icomon-oferece-empregos-para-coordenador-a-auxiliar-e-mais\/"},"modified":"2023-12-09T13:06:12","modified_gmt":"2023-12-09T16:06:12","slug":"icomon-oferece-empregos-para-coordenador-a-auxiliar-e-mais","status":"publish","type":"post","link":"https:\/\/noticiasribeiraopreto.com.br\/index.php\/2023\/12\/09\/icomon-oferece-empregos-para-coordenador-a-auxiliar-e-mais\/","title":{"rendered":"Icomon OFERECE EMPREGOS para Coordenador (a), Auxiliar e mais!"},"content":{"rendered":"<div class='code-block code-block-1' style='margin: 8px 0 8px auto; text-align: right; display: block; clear: both;'>\n<p><a href=\"https:\/\/wa.link\/vpicfd\"><img data-recalc-dims=\"1\" class=\"wp-image-4922\" style=\"aspect-ratio: 2.0253164556962027; width: 561px; height: auto;\" src=\"https:\/\/i0.wp.com\/ismaelcolosi.com.br\/wp-content\/uploads\/2023\/11\/grupo-de-empregos-whatsapp-e-facebook-ismael-colosi-vagas.jpg?ssl=1\" alt=\"\" \/><\/a><\/p>\n<!-- \/wp:image -->\n<\/div>\n<p> <br \/>\n<\/p>\n<div>\n<p>A Icomon Tecnologia, empresa que atua h\u00e1 mais de 30 anos com alta performance em tecnologia e telecomunica\u00e7\u00f5es, est\u00e1 contratando funcion\u00e1rios (as) nas regi\u00f5es Sul, Sudeste e Norte do <a href=\"https:\/\/noticiasconcursos.com.br\/marcher-brasil-abre-cargos-no-sul-do-pais-se-candidate\/\">pa\u00eds<\/a>. Isto \u00e9, antes de falar mais sobre, confira quais s\u00e3o os principais cargos abertos no presente momento:<\/p>\n<ul>\n<li>Coordenador (a) de Servi\u00e7os Gerais \u2013 S\u00e3o Paulo \u2013 SP \u2013 Limpeza;<\/li>\n<li>Ligador (a) de Linhas Telef\u00f4nicas \u2013 Maring\u00e1 \u2013 PR \u2013 Telecomunica\u00e7\u00f5es;<\/li>\n<li>Ligador (a) de Linhas Telef\u00f4nicas \u2013 Cascavel \u2013 PR \u2013 Telecomunica\u00e7\u00f5es;<\/li>\n<li>Auxiliar de Telecom (OBRA) \u2013 Curitiba \u2013 PR \u2013 Telecomunica\u00e7\u00f5es;<\/li>\n<li>Controlador (a) de Acesso \u2013 S\u00e3o Paulo \u2013 SP -Portaria Industrial, Comercial;<\/li>\n<li>Auxiliar de Servi\u00e7os Gerais \u2013 S\u00e3o Paulo \u2013 SP \u2013 Limpeza;<\/li>\n<li>Auxiliar de Telecomunica\u00e7\u00f5es \u2013 Boa Vista \u2013 RR \u2013 Telecomunica\u00e7\u00f5es: <em>Auxiliar os cabistas e oficiais nas atividades de emenda e lan\u00e7amento de cabos a\u00e9reos e subterr\u00e2neo. Organiza\u00e7\u00e3o dos materiais, do ve\u00edculo, local de trabalho bem como a condu\u00e7\u00e3o do ve\u00edculo se necess\u00e1rio;<\/em><\/li>\n<li>Auxiliar de Telecomunica\u00e7\u00f5es \u2013 Macap\u00e1 \u2013 AP \u2013 Telecomunica\u00e7\u00f5es;<\/li>\n<li>Auxiliar de Telecomunica\u00e7\u00f5es \u2013 Amazonas \u2013 Manaus \u2013 AM \u2013 Telecomunica\u00e7\u00f5es;<\/li>\n<li>Cabista de Pressuriza\u00e7\u00e3o \u2013 S\u00e3o Paulo \u2013 SP \u2013 Telecomunica\u00e7\u00f5es: <em>Atuar\u00e1 como Cabista de pressuriza\u00e7\u00e3o; Realiza trabalho em espa\u00e7o confinado, para manuten\u00e7\u00e3o na rede subterr\u00e2nea.<\/em><\/li>\n<\/ul>\n<figure id=\"attachment_640506\" aria-describedby=\"caption-attachment-640506\" style=\"width: 800px\" class=\"wp-caption alignnone\"><img data-recalc-dims=\"1\" fetchpriority=\"high\" decoding=\"async\" class=\"size-full wp-image-640506\" alt=\"Icomon OFERECE EMPREGOS para Coordenador (a), Auxiliar e mais!\" width=\"800\" height=\"676\" srcset=\"https:\/\/noticiasconcursos.com.br\/wp-content\/uploads\/2023\/06\/noticiasconcursos.com.br-icomon-tecnologia-oferece-empregos-em-diversas-regioes-326742163-1913873738954272-4334982047268425276-n-e1685971689716.png 800w, https:\/\/noticiasconcursos.com.br\/wp-content\/uploads\/2023\/06\/noticiasconcursos.com.br-icomon-tecnologia-oferece-empregos-em-diversas-regioes-326742163-1913873738954272-4334982047268425276-n-e1685971689716-300x254.png 300w, https:\/\/noticiasconcursos.com.br\/wp-content\/uploads\/2023\/06\/noticiasconcursos.com.br-icomon-tecnologia-oferece-empregos-em-diversas-regioes-326742163-1913873738954272-4334982047268425276-n-e1685971689716-768x649.png 768w\" data-lazy-sizes=\"(max-width: 800px) 100vw, 800px\" src=\"https:\/\/i0.wp.com\/noticiasconcursos.com.br\/wp-content\/uploads\/2023\/06\/noticiasconcursos.com.br-icomon-tecnologia-oferece-empregos-em-diversas-regioes-326742163-1913873738954272-4334982047268425276-n-e1685971689716.png?resize=800%2C676&#038;ssl=1\"\/><noscript><img data-recalc-dims=\"1\" fetchpriority=\"high\" decoding=\"async\" class=\"size-full wp-image-640506\" src=\"https:\/\/i0.wp.com\/noticiasconcursos.com.br\/wp-content\/uploads\/2023\/06\/noticiasconcursos.com.br-icomon-tecnologia-oferece-empregos-em-diversas-regioes-326742163-1913873738954272-4334982047268425276-n-e1685971689716.png?resize=800%2C676&#038;ssl=1\" alt=\"Icomon OFERECE EMPREGOS para Coordenador (a), Auxiliar e mais!\" width=\"800\" height=\"676\" srcset=\"https:\/\/noticiasconcursos.com.br\/wp-content\/uploads\/2023\/06\/noticiasconcursos.com.br-icomon-tecnologia-oferece-empregos-em-diversas-regioes-326742163-1913873738954272-4334982047268425276-n-e1685971689716.png 800w, https:\/\/noticiasconcursos.com.br\/wp-content\/uploads\/2023\/06\/noticiasconcursos.com.br-icomon-tecnologia-oferece-empregos-em-diversas-regioes-326742163-1913873738954272-4334982047268425276-n-e1685971689716-300x254.png 300w, https:\/\/noticiasconcursos.com.br\/wp-content\/uploads\/2023\/06\/noticiasconcursos.com.br-icomon-tecnologia-oferece-empregos-em-diversas-regioes-326742163-1913873738954272-4334982047268425276-n-e1685971689716-768x649.png 768w\" sizes=\"(max-width: 800px) 100vw, 800px\"\/><\/noscript><figcaption id=\"caption-attachment-640506\" class=\"wp-caption-text\">Icomon Tecnologia \u00e9 refer\u00eancia no seu ramo. Foto: Divulga\u00e7\u00e3o.<\/figcaption><\/figure>\n<h3><strong>Mais sobre a Icomon\u00a0<\/strong><\/h3>\n<p>Sobre a Icomon, podemos frisar que, focada no setor de Telecomunica\u00e7\u00f5es, a empresa atende as principais operadoras e prestadoras de servi\u00e7os do segmento e det\u00e9m a maior parte das opera\u00e7\u00f5es na regi\u00e3o metropolitana de S\u00e3o Paulo.\u00a0Al\u00e9m disso, a Icomon est\u00e1 em constante evolu\u00e7\u00e3o e sempre em busca de novas tecnologias para otimizar os processos, oferecendo as melhores solu\u00e7\u00f5es do <a href=\"https:\/\/noticiasconcursos.com.br\/mercadocar-esta-em-busca-de-profissionais-pelo-pais\/\">mercado<\/a>.<\/p>\n<p>Com mais de 30 anos de experi\u00eancia, oferece solu\u00e7\u00f5es avan\u00e7adas em redes de fibra \u00f3ptica e met\u00e1lica, wireless, servi\u00e7os de voz, dados, TV (DTH e FTTX), acesso \u00e0 internet, equipamentos de transmiss\u00e3o, manuten\u00e7\u00e3o de infraestrutura AR, CC, CA, GMG, baterias e zeladoria, manuten\u00e7\u00e3o de CX e TX e Call Center Ativo\/Receptivo.<\/p>\n<p>A empresa possui mais de 8 mil profissionais, sendo que aproximadamente 7 mil atuam diretamente na execu\u00e7\u00e3o de opera\u00e7\u00f5es. Atualmente, a Icomon conta com uma frota de mais de 5 mil <a href=\"https:\/\/noticiasconcursos.com.br\/compreenda-as-categorias-de-veiculos-e-evite-multas-de-transito\/\">ve\u00edculos<\/a>, entre utilit\u00e1rios, caminh\u00f5es e autom\u00f3veis leves.<\/p>\n<h3><strong>Consulte alguns benef\u00edcios<\/strong><\/h3>\n<ul>\n<li>Vale alimenta\u00e7\u00e3o;<\/li>\n<li>Vale Refei\u00e7\u00e3o;<\/li>\n<li>Assist\u00eancia M\u00e9dica;<\/li>\n<li>Assist\u00eancia Odontol\u00f3gica;<\/li>\n<li>Seguro de vida;<\/li>\n<li>Vale transporte.<\/li>\n<\/ul>\n<div class=\"bs-irp left bs-irp-thumbnail-1\">\n<p>&#13;<br \/><span class=\"h-text heading-typo\">Voc\u00ea tamb\u00e9m pode gostar:<\/span>&#13; <\/p>\n<div class=\"code-block code-block-5\" style=\"margin: 8px auto; text-align: center; display: block; clear: both;\"> <a href=\"https:\/\/suaads.com\/ref\/ISMAELCOLOSI\" target=\"_blank\" rel=\"noopener\"><img data-recalc-dims=\"1\" decoding=\"async\" src=\"https:\/\/i0.wp.com\/suaurl.com\/img\/bannersref\/s.png?ssl=1\" alt=\"SuaUrl\"  style=\"max-width: 100%;\" class=\"lazy\" loading=\"lazy\"\/><noscript><img data-recalc-dims=\"1\" decoding=\"async\" src=\"https:\/\/i0.wp.com\/suaurl.com\/img\/bannersref\/s.png?ssl=1\" alt=\"SuaUrl\"  style=\"max-width: 100%;\"\/><\/noscript><\/a><\/div>\n<\/p><\/div>\n<h3><strong>Como realizar a sua candidatura?<\/strong><\/h3>\n<p>Bom, como j\u00e1 foi poss\u00edvel verificar a lista de cargos da <strong>Icomon Tecnologia<\/strong>, basta <strong><em><a href=\"https:\/\/www.infojobs.com.br\/icomon-tecnologia-ltda\/vagas\" target=\"_blank\" rel=\"noopener\">acessar esse link<\/a><\/em><\/strong> que voc\u00ea ir\u00e1 automaticamente \u00e0 p\u00e1gina da <strong>InfoJobs.<\/strong> Por l\u00e1, \u00e9 s\u00f3 conferir todos os detalhes referentes \u00e0 vaga (requisitos, fun\u00e7\u00f5es, benef\u00edcios, hor\u00e1rio de trabalho, etc..) com aten\u00e7\u00e3o e se candidatar.<\/p>\n<p>Para n\u00e3o perder nenhum detalhe dos principais assuntos do pa\u00eds e das melhores oportunidades, \u00e9 s\u00f3 conferir o NC!<\/p>\n<\/p><\/div>\n<p><br \/>\n<br \/><a href=\"https:\/\/ismaelcolosi.com.br\/icomon-oferece-empregos-para-coordenador-a-auxiliar-e-mais\/\">Source link <\/a><\/p>\n<!-- CONTENT END 1 -->\n","protected":false},"excerpt":{"rendered":"<p>A Icomon Tecnologia, empresa que atua h\u00e1 mais de 30 anos com alta performance em tecnologia e telecomunica\u00e7\u00f5es, est\u00e1 contratando funcion\u00e1rios (as) nas regi\u00f5es Sul,&#8230;<\/p>\n","protected":false},"author":1,"featured_media":13188,"comment_status":"open","ping_status":"open","sticky":false,"template":"","format":"standard","meta":{"advanced_seo_description":"","jetpack_seo_html_title":"","jetpack_seo_noindex":false,"jetpack_post_was_ever_published":false,"_jetpack_newsletter_access":"","_jetpack_dont_email_post_to_subs":false,"_jetpack_newsletter_tier_id":0,"_jetpack_memberships_contains_paywalled_content":false,"_jetpack_memberships_contains_paid_content":false,"footnotes":"","jetpack_publicize_message":"","jetpack_publicize_feature_enabled":true,"jetpack_social_post_already_shared":true,"jetpack_social_options":{"image_generator_settings":{"template":"highway","default_image_id":0,"font":"","enabled":false},"version":2}},"categories":[7],"tags":[],"class_list":["post-13187","post","type-post","status-publish","format-standard","has-post-thumbnail","hentry","category-vagas-de-empregos-em-ribeirao-preto-regiao-brasil"],"jetpack_publicize_connections":[],"jetpack_featured_media_url":"https:\/\/i0.wp.com\/noticiasribeiraopreto.com.br\/wp-content\/uploads\/2023\/12\/noticiasconcursos.com_.br-icomon-tecnologia-oferece-empregos-em-diversas-regioes-326742163-1913873738954272-4334982047268425276-n-e1685971689716.png?fit=800%2C676&ssl=1","jetpack-related-posts":[{"id":22629,"url":"https:\/\/noticiasribeiraopreto.com.br\/index.php\/2023\/12\/30\/rs-servicos-oferece-mais-de-100-vagas-envie-o-curriculo\/","url_meta":{"origin":13187,"position":0},"title":"RS Servi\u00e7os OFERECE mais de 100 vagas; Envie o curr\u00edculo!","author":"noticiasribeiraopreto.com.br","date":"30 de December de 2023","format":false,"excerpt":"A RS Servi\u00e7os, empresa que oferece solu\u00e7\u00f5es em terceiriza\u00e7\u00e3o de servi\u00e7os por meio de atendimento personalizado e dedicado, est\u00e1 com in\u00fameras possibilidades de emprego abertas. Sendo assim, antes de falar com mais \u00eanfase sobre a companhia, consulte quais s\u00e3o os cargos na lista abaixo: Executivo (a) de Vendas \u2013 S\u00e3o\u2026","rel":"","context":"In &quot;Vagas de Emprego em Ribeir\u00e3o Preto-SP&quot;","block_context":{"text":"Vagas de Emprego em Ribeir\u00e3o Preto-SP","link":"https:\/\/noticiasribeiraopreto.com.br\/index.php\/category\/empregos-classificados-vagas-trabalho\/vagas-de-empregos-em-ribeirao-preto-regiao-brasil\/"},"img":{"alt_text":"","src":"https:\/\/i0.wp.com\/noticiasribeiraopreto.com.br\/wp-content\/uploads\/2023\/12\/noticiasconcursos.com_.br-rs-servicos-oferece-mais-de-100-vagas-envie-o-curriculo-408792729-693709782859273-6711667342058639821-n-e1703950153190.jpg?fit=1200%2C830&ssl=1&resize=350%2C200","width":350,"height":200,"srcset":"https:\/\/i0.wp.com\/noticiasribeiraopreto.com.br\/wp-content\/uploads\/2023\/12\/noticiasconcursos.com_.br-rs-servicos-oferece-mais-de-100-vagas-envie-o-curriculo-408792729-693709782859273-6711667342058639821-n-e1703950153190.jpg?fit=1200%2C830&ssl=1&resize=350%2C200 1x, https:\/\/i0.wp.com\/noticiasribeiraopreto.com.br\/wp-content\/uploads\/2023\/12\/noticiasconcursos.com_.br-rs-servicos-oferece-mais-de-100-vagas-envie-o-curriculo-408792729-693709782859273-6711667342058639821-n-e1703950153190.jpg?fit=1200%2C830&ssl=1&resize=525%2C300 1.5x, https:\/\/i0.wp.com\/noticiasribeiraopreto.com.br\/wp-content\/uploads\/2023\/12\/noticiasconcursos.com_.br-rs-servicos-oferece-mais-de-100-vagas-envie-o-curriculo-408792729-693709782859273-6711667342058639821-n-e1703950153190.jpg?fit=1200%2C830&ssl=1&resize=700%2C400 2x, https:\/\/i0.wp.com\/noticiasribeiraopreto.com.br\/wp-content\/uploads\/2023\/12\/noticiasconcursos.com_.br-rs-servicos-oferece-mais-de-100-vagas-envie-o-curriculo-408792729-693709782859273-6711667342058639821-n-e1703950153190.jpg?fit=1200%2C830&ssl=1&resize=1050%2C600 3x"},"classes":[]},{"id":23095,"url":"https:\/\/noticiasribeiraopreto.com.br\/index.php\/2024\/01\/01\/grupo-muralha-abre-mais-de-35-vagas-conheca-os-cargos\/","url_meta":{"origin":13187,"position":1},"title":"Grupo Muralha ABRE mais de 35 VAGAS; Conhe\u00e7a os cargos!","author":"noticiasribeiraopreto.com.br","date":"1 de January de 2024","format":false,"excerpt":"O Grupo Muralha, empresa especializada em solu\u00e7\u00f5es personalizadas em Seguran\u00e7a Patrimonial, Pessoal, Portaria, Facilities, Limpeza e Conserva\u00e7\u00e3o, est\u00e1 com in\u00fameras oportunidades de emprego dispon\u00edveis. Quer dizer, se voc\u00ea est\u00e1 buscando um novo trabalho, consulte quais s\u00e3o os postos em aberto: Auxiliar de Servi\u00e7os Gerais \u2013 S\u00e3o Paulo \u2013 SP \u2013\u2026","rel":"","context":"In &quot;Vagas de Emprego em Ribeir\u00e3o Preto-SP&quot;","block_context":{"text":"Vagas de Emprego em Ribeir\u00e3o Preto-SP","link":"https:\/\/noticiasribeiraopreto.com.br\/index.php\/category\/empregos-classificados-vagas-trabalho\/vagas-de-empregos-em-ribeirao-preto-regiao-brasil\/"},"img":{"alt_text":"","src":"https:\/\/i0.wp.com\/noticiasribeiraopreto.com.br\/wp-content\/uploads\/2024\/01\/noticiasconcursos.com_.br-grupo-muralha-abre-mais-de-35-vagas-conheca-os-cargos-bn-home-02.jpg?fit=1200%2C500&ssl=1&resize=350%2C200","width":350,"height":200,"srcset":"https:\/\/i0.wp.com\/noticiasribeiraopreto.com.br\/wp-content\/uploads\/2024\/01\/noticiasconcursos.com_.br-grupo-muralha-abre-mais-de-35-vagas-conheca-os-cargos-bn-home-02.jpg?fit=1200%2C500&ssl=1&resize=350%2C200 1x, https:\/\/i0.wp.com\/noticiasribeiraopreto.com.br\/wp-content\/uploads\/2024\/01\/noticiasconcursos.com_.br-grupo-muralha-abre-mais-de-35-vagas-conheca-os-cargos-bn-home-02.jpg?fit=1200%2C500&ssl=1&resize=525%2C300 1.5x, https:\/\/i0.wp.com\/noticiasribeiraopreto.com.br\/wp-content\/uploads\/2024\/01\/noticiasconcursos.com_.br-grupo-muralha-abre-mais-de-35-vagas-conheca-os-cargos-bn-home-02.jpg?fit=1200%2C500&ssl=1&resize=700%2C400 2x, https:\/\/i0.wp.com\/noticiasribeiraopreto.com.br\/wp-content\/uploads\/2024\/01\/noticiasconcursos.com_.br-grupo-muralha-abre-mais-de-35-vagas-conheca-os-cargos-bn-home-02.jpg?fit=1200%2C500&ssl=1&resize=1050%2C600 3x"},"classes":[]},{"id":84247,"url":"https:\/\/noticiasribeiraopreto.com.br\/index.php\/2026\/04\/06\/pat-ribeirao-preto-comeca-semana-com-34-vagas-de-emprego-disponiveis\/","url_meta":{"origin":13187,"position":2},"title":"PAT Ribeir\u00e3o Preto come\u00e7a semana com 34 vagas de emprego dispon\u00edveis","author":"noticiasribeiraopreto.com.br","date":"6 de April de 2026","format":false,"excerpt":"Ler o resumo da not\u00edcia PAT Ribeir\u00e3o Preto come\u00e7a semana com 34 vagas de emprego dispon\u00edveis O PAT de Ribeir\u00e3o Preto fica na avenida Dr. Francisco Junqueira, 2625, no Jardim Macedo. Para se candidatar \u00e9 necess\u00e1rio que os interessados compare\u00e7am ao PAT de Ribeir\u00e3o Preto com RG, CPF e Carteira\u2026","rel":"","context":"In &quot;Not\u00edcias de Ribeir\u00e3o Preto-SP e Regi\u00e3o&quot;","block_context":{"text":"Not\u00edcias de Ribeir\u00e3o Preto-SP e Regi\u00e3o","link":"https:\/\/noticiasribeiraopreto.com.br\/index.php\/category\/noticias-de-ribeirao-preto-sp-e-regiao-ismael-colosi\/"},"img":{"alt_text":"","src":"https:\/\/i0.wp.com\/noticiasribeiraopreto.com.br\/wp-content\/uploads\/2026\/04\/carteira_de_1024x576_27092020203402_2025-07-07_21-38-43.webp.webp?fit=1024%2C576&ssl=1&resize=350%2C200","width":350,"height":200,"srcset":"https:\/\/i0.wp.com\/noticiasribeiraopreto.com.br\/wp-content\/uploads\/2026\/04\/carteira_de_1024x576_27092020203402_2025-07-07_21-38-43.webp.webp?fit=1024%2C576&ssl=1&resize=350%2C200 1x, https:\/\/i0.wp.com\/noticiasribeiraopreto.com.br\/wp-content\/uploads\/2026\/04\/carteira_de_1024x576_27092020203402_2025-07-07_21-38-43.webp.webp?fit=1024%2C576&ssl=1&resize=525%2C300 1.5x, https:\/\/i0.wp.com\/noticiasribeiraopreto.com.br\/wp-content\/uploads\/2026\/04\/carteira_de_1024x576_27092020203402_2025-07-07_21-38-43.webp.webp?fit=1024%2C576&ssl=1&resize=700%2C400 2x"},"classes":[]},{"id":22862,"url":"https:\/\/noticiasribeiraopreto.com.br\/index.php\/2023\/12\/31\/quata-alimentos-contrata-profissionais-no-seu-ramo\/","url_meta":{"origin":13187,"position":3},"title":"Quat\u00e1 Alimentos CONTRATA profissionais no seu ramo!","author":"noticiasribeiraopreto.com.br","date":"31 de December de 2023","format":false,"excerpt":"A Quat\u00e1 Alimentos, empresa que \u00e9\u00a0uma das maiores ind\u00fastrias de latic\u00ednios no pa\u00eds, est\u00e1 contratando profissionais no mercado de trabalho. Quer dizer, antes mesmo de falar mais sobre a companhia,, confira quais s\u00e3o as vagas da empresa atua para levar os melhores produtos de base l\u00e1ctea \u00e0 mesa das fam\u00edlias:\u2026","rel":"","context":"In &quot;Vagas de Emprego em Ribeir\u00e3o Preto-SP&quot;","block_context":{"text":"Vagas de Emprego em Ribeir\u00e3o Preto-SP","link":"https:\/\/noticiasribeiraopreto.com.br\/index.php\/category\/empregos-classificados-vagas-trabalho\/vagas-de-empregos-em-ribeirao-preto-regiao-brasil\/"},"img":{"alt_text":"","src":"https:\/\/i0.wp.com\/noticiasribeiraopreto.com.br\/wp-content\/uploads\/2023\/12\/noticiasconcursos.com_.br-quer-trabalhar-na-quata-alimentos-conheca-os-cargos-quata.jpg?fit=800%2C490&ssl=1&resize=350%2C200","width":350,"height":200,"srcset":"https:\/\/i0.wp.com\/noticiasribeiraopreto.com.br\/wp-content\/uploads\/2023\/12\/noticiasconcursos.com_.br-quer-trabalhar-na-quata-alimentos-conheca-os-cargos-quata.jpg?fit=800%2C490&ssl=1&resize=350%2C200 1x, https:\/\/i0.wp.com\/noticiasribeiraopreto.com.br\/wp-content\/uploads\/2023\/12\/noticiasconcursos.com_.br-quer-trabalhar-na-quata-alimentos-conheca-os-cargos-quata.jpg?fit=800%2C490&ssl=1&resize=525%2C300 1.5x, https:\/\/i0.wp.com\/noticiasribeiraopreto.com.br\/wp-content\/uploads\/2023\/12\/noticiasconcursos.com_.br-quer-trabalhar-na-quata-alimentos-conheca-os-cargos-quata.jpg?fit=800%2C490&ssl=1&resize=700%2C400 2x"},"classes":[]},{"id":83972,"url":"https:\/\/noticiasribeiraopreto.com.br\/index.php\/2026\/03\/30\/vagas-pat-ribeirao-preto-comeca-semana-com-43-oportunidades-de-emprego\/","url_meta":{"origin":13187,"position":4},"title":"Vagas: PAT Ribeir\u00e3o Preto come\u00e7a semana com 43 oportunidades de emprego","author":"noticiasribeiraopreto.com.br","date":"30 de March de 2026","format":false,"excerpt":"Ler o resumo da not\u00edcia PAT de Ribeir\u00e3o Preto oferece 43 vagas de emprego nesta segunda-feira (30), incluindo posi\u00e7\u00f5es como a\u00e7ougueiro, gar\u00e7om, repositor e vigilante patrimonial. Interessados devem comparecer ao posto na av. Dr. Francisco Junqueira, 2625, no Jardim Macedo, das 8h \u00e0s 16h, com RG, CPF e Carteira de\u2026","rel":"","context":"In &quot;Not\u00edcias de Ribeir\u00e3o Preto-SP e Regi\u00e3o&quot;","block_context":{"text":"Not\u00edcias de Ribeir\u00e3o Preto-SP e Regi\u00e3o","link":"https:\/\/noticiasribeiraopreto.com.br\/index.php\/category\/noticias-de-ribeirao-preto-sp-e-regiao-ismael-colosi\/"},"img":{"alt_text":"","src":"https:\/\/i0.wp.com\/noticiasribeiraopreto.com.br\/wp-content\/uploads\/2026\/03\/RibeiroPretoterfeirocommaisde800vagasdeempregonestaquinta_Tamanho_2_image_2026-02-09_15-24-19.webp.webp?fit=1200%2C900&ssl=1&resize=350%2C200","width":350,"height":200,"srcset":"https:\/\/i0.wp.com\/noticiasribeiraopreto.com.br\/wp-content\/uploads\/2026\/03\/RibeiroPretoterfeirocommaisde800vagasdeempregonestaquinta_Tamanho_2_image_2026-02-09_15-24-19.webp.webp?fit=1200%2C900&ssl=1&resize=350%2C200 1x, https:\/\/i0.wp.com\/noticiasribeiraopreto.com.br\/wp-content\/uploads\/2026\/03\/RibeiroPretoterfeirocommaisde800vagasdeempregonestaquinta_Tamanho_2_image_2026-02-09_15-24-19.webp.webp?fit=1200%2C900&ssl=1&resize=525%2C300 1.5x, https:\/\/i0.wp.com\/noticiasribeiraopreto.com.br\/wp-content\/uploads\/2026\/03\/RibeiroPretoterfeirocommaisde800vagasdeempregonestaquinta_Tamanho_2_image_2026-02-09_15-24-19.webp.webp?fit=1200%2C900&ssl=1&resize=700%2C400 2x, https:\/\/i0.wp.com\/noticiasribeiraopreto.com.br\/wp-content\/uploads\/2026\/03\/RibeiroPretoterfeirocommaisde800vagasdeempregonestaquinta_Tamanho_2_image_2026-02-09_15-24-19.webp.webp?fit=1200%2C900&ssl=1&resize=1050%2C600 3x"},"classes":[]},{"id":83305,"url":"https:\/\/noticiasribeiraopreto.com.br\/index.php\/2026\/03\/16\/pat-ribeirao-preto-comeca-semana-com-58-vagas-de-emprego-disponiveis\/","url_meta":{"origin":13187,"position":5},"title":"PAT Ribeir\u00e3o Preto come\u00e7a semana com 58 vagas de emprego dispon\u00edveis","author":"noticiasribeiraopreto.com.br","date":"16 de March de 2026","format":false,"excerpt":"O PAT (Posto de Atendimento ao Trabalhador) de Ribeir\u00e3o Preto conta com 58 vagas de emprego dispon\u00edveis nesta segunda-feira (16). Entre as oportunidades dispon\u00edveis, est\u00e3o para balconista, carpinteiro, jardineiro, manobrista e operador de caixa. O PAT de Ribeir\u00e3o Preto fica avenida Dr. Francisco Junqueira, 2625, no Jardim Macedo. Para se\u2026","rel":"","context":"In &quot;Not\u00edcias de Ribeir\u00e3o Preto-SP e Regi\u00e3o&quot;","block_context":{"text":"Not\u00edcias de Ribeir\u00e3o Preto-SP e Regi\u00e3o","link":"https:\/\/noticiasribeiraopreto.com.br\/index.php\/category\/noticias-de-ribeirao-preto-sp-e-regiao-ismael-colosi\/"},"img":{"alt_text":"","src":"https:\/\/i0.wp.com\/noticiasribeiraopreto.com.br\/wp-content\/uploads\/2026\/03\/pat-ribeirao-preto_2026-03-16_12-43-19.webp.webp?fit=1200%2C671&ssl=1&resize=350%2C200","width":350,"height":200,"srcset":"https:\/\/i0.wp.com\/noticiasribeiraopreto.com.br\/wp-content\/uploads\/2026\/03\/pat-ribeirao-preto_2026-03-16_12-43-19.webp.webp?fit=1200%2C671&ssl=1&resize=350%2C200 1x, https:\/\/i0.wp.com\/noticiasribeiraopreto.com.br\/wp-content\/uploads\/2026\/03\/pat-ribeirao-preto_2026-03-16_12-43-19.webp.webp?fit=1200%2C671&ssl=1&resize=525%2C300 1.5x, https:\/\/i0.wp.com\/noticiasribeiraopreto.com.br\/wp-content\/uploads\/2026\/03\/pat-ribeirao-preto_2026-03-16_12-43-19.webp.webp?fit=1200%2C671&ssl=1&resize=700%2C400 2x, https:\/\/i0.wp.com\/noticiasribeiraopreto.com.br\/wp-content\/uploads\/2026\/03\/pat-ribeirao-preto_2026-03-16_12-43-19.webp.webp?fit=1200%2C671&ssl=1&resize=1050%2C600 3x"},"classes":[]}],"jetpack_sharing_enabled":true,"jetpack_shortlink":"https:\/\/wp.me\/peQAOb-3qH","_links":{"self":[{"href":"https:\/\/noticiasribeiraopreto.com.br\/index.php\/wp-json\/wp\/v2\/posts\/13187","targetHints":{"allow":["GET"]}}],"collection":[{"href":"https:\/\/noticiasribeiraopreto.com.br\/index.php\/wp-json\/wp\/v2\/posts"}],"about":[{"href":"https:\/\/noticiasribeiraopreto.com.br\/index.php\/wp-json\/wp\/v2\/types\/post"}],"author":[{"embeddable":true,"href":"https:\/\/noticiasribeiraopreto.com.br\/index.php\/wp-json\/wp\/v2\/users\/1"}],"replies":[{"embeddable":true,"href":"https:\/\/noticiasribeiraopreto.com.br\/index.php\/wp-json\/wp\/v2\/comments?post=13187"}],"version-history":[{"count":0,"href":"https:\/\/noticiasribeiraopreto.com.br\/index.php\/wp-json\/wp\/v2\/posts\/13187\/revisions"}],"wp:featuredmedia":[{"embeddable":true,"href":"https:\/\/noticiasribeiraopreto.com.br\/index.php\/wp-json\/wp\/v2\/media\/13188"}],"wp:attachment":[{"href":"https:\/\/noticiasribeiraopreto.com.br\/index.php\/wp-json\/wp\/v2\/media?parent=13187"}],"wp:term":[{"taxonomy":"category","embeddable":true,"href":"https:\/\/noticiasribeiraopreto.com.br\/index.php\/wp-json\/wp\/v2\/categories?post=13187"},{"taxonomy":"post_tag","embeddable":true,"href":"https:\/\/noticiasribeiraopreto.com.br\/index.php\/wp-json\/wp\/v2\/tags?post=13187"}],"curies":[{"name":"wp","href":"https:\/\/api.w.org\/{rel}","templated":true}]}}