{"id":13244,"date":"2023-12-09T16:11:52","date_gmt":"2023-12-09T19:11:52","guid":{"rendered":"https:\/\/noticiasribeiraopreto.com.br\/index.php\/2023\/12\/09\/jalapao-e-destino-ideal-para-quem-busca-sossego-no-reveillon\/"},"modified":"2023-12-09T16:11:52","modified_gmt":"2023-12-09T19:11:52","slug":"jalapao-e-destino-ideal-para-quem-busca-sossego-no-reveillon","status":"publish","type":"post","link":"https:\/\/noticiasribeiraopreto.com.br\/index.php\/2023\/12\/09\/jalapao-e-destino-ideal-para-quem-busca-sossego-no-reveillon\/","title":{"rendered":"Jalap\u00e3o \u00e9 destino ideal para quem busca sossego no R\u00e9veillon"},"content":{"rendered":"<div class='code-block code-block-1' style='margin: 8px 0 8px auto; text-align: right; display: block; clear: both;'>\n<p><a href=\"https:\/\/wa.link\/vpicfd\"><img data-recalc-dims=\"1\" class=\"wp-image-4922\" style=\"aspect-ratio: 2.0253164556962027; width: 561px; height: auto;\" src=\"https:\/\/i0.wp.com\/ismaelcolosi.com.br\/wp-content\/uploads\/2023\/11\/grupo-de-empregos-whatsapp-e-facebook-ismael-colosi-vagas.jpg?ssl=1\" alt=\"\" \/><\/a><\/p>\n<!-- \/wp:image -->\n<\/div>\n<p> <br \/>\n<\/p>\n<div>\n<p>Procurando um destino tranquilo em meio \u00e0 natureza para passar o R\u00e9veillon? Que tal incluir na lista o Jalap\u00e3o, no <a href=\"https:\/\/catracalivre.com.br\/viagem-livre\/roteiros-mostram-belezas-das-serras-gerais-no-tocantins\/\">Tocantins<\/a> \u2013destino cada vez mais procurado por turistas que buscam roteiros de aventura e intensa natureza.<\/p>\n<p>O Jalap\u00e3o \u00e9 indicado para quem deseja fugir da agita\u00e7\u00e3o das festas de fim de ano e quer recarregar as energias, come\u00e7ando o novo ano com o p\u00e9 direito.<\/p>\n<div id=\"attachment_2119415\" class=\"wp-caption aligncenter\">\n<div class=\"d-flex justify-content-center\" data-attachment-id=\"2119415\">\n<div class=\"position-relative d-inline-block\"><img src=\"https:\/\/catracalivre.com.br\/viagem-livre\/jalapao-e-destino-ideal-para-quem-busca-sossego-no-reveillon\/Eduardo Andreassi\" fetchpriority=\"high\" decoding=\"async\" class=\"size-large wp-image-2119415\" alt=\"As famosas dunas do Jalap\u00e3o, para\u00edso na regi\u00e3o Norte do Brasil\" width=\"910\" height=\"607\" srcset=\"https:\/\/catracalivre.com.br\/wp-content\/uploads\/2020\/09\/img-4215-deserto-do-jalapao-foto-eduardo-andreassi-910x607.jpg 910w, https:\/\/catracalivre.com.br\/wp-content\/uploads\/2020\/09\/img-4215-deserto-do-jalapao-foto-eduardo-andreassi-450x300.jpg 450w, https:\/\/catracalivre.com.br\/wp-content\/uploads\/2020\/09\/img-4215-deserto-do-jalapao-foto-eduardo-andreassi-768x512.jpg 768w\" sizes=\"(max-width: 910px) 100vw, 910px\"\/><\/p>\n<p>Cr\u00e9ditos: Eduardo Andreassi<\/p>\n<\/div>\n<\/div>\n<p><span class=\"post-imagem__legenda\">As famosas dunas do Jalap\u00e3o, para\u00edso na regi\u00e3o Norte do Brasil<\/span><\/p>\n<\/div>\n<p>O destino na regi\u00e3o Norte, exatamente no centro geogr\u00e1fico do pa\u00eds, por exemplo, oferece aos turistas uma s\u00e9rie de atividades ligadas \u00e0 natureza.<\/p>\n<p>S\u00e3o rios com \u00e1gua l\u00edmpida e as deliciosas quedas d\u2019\u00e1gua, bem como o raro fen\u00f4meno dos fervedouros, no qual nascentes profundas permitem aos visitantes flutuar sem esfor\u00e7o algum.<\/p>\n<div id=\"attachment_1772034\" class=\"wp-caption aligncenter\">\n<div class=\"d-flex justify-content-center\" data-attachment-id=\"1772034\">\n<div class=\"position-relative d-inline-block\"><img loading=\"lazy\" src=\"https:\/\/catracalivre.com.br\/viagem-livre\/jalapao-e-destino-ideal-para-quem-busca-sossego-no-reveillon\/Divulga\u00e7\u00e3o\" decoding=\"async\" class=\"size-large wp-image-1772034\" alt=\"Fervedouro do Buriti, no Jalap\u00e3o\" width=\"910\" height=\"606\" srcset=\"https:\/\/catracalivre.com.br\/wp-content\/uploads\/2019\/04\/jalapao-tocantis-fervedouro-910x606.jpg 910w, https:\/\/catracalivre.com.br\/wp-content\/uploads\/2019\/04\/jalapao-tocantis-fervedouro-450x300.jpg 450w, https:\/\/catracalivre.com.br\/wp-content\/uploads\/2019\/04\/jalapao-tocantis-fervedouro-768x511.jpg 768w\" sizes=\"auto, (max-width: 910px) 100vw, 910px\"\/><\/p>\n<p>Cr\u00e9ditos: Divulga\u00e7\u00e3o<\/p>\n<\/div>\n<\/div>\n<p><span class=\"post-imagem__legenda\">Fervedouro do Buriti, no Jalap\u00e3o<\/span><\/p>\n<\/div>\n<p>Vale destacar ainda o conjunto de dunas douradas e as forma\u00e7\u00f5es rochosas, que entregam cen\u00e1rios espetaculares para apreciar o entardecer e, claro, fazer muitas fotos.<\/p>\n<h2>Parte mais tur\u00edstica do Jalap\u00e3o<\/h2>\n<p>A \u00e1rea mais tur\u00edstica do Jalap\u00e3o engloba munic\u00edpios como Ponte Alta e Mateiros.<\/p>\n<p>\u00c9 nessa regi\u00e3o que est\u00e3o concentradas algumas das principais atra\u00e7\u00f5es e roteiros do destino, palco de grandes atrativos naturais.<\/p>\n<div id=\"attachment_2323811\" class=\"wp-caption aligncenter\">\n<div class=\"d-flex justify-content-center\" data-attachment-id=\"2323811\">\n<div class=\"position-relative d-inline-block\"><img loading=\"lazy\" src=\"https:\/\/catracalivre.com.br\/viagem-livre\/jalapao-e-destino-ideal-para-quem-busca-sossego-no-reveillon\/FG Trade\/iStock\" decoding=\"async\" class=\"size-large wp-image-2323811\" alt=\"A vasta imensid\u00e3o do Jalap\u00e3o, no Tocantins\" width=\"910\" height=\"607\" srcset=\"https:\/\/catracalivre.com.br\/wp-content\/uploads\/2023\/12\/jalapao-910x607.jpg 910w, https:\/\/catracalivre.com.br\/wp-content\/uploads\/2023\/12\/jalapao-450x300.jpg 450w, https:\/\/catracalivre.com.br\/wp-content\/uploads\/2023\/12\/jalapao-768x512.jpg 768w\" sizes=\"auto, (max-width: 910px) 100vw, 910px\"\/><\/p>\n<p>Cr\u00e9ditos: FG Trade\/iStock<\/p>\n<\/div>\n<\/div>\n<p><span class=\"post-imagem__legenda\">A vasta imensid\u00e3o do Jalap\u00e3o, no Tocantins<\/span><\/p>\n<\/div>\n<p>Aqui, despontam a Cachoeira da Formiga, o C\u00e2nion da Su\u00e7uapara, o Mirante do Safari Camp, a Pedra Furada e a Serra da Muri\u00e7oca.<\/p>\n<h3>As Serras Gerais<\/h3>\n<p>Outra regi\u00e3o do Tocantins de igual beleza, mas menos explorada pelos turistas \u00e9 o Espig\u00e3o Central do Brasil \u2013ou <a href=\"https:\/\/catracalivre.com.br\/viagem-livre\/roteiros-mostram-belezas-das-serras-gerais-no-tocantins\/\">Serras Gerais<\/a>, como \u00e9 mais conhecido pelas comunidades locais.<\/p>\n<div id=\"attachment_1900000\" class=\"wp-caption aligncenter\">\n<div class=\"d-flex justify-content-center\" data-attachment-id=\"1900000\">\n<div class=\"position-relative d-inline-block\"><img src=\"https:\/\/catracalivre.com.br\/viagem-livre\/jalapao-e-destino-ideal-para-quem-busca-sossego-no-reveillon\/Thiago S\u00e1\/Governo do Tocantins\" loading=\"lazy\" decoding=\"async\" class=\"size-large wp-image-1900000\" alt=\"Vista do c\u00e2nion Encantado, no munic\u00edpio de Almas no Tocantins\" width=\"910\" height=\"606\" srcset=\"https:\/\/catracalivre.com.br\/wp-content\/uploads\/2019\/05\/tocantis-serras-gerais-roteiros1-910x606.jpg 910w, https:\/\/catracalivre.com.br\/wp-content\/uploads\/2019\/05\/tocantis-serras-gerais-roteiros1-450x300.jpg 450w, https:\/\/catracalivre.com.br\/wp-content\/uploads\/2019\/05\/tocantis-serras-gerais-roteiros1-768x512.jpg 768w\" sizes=\"auto, (max-width: 910px) 100vw, 910px\"\/><\/p>\n<p>Cr\u00e9ditos: Thiago S\u00e1\/Governo do Tocantins<\/p>\n<\/div>\n<\/div>\n<p><span class=\"post-imagem__legenda\">Vista do c\u00e2nion Encantado, no munic\u00edpio de Almas no Tocantins<\/span><\/p>\n<\/div>\n<p>O destino conta com cachoeiras, grutas, cascatas, mirantes, boqueir\u00f5es e trilhas, al\u00e9m de uma diversidade animal preservada.<\/p>\n<p>As Serras Gerais fazem parte da maior cadeia de serras do Brasil, sendo que seus atrativos est\u00e3o espalhados por v\u00e1rios munic\u00edpios, como Natividade, Almas, Dian\u00f3polis, Rio da Concei\u00e7\u00e3o e Aurora do Tocantins.<\/p>\n<div id=\"attachment_1900046\" class=\"wp-caption aligncenter\">\n<div class=\"d-flex justify-content-center\" data-attachment-id=\"1900046\">\n<div class=\"position-relative d-inline-block\"><img src=\"https:\/\/catracalivre.com.br\/viagem-livre\/jalapao-e-destino-ideal-para-quem-busca-sossego-no-reveillon\/Z\u00e9 Paiva\/Governo do Tocantins\" loading=\"lazy\" decoding=\"async\" class=\"size-large wp-image-1900046\" alt=\"O Morro do Fumo fica na Esta\u00e7\u00e3o Ecol\u00f3gica da Serra Geral, em Rio da Concei\u00e7\u00e3o\" width=\"910\" height=\"604\" srcset=\"https:\/\/catracalivre.com.br\/wp-content\/uploads\/2019\/05\/tocantis-serras-gerais-roteiros6-910x604.jpg 910w, https:\/\/catracalivre.com.br\/wp-content\/uploads\/2019\/05\/tocantis-serras-gerais-roteiros6-450x299.jpg 450w, https:\/\/catracalivre.com.br\/wp-content\/uploads\/2019\/05\/tocantis-serras-gerais-roteiros6-768x510.jpg 768w\" sizes=\"auto, (max-width: 910px) 100vw, 910px\"\/><\/p>\n<p>Cr\u00e9ditos: Z\u00e9 Paiva\/Governo do Tocantins<\/p>\n<\/div>\n<\/div>\n<p><span class=\"post-imagem__legenda\">O Morro do Fumo fica na Esta\u00e7\u00e3o Ecol\u00f3gica da Serra Geral, em Rio da Concei\u00e7\u00e3o<\/span><\/p>\n<\/div>\n<p>Entre os pontos tur\u00edsticos do destino est\u00e3o os Arcos do Sol, o C\u00e2nion Encantado, a Cidade de Pedra, a Lagoa do Japon\u00eas e a Trilha Urubu Rei.<\/p>\n<h3>Pacotes para o R\u00e9veillon<\/h3>\n<p>Quem quiser conhecer o Tocantins de uma forma diferenciada pode contar com roteiros e excurs\u00f5es organizados pela <a href=\"https:\/\/www.instagram.com\/koruboexpedicoes\/\" target=\"_blank\" rel=\"noopener\">Korubo<\/a>.<\/p>\n<div id=\"attachment_1900049\" class=\"wp-caption aligncenter\">\n<div class=\"d-flex justify-content-center\" data-attachment-id=\"1900049\">\n<div class=\"position-relative d-inline-block\"><img src=\"https:\/\/catracalivre.com.br\/viagem-livre\/jalapao-e-destino-ideal-para-quem-busca-sossego-no-reveillon\/Tharson Lope\" loading=\"lazy\" decoding=\"async\" class=\"size-large wp-image-1900049\" alt=\"Descida de boia cross no rio Manuel Alves no Tocantins\" width=\"910\" height=\"602\" srcset=\"https:\/\/catracalivre.com.br\/wp-content\/uploads\/2019\/05\/tocantis-serras-gerais-roteiros7-910x602.jpg 910w, https:\/\/catracalivre.com.br\/wp-content\/uploads\/2019\/05\/tocantis-serras-gerais-roteiros7-450x298.jpg 450w, https:\/\/catracalivre.com.br\/wp-content\/uploads\/2019\/05\/tocantis-serras-gerais-roteiros7-768x508.jpg 768w\" sizes=\"auto, (max-width: 910px) 100vw, 910px\"\/><\/p>\n<p>Cr\u00e9ditos: Tharson Lope<\/p>\n<\/div>\n<\/div>\n<p><span class=\"post-imagem__legenda\">Descida de boia cross no rio Manuel Alves no Tocantins<\/span><\/p>\n<\/div>\n<p>Especializada em glamping (camping com glamour), a empresa hospeda turistas em tendas grandes e confort\u00e1veis, que podem ter cama de casal ou de solteiro. Todas s\u00e3o iluminadas por LEDs, que funcionam com energia solar, j\u00e1 que n\u00e3o h\u00e1 rede el\u00e9trica na regi\u00e3o.<\/p>\n<div id=\"attachment_2191098\" class=\"wp-caption aligncenter\">\n<div class=\"d-flex justify-content-center\" data-attachment-id=\"2191098\">\n<div class=\"position-relative d-inline-block\"><img src=\"https:\/\/catracalivre.com.br\/viagem-livre\/jalapao-e-destino-ideal-para-quem-busca-sossego-no-reveillon\/Divulga\u00e7\u00e3o\/Korubo Expedi\u00e7\u00f5es\" loading=\"lazy\" decoding=\"async\" class=\"size-full wp-image-2191098\" alt=\"As cabanas oferecidas pela Korubo\" width=\"900\" height=\"569\" srcset=\"https:\/\/catracalivre.com.br\/wp-content\/uploads\/2021\/12\/jalapao-nov-2010-019.jpg 900w, https:\/\/catracalivre.com.br\/wp-content\/uploads\/2021\/12\/jalapao-nov-2010-019-450x285.jpg 450w, https:\/\/catracalivre.com.br\/wp-content\/uploads\/2021\/12\/jalapao-nov-2010-019-768x486.jpg 768w\" sizes=\"auto, (max-width: 900px) 100vw, 900px\"\/><\/p>\n<p>Cr\u00e9ditos: Divulga\u00e7\u00e3o\/Korubo Expedi\u00e7\u00f5es<\/p>\n<\/div>\n<\/div>\n<p><span class=\"post-imagem__legenda\">As cabanas oferecidas pela Korubo<\/span><\/p>\n<\/div>\n<p>O roteiro batizado de Trilha R\u00e9veillon contempla sete dias e seis noites (29 de dezembro a 4 de janeiro de 2024) no Jalap\u00e3o ou nas Serras Gerais.<\/p>\n<p>O pacote inclui regime de alimenta\u00e7\u00e3o all inclusive, transporte, hospedagem e atividades, bem como visitas aos principais pontos tur\u00edsticos. A viagem para cada destino sai R$ 5.800 por pessoa.<\/p>\n<div id=\"attachment_1745964\" class=\"wp-caption aligncenter\">\n<div class=\"d-flex justify-content-center\" data-attachment-id=\"1745964\">\n<div class=\"position-relative d-inline-block\"><img src=\"https:\/\/catracalivre.com.br\/viagem-livre\/jalapao-e-destino-ideal-para-quem-busca-sossego-no-reveillon\/Divulga\u00e7\u00e3o\" loading=\"lazy\" decoding=\"async\" class=\"wp-image-1745964 size-large\" alt=\"A Korubo tem pacotes especiais para o Ano Novo\" width=\"910\" height=\"677\" srcset=\"https:\/\/catracalivre.com.br\/wp-content\/uploads\/2019\/02\/safari-jalapao-tocantins-korubo2-910x677.png 910w, https:\/\/catracalivre.com.br\/wp-content\/uploads\/2019\/02\/safari-jalapao-tocantins-korubo2-450x335.png 450w, https:\/\/catracalivre.com.br\/wp-content\/uploads\/2019\/02\/safari-jalapao-tocantins-korubo2-768x571.png 768w\" sizes=\"auto, (max-width: 910px) 100vw, 910px\"\/><\/p>\n<p>Cr\u00e9ditos: Divulga\u00e7\u00e3o<\/p>\n<\/div>\n<\/div>\n<p><span class=\"post-imagem__legenda\">A Korubo tem pacotes especiais para o Ano Novo<\/span><\/p>\n<\/div>\n<p>Para quem tiver datas mais flex\u00edveis e desejar economizar neste fim de ano, a Korubo ainda est\u00e1 com a promo\u00e7\u00e3o de Black Friday, que garante 30% de desconto na viagem para o Jalap\u00e3o.<\/p>\n<p>\u00c9 poss\u00edvel optar pelo roteiro de seis dias e cinco noites (de 19 a 24 de dezembro), que est\u00e1 de R$ 4.280 por R$ 2.996.<\/p>\n<\/div>\n<p><script>\n\t\t! function(f, b, e, v, n, t, s) {\n\t\t\tif (f.fbq) return;\n\t\t\tn = f.fbq = function() {\n\t\t\t\tn.callMethod ?\n\t\t\t\t\tn.callMethod.apply(n, arguments) : n.queue.push(arguments)\n\t\t\t};\n\t\t\tif (!f._fbq) f._fbq = n;\n\t\t\tn.push = n;\n\t\t\tn.loaded = !0;\n\t\t\tn.version = '2.0';\n\t\t\tn.queue = [];\n\t\t\tt = b.createElement(e);\n\t\t\tt.async = !0;\n\t\t\tt.src = v;\n\t\t\ts = b.getElementsByTagName(e)[0];\n\t\t\ts.parentNode.insertBefore(t, s)\n\t\t}(window, document, 'script',\n\t\t\t'https:\/\/connect.facebook.net\/en_US\/fbevents.js');\n\t\tfbq('init', '338315473262380');\n\t\tfbq('track', 'PageView');\n\t<\/script><script async src=\"\/\/www.instagram.com\/embed.js\"><\/script><br \/>\n<br \/><br \/>\n<br \/><a href=\"https:\/\/catracalivre.com.br\/viagem-livre\/jalapao-e-destino-ideal-para-quem-busca-sossego-no-reveillon\/\">Source link <\/a><\/p>\n<!-- CONTENT END 1 -->\n","protected":false},"excerpt":{"rendered":"<p>Procurando um destino tranquilo em meio \u00e0 natureza para passar o R\u00e9veillon? Que tal incluir na lista o Jalap\u00e3o, no Tocantins \u2013destino cada vez mais&#8230;<\/p>\n","protected":false},"author":1,"featured_media":13245,"comment_status":"open","ping_status":"open","sticky":false,"template":"","format":"standard","meta":{"advanced_seo_description":"","jetpack_seo_html_title":"","jetpack_seo_noindex":false,"jetpack_post_was_ever_published":false,"_jetpack_newsletter_access":"","_jetpack_dont_email_post_to_subs":false,"_jetpack_newsletter_tier_id":0,"_jetpack_memberships_contains_paywalled_content":false,"_jetpack_memberships_contains_paid_content":false,"footnotes":"","jetpack_publicize_message":"","jetpack_publicize_feature_enabled":true,"jetpack_social_post_already_shared":true,"jetpack_social_options":{"image_generator_settings":{"template":"highway","default_image_id":0,"font":"","enabled":false},"version":2}},"categories":[19],"tags":[],"class_list":["post-13244","post","type-post","status-publish","format-standard","has-post-thumbnail","hentry","category-variedades"],"jetpack_publicize_connections":[],"jetpack_featured_media_url":"https:\/\/i0.wp.com\/noticiasribeiraopreto.com.br\/wp-content\/uploads\/2023\/12\/jalapao.jpg?fit=1200%2C638&ssl=1","jetpack-related-posts":[{"id":19298,"url":"https:\/\/noticiasribeiraopreto.com.br\/index.php\/2023\/12\/22\/destinos-proximos-a-sp-para-o-ano-novo\/","url_meta":{"origin":13244,"position":0},"title":"destinos pr\u00f3ximos a SP para o Ano Novo","author":"noticiasribeiraopreto.com.br","date":"22 de December de 2023","format":false,"excerpt":"O ano est\u00e1 acabando e, com 2024 batendo \u00e0 porta, aumenta tamb\u00e9m a procura pelos chamados \u201cdestinos de escapada\u201d para o Ano Novo. Para quem mora em S\u00e3o Paulo, s\u00e3o destinos geralmente mais pr\u00f3ximos \u00e0 capital, onde \u00e9 poss\u00edvel pensar em uma programa\u00e7\u00e3o completa para passar poucos dias ou mesmo\u2026","rel":"","context":"In &quot;Variedades&quot;","block_context":{"text":"Variedades","link":"https:\/\/noticiasribeiraopreto.com.br\/index.php\/category\/variedades\/"},"img":{"alt_text":"","src":"https:\/\/i0.wp.com\/noticiasribeiraopreto.com.br\/wp-content\/uploads\/2023\/12\/istock-522619781.jpg?fit=1200%2C638&ssl=1&resize=350%2C200","width":350,"height":200,"srcset":"https:\/\/i0.wp.com\/noticiasribeiraopreto.com.br\/wp-content\/uploads\/2023\/12\/istock-522619781.jpg?fit=1200%2C638&ssl=1&resize=350%2C200 1x, https:\/\/i0.wp.com\/noticiasribeiraopreto.com.br\/wp-content\/uploads\/2023\/12\/istock-522619781.jpg?fit=1200%2C638&ssl=1&resize=525%2C300 1.5x, https:\/\/i0.wp.com\/noticiasribeiraopreto.com.br\/wp-content\/uploads\/2023\/12\/istock-522619781.jpg?fit=1200%2C638&ssl=1&resize=700%2C400 2x, https:\/\/i0.wp.com\/noticiasribeiraopreto.com.br\/wp-content\/uploads\/2023\/12\/istock-522619781.jpg?fit=1200%2C638&ssl=1&resize=1050%2C600 3x"},"classes":[]},{"id":4705,"url":"https:\/\/noticiasribeiraopreto.com.br\/index.php\/2023\/11\/22\/13-hospedagens-para-celebrar-natal-e-reveillon\/","url_meta":{"origin":13244,"position":1},"title":"13 hospedagens para celebrar Natal e R\u00e9veillon","author":"noticiasribeiraopreto.com.br","date":"22 de November de 2023","format":false,"excerpt":"Faltam pouco mais de um m\u00eas para o Natal e R\u00e9veillon e j\u00e1 \u00e9 hora de se planejar para as festividades de final de ano. Nesta \u00e9poca, os destinos se transformam em lugares deslumbrantes, decorados com luzes brilhantes e decora\u00e7\u00f5es festivas, tornando os ambientes convidativos para celebrar em fam\u00edlia ou\u2026","rel":"","context":"In &quot;Variedades&quot;","block_context":{"text":"Variedades","link":"https:\/\/noticiasribeiraopreto.com.br\/index.php\/category\/variedades\/"},"img":{"alt_text":"","src":"https:\/\/i0.wp.com\/noticiasribeiraopreto.com.br\/wp-content\/uploads\/2023\/11\/praia-bonita-resort.jpg?fit=1200%2C638&ssl=1&resize=350%2C200","width":350,"height":200,"srcset":"https:\/\/i0.wp.com\/noticiasribeiraopreto.com.br\/wp-content\/uploads\/2023\/11\/praia-bonita-resort.jpg?fit=1200%2C638&ssl=1&resize=350%2C200 1x, https:\/\/i0.wp.com\/noticiasribeiraopreto.com.br\/wp-content\/uploads\/2023\/11\/praia-bonita-resort.jpg?fit=1200%2C638&ssl=1&resize=525%2C300 1.5x, https:\/\/i0.wp.com\/noticiasribeiraopreto.com.br\/wp-content\/uploads\/2023\/11\/praia-bonita-resort.jpg?fit=1200%2C638&ssl=1&resize=700%2C400 2x, https:\/\/i0.wp.com\/noticiasribeiraopreto.com.br\/wp-content\/uploads\/2023\/11\/praia-bonita-resort.jpg?fit=1200%2C638&ssl=1&resize=1050%2C600 3x"},"classes":[]},{"id":12488,"url":"https:\/\/noticiasribeiraopreto.com.br\/index.php\/2023\/12\/08\/10-cores-para-usar-no-ano-novo-e-seus-significados-meu-valor-digital\/","url_meta":{"origin":13244,"position":2},"title":"10 cores para usar no ano novo e seus significados &#8211; Meu Valor Digital","author":"noticiasribeiraopreto.com.br","date":"8 de December de 2023","format":false,"excerpt":"Dezembro chegou e \u00e9 hora de nos prepararmos para uma das festas mais emblem\u00e1ticas e esperadas em todo o mundo: o R\u00e9veillon. Enquanto nos despedimos do ano que passou, saudamos o pr\u00f3ximo com entusiasmo, esperan\u00e7a e alegria. Uma das tradi\u00e7\u00f5es mais cativantes deste momento especial \u00e9 a escolha das cores\u2026","rel":"","context":"In &quot;Vagas de Emprego em Ribeir\u00e3o Preto-SP&quot;","block_context":{"text":"Vagas de Emprego em Ribeir\u00e3o Preto-SP","link":"https:\/\/noticiasribeiraopreto.com.br\/index.php\/category\/empregos-classificados-vagas-trabalho\/vagas-de-empregos-em-ribeirao-preto-regiao-brasil\/"},"img":{"alt_text":"","src":"https:\/\/i0.wp.com\/noticiasribeiraopreto.com.br\/wp-content\/uploads\/2023\/12\/1-Ano-Novo.jpg?fit=1200%2C773&ssl=1&resize=350%2C200","width":350,"height":200,"srcset":"https:\/\/i0.wp.com\/noticiasribeiraopreto.com.br\/wp-content\/uploads\/2023\/12\/1-Ano-Novo.jpg?fit=1200%2C773&ssl=1&resize=350%2C200 1x, https:\/\/i0.wp.com\/noticiasribeiraopreto.com.br\/wp-content\/uploads\/2023\/12\/1-Ano-Novo.jpg?fit=1200%2C773&ssl=1&resize=525%2C300 1.5x, https:\/\/i0.wp.com\/noticiasribeiraopreto.com.br\/wp-content\/uploads\/2023\/12\/1-Ano-Novo.jpg?fit=1200%2C773&ssl=1&resize=700%2C400 2x, https:\/\/i0.wp.com\/noticiasribeiraopreto.com.br\/wp-content\/uploads\/2023\/12\/1-Ano-Novo.jpg?fit=1200%2C773&ssl=1&resize=1050%2C600 3x"},"classes":[]},{"id":22782,"url":"https:\/\/noticiasribeiraopreto.com.br\/index.php\/2023\/12\/31\/os-10-shows-de-fogos-mais-incriveis-do-reveillon\/","url_meta":{"origin":13244,"position":3},"title":"Os 10 shows de fogos mais incr\u00edveis do R\u00e9veillon","author":"noticiasribeiraopreto.com.br","date":"31 de December de 2023","format":false,"excerpt":"Faltam poucos dias para o R\u00e9veillon, e pa\u00edses do mundo todo est\u00e3o se preparando para receber 2024 em grande estilo. As tradi\u00e7\u00f5es e simpatias mudam de pessoa para pessoa: tem gente que leva a s\u00e9rio a cor da roupa \u00edntima usada no R\u00e9veillon, tem quem guarde sementes de rom\u00e3 na\u2026","rel":"","context":"In &quot;Variedades&quot;","block_context":{"text":"Variedades","link":"https:\/\/noticiasribeiraopreto.com.br\/index.php\/category\/variedades\/"},"img":{"alt_text":"","src":"https:\/\/i0.wp.com\/noticiasribeiraopreto.com.br\/wp-content\/uploads\/2023\/12\/unnamed-5-1.jpg?fit=1200%2C638&ssl=1&resize=350%2C200","width":350,"height":200,"srcset":"https:\/\/i0.wp.com\/noticiasribeiraopreto.com.br\/wp-content\/uploads\/2023\/12\/unnamed-5-1.jpg?fit=1200%2C638&ssl=1&resize=350%2C200 1x, https:\/\/i0.wp.com\/noticiasribeiraopreto.com.br\/wp-content\/uploads\/2023\/12\/unnamed-5-1.jpg?fit=1200%2C638&ssl=1&resize=525%2C300 1.5x, https:\/\/i0.wp.com\/noticiasribeiraopreto.com.br\/wp-content\/uploads\/2023\/12\/unnamed-5-1.jpg?fit=1200%2C638&ssl=1&resize=700%2C400 2x, https:\/\/i0.wp.com\/noticiasribeiraopreto.com.br\/wp-content\/uploads\/2023\/12\/unnamed-5-1.jpg?fit=1200%2C638&ssl=1&resize=1050%2C600 3x"},"classes":[]},{"id":20824,"url":"https:\/\/noticiasribeiraopreto.com.br\/index.php\/2023\/12\/26\/monte-verde-mg-tambem-e-opcao-de-destino-para-ir-no-verao\/","url_meta":{"origin":13244,"position":4},"title":"Monte Verde (MG) tamb\u00e9m \u00e9 op\u00e7\u00e3o de destino para ir no ver\u00e3o","author":"noticiasribeiraopreto.com.br","date":"26 de December de 2023","format":false,"excerpt":"Com temperaturas amenas durante o dia e um friozinho gostoso \u00e0 noite, o charmoso vilarejo mineiro de Monte Verde tamb\u00e9m \u00e9 destino para ir no ver\u00e3o. Distrito do munic\u00edpio de Camanducaia, no sul de Minas Gerais, Monte Verde oferece ref\u00fagios incr\u00edveis para hospedagem, al\u00e9m de passeios e atrativos para aproveitar\u2026","rel":"","context":"In &quot;Variedades&quot;","block_context":{"text":"Variedades","link":"https:\/\/noticiasribeiraopreto.com.br\/index.php\/category\/variedades\/"},"img":{"alt_text":"","src":"https:\/\/i0.wp.com\/noticiasribeiraopreto.com.br\/wp-content\/uploads\/2023\/12\/monte-verde-divulgacao-pmc.jpg?fit=1200%2C638&ssl=1&resize=350%2C200","width":350,"height":200,"srcset":"https:\/\/i0.wp.com\/noticiasribeiraopreto.com.br\/wp-content\/uploads\/2023\/12\/monte-verde-divulgacao-pmc.jpg?fit=1200%2C638&ssl=1&resize=350%2C200 1x, https:\/\/i0.wp.com\/noticiasribeiraopreto.com.br\/wp-content\/uploads\/2023\/12\/monte-verde-divulgacao-pmc.jpg?fit=1200%2C638&ssl=1&resize=525%2C300 1.5x, https:\/\/i0.wp.com\/noticiasribeiraopreto.com.br\/wp-content\/uploads\/2023\/12\/monte-verde-divulgacao-pmc.jpg?fit=1200%2C638&ssl=1&resize=700%2C400 2x, https:\/\/i0.wp.com\/noticiasribeiraopreto.com.br\/wp-content\/uploads\/2023\/12\/monte-verde-divulgacao-pmc.jpg?fit=1200%2C638&ssl=1&resize=1050%2C600 3x"},"classes":[]},{"id":70671,"url":"https:\/\/noticiasribeiraopreto.com.br\/index.php\/2025\/05\/28\/casacos-prontos-confira-tres-destinos-para-curtir-o-frio-na-regiao-de-ribeirao-preto\/","url_meta":{"origin":13244,"position":5},"title":"Casacos prontos? Confira tr\u00eas destinos para curtir o frio na regi\u00e3o de Ribeir\u00e3o Preto","author":"noticiasribeiraopreto.com.br","date":"28 de May de 2025","format":false,"excerpt":"A primeira frente fria do ano chega a Ribeir\u00e3o Preto nesta quinta-feira (29). O per\u00edodo \u00e9 ideal para quem busca op\u00e7\u00f5es de turismo na regi\u00e3o, especialmente em destinos voltados \u00e0 natureza, atividades ao ar livre e gastronomia do interior. As cidades do entorno oferecem passeios com foco em ecoturismo, hospedagens\u2026","rel":"","context":"In &quot;Not\u00edcias de Ribeir\u00e3o Preto-SP e Regi\u00e3o&quot;","block_context":{"text":"Not\u00edcias de Ribeir\u00e3o Preto-SP e Regi\u00e3o","link":"https:\/\/noticiasribeiraopreto.com.br\/index.php\/category\/noticias-de-ribeirao-preto-sp-e-regiao-ismael-colosi\/"},"img":{"alt_text":"","src":"https:\/\/i0.wp.com\/noticiasribeiraopreto.com.br\/wp-content\/uploads\/2025\/05\/Copia-de-Copia-de-Copia-de-TAMANHO-EXATO-PARA-FOTOS-NO-SISTEMA-NOVO-2025-05-28T174204.557_2025-05-28_20-42-22.webp.webp?fit=1200%2C675&ssl=1&resize=350%2C200","width":350,"height":200,"srcset":"https:\/\/i0.wp.com\/noticiasribeiraopreto.com.br\/wp-content\/uploads\/2025\/05\/Copia-de-Copia-de-Copia-de-TAMANHO-EXATO-PARA-FOTOS-NO-SISTEMA-NOVO-2025-05-28T174204.557_2025-05-28_20-42-22.webp.webp?fit=1200%2C675&ssl=1&resize=350%2C200 1x, https:\/\/i0.wp.com\/noticiasribeiraopreto.com.br\/wp-content\/uploads\/2025\/05\/Copia-de-Copia-de-Copia-de-TAMANHO-EXATO-PARA-FOTOS-NO-SISTEMA-NOVO-2025-05-28T174204.557_2025-05-28_20-42-22.webp.webp?fit=1200%2C675&ssl=1&resize=525%2C300 1.5x, https:\/\/i0.wp.com\/noticiasribeiraopreto.com.br\/wp-content\/uploads\/2025\/05\/Copia-de-Copia-de-Copia-de-TAMANHO-EXATO-PARA-FOTOS-NO-SISTEMA-NOVO-2025-05-28T174204.557_2025-05-28_20-42-22.webp.webp?fit=1200%2C675&ssl=1&resize=700%2C400 2x, https:\/\/i0.wp.com\/noticiasribeiraopreto.com.br\/wp-content\/uploads\/2025\/05\/Copia-de-Copia-de-Copia-de-TAMANHO-EXATO-PARA-FOTOS-NO-SISTEMA-NOVO-2025-05-28T174204.557_2025-05-28_20-42-22.webp.webp?fit=1200%2C675&ssl=1&resize=1050%2C600 3x"},"classes":[]}],"jetpack_sharing_enabled":true,"jetpack_shortlink":"https:\/\/wp.me\/peQAOb-3rC","_links":{"self":[{"href":"https:\/\/noticiasribeiraopreto.com.br\/index.php\/wp-json\/wp\/v2\/posts\/13244","targetHints":{"allow":["GET"]}}],"collection":[{"href":"https:\/\/noticiasribeiraopreto.com.br\/index.php\/wp-json\/wp\/v2\/posts"}],"about":[{"href":"https:\/\/noticiasribeiraopreto.com.br\/index.php\/wp-json\/wp\/v2\/types\/post"}],"author":[{"embeddable":true,"href":"https:\/\/noticiasribeiraopreto.com.br\/index.php\/wp-json\/wp\/v2\/users\/1"}],"replies":[{"embeddable":true,"href":"https:\/\/noticiasribeiraopreto.com.br\/index.php\/wp-json\/wp\/v2\/comments?post=13244"}],"version-history":[{"count":0,"href":"https:\/\/noticiasribeiraopreto.com.br\/index.php\/wp-json\/wp\/v2\/posts\/13244\/revisions"}],"wp:featuredmedia":[{"embeddable":true,"href":"https:\/\/noticiasribeiraopreto.com.br\/index.php\/wp-json\/wp\/v2\/media\/13245"}],"wp:attachment":[{"href":"https:\/\/noticiasribeiraopreto.com.br\/index.php\/wp-json\/wp\/v2\/media?parent=13244"}],"wp:term":[{"taxonomy":"category","embeddable":true,"href":"https:\/\/noticiasribeiraopreto.com.br\/index.php\/wp-json\/wp\/v2\/categories?post=13244"},{"taxonomy":"post_tag","embeddable":true,"href":"https:\/\/noticiasribeiraopreto.com.br\/index.php\/wp-json\/wp\/v2\/tags?post=13244"}],"curies":[{"name":"wp","href":"https:\/\/api.w.org\/{rel}","templated":true}]}}