{"id":13302,"date":"2023-12-09T19:42:37","date_gmt":"2023-12-09T22:42:37","guid":{"rendered":"https:\/\/noticiasribeiraopreto.com.br\/index.php\/2023\/12\/09\/the-blue-bloods-13a-temporada-vai-deixar-amado-personagem-em-perigo-meu-valor-digital\/"},"modified":"2023-12-09T19:42:37","modified_gmt":"2023-12-09T22:42:37","slug":"the-blue-bloods-13a-temporada-vai-deixar-amado-personagem-em-perigo-meu-valor-digital","status":"publish","type":"post","link":"https:\/\/noticiasribeiraopreto.com.br\/index.php\/2023\/12\/09\/the-blue-bloods-13a-temporada-vai-deixar-amado-personagem-em-perigo-meu-valor-digital\/","title":{"rendered":"The Blue Bloods: 13\u00aa temporada vai deixar amado personagem em perigo &#8211; Meu Valor Digital"},"content":{"rendered":"<div class='code-block code-block-1' style='margin: 8px 0 8px auto; text-align: right; display: block; clear: both;'>\n<p><a href=\"https:\/\/wa.link\/vpicfd\"><img data-recalc-dims=\"1\" class=\"wp-image-4922\" style=\"aspect-ratio: 2.0253164556962027; width: 561px; height: auto;\" src=\"https:\/\/i0.wp.com\/ismaelcolosi.com.br\/wp-content\/uploads\/2023\/11\/grupo-de-empregos-whatsapp-e-facebook-ismael-colosi-vagas.jpg?ssl=1\" alt=\"\" \/><\/a><\/p>\n<!-- \/wp:image -->\n<\/div>\n<p> <br \/>\n<\/p>\n<div> <!--<![endif]--><br \/>\n<head><meta charset=\"UTF-8\"\/><br \/>\n<meta http-equiv=\"X-UA-Compatible\" content=\"IE=edge\"\/><br \/>\n<meta name=\"viewport\" content=\"width=device-width, initial-scale=1.0\"\/>\n<link rel=\"pingback\" href=\"https:\/\/meuvalordigital.com.br\/xmlrpc.php\"\/>\n<meta name=\"robots\" content=\"index, follow, max-image-preview:large, max-snippet:-1, max-video-preview:-1\"\/><\/p>\n<p><title>The Blue Bloods: 13\u00aa temporada vai deixar amado personagem em perigo &#8211; Meu Valor Digital &#8211; Not\u00edcias atualizadas<\/title><br \/>\n<meta name=\"description\" content=\"No dia 19 de janeiro estreia no canal por assinatura, Universal TV, a 13\u00aa temporada de &quot;Blue Bloods&quot;. Logo no in\u00edcio do epis\u00f3dio de estreia\"\/>\n<link rel=\"canonical\" href=\"https:\/\/meuvalordigital.com.br\/the-blue-bloods-13a-temporada-vai-deixar-amado-personagem-em-perigo\/\"\/>\n<meta property=\"og:locale\" content=\"pt_BR\"\/><br \/>\n<meta property=\"og:type\" content=\"article\"\/><br \/>\n<meta property=\"og:title\" content=\"The Blue Bloods: 13\u00aa temporada vai deixar amado personagem em perigo\"\/><br \/>\n<meta property=\"og:description\" content=\"No dia 19 de janeiro estreia no canal por assinatura, Universal TV, a 13\u00aa temporada de &quot;Blue Bloods&quot;. Logo no in\u00edcio do epis\u00f3dio de estreia\"\/><br \/>\n<meta property=\"og:url\" content=\"https:\/\/meuvalordigital.com.br\/the-blue-bloods-13a-temporada-vai-deixar-amado-personagem-em-perigo\/\"\/><br \/>\n<meta property=\"og:site_name\" content=\"Meu Valor Digital - Not\u00edcias atualizadas\"\/><br \/>\n<meta property=\"article:publisher\" content=\"https:\/\/www.facebook.com\/meuvalordigital\/\"\/><br \/>\n<meta property=\"article:published_time\" content=\"2023-12-09T22:14:18+00:00\"\/><br \/>\n<meta property=\"article:modified_time\" content=\"2023-12-09T22:14:21+00:00\"\/><br \/>\n<meta property=\"og:image\" content=\"https:\/\/meuvalordigital.com.br\/wp-content\/uploads\/2023\/12\/The-Blue-Bloods.jpg\"\/><br \/>\n<meta property=\"og:image:width\" content=\"1240\"\/><br \/>\n<meta property=\"og:image:height\" content=\"800\"\/><br \/>\n<meta property=\"og:image:type\" content=\"image\/jpeg\"\/><br \/>\n<meta name=\"author\" content=\"Jorge Roberto Wright\"\/><br \/>\n<meta name=\"twitter:card\" content=\"summary_large_image\"\/><br \/>\n<meta name=\"twitter:creator\" content=\"@meuvalordigital\"\/><br \/>\n<meta name=\"twitter:site\" content=\"@meuvalordigital\"\/><br \/>\n<meta name=\"twitter:label1\" content=\"Escrito por\"\/><br \/>\n<meta name=\"twitter:data1\" content=\"Jorge Roberto Wright\"\/><br \/>\n<meta name=\"twitter:label2\" content=\"Est. tempo de leitura\"\/><br \/>\n<meta name=\"twitter:data2\" content=\"2 minutos\"\/><\/p>\n<link rel=\"amphtml\" href=\"https:\/\/meuvalordigital.com.br\/the-blue-bloods-13a-temporada-vai-deixar-amado-personagem-em-perigo\/amp\/\"\/><meta name=\"generator\" content=\"AMP for WP 1.0.85\"\/><link rel=\"dns-prefetch\" href=\"https:\/\/www.googletagmanager.com\"\/>\n<link rel=\"dns-prefetch\" href=\"https:\/\/pagead2.googlesyndication.com\"\/>\n<link rel=\"alternate\" type=\"application\/rss+xml\" title=\"Feed para Meu Valor Digital - Not\u00edcias atualizadas \u00bb\" href=\"https:\/\/meuvalordigital.com.br\/feed\/\"\/>\n<link rel=\"alternate\" type=\"application\/rss+xml\" title=\"Feed de coment\u00e1rios para Meu Valor Digital - Not\u00edcias atualizadas \u00bb\" href=\"https:\/\/meuvalordigital.com.br\/comments\/feed\/\"\/>\n<link rel=\"alternate\" type=\"application\/rss+xml\" title=\"Feed de Meu Valor Digital - Not\u00edcias atualizadas \u00bb Story\" href=\"https:\/\/meuvalordigital.com.br\/web-stories\/feed\/\"\/>\n<p><!--[if lt IE 9]>\n\n<![endif]--><br \/>\n<!--[if lt IE 9]>\n\n<![endif]-->\n<link rel=\"https:\/\/api.w.org\/\" href=\"https:\/\/meuvalordigital.com.br\/wp-json\/\"\/><link rel=\"alternate\" type=\"application\/json\" href=\"https:\/\/meuvalordigital.com.br\/wp-json\/wp\/v2\/posts\/33336\"\/><link rel=\"EditURI\" type=\"application\/rsd+xml\" title=\"RSD\" href=\"https:\/\/meuvalordigital.com.br\/xmlrpc.php?rsd\"\/>\n<meta name=\"generator\" content=\"WordPress 6.4.2\"\/>\n<link rel=\"shortlink\" href=\"https:\/\/meuvalordigital.com.br\/?p=33336\"\/>\n<link rel=\"alternate\" type=\"application\/json+oembed\" href=\"https:\/\/meuvalordigital.com.br\/wp-json\/oembed\/1.0\/embed?url=https%3A%2F%2Fmeuvalordigital.com.br%2Fthe-blue-bloods-13a-temporada-vai-deixar-amado-personagem-em-perigo%2F\"\/>\n<link rel=\"alternate\" type=\"text\/xml+oembed\" href=\"https:\/\/meuvalordigital.com.br\/wp-json\/oembed\/1.0\/embed?url=https%3A%2F%2Fmeuvalordigital.com.br%2Fthe-blue-bloods-13a-temporada-vai-deixar-amado-personagem-em-perigo%2F&amp;format=xml\"\/>\n<p><meta name=\"generator\" content=\"Site Kit by Google 1.111.1\"\/><\/p>\n<p><meta name=\"google-adsense-platform-account\" content=\"ca-host-pub-2644536267352236\"\/><br \/>\n<meta name=\"google-adsense-platform-domain\" content=\"sitekit.withgoogle.com\"\/><\/p>\n<p><meta name=\"generator\" content=\"Powered by WPBakery Page Builder - drag and drop page builder for WordPress.\"\/><\/p>\n<link rel=\"icon\" href=\"https:\/\/meuvalordigital.com.br\/wp-content\/uploads\/2020\/10\/cropped-pequena-1-32x32.png\" sizes=\"32x32\"\/>\n<link rel=\"icon\" href=\"https:\/\/meuvalordigital.com.br\/wp-content\/uploads\/2020\/10\/cropped-pequena-1-192x192.png\" sizes=\"192x192\"\/>\n<link rel=\"apple-touch-icon\" href=\"https:\/\/meuvalordigital.com.br\/wp-content\/uploads\/2020\/10\/cropped-pequena-1-180x180.png\"\/>\n<meta name=\"msapplication-TileImage\" content=\"https:\/\/meuvalordigital.com.br\/wp-content\/uploads\/2020\/10\/cropped-pequena-1-270x270.png\"\/><\/p>\n<p><noscript\/><br \/>\n<noscript\/> <\/head><br \/>\n<body data-rsssl=\"1\" class=\"post-template-default single single-post postid-33336 single-format-standard bs-theme bs-publisher bs-publisher-magly active-light-box active-top-line ltr close-rh page-layout-2-col page-layout-2-col-right full-width main-menu-sticky-smart main-menu-stretched active-ajax-search single-prim-cat-75 single-cat-75 single-cat-4068  wpb-js-composer js-comp-ver-6.7.0 vc_responsive bs-ll-d\" dir=\"ltr\" id=\"wp_automatic_ReadabilityBody\"><\/p>\n<div class=\"main-wrap content-main-wrap\">\n<nav role=\"navigation\" aria-label=\"Breadcrumbs\" class=\"bf-breadcrumb clearfix bc-top-style\">\n<div class=\"container bf-breadcrumb-container\">\n<ul class=\"bf-breadcrumb-items\"><meta name=\"numberOfItems\" content=\"3\"\/><meta name=\"itemListOrder\" content=\"Ascending\"\/><\/p>\n<li class=\"bf-breadcrumb-item bf-breadcrumb-begin\"><a href=\"https:\/\/meuvalordigital.com.br\" rel=\"home\"><span>In\u00edcio<\/span><\/a><meta content=\"1\"\/><\/li>\n<li class=\"bf-breadcrumb-item\"><a href=\"https:\/\/meuvalordigital.com.br\/category\/chamadas\/\"><span>Chamadas<\/span><\/a><meta content=\"2\"\/><\/li>\n<li class=\"bf-breadcrumb-item bf-breadcrumb-end\"><span>The Blue Bloods: 13\u00aa temporada vai deixar amado personagem em perigo<\/span><meta content=\"https:\/\/meuvalordigital.com.br\/the-blue-bloods-13a-temporada-vai-deixar-amado-personagem-em-perigo\/\"\/><meta content=\"3\"\/><\/li>\n<\/ul>\n<\/div>\n<\/nav>\n<\/div>\n<p><span class=\"back-top\"><i class=\"fa fa-arrow-up\"\/><\/span><\/p>\n<p><noscript><iframe loading=\"lazy\" src=\"https:\/\/www.googletagmanager.com\/ns.html?id=GTM-M2RVST6\" height=\"0\" width=\"0\" style=\"display:none;visibility:hidden\" aria-hidden=\"true\"><\/iframe><\/noscript><\/p>\n<p><\/body>\n<\/div>\n<p><br \/>\n<br \/><a href=\"https:\/\/meuvalordigital.com.br\/the-blue-bloods-13a-temporada-vai-deixar-amado-personagem-em-perigo\/\">Source link <\/a><\/p>\n<!-- CONTENT END 1 -->\n","protected":false},"excerpt":{"rendered":"<p>The Blue Bloods: 13\u00aa temporada vai deixar amado personagem em perigo &#8211; Meu Valor Digital &#8211; Not\u00edcias atualizadas In\u00edcio Chamadas The Blue Bloods: 13\u00aa temporada&#8230;<\/p>\n","protected":false},"author":1,"featured_media":13303,"comment_status":"open","ping_status":"open","sticky":false,"template":"","format":"standard","meta":{"advanced_seo_description":"","jetpack_seo_html_title":"","jetpack_seo_noindex":false,"jetpack_post_was_ever_published":false,"_jetpack_newsletter_access":"","_jetpack_dont_email_post_to_subs":false,"_jetpack_newsletter_tier_id":0,"_jetpack_memberships_contains_paywalled_content":false,"_jetpack_memberships_contains_paid_content":false,"footnotes":"","jetpack_publicize_message":"","jetpack_publicize_feature_enabled":true,"jetpack_social_post_already_shared":true,"jetpack_social_options":{"image_generator_settings":{"template":"highway","default_image_id":0,"font":"","enabled":false},"version":2}},"categories":[7],"tags":[],"class_list":["post-13302","post","type-post","status-publish","format-standard","has-post-thumbnail","hentry","category-vagas-de-empregos-em-ribeirao-preto-regiao-brasil"],"jetpack_publicize_connections":[],"jetpack_featured_media_url":"https:\/\/i0.wp.com\/noticiasribeiraopreto.com.br\/wp-content\/uploads\/2023\/12\/The-Blue-Bloods.jpg?fit=1240%2C800&ssl=1","jetpack-related-posts":[{"id":11758,"url":"https:\/\/noticiasribeiraopreto.com.br\/index.php\/2023\/12\/06\/the-boys-quarta-temporada-podera-ter-morte-de-personagem-amado-meu-valor-digital\/","url_meta":{"origin":13302,"position":0},"title":"The Boys: quarta temporada poder\u00e1 ter morte de personagem amado &#8211; Meu Valor Digital","author":"noticiasribeiraopreto.com.br","date":"6 de December de 2023","format":false,"excerpt":"The Boys: quarta temporada poder\u00e1 ter morte de personagem amado - Meu Valor Digital - Not\u00edcias atualizadas In\u00edcioChamadasThe Boys: quarta temporada poder\u00e1 ter morte de personagem amado Source link","rel":"","context":"In &quot;Vagas de Emprego em Ribeir\u00e3o Preto-SP&quot;","block_context":{"text":"Vagas de Emprego em Ribeir\u00e3o Preto-SP","link":"https:\/\/noticiasribeiraopreto.com.br\/index.php\/category\/empregos-classificados-vagas-trabalho\/vagas-de-empregos-em-ribeirao-preto-regiao-brasil\/"},"img":{"alt_text":"","src":"https:\/\/i0.wp.com\/noticiasribeiraopreto.com.br\/wp-content\/uploads\/2023\/12\/The-Boys-1.jpg?fit=1200%2C773&ssl=1&resize=350%2C200","width":350,"height":200,"srcset":"https:\/\/i0.wp.com\/noticiasribeiraopreto.com.br\/wp-content\/uploads\/2023\/12\/The-Boys-1.jpg?fit=1200%2C773&ssl=1&resize=350%2C200 1x, https:\/\/i0.wp.com\/noticiasribeiraopreto.com.br\/wp-content\/uploads\/2023\/12\/The-Boys-1.jpg?fit=1200%2C773&ssl=1&resize=525%2C300 1.5x, https:\/\/i0.wp.com\/noticiasribeiraopreto.com.br\/wp-content\/uploads\/2023\/12\/The-Boys-1.jpg?fit=1200%2C773&ssl=1&resize=700%2C400 2x, https:\/\/i0.wp.com\/noticiasribeiraopreto.com.br\/wp-content\/uploads\/2023\/12\/The-Boys-1.jpg?fit=1200%2C773&ssl=1&resize=1050%2C600 3x"},"classes":[]},{"id":22733,"url":"https:\/\/noticiasribeiraopreto.com.br\/index.php\/2023\/12\/30\/loki-e-a-serie-mais-assistida-do-disney-em-2023-meu-valor-digital\/","url_meta":{"origin":13302,"position":1},"title":"Loki: \u00e9 a s\u00e9rie mais assistida do Disney+ em 2023 &#8211; Meu Valor Digital","author":"noticiasribeiraopreto.com.br","date":"30 de December de 2023","format":false,"excerpt":"Uma das s\u00e9ries mais comentadas em 2023 foi com certeza \u201cLoki\u201d do Disney+. A trama vem fazendo sucesso gra\u00e7as ao amor que o p\u00fablico tem pelo personagem, mesmo sabendo que ele \u00e9 um vil\u00e3o. O personagem sempre chamou\u00a0 a aten\u00e7\u00e3o pelo seu jeito de ser. Na hist\u00f3ria, ele \u00e9 o\u2026","rel":"","context":"In &quot;Vagas de Emprego em Ribeir\u00e3o Preto-SP&quot;","block_context":{"text":"Vagas de Emprego em Ribeir\u00e3o Preto-SP","link":"https:\/\/noticiasribeiraopreto.com.br\/index.php\/category\/empregos-classificados-vagas-trabalho\/vagas-de-empregos-em-ribeirao-preto-regiao-brasil\/"},"img":{"alt_text":"","src":"https:\/\/i0.wp.com\/noticiasribeiraopreto.com.br\/wp-content\/uploads\/2023\/12\/Loki-serie.jpg?fit=1200%2C800&ssl=1&resize=350%2C200","width":350,"height":200,"srcset":"https:\/\/i0.wp.com\/noticiasribeiraopreto.com.br\/wp-content\/uploads\/2023\/12\/Loki-serie.jpg?fit=1200%2C800&ssl=1&resize=350%2C200 1x, https:\/\/i0.wp.com\/noticiasribeiraopreto.com.br\/wp-content\/uploads\/2023\/12\/Loki-serie.jpg?fit=1200%2C800&ssl=1&resize=525%2C300 1.5x, https:\/\/i0.wp.com\/noticiasribeiraopreto.com.br\/wp-content\/uploads\/2023\/12\/Loki-serie.jpg?fit=1200%2C800&ssl=1&resize=700%2C400 2x, https:\/\/i0.wp.com\/noticiasribeiraopreto.com.br\/wp-content\/uploads\/2023\/12\/Loki-serie.jpg?fit=1200%2C800&ssl=1&resize=1050%2C600 3x"},"classes":[]},{"id":13324,"url":"https:\/\/noticiasribeiraopreto.com.br\/index.php\/2023\/12\/09\/conheca-as-4-series-mais-assistidas-da-hbo-max-meu-valor-digital\/","url_meta":{"origin":13302,"position":2},"title":"Conhe\u00e7a as 4 s\u00e9ries mais assistidas da HBO Max &#8211; Meu Valor Digital","author":"noticiasribeiraopreto.com.br","date":"9 de December de 2023","format":false,"excerpt":"A HBO Max divulgou as s\u00e9ries mais assistidas do seu cat\u00e1logo nesse final de ano. Sendo que quatro delas est\u00e3o chamando bastante aten\u00e7\u00e3o do p\u00fablico. Inclusive uma produ\u00e7\u00e3o animada para adulto vem ganhando bastante destaque dentro da plataforma. No dia 8 de dezembro, a HBO divulgou uma lista com os\u2026","rel":"","context":"In &quot;Vagas de Emprego em Ribeir\u00e3o Preto-SP&quot;","block_context":{"text":"Vagas de Emprego em Ribeir\u00e3o Preto-SP","link":"https:\/\/noticiasribeiraopreto.com.br\/index.php\/category\/empregos-classificados-vagas-trabalho\/vagas-de-empregos-em-ribeirao-preto-regiao-brasil\/"},"img":{"alt_text":"","src":"https:\/\/i0.wp.com\/noticiasribeiraopreto.com.br\/wp-content\/uploads\/2023\/12\/A-Casa-do-Dragao.jpg?fit=1200%2C774&ssl=1&resize=350%2C200","width":350,"height":200,"srcset":"https:\/\/i0.wp.com\/noticiasribeiraopreto.com.br\/wp-content\/uploads\/2023\/12\/A-Casa-do-Dragao.jpg?fit=1200%2C774&ssl=1&resize=350%2C200 1x, https:\/\/i0.wp.com\/noticiasribeiraopreto.com.br\/wp-content\/uploads\/2023\/12\/A-Casa-do-Dragao.jpg?fit=1200%2C774&ssl=1&resize=525%2C300 1.5x, https:\/\/i0.wp.com\/noticiasribeiraopreto.com.br\/wp-content\/uploads\/2023\/12\/A-Casa-do-Dragao.jpg?fit=1200%2C774&ssl=1&resize=700%2C400 2x, https:\/\/i0.wp.com\/noticiasribeiraopreto.com.br\/wp-content\/uploads\/2023\/12\/A-Casa-do-Dragao.jpg?fit=1200%2C774&ssl=1&resize=1050%2C600 3x"},"classes":[]},{"id":11865,"url":"https:\/\/noticiasribeiraopreto.com.br\/index.php\/2023\/12\/06\/chicago-fire-severide-vai-voltar-para-12a-temporada-meu-valor-digital\/","url_meta":{"origin":13302,"position":3},"title":"Chicago Fire: Severide vai voltar para 12\u00aa temporada &#8211; Meu Valor Digital","author":"noticiasribeiraopreto.com.br","date":"6 de December de 2023","format":false,"excerpt":"Quando Taylor Kinney, que interpreta o bombeiro Severide em \u201cChicago Fire\u201d decidiu deixar a s\u00e9rie, os f\u00e3s entraram em polvorosa e come\u00e7aram a pedir o seu retorno. Mas parece que o ator decidiu voltar para mais uma temporada da s\u00e9rie.\u00a0 Kinney voltar\u00e1 a interpretar Kelly Severide na 12\u00aa temporada da\u2026","rel":"","context":"In &quot;Vagas de Emprego em Ribeir\u00e3o Preto-SP&quot;","block_context":{"text":"Vagas de Emprego em Ribeir\u00e3o Preto-SP","link":"https:\/\/noticiasribeiraopreto.com.br\/index.php\/category\/empregos-classificados-vagas-trabalho\/vagas-de-empregos-em-ribeirao-preto-regiao-brasil\/"},"img":{"alt_text":"","src":"https:\/\/i0.wp.com\/noticiasribeiraopreto.com.br\/wp-content\/uploads\/2023\/12\/Chicago-Fire-1.jpg?fit=1200%2C773&ssl=1&resize=350%2C200","width":350,"height":200,"srcset":"https:\/\/i0.wp.com\/noticiasribeiraopreto.com.br\/wp-content\/uploads\/2023\/12\/Chicago-Fire-1.jpg?fit=1200%2C773&ssl=1&resize=350%2C200 1x, https:\/\/i0.wp.com\/noticiasribeiraopreto.com.br\/wp-content\/uploads\/2023\/12\/Chicago-Fire-1.jpg?fit=1200%2C773&ssl=1&resize=525%2C300 1.5x, https:\/\/i0.wp.com\/noticiasribeiraopreto.com.br\/wp-content\/uploads\/2023\/12\/Chicago-Fire-1.jpg?fit=1200%2C773&ssl=1&resize=700%2C400 2x, https:\/\/i0.wp.com\/noticiasribeiraopreto.com.br\/wp-content\/uploads\/2023\/12\/Chicago-Fire-1.jpg?fit=1200%2C773&ssl=1&resize=1050%2C600 3x"},"classes":[]},{"id":20008,"url":"https:\/\/noticiasribeiraopreto.com.br\/index.php\/2023\/12\/23\/kill-boksoon-esse-filme-vai-deixar-voce-colado-na-poltrona-meu-valor-digital\/","url_meta":{"origin":13302,"position":4},"title":"Kill Boksoon: esse filme vai deixar voc\u00ea colado na poltrona &#8211; Meu Valor Digital","author":"noticiasribeiraopreto.com.br","date":"23 de December de 2023","format":false,"excerpt":"Kill Boksoon: esse filme vai deixar voc\u00ea colado na poltrona - Meu Valor Digital - Not\u00edcias atualizadas In\u00edcioChamadasKill Boksoon: esse filme vai deixar voc\u00ea colado na poltrona Source link","rel":"","context":"In &quot;Vagas de Emprego em Ribeir\u00e3o Preto-SP&quot;","block_context":{"text":"Vagas de Emprego em Ribeir\u00e3o Preto-SP","link":"https:\/\/noticiasribeiraopreto.com.br\/index.php\/category\/empregos-classificados-vagas-trabalho\/vagas-de-empregos-em-ribeirao-preto-regiao-brasil\/"},"img":{"alt_text":"","src":"https:\/\/i0.wp.com\/noticiasribeiraopreto.com.br\/wp-content\/uploads\/2023\/12\/Kill-Boksoon-1.jpg?fit=1200%2C773&ssl=1&resize=350%2C200","width":350,"height":200,"srcset":"https:\/\/i0.wp.com\/noticiasribeiraopreto.com.br\/wp-content\/uploads\/2023\/12\/Kill-Boksoon-1.jpg?fit=1200%2C773&ssl=1&resize=350%2C200 1x, https:\/\/i0.wp.com\/noticiasribeiraopreto.com.br\/wp-content\/uploads\/2023\/12\/Kill-Boksoon-1.jpg?fit=1200%2C773&ssl=1&resize=525%2C300 1.5x, https:\/\/i0.wp.com\/noticiasribeiraopreto.com.br\/wp-content\/uploads\/2023\/12\/Kill-Boksoon-1.jpg?fit=1200%2C773&ssl=1&resize=700%2C400 2x, https:\/\/i0.wp.com\/noticiasribeiraopreto.com.br\/wp-content\/uploads\/2023\/12\/Kill-Boksoon-1.jpg?fit=1200%2C773&ssl=1&resize=1050%2C600 3x"},"classes":[]},{"id":18652,"url":"https:\/\/noticiasribeiraopreto.com.br\/index.php\/2023\/12\/20\/star-trek-strange-new-worlds-terceira-temporada-estreia-em-2024-meu-valor-digital\/","url_meta":{"origin":13302,"position":5},"title":"Star Trek: Strange New Worlds: terceira temporada estreia em 2024 &#8211; Meu Valor Digital","author":"noticiasribeiraopreto.com.br","date":"20 de December de 2023","format":false,"excerpt":"Star Trek: Strange New Worlds: terceira temporada estreia em 2024 - Meu Valor Digital - Not\u00edcias atualizadas In\u00edcioChamadasStar Trek: Strange New Worlds: terceira temporada estreia em 2024 Source link","rel":"","context":"In &quot;Vagas de Emprego em Ribeir\u00e3o Preto-SP&quot;","block_context":{"text":"Vagas de Emprego em Ribeir\u00e3o Preto-SP","link":"https:\/\/noticiasribeiraopreto.com.br\/index.php\/category\/empregos-classificados-vagas-trabalho\/vagas-de-empregos-em-ribeirao-preto-regiao-brasil\/"},"img":{"alt_text":"","src":"https:\/\/i0.wp.com\/noticiasribeiraopreto.com.br\/wp-content\/uploads\/2023\/12\/Star-Trek-Strange-New-Worlds.jpg?fit=1200%2C773&ssl=1&resize=350%2C200","width":350,"height":200,"srcset":"https:\/\/i0.wp.com\/noticiasribeiraopreto.com.br\/wp-content\/uploads\/2023\/12\/Star-Trek-Strange-New-Worlds.jpg?fit=1200%2C773&ssl=1&resize=350%2C200 1x, https:\/\/i0.wp.com\/noticiasribeiraopreto.com.br\/wp-content\/uploads\/2023\/12\/Star-Trek-Strange-New-Worlds.jpg?fit=1200%2C773&ssl=1&resize=525%2C300 1.5x, https:\/\/i0.wp.com\/noticiasribeiraopreto.com.br\/wp-content\/uploads\/2023\/12\/Star-Trek-Strange-New-Worlds.jpg?fit=1200%2C773&ssl=1&resize=700%2C400 2x, https:\/\/i0.wp.com\/noticiasribeiraopreto.com.br\/wp-content\/uploads\/2023\/12\/Star-Trek-Strange-New-Worlds.jpg?fit=1200%2C773&ssl=1&resize=1050%2C600 3x"},"classes":[]}],"jetpack_sharing_enabled":true,"jetpack_shortlink":"https:\/\/wp.me\/peQAOb-3sy","_links":{"self":[{"href":"https:\/\/noticiasribeiraopreto.com.br\/index.php\/wp-json\/wp\/v2\/posts\/13302","targetHints":{"allow":["GET"]}}],"collection":[{"href":"https:\/\/noticiasribeiraopreto.com.br\/index.php\/wp-json\/wp\/v2\/posts"}],"about":[{"href":"https:\/\/noticiasribeiraopreto.com.br\/index.php\/wp-json\/wp\/v2\/types\/post"}],"author":[{"embeddable":true,"href":"https:\/\/noticiasribeiraopreto.com.br\/index.php\/wp-json\/wp\/v2\/users\/1"}],"replies":[{"embeddable":true,"href":"https:\/\/noticiasribeiraopreto.com.br\/index.php\/wp-json\/wp\/v2\/comments?post=13302"}],"version-history":[{"count":0,"href":"https:\/\/noticiasribeiraopreto.com.br\/index.php\/wp-json\/wp\/v2\/posts\/13302\/revisions"}],"wp:featuredmedia":[{"embeddable":true,"href":"https:\/\/noticiasribeiraopreto.com.br\/index.php\/wp-json\/wp\/v2\/media\/13303"}],"wp:attachment":[{"href":"https:\/\/noticiasribeiraopreto.com.br\/index.php\/wp-json\/wp\/v2\/media?parent=13302"}],"wp:term":[{"taxonomy":"category","embeddable":true,"href":"https:\/\/noticiasribeiraopreto.com.br\/index.php\/wp-json\/wp\/v2\/categories?post=13302"},{"taxonomy":"post_tag","embeddable":true,"href":"https:\/\/noticiasribeiraopreto.com.br\/index.php\/wp-json\/wp\/v2\/tags?post=13302"}],"curies":[{"name":"wp","href":"https:\/\/api.w.org\/{rel}","templated":true}]}}