{"id":13308,"date":"2023-12-09T19:58:26","date_gmt":"2023-12-09T22:58:26","guid":{"rendered":"https:\/\/noticiasribeiraopreto.com.br\/index.php\/2023\/12\/09\/geraldo-luis-faz-apelo-aos-seus-fas-antes-de-estrear-em-novo-programa-me-ajuda-video\/"},"modified":"2023-12-09T19:58:26","modified_gmt":"2023-12-09T22:58:26","slug":"geraldo-luis-faz-apelo-aos-seus-fas-antes-de-estrear-em-novo-programa-me-ajuda-video","status":"publish","type":"post","link":"https:\/\/noticiasribeiraopreto.com.br\/index.php\/2023\/12\/09\/geraldo-luis-faz-apelo-aos-seus-fas-antes-de-estrear-em-novo-programa-me-ajuda-video\/","title":{"rendered":"Geraldo Lu\u00eds faz apelo aos seus f\u00e3s antes de estrear em novo programa: &#8216;Me ajuda&#8217;; v\u00eddeo"},"content":{"rendered":"<div class='code-block code-block-1' style='margin: 8px 0 8px auto; text-align: right; display: block; clear: both;'>\n<p><a href=\"https:\/\/wa.link\/vpicfd\"><img data-recalc-dims=\"1\" class=\"wp-image-4922\" style=\"aspect-ratio: 2.0253164556962027; width: 561px; height: auto;\" src=\"https:\/\/i0.wp.com\/ismaelcolosi.com.br\/wp-content\/uploads\/2023\/11\/grupo-de-empregos-whatsapp-e-facebook-ismael-colosi-vagas.jpg?ssl=1\" alt=\"\" \/><\/a><\/p>\n<!-- \/wp:image -->\n<\/div>\n<p> <br \/>\n<\/p>\n<div itemprop=\"text\">\n<p>Neste \u00faltimo s\u00e1bado, dia 9 de dezembro, o famoso apresentador Geraldo Lu\u00eds surgiu nas redes sociais para realizar um apelo ao seu p\u00fablico.<\/p>\n<p>Acontece que o comunicador ir\u00e1 estrear em um novo programa na emissora de Marcelo de Carvalho e Amilcare Dallevo. O famoso se lembrou de como eram recebidas as sugest\u00f5es de pautas na televis\u00e3o antigamente.<\/p>\n<p>A atra\u00e7\u00e3o se chamar\u00e1 \u2018Geraldo do Povo\u2019 e ser\u00e1 exibida todos os domingos na televis\u00e3o aberta, contando com a dire\u00e7\u00e3o de Marlene Mattos, a ex-diretora da apresentadora Xuxa Meneghel, e que recentemente, teve o seu nome envolvido em uma grande pol\u00eamica.<\/p>\n<p>O famoso chegou a realizar uma publica\u00e7\u00e3o com Mattos em seu perfil, se sentindo feliz por essa nova etapa de sua carreira em sua vida e buscando contar com o apoio de seus seguidores.<\/p>\n<blockquote class=\"instagram-media\" style=\"background: #FFF; border: 0; border-radius: 3px; box-shadow: 0 0 1px 0 rgba(0,0,0,0.5),0 1px 10px 0 rgba(0,0,0,0.15); margin: 1px; max-width: 540px; min-width: 326px; padding: 0; width: calc(100% - 2px);\" data-instgrm-permalink=\"https:\/\/www.instagram.com\/reel\/C0pAF-Huq9N\/?utm_source=ig_embed&amp;utm_campaign=loading\" data-instgrm-version=\"14\">\n<p>\u00a0<\/p>\n<p>Ver essa foto no Instagram<\/p>\n<p>\u00a0<\/p>\n<p style=\"color: #c9c8cd; font-family: Arial,sans-serif; font-size: 14px; line-height: 17px; margin-bottom: 0; margin-top: 8px; overflow: hidden; padding: 8px 0 7px; text-align: center; text-overflow: ellipsis; white-space: nowrap;\"><a style=\"color: #c9c8cd; font-family: Arial,sans-serif; font-size: 14px; font-style: normal; font-weight: normal; line-height: 17px; text-decoration: none;\" href=\"https:\/\/www.instagram.com\/reel\/C0pAF-Huq9N\/?utm_source=ig_embed&amp;utm_campaign=loading\" target=\"_blank\" rel=\"noopener\">Uma publica\u00e7\u00e3o compartilhada por Geraldo Lui\u0301s (@geraldoluistv)<\/a><\/p>\n<\/blockquote>\n<p><strong>\u201cSe voc\u00ea tem a\u00ed na sua cidade um personagem, uma hist\u00f3ria curiosa e que chame a aten\u00e7\u00e3o me manda que eu vou gravar. Estou ca\u00e7ando hist\u00f3rias que emocionem pela verdade, quero voltar a encontrar meu povo. Mande tudo para esse e-mail<\/strong>\u201c, declarou, ao fazer um apelo.<\/p>\n<p>E em poucos minutos, diversos seguidores reagiram ao apelo que foi feito pelo apresentador, seja mandando suas pr\u00f3prias hist\u00f3rias ou comemorando a volta do apresentador que fez muito sucesso por conta de seu carisma e personalidade no Brasil.<\/p>\n<p>Alguns f\u00e3s ressaltaram que a aus\u00eancia de Geraldo Lu\u00eds na televis\u00e3o foi muito marcante, e que agora, eles est\u00e3o ansiosos para que o apresentador retorne.<\/p>\n<\/div>\n<p><script async src=\"\/\/www.instagram.com\/embed.js\"><\/script><br \/>\n<br \/><br \/>\n<br \/><a href=\"https:\/\/fnmais.com\/geraldo-luis-faz-apelo-aos-seus-fas-antes-estrear-em-novo-programa-me-ajuda-video\/\">Source link <\/a><\/p>\n<!-- CONTENT END 1 -->\n","protected":false},"excerpt":{"rendered":"<p>Neste \u00faltimo s\u00e1bado, dia 9 de dezembro, o famoso apresentador Geraldo Lu\u00eds surgiu nas redes sociais para realizar um apelo ao seu p\u00fablico. Acontece que&#8230;<\/p>\n","protected":false},"author":1,"featured_media":13309,"comment_status":"open","ping_status":"open","sticky":false,"template":"","format":"standard","meta":{"advanced_seo_description":"","jetpack_seo_html_title":"","jetpack_seo_noindex":false,"jetpack_post_was_ever_published":false,"_jetpack_newsletter_access":"","_jetpack_dont_email_post_to_subs":false,"_jetpack_newsletter_tier_id":0,"_jetpack_memberships_contains_paywalled_content":false,"_jetpack_memberships_contains_paid_content":false,"footnotes":"","jetpack_publicize_message":"","jetpack_publicize_feature_enabled":true,"jetpack_social_post_already_shared":true,"jetpack_social_options":{"image_generator_settings":{"template":"highway","default_image_id":0,"font":"","enabled":false},"version":2}},"categories":[1],"tags":[],"class_list":["post-13308","post","type-post","status-publish","format-standard","has-post-thumbnail","hentry","category-blog"],"jetpack_publicize_connections":[],"jetpack_featured_media_url":"https:\/\/i0.wp.com\/noticiasribeiraopreto.com.br\/wp-content\/uploads\/2023\/12\/postimg-6574ef8b8b3881239.jpg?fit=1200%2C628&ssl=1","jetpack-related-posts":[{"id":83920,"url":"https:\/\/noticiasribeiraopreto.com.br\/index.php\/2026\/03\/28\/humor-sem-critica-nao-existe-diz-andre-mattos-antes-de-estrear-peca-em-ribeirao-preto\/","url_meta":{"origin":13308,"position":0},"title":"&#8216;Humor sem cr\u00edtica n\u00e3o existe&#8217;, diz Andr\u00e9 Mattos antes de estrear pe\u00e7a em Ribeir\u00e3o Preto","author":"noticiasribeiraopreto.com.br","date":"28 de March de 2026","format":false,"excerpt":"O ator e humorista Andr\u00e9 Mattos, que interpreta o delegado Jairo Barroso na novela Tr\u00eas Gra\u00e7as, exibida pela TV Globo\/EPTV, retorna a Ribeir\u00e3o Preto com seu novo espet\u00e1culo \u201cTodos Querem Audi\u00eancia\u201d. A apresenta\u00e7\u00e3o est\u00e1 marcada para o dia 3 de maio, \u00e0s 20h, no Teatro Municipal, e ser\u00e1 a estreia\u2026","rel":"","context":"In &quot;Not\u00edcias de Ribeir\u00e3o Preto-SP e Regi\u00e3o&quot;","block_context":{"text":"Not\u00edcias de Ribeir\u00e3o Preto-SP e Regi\u00e3o","link":"https:\/\/noticiasribeiraopreto.com.br\/index.php\/category\/noticias-de-ribeirao-preto-sp-e-regiao-ismael-colosi\/"},"img":{"alt_text":"","src":"https:\/\/i0.wp.com\/noticiasribeiraopreto.com.br\/wp-content\/uploads\/2026\/03\/THUMB-2_2026-03-28_18-45-29.webp.webp?fit=1200%2C675&ssl=1&resize=350%2C200","width":350,"height":200,"srcset":"https:\/\/i0.wp.com\/noticiasribeiraopreto.com.br\/wp-content\/uploads\/2026\/03\/THUMB-2_2026-03-28_18-45-29.webp.webp?fit=1200%2C675&ssl=1&resize=350%2C200 1x, https:\/\/i0.wp.com\/noticiasribeiraopreto.com.br\/wp-content\/uploads\/2026\/03\/THUMB-2_2026-03-28_18-45-29.webp.webp?fit=1200%2C675&ssl=1&resize=525%2C300 1.5x, https:\/\/i0.wp.com\/noticiasribeiraopreto.com.br\/wp-content\/uploads\/2026\/03\/THUMB-2_2026-03-28_18-45-29.webp.webp?fit=1200%2C675&ssl=1&resize=700%2C400 2x, https:\/\/i0.wp.com\/noticiasribeiraopreto.com.br\/wp-content\/uploads\/2026\/03\/THUMB-2_2026-03-28_18-45-29.webp.webp?fit=1200%2C675&ssl=1&resize=1050%2C600 3x"},"classes":[]},{"id":27748,"url":"https:\/\/noticiasribeiraopreto.com.br\/index.php\/2024\/01\/13\/como-o-bilionario-dick-wolf-continua-fazendo-fortuna-com-a-tv-aberta\/","url_meta":{"origin":13308,"position":1},"title":"Como o bilion\u00e1rio Dick Wolf continua fazendo fortuna com a TV aberta?","author":"noticiasribeiraopreto.com.br","date":"13 de January de 2024","format":false,"excerpt":"Poucos em Hollywood est\u00e3o t\u00e3o comprometidos com o tradicional cronograma da TV aberta quanto Dick Wolf, que em um ano comum produz epis\u00f3dios suficientes de suas franquias Law & Order, Chicago e FBI para preencher completamente tr\u00eas noites no hor\u00e1rio nobre. Siga o canal da Forbes e de Forbes Money\u2026","rel":"","context":"In &quot;Blog&quot;","block_context":{"text":"Blog","link":"https:\/\/noticiasribeiraopreto.com.br\/index.php\/category\/blog\/"},"img":{"alt_text":"","src":"https:\/\/i0.wp.com\/noticiasribeiraopreto.com.br\/wp-content\/uploads\/2024\/01\/Dick-Wolf-Bilionario-da-TV-aberta-Fotos-Yuri-Hasegawa-para-Forbes-1024x683.png?fit=1024%2C683&ssl=1&resize=350%2C200","width":350,"height":200,"srcset":"https:\/\/i0.wp.com\/noticiasribeiraopreto.com.br\/wp-content\/uploads\/2024\/01\/Dick-Wolf-Bilionario-da-TV-aberta-Fotos-Yuri-Hasegawa-para-Forbes-1024x683.png?fit=1024%2C683&ssl=1&resize=350%2C200 1x, https:\/\/i0.wp.com\/noticiasribeiraopreto.com.br\/wp-content\/uploads\/2024\/01\/Dick-Wolf-Bilionario-da-TV-aberta-Fotos-Yuri-Hasegawa-para-Forbes-1024x683.png?fit=1024%2C683&ssl=1&resize=525%2C300 1.5x, https:\/\/i0.wp.com\/noticiasribeiraopreto.com.br\/wp-content\/uploads\/2024\/01\/Dick-Wolf-Bilionario-da-TV-aberta-Fotos-Yuri-Hasegawa-para-Forbes-1024x683.png?fit=1024%2C683&ssl=1&resize=700%2C400 2x"},"classes":[]},{"id":26241,"url":"https:\/\/noticiasribeiraopreto.com.br\/index.php\/2024\/01\/09\/esposa-de-famoso-cantor-e-encontrada-morta-em-casa-aos-45-anos\/","url_meta":{"origin":13308,"position":2},"title":"Esposa de famoso cantor \u00e9 encontrada morta em casa aos 45 anos","author":"noticiasribeiraopreto.com.br","date":"9 de January de 2024","format":false,"excerpt":"Um renomado cantor brit\u00e2nico enfrenta mais um cap\u00edtulo doloroso em sua vida, pois sua esposa, Gill Catchpole, foi encontrada morta na casa da fam\u00edlia. Gill, de 45 anos, m\u00e3e de duas filhas do artista, Elsie, de 15 anos, e Ada Rose, de 5, faleceu de forma inesperada.A not\u00edcia abalou n\u00e3o\u2026","rel":"","context":"In &quot;Blog&quot;","block_context":{"text":"Blog","link":"https:\/\/noticiasribeiraopreto.com.br\/index.php\/category\/blog\/"},"img":{"alt_text":"","src":"https:\/\/i0.wp.com\/noticiasribeiraopreto.com.br\/wp-content\/uploads\/2024\/01\/postimg-659d82810f5e84382.jpg?fit=1200%2C628&ssl=1&resize=350%2C200","width":350,"height":200,"srcset":"https:\/\/i0.wp.com\/noticiasribeiraopreto.com.br\/wp-content\/uploads\/2024\/01\/postimg-659d82810f5e84382.jpg?fit=1200%2C628&ssl=1&resize=350%2C200 1x, https:\/\/i0.wp.com\/noticiasribeiraopreto.com.br\/wp-content\/uploads\/2024\/01\/postimg-659d82810f5e84382.jpg?fit=1200%2C628&ssl=1&resize=525%2C300 1.5x, https:\/\/i0.wp.com\/noticiasribeiraopreto.com.br\/wp-content\/uploads\/2024\/01\/postimg-659d82810f5e84382.jpg?fit=1200%2C628&ssl=1&resize=700%2C400 2x, https:\/\/i0.wp.com\/noticiasribeiraopreto.com.br\/wp-content\/uploads\/2024\/01\/postimg-659d82810f5e84382.jpg?fit=1200%2C628&ssl=1&resize=1050%2C600 3x"},"classes":[]},{"id":12808,"url":"https:\/\/noticiasribeiraopreto.com.br\/index.php\/2023\/12\/08\/6-maneiras-de-aprender-ingles-vendo-series-e-filmes-meu-valor-digital\/","url_meta":{"origin":13308,"position":3},"title":"6 maneiras de aprender ingl\u00eas vendo s\u00e9ries e filmes &#8211; Meu Valor Digital","author":"noticiasribeiraopreto.com.br","date":"8 de December de 2023","format":false,"excerpt":"Muitas pessoas tem o sonho de aprender ingl\u00eas, contudo, depois de um dia de trabalho agitado, estressante, ter que chegar em casa, lidar com as rotinas de casa, vamos ser sinceros: quem \u00e9 que tem animo para sentar e aprender ingl\u00eas? De fato, para muitas pessoas, quando conseguimos um tempo\u2026","rel":"","context":"In &quot;Vagas de Emprego em Ribeir\u00e3o Preto-SP&quot;","block_context":{"text":"Vagas de Emprego em Ribeir\u00e3o Preto-SP","link":"https:\/\/noticiasribeiraopreto.com.br\/index.php\/category\/empregos-classificados-vagas-trabalho\/vagas-de-empregos-em-ribeirao-preto-regiao-brasil\/"},"img":{"alt_text":"","src":"https:\/\/i0.wp.com\/noticiasribeiraopreto.com.br\/wp-content\/uploads\/2023\/12\/jovem-curtindo-uma-serie.jpg?fit=1200%2C800&ssl=1&resize=350%2C200","width":350,"height":200,"srcset":"https:\/\/i0.wp.com\/noticiasribeiraopreto.com.br\/wp-content\/uploads\/2023\/12\/jovem-curtindo-uma-serie.jpg?fit=1200%2C800&ssl=1&resize=350%2C200 1x, https:\/\/i0.wp.com\/noticiasribeiraopreto.com.br\/wp-content\/uploads\/2023\/12\/jovem-curtindo-uma-serie.jpg?fit=1200%2C800&ssl=1&resize=525%2C300 1.5x, https:\/\/i0.wp.com\/noticiasribeiraopreto.com.br\/wp-content\/uploads\/2023\/12\/jovem-curtindo-uma-serie.jpg?fit=1200%2C800&ssl=1&resize=700%2C400 2x, https:\/\/i0.wp.com\/noticiasribeiraopreto.com.br\/wp-content\/uploads\/2023\/12\/jovem-curtindo-uma-serie.jpg?fit=1200%2C800&ssl=1&resize=1050%2C600 3x"},"classes":[]},{"id":7017,"url":"https:\/\/noticiasribeiraopreto.com.br\/index.php\/2023\/11\/27\/ex-bbb-vyni-preocupa-fas-com-declaracoes-apos-ser-detonado-na-web-por-mostrar-resultados-de-procedimentos-esteticos\/","url_meta":{"origin":13308,"position":4},"title":"Ex-BBB Vyni preocupa f\u00e3s com declara\u00e7\u00f5es ap\u00f3s ser detonado na web por mostrar resultados de procedimentos est\u00e9ticos","author":"noticiasribeiraopreto.com.br","date":"27 de November de 2023","format":false,"excerpt":"Aquele famoso \u2018 antes e depois \u2018 dos famosos gera um debate as vezes quase intermin\u00e1vel sobre a atual apar\u00eancia da celebridade ap\u00f3s ser submetido a algum procedimento est\u00e9tico.O ex BBB Vinny foi um dos participantes que, ap\u00f3s a sa\u00edda do reality, resolveu dar um \u2018up\u2019 na apar\u00eancia atrav\u00e9s dos\u2026","rel":"","context":"In &quot;Blog&quot;","block_context":{"text":"Blog","link":"https:\/\/noticiasribeiraopreto.com.br\/index.php\/category\/blog\/"},"img":{"alt_text":"","src":"https:\/\/i0.wp.com\/noticiasribeiraopreto.com.br\/wp-content\/uploads\/2023\/11\/postimg-6564b1d66ed236858.jpg?fit=1200%2C628&ssl=1&resize=350%2C200","width":350,"height":200,"srcset":"https:\/\/i0.wp.com\/noticiasribeiraopreto.com.br\/wp-content\/uploads\/2023\/11\/postimg-6564b1d66ed236858.jpg?fit=1200%2C628&ssl=1&resize=350%2C200 1x, https:\/\/i0.wp.com\/noticiasribeiraopreto.com.br\/wp-content\/uploads\/2023\/11\/postimg-6564b1d66ed236858.jpg?fit=1200%2C628&ssl=1&resize=525%2C300 1.5x, https:\/\/i0.wp.com\/noticiasribeiraopreto.com.br\/wp-content\/uploads\/2023\/11\/postimg-6564b1d66ed236858.jpg?fit=1200%2C628&ssl=1&resize=700%2C400 2x, https:\/\/i0.wp.com\/noticiasribeiraopreto.com.br\/wp-content\/uploads\/2023\/11\/postimg-6564b1d66ed236858.jpg?fit=1200%2C628&ssl=1&resize=1050%2C600 3x"},"classes":[]},{"id":17729,"url":"https:\/\/noticiasribeiraopreto.com.br\/index.php\/2023\/12\/19\/os-remakes-de-novelas-que-vao-estrear-em-2024-meu-valor-digital\/","url_meta":{"origin":13308,"position":5},"title":"Os Remakes de novelas que v\u00e3o estrear em 2024 &#8211; Meu Valor Digital","author":"noticiasribeiraopreto.com.br","date":"19 de December de 2023","format":false,"excerpt":"Parece que as emissoras de televis\u00e3o est\u00e3o vivendo uma crise de novas ideias. O que est\u00e1 levando todas elas a apostar em remakes de hist\u00f3rias que j\u00e1 fizeram sucesso em outros anos. Por exemplo, a Globo vai estrear em janeiro o remake de Renascer. A HBO Max est\u00e1 produzindo uma\u2026","rel":"","context":"In &quot;Vagas de Emprego em Ribeir\u00e3o Preto-SP&quot;","block_context":{"text":"Vagas de Emprego em Ribeir\u00e3o Preto-SP","link":"https:\/\/noticiasribeiraopreto.com.br\/index.php\/category\/empregos-classificados-vagas-trabalho\/vagas-de-empregos-em-ribeirao-preto-regiao-brasil\/"},"img":{"alt_text":"","src":"https:\/\/i0.wp.com\/noticiasribeiraopreto.com.br\/wp-content\/uploads\/2023\/12\/Renascer-Globo-1.jpg?fit=1200%2C773&ssl=1&resize=350%2C200","width":350,"height":200,"srcset":"https:\/\/i0.wp.com\/noticiasribeiraopreto.com.br\/wp-content\/uploads\/2023\/12\/Renascer-Globo-1.jpg?fit=1200%2C773&ssl=1&resize=350%2C200 1x, https:\/\/i0.wp.com\/noticiasribeiraopreto.com.br\/wp-content\/uploads\/2023\/12\/Renascer-Globo-1.jpg?fit=1200%2C773&ssl=1&resize=525%2C300 1.5x, https:\/\/i0.wp.com\/noticiasribeiraopreto.com.br\/wp-content\/uploads\/2023\/12\/Renascer-Globo-1.jpg?fit=1200%2C773&ssl=1&resize=700%2C400 2x, https:\/\/i0.wp.com\/noticiasribeiraopreto.com.br\/wp-content\/uploads\/2023\/12\/Renascer-Globo-1.jpg?fit=1200%2C773&ssl=1&resize=1050%2C600 3x"},"classes":[]}],"jetpack_sharing_enabled":true,"jetpack_shortlink":"https:\/\/wp.me\/peQAOb-3sE","_links":{"self":[{"href":"https:\/\/noticiasribeiraopreto.com.br\/index.php\/wp-json\/wp\/v2\/posts\/13308","targetHints":{"allow":["GET"]}}],"collection":[{"href":"https:\/\/noticiasribeiraopreto.com.br\/index.php\/wp-json\/wp\/v2\/posts"}],"about":[{"href":"https:\/\/noticiasribeiraopreto.com.br\/index.php\/wp-json\/wp\/v2\/types\/post"}],"author":[{"embeddable":true,"href":"https:\/\/noticiasribeiraopreto.com.br\/index.php\/wp-json\/wp\/v2\/users\/1"}],"replies":[{"embeddable":true,"href":"https:\/\/noticiasribeiraopreto.com.br\/index.php\/wp-json\/wp\/v2\/comments?post=13308"}],"version-history":[{"count":0,"href":"https:\/\/noticiasribeiraopreto.com.br\/index.php\/wp-json\/wp\/v2\/posts\/13308\/revisions"}],"wp:featuredmedia":[{"embeddable":true,"href":"https:\/\/noticiasribeiraopreto.com.br\/index.php\/wp-json\/wp\/v2\/media\/13309"}],"wp:attachment":[{"href":"https:\/\/noticiasribeiraopreto.com.br\/index.php\/wp-json\/wp\/v2\/media?parent=13308"}],"wp:term":[{"taxonomy":"category","embeddable":true,"href":"https:\/\/noticiasribeiraopreto.com.br\/index.php\/wp-json\/wp\/v2\/categories?post=13308"},{"taxonomy":"post_tag","embeddable":true,"href":"https:\/\/noticiasribeiraopreto.com.br\/index.php\/wp-json\/wp\/v2\/tags?post=13308"}],"curies":[{"name":"wp","href":"https:\/\/api.w.org\/{rel}","templated":true}]}}