{"id":13316,"date":"2023-12-09T20:13:57","date_gmt":"2023-12-09T23:13:57","guid":{"rendered":"https:\/\/noticiasribeiraopreto.com.br\/index.php\/2023\/12\/09\/mae-e-suspeita-de-tirar-a-vida-de-seu-filho-de-3-meses-de-uma-forma-cruel-detalhes-expostos-e-geram-repudio\/"},"modified":"2023-12-09T20:13:57","modified_gmt":"2023-12-09T23:13:57","slug":"mae-e-suspeita-de-tirar-a-vida-de-seu-filho-de-3-meses-de-uma-forma-cruel-detalhes-expostos-e-geram-repudio","status":"publish","type":"post","link":"https:\/\/noticiasribeiraopreto.com.br\/index.php\/2023\/12\/09\/mae-e-suspeita-de-tirar-a-vida-de-seu-filho-de-3-meses-de-uma-forma-cruel-detalhes-expostos-e-geram-repudio\/","title":{"rendered":"M\u00e3e \u00e9 suspeita de tirar a vida de seu filho de 3 meses de uma forma cruel, detalhes expostos e geram rep\u00fadio"},"content":{"rendered":"<div class='code-block code-block-1' style='margin: 8px 0 8px auto; text-align: right; display: block; clear: both;'>\n<p><a href=\"https:\/\/wa.link\/vpicfd\"><img data-recalc-dims=\"1\" class=\"wp-image-4922\" style=\"aspect-ratio: 2.0253164556962027; width: 561px; height: auto;\" src=\"https:\/\/i0.wp.com\/ismaelcolosi.com.br\/wp-content\/uploads\/2023\/11\/grupo-de-empregos-whatsapp-e-facebook-ismael-colosi-vagas.jpg?ssl=1\" alt=\"\" \/><\/a><\/p>\n<!-- \/wp:image -->\n<\/div>\n<p> <br \/>\n<\/p>\n<div itemprop=\"text\">\n<p>Um crime b\u00e1rbaro chocou a popula\u00e7\u00e3o de uma cidade deixando at\u00e9 mesmo os agentes de seguran\u00e7a sem palavras diante de tal monstruosidade.<\/p>\n<p>Na tarde desta sexta-feira (8), os socorristas do Corpo de Bombeiros foram chamados para responder a uma situa\u00e7\u00e3o envolvendo um beb\u00ea de cerca de 3 meses, que teria sido lan\u00e7ado em uma fogueira por uma mulher que, alegadamente, seria a m\u00e3e.<\/p>\n<p>O assassinato do pequeno beb\u00ea aconteceu na cidade de V\u00e1rzea Grande, localizada na Regi\u00e3o Metropolitana de Cuiab\u00e1, capital do estado do estado de Mato Grosso.<\/p>\n<p>Imagens que circulam nas redes sociais que foram registradas por moradores locais mostram o local onde estava a fogueira na qual o beb\u00ea foi jogado.<\/p>\n<p>De acordo com o boletim de ocorr\u00eancia, lavrado pelas autoridades competentes, ap\u00f3s lan\u00e7ar o beb\u00ea na fogueira, a mulher teria experimentado remorso e feito uma tentativa de resgatar o filho.<\/p>\n<p>Entretanto, infelizmente, o beb\u00ea sofreu queimaduras em mais de 95% do corpo e acabou falecendo ap\u00f3s tr\u00eas paradas cardiorrespirat\u00f3rias ap\u00f3s dar entrada para uma unidade de sa\u00fade mais pr\u00f3xima.<\/p>\n<p>Segundo informa\u00e7\u00f5es do registro da ocorr\u00eancia, a mulher sofreu queimaduras ao tentar resgatar o beb\u00ea da fogueira e tamb\u00e9m foi conduzida \u00e0 unidade de sa\u00fade, onde permanece sob cust\u00f3dia policial. N\u00e3o h\u00e1 informa\u00e7\u00f5es dispon\u00edveis sobre o estado de sa\u00fade dela.<\/p>\n<blockquote class=\"instagram-media\" style=\"background: #FFF; border: 0; border-radius: 3px; box-shadow: 0 0 1px 0 rgba(0,0,0,0.5),0 1px 10px 0 rgba(0,0,0,0.15); margin: 1px; max-width: 540px; min-width: 326px; padding: 0; width: calc(100% - 2px);\" data-instgrm-captioned=\"\" data-instgrm-permalink=\"https:\/\/www.instagram.com\/reel\/C0m4W_hvGWq\/?utm_source=ig_embed&amp;utm_campaign=loading\" data-instgrm-version=\"14\">\n<p>\u00a0<\/p>\n<p>Ver essa foto no Instagram<\/p>\n<p>\u00a0<\/p>\n<p style=\"color: #c9c8cd; font-family: Arial,sans-serif; font-size: 14px; line-height: 17px; margin-bottom: 0; margin-top: 8px; overflow: hidden; padding: 8px 0 7px; text-align: center; text-overflow: ellipsis; white-space: nowrap;\"><a style=\"color: #c9c8cd; font-family: Arial,sans-serif; font-size: 14px; font-style: normal; font-weight: normal; line-height: 17px; text-decoration: none;\" href=\"https:\/\/www.instagram.com\/reel\/C0m4W_hvGWq\/?utm_source=ig_embed&amp;utm_campaign=loading\" target=\"_blank\" rel=\"noopener\">Uma publica\u00e7\u00e3o compartilhada por T\u00e1 querida! (@taqueridaofficial)<\/a><\/p>\n<\/blockquote>\n<p>Os socorristas do Corpo de Bombeiros conseguiram controlar o inc\u00eandio, e a Delegacia de Homic\u00eddios e Prote\u00e7\u00e3o \u00e0 Pessoa (DHPP) foi chamada para conduzir a investiga\u00e7\u00e3o do incidente. O caso gerou muita como\u00e7\u00e3o e revolta na comunidade local.<\/p>\n<\/div>\n<p><script async src=\"\/\/www.instagram.com\/embed.js\"><\/script><br \/>\n<br \/><br \/>\n<br \/><a href=\"https:\/\/fnmais.com\/mae-suspeita-tirar-vida-seu-filho-3-meses-forma-cruel-detalhes-expostos-geram-repudio-video\/\">Source link <\/a><\/p>\n<!-- CONTENT END 1 -->\n","protected":false},"excerpt":{"rendered":"<p>Um crime b\u00e1rbaro chocou a popula\u00e7\u00e3o de uma cidade deixando at\u00e9 mesmo os agentes de seguran\u00e7a sem palavras diante de tal monstruosidade. Na tarde desta&#8230;<\/p>\n","protected":false},"author":1,"featured_media":13317,"comment_status":"open","ping_status":"open","sticky":false,"template":"","format":"standard","meta":{"advanced_seo_description":"","jetpack_seo_html_title":"","jetpack_seo_noindex":false,"jetpack_post_was_ever_published":false,"_jetpack_newsletter_access":"","_jetpack_dont_email_post_to_subs":false,"_jetpack_newsletter_tier_id":0,"_jetpack_memberships_contains_paywalled_content":false,"_jetpack_memberships_contains_paid_content":false,"footnotes":"","jetpack_publicize_message":"","jetpack_publicize_feature_enabled":true,"jetpack_social_post_already_shared":true,"jetpack_social_options":{"image_generator_settings":{"template":"highway","default_image_id":0,"font":"","enabled":false},"version":2}},"categories":[1],"tags":[],"class_list":["post-13316","post","type-post","status-publish","format-standard","has-post-thumbnail","hentry","category-blog"],"jetpack_publicize_connections":[],"jetpack_featured_media_url":"https:\/\/i0.wp.com\/noticiasribeiraopreto.com.br\/wp-content\/uploads\/2023\/12\/postimg-6574daaeb1ab37426.jpg?fit=1200%2C628&ssl=1","jetpack-related-posts":[{"id":61784,"url":"https:\/\/noticiasribeiraopreto.com.br\/index.php\/2024\/12\/21\/policia-investiga-morte-de-bebe-durante-confraternizacao-na-regiao-de-ribeirao\/","url_meta":{"origin":13316,"position":0},"title":"Pol\u00edcia investiga morte de beb\u00ea durante confraterniza\u00e7\u00e3o na regi\u00e3o de Ribeir\u00e3o","author":"noticiasribeiraopreto.com.br","date":"21 de December de 2024","format":false,"excerpt":"A Pol\u00edcia Civil investiga a morte de uma beb\u00ea de seis meses durante uma confraterniza\u00e7\u00e3o em Sert\u00e3ozinho, cidade na regi\u00e3o de Ribeir\u00e3o Preto, na manh\u00e3 deste s\u00e1bado (21). Os pais foram detidos e o caso foi registrado como homic\u00eddio culposo, quando n\u00e3o h\u00e1 inten\u00e7\u00e3o de matar. De acordo com o\u2026","rel":"","context":"In &quot;Not\u00edcias de Ribeir\u00e3o Preto-SP e Regi\u00e3o&quot;","block_context":{"text":"Not\u00edcias de Ribeir\u00e3o Preto-SP e Regi\u00e3o","link":"https:\/\/noticiasribeiraopreto.com.br\/index.php\/category\/noticias-de-ribeirao-preto-sp-e-regiao-ismael-colosi\/"},"img":{"alt_text":"","src":"https:\/\/i0.wp.com\/noticiasribeiraopreto.com.br\/wp-content\/uploads\/2024\/12\/giroflex_policia_1024x576_23032020103807.jpg?fit=1024%2C576&ssl=1&resize=350%2C200","width":350,"height":200,"srcset":"https:\/\/i0.wp.com\/noticiasribeiraopreto.com.br\/wp-content\/uploads\/2024\/12\/giroflex_policia_1024x576_23032020103807.jpg?fit=1024%2C576&ssl=1&resize=350%2C200 1x, https:\/\/i0.wp.com\/noticiasribeiraopreto.com.br\/wp-content\/uploads\/2024\/12\/giroflex_policia_1024x576_23032020103807.jpg?fit=1024%2C576&ssl=1&resize=525%2C300 1.5x, https:\/\/i0.wp.com\/noticiasribeiraopreto.com.br\/wp-content\/uploads\/2024\/12\/giroflex_policia_1024x576_23032020103807.jpg?fit=1024%2C576&ssl=1&resize=700%2C400 2x"},"classes":[]},{"id":59998,"url":"https:\/\/noticiasribeiraopreto.com.br\/index.php\/2024\/11\/04\/casal-e-preso-apos-morte-de-bebe-por-desnutricao-na-regiao-de-ribeirao-preto\/","url_meta":{"origin":13316,"position":1},"title":"Casal \u00e9 preso ap\u00f3s morte de beb\u00ea por desnutri\u00e7\u00e3o na regi\u00e3o de Ribeir\u00e3o Preto","author":"noticiasribeiraopreto.com.br","date":"4 de November de 2024","format":false,"excerpt":"Os pais de um beb\u00ea de apenas dois meses foram presos ap\u00f3s a morte da crian\u00e7a no \u00faltimo final de semana em Franca, na regi\u00e3o de Ribeir\u00e3o Preto. Segundo o B.O. (boletim de ocorr\u00eancia), o beb\u00ea sofreu uma parada cardiorrespirat\u00f3ria e apresentava sinais de desnutri\u00e7\u00e3o. O casal foi preso acusado\u2026","rel":"","context":"In &quot;Not\u00edcias de Ribeir\u00e3o Preto-SP e Regi\u00e3o&quot;","block_context":{"text":"Not\u00edcias de Ribeir\u00e3o Preto-SP e Regi\u00e3o","link":"https:\/\/noticiasribeiraopreto.com.br\/index.php\/category\/noticias-de-ribeirao-preto-sp-e-regiao-ismael-colosi\/"},"img":{"alt_text":"","src":"https:\/\/i0.wp.com\/noticiasribeiraopreto.com.br\/wp-content\/uploads\/2024\/11\/santa_casa_500x320_10122019110753.jpg?fit=500%2C322&ssl=1&resize=350%2C200","width":350,"height":200},"classes":[]},{"id":60006,"url":"https:\/\/noticiasribeiraopreto.com.br\/index.php\/2024\/11\/04\/casal-e-preso-apos-morte-de-bebe-por-desnutricao-na-regiao-de-ribeirao-preto-2\/","url_meta":{"origin":13316,"position":2},"title":"Casal \u00e9 preso ap\u00f3s morte de beb\u00ea por desnutri\u00e7\u00e3o na regi\u00e3o de Ribeir\u00e3o Preto","author":"noticiasribeiraopreto.com.br","date":"4 de November de 2024","format":false,"excerpt":"Os pais de um beb\u00ea de apenas dois meses foram presos ap\u00f3s a morte da crian\u00e7a no \u00faltimo final de semana em Franca, na regi\u00e3o de Ribeir\u00e3o Preto. Segundo o B.O. (boletim de ocorr\u00eancia), o beb\u00ea sofreu uma parada cardiorrespirat\u00f3ria e apresentava sinais de desnutri\u00e7\u00e3o. O casal foi preso acusado\u2026","rel":"","context":"In &quot;Not\u00edcias de Ribeir\u00e3o Preto-SP e Regi\u00e3o&quot;","block_context":{"text":"Not\u00edcias de Ribeir\u00e3o Preto-SP e Regi\u00e3o","link":"https:\/\/noticiasribeiraopreto.com.br\/index.php\/category\/noticias-de-ribeirao-preto-sp-e-regiao-ismael-colosi\/"},"img":{"alt_text":"","src":"https:\/\/i0.wp.com\/noticiasribeiraopreto.com.br\/wp-content\/uploads\/2024\/11\/franca_2024-11-04_15-11-54_jpg_2024-11-04_15-11-54.webp.webp?fit=865%2C558&ssl=1&resize=350%2C200","width":350,"height":200,"srcset":"https:\/\/i0.wp.com\/noticiasribeiraopreto.com.br\/wp-content\/uploads\/2024\/11\/franca_2024-11-04_15-11-54_jpg_2024-11-04_15-11-54.webp.webp?fit=865%2C558&ssl=1&resize=350%2C200 1x, https:\/\/i0.wp.com\/noticiasribeiraopreto.com.br\/wp-content\/uploads\/2024\/11\/franca_2024-11-04_15-11-54_jpg_2024-11-04_15-11-54.webp.webp?fit=865%2C558&ssl=1&resize=525%2C300 1.5x, https:\/\/i0.wp.com\/noticiasribeiraopreto.com.br\/wp-content\/uploads\/2024\/11\/franca_2024-11-04_15-11-54_jpg_2024-11-04_15-11-54.webp.webp?fit=865%2C558&ssl=1&resize=700%2C400 2x"},"classes":[]},{"id":52563,"url":"https:\/\/noticiasribeiraopreto.com.br\/index.php\/2024\/06\/09\/pm-resgata-bebe-preso-dentro-de-carro-na-regiao-de-ribeirao-preto\/","url_meta":{"origin":13316,"position":3},"title":"PM resgata beb\u00ea preso dentro\u00a0de carro na regi\u00e3o de Ribeir\u00e3o Preto","author":"noticiasribeiraopreto.com.br","date":"9 de June de 2024","format":false,"excerpt":"Uma equipe da Pol\u00edcia Militar (PM) resgatou, neste domingo (09), um beb\u00ea de 1 ano e 5 meses que ficou preso dentro de um carro em Sert\u00e3ozinho, cidade a aproximadamente 20 quil\u00f4metros de Ribeir\u00e3o Preto. O caso aconteceu dentro da garagem de uma resid\u00eancia na rua Francisco Ferreira da Mata.\u2026","rel":"","context":"In &quot;Not\u00edcias de Ribeir\u00e3o Preto-SP e Regi\u00e3o&quot;","block_context":{"text":"Not\u00edcias de Ribeir\u00e3o Preto-SP e Regi\u00e3o","link":"https:\/\/noticiasribeiraopreto.com.br\/index.php\/category\/noticias-de-ribeirao-preto-sp-e-regiao-ismael-colosi\/"},"img":{"alt_text":"","src":"https:\/\/i0.wp.com\/noticiasribeiraopreto.com.br\/wp-content\/uploads\/2024\/06\/Capturar-11.jpg?fit=730%2C480&ssl=1&resize=350%2C200","width":350,"height":200,"srcset":"https:\/\/i0.wp.com\/noticiasribeiraopreto.com.br\/wp-content\/uploads\/2024\/06\/Capturar-11.jpg?fit=730%2C480&ssl=1&resize=350%2C200 1x, https:\/\/i0.wp.com\/noticiasribeiraopreto.com.br\/wp-content\/uploads\/2024\/06\/Capturar-11.jpg?fit=730%2C480&ssl=1&resize=525%2C300 1.5x, https:\/\/i0.wp.com\/noticiasribeiraopreto.com.br\/wp-content\/uploads\/2024\/06\/Capturar-11.jpg?fit=730%2C480&ssl=1&resize=700%2C400 2x"},"classes":[]},{"id":21840,"url":"https:\/\/noticiasribeiraopreto.com.br\/index.php\/2023\/12\/28\/bebe-de-apenas-11-meses-e-encontrado-morto-no-berco-suspeita-da-morte-gera-temor-em-pais\/","url_meta":{"origin":13316,"position":4},"title":"Beb\u00ea de apenas 11 meses \u00e9 encontrado morto no ber\u00e7o; suspeita da morte gera temor em pais","author":"noticiasribeiraopreto.com.br","date":"28 de December de 2023","format":false,"excerpt":"Um tr\u00e1gico incidente chocou os moradores de Senador Cortes, na regi\u00e3o da Zona da Mata mineira, ap\u00f3s um beb\u00ea de apenas 11 meses ter sido encontrado sem vida em seu ber\u00e7o.Segundo informa\u00e7\u00f5es da pol\u00edcia local, a suspeita \u00e9 de que a crian\u00e7a tenha sufocado enquanto dormia com um objeto de\u2026","rel":"","context":"In &quot;Blog&quot;","block_context":{"text":"Blog","link":"https:\/\/noticiasribeiraopreto.com.br\/index.php\/category\/blog\/"},"img":{"alt_text":"","src":"https:\/\/i0.wp.com\/noticiasribeiraopreto.com.br\/wp-content\/uploads\/2023\/12\/postimg-658dc7057dd7d7424.jpg?fit=1200%2C628&ssl=1&resize=350%2C200","width":350,"height":200,"srcset":"https:\/\/i0.wp.com\/noticiasribeiraopreto.com.br\/wp-content\/uploads\/2023\/12\/postimg-658dc7057dd7d7424.jpg?fit=1200%2C628&ssl=1&resize=350%2C200 1x, https:\/\/i0.wp.com\/noticiasribeiraopreto.com.br\/wp-content\/uploads\/2023\/12\/postimg-658dc7057dd7d7424.jpg?fit=1200%2C628&ssl=1&resize=525%2C300 1.5x, https:\/\/i0.wp.com\/noticiasribeiraopreto.com.br\/wp-content\/uploads\/2023\/12\/postimg-658dc7057dd7d7424.jpg?fit=1200%2C628&ssl=1&resize=700%2C400 2x, https:\/\/i0.wp.com\/noticiasribeiraopreto.com.br\/wp-content\/uploads\/2023\/12\/postimg-658dc7057dd7d7424.jpg?fit=1200%2C628&ssl=1&resize=1050%2C600 3x"},"classes":[]},{"id":60577,"url":"https:\/\/noticiasribeiraopreto.com.br\/index.php\/2024\/11\/18\/justica-manda-soltar-pais-de-bebe-de-2-meses-morto-em-franca\/","url_meta":{"origin":13316,"position":5},"title":"Justi\u00e7a manda soltar pais de beb\u00ea de 2 meses morto em Franca","author":"noticiasribeiraopreto.com.br","date":"18 de November de 2024","format":false,"excerpt":"O juiz Luciano Franchi Lemes, da 1\u00aa Vara Criminal de Franca, cidade a 88 quil\u00f4metros de Ribeir\u00e3o Preto, determinou nesta segunda-feira (18) que os pais do beb\u00ea de apenas dois meses morto no in\u00edcio de novembro seja solto. O casal Graciela Dominciano de Souza e Jos\u00e9 Euripedes Pizzo de Matos\u2026","rel":"","context":"In &quot;Not\u00edcias de Ribeir\u00e3o Preto-SP e Regi\u00e3o&quot;","block_context":{"text":"Not\u00edcias de Ribeir\u00e3o Preto-SP e Regi\u00e3o","link":"https:\/\/noticiasribeiraopreto.com.br\/index.php\/category\/noticias-de-ribeirao-preto-sp-e-regiao-ismael-colosi\/"},"img":{"alt_text":"","src":"https:\/\/i0.wp.com\/noticiasribeiraopreto.com.br\/wp-content\/uploads\/2024\/11\/ddm-franca_2024-11-18_20-52-54_jpeg_2024-11-18_20-52-54.webp.webp?fit=1200%2C900&ssl=1&resize=350%2C200","width":350,"height":200,"srcset":"https:\/\/i0.wp.com\/noticiasribeiraopreto.com.br\/wp-content\/uploads\/2024\/11\/ddm-franca_2024-11-18_20-52-54_jpeg_2024-11-18_20-52-54.webp.webp?fit=1200%2C900&ssl=1&resize=350%2C200 1x, https:\/\/i0.wp.com\/noticiasribeiraopreto.com.br\/wp-content\/uploads\/2024\/11\/ddm-franca_2024-11-18_20-52-54_jpeg_2024-11-18_20-52-54.webp.webp?fit=1200%2C900&ssl=1&resize=525%2C300 1.5x, https:\/\/i0.wp.com\/noticiasribeiraopreto.com.br\/wp-content\/uploads\/2024\/11\/ddm-franca_2024-11-18_20-52-54_jpeg_2024-11-18_20-52-54.webp.webp?fit=1200%2C900&ssl=1&resize=700%2C400 2x, https:\/\/i0.wp.com\/noticiasribeiraopreto.com.br\/wp-content\/uploads\/2024\/11\/ddm-franca_2024-11-18_20-52-54_jpeg_2024-11-18_20-52-54.webp.webp?fit=1200%2C900&ssl=1&resize=1050%2C600 3x"},"classes":[]}],"jetpack_sharing_enabled":true,"jetpack_shortlink":"https:\/\/wp.me\/peQAOb-3sM","_links":{"self":[{"href":"https:\/\/noticiasribeiraopreto.com.br\/index.php\/wp-json\/wp\/v2\/posts\/13316","targetHints":{"allow":["GET"]}}],"collection":[{"href":"https:\/\/noticiasribeiraopreto.com.br\/index.php\/wp-json\/wp\/v2\/posts"}],"about":[{"href":"https:\/\/noticiasribeiraopreto.com.br\/index.php\/wp-json\/wp\/v2\/types\/post"}],"author":[{"embeddable":true,"href":"https:\/\/noticiasribeiraopreto.com.br\/index.php\/wp-json\/wp\/v2\/users\/1"}],"replies":[{"embeddable":true,"href":"https:\/\/noticiasribeiraopreto.com.br\/index.php\/wp-json\/wp\/v2\/comments?post=13316"}],"version-history":[{"count":0,"href":"https:\/\/noticiasribeiraopreto.com.br\/index.php\/wp-json\/wp\/v2\/posts\/13316\/revisions"}],"wp:featuredmedia":[{"embeddable":true,"href":"https:\/\/noticiasribeiraopreto.com.br\/index.php\/wp-json\/wp\/v2\/media\/13317"}],"wp:attachment":[{"href":"https:\/\/noticiasribeiraopreto.com.br\/index.php\/wp-json\/wp\/v2\/media?parent=13316"}],"wp:term":[{"taxonomy":"category","embeddable":true,"href":"https:\/\/noticiasribeiraopreto.com.br\/index.php\/wp-json\/wp\/v2\/categories?post=13316"},{"taxonomy":"post_tag","embeddable":true,"href":"https:\/\/noticiasribeiraopreto.com.br\/index.php\/wp-json\/wp\/v2\/tags?post=13316"}],"curies":[{"name":"wp","href":"https:\/\/api.w.org\/{rel}","templated":true}]}}