{"id":13420,"date":"2023-12-10T08:09:49","date_gmt":"2023-12-10T11:09:49","guid":{"rendered":"https:\/\/noticiasribeiraopreto.com.br\/index.php\/2023\/12\/10\/diesel-mais-barato-a-partir-desta-sexta-feira-nas-distribuidoras\/"},"modified":"2023-12-10T08:09:49","modified_gmt":"2023-12-10T11:09:49","slug":"diesel-mais-barato-a-partir-desta-sexta-feira-nas-distribuidoras","status":"publish","type":"post","link":"https:\/\/noticiasribeiraopreto.com.br\/index.php\/2023\/12\/10\/diesel-mais-barato-a-partir-desta-sexta-feira-nas-distribuidoras\/","title":{"rendered":"Diesel mais barato a partir desta sexta-feira nas distribuidoras \u2013 Folha de Ribeir\u00e3o"},"content":{"rendered":"<div class='code-block code-block-1' style='margin: 8px 0 8px auto; text-align: right; display: block; clear: both;'>\n<p><a href=\"https:\/\/wa.link\/vpicfd\"><img data-recalc-dims=\"1\" class=\"wp-image-4922\" style=\"aspect-ratio: 2.0253164556962027; width: 561px; height: auto;\" src=\"https:\/\/i0.wp.com\/ismaelcolosi.com.br\/wp-content\/uploads\/2023\/11\/grupo-de-empregos-whatsapp-e-facebook-ismael-colosi-vagas.jpg?ssl=1\" alt=\"\" \/><\/a><\/p>\n<!-- \/wp:image -->\n<\/div>\n<p> <br \/>\n<\/p>\n<div>\n<p>O litro do diesel nas distribuidoras est\u00e1, em m\u00e9dia, R$ 0,27 menor, a partir desta sexta-feira (8). O valor\u00a0passa a ser de R$ 3,78. A medida foi anunciada nessa quinta-feira (7) pela Petrobras. No ano, a redu\u00e7\u00e3o acumulada soma R$ 0,71 por litro, o equivalente a 15,8%.<img data-recalc-dims=\"1\" decoding=\"async\" src=\"https:\/\/i0.wp.com\/agenciabrasil.ebc.com.br\/ebc.gif?ssl=1\"\/><\/p>\n<p>De acordo com a empresa, o ajuste \u00e9 resultado da an\u00e1lise dos fundamentos dos mercados externo e interno, frente \u00e0 estrat\u00e9gia comercial da companhia, implementada em maio de 2023, em substitui\u00e7\u00e3o \u00e0 pol\u00edtica de pre\u00e7os anterior, e que \u201cpassou a incorporar par\u00e2metros que refletem as melhores condi\u00e7\u00f5es de refino e log\u00edstica da Petrobras na sua precifica\u00e7\u00e3o\u201d.<\/p>\n<h2>Pre\u00e7o m\u00e9dio<\/h2>\n<p>Ao considerar a mistura obrigat\u00f3ria de 88% de diesel A e 12% de biodiesel para a composi\u00e7\u00e3o do diesel comercializado nos postos, a parcela da Petrobras no pre\u00e7o ao consumidor cair\u00e1 R$ 0,24 por litro e passar\u00e1 a ser, em m\u00e9dia, R$ 3,33 a cada litro vendido na bomba. Com isso, o pre\u00e7o m\u00e9dio do diesel A S10 nas bombas poder\u00e1 atingir valor de R$ 5,92 por litro, considerando que o Levantamento de Pre\u00e7os de Combust\u00edveis da Ag\u00eancia Nacional do Petr\u00f3leo, G\u00e1s Natural e Biocombust\u00edveis (ANP) para a semana de 26 de novembro a 2 de dezembro indicou valor m\u00e9dio de R$ 6,16 por litro.<\/p>\n<p>A Petrobras lembra que o valor cobrado ao consumidor final no posto \u00e9 afetado por outros fatores, como impostos, mistura de biocombust\u00edveis e margens de lucro da distribui\u00e7\u00e3o e da revenda. \u201cDa\u00ed, esta estimativa ter prop\u00f3sito meramente referencial, mantidas constantes as demais parcelas que compuseram os pre\u00e7os ao consumidor naquele per\u00edodo\u201d.<\/p>\n<p>A companhia destacou, tamb\u00e9m, que cabe \u00e0s autoridades competentes realizar a\u00e7\u00f5es de fiscaliza\u00e7\u00e3o, autua\u00e7\u00e3o e penaliza\u00e7\u00e3o de pr\u00e1ticas abusivas ou lesivas ao consumidor.<\/p>\n<h2>Gasolina<\/h2>\n<p>No momento, a Petrobras est\u00e1 mantendo est\u00e1veis seus pre\u00e7os de venda de gasolina \u00e0s distribuidoras, tendo em vista o \u00faltimo movimento realizado em 21 de outubro, de redu\u00e7\u00e3o de R$ 0,12 por litro. No ano, os pre\u00e7os de gasolina A da Petrobras para as distribuidoras acumulam queda de R$ 0,27 por litro, o equivalente a 8,7%.<\/p>\n<p>Para o GLP (g\u00e1s de cozinha), os pre\u00e7os de venda \u00e0s distribuidoras permanecem est\u00e1veis desde o dia 1\u00ba de julho. No ano, os pre\u00e7os do g\u00e1s de cozinha para as distribuidoras acumulam retra\u00e7\u00e3o equivalente a R$ 10,40 por botij\u00e3o de 13 kg, ou 24,7%.<\/p>\n<p>A companhia reiterou que na forma\u00e7\u00e3o de seus pre\u00e7os \u201cbusca evitar o repasse da volatilidade conjuntural do mercado internacional e da taxa de c\u00e2mbio, ao passo que preserva um ambiente competitivo salutar nos termos da legisla\u00e7\u00e3o vigente\u201d.<\/p>\n<\/p><\/div>\n<p><br \/>\n<br \/><a href=\"https:\/\/folhaderibeirao.com.br\/2023\/12\/10\/diesel-mais-barato-a-partir-desta-sexta-feira-nas-distribuidoras\/\">Source link <\/a><\/p>\n<!-- CONTENT END 1 -->\n","protected":false},"excerpt":{"rendered":"<p>O litro do diesel nas distribuidoras est\u00e1, em m\u00e9dia, R$ 0,27 menor, a partir desta sexta-feira (8). O valor\u00a0passa a ser de R$ 3,78. A&#8230;<\/p>\n","protected":false},"author":1,"featured_media":13421,"comment_status":"open","ping_status":"open","sticky":false,"template":"","format":"standard","meta":{"advanced_seo_description":"","jetpack_seo_html_title":"","jetpack_seo_noindex":false,"jetpack_post_was_ever_published":false,"_jetpack_newsletter_access":"","_jetpack_dont_email_post_to_subs":false,"_jetpack_newsletter_tier_id":0,"_jetpack_memberships_contains_paywalled_content":false,"_jetpack_memberships_contains_paid_content":false,"footnotes":"","jetpack_publicize_message":"","jetpack_publicize_feature_enabled":true,"jetpack_social_post_already_shared":true,"jetpack_social_options":{"image_generator_settings":{"template":"highway","default_image_id":0,"font":"","enabled":false},"version":2}},"categories":[11],"tags":[1866,167,1865,1867,753,276,104,166,26,1160],"class_list":["post-13420","post","type-post","status-publish","format-standard","has-post-thumbnail","hentry","category-noticias-de-ribeirao-preto-sp-e-regiao-ismael-colosi","tag-barato","tag-desta","tag-diesel","tag-distribuidoras","tag-folha","tag-mais","tag-nas","tag-partir","tag-ribeirao","tag-sextafeira"],"jetpack_publicize_connections":[],"jetpack_featured_media_url":"https:\/\/i0.wp.com\/noticiasribeiraopreto.com.br\/wp-content\/uploads\/2023\/12\/1702206592_ebc.png?fit=1%2C1&ssl=1","jetpack-related-posts":[{"id":66390,"url":"https:\/\/noticiasribeiraopreto.com.br\/index.php\/2025\/03\/31\/petrobras-anuncia-reducao-no-preco-do-diesel-a-partir-desta-terca-feira\/","url_meta":{"origin":13420,"position":0},"title":"Petrobras anuncia redu\u00e7\u00e3o no pre\u00e7o do diesel a partir desta ter\u00e7a-feira","author":"noticiasribeiraopreto.com.br","date":"31 de March de 2025","format":false,"excerpt":"A Petrobras informou nesta segunda-feira (31) que o pre\u00e7o do litro do diesel A ficar\u00e1 R$ 0,17 mais barato para as distribuidoras a partir desta ter\u00e7a-feira (1\u00ba de abril). Com isso, o pre\u00e7o m\u00e9dio ser\u00e1 de R$ 3,55 por litro. Considerando a mistura obrigat\u00f3ria de 86% de diesel A e\u2026","rel":"","context":"In &quot;Not\u00edcias de Ribeir\u00e3o Preto-SP e Regi\u00e3o&quot;","block_context":{"text":"Not\u00edcias de Ribeir\u00e3o Preto-SP e Regi\u00e3o","link":"https:\/\/noticiasribeiraopreto.com.br\/index.php\/category\/noticias-de-ribeirao-preto-sp-e-regiao-ismael-colosi\/"},"img":{"alt_text":"","src":"https:\/\/i0.wp.com\/noticiasribeiraopreto.com.br\/wp-content\/uploads\/2025\/03\/diesel-a_2025-03-31_17-45-47_jpg_2025-03-31_17-45-47.webp.webp?fit=1170%2C700&ssl=1&resize=350%2C200","width":350,"height":200,"srcset":"https:\/\/i0.wp.com\/noticiasribeiraopreto.com.br\/wp-content\/uploads\/2025\/03\/diesel-a_2025-03-31_17-45-47_jpg_2025-03-31_17-45-47.webp.webp?fit=1170%2C700&ssl=1&resize=350%2C200 1x, https:\/\/i0.wp.com\/noticiasribeiraopreto.com.br\/wp-content\/uploads\/2025\/03\/diesel-a_2025-03-31_17-45-47_jpg_2025-03-31_17-45-47.webp.webp?fit=1170%2C700&ssl=1&resize=525%2C300 1.5x, https:\/\/i0.wp.com\/noticiasribeiraopreto.com.br\/wp-content\/uploads\/2025\/03\/diesel-a_2025-03-31_17-45-47_jpg_2025-03-31_17-45-47.webp.webp?fit=1170%2C700&ssl=1&resize=700%2C400 2x, https:\/\/i0.wp.com\/noticiasribeiraopreto.com.br\/wp-content\/uploads\/2025\/03\/diesel-a_2025-03-31_17-45-47_jpg_2025-03-31_17-45-47.webp.webp?fit=1170%2C700&ssl=1&resize=1050%2C600 3x"},"classes":[]},{"id":67724,"url":"https:\/\/noticiasribeiraopreto.com.br\/index.php\/2025\/04\/17\/petrobras-reduz-precos-do-diesel-veja-quanto-vai-custar-nas-bombas\/","url_meta":{"origin":13420,"position":1},"title":"Petrobras reduz pre\u00e7os do diesel; Veja quanto vai custar nas bombas","author":"noticiasribeiraopreto.com.br","date":"17 de April de 2025","format":false,"excerpt":"A Petrobras anunciou nesta quinta-feira (17) que reduzir\u00e1 os pre\u00e7os de venda de diesel A para as distribuidoras a partir desta sexta-feira (18). O pre\u00e7o passar\u00e1 a ser, em m\u00e9dia, de R$ 3,43 por litro, uma redu\u00e7\u00e3o de R$ 0,12 por litro. Considerando a mistura obrigat\u00f3ria de 86% de diesel\u2026","rel":"","context":"In &quot;Not\u00edcias de Ribeir\u00e3o Preto-SP e Regi\u00e3o&quot;","block_context":{"text":"Not\u00edcias de Ribeir\u00e3o Preto-SP e Regi\u00e3o","link":"https:\/\/noticiasribeiraopreto.com.br\/index.php\/category\/noticias-de-ribeirao-preto-sp-e-regiao-ismael-colosi\/"},"img":{"alt_text":"","src":"https:\/\/i0.wp.com\/noticiasribeiraopreto.com.br\/wp-content\/uploads\/2025\/04\/caminhao_sendo_1200x675_10052022102935.jpg?fit=1200%2C675&ssl=1&resize=350%2C200","width":350,"height":200,"srcset":"https:\/\/i0.wp.com\/noticiasribeiraopreto.com.br\/wp-content\/uploads\/2025\/04\/caminhao_sendo_1200x675_10052022102935.jpg?fit=1200%2C675&ssl=1&resize=350%2C200 1x, https:\/\/i0.wp.com\/noticiasribeiraopreto.com.br\/wp-content\/uploads\/2025\/04\/caminhao_sendo_1200x675_10052022102935.jpg?fit=1200%2C675&ssl=1&resize=525%2C300 1.5x, https:\/\/i0.wp.com\/noticiasribeiraopreto.com.br\/wp-content\/uploads\/2025\/04\/caminhao_sendo_1200x675_10052022102935.jpg?fit=1200%2C675&ssl=1&resize=700%2C400 2x, https:\/\/i0.wp.com\/noticiasribeiraopreto.com.br\/wp-content\/uploads\/2025\/04\/caminhao_sendo_1200x675_10052022102935.jpg?fit=1200%2C675&ssl=1&resize=1050%2C600 3x"},"classes":[]},{"id":20808,"url":"https:\/\/noticiasribeiraopreto.com.br\/index.php\/2023\/12\/26\/estatal-anuncia-reducao-de-r-030-no-preco-do-diesel\/","url_meta":{"origin":13420,"position":2},"title":"Petrobras anuncia redu\u00e7\u00e3o de R$ 0,30 no pre\u00e7o do diesel","author":"noticiasribeiraopreto.com.br","date":"26 de December de 2023","format":false,"excerpt":"O pre\u00e7o do litro do diesel vendido pela Petrobras \u00e0s distribuidoras de combust\u00edveis ser\u00e1 reduzido em R$ 0,30 a partir desta quarta-feira (27). O an\u00fancio foi feito nesta ter\u00e7a-feira (26) pela estatal, que passar\u00e1 a cobrar R$ 3,48 por litro. Os pre\u00e7os da gasolina e do g\u00e1s de cozinha ser\u00e3o\u2026","rel":"","context":"In &quot;Not\u00edcias de Ribeir\u00e3o Preto-SP e Regi\u00e3o&quot;","block_context":{"text":"Not\u00edcias de Ribeir\u00e3o Preto-SP e Regi\u00e3o","link":"https:\/\/noticiasribeiraopreto.com.br\/index.php\/category\/noticias-de-ribeirao-preto-sp-e-regiao-ismael-colosi\/"},"img":{"alt_text":"","src":"https:\/\/i0.wp.com\/noticiasribeiraopreto.com.br\/wp-content\/uploads\/2023\/12\/1703613960_diesel.jpg?fit=699%2C420&ssl=1&resize=350%2C200","width":350,"height":200,"srcset":"https:\/\/i0.wp.com\/noticiasribeiraopreto.com.br\/wp-content\/uploads\/2023\/12\/1703613960_diesel.jpg?fit=699%2C420&ssl=1&resize=350%2C200 1x, https:\/\/i0.wp.com\/noticiasribeiraopreto.com.br\/wp-content\/uploads\/2023\/12\/1703613960_diesel.jpg?fit=699%2C420&ssl=1&resize=525%2C300 1.5x"},"classes":[]},{"id":63035,"url":"https:\/\/noticiasribeiraopreto.com.br\/index.php\/2025\/01\/31\/petrobras-aumenta-preco-do-diesel-a-partir-deste-sabado-veja-os-valores\/","url_meta":{"origin":13420,"position":3},"title":"Petrobras aumenta pre\u00e7o do diesel a partir deste s\u00e1bado; Veja os valores","author":"noticiasribeiraopreto.com.br","date":"31 de January de 2025","format":false,"excerpt":"A Petrobras anunciou nesta sexta-feira (31) que o diesel vai ficar mais caro a partir deste s\u00e1bado (1\u00ba de fevereiro). Com isso, o pre\u00e7o de venda do combust\u00edvel para as distribuidoras passar\u00e1 a ser, em m\u00e9dia, de R$ 3,72 por litro, um aumento de R$ 0,22 por litro. Considerando a\u2026","rel":"","context":"In &quot;Not\u00edcias de Ribeir\u00e3o Preto-SP e Regi\u00e3o&quot;","block_context":{"text":"Not\u00edcias de Ribeir\u00e3o Preto-SP e Regi\u00e3o","link":"https:\/\/noticiasribeiraopreto.com.br\/index.php\/category\/noticias-de-ribeirao-preto-sp-e-regiao-ismael-colosi\/"},"img":{"alt_text":"","src":"https:\/\/i0.wp.com\/noticiasribeiraopreto.com.br\/wp-content\/uploads\/2025\/01\/diesel.jpg?fit=754%2C503&ssl=1&resize=350%2C200","width":350,"height":200,"srcset":"https:\/\/i0.wp.com\/noticiasribeiraopreto.com.br\/wp-content\/uploads\/2025\/01\/diesel.jpg?fit=754%2C503&ssl=1&resize=350%2C200 1x, https:\/\/i0.wp.com\/noticiasribeiraopreto.com.br\/wp-content\/uploads\/2025\/01\/diesel.jpg?fit=754%2C503&ssl=1&resize=525%2C300 1.5x, https:\/\/i0.wp.com\/noticiasribeiraopreto.com.br\/wp-content\/uploads\/2025\/01\/diesel.jpg?fit=754%2C503&ssl=1&resize=700%2C400 2x"},"classes":[]},{"id":69383,"url":"https:\/\/noticiasribeiraopreto.com.br\/index.php\/2025\/05\/05\/petrobras-anuncia-reducao-no-preco-do-diesel-veja-os-novos-valores-a-partir-de-terca\/","url_meta":{"origin":13420,"position":4},"title":"Petrobras anuncia redu\u00e7\u00e3o no pre\u00e7o do diesel; veja os novos valores a partir de ter\u00e7a","author":"noticiasribeiraopreto.com.br","date":"5 de May de 2025","format":false,"excerpt":"A partir de ter\u00e7a-feira (6), a Petrobras reduzir\u00e1 seus pre\u00e7os de venda de diesel A para as distribuidoras. O produto passar\u00e1 a ser vendido, em m\u00e9dia, por R$ 3,27 por litro, uma redu\u00e7\u00e3o de R$ 0,16 por litro. Em nota, a Petrobras informa que, considerando a mistura obrigat\u00f3ria de 86%\u2026","rel":"","context":"In &quot;Not\u00edcias de Ribeir\u00e3o Preto-SP e Regi\u00e3o&quot;","block_context":{"text":"Not\u00edcias de Ribeir\u00e3o Preto-SP e Regi\u00e3o","link":"https:\/\/noticiasribeiraopreto.com.br\/index.php\/category\/noticias-de-ribeirao-preto-sp-e-regiao-ismael-colosi\/"},"img":{"alt_text":"","src":"https:\/\/i0.wp.com\/noticiasribeiraopreto.com.br\/wp-content\/uploads\/2025\/05\/diesel_2025-05-05_16-30-16.webp.webp?fit=1168%2C697&ssl=1&resize=350%2C200","width":350,"height":200,"srcset":"https:\/\/i0.wp.com\/noticiasribeiraopreto.com.br\/wp-content\/uploads\/2025\/05\/diesel_2025-05-05_16-30-16.webp.webp?fit=1168%2C697&ssl=1&resize=350%2C200 1x, https:\/\/i0.wp.com\/noticiasribeiraopreto.com.br\/wp-content\/uploads\/2025\/05\/diesel_2025-05-05_16-30-16.webp.webp?fit=1168%2C697&ssl=1&resize=525%2C300 1.5x, https:\/\/i0.wp.com\/noticiasribeiraopreto.com.br\/wp-content\/uploads\/2025\/05\/diesel_2025-05-05_16-30-16.webp.webp?fit=1168%2C697&ssl=1&resize=700%2C400 2x, https:\/\/i0.wp.com\/noticiasribeiraopreto.com.br\/wp-content\/uploads\/2025\/05\/diesel_2025-05-05_16-30-16.webp.webp?fit=1168%2C697&ssl=1&resize=1050%2C600 3x"},"classes":[]},{"id":71179,"url":"https:\/\/noticiasribeiraopreto.com.br\/index.php\/2025\/06\/03\/petrobras-baixa-o-preco-da-gasolina\/","url_meta":{"origin":13420,"position":5},"title":"Petrobras baixa o\u00a0pre\u00e7o da gasolina\u00a0","author":"noticiasribeiraopreto.com.br","date":"3 de June de 2025","format":false,"excerpt":"A partir desta ter\u00e7a-feira, 3 de junho, a Petrobras vai reduzir seus pre\u00e7os de venda de gasolina A para as distribuidoras em 5,6%, informa a estatal. Para as distribuidoras passar\u00e1 a ser, em m\u00e9dia, de R$ 2,85 por litro, redu\u00e7\u00e3o de R$ 0,17 por litro. O combust\u00edvel estava h\u00e1 328\u2026","rel":"","context":"In &quot;Not\u00edcias de Ribeir\u00e3o Preto-SP e Regi\u00e3o&quot;","block_context":{"text":"Not\u00edcias de Ribeir\u00e3o Preto-SP e Regi\u00e3o","link":"https:\/\/noticiasribeiraopreto.com.br\/index.php\/category\/noticias-de-ribeirao-preto-sp-e-regiao-ismael-colosi\/"},"img":{"alt_text":"","src":"https:\/\/i0.wp.com\/noticiasribeiraopreto.com.br\/wp-content\/uploads\/2025\/06\/EtanolRP-Marcelo-Camargo-Ag.Br_.-2.jpg?fit=1170%2C700&ssl=1&resize=350%2C200","width":350,"height":200,"srcset":"https:\/\/i0.wp.com\/noticiasribeiraopreto.com.br\/wp-content\/uploads\/2025\/06\/EtanolRP-Marcelo-Camargo-Ag.Br_.-2.jpg?fit=1170%2C700&ssl=1&resize=350%2C200 1x, https:\/\/i0.wp.com\/noticiasribeiraopreto.com.br\/wp-content\/uploads\/2025\/06\/EtanolRP-Marcelo-Camargo-Ag.Br_.-2.jpg?fit=1170%2C700&ssl=1&resize=525%2C300 1.5x, https:\/\/i0.wp.com\/noticiasribeiraopreto.com.br\/wp-content\/uploads\/2025\/06\/EtanolRP-Marcelo-Camargo-Ag.Br_.-2.jpg?fit=1170%2C700&ssl=1&resize=700%2C400 2x, https:\/\/i0.wp.com\/noticiasribeiraopreto.com.br\/wp-content\/uploads\/2025\/06\/EtanolRP-Marcelo-Camargo-Ag.Br_.-2.jpg?fit=1170%2C700&ssl=1&resize=1050%2C600 3x"},"classes":[]}],"jetpack_sharing_enabled":true,"jetpack_shortlink":"https:\/\/wp.me\/peQAOb-3us","_links":{"self":[{"href":"https:\/\/noticiasribeiraopreto.com.br\/index.php\/wp-json\/wp\/v2\/posts\/13420","targetHints":{"allow":["GET"]}}],"collection":[{"href":"https:\/\/noticiasribeiraopreto.com.br\/index.php\/wp-json\/wp\/v2\/posts"}],"about":[{"href":"https:\/\/noticiasribeiraopreto.com.br\/index.php\/wp-json\/wp\/v2\/types\/post"}],"author":[{"embeddable":true,"href":"https:\/\/noticiasribeiraopreto.com.br\/index.php\/wp-json\/wp\/v2\/users\/1"}],"replies":[{"embeddable":true,"href":"https:\/\/noticiasribeiraopreto.com.br\/index.php\/wp-json\/wp\/v2\/comments?post=13420"}],"version-history":[{"count":0,"href":"https:\/\/noticiasribeiraopreto.com.br\/index.php\/wp-json\/wp\/v2\/posts\/13420\/revisions"}],"wp:featuredmedia":[{"embeddable":true,"href":"https:\/\/noticiasribeiraopreto.com.br\/index.php\/wp-json\/wp\/v2\/media\/13421"}],"wp:attachment":[{"href":"https:\/\/noticiasribeiraopreto.com.br\/index.php\/wp-json\/wp\/v2\/media?parent=13420"}],"wp:term":[{"taxonomy":"category","embeddable":true,"href":"https:\/\/noticiasribeiraopreto.com.br\/index.php\/wp-json\/wp\/v2\/categories?post=13420"},{"taxonomy":"post_tag","embeddable":true,"href":"https:\/\/noticiasribeiraopreto.com.br\/index.php\/wp-json\/wp\/v2\/tags?post=13420"}],"curies":[{"name":"wp","href":"https:\/\/api.w.org\/{rel}","templated":true}]}}