{"id":13429,"date":"2023-12-10T08:39:15","date_gmt":"2023-12-10T11:39:15","guid":{"rendered":"https:\/\/noticiasribeiraopreto.com.br\/index.php\/2023\/12\/10\/stf-nega-indenizacao-para-bares-e-restaurantes-de-ribeirao-fechados-na-pandemia\/"},"modified":"2023-12-10T08:39:15","modified_gmt":"2023-12-10T11:39:15","slug":"stf-nega-indenizacao-para-bares-e-restaurantes-de-ribeirao-fechados-na-pandemia","status":"publish","type":"post","link":"https:\/\/noticiasribeiraopreto.com.br\/index.php\/2023\/12\/10\/stf-nega-indenizacao-para-bares-e-restaurantes-de-ribeirao-fechados-na-pandemia\/","title":{"rendered":"STF nega indeniza\u00e7\u00e3o para bares e restaurantes de Ribeir\u00e3o fechados na pandemia"},"content":{"rendered":"<div class='code-block code-block-1' style='margin: 8px 0 8px auto; text-align: right; display: block; clear: both;'>\n<p><a href=\"https:\/\/wa.link\/vpicfd\"><img data-recalc-dims=\"1\" class=\"wp-image-4922\" style=\"aspect-ratio: 2.0253164556962027; width: 561px; height: auto;\" src=\"https:\/\/i0.wp.com\/ismaelcolosi.com.br\/wp-content\/uploads\/2023\/11\/grupo-de-empregos-whatsapp-e-facebook-ismael-colosi-vagas.jpg?ssl=1\" alt=\"\" \/><\/a><\/p>\n<!-- \/wp:image -->\n<\/div>\n<p> <br \/>\n<\/p>\n<div>\n<p><strong>O ministro Andr\u00e9 Mendon\u00e7a, do <a href=\"https:\/\/portal.stf.jus.br\/\" target=\"_blank\" rel=\"noreferrer noopener nofollow\">STF (Supremo Tribunal Federal)<\/a>, negou um pedido da Abrasel (Associa\u00e7\u00e3o Brasileira de Bares e Restaurantes) para que o <a href=\"https:\/\/www.saopaulo.sp.gov.br\/\" target=\"_blank\" rel=\"noreferrer noopener nofollow\">Governo de S\u00e3o Paulo<\/a> e a <a href=\"https:\/\/www.ribeiraopreto.sp.gov.br\/portal\/\" target=\"_blank\" rel=\"noreferrer noopener nofollow\">Prefeitura de Ribeir\u00e3o Preto <\/a>paguem uma indeniza\u00e7\u00e3o aos estabelecimentos por conta do fechamento durante a pandemia da covid-19.<\/strong><\/p>\n<p>Na decis\u00e3o, publicada no final de novembro, o ministro entendeu que o tipo de recurso proposto pela associa\u00e7\u00e3o n\u00e3o seria o adequado para tratar o assunto no Supremo.<\/p>\n<p>\u201cVerifica-se que um dos pilares da decis\u00e3o atacada \u2014 a exclus\u00e3o da responsabilidade civil estatal em raz\u00e3o de situa\u00e7\u00e3o de for\u00e7a maior \u2014 n\u00e3o foi refutado em nenhum ponto do recurso apresentado. Logo, a aus\u00eancia de impugna\u00e7\u00e3o de todos os fundamentos da decis\u00e3o recorrida inviabiliza este recurso\u201d, escreveu.<\/p>\n<h4 class=\"wp-block-heading\"><strong>O que diz a Abrasel?<\/strong><\/h4>\n<p>Em nota, a <mark style=\"background-color:#fcb900\" class=\"has-inline-color has-black-color\">Abrasel afirma que a busca pela repara\u00e7\u00e3o dos danos causados ao setor na pandemia n\u00e3o se limita a este processo<\/mark>, mas engloba outras vias para conquistar uma compensa\u00e7\u00e3o \u201cm\u00ednima e justa\u201d pelos preju\u00edzos enfrentados.<\/p>\n<p>\u201cInfelizmente, essa compensa\u00e7\u00e3o e repara\u00e7\u00e3o do estado n\u00e3o se concretizaram em nenhum aspecto para o nosso setor\u201d, afirma Renato Munhoz, presidente da Abrasel Alta Mogiana, que atua na regi\u00e3o de Ribeir\u00e3o Preto.<\/p>\n<p>\u201c\u00c9 normal que essas \u2018derrotas\u2019, entre aspas, ocorram. No entanto, enquanto associa\u00e7\u00e3o de classe, seguiremos buscando incansavelmente nossos direitos por meio de todas as vias legais e de mobiliza\u00e7\u00e3o popular que estiverem ao nosso alcance\u201d, completa.<\/p>\n<h4 class=\"wp-block-heading\"><strong>O pedido<\/strong><\/h4>\n<p>A a\u00e7\u00e3o trata de um pedido de indeniza\u00e7\u00e3o por perdas e danos come\u00e7ou a tramitar, inicialmente, na Justi\u00e7a de S\u00e3o Paulo, e tamb\u00e9m engloba outros munic\u00edpios abrangidos pela entidade.<\/p>\n<p>O TJ-SP (Tribunal de Justi\u00e7a de S\u00e3o Paulo) tamb\u00e9m julgou improcedente o pedido dos empres\u00e1rios. Os estabelecimentos tamb\u00e9m recorreram da decis\u00e3o no STJ (Superior Tribunal de Justi\u00e7a), e a a\u00e7\u00e3o tamb\u00e9m foi negada.<\/p>\n<p>Ao<strong> acidade on<\/strong>, o diretor executivo da Abrasel Alta Mogiana, que abrange Ribeir\u00e3o Preto e outros munic\u00edpios da regi\u00e3o, Vinicius Iozzi, afirma que os empres\u00e1rios n\u00e3o questionam as medidas sanit\u00e1rias impostas na pandemia, mas a falta de benef\u00edcios para os estabelecimentos afetados com os fechamentos.<\/p>\n<p>VEJA TAMB\u00c9M<br \/>Veja como participar da campanha Natal das Crian\u00e7as do Fundo Social de Ribeir\u00e3o<\/p>\n<h4 class=\"wp-block-heading\"><strong>FIQUE ON<\/strong><\/h4>\n<p>Fique ligado em tudo que acontece em Ribeir\u00e3o Preto e regi\u00e3o. Siga os perfis do acidade on no <a href=\"https:\/\/www.instagram.com\/acidadeonribeirao\" target=\"_blank\" rel=\"noreferrer noopener nofollow\">Instagram<\/a> e no <a href=\"https:\/\/www.facebook.com\/acidadeonribeirao\" target=\"_blank\" rel=\"noreferrer noopener nofollow\">Facebook<\/a>.<\/p>\n<p>Receba not\u00edcias do acidade on no WhatsApp.<a href=\"https:\/\/chat.whatsapp.com\/Bnv2w66ZT4VDyZW3oiZ69n\" target=\"_blank\" rel=\"noreferrer noopener nofollow\"> Para entrar no grupo, basta clicar aqui.<\/a><\/p>\n<p>Fa\u00e7a uma den\u00fancia ou sugira uma reportagem sobre a Ribeir\u00e3o Preto e regi\u00e3o pelo WhatsApp: (16) 99117 7802.<\/p>\n<p>LEIA MAIS<br \/><a href=\"https:\/\/www.tudoep.com\/tudo-saude\/NOT,0,0,1868541,parar-de-fumar-reduz-o-risco-de-desenvolver-diabetes-tipo-2.aspx\" target=\"_blank\" rel=\"noreferrer noopener nofollow\">Parar de fumar reduz o risco de desenvolver diabetes tipo 2<\/a><\/p>\n<p><!-- AI CONTENT END 1 -->\n<\/div>\n<p><script async src=\"\/\/www.instagram.com\/embed.js\"><\/script><br \/>\n<br \/><br \/>\n<br \/><a href=\"https:\/\/www.acidadeon.com\/ribeiraopreto\/politica\/stf-nega-indenizacao-para-bares-e-restaurantes-de-ribeirao-fechados-na-pandemia\/\">Source link <\/a><\/p>\n<!-- CONTENT END 1 -->\n","protected":false},"excerpt":{"rendered":"<p>O ministro Andr\u00e9 Mendon\u00e7a, do STF (Supremo Tribunal Federal), negou um pedido da Abrasel (Associa\u00e7\u00e3o Brasileira de Bares e Restaurantes) para que o Governo de&#8230;<\/p>\n","protected":false},"author":1,"featured_media":13430,"comment_status":"open","ping_status":"open","sticky":false,"template":"","format":"standard","meta":{"advanced_seo_description":"","jetpack_seo_html_title":"","jetpack_seo_noindex":false,"jetpack_post_was_ever_published":false,"_jetpack_newsletter_access":"","_jetpack_dont_email_post_to_subs":false,"_jetpack_newsletter_tier_id":0,"_jetpack_memberships_contains_paywalled_content":false,"_jetpack_memberships_contains_paid_content":false,"footnotes":"","jetpack_publicize_message":"","jetpack_publicize_feature_enabled":true,"jetpack_social_post_already_shared":true,"jetpack_social_options":{"image_generator_settings":{"template":"highway","default_image_id":0,"font":"","enabled":false},"version":2}},"categories":[11],"tags":[1827,1876,1874,1873,1016,71,1875,26,892],"class_list":["post-13429","post","type-post","status-publish","format-standard","has-post-thumbnail","hentry","category-noticias-de-ribeirao-preto-sp-e-regiao-ismael-colosi","tag-bares","tag-fechados","tag-indenizacao","tag-nega","tag-pandemia","tag-para","tag-restaurantes","tag-ribeirao","tag-stf"],"jetpack_publicize_connections":[],"jetpack_featured_media_url":"https:\/\/i0.wp.com\/noticiasribeiraopreto.com.br\/wp-content\/uploads\/2023\/12\/restaurante.jpg?fit=1500%2C1000&ssl=1","jetpack-related-posts":[{"id":13161,"url":"https:\/\/noticiasribeiraopreto.com.br\/index.php\/2023\/12\/09\/um-terco-de-bares-e-afins-deve-impostos\/","url_meta":{"origin":13429,"position":0},"title":"Um ter\u00e7o de bares e afins deve impostos\u00a0","author":"noticiasribeiraopreto.com.br","date":"9 de December de 2023","format":false,"excerpt":"9 de dezembro de 2023 | 11:009 de dezembro de 2023 | 8:34 0Pesquisa da Associa\u00e7\u00e3o Brasileira de Bares e Restaurantes da Alta Mogiana (Abrasel) com empres\u00e1rios do setor, realizada entre 24 de novembro e 1\u00ba de dezembro, revela que 33% dos estabelecimentos t\u00eam impostos atrasados. Deste total, 63% possuem\u2026","rel":"","context":"In &quot;Not\u00edcias de Ribeir\u00e3o Preto-SP e Regi\u00e3o&quot;","block_context":{"text":"Not\u00edcias de Ribeir\u00e3o Preto-SP e Regi\u00e3o","link":"https:\/\/noticiasribeiraopreto.com.br\/index.php\/category\/noticias-de-ribeirao-preto-sp-e-regiao-ismael-colosi\/"},"img":{"alt_text":"","src":"https:\/\/i0.wp.com\/noticiasribeiraopreto.com.br\/wp-content\/uploads\/2023\/12\/bares-scaled.jpg?fit=967%2C645&ssl=1&resize=350%2C200","width":350,"height":200,"srcset":"https:\/\/i0.wp.com\/noticiasribeiraopreto.com.br\/wp-content\/uploads\/2023\/12\/bares-scaled.jpg?fit=967%2C645&ssl=1&resize=350%2C200 1x, https:\/\/i0.wp.com\/noticiasribeiraopreto.com.br\/wp-content\/uploads\/2023\/12\/bares-scaled.jpg?fit=967%2C645&ssl=1&resize=525%2C300 1.5x, https:\/\/i0.wp.com\/noticiasribeiraopreto.com.br\/wp-content\/uploads\/2023\/12\/bares-scaled.jpg?fit=967%2C645&ssl=1&resize=700%2C400 2x"},"classes":[]},{"id":82993,"url":"https:\/\/noticiasribeiraopreto.com.br\/index.php\/2026\/03\/06\/stf-volta-a-julgar-escutas-da-sevandija\/","url_meta":{"origin":13429,"position":1},"title":"STF volta a julgar escutas da Sevandija","author":"noticiasribeiraopreto.com.br","date":"6 de March de 2026","format":false,"excerpt":"Supremo Tribunal Federal (STF) retoma nesta sexta-feira (6) a conclus\u00e3o do julgamento que decidir\u00e1 sobre a legalidade das escutas telef\u00f4nicas da Opera\u00e7\u00e3o Sevandija O Supremo Tribunal Federal (STF) retoma nesta sexta-feira, 6 de mar\u00e7o, a conclus\u00e3o do julgamento que decidir\u00e1 sobre a legalidade das escutas telef\u00f4nicas da Opera\u00e7\u00e3o Sevandija que\u2026","rel":"","context":"In &quot;Not\u00edcias de Ribeir\u00e3o Preto-SP e Regi\u00e3o&quot;","block_context":{"text":"Not\u00edcias de Ribeir\u00e3o Preto-SP e Regi\u00e3o","link":"https:\/\/noticiasribeiraopreto.com.br\/index.php\/category\/noticias-de-ribeirao-preto-sp-e-regiao-ismael-colosi\/"},"img":{"alt_text":"","src":"https:\/\/i0.wp.com\/noticiasribeiraopreto.com.br\/wp-content\/uploads\/2026\/03\/SevandijaDV-Dar-JF-Pimenta-Arquivo-scaled.jpg?fit=1170%2C780&ssl=1&resize=350%2C200","width":350,"height":200,"srcset":"https:\/\/i0.wp.com\/noticiasribeiraopreto.com.br\/wp-content\/uploads\/2026\/03\/SevandijaDV-Dar-JF-Pimenta-Arquivo-scaled.jpg?fit=1170%2C780&ssl=1&resize=350%2C200 1x, https:\/\/i0.wp.com\/noticiasribeiraopreto.com.br\/wp-content\/uploads\/2026\/03\/SevandijaDV-Dar-JF-Pimenta-Arquivo-scaled.jpg?fit=1170%2C780&ssl=1&resize=525%2C300 1.5x, https:\/\/i0.wp.com\/noticiasribeiraopreto.com.br\/wp-content\/uploads\/2026\/03\/SevandijaDV-Dar-JF-Pimenta-Arquivo-scaled.jpg?fit=1170%2C780&ssl=1&resize=700%2C400 2x, https:\/\/i0.wp.com\/noticiasribeiraopreto.com.br\/wp-content\/uploads\/2026\/03\/SevandijaDV-Dar-JF-Pimenta-Arquivo-scaled.jpg?fit=1170%2C780&ssl=1&resize=1050%2C600 3x"},"classes":[]},{"id":82364,"url":"https:\/\/noticiasribeiraopreto.com.br\/index.php\/2026\/02\/12\/sevandija-ribeirao-aguarda-voto-de-gilmar-mendes\/","url_meta":{"origin":13429,"position":2},"title":"Sevandija: Ribeir\u00e3o aguarda voto de Gilmar Mendes","author":"noticiasribeiraopreto.com.br","date":"12 de February de 2026","format":false,"excerpt":"Voto de ministro do STF sobre a validade das escutas telef\u00f4nicas da Sevandija n\u00e3o havia sido publicado at\u00e9 a tarde desta quarta-feira (11) At\u00e9 a tarde desta quarta-feira, 11 de fevereiro, o Supremo Tribunal Federal (STF) n\u00e3o havia publicado o voto do ministro Gilmar Mendes, presidente da Segunda da Corte,\u2026","rel":"","context":"In &quot;Not\u00edcias de Ribeir\u00e3o Preto-SP e Regi\u00e3o&quot;","block_context":{"text":"Not\u00edcias de Ribeir\u00e3o Preto-SP e Regi\u00e3o","link":"https:\/\/noticiasribeiraopreto.com.br\/index.php\/category\/noticias-de-ribeirao-preto-sp-e-regiao-ismael-colosi\/"},"img":{"alt_text":"","src":"https:\/\/i0.wp.com\/noticiasribeiraopreto.com.br\/wp-content\/uploads\/2026\/02\/SevandijaDV-Antonio-Augusto-STF.jpg?fit=1170%2C700&ssl=1&resize=350%2C200","width":350,"height":200,"srcset":"https:\/\/i0.wp.com\/noticiasribeiraopreto.com.br\/wp-content\/uploads\/2026\/02\/SevandijaDV-Antonio-Augusto-STF.jpg?fit=1170%2C700&ssl=1&resize=350%2C200 1x, https:\/\/i0.wp.com\/noticiasribeiraopreto.com.br\/wp-content\/uploads\/2026\/02\/SevandijaDV-Antonio-Augusto-STF.jpg?fit=1170%2C700&ssl=1&resize=525%2C300 1.5x, https:\/\/i0.wp.com\/noticiasribeiraopreto.com.br\/wp-content\/uploads\/2026\/02\/SevandijaDV-Antonio-Augusto-STF.jpg?fit=1170%2C700&ssl=1&resize=700%2C400 2x, https:\/\/i0.wp.com\/noticiasribeiraopreto.com.br\/wp-content\/uploads\/2026\/02\/SevandijaDV-Antonio-Augusto-STF.jpg?fit=1170%2C700&ssl=1&resize=1050%2C600 3x"},"classes":[]},{"id":16150,"url":"https:\/\/noticiasribeiraopreto.com.br\/index.php\/2023\/12\/15\/revisao-da-vida-toda-supremo-autoriza-novo-julgamento-em-plenario\/","url_meta":{"origin":13429,"position":3},"title":"Revis\u00e3o da vida toda: Supremo autoriza novo julgamento em plen\u00e1rio\u00a0","author":"noticiasribeiraopreto.com.br","date":"15 de December de 2023","format":false,"excerpt":"14 de dezembro de 2023 | 14:3014 de dezembro de 2023 | 11:33 0O recurso sobre a revis\u00e3o da vida toda foi liberado nesta quarta-feira, 13 de dezembro, para julgamento no plen\u00e1rio do Supremo Tribunal Federal (STF). Cabe agora ao ministro Lu\u00eds Roberto Barroso, presidente da Corte, encaixar o processo\u2026","rel":"","context":"In &quot;Not\u00edcias de Ribeir\u00e3o Preto-SP e Regi\u00e3o&quot;","block_context":{"text":"Not\u00edcias de Ribeir\u00e3o Preto-SP e Regi\u00e3o","link":"https:\/\/noticiasribeiraopreto.com.br\/index.php\/category\/noticias-de-ribeirao-preto-sp-e-regiao-ismael-colosi\/"},"img":{"alt_text":"","src":"https:\/\/i0.wp.com\/noticiasribeiraopreto.com.br\/wp-content\/uploads\/2023\/12\/previdenciainss-scaled.jpg?fit=700%2C419&ssl=1&resize=350%2C200","width":350,"height":200,"srcset":"https:\/\/i0.wp.com\/noticiasribeiraopreto.com.br\/wp-content\/uploads\/2023\/12\/previdenciainss-scaled.jpg?fit=700%2C419&ssl=1&resize=350%2C200 1x, https:\/\/i0.wp.com\/noticiasribeiraopreto.com.br\/wp-content\/uploads\/2023\/12\/previdenciainss-scaled.jpg?fit=700%2C419&ssl=1&resize=525%2C300 1.5x, https:\/\/i0.wp.com\/noticiasribeiraopreto.com.br\/wp-content\/uploads\/2023\/12\/previdenciainss-scaled.jpg?fit=700%2C419&ssl=1&resize=700%2C400 2x"},"classes":[]},{"id":77497,"url":"https:\/\/noticiasribeiraopreto.com.br\/index.php\/2025\/09\/19\/stf-suspende-julgamento-de-escutas-da-operacao-sevandija\/","url_meta":{"origin":13429,"position":4},"title":"STF suspende julgamento de escutas da Opera\u00e7\u00e3o Sevandija","author":"noticiasribeiraopreto.com.br","date":"19 de September de 2025","format":false,"excerpt":"19 de setembro de 2025 16:252 Compartilhar0 Julgamento sobre a legalidade das provas obtidas por meio de intercepta\u00e7\u00f5es telef\u00f4nicas foi suspenso nesta sexta-feira, 19 de setembro, em fun\u00e7\u00e3o de pedido de vistas de Gilmar Mendes; ministro ter\u00e1 prazo de at\u00e9 90 dias para votar O Supremo Tribunal Federal (STF) suspendeu\u2026","rel":"","context":"In &quot;Not\u00edcias de Ribeir\u00e3o Preto-SP e Regi\u00e3o&quot;","block_context":{"text":"Not\u00edcias de Ribeir\u00e3o Preto-SP e Regi\u00e3o","link":"https:\/\/noticiasribeiraopreto.com.br\/index.php\/category\/noticias-de-ribeirao-preto-sp-e-regiao-ismael-colosi\/"},"img":{"alt_text":"","src":"https:\/\/i0.wp.com\/noticiasribeiraopreto.com.br\/wp-content\/uploads\/2025\/09\/seva.webp.webp?fit=984%2C616&ssl=1&resize=350%2C200","width":350,"height":200,"srcset":"https:\/\/i0.wp.com\/noticiasribeiraopreto.com.br\/wp-content\/uploads\/2025\/09\/seva.webp.webp?fit=984%2C616&ssl=1&resize=350%2C200 1x, https:\/\/i0.wp.com\/noticiasribeiraopreto.com.br\/wp-content\/uploads\/2025\/09\/seva.webp.webp?fit=984%2C616&ssl=1&resize=525%2C300 1.5x, https:\/\/i0.wp.com\/noticiasribeiraopreto.com.br\/wp-content\/uploads\/2025\/09\/seva.webp.webp?fit=984%2C616&ssl=1&resize=700%2C400 2x"},"classes":[]},{"id":82294,"url":"https:\/\/noticiasribeiraopreto.com.br\/index.php\/2026\/02\/10\/stf-retoma-votacao-da-sevandija\/","url_meta":{"origin":13429,"position":5},"title":"STF retoma vota\u00e7\u00e3o da Sevandija","author":"noticiasribeiraopreto.com.br","date":"10 de February de 2026","format":false,"excerpt":"Nesta ter\u00e7a-feira (10) termina o prazo regimental de 90 dias para que o ministro Gilmar Mendes devolva o processo com sua manifesta\u00e7\u00e3o A Segunda Turma do Supremo Tribunal Federal (STF) deve retomar nesta quarta-feira, 11 de fevereiro, o julgamento de recurso extraordin\u00e1rio sobre a legalidade das intercepta\u00e7\u00f5es telef\u00f4nicas usadas na\u2026","rel":"","context":"In &quot;Not\u00edcias de Ribeir\u00e3o Preto-SP e Regi\u00e3o&quot;","block_context":{"text":"Not\u00edcias de Ribeir\u00e3o Preto-SP e Regi\u00e3o","link":"https:\/\/noticiasribeiraopreto.com.br\/index.php\/category\/noticias-de-ribeirao-preto-sp-e-regiao-ismael-colosi\/"},"img":{"alt_text":"","src":"https:\/\/i0.wp.com\/noticiasribeiraopreto.com.br\/wp-content\/uploads\/2026\/02\/Sevandija-Fellipe-Sampaio-STF-scaled.jpeg?fit=1200%2C713&ssl=1&resize=350%2C200","width":350,"height":200,"srcset":"https:\/\/i0.wp.com\/noticiasribeiraopreto.com.br\/wp-content\/uploads\/2026\/02\/Sevandija-Fellipe-Sampaio-STF-scaled.jpeg?fit=1200%2C713&ssl=1&resize=350%2C200 1x, https:\/\/i0.wp.com\/noticiasribeiraopreto.com.br\/wp-content\/uploads\/2026\/02\/Sevandija-Fellipe-Sampaio-STF-scaled.jpeg?fit=1200%2C713&ssl=1&resize=525%2C300 1.5x, https:\/\/i0.wp.com\/noticiasribeiraopreto.com.br\/wp-content\/uploads\/2026\/02\/Sevandija-Fellipe-Sampaio-STF-scaled.jpeg?fit=1200%2C713&ssl=1&resize=700%2C400 2x, https:\/\/i0.wp.com\/noticiasribeiraopreto.com.br\/wp-content\/uploads\/2026\/02\/Sevandija-Fellipe-Sampaio-STF-scaled.jpeg?fit=1200%2C713&ssl=1&resize=1050%2C600 3x"},"classes":[]}],"jetpack_sharing_enabled":true,"jetpack_shortlink":"https:\/\/wp.me\/peQAOb-3uB","_links":{"self":[{"href":"https:\/\/noticiasribeiraopreto.com.br\/index.php\/wp-json\/wp\/v2\/posts\/13429","targetHints":{"allow":["GET"]}}],"collection":[{"href":"https:\/\/noticiasribeiraopreto.com.br\/index.php\/wp-json\/wp\/v2\/posts"}],"about":[{"href":"https:\/\/noticiasribeiraopreto.com.br\/index.php\/wp-json\/wp\/v2\/types\/post"}],"author":[{"embeddable":true,"href":"https:\/\/noticiasribeiraopreto.com.br\/index.php\/wp-json\/wp\/v2\/users\/1"}],"replies":[{"embeddable":true,"href":"https:\/\/noticiasribeiraopreto.com.br\/index.php\/wp-json\/wp\/v2\/comments?post=13429"}],"version-history":[{"count":0,"href":"https:\/\/noticiasribeiraopreto.com.br\/index.php\/wp-json\/wp\/v2\/posts\/13429\/revisions"}],"wp:featuredmedia":[{"embeddable":true,"href":"https:\/\/noticiasribeiraopreto.com.br\/index.php\/wp-json\/wp\/v2\/media\/13430"}],"wp:attachment":[{"href":"https:\/\/noticiasribeiraopreto.com.br\/index.php\/wp-json\/wp\/v2\/media?parent=13429"}],"wp:term":[{"taxonomy":"category","embeddable":true,"href":"https:\/\/noticiasribeiraopreto.com.br\/index.php\/wp-json\/wp\/v2\/categories?post=13429"},{"taxonomy":"post_tag","embeddable":true,"href":"https:\/\/noticiasribeiraopreto.com.br\/index.php\/wp-json\/wp\/v2\/tags?post=13429"}],"curies":[{"name":"wp","href":"https:\/\/api.w.org\/{rel}","templated":true}]}}