{"id":13446,"date":"2023-12-10T09:39:04","date_gmt":"2023-12-10T12:39:04","guid":{"rendered":"https:\/\/noticiasribeiraopreto.com.br\/index.php\/2023\/12\/10\/quando-foi-a-ultima-vez-que-voce-escreveu-uma-carta\/"},"modified":"2023-12-10T09:39:04","modified_gmt":"2023-12-10T12:39:04","slug":"quando-foi-a-ultima-vez-que-voce-escreveu-uma-carta","status":"publish","type":"post","link":"https:\/\/noticiasribeiraopreto.com.br\/index.php\/2023\/12\/10\/quando-foi-a-ultima-vez-que-voce-escreveu-uma-carta\/","title":{"rendered":"Quando foi a \u00faltima vez que voc\u00ea escreveu uma carta?"},"content":{"rendered":"<div class='code-block code-block-1' style='margin: 8px 0 8px auto; text-align: right; display: block; clear: both;'>\n<p><a href=\"https:\/\/wa.link\/vpicfd\"><img data-recalc-dims=\"1\" class=\"wp-image-4922\" style=\"aspect-ratio: 2.0253164556962027; width: 561px; height: auto;\" src=\"https:\/\/i0.wp.com\/ismaelcolosi.com.br\/wp-content\/uploads\/2023\/11\/grupo-de-empregos-whatsapp-e-facebook-ismael-colosi-vagas.jpg?ssl=1\" alt=\"\" \/><\/a><\/p>\n<!-- \/wp:image -->\n<\/div>\n<p> <br \/>\n<\/p>\n<div>\n<h5 class=\"wp-block-heading\"><em>por Fabiana Guerrelhas<\/em><\/h5>\n<p>Ao ler o livro Carta ao pai, de Kafka, deparei-me com um antigo h\u00e1bito. <strong>Desde que me tornei uma pessoa alfabetizada, escrevo cartas, cartinhas e cartonas para me comunicar, expressar sentimentos, contar novidades, fazer contato com quem est\u00e1 longe e prestar homenagens<\/strong>. Lembro com saudade do ritual de umedecer os selos com saliva e de colocar a carta na caixa amarela do correio. Quando o carteiro chegava com algum envelope com meu nome, era uma alegria. Valorizo tanto o ato que ainda guardo muitas dessas boas recorda\u00e7\u00f5es em uma caixa, incluindo rascunhos de correspond\u00eancias muito importantes, que releio de vez em quando.<\/p>\n<p>Ao longo da hist\u00f3ria, j\u00e1 foram escritas cartas t\u00e3o memor\u00e1veis que elas se tornaram obras liter\u00e1rias, como as cartas de amor de Dostoi\u00e9vski a Anuska, as de Frida Kahlo a Diego Rivera ou as de Fernando Pessoa a Of\u00e9lia. H\u00e1 tamb\u00e9m cartas lind\u00edssimas entre amigos escritores que viraram livros, como por exemplo Com o mar por meio \u2013 uma amizade em cartas, uma compila\u00e7\u00e3o da correspond\u00eancia entre Jos\u00e9 Saramago e Jorge Amado, organizada por Paloma, filha de Jorge. No livro Todas as cartas, Clarice Lispector exp\u00f5e sua comunica\u00e7\u00e3o com Mario de Andrade, Rubem Braga, Lygia Fagundes Telles, entre outros.<\/p>\n<p>O cinema tamb\u00e9m j\u00e1 retratou diversas vezes o valor de uma carta. No filme P.S. Eu te amo, uma com\u00e9dia rom\u00e2ntica deliciosa, as cartas p\u00f3stumas escritas por Gerry (Gerard Butler) para Holly (Hilary Swank) s\u00e3o parte fundamental da supera\u00e7\u00e3o de um luto. E o filme Liga\u00e7\u00f5es perigosas \u00e9 um belo exemplo de romance epistolar.<\/p>\n<p>A carta de Kafka a seu pai n\u00e3o chegou ao destinat\u00e1rio porque o autor preferiu n\u00e3o enviar. Mas certamente gerou algum bom efeito sobre o escritor. Seu texto exprime uma vida inteira de m\u00e1goas e ressentimentos e revela os danos causados por uma rela\u00e7\u00e3o paterna prec\u00e1ria. \u00c9 muito triste ver como o comportamento desse pai, um homem arrogante, bruto e autorit\u00e1rio invalidou toda a exist\u00eancia do filho, um g\u00eanio, por sinal, provocando uma intensa sensa\u00e7\u00e3o de n\u00e3o pertencimento, inseguran\u00e7a patol\u00f3gica e baixa autoestima. Os motivos? Nunca saberemos. Se o pai iria responder, retratar-se, retrucar fica a crit\u00e9rio da nossa imagina\u00e7\u00e3o.<\/p>\n<p>Escrever cartas \u00e9 um instrumento bastante utilizado nos processos terap\u00eauticos. Quando algum paciente est\u00e1 com dificuldade de se expressar pessoalmente, porque ainda n\u00e3o possui as habilidades necess\u00e1rias para um di\u00e1logo produtivo, escrever uma carta pode ser um ensaio ou um primeiro passo para se come\u00e7ar conversas dif\u00edceis. Outro procedimento muito v\u00e1lido consiste em pedir que o paciente redija cartas a si mesmo. Esse exerc\u00edcio ilustra a rela\u00e7\u00e3o entre o que o cliente faz, seus sentimentos e as circunst\u00e2ncias, produzindo autoconhecimento.<\/p>\n<p>H\u00e1 muito tempo n\u00e3o escrevo cartas no papel, mas continuo as enviando por e-mail ou WhatsApp. Na maioria das vezes recebi boas respostas, em outras, minha mensagem ficou no v\u00e1cuo, o que \u00e9 sempre uma ang\u00fastia.<\/p>\n<p>Desde a \u00e9poca dos correios, ficar esperando um retorno costuma gerar bastante ansiedade. E agora, em tempos de mensagens eletr\u00f4nicas e instant\u00e2neas, o problema da expectativa n\u00e3o \u00e9 menor. Receber de volta figurinhas gen\u00e9ricas depois de um text\u00e3o \u00e9 muito frustrante e n\u00e3o ter retorno algum, um sofrimento danado. Mesmo assim, escrever uma carta cumpre ao menos parte do seu papel, que \u00e9 a oportunidade de relatar o que se pensa e revelar o que queremos que o outro saiba. O que o receptor far\u00e1 com isso, n\u00e3o podemos controlar.<\/p>\n<p>Assim como Kafka, algumas mensagens eu nunca enviei, pois elas tinham somente o intuito de diluir algum sentimento ruim que estava me remoendo ou, ent\u00e3o, de organizar minhas ideias, de fazer autocr\u00edticas e ter tempo para entender o outro lado. Cartas podem servir como convites, intima\u00e7\u00f5es, formas de agradecimento, solicita\u00e7\u00f5es, pedidos de desculpas e manifesta\u00e7\u00f5es de amor e perd\u00e3o. E al\u00e9m disso, s\u00e3o uma boa maneira de encerrar ciclos.<\/p>\n<p>E j\u00e1 que estamos perto do Natal, \u00e9poca em que a caixa de correio do Papai Noel costuma ficar lotada, dev\u00edamos aproveitar a oportunidade para escrever cartas pra ele, pra ela, pra voc\u00ea. Cartas bomb\u00e1sticas, cartas de protesto, de despedida, cartas de amor. Cartas para resolver alguma quest\u00e3o, cartas para come\u00e7ar uma transforma\u00e7\u00e3o. Se tiver retorno, continue a conversa. Se n\u00e3o tiver, lembre-se que a n\u00e3o resposta j\u00e1 \u00e9 uma resposta.<\/p>\n<p><!-- AI CONTENT END 1 -->\n<\/div>\n<p><br \/>\n<br \/><a href=\"https:\/\/www.acidadeon.com\/ribeiraopreto\/cotidiano\/colunistas-ribeirao-preto\/quando-foi-a-ultima-vez-que-voce-escreveu-uma-carta\/\">Source link <\/a><\/p>\n<!-- CONTENT END 1 -->\n","protected":false},"excerpt":{"rendered":"<p>por Fabiana Guerrelhas Ao ler o livro Carta ao pai, de Kafka, deparei-me com um antigo h\u00e1bito. Desde que me tornei uma pessoa alfabetizada, escrevo&#8230;<\/p>\n","protected":false},"author":1,"featured_media":13447,"comment_status":"open","ping_status":"open","sticky":false,"template":"","format":"standard","meta":{"advanced_seo_description":"","jetpack_seo_html_title":"","jetpack_seo_noindex":false,"jetpack_post_was_ever_published":false,"_jetpack_newsletter_access":"","_jetpack_dont_email_post_to_subs":false,"_jetpack_newsletter_tier_id":0,"_jetpack_memberships_contains_paywalled_content":false,"_jetpack_memberships_contains_paid_content":false,"footnotes":"","jetpack_publicize_message":"","jetpack_publicize_feature_enabled":true,"jetpack_social_post_already_shared":true,"jetpack_social_options":{"image_generator_settings":{"template":"highway","default_image_id":0,"font":"","enabled":false},"version":2}},"categories":[11],"tags":[1882,1881,654,620,1880,85,190,1068],"class_list":["post-13446","post","type-post","status-publish","format-standard","has-post-thumbnail","hentry","category-noticias-de-ribeirao-preto-sp-e-regiao-ismael-colosi","tag-carta","tag-escreveu","tag-foi","tag-quando","tag-ultima","tag-uma","tag-vez","tag-voce"],"jetpack_publicize_connections":[],"jetpack_featured_media_url":"https:\/\/i0.wp.com\/noticiasribeiraopreto.com.br\/wp-content\/uploads\/2023\/12\/SobreolegadodeixadopeladivaRitaLee_Tamanho_2_image.jpg?fit=1200%2C900&ssl=1","jetpack-related-posts":[{"id":22333,"url":"https:\/\/noticiasribeiraopreto.com.br\/index.php\/2023\/12\/29\/argentina-recua-da-adesao-ao-brics-em-decisao-do-presidente-milei\/","url_meta":{"origin":13446,"position":0},"title":"Argentina recua da ades\u00e3o ao Brics em decis\u00e3o do presidente Milei","author":"noticiasribeiraopreto.com.br","date":"29 de December de 2023","format":false,"excerpt":"O governo argentino, sob a lideran\u00e7a do presidente Javier Milei, anunciou nesta sexta-feira (29) sua decis\u00e3o de n\u00e3o participar do grupo de na\u00e7\u00f5es emergentes Brics, composto por Brasil, R\u00fassia, \u00cdndia, China e \u00c1frica do Sul. A carta formalizando a retirada foi enviada aos l\u00edderes dos pa\u00edses membros do Brics, incluindo\u2026","rel":"","context":"In &quot;Vagas de Emprego em Ribeir\u00e3o Preto-SP&quot;","block_context":{"text":"Vagas de Emprego em Ribeir\u00e3o Preto-SP","link":"https:\/\/noticiasribeiraopreto.com.br\/index.php\/category\/empregos-classificados-vagas-trabalho\/vagas-de-empregos-em-ribeirao-preto-regiao-brasil\/"},"img":{"alt_text":"","src":"https:\/\/i0.wp.com\/noticiasribeiraopreto.com.br\/wp-content\/uploads\/2023\/12\/brics-carta.png?fit=844%2C1200&ssl=1&resize=350%2C200","width":350,"height":200,"srcset":"https:\/\/i0.wp.com\/noticiasribeiraopreto.com.br\/wp-content\/uploads\/2023\/12\/brics-carta.png?fit=844%2C1200&ssl=1&resize=350%2C200 1x, https:\/\/i0.wp.com\/noticiasribeiraopreto.com.br\/wp-content\/uploads\/2023\/12\/brics-carta.png?fit=844%2C1200&ssl=1&resize=525%2C300 1.5x, https:\/\/i0.wp.com\/noticiasribeiraopreto.com.br\/wp-content\/uploads\/2023\/12\/brics-carta.png?fit=844%2C1200&ssl=1&resize=700%2C400 2x"},"classes":[]},{"id":23056,"url":"https:\/\/noticiasribeiraopreto.com.br\/index.php\/2024\/01\/01\/vale-a-pena-adquirir-uma\/","url_meta":{"origin":13446,"position":1},"title":"vale a pena adquirir uma?","author":"noticiasribeiraopreto.com.br","date":"1 de January de 2024","format":false,"excerpt":"A carta de cr\u00e9dito contemplada \u00e9 uma alternativa para quem quer economizar e n\u00e3o se interessa pelos financiamentos tradicionais. Ela \u00e9 procurada, principalmente, nos casos em que h\u00e1 a necessidade imediata de adquirir um bem ou um servi\u00e7o. Continue no post para conferir as particularidades da carta de cr\u00e9dito contemplada\u2026","rel":"","context":"In &quot;Dinheiro e Investimento&quot;","block_context":{"text":"Dinheiro e Investimento","link":"https:\/\/noticiasribeiraopreto.com.br\/index.php\/category\/dinheiro-e-investimento-como-fazer-como-ganhar\/"},"img":{"alt_text":"","src":"https:\/\/i0.wp.com\/noticiasribeiraopreto.com.br\/wp-content\/uploads\/2024\/01\/carta-de-credito-contemplada.jpg?fit=1200%2C600&ssl=1&resize=350%2C200","width":350,"height":200,"srcset":"https:\/\/i0.wp.com\/noticiasribeiraopreto.com.br\/wp-content\/uploads\/2024\/01\/carta-de-credito-contemplada.jpg?fit=1200%2C600&ssl=1&resize=350%2C200 1x, https:\/\/i0.wp.com\/noticiasribeiraopreto.com.br\/wp-content\/uploads\/2024\/01\/carta-de-credito-contemplada.jpg?fit=1200%2C600&ssl=1&resize=525%2C300 1.5x, https:\/\/i0.wp.com\/noticiasribeiraopreto.com.br\/wp-content\/uploads\/2024\/01\/carta-de-credito-contemplada.jpg?fit=1200%2C600&ssl=1&resize=700%2C400 2x, https:\/\/i0.wp.com\/noticiasribeiraopreto.com.br\/wp-content\/uploads\/2024\/01\/carta-de-credito-contemplada.jpg?fit=1200%2C600&ssl=1&resize=1050%2C600 3x"},"classes":[]},{"id":19095,"url":"https:\/\/noticiasribeiraopreto.com.br\/index.php\/2023\/12\/21\/modelo-de-carta-de-cobranca-comercial\/","url_meta":{"origin":13446,"position":2},"title":"Modelo de carta de cobran\u00e7a comercial","author":"noticiasribeiraopreto.com.br","date":"21 de December de 2023","format":false,"excerpt":"A carta de cobran\u00e7a \u00e9 uma comunica\u00e7\u00e3o formal, em geral, enviada por uma empresa \u2013 ou uma entidade financeira \u2013 para um cliente inadimplente e que serve para inform\u00e1-lo sobre as d\u00edvidas que ele possui em aberto com a sua empresa.\u00a0Neste artigo, trazemos alguns modelos de carta de cobran\u00e7a comercial,\u2026","rel":"","context":"In &quot;Dinheiro e Investimento&quot;","block_context":{"text":"Dinheiro e Investimento","link":"https:\/\/noticiasribeiraopreto.com.br\/index.php\/category\/dinheiro-e-investimento-como-fazer-como-ganhar\/"},"img":{"alt_text":"","src":"https:\/\/i0.wp.com\/noticiasribeiraopreto.com.br\/wp-content\/uploads\/2023\/12\/vhsys-carta-de-cobranca.jpg?fit=1200%2C800&ssl=1&resize=350%2C200","width":350,"height":200,"srcset":"https:\/\/i0.wp.com\/noticiasribeiraopreto.com.br\/wp-content\/uploads\/2023\/12\/vhsys-carta-de-cobranca.jpg?fit=1200%2C800&ssl=1&resize=350%2C200 1x, https:\/\/i0.wp.com\/noticiasribeiraopreto.com.br\/wp-content\/uploads\/2023\/12\/vhsys-carta-de-cobranca.jpg?fit=1200%2C800&ssl=1&resize=525%2C300 1.5x, https:\/\/i0.wp.com\/noticiasribeiraopreto.com.br\/wp-content\/uploads\/2023\/12\/vhsys-carta-de-cobranca.jpg?fit=1200%2C800&ssl=1&resize=700%2C400 2x, https:\/\/i0.wp.com\/noticiasribeiraopreto.com.br\/wp-content\/uploads\/2023\/12\/vhsys-carta-de-cobranca.jpg?fit=1200%2C800&ssl=1&resize=1050%2C600 3x"},"classes":[]},{"id":73907,"url":"https:\/\/noticiasribeiraopreto.com.br\/index.php\/2025\/07\/11\/acusado-de-matar-jogador-com-10-tiros-envia-carta-e-diz-que-vai-comparecer-ao-juri\/","url_meta":{"origin":13446,"position":3},"title":"Acusado de matar jogador com 10 tiros envia carta e diz que vai comparecer ao j\u00fari","author":"noticiasribeiraopreto.com.br","date":"11 de July de 2025","format":false,"excerpt":"Kleber Archanjo dos Santos, acusado de matar o jogador Felipe Diogo Bernardes Ferreira com dez tiros, em outubro do ano passado, em Ribeir\u00e3o Preto, enviou uma carta ao juiz respons\u00e1vel pelo caso. No documento, ele afirma que pretende comparecer ao julgamento e solicita que a sess\u00e3o do j\u00fari seja marcada\u2026","rel":"","context":"In &quot;Not\u00edcias de Ribeir\u00e3o Preto-SP e Regi\u00e3o&quot;","block_context":{"text":"Not\u00edcias de Ribeir\u00e3o Preto-SP e Regi\u00e3o","link":"https:\/\/noticiasribeiraopreto.com.br\/index.php\/category\/noticias-de-ribeirao-preto-sp-e-regiao-ismael-colosi\/"},"img":{"alt_text":"","src":"https:\/\/i0.wp.com\/noticiasribeiraopreto.com.br\/wp-content\/uploads\/2025\/07\/289242846_1052774215354389_6353280527048691296_n_2025-07-11_20-21-03.webp.webp?fit=1080%2C608&ssl=1&resize=350%2C200","width":350,"height":200,"srcset":"https:\/\/i0.wp.com\/noticiasribeiraopreto.com.br\/wp-content\/uploads\/2025\/07\/289242846_1052774215354389_6353280527048691296_n_2025-07-11_20-21-03.webp.webp?fit=1080%2C608&ssl=1&resize=350%2C200 1x, https:\/\/i0.wp.com\/noticiasribeiraopreto.com.br\/wp-content\/uploads\/2025\/07\/289242846_1052774215354389_6353280527048691296_n_2025-07-11_20-21-03.webp.webp?fit=1080%2C608&ssl=1&resize=525%2C300 1.5x, https:\/\/i0.wp.com\/noticiasribeiraopreto.com.br\/wp-content\/uploads\/2025\/07\/289242846_1052774215354389_6353280527048691296_n_2025-07-11_20-21-03.webp.webp?fit=1080%2C608&ssl=1&resize=700%2C400 2x, https:\/\/i0.wp.com\/noticiasribeiraopreto.com.br\/wp-content\/uploads\/2025\/07\/289242846_1052774215354389_6353280527048691296_n_2025-07-11_20-21-03.webp.webp?fit=1080%2C608&ssl=1&resize=1050%2C600 3x"},"classes":[]},{"id":46735,"url":"https:\/\/noticiasribeiraopreto.com.br\/index.php\/2024\/04\/13\/ludmilla-divulga-carta-aberta-aos-fas-e-convoca-o-publico-para-assistir-ao-seu-show-no-coachella\/","url_meta":{"origin":13446,"position":4},"title":"Ludmilla divulga carta aberta aos f\u00e3s e convoca o p\u00fablico para assistir ao seu show no Coachella","author":"noticiasribeiraopreto.com.br","date":"13 de April de 2024","format":false,"excerpt":"Ludmilla divulga carta aberta aos f\u00e3s e convoca o p\u00fablico para assistir ao seu show no CoachellaA maior artista preta da Am\u00e9rica Latina promete um grande espet\u00e1culo neste domingo (14), com transmiss\u00e3o pelo canal oficial do festival, \u00e0s 23h40 Um dia antes de subir ao palco do festival Coachella,\u00a0Ludmilla\u00a0abriu o\u2026","rel":"","context":"In &quot;Not\u00edcias de Ribeir\u00e3o Preto-SP e Regi\u00e3o&quot;","block_context":{"text":"Not\u00edcias de Ribeir\u00e3o Preto-SP e Regi\u00e3o","link":"https:\/\/noticiasribeiraopreto.com.br\/index.php\/category\/noticias-de-ribeirao-preto-sp-e-regiao-ismael-colosi\/"},"img":{"alt_text":"","src":"https:\/\/i0.wp.com\/noticiasribeiraopreto.com.br\/wp-content\/uploads\/2024\/04\/Ludmilla-dente.jpg?fit=1200%2C800&ssl=1&resize=350%2C200","width":350,"height":200,"srcset":"https:\/\/i0.wp.com\/noticiasribeiraopreto.com.br\/wp-content\/uploads\/2024\/04\/Ludmilla-dente.jpg?fit=1200%2C800&ssl=1&resize=350%2C200 1x, https:\/\/i0.wp.com\/noticiasribeiraopreto.com.br\/wp-content\/uploads\/2024\/04\/Ludmilla-dente.jpg?fit=1200%2C800&ssl=1&resize=525%2C300 1.5x, https:\/\/i0.wp.com\/noticiasribeiraopreto.com.br\/wp-content\/uploads\/2024\/04\/Ludmilla-dente.jpg?fit=1200%2C800&ssl=1&resize=700%2C400 2x, https:\/\/i0.wp.com\/noticiasribeiraopreto.com.br\/wp-content\/uploads\/2024\/04\/Ludmilla-dente.jpg?fit=1200%2C800&ssl=1&resize=1050%2C600 3x"},"classes":[]},{"id":15383,"url":"https:\/\/noticiasribeiraopreto.com.br\/index.php\/2023\/12\/13\/fed-ou-mercado-saiba-quem-dara-as-cartas-dos-juros-em-2024\/","url_meta":{"origin":13446,"position":5},"title":"Fed ou mercado? Saiba quem dar\u00e1 as cartas dos juros em 2024","author":"noticiasribeiraopreto.com.br","date":"13 de December de 2023","format":false,"excerpt":"As cartas da decis\u00e3o desta quarta-feira (13) estavam sobre a mesa: o Federal Reserve (Fed) manteve a taxa de juros na faixa entre 5,25% e 5,50% ao ano em um movimento que o mercado j\u00e1 precificava h\u00e1 meses \u2014 o que estava em jogo era a partida de 2024.\u00a0A decis\u00e3o\u2026","rel":"","context":"In &quot;Dinheiro e Investimento&quot;","block_context":{"text":"Dinheiro e Investimento","link":"https:\/\/noticiasribeiraopreto.com.br\/index.php\/category\/dinheiro-e-investimento-como-fazer-como-ganhar\/"},"img":{"alt_text":"","src":"https:\/\/i0.wp.com\/noticiasribeiraopreto.com.br\/wp-content\/uploads\/2023\/12\/Fed-Jerome-Powell-715x402.jpg?fit=715%2C402&ssl=1&resize=350%2C200","width":350,"height":200,"srcset":"https:\/\/i0.wp.com\/noticiasribeiraopreto.com.br\/wp-content\/uploads\/2023\/12\/Fed-Jerome-Powell-715x402.jpg?fit=715%2C402&ssl=1&resize=350%2C200 1x, https:\/\/i0.wp.com\/noticiasribeiraopreto.com.br\/wp-content\/uploads\/2023\/12\/Fed-Jerome-Powell-715x402.jpg?fit=715%2C402&ssl=1&resize=525%2C300 1.5x, https:\/\/i0.wp.com\/noticiasribeiraopreto.com.br\/wp-content\/uploads\/2023\/12\/Fed-Jerome-Powell-715x402.jpg?fit=715%2C402&ssl=1&resize=700%2C400 2x"},"classes":[]}],"jetpack_sharing_enabled":true,"jetpack_shortlink":"https:\/\/wp.me\/peQAOb-3uS","_links":{"self":[{"href":"https:\/\/noticiasribeiraopreto.com.br\/index.php\/wp-json\/wp\/v2\/posts\/13446","targetHints":{"allow":["GET"]}}],"collection":[{"href":"https:\/\/noticiasribeiraopreto.com.br\/index.php\/wp-json\/wp\/v2\/posts"}],"about":[{"href":"https:\/\/noticiasribeiraopreto.com.br\/index.php\/wp-json\/wp\/v2\/types\/post"}],"author":[{"embeddable":true,"href":"https:\/\/noticiasribeiraopreto.com.br\/index.php\/wp-json\/wp\/v2\/users\/1"}],"replies":[{"embeddable":true,"href":"https:\/\/noticiasribeiraopreto.com.br\/index.php\/wp-json\/wp\/v2\/comments?post=13446"}],"version-history":[{"count":0,"href":"https:\/\/noticiasribeiraopreto.com.br\/index.php\/wp-json\/wp\/v2\/posts\/13446\/revisions"}],"wp:featuredmedia":[{"embeddable":true,"href":"https:\/\/noticiasribeiraopreto.com.br\/index.php\/wp-json\/wp\/v2\/media\/13447"}],"wp:attachment":[{"href":"https:\/\/noticiasribeiraopreto.com.br\/index.php\/wp-json\/wp\/v2\/media?parent=13446"}],"wp:term":[{"taxonomy":"category","embeddable":true,"href":"https:\/\/noticiasribeiraopreto.com.br\/index.php\/wp-json\/wp\/v2\/categories?post=13446"},{"taxonomy":"post_tag","embeddable":true,"href":"https:\/\/noticiasribeiraopreto.com.br\/index.php\/wp-json\/wp\/v2\/tags?post=13446"}],"curies":[{"name":"wp","href":"https:\/\/api.w.org\/{rel}","templated":true}]}}