{"id":13490,"date":"2023-12-10T12:19:06","date_gmt":"2023-12-10T15:19:06","guid":{"rendered":"https:\/\/noticiasribeiraopreto.com.br\/index.php\/2023\/12\/10\/conselho-regional-de-educacao-fisica-inaugura-seccional-em-ribeirao-preto\/"},"modified":"2023-12-10T12:19:06","modified_gmt":"2023-12-10T15:19:06","slug":"conselho-regional-de-educacao-fisica-inaugura-seccional-em-ribeirao-preto","status":"publish","type":"post","link":"https:\/\/noticiasribeiraopreto.com.br\/index.php\/2023\/12\/10\/conselho-regional-de-educacao-fisica-inaugura-seccional-em-ribeirao-preto\/","title":{"rendered":"Conselho Regional de Educa\u00e7\u00e3o F\u00edsica inaugura seccional em Ribeir\u00e3o Preto \u2013 Folha de Ribeir\u00e3o"},"content":{"rendered":"<div class='code-block code-block-1' style='margin: 8px 0 8px auto; text-align: right; display: block; clear: both;'>\n<p><a href=\"https:\/\/wa.link\/vpicfd\"><img data-recalc-dims=\"1\" class=\"wp-image-4922\" style=\"aspect-ratio: 2.0253164556962027; width: 561px; height: auto;\" src=\"https:\/\/i0.wp.com\/ismaelcolosi.com.br\/wp-content\/uploads\/2023\/11\/grupo-de-empregos-whatsapp-e-facebook-ismael-colosi-vagas.jpg?ssl=1\" alt=\"\" \/><\/a><\/p>\n<!-- \/wp:image -->\n<\/div>\n<p> <br \/>\n<\/p>\n<div>\n<p dir=\"ltr\">O Conselho Regional de Educa\u00e7\u00e3o F\u00edsica da 4\u00aa Regi\u00e3o do Estado de S\u00e3o Paulo (CREF4 \/ SP) inaugurou na manh\u00e3 deste s\u00e1bado, dia 9 de dezembro, a seccional de Ribeir\u00e3o Preto, localizada na avenida Independ\u00eancia, pr\u00f3ximo \u00e0 pra\u00e7a Salvador Spadoni. Agora, como forma de homenagem, o pr\u00e9dio da seccional passa a contar com o nome do Professor Dr. Jos\u00e9 Maria de Camargo de Barros, Comendador da Ordem da Educa\u00e7\u00e3o F\u00edsica.<\/p>\n<p dir=\"ltr\"><\/p>\n<p dir=\"ltr\">Ainda, a cerim\u00f4nia tamb\u00e9m abriu espa\u00e7o no protocolo para que vereadores da cidade concedessem o t\u00edtulo de Cidad\u00e3o Ribeir\u00e3opretano ao atual presidente do CREF4\/SP, o professor Nelson Leme da Silva Junior, natural de Rio Claro (SP). O ato tamb\u00e9m contou com a presen\u00e7a do prefeito de Ribeir\u00e3o Preto, Duarte Nogueira.<\/p>\n<p><img data-recalc-dims=\"1\" loading=\"lazy\" decoding=\"async\" class=\"\" src=\"https:\/\/i0.wp.com\/www.ribeiraopreto.sp.gov.br\/portal\/foto\/202312\/inauguracao_cref4_-_foto_guilherme_sircili-1.jpg?resize=1270%2C846&#038;ssl=1\" width=\"1270\" height=\"846\"\/><\/p>\n<blockquote>\n<p dir=\"ltr\">\u201cA educa\u00e7\u00e3o f\u00edsica al\u00e9m de trabalhar a nossa sa\u00fade f\u00edsica e mental, cognitiva e tantos outros aspectos, tamb\u00e9m nos ajuda a praticar o esporte.\u00a0 A educa\u00e7\u00e3o f\u00edsica oferece para os humanos um melhor equil\u00edbrio mental\u201d, disse o chefe do Executivo.<\/p>\n<\/blockquote>\n<p dir=\"ltr\">Em seguida, o prefeito agradeceu aos profissionais de educa\u00e7\u00e3o f\u00edsica por proporcionar uma moderna sede do conselho da categoria, a qual ir\u00e1 servir aos ribeir\u00e3opretanos. \u201cA prefeitura tem diversos profissionais de educa\u00e7\u00e3o f\u00edsica na Secretaria Municipal de Esportes. Al\u00e9m disso, tamb\u00e9m contratamos para a Secretaria Municipal da Educa\u00e7\u00e3o, 50 novos professores de educa\u00e7\u00e3o f\u00edsica efetivos\/concursados PEB 3 , professores de educa\u00e7\u00e3o b\u00e1sica, para a nossa rede\u201d, acrescentou.<\/p>\n<p dir=\"ltr\"><strong>Categoria fortalecida<\/strong><\/p>\n<p dir=\"ltr\">O CREF4\/SP \u00e9 \u00f3rg\u00e3o de representa\u00e7\u00e3o, normatiza\u00e7\u00e3o, disciplina, defesa e fiscaliza\u00e7\u00e3o dos Profissionais de Educa\u00e7\u00e3o F\u00edsica, bem como das Pessoas Jur\u00eddicas prestadoras de servi\u00e7os nas \u00e1reas de atividades f\u00edsicas, desportivas e similares, em prol da sociedade, atuando ainda como \u00f3rg\u00e3o consultivo.<strong>\u00a0<\/strong><\/p>\n<\/p><\/div>\n<p><br \/>\n<br \/><a href=\"https:\/\/folhaderibeirao.com.br\/2023\/12\/10\/conselho-regional-de-educacao-fisica-inaugura-seccional-em-ribeirao-preto\/\">Source link <\/a><\/p>\n<!-- CONTENT END 1 -->\n","protected":false},"excerpt":{"rendered":"<p>O Conselho Regional de Educa\u00e7\u00e3o F\u00edsica da 4\u00aa Regi\u00e3o do Estado de S\u00e3o Paulo (CREF4 \/ SP) inaugurou na manh\u00e3 deste s\u00e1bado, dia 9 de&#8230;<\/p>\n","protected":false},"author":1,"featured_media":13491,"comment_status":"open","ping_status":"open","sticky":false,"template":"","format":"standard","meta":{"advanced_seo_description":"","jetpack_seo_html_title":"","jetpack_seo_noindex":false,"jetpack_post_was_ever_published":false,"_jetpack_newsletter_access":"","_jetpack_dont_email_post_to_subs":false,"_jetpack_newsletter_tier_id":0,"_jetpack_memberships_contains_paywalled_content":false,"_jetpack_memberships_contains_paid_content":false,"footnotes":"","jetpack_publicize_message":"","jetpack_publicize_feature_enabled":true,"jetpack_social_post_already_shared":true,"jetpack_social_options":{"image_generator_settings":{"template":"highway","default_image_id":0,"font":"","enabled":false},"version":2}},"categories":[11],"tags":[1481,1033,690,753,864,27,1894,26,1895],"class_list":["post-13490","post","type-post","status-publish","format-standard","has-post-thumbnail","hentry","category-noticias-de-ribeirao-preto-sp-e-regiao-ismael-colosi","tag-conselho","tag-educacao","tag-fisica","tag-folha","tag-inaugura","tag-preto","tag-regional","tag-ribeirao","tag-seccional"],"jetpack_publicize_connections":[],"jetpack_featured_media_url":"https:\/\/i0.wp.com\/noticiasribeiraopreto.com.br\/wp-content\/uploads\/2023\/12\/inauguracao_cref4_-_foto_guilherme_sircili-3.jpg?fit=1620%2C1080&ssl=1","jetpack-related-posts":[{"id":77793,"url":"https:\/\/noticiasribeiraopreto.com.br\/index.php\/2025\/09\/25\/ribeirao-preto-abre-processo-seletivo-para-contratacao-emergencial-veja-como-participar\/","url_meta":{"origin":13490,"position":0},"title":"Ribeir\u00e3o Preto abre processo seletivo para contrata\u00e7\u00e3o emergencial; Veja como participar","author":"noticiasribeiraopreto.com.br","date":"25 de September de 2025","format":false,"excerpt":"A Prefeitura de Ribeir\u00e3o Preto abriu processo seletivo para contrata\u00e7\u00e3o de professores em car\u00e1ter tempor\u00e1rio e emergencial. H\u00e1 vagas para diversas disciplinas e a remunera\u00e7\u00e3o \u00e9 de R$ 27,96 hora\/aula. As inscri\u00e7\u00f5es ser\u00e3o realizadas via Internet, no site da RBO Concursos (clique aqui) no per\u00edodo entre 26 de setembro e\u2026","rel":"","context":"In &quot;Not\u00edcias de Ribeir\u00e3o Preto-SP e Regi\u00e3o&quot;","block_context":{"text":"Not\u00edcias de Ribeir\u00e3o Preto-SP e Regi\u00e3o","link":"https:\/\/noticiasribeiraopreto.com.br\/index.php\/category\/noticias-de-ribeirao-preto-sp-e-regiao-ismael-colosi\/"},"img":{"alt_text":"","src":"https:\/\/i0.wp.com\/noticiasribeiraopreto.com.br\/wp-content\/uploads\/2025\/09\/processo-seletivo_2025-09-25_21-10-27.webp.webp?fit=1200%2C800&ssl=1&resize=350%2C200","width":350,"height":200,"srcset":"https:\/\/i0.wp.com\/noticiasribeiraopreto.com.br\/wp-content\/uploads\/2025\/09\/processo-seletivo_2025-09-25_21-10-27.webp.webp?fit=1200%2C800&ssl=1&resize=350%2C200 1x, https:\/\/i0.wp.com\/noticiasribeiraopreto.com.br\/wp-content\/uploads\/2025\/09\/processo-seletivo_2025-09-25_21-10-27.webp.webp?fit=1200%2C800&ssl=1&resize=525%2C300 1.5x, https:\/\/i0.wp.com\/noticiasribeiraopreto.com.br\/wp-content\/uploads\/2025\/09\/processo-seletivo_2025-09-25_21-10-27.webp.webp?fit=1200%2C800&ssl=1&resize=700%2C400 2x, https:\/\/i0.wp.com\/noticiasribeiraopreto.com.br\/wp-content\/uploads\/2025\/09\/processo-seletivo_2025-09-25_21-10-27.webp.webp?fit=1200%2C800&ssl=1&resize=1050%2C600 3x"},"classes":[]},{"id":69827,"url":"https:\/\/noticiasribeiraopreto.com.br\/index.php\/2025\/05\/09\/educacao-em-sp-abre-processo-seletivo-para-professores-saiba-como-se-inscrever\/","url_meta":{"origin":13490,"position":1},"title":"Educa\u00e7\u00e3o em SP abre processo seletivo para professores; saiba como se inscrever","author":"noticiasribeiraopreto.com.br","date":"9 de May de 2025","format":false,"excerpt":"A Secretaria da Educa\u00e7\u00e3o do Estado de S\u00e3o Paulo publicou nesta sexta-feira (9) edital de processo seletivo para contrata\u00e7\u00e3o de professores. As vagas s\u00e3o para o cadastro de reserva para contrata\u00e7\u00e3o tempor\u00e1ria de professores dos ensinos fundamental, m\u00e9dio e do PEI (Programa de Ensino Integral). As inscri\u00e7\u00f5es devem ser realizadas\u2026","rel":"","context":"In &quot;Not\u00edcias de Ribeir\u00e3o Preto-SP e Regi\u00e3o&quot;","block_context":{"text":"Not\u00edcias de Ribeir\u00e3o Preto-SP e Regi\u00e3o","link":"https:\/\/noticiasribeiraopreto.com.br\/index.php\/category\/noticias-de-ribeirao-preto-sp-e-regiao-ismael-colosi\/"},"img":{"alt_text":"","src":"https:\/\/i0.wp.com\/noticiasribeiraopreto.com.br\/wp-content\/uploads\/2024\/08\/concurso-publico-ribeirao-preto_2024-08-13_10-44-40_jpg_2024-08-13_10-44-40.webp.webp?fit=1200%2C800&ssl=1&resize=350%2C200","width":350,"height":200,"srcset":"https:\/\/i0.wp.com\/noticiasribeiraopreto.com.br\/wp-content\/uploads\/2024\/08\/concurso-publico-ribeirao-preto_2024-08-13_10-44-40_jpg_2024-08-13_10-44-40.webp.webp?fit=1200%2C800&ssl=1&resize=350%2C200 1x, https:\/\/i0.wp.com\/noticiasribeiraopreto.com.br\/wp-content\/uploads\/2024\/08\/concurso-publico-ribeirao-preto_2024-08-13_10-44-40_jpg_2024-08-13_10-44-40.webp.webp?fit=1200%2C800&ssl=1&resize=525%2C300 1.5x, https:\/\/i0.wp.com\/noticiasribeiraopreto.com.br\/wp-content\/uploads\/2024\/08\/concurso-publico-ribeirao-preto_2024-08-13_10-44-40_jpg_2024-08-13_10-44-40.webp.webp?fit=1200%2C800&ssl=1&resize=700%2C400 2x, https:\/\/i0.wp.com\/noticiasribeiraopreto.com.br\/wp-content\/uploads\/2024\/08\/concurso-publico-ribeirao-preto_2024-08-13_10-44-40_jpg_2024-08-13_10-44-40.webp.webp?fit=1200%2C800&ssl=1&resize=1050%2C600 3x"},"classes":[]},{"id":78807,"url":"https:\/\/noticiasribeiraopreto.com.br\/index.php\/2025\/10\/18\/com-provas-em-ribeirao-preto-concurso-publico-oferece-salarios-de-r-10-mil\/","url_meta":{"origin":13490,"position":2},"title":"Com provas em Ribeir\u00e3o Preto, concurso p\u00fablico oferece sal\u00e1rios de R$ 10 mil","author":"noticiasribeiraopreto.com.br","date":"18 de October de 2025","format":false,"excerpt":"As inscri\u00e7\u00f5es para o concurso p\u00fablico do Conselho Regional de Educa\u00e7\u00e3o F\u00edsica terminam na pr\u00f3xima segunda-feira (20). Ao todo, s\u00e3o 21 vagas dispon\u00edveis com sal\u00e1rios entre R$ 9.648,09 e R$ 10.858,90. Os interessados devem se inscrever pelo site da Funda\u00e7\u00e3o Vunesp (clique aqui). A taxa de inscri\u00e7\u00e3o custa R$ 98,80.\u2026","rel":"","context":"In &quot;Not\u00edcias de Ribeir\u00e3o Preto-SP e Regi\u00e3o&quot;","block_context":{"text":"Not\u00edcias de Ribeir\u00e3o Preto-SP e Regi\u00e3o","link":"https:\/\/noticiasribeiraopreto.com.br\/index.php\/category\/noticias-de-ribeirao-preto-sp-e-regiao-ismael-colosi\/"},"img":{"alt_text":"","src":"https:\/\/i0.wp.com\/noticiasribeiraopreto.com.br\/wp-content\/uploads\/2025\/07\/concurso_2025-01-07_18-14-44_jpg_2025-01-07_18-14-45.webp.webp?fit=1200%2C800&ssl=1&resize=350%2C200","width":350,"height":200,"srcset":"https:\/\/i0.wp.com\/noticiasribeiraopreto.com.br\/wp-content\/uploads\/2025\/07\/concurso_2025-01-07_18-14-44_jpg_2025-01-07_18-14-45.webp.webp?fit=1200%2C800&ssl=1&resize=350%2C200 1x, https:\/\/i0.wp.com\/noticiasribeiraopreto.com.br\/wp-content\/uploads\/2025\/07\/concurso_2025-01-07_18-14-44_jpg_2025-01-07_18-14-45.webp.webp?fit=1200%2C800&ssl=1&resize=525%2C300 1.5x, https:\/\/i0.wp.com\/noticiasribeiraopreto.com.br\/wp-content\/uploads\/2025\/07\/concurso_2025-01-07_18-14-44_jpg_2025-01-07_18-14-45.webp.webp?fit=1200%2C800&ssl=1&resize=700%2C400 2x, https:\/\/i0.wp.com\/noticiasribeiraopreto.com.br\/wp-content\/uploads\/2025\/07\/concurso_2025-01-07_18-14-44_jpg_2025-01-07_18-14-45.webp.webp?fit=1200%2C800&ssl=1&resize=1050%2C600 3x"},"classes":[]},{"id":78926,"url":"https:\/\/noticiasribeiraopreto.com.br\/index.php\/2025\/10\/21\/mae-denuncia-racismo-contra-filha-de-tres-anos-em-escola-municipal\/","url_meta":{"origin":13490,"position":3},"title":"M\u00e3e denuncia racismo contra filha de tr\u00eas anos em Escola Municipal","author":"noticiasribeiraopreto.com.br","date":"21 de October de 2025","format":false,"excerpt":"21 de outubro de 2025 11:449 Compartilhar0 Aluna do Centro Educa\u00e7\u00e3o Infantil, do jardim Aeroporto, zona Norte da cidade, teria sido discriminada e v\u00edtima de racismo e neglig\u00eancia v\u00e1rias vezes; den\u00fancia foi parar na Vara Criminal A m\u00e3e de uma menina preta retinta, de 3 anos de idade, matriculada no\u2026","rel":"","context":"In &quot;Not\u00edcias de Ribeir\u00e3o Preto-SP e Regi\u00e3o&quot;","block_context":{"text":"Not\u00edcias de Ribeir\u00e3o Preto-SP e Regi\u00e3o","link":"https:\/\/noticiasribeiraopreto.com.br\/index.php\/category\/noticias-de-ribeirao-preto-sp-e-regiao-ismael-colosi\/"},"img":{"alt_text":"","src":"https:\/\/i0.wp.com\/noticiasribeiraopreto.com.br\/wp-content\/uploads\/2025\/10\/racismo-scaled.jpeg?fit=439%2C780&ssl=1&resize=350%2C200","width":350,"height":200},"classes":[]},{"id":36486,"url":"https:\/\/noticiasribeiraopreto.com.br\/index.php\/2024\/02\/09\/natacao-ballet-e-circo-usp-esta-com-inscricoes-abertas-para-atividades-na-escola-de-educacao-fisica\/","url_meta":{"origin":13490,"position":4},"title":"Nata\u00e7\u00e3o, Ballet e Circo: USP est\u00e1 com inscri\u00e7\u00f5es abertas para atividades na Escola de Educa\u00e7\u00e3o F\u00edsica\u00a0","author":"noticiasribeiraopreto.com.br","date":"9 de February de 2024","format":false,"excerpt":"A Escola de Educa\u00e7\u00e3o F\u00edsica e Esporte de Ribeir\u00e3o Preto (EEFERP) da USP (Universidade de S\u00e3o Paulo) est\u00e1 com inscri\u00e7\u00f5es abertas para v\u00e1rias atividades e cursos para a comunidade. Podem participar crian\u00e7as, adolescentes e adultos. Entre as op\u00e7\u00f5es est\u00e3o: Nata\u00e7\u00e3o, Ballet Cl\u00e1ssico, Atividades Circense, Dan\u00e7a do Ventre entre outros. Para\u2026","rel":"","context":"In &quot;Not\u00edcias de Ribeir\u00e3o Preto-SP e Regi\u00e3o&quot;","block_context":{"text":"Not\u00edcias de Ribeir\u00e3o Preto-SP e Regi\u00e3o","link":"https:\/\/noticiasribeiraopreto.com.br\/index.php\/category\/noticias-de-ribeirao-preto-sp-e-regiao-ismael-colosi\/"},"img":{"alt_text":"","src":"https:\/\/i0.wp.com\/noticiasribeiraopreto.com.br\/wp-content\/uploads\/2024\/02\/usp_ribeirao_1024x576_30032021153451.jpg?fit=1024%2C576&ssl=1&resize=350%2C200","width":350,"height":200,"srcset":"https:\/\/i0.wp.com\/noticiasribeiraopreto.com.br\/wp-content\/uploads\/2024\/02\/usp_ribeirao_1024x576_30032021153451.jpg?fit=1024%2C576&ssl=1&resize=350%2C200 1x, https:\/\/i0.wp.com\/noticiasribeiraopreto.com.br\/wp-content\/uploads\/2024\/02\/usp_ribeirao_1024x576_30032021153451.jpg?fit=1024%2C576&ssl=1&resize=525%2C300 1.5x, https:\/\/i0.wp.com\/noticiasribeiraopreto.com.br\/wp-content\/uploads\/2024\/02\/usp_ribeirao_1024x576_30032021153451.jpg?fit=1024%2C576&ssl=1&resize=700%2C400 2x"},"classes":[]},{"id":72497,"url":"https:\/\/noticiasribeiraopreto.com.br\/index.php\/2025\/06\/17\/ribeirao-preto-abre-inscricoes-para-professores-temporarios-veja-como-participar\/","url_meta":{"origin":13490,"position":5},"title":"Ribeir\u00e3o Preto abre inscri\u00e7\u00f5es para professores tempor\u00e1rios; veja como participar","author":"noticiasribeiraopreto.com.br","date":"17 de June de 2025","format":false,"excerpt":"A Secretaria da Educa\u00e7\u00e3o de Ribeir\u00e3o Preto publicou nesta ter\u00e7a-feira (17) o Edital n\u00ba 001\/2025, que abre credenciamento para professores interessados em atuar temporariamente na Educa\u00e7\u00e3o Infantil e no Ensino Fundamental da rede municipal. O processo busca atender a demandas emergenciais das unidades escolares. A pasta pretende formar um banco\u2026","rel":"","context":"In &quot;Not\u00edcias de Ribeir\u00e3o Preto-SP e Regi\u00e3o&quot;","block_context":{"text":"Not\u00edcias de Ribeir\u00e3o Preto-SP e Regi\u00e3o","link":"https:\/\/noticiasribeiraopreto.com.br\/index.php\/category\/noticias-de-ribeirao-preto-sp-e-regiao-ismael-colosi\/"},"img":{"alt_text":"","src":"https:\/\/i0.wp.com\/noticiasribeiraopreto.com.br\/wp-content\/uploads\/2025\/06\/Copia-de-Copia-de-Copia-de-TAMANHO-EXATO-PARA-FOTOS-NO-SISTEMA-NOVO-2025-06-17T172028.880_2025-06-17_20-20-44.webp.webp?fit=1200%2C675&ssl=1&resize=350%2C200","width":350,"height":200,"srcset":"https:\/\/i0.wp.com\/noticiasribeiraopreto.com.br\/wp-content\/uploads\/2025\/06\/Copia-de-Copia-de-Copia-de-TAMANHO-EXATO-PARA-FOTOS-NO-SISTEMA-NOVO-2025-06-17T172028.880_2025-06-17_20-20-44.webp.webp?fit=1200%2C675&ssl=1&resize=350%2C200 1x, https:\/\/i0.wp.com\/noticiasribeiraopreto.com.br\/wp-content\/uploads\/2025\/06\/Copia-de-Copia-de-Copia-de-TAMANHO-EXATO-PARA-FOTOS-NO-SISTEMA-NOVO-2025-06-17T172028.880_2025-06-17_20-20-44.webp.webp?fit=1200%2C675&ssl=1&resize=525%2C300 1.5x, https:\/\/i0.wp.com\/noticiasribeiraopreto.com.br\/wp-content\/uploads\/2025\/06\/Copia-de-Copia-de-Copia-de-TAMANHO-EXATO-PARA-FOTOS-NO-SISTEMA-NOVO-2025-06-17T172028.880_2025-06-17_20-20-44.webp.webp?fit=1200%2C675&ssl=1&resize=700%2C400 2x, https:\/\/i0.wp.com\/noticiasribeiraopreto.com.br\/wp-content\/uploads\/2025\/06\/Copia-de-Copia-de-Copia-de-TAMANHO-EXATO-PARA-FOTOS-NO-SISTEMA-NOVO-2025-06-17T172028.880_2025-06-17_20-20-44.webp.webp?fit=1200%2C675&ssl=1&resize=1050%2C600 3x"},"classes":[]}],"jetpack_sharing_enabled":true,"jetpack_shortlink":"https:\/\/wp.me\/peQAOb-3vA","_links":{"self":[{"href":"https:\/\/noticiasribeiraopreto.com.br\/index.php\/wp-json\/wp\/v2\/posts\/13490","targetHints":{"allow":["GET"]}}],"collection":[{"href":"https:\/\/noticiasribeiraopreto.com.br\/index.php\/wp-json\/wp\/v2\/posts"}],"about":[{"href":"https:\/\/noticiasribeiraopreto.com.br\/index.php\/wp-json\/wp\/v2\/types\/post"}],"author":[{"embeddable":true,"href":"https:\/\/noticiasribeiraopreto.com.br\/index.php\/wp-json\/wp\/v2\/users\/1"}],"replies":[{"embeddable":true,"href":"https:\/\/noticiasribeiraopreto.com.br\/index.php\/wp-json\/wp\/v2\/comments?post=13490"}],"version-history":[{"count":0,"href":"https:\/\/noticiasribeiraopreto.com.br\/index.php\/wp-json\/wp\/v2\/posts\/13490\/revisions"}],"wp:featuredmedia":[{"embeddable":true,"href":"https:\/\/noticiasribeiraopreto.com.br\/index.php\/wp-json\/wp\/v2\/media\/13491"}],"wp:attachment":[{"href":"https:\/\/noticiasribeiraopreto.com.br\/index.php\/wp-json\/wp\/v2\/media?parent=13490"}],"wp:term":[{"taxonomy":"category","embeddable":true,"href":"https:\/\/noticiasribeiraopreto.com.br\/index.php\/wp-json\/wp\/v2\/categories?post=13490"},{"taxonomy":"post_tag","embeddable":true,"href":"https:\/\/noticiasribeiraopreto.com.br\/index.php\/wp-json\/wp\/v2\/tags?post=13490"}],"curies":[{"name":"wp","href":"https:\/\/api.w.org\/{rel}","templated":true}]}}