{"id":13496,"date":"2023-12-10T12:36:28","date_gmt":"2023-12-10T15:36:28","guid":{"rendered":"https:\/\/noticiasribeiraopreto.com.br\/index.php\/2023\/12\/10\/museu-da-lingua-portuguesa-oferece-atividades-gratuitas-para-idosos\/"},"modified":"2023-12-10T12:36:28","modified_gmt":"2023-12-10T15:36:28","slug":"museu-da-lingua-portuguesa-oferece-atividades-gratuitas-para-idosos","status":"publish","type":"post","link":"https:\/\/noticiasribeiraopreto.com.br\/index.php\/2023\/12\/10\/museu-da-lingua-portuguesa-oferece-atividades-gratuitas-para-idosos\/","title":{"rendered":"Museu da L\u00edngua Portuguesa oferece atividades gratuitas para idosos"},"content":{"rendered":"<div class='code-block code-block-1' style='margin: 8px 0 8px auto; text-align: right; display: block; clear: both;'>\n<p><a href=\"https:\/\/wa.link\/vpicfd\"><img data-recalc-dims=\"1\" class=\"wp-image-4922\" style=\"aspect-ratio: 2.0253164556962027; width: 561px; height: auto;\" src=\"https:\/\/i0.wp.com\/ismaelcolosi.com.br\/wp-content\/uploads\/2023\/11\/grupo-de-empregos-whatsapp-e-facebook-ismael-colosi-vagas.jpg?ssl=1\" alt=\"\" \/><\/a><\/p>\n<!-- \/wp:image -->\n<\/div>\n<p> <br \/>\n<\/p>\n<p>O Museu da L\u00edngua Portuguesa, em S\u00e3o Paulo, est\u00e1 oferecendo <a href=\"https:\/\/catracalivre.com.br\/tag\/cursos-gratuitos\/\" target=\"_blank\" rel=\"noopener\">atividades gratuitas<\/a> para idosos nos dias 14 e 21 de dezembro, das 14h \u00e0s 16h. As a\u00e7\u00f5es s\u00e3o com foco na sa\u00fade integral da popula\u00e7\u00e3o idosa e ser\u00e3o conduzidas pelo educador f\u00edsico Denny Tavares.<\/p>\n<div id=\"attachment_2169517\">\n<div class=\"d-flex justify-content-center\" data-attachment-id=\"2169517\">\n<div class=\"position-relative d-inline-block\"><img data-recalc-dims=\"1\" data-portal-copyright=\"Anna Shvets\/Pexels\" fetchpriority=\"high\" decoding=\"async\" class=\"wp-image-2169517 size-full\" src=\"https:\/\/i0.wp.com\/catracalivre.com.br\/wp-content\/uploads\/2021\/07\/usp-fake-news-idoso-curso.jpg?resize=1037%2C889&#038;ssl=1\" alt=\"Museu da L\u00edngua Portuguesa oferece atividades gratuitas para idosos\" width=\"1037\" height=\"889\" srcset=\"https:\/\/catracalivre.com.br\/wp-content\/uploads\/2021\/07\/usp-fake-news-idoso-curso.jpg 1037w, https:\/\/catracalivre.com.br\/wp-content\/uploads\/2021\/07\/usp-fake-news-idoso-curso-450x386.jpg 450w, https:\/\/catracalivre.com.br\/wp-content\/uploads\/2021\/07\/usp-fake-news-idoso-curso-768x658.jpg 768w\" sizes=\"(max-width: 1037px) 100vw, 1037px\"\/><\/p>\n<p>Cr\u00e9ditos: Anna Shvets\/Pexels<\/p>\n<\/div>\n<\/div>\n<p><span class=\"post-imagem__legenda\">Museu da L\u00edngua Portuguesa oferece atividades gratuitas para idosos<\/span><\/p>\n<\/div>\n<p>Na <a href=\"https:\/\/www.museudalinguaportuguesa.org.br\/\" target=\"_blank\" rel=\"noopener\">programa\u00e7\u00e3o<\/a>, divulgada pelo <a href=\"https:\/\/www.saopaulo.sp.gov.br\/\" target=\"_blank\" rel=\"noopener\">Portal do Governo<\/a>, est\u00e3o previstas atividades de prepara\u00e7\u00e3o f\u00edsica, como alongamentos e ritmos, experimenta\u00e7\u00e3o art\u00edstica e jogos, al\u00e9m de letramento digital. Toda \u00faltima quinta-feira do m\u00eas, haver\u00e1 um bailinho da terceira idade.<\/p>\n<p><strong>Educador f\u00edsico:<\/strong> Denny Tavares<br \/><strong>Formato:<\/strong> Presencial<br \/><strong>Data:<\/strong> 14\/12 e 21\/12<br \/><strong>Hor\u00e1rio:<\/strong> das 14h \u00e0s 16h<br \/><strong>Inscri\u00e7\u00e3o:<\/strong> N\u00e3o \u00e9 necess\u00e1ria<br \/>Mais informa\u00e7\u00f5es\u00a0<strong><a href=\"https:\/\/www.museudalinguaportuguesa.org.br\/\" target=\"_blank\" rel=\"noopener\">aqui<\/a><\/strong><\/p>\n<p><script>\n\t\t! function(f, b, e, v, n, t, s) {\n\t\t\tif (f.fbq) return;\n\t\t\tn = f.fbq = function() {\n\t\t\t\tn.callMethod ?\n\t\t\t\t\tn.callMethod.apply(n, arguments) : n.queue.push(arguments)\n\t\t\t};\n\t\t\tif (!f._fbq) f._fbq = n;\n\t\t\tn.push = n;\n\t\t\tn.loaded = !0;\n\t\t\tn.version = '2.0';\n\t\t\tn.queue = [];\n\t\t\tt = b.createElement(e);\n\t\t\tt.async = !0;\n\t\t\tt.src = v;\n\t\t\ts = b.getElementsByTagName(e)[0];\n\t\t\ts.parentNode.insertBefore(t, s)\n\t\t}(window, document, 'script',\n\t\t\t'https:\/\/connect.facebook.net\/en_US\/fbevents.js');\n\t\tfbq('init', '338315473262380');\n\t\tfbq('track', 'PageView');\n\t<\/script><br \/>\n<br \/><br \/>\n<br \/><a href=\"https:\/\/catracalivre.com.br\/saude-bem-estar\/museu-lingua-portuguesa-idosos\/\">Source link <\/a><\/p>\n<!-- CONTENT END 1 -->\n","protected":false},"excerpt":{"rendered":"<p>O Museu da L\u00edngua Portuguesa, em S\u00e3o Paulo, est\u00e1 oferecendo atividades gratuitas para idosos nos dias 14 e 21 de dezembro, das 14h \u00e0s 16h&#8230;.<\/p>\n","protected":false},"author":1,"featured_media":13497,"comment_status":"open","ping_status":"open","sticky":false,"template":"","format":"standard","meta":{"advanced_seo_description":"","jetpack_seo_html_title":"","jetpack_seo_noindex":false,"jetpack_post_was_ever_published":false,"_jetpack_newsletter_access":"","_jetpack_dont_email_post_to_subs":false,"_jetpack_newsletter_tier_id":0,"_jetpack_memberships_contains_paywalled_content":false,"_jetpack_memberships_contains_paid_content":false,"footnotes":"","jetpack_publicize_message":"","jetpack_publicize_feature_enabled":true,"jetpack_social_post_already_shared":true,"jetpack_social_options":{"image_generator_settings":{"template":"highway","default_image_id":0,"font":"","enabled":false},"version":2}},"categories":[19],"tags":[],"class_list":["post-13496","post","type-post","status-publish","format-standard","has-post-thumbnail","hentry","category-variedades"],"jetpack_publicize_connections":[],"jetpack_featured_media_url":"https:\/\/i0.wp.com\/noticiasribeiraopreto.com.br\/wp-content\/uploads\/2023\/12\/usp-fake-news-idoso-curso.jpg?fit=1200%2C638&ssl=1","jetpack-related-posts":[{"id":20305,"url":"https:\/\/noticiasribeiraopreto.com.br\/index.php\/2023\/12\/24\/sp-best-week-oferece-entrada-gratis-em-atracoes-turisticas\/","url_meta":{"origin":13496,"position":0},"title":"SP Best Week oferece entrada gr\u00e1tis em atra\u00e7\u00f5es tur\u00edsticas","author":"noticiasribeiraopreto.com.br","date":"24 de December de 2023","format":false,"excerpt":"Turistas que escolheram S\u00e3o Paulo para celebrar as festas ou aproveitar os \u00faltimos dias do ano ter\u00e3o um incentivo extra: a S\u00e3o Paulo Best Week, a\u00e7\u00e3o que oferece descontos e promo\u00e7\u00f5es em restaurantes, hot\u00e9is, passeios, lojas e servi\u00e7os, al\u00e9m de atra\u00e7\u00f5es gratuitas at\u00e9 30 de dezembro. Entre os participantes est\u00e3o\u2026","rel":"","context":"In &quot;Variedades&quot;","block_context":{"text":"Variedades","link":"https:\/\/noticiasribeiraopreto.com.br\/index.php\/category\/variedades\/"},"img":{"alt_text":"","src":"https:\/\/i0.wp.com\/noticiasribeiraopreto.com.br\/wp-content\/uploads\/2023\/12\/divulgacaoroda-rico.jpeg?fit=1200%2C638&ssl=1&resize=350%2C200","width":350,"height":200,"srcset":"https:\/\/i0.wp.com\/noticiasribeiraopreto.com.br\/wp-content\/uploads\/2023\/12\/divulgacaoroda-rico.jpeg?fit=1200%2C638&ssl=1&resize=350%2C200 1x, https:\/\/i0.wp.com\/noticiasribeiraopreto.com.br\/wp-content\/uploads\/2023\/12\/divulgacaoroda-rico.jpeg?fit=1200%2C638&ssl=1&resize=525%2C300 1.5x, https:\/\/i0.wp.com\/noticiasribeiraopreto.com.br\/wp-content\/uploads\/2023\/12\/divulgacaoroda-rico.jpeg?fit=1200%2C638&ssl=1&resize=700%2C400 2x, https:\/\/i0.wp.com\/noticiasribeiraopreto.com.br\/wp-content\/uploads\/2023\/12\/divulgacaoroda-rico.jpeg?fit=1200%2C638&ssl=1&resize=1050%2C600 3x"},"classes":[]},{"id":71286,"url":"https:\/\/noticiasribeiraopreto.com.br\/index.php\/2025\/06\/04\/adolescentes-internados-na-fundacao-participam-de-encontro-literario-com-autores-renomados-no-museu-da-lingua-portuguesa\/","url_meta":{"origin":13496,"position":1},"title":"Adolescentes internados na Funda\u00e7\u00e3o participam de encontro liter\u00e1rio com autores renomados no Museu da L\u00edngua Portuguesa","author":"noticiasribeiraopreto.com.br","date":"4 de June de 2025","format":false,"excerpt":"A Funda\u00e7\u00e3o Centro de Atendimento Socioeducativo ao Adolescente (CASA) promoveu nesta segunda-feira (02\/06) a 1\u00aa edi\u00e7\u00e3o do \u201cCom Verso & Prosa, e muita ImaginA\u00e7\u00e3o!\u201d, um encontro liter\u00e1rio in\u00e9dito que reuniu cerca de 30 adolescentes em cumprimento de medida socioeducativa e renomados autores brasileiros. O evento foi realizado no audit\u00f3rio do\u2026","rel":"","context":"In &quot;Not\u00edcias de Franca-SP&quot;","block_context":{"text":"Not\u00edcias de Franca-SP","link":"https:\/\/noticiasribeiraopreto.com.br\/index.php\/category\/noticias-de-ribeirao-preto-sp-e-regiao-ismael-colosi\/noticias-franca-sp\/"},"img":{"alt_text":"","src":"https:\/\/i0.wp.com\/noticiasribeiraopreto.com.br\/wp-content\/uploads\/2025\/06\/fundacao-casa-encontro-literario.jpg?fit=1200%2C800&ssl=1&resize=350%2C200","width":350,"height":200,"srcset":"https:\/\/i0.wp.com\/noticiasribeiraopreto.com.br\/wp-content\/uploads\/2025\/06\/fundacao-casa-encontro-literario.jpg?fit=1200%2C800&ssl=1&resize=350%2C200 1x, https:\/\/i0.wp.com\/noticiasribeiraopreto.com.br\/wp-content\/uploads\/2025\/06\/fundacao-casa-encontro-literario.jpg?fit=1200%2C800&ssl=1&resize=525%2C300 1.5x, https:\/\/i0.wp.com\/noticiasribeiraopreto.com.br\/wp-content\/uploads\/2025\/06\/fundacao-casa-encontro-literario.jpg?fit=1200%2C800&ssl=1&resize=700%2C400 2x, https:\/\/i0.wp.com\/noticiasribeiraopreto.com.br\/wp-content\/uploads\/2025\/06\/fundacao-casa-encontro-literario.jpg?fit=1200%2C800&ssl=1&resize=1050%2C600 3x"},"classes":[]},{"id":73721,"url":"https:\/\/noticiasribeiraopreto.com.br\/index.php\/2025\/07\/08\/museu-casa-da-memoria-italiana-oferece-programacao-gratuita-de-ferias\/","url_meta":{"origin":13496,"position":2},"title":"Museu Casa da Mem\u00f3ria Italiana oferece programa\u00e7\u00e3o gratuita de f\u00e9rias","author":"noticiasribeiraopreto.com.br","date":"8 de July de 2025","format":false,"excerpt":"Durante o m\u00eas de julho, o Museu Casa da Mem\u00f3ria Italiana oferece uma programa\u00e7\u00e3o gratuita e especial de f\u00e9rias para as crian\u00e7as. As atividades unem cultura, m\u00fasica e tradi\u00e7\u00e3o entre os dias 10 a 13 de julho. Com exce\u00e7\u00e3o do domingo (13), as vagas s\u00e3o limitadas, com agendamento pr\u00e9vio. F\u00e9rias\u2026","rel":"","context":"In &quot;Not\u00edcias de Ribeir\u00e3o Preto-SP e Regi\u00e3o&quot;","block_context":{"text":"Not\u00edcias de Ribeir\u00e3o Preto-SP e Regi\u00e3o","link":"https:\/\/noticiasribeiraopreto.com.br\/index.php\/category\/noticias-de-ribeirao-preto-sp-e-regiao-ismael-colosi\/"},"img":{"alt_text":"","src":"https:\/\/i0.wp.com\/noticiasribeiraopreto.com.br\/wp-content\/uploads\/2025\/07\/Atividade-com-criancas_2025-07-08_13-50-38.webp.webp?fit=1200%2C900&ssl=1&resize=350%2C200","width":350,"height":200,"srcset":"https:\/\/i0.wp.com\/noticiasribeiraopreto.com.br\/wp-content\/uploads\/2025\/07\/Atividade-com-criancas_2025-07-08_13-50-38.webp.webp?fit=1200%2C900&ssl=1&resize=350%2C200 1x, https:\/\/i0.wp.com\/noticiasribeiraopreto.com.br\/wp-content\/uploads\/2025\/07\/Atividade-com-criancas_2025-07-08_13-50-38.webp.webp?fit=1200%2C900&ssl=1&resize=525%2C300 1.5x, https:\/\/i0.wp.com\/noticiasribeiraopreto.com.br\/wp-content\/uploads\/2025\/07\/Atividade-com-criancas_2025-07-08_13-50-38.webp.webp?fit=1200%2C900&ssl=1&resize=700%2C400 2x, https:\/\/i0.wp.com\/noticiasribeiraopreto.com.br\/wp-content\/uploads\/2025\/07\/Atividade-com-criancas_2025-07-08_13-50-38.webp.webp?fit=1200%2C900&ssl=1&resize=1050%2C600 3x"},"classes":[]},{"id":85038,"url":"https:\/\/noticiasribeiraopreto.com.br\/index.php\/2026\/04\/20\/oficina-gratuita-no-museu-casa-da-memoria-italiana-aborda-acessibilidade-cultural\/","url_meta":{"origin":13496,"position":3},"title":"Oficina gratuita no Museu Casa da Mem\u00f3ria Italiana aborda acessibilidade cultural","author":"noticiasribeiraopreto.com.br","date":"20 de April de 2026","format":false,"excerpt":"Ler o resumo da not\u00edcia Museu Casa da Mem\u00f3ria Italiana oferece oficina gratuita sobre acessibilidade cultural neste s\u00e1bado (25), das 10h \u00e0s 12h. A atividade, conduzida pela consultora Carla Damasceno, aborda adapta\u00e7\u00e3o de materiais, tecnologias assistivas e comunica\u00e7\u00e3o inclusiva. Inscri\u00e7\u00f5es s\u00e3o online e destinadas a educadores, mediadores, profissionais de museus,\u2026","rel":"","context":"In &quot;Not\u00edcias de Ribeir\u00e3o Preto-SP e Regi\u00e3o&quot;","block_context":{"text":"Not\u00edcias de Ribeir\u00e3o Preto-SP e Regi\u00e3o","link":"https:\/\/noticiasribeiraopreto.com.br\/index.php\/category\/noticias-de-ribeirao-preto-sp-e-regiao-ismael-colosi\/"},"img":{"alt_text":"","src":"https:\/\/i0.wp.com\/noticiasribeiraopreto.com.br\/wp-content\/uploads\/2026\/04\/Capturar-16.jpg?fit=836%2C611&ssl=1&resize=350%2C200","width":350,"height":200,"srcset":"https:\/\/i0.wp.com\/noticiasribeiraopreto.com.br\/wp-content\/uploads\/2026\/04\/Capturar-16.jpg?fit=836%2C611&ssl=1&resize=350%2C200 1x, https:\/\/i0.wp.com\/noticiasribeiraopreto.com.br\/wp-content\/uploads\/2026\/04\/Capturar-16.jpg?fit=836%2C611&ssl=1&resize=525%2C300 1.5x, https:\/\/i0.wp.com\/noticiasribeiraopreto.com.br\/wp-content\/uploads\/2026\/04\/Capturar-16.jpg?fit=836%2C611&ssl=1&resize=700%2C400 2x"},"classes":[]},{"id":61894,"url":"https:\/\/noticiasribeiraopreto.com.br\/index.php\/2024\/12\/26\/museu-casa-de-portinari-promove-atividades-gratuitas-para-ferias-de-janeiro\/","url_meta":{"origin":13496,"position":4},"title":"Museu Casa de Portinari promove atividades gratuitas para f\u00e9rias de janeiro","author":"noticiasribeiraopreto.com.br","date":"26 de December de 2024","format":false,"excerpt":"O Museu Casa de Portinari, localizado em Brodowski, na regi\u00e3o de Ribeir\u00e3o Preto, preparou uma programa\u00e7\u00e3o gratuita para todos os p\u00fablicos durante as f\u00e9rias de janeiro. Entre os destaques est\u00e3o o projeto \u201cF\u00e9rias no Museu: Brincandinho\u201d, com jogos e brincadeiras tradicionais, al\u00e9m de diversas oficinas e atra\u00e7\u00f5es culturais como a\u2026","rel":"","context":"In &quot;Not\u00edcias de Ribeir\u00e3o Preto-SP e Regi\u00e3o&quot;","block_context":{"text":"Not\u00edcias de Ribeir\u00e3o Preto-SP e Regi\u00e3o","link":"https:\/\/noticiasribeiraopreto.com.br\/index.php\/category\/noticias-de-ribeirao-preto-sp-e-regiao-ismael-colosi\/"},"img":{"alt_text":"","src":"https:\/\/i0.wp.com\/noticiasribeiraopreto.com.br\/wp-content\/uploads\/2024\/12\/Copia-de-Copia-de-Copia-de-TAMANHO-EXATO-PARA-FOTOS-NO-SISTEMA-NOVO-2024-12-26T204630.618_2024-12-26_23-48-01_png_2024-12-26_23-48-01.webp.webp?fit=1200%2C675&ssl=1&resize=350%2C200","width":350,"height":200,"srcset":"https:\/\/i0.wp.com\/noticiasribeiraopreto.com.br\/wp-content\/uploads\/2024\/12\/Copia-de-Copia-de-Copia-de-TAMANHO-EXATO-PARA-FOTOS-NO-SISTEMA-NOVO-2024-12-26T204630.618_2024-12-26_23-48-01_png_2024-12-26_23-48-01.webp.webp?fit=1200%2C675&ssl=1&resize=350%2C200 1x, https:\/\/i0.wp.com\/noticiasribeiraopreto.com.br\/wp-content\/uploads\/2024\/12\/Copia-de-Copia-de-Copia-de-TAMANHO-EXATO-PARA-FOTOS-NO-SISTEMA-NOVO-2024-12-26T204630.618_2024-12-26_23-48-01_png_2024-12-26_23-48-01.webp.webp?fit=1200%2C675&ssl=1&resize=525%2C300 1.5x, https:\/\/i0.wp.com\/noticiasribeiraopreto.com.br\/wp-content\/uploads\/2024\/12\/Copia-de-Copia-de-Copia-de-TAMANHO-EXATO-PARA-FOTOS-NO-SISTEMA-NOVO-2024-12-26T204630.618_2024-12-26_23-48-01_png_2024-12-26_23-48-01.webp.webp?fit=1200%2C675&ssl=1&resize=700%2C400 2x, https:\/\/i0.wp.com\/noticiasribeiraopreto.com.br\/wp-content\/uploads\/2024\/12\/Copia-de-Copia-de-Copia-de-TAMANHO-EXATO-PARA-FOTOS-NO-SISTEMA-NOVO-2024-12-26T204630.618_2024-12-26_23-48-01_png_2024-12-26_23-48-01.webp.webp?fit=1200%2C675&ssl=1&resize=1050%2C600 3x"},"classes":[]},{"id":32451,"url":"https:\/\/noticiasribeiraopreto.com.br\/index.php\/2024\/01\/25\/casa-da-memoria-italiana-tem-atividade-gratuita-neste-final-de-semana-em-ribeirao\/","url_meta":{"origin":13496,"position":5},"title":"Casa da Mem\u00f3ria Italiana tem atividade gratuita neste final de semana em Ribeir\u00e3o","author":"noticiasribeiraopreto.com.br","date":"25 de January de 2024","format":false,"excerpt":"O Museu Casa da Mem\u00f3ria Italiana, em Ribeir\u00e3o Preto, realiza neste domingo (28), a partir das 9h, o \u2018Quintal Aberto\u2019. A atividade \u00e9 gratuita \u00e9 aberta para fam\u00edlias visitarem o patrim\u00f4nio cultural. Neste dia, n\u00e3o ser\u00e1 necess\u00e1rio a retirada de ingressos no site do museu para participar das atividades. O\u2026","rel":"","context":"In &quot;Not\u00edcias de Ribeir\u00e3o Preto-SP e Regi\u00e3o&quot;","block_context":{"text":"Not\u00edcias de Ribeir\u00e3o Preto-SP e Regi\u00e3o","link":"https:\/\/noticiasribeiraopreto.com.br\/index.php\/category\/noticias-de-ribeirao-preto-sp-e-regiao-ismael-colosi\/"},"img":{"alt_text":"","src":"https:\/\/i0.wp.com\/noticiasribeiraopreto.com.br\/wp-content\/uploads\/2024\/01\/casa_da_1200x675_17022022102229.jpg?fit=1200%2C675&ssl=1&resize=350%2C200","width":350,"height":200,"srcset":"https:\/\/i0.wp.com\/noticiasribeiraopreto.com.br\/wp-content\/uploads\/2024\/01\/casa_da_1200x675_17022022102229.jpg?fit=1200%2C675&ssl=1&resize=350%2C200 1x, https:\/\/i0.wp.com\/noticiasribeiraopreto.com.br\/wp-content\/uploads\/2024\/01\/casa_da_1200x675_17022022102229.jpg?fit=1200%2C675&ssl=1&resize=525%2C300 1.5x, https:\/\/i0.wp.com\/noticiasribeiraopreto.com.br\/wp-content\/uploads\/2024\/01\/casa_da_1200x675_17022022102229.jpg?fit=1200%2C675&ssl=1&resize=700%2C400 2x, https:\/\/i0.wp.com\/noticiasribeiraopreto.com.br\/wp-content\/uploads\/2024\/01\/casa_da_1200x675_17022022102229.jpg?fit=1200%2C675&ssl=1&resize=1050%2C600 3x"},"classes":[]}],"jetpack_sharing_enabled":true,"jetpack_shortlink":"https:\/\/wp.me\/peQAOb-3vG","_links":{"self":[{"href":"https:\/\/noticiasribeiraopreto.com.br\/index.php\/wp-json\/wp\/v2\/posts\/13496","targetHints":{"allow":["GET"]}}],"collection":[{"href":"https:\/\/noticiasribeiraopreto.com.br\/index.php\/wp-json\/wp\/v2\/posts"}],"about":[{"href":"https:\/\/noticiasribeiraopreto.com.br\/index.php\/wp-json\/wp\/v2\/types\/post"}],"author":[{"embeddable":true,"href":"https:\/\/noticiasribeiraopreto.com.br\/index.php\/wp-json\/wp\/v2\/users\/1"}],"replies":[{"embeddable":true,"href":"https:\/\/noticiasribeiraopreto.com.br\/index.php\/wp-json\/wp\/v2\/comments?post=13496"}],"version-history":[{"count":0,"href":"https:\/\/noticiasribeiraopreto.com.br\/index.php\/wp-json\/wp\/v2\/posts\/13496\/revisions"}],"wp:featuredmedia":[{"embeddable":true,"href":"https:\/\/noticiasribeiraopreto.com.br\/index.php\/wp-json\/wp\/v2\/media\/13497"}],"wp:attachment":[{"href":"https:\/\/noticiasribeiraopreto.com.br\/index.php\/wp-json\/wp\/v2\/media?parent=13496"}],"wp:term":[{"taxonomy":"category","embeddable":true,"href":"https:\/\/noticiasribeiraopreto.com.br\/index.php\/wp-json\/wp\/v2\/categories?post=13496"},{"taxonomy":"post_tag","embeddable":true,"href":"https:\/\/noticiasribeiraopreto.com.br\/index.php\/wp-json\/wp\/v2\/tags?post=13496"}],"curies":[{"name":"wp","href":"https:\/\/api.w.org\/{rel}","templated":true}]}}