{"id":13498,"date":"2023-12-10T12:41:31","date_gmt":"2023-12-10T15:41:31","guid":{"rendered":"https:\/\/noticiasribeiraopreto.com.br\/index.php\/2023\/12\/10\/multinacional-az-armaturen-abre-cargos-pelo-brasil\/"},"modified":"2023-12-10T12:41:31","modified_gmt":"2023-12-10T15:41:31","slug":"multinacional-az-armaturen-abre-cargos-pelo-brasil","status":"publish","type":"post","link":"https:\/\/noticiasribeiraopreto.com.br\/index.php\/2023\/12\/10\/multinacional-az-armaturen-abre-cargos-pelo-brasil\/","title":{"rendered":"MULTINACIONAL: AZ Armaturen ABRE CARGOS pelo Brasil"},"content":{"rendered":"<div class='code-block code-block-1' style='margin: 8px 0 8px auto; text-align: right; display: block; clear: both;'>\n<p><a href=\"https:\/\/wa.link\/vpicfd\"><img data-recalc-dims=\"1\" class=\"wp-image-4922\" style=\"aspect-ratio: 2.0253164556962027; width: 561px; height: auto;\" src=\"https:\/\/i0.wp.com\/ismaelcolosi.com.br\/wp-content\/uploads\/2023\/11\/grupo-de-empregos-whatsapp-e-facebook-ismael-colosi-vagas.jpg?ssl=1\" alt=\"\" \/><\/a><\/p>\n<!-- \/wp:image -->\n<\/div>\n<p> <br \/>\n<\/p>\n<div>\n<div>\n<p>A AZ Armaturen, empresa que \u00e9 um dos principais fabricantes de V\u00e1lvulas Especiais tipo Macho e Sistemas de Amostragem, est\u00e1 contratando novas pessoas no estado de <a href=\"https:\/\/noticiasconcursos.com.br\/enem-dos-concursos-tera-provas-em-12-cidades-em-sao-paulo-confira-lista-completa-de-locais-de-prova-do-cnu\/\">S\u00e3o Paulo<\/a>. Sendo assim, confira quais s\u00e3o as vagas abertas na lista abaixo:<\/p>\n<ul>\n<li>Almoxarife \u2013 Itatiba \u2013 SP \u2013 Efetivo;<\/li>\n<li>Analista de Compras \u2013 Itatiba \u2013 SP \u2013 Efetivo;<\/li>\n<li>Analista de M\u00e9todos e Processos em Usinagem \u2013 Itatiba \u2013 SP \u2013 Efetivo;<\/li>\n<li>Analista de Melhorias Cont\u00ednuas \u2013 Itatiba \u2013 SP \u2013 Efetivo;<\/li>\n<li>Analista de PCP \u2013 Processos de Usinagem \u2013 Itatiba \u2013 SP \u2013 Efetivo;<\/li>\n<li>Analista de Processos em Usinagem (Programa\u00e7\u00e3o interna e externa) \u2013 Itatiba \u2013 SP;<\/li>\n<li>Analista de Projetos \u2013 Itatiba \u2013 SP \u2013 Efetivo;<\/li>\n<li>Analista de Vendas (Exporta\u00e7\u00e3o) \u2013 Itatiba \u2013 SP \u2013 Efetivo;<\/li>\n<li>Analista Financeiro Jr. \u2013 Itatiba \u2013 SP \u2013 Efetivo;<\/li>\n<li>Assistente T\u00e9cnico \u2013 Itatiba \u2013 SP \u2013 Efetivo;<\/li>\n<li>Auxiliar de Manuten\u00e7\u00e3o \u2013 Itatiba \u2013 SP \u2013 Efetivo;<\/li>\n<li>Eletricista de Manuten\u00e7\u00e3o \u2013 Itatiba \u2013 SP \u2013 Efetivo;<\/li>\n<li>Eletromec\u00e2nico (a) \u2013 Itatiba \u2013 SP \u2013 Efetivo;<\/li>\n<li>Especialista em PCP \u2013 Itatiba \u2013 SP \u2013 Efetivo;<\/li>\n<li>Mec\u00e2nico de Manuten\u00e7\u00e3o \u2013 Itatiba \u2013 SP \u2013 Efetivo;<\/li>\n<li>Montador (a) \u2013 Itatiba \u2013 SP \u2013 Efetivo;<\/li>\n<li>Operador (a) de CNC \u2013 Torno e Centro de Usinagem \u2013 Itatiba \u2013 SP \u2013 Efetivo;<\/li>\n<li>Operador de Furadeira Radial \u2013 Itatiba \u2013 SP \u2013 Efetivo;<\/li>\n<li>Pintor Industrial \u2013 Itatiba \u2013 SP \u2013 Efetivo;<\/li>\n<li>T\u00e9cnico de Assist\u00eancia T\u00e9cnica \u2013\u00a0 Itatiba \u2013 SP \u2013 Efetivo;<\/li>\n<li>Torneiro Mec\u00e2nico \u2013 Itatiba \u2013 SP \u2013 Efetivo.<\/li>\n<\/ul>\n<figure id=\"attachment_778561\" aria-describedby=\"caption-attachment-778561\" style=\"width: 2048px\" class=\"wp-caption alignnone\"><img data-recalc-dims=\"1\" fetchpriority=\"high\" decoding=\"async\" class=\"size-full wp-image-778561\" alt=\"MULTINACIONAL: AZ Armaturen ABRE CARGOS pelo Brasil\" width=\"2048\" height=\"1368\" srcset=\"https:\/\/noticiasconcursos.com.br\/wp-content\/uploads\/2023\/12\/noticiasconcursos.com.br-multinacional-az-armaturen-abre-cargos-pelo-brasil-309271924-502139378586905-8117859634467714612-n-e1702219666472.jpg 2048w, https:\/\/noticiasconcursos.com.br\/wp-content\/uploads\/2023\/12\/noticiasconcursos.com.br-multinacional-az-armaturen-abre-cargos-pelo-brasil-309271924-502139378586905-8117859634467714612-n-e1702219666472-300x200.jpg 300w, https:\/\/noticiasconcursos.com.br\/wp-content\/uploads\/2023\/12\/noticiasconcursos.com.br-multinacional-az-armaturen-abre-cargos-pelo-brasil-309271924-502139378586905-8117859634467714612-n-e1702219666472-1198x800.jpg 1198w, https:\/\/noticiasconcursos.com.br\/wp-content\/uploads\/2023\/12\/noticiasconcursos.com.br-multinacional-az-armaturen-abre-cargos-pelo-brasil-309271924-502139378586905-8117859634467714612-n-e1702219666472-768x513.jpg 768w, https:\/\/noticiasconcursos.com.br\/wp-content\/uploads\/2023\/12\/noticiasconcursos.com.br-multinacional-az-armaturen-abre-cargos-pelo-brasil-309271924-502139378586905-8117859634467714612-n-e1702219666472-1536x1026.jpg 1536w\" data-lazy-sizes=\"(max-width: 2048px) 100vw, 2048px\" src=\"https:\/\/i0.wp.com\/noticiasconcursos.com.br\/wp-content\/uploads\/2023\/12\/noticiasconcursos.com.br-multinacional-az-armaturen-abre-cargos-pelo-brasil-309271924-502139378586905-8117859634467714612-n-e1702219666472.jpg?resize=2048%2C1368&#038;ssl=1\"\/><noscript><img data-recalc-dims=\"1\" fetchpriority=\"high\" decoding=\"async\" class=\"size-full wp-image-778561\" src=\"https:\/\/i0.wp.com\/noticiasconcursos.com.br\/wp-content\/uploads\/2023\/12\/noticiasconcursos.com.br-multinacional-az-armaturen-abre-cargos-pelo-brasil-309271924-502139378586905-8117859634467714612-n-e1702219666472.jpg?resize=2048%2C1368&#038;ssl=1\" alt=\"MULTINACIONAL: AZ Armaturen ABRE CARGOS pelo Brasil\" width=\"2048\" height=\"1368\" srcset=\"https:\/\/noticiasconcursos.com.br\/wp-content\/uploads\/2023\/12\/noticiasconcursos.com.br-multinacional-az-armaturen-abre-cargos-pelo-brasil-309271924-502139378586905-8117859634467714612-n-e1702219666472.jpg 2048w, https:\/\/noticiasconcursos.com.br\/wp-content\/uploads\/2023\/12\/noticiasconcursos.com.br-multinacional-az-armaturen-abre-cargos-pelo-brasil-309271924-502139378586905-8117859634467714612-n-e1702219666472-300x200.jpg 300w, https:\/\/noticiasconcursos.com.br\/wp-content\/uploads\/2023\/12\/noticiasconcursos.com.br-multinacional-az-armaturen-abre-cargos-pelo-brasil-309271924-502139378586905-8117859634467714612-n-e1702219666472-1198x800.jpg 1198w, https:\/\/noticiasconcursos.com.br\/wp-content\/uploads\/2023\/12\/noticiasconcursos.com.br-multinacional-az-armaturen-abre-cargos-pelo-brasil-309271924-502139378586905-8117859634467714612-n-e1702219666472-768x513.jpg 768w, https:\/\/noticiasconcursos.com.br\/wp-content\/uploads\/2023\/12\/noticiasconcursos.com.br-multinacional-az-armaturen-abre-cargos-pelo-brasil-309271924-502139378586905-8117859634467714612-n-e1702219666472-1536x1026.jpg 1536w\" sizes=\"(max-width: 2048px) 100vw, 2048px\"\/><\/noscript><figcaption id=\"caption-attachment-778561\" class=\"wp-caption-text\">AZ Armaturen \u00e9 refer\u00eancia no seu ramo de atua\u00e7\u00e3o. Foto: Divulga\u00e7\u00e3o \/ Facebook.<\/figcaption><\/figure>\n<h3><strong>Mais sobre a AZ Armaturen\u00a0<\/strong><\/h3>\n<p>Sobre a empresa, vale frisar que a AZ Armaturen \u00e9\u00a0uma empresa que est\u00e1 h\u00e1 mais de 50 anos no mercado como um dos principais fabricantes de v\u00e1lvulas macho e v\u00e1lvulas especiais (elaboradas para atuar em meios agressivos, t\u00f3xicos ou abrasivos s\u00e3o desenvolvidas em conjunto com os <a href=\"https:\/\/noticiasconcursos.com.br\/c6-bank-anuncia-pessima-noticia-para-os-clientes-da-conta-saiba-agora\/\">clientes<\/a>).<\/p>\n<p>Dito isso, durante os 50 anos de exist\u00eancia na Alemanha e 20 anos no Brasil, a AZ tem desenvolvido um trabalho que atende as exig\u00eancias das ind\u00fastrias em todo o mundo e hoje fabrica suas v\u00e1lvulas em quatro continentes.<\/p>\n<p>Por fim, fornece V\u00e1lvulas Especiais para os mais diversos segmentos, tais como: Qu\u00edmico &amp; Petroqu\u00edmico, Refinarias, Farmac\u00eautico, Aliment\u00edcio, Saneamento, <a href=\"https:\/\/noticiasconcursos.com.br\/casado-no-papel-e-separado-de-fato-como-conseguir-o-bpc\/\">Papel<\/a> e Celulose, Esta\u00e7\u00f5es de Energia El\u00e9trica e Nuclear. Isto \u00e9, pode ser uma \u00f3tima chance de crescimento!<\/p>\n<h3><strong>Consulte alguns benef\u00edcios<\/strong><\/h3>\n<ul>\n<li>PLR;<\/li>\n<li>Plano de sa\u00fade;<\/li>\n<li>Plano odontol\u00f3gico;<\/li>\n<li>Seguro de vida;<\/li>\n<li>Vale alimenta\u00e7\u00e3o;<\/li>\n<li>Refei\u00e7\u00e3o no Local;<\/li>\n<li>\u00d4nibus fretado;<\/li>\n<li>Dayoff (Folga no dia do Anivers\u00e1rio);<\/li>\n<li>Possibilidade de Incentivo Educacional a depender do tempo de casa.<\/li>\n<\/ul>\n<div class=\"bs-irp left bs-irp-thumbnail-1\">\n<p>&#13;<br \/><span class=\"h-text heading-typo\">Voc\u00ea tamb\u00e9m pode gostar:<\/span>&#13; <\/p>\n<div class=\"code-block code-block-5\" style=\"margin: 8px auto; text-align: center; display: block; clear: both;\"> <a href=\"https:\/\/suaads.com\/ref\/ISMAELCOLOSI\" target=\"_blank\" rel=\"noopener\"><img data-recalc-dims=\"1\" decoding=\"async\" src=\"https:\/\/i0.wp.com\/suaurl.com\/img\/bannersref\/s.png?ssl=1\" alt=\"SuaUrl\"  style=\"max-width: 100%;\" class=\"lazy\" loading=\"lazy\"\/><noscript><img data-recalc-dims=\"1\" decoding=\"async\" src=\"https:\/\/i0.wp.com\/suaurl.com\/img\/bannersref\/s.png?ssl=1\" alt=\"SuaUrl\"  style=\"max-width: 100%;\"\/><\/noscript><\/a><\/div>\n<\/p><\/div>\n<h3><strong>Como enviar o seu curr\u00edculo?<\/strong><\/h3>\n<p>Como voc\u00ea j\u00e1 p\u00f4de verificar a lista de cargos do <strong>AZ Armaturen<\/strong>, a inscri\u00e7\u00e3o acontece de forma bastante intuitiva e r\u00e1pida. Voc\u00ea s\u00f3 precisa <strong><em><a href=\"https:\/\/az-armaturen.gupy.io\/\" target=\"_blank\" rel=\"noopener\">CLICAR NESTE LINK<\/a><\/em><\/strong> para ir automaticamente \u00e0 p\u00e1gina da <strong>Gupy<\/strong>.<\/p>\n<p>Por l\u00e1, \u00e9 s\u00f3 conferir todos os detalhes referentes \u00e0 vaga (requisitos, fun\u00e7\u00f5es, benef\u00edcios, hor\u00e1rio de trabalho, etc..) com aten\u00e7\u00e3o e se candidatar.<\/p>\n<p>Acesse agora mesmo o <strong>Not\u00edcias Concursos<\/strong> para se manter inteirado(a) em todas as principais not\u00edcias do pa\u00eds e ainda ficar ligado(a) nas diversas vagas de empregos espalhadas pelo Brasil!<\/p>\n<\/p><\/div>\n<p><a href=\"https:\/\/noticiasconcursos.com.br\/multinacional-az-armaturen-abre-cargos-pelo-brasil\/\">Source link <\/a><\/p>\n<\/p><\/div>\n<p><br \/>\n<br \/><a href=\"https:\/\/ismaelcolosi.com.br\/multinacional-az-armaturen-abre-cargos-pelo-brasil\/\">Source link <\/a><\/p>\n<!-- CONTENT END 1 -->\n","protected":false},"excerpt":{"rendered":"<p>A AZ Armaturen, empresa que \u00e9 um dos principais fabricantes de V\u00e1lvulas Especiais tipo Macho e Sistemas de Amostragem, est\u00e1 contratando novas pessoas no estado&#8230;<\/p>\n","protected":false},"author":1,"featured_media":13499,"comment_status":"open","ping_status":"open","sticky":false,"template":"","format":"standard","meta":{"advanced_seo_description":"","jetpack_seo_html_title":"","jetpack_seo_noindex":false,"jetpack_post_was_ever_published":false,"_jetpack_newsletter_access":"","_jetpack_dont_email_post_to_subs":false,"_jetpack_newsletter_tier_id":0,"_jetpack_memberships_contains_paywalled_content":false,"_jetpack_memberships_contains_paid_content":false,"footnotes":"","jetpack_publicize_message":"","jetpack_publicize_feature_enabled":true,"jetpack_social_post_already_shared":true,"jetpack_social_options":{"image_generator_settings":{"template":"highway","default_image_id":0,"font":"","enabled":false},"version":2}},"categories":[7],"tags":[],"class_list":["post-13498","post","type-post","status-publish","format-standard","has-post-thumbnail","hentry","category-vagas-de-empregos-em-ribeirao-preto-regiao-brasil"],"jetpack_publicize_connections":[],"jetpack_featured_media_url":"https:\/\/i0.wp.com\/noticiasribeiraopreto.com.br\/wp-content\/uploads\/2023\/12\/noticiasconcursos.com_.br-multinacional-az-armaturen-abre-cargos-pelo-brasil-309271924-502139378586905-8117859634467714612-n-e1702219666472.jpg?fit=2048%2C1368&ssl=1","jetpack-related-posts":[{"id":53309,"url":"https:\/\/noticiasribeiraopreto.com.br\/index.php\/2024\/06\/18\/vagas-de-empregos-no-assai-para-trabalhar-em-ribeirao-preto-sp-5\/","url_meta":{"origin":13498,"position":0},"title":"Vagas de empregos no Assa\u00ed para trabalhar em Ribeir\u00e3o Preto-SP","author":"noticiasribeiraopreto.com.br","date":"18 de June de 2024","format":false,"excerpt":"Assa\u00ed Atacadista #VemserAssa\u00edHey, voc\u00ea!J\u00e1 pensou em trabalhar em uma empresa com mais de\u00a049 anos de tradi\u00e7\u00e3o, que est\u00e1 em expans\u00e3o acelerada e \u00e9 uma das\u00a0Marcas Mais Valiosas do Brasil, segundo a Interbrand?Mas primeiro, deixa a gente se apresentar: somos o\u00a0Assa\u00ed Atacadista\u00a0e estamos em busca de profissionais como voc\u00ea! Queremos fortalecer\u2026","rel":"","context":"In &quot;Vagas de Emprego em Ribeir\u00e3o Preto-SP&quot;","block_context":{"text":"Vagas de Emprego em Ribeir\u00e3o Preto-SP","link":"https:\/\/noticiasribeiraopreto.com.br\/index.php\/category\/empregos-classificados-vagas-trabalho\/vagas-de-empregos-em-ribeirao-preto-regiao-brasil\/"},"img":{"alt_text":"","src":"https:\/\/i0.wp.com\/noticiasribeiraopreto.com.br\/wp-content\/uploads\/2024\/06\/2023-01-04_20-17_companyLogoUrl.jpg?fit=450%2C450&ssl=1&resize=350%2C200","width":350,"height":200},"classes":[]},{"id":55747,"url":"https:\/\/noticiasribeiraopreto.com.br\/index.php\/2024\/08\/06\/vagas-de-empregos-no-assai-para-trabalhar-em-ribeirao-preto-sp-7\/","url_meta":{"origin":13498,"position":1},"title":"Vagas de empregos no Assa\u00ed para trabalhar em Ribeir\u00e3o Preto-SP","author":"noticiasribeiraopreto.com.br","date":"6 de August de 2024","format":false,"excerpt":"Assa\u00ed Atacadista #VemserAssa\u00edHey, voc\u00ea!J\u00e1 pensou em trabalhar em uma empresa com mais de\u00a049 anos de tradi\u00e7\u00e3o, que est\u00e1 em expans\u00e3o acelerada e \u00e9 uma das\u00a0Marcas Mais Valiosas do Brasil, segundo a Interbrand?Mas primeiro, deixa a gente se apresentar: somos o\u00a0Assa\u00ed Atacadista\u00a0e estamos em busca de profissionais como voc\u00ea! Queremos fortalecer\u2026","rel":"","context":"In &quot;Vagas de Emprego em Ribeir\u00e3o Preto-SP&quot;","block_context":{"text":"Vagas de Emprego em Ribeir\u00e3o Preto-SP","link":"https:\/\/noticiasribeiraopreto.com.br\/index.php\/category\/empregos-classificados-vagas-trabalho\/vagas-de-empregos-em-ribeirao-preto-regiao-brasil\/"},"img":{"alt_text":"","src":"https:\/\/i0.wp.com\/noticiasribeiraopreto.com.br\/wp-content\/uploads\/2024\/08\/2023-01-04_20-17_companyLogoUrl.jpg?fit=450%2C450&ssl=1&resize=350%2C200","width":350,"height":200},"classes":[]},{"id":48248,"url":"https:\/\/noticiasribeiraopreto.com.br\/index.php\/2024\/05\/01\/vagas-de-empregos-no-assai-para-trabalhar-em-ribeirao-preto-sp-3\/","url_meta":{"origin":13498,"position":2},"title":"Vagas de empregos no Assa\u00ed para trabalhar em Ribeir\u00e3o Preto-SP","author":"noticiasribeiraopreto.com.br","date":"1 de May de 2024","format":false,"excerpt":"Assa\u00ed AtacadistaSelo de Feedback #VemserAssa\u00edHey, voc\u00ea!J\u00e1 pensou em trabalhar em uma empresa com mais de\u00a049 anos de tradi\u00e7\u00e3o, que est\u00e1 em expans\u00e3o acelerada e \u00e9 uma das\u00a0Marcas Mais Valiosas do Brasil, segundo a Interbrand?Mas primeiro, deixa a gente se apresentar: somos o\u00a0Assa\u00ed Atacadista\u00a0e estamos em busca de profissionais como voc\u00ea!\u2026","rel":"","context":"In &quot;Vagas de Emprego em Ribeir\u00e3o Preto-SP&quot;","block_context":{"text":"Vagas de Emprego em Ribeir\u00e3o Preto-SP","link":"https:\/\/noticiasribeiraopreto.com.br\/index.php\/category\/empregos-classificados-vagas-trabalho\/vagas-de-empregos-em-ribeirao-preto-regiao-brasil\/"},"img":{"alt_text":"","src":"https:\/\/i0.wp.com\/noticiasribeiraopreto.com.br\/wp-content\/uploads\/2024\/05\/2023-01-04_20-17_companyLogoUrl.jpg?fit=450%2C450&ssl=1&resize=350%2C200","width":350,"height":200},"classes":[]},{"id":51384,"url":"https:\/\/noticiasribeiraopreto.com.br\/index.php\/2024\/05\/25\/vagas-de-empregos-no-assai-para-trabalhar-em-ribeirao-preto-sp-4\/","url_meta":{"origin":13498,"position":3},"title":"Vagas de empregos no Assa\u00ed para trabalhar em Ribeir\u00e3o Preto-SP","author":"noticiasribeiraopreto.com.br","date":"25 de May de 2024","format":false,"excerpt":"Assa\u00ed AtacadistaSelo de Feedback #VemserAssa\u00edHey, voc\u00ea!J\u00e1 pensou em trabalhar em uma empresa com mais de\u00a049 anos de tradi\u00e7\u00e3o, que est\u00e1 em expans\u00e3o acelerada e \u00e9 uma das\u00a0Marcas Mais Valiosas do Brasil, segundo a Interbrand?Mas primeiro, deixa a gente se apresentar: somos o\u00a0Assa\u00ed Atacadista\u00a0e estamos em busca de profissionais como voc\u00ea!\u2026","rel":"","context":"In &quot;Vagas de Emprego em Ribeir\u00e3o Preto-SP&quot;","block_context":{"text":"Vagas de Emprego em Ribeir\u00e3o Preto-SP","link":"https:\/\/noticiasribeiraopreto.com.br\/index.php\/category\/empregos-classificados-vagas-trabalho\/vagas-de-empregos-em-ribeirao-preto-regiao-brasil\/"},"img":{"alt_text":"","src":"https:\/\/i0.wp.com\/noticiasribeiraopreto.com.br\/wp-content\/uploads\/2024\/05\/1716674054_2023-01-04_20-17_companyLogoUrl.jpg?fit=450%2C450&ssl=1&resize=350%2C200","width":350,"height":200},"classes":[]},{"id":42666,"url":"https:\/\/noticiasribeiraopreto.com.br\/index.php\/2024\/03\/15\/13-vagas-em-ribeirao-preto-sp\/","url_meta":{"origin":13498,"position":4},"title":"13 vagas em Ribeir\u00e3o Preto\/SP","author":"noticiasribeiraopreto.com.br","date":"15 de March de 2024","format":false,"excerpt":"13 vagas em Ribeir\u00e3o Preto\/SPAnalista financeiroRibeir\u00e3o Preto, SPSal\u00e1rioA combinarContratoCLT (Efetivo)Lancamento de nfs, fluxo de caixa etc balancos semanais e mensais apoio a todas areas da empresa conhecimento em contratosProjetista IndustrialRibeir\u00e3o Preto, SPSal\u00e1rioA combinarContratoCLT (Efetivo)Estamos em busca de um Projetista Industrial para nossa equipe. Responsabilidades: - Projetar maquinas - Projetar tanques\u2026","rel":"","context":"In &quot;Vagas de Emprego em Ribeir\u00e3o Preto-SP&quot;","block_context":{"text":"Vagas de Emprego em Ribeir\u00e3o Preto-SP","link":"https:\/\/noticiasribeiraopreto.com.br\/index.php\/category\/empregos-classificados-vagas-trabalho\/vagas-de-empregos-em-ribeirao-preto-regiao-brasil\/"},"img":{"alt_text":"","src":"https:\/\/i0.wp.com\/noticiasribeiraopreto.com.br\/wp-content\/uploads\/2024\/03\/1710541750_a3e97088f30f8acd4c21ea69ffbecb43.jpg?fit=1080%2C981&ssl=1&resize=350%2C200","width":350,"height":200,"srcset":"https:\/\/i0.wp.com\/noticiasribeiraopreto.com.br\/wp-content\/uploads\/2024\/03\/1710541750_a3e97088f30f8acd4c21ea69ffbecb43.jpg?fit=1080%2C981&ssl=1&resize=350%2C200 1x, https:\/\/i0.wp.com\/noticiasribeiraopreto.com.br\/wp-content\/uploads\/2024\/03\/1710541750_a3e97088f30f8acd4c21ea69ffbecb43.jpg?fit=1080%2C981&ssl=1&resize=525%2C300 1.5x, https:\/\/i0.wp.com\/noticiasribeiraopreto.com.br\/wp-content\/uploads\/2024\/03\/1710541750_a3e97088f30f8acd4c21ea69ffbecb43.jpg?fit=1080%2C981&ssl=1&resize=700%2C400 2x, https:\/\/i0.wp.com\/noticiasribeiraopreto.com.br\/wp-content\/uploads\/2024\/03\/1710541750_a3e97088f30f8acd4c21ea69ffbecb43.jpg?fit=1080%2C981&ssl=1&resize=1050%2C600 3x"},"classes":[]},{"id":13535,"url":"https:\/\/noticiasribeiraopreto.com.br\/index.php\/2023\/12\/10\/adimax-oferece-empregos-em-sp-go-ba-pr-e-mais\/","url_meta":{"origin":13498,"position":5},"title":"Adimax OFERECE EMPREGOS em SP, GO, BA, PR e mais!","author":"noticiasribeiraopreto.com.br","date":"10 de December de 2023","format":false,"excerpt":"A Adimax, companhia que visa promover o bem-estar animal atrav\u00e9s de alimentos com alto padr\u00e3o de qualidade para c\u00e3es e gatos, est\u00e1 com in\u00fameras possibilidades de emprego abertas pelo pa\u00eds. Isto \u00e9, caso esteja na busca por uma recoloca\u00e7\u00e3o profissional, veja quais s\u00e3o as vagas dispon\u00edveis: Ajudante de Motorista \u2013\u2026","rel":"","context":"In &quot;Vagas de Emprego em Ribeir\u00e3o Preto-SP&quot;","block_context":{"text":"Vagas de Emprego em Ribeir\u00e3o Preto-SP","link":"https:\/\/noticiasribeiraopreto.com.br\/index.php\/category\/empregos-classificados-vagas-trabalho\/vagas-de-empregos-em-ribeirao-preto-regiao-brasil\/"},"img":{"alt_text":"","src":"https:\/\/i0.wp.com\/noticiasribeiraopreto.com.br\/wp-content\/uploads\/2023\/12\/noticiasconcursos.com_.br-adimax-pet-abre-vagas-de-emprego-pelo-pais-adimax-pet.png?fit=800%2C600&ssl=1&resize=350%2C200","width":350,"height":200,"srcset":"https:\/\/i0.wp.com\/noticiasribeiraopreto.com.br\/wp-content\/uploads\/2023\/12\/noticiasconcursos.com_.br-adimax-pet-abre-vagas-de-emprego-pelo-pais-adimax-pet.png?fit=800%2C600&ssl=1&resize=350%2C200 1x, https:\/\/i0.wp.com\/noticiasribeiraopreto.com.br\/wp-content\/uploads\/2023\/12\/noticiasconcursos.com_.br-adimax-pet-abre-vagas-de-emprego-pelo-pais-adimax-pet.png?fit=800%2C600&ssl=1&resize=525%2C300 1.5x, https:\/\/i0.wp.com\/noticiasribeiraopreto.com.br\/wp-content\/uploads\/2023\/12\/noticiasconcursos.com_.br-adimax-pet-abre-vagas-de-emprego-pelo-pais-adimax-pet.png?fit=800%2C600&ssl=1&resize=700%2C400 2x"},"classes":[]}],"jetpack_sharing_enabled":true,"jetpack_shortlink":"https:\/\/wp.me\/peQAOb-3vI","_links":{"self":[{"href":"https:\/\/noticiasribeiraopreto.com.br\/index.php\/wp-json\/wp\/v2\/posts\/13498","targetHints":{"allow":["GET"]}}],"collection":[{"href":"https:\/\/noticiasribeiraopreto.com.br\/index.php\/wp-json\/wp\/v2\/posts"}],"about":[{"href":"https:\/\/noticiasribeiraopreto.com.br\/index.php\/wp-json\/wp\/v2\/types\/post"}],"author":[{"embeddable":true,"href":"https:\/\/noticiasribeiraopreto.com.br\/index.php\/wp-json\/wp\/v2\/users\/1"}],"replies":[{"embeddable":true,"href":"https:\/\/noticiasribeiraopreto.com.br\/index.php\/wp-json\/wp\/v2\/comments?post=13498"}],"version-history":[{"count":0,"href":"https:\/\/noticiasribeiraopreto.com.br\/index.php\/wp-json\/wp\/v2\/posts\/13498\/revisions"}],"wp:featuredmedia":[{"embeddable":true,"href":"https:\/\/noticiasribeiraopreto.com.br\/index.php\/wp-json\/wp\/v2\/media\/13499"}],"wp:attachment":[{"href":"https:\/\/noticiasribeiraopreto.com.br\/index.php\/wp-json\/wp\/v2\/media?parent=13498"}],"wp:term":[{"taxonomy":"category","embeddable":true,"href":"https:\/\/noticiasribeiraopreto.com.br\/index.php\/wp-json\/wp\/v2\/categories?post=13498"},{"taxonomy":"post_tag","embeddable":true,"href":"https:\/\/noticiasribeiraopreto.com.br\/index.php\/wp-json\/wp\/v2\/tags?post=13498"}],"curies":[{"name":"wp","href":"https:\/\/api.w.org\/{rel}","templated":true}]}}