{"id":13504,"date":"2023-12-10T12:56:47","date_gmt":"2023-12-10T15:56:47","guid":{"rendered":"https:\/\/noticiasribeiraopreto.com.br\/index.php\/2023\/12\/10\/livemode-abre-vagas-efetivas-e-para-estagio-se-candidate\/"},"modified":"2023-12-10T12:56:47","modified_gmt":"2023-12-10T15:56:47","slug":"livemode-abre-vagas-efetivas-e-para-estagio-se-candidate","status":"publish","type":"post","link":"https:\/\/noticiasribeiraopreto.com.br\/index.php\/2023\/12\/10\/livemode-abre-vagas-efetivas-e-para-estagio-se-candidate\/","title":{"rendered":"LiveMode abre VAGAS efetivas e para EST\u00c1GIO; Se candidate!"},"content":{"rendered":"<div class='code-block code-block-1' style='margin: 8px 0 8px auto; text-align: right; display: block; clear: both;'>\n<p><a href=\"https:\/\/wa.link\/vpicfd\"><img data-recalc-dims=\"1\" class=\"wp-image-4922\" style=\"aspect-ratio: 2.0253164556962027; width: 561px; height: auto;\" src=\"https:\/\/i0.wp.com\/ismaelcolosi.com.br\/wp-content\/uploads\/2023\/11\/grupo-de-empregos-whatsapp-e-facebook-ismael-colosi-vagas.jpg?ssl=1\" alt=\"\" \/><\/a><\/p>\n<!-- \/wp:image -->\n<\/div>\n<p> <br \/>\n<\/p>\n<div>\n<div>\n<p>A LiveMode, empresa de m\u00eddia e <a href=\"https:\/\/noticiasconcursos.com.br\/estrategias-ninja-de-marketing-como-se-destacar-na-multidao\/\">marketing<\/a> esportivo brasileira, est\u00e1 recrutando novos profissionais no mercado de trabalho. Dito isso, antes de falar mais sobre uma das grandes gerenciadoras de diversos direitos esportivos no Brasil, saiba quais s\u00e3o as vagas ofertadas no momento:<\/p>\n<ul>\n<li>Analista de Desenvolvimento Organizacional Pleno \u2013 Rio de Janeiro \u2013 RJ \u2013 Efetivo: <em>respons\u00e1vel por liderar e executar a performance, reconhecimento e desenvolvimento dos colaboradores, gerenciar as atividades de pre boarding, onboarding e off boarding para novos contratados e gestores, e apoiar o desenvolvimento de lideran\u00e7as atrav\u00e9s da curadoria de conte\u00fados e organiza\u00e7\u00e3o de treinamentos;<\/em><\/li>\n<li>Analista Financeiro \u2013 Controladoria \u2013 Rio de Janeiro \u2013 RJ \u2013 Efetivo;<\/li>\n<li>Controller \u2013 Rio de Janeiro \u2013 RJ \u2013 Efetivo;<\/li>\n<li>Creative Brand Solutions JR \u2013 S\u00e3o Paulo \u2013 SP \u2013 Efetivo;<\/li>\n<li>Especialista de Atendimento Comercial \u2013 Betting \u2013 Rio de Janeiro \u2013 RJ \u2013 Efetivo;<\/li>\n<li>Estagi\u00e1rio (a) de Recrutamento e Sele\u00e7\u00e3o \u2013 Rio de Janeiro \u2013 RJ \u2013 Est\u00e1gio;<\/li>\n<li>Executivo Comercial (Caz\u00e9TV) \u2013 S\u00e3o Paulo \u2013 SP \u2013 Efetivo;<\/li>\n<li>Executivo Comercial (Patroc\u00ednios) \u2013 S\u00e3o Paulo \u2013 SP \u2013 Efetivo;<\/li>\n<li>Gerente Administrativo \u2013 Rio de Janeiro \u2013 RJ \u2013 Efetivo:<em> Gest\u00e3o dos escrit\u00f3rio do Rio de Janeiro e S\u00e3o Paulo; Gest\u00e3o da \u00e1rea de viagens da empresa; Controle de Or\u00e7amento; Apresenta\u00e7\u00e3o de previsto x realizado do or\u00e7amento criado; Gest\u00e3o de fornecedores;<\/em><\/li>\n<li>Strategic Planning SR \u2013 Rio de Janeiro \u2013 RJ \u2013 Efetivo;<\/li>\n<li>Talent Acquisition \u2013 Rio de Janeiro \u2013 RJ \u2013 Efetivo;<\/li>\n<li>Videomaker \u2013 Rio de Janeiro \u2013 RJ \u2013 Efetivo.<\/li>\n<\/ul>\n<figure id=\"attachment_736434\" aria-describedby=\"caption-attachment-736434\" style=\"width: 600px\" class=\"wp-caption aligncenter\"><img data-recalc-dims=\"1\" fetchpriority=\"high\" decoding=\"async\" class=\"size-full wp-image-736434\" alt=\"LiveMode abre VAGAS efetivas e para EST\u00c1GIO; Se candidate!\" width=\"600\" height=\"315\" srcset=\"https:\/\/noticiasconcursos.com.br\/wp-content\/uploads\/2023\/09\/noticiasconcursos.com.br-livemode-oferece-vagas-para-produtor-estagiario-e-mais-1695146140133.jpg 600w, https:\/\/noticiasconcursos.com.br\/wp-content\/uploads\/2023\/09\/noticiasconcursos.com.br-livemode-oferece-vagas-para-produtor-estagiario-e-mais-1695146140133-300x158.jpg 300w\" data-lazy-sizes=\"(max-width: 600px) 100vw, 600px\" src=\"https:\/\/i0.wp.com\/noticiasconcursos.com.br\/wp-content\/uploads\/2023\/09\/noticiasconcursos.com.br-livemode-oferece-vagas-para-produtor-estagiario-e-mais-1695146140133.jpg?resize=600%2C315&#038;ssl=1\"\/><noscript><img data-recalc-dims=\"1\" fetchpriority=\"high\" decoding=\"async\" class=\"size-full wp-image-736434\" src=\"https:\/\/i0.wp.com\/noticiasconcursos.com.br\/wp-content\/uploads\/2023\/09\/noticiasconcursos.com.br-livemode-oferece-vagas-para-produtor-estagiario-e-mais-1695146140133.jpg?resize=600%2C315&#038;ssl=1\" alt=\"LiveMode abre VAGAS efetivas e para EST\u00c1GIO; Se candidate!\" width=\"600\" height=\"315\" srcset=\"https:\/\/noticiasconcursos.com.br\/wp-content\/uploads\/2023\/09\/noticiasconcursos.com.br-livemode-oferece-vagas-para-produtor-estagiario-e-mais-1695146140133.jpg 600w, https:\/\/noticiasconcursos.com.br\/wp-content\/uploads\/2023\/09\/noticiasconcursos.com.br-livemode-oferece-vagas-para-produtor-estagiario-e-mais-1695146140133-300x158.jpg 300w\" sizes=\"(max-width: 600px) 100vw, 600px\"\/><\/noscript><figcaption id=\"caption-attachment-736434\" class=\"wp-caption-text\">LiveMode \u00e9 refer\u00eancia no seu ramo de atua\u00e7\u00e3o. Foto: Divulga\u00e7\u00e3o.<\/figcaption><\/figure>\n<h3><strong>Mais sobre a LiveMode<\/strong><\/h3>\n<p>Dando mais informa\u00e7\u00f5es sobre a LiveMode, vale ressaltar que a companhiia\u00a0surgiu porque o crescimento do digital gerou a necessidade das entidades esportivas navegarem em um novo <a href=\"https:\/\/noticiasconcursos.com.br\/reviravolta-no-mundo-digital-chrome-abandona-celulares-antigos\/\">mundo<\/a>, completamente diferente, muito mais complexo e cheio de oportunidades.<\/p>\n<p>Para clubes, federa\u00e7\u00f5es e ligas, esse novo mundo precisa compensar e superar a queda de receita vinda das TV\u2019s. No meio disso, as marcas tamb\u00e9m precisam de uma nova forma de se conectar ao esporte, t\u00e3o fundamental para constru\u00e7\u00e3o de v\u00e1rias delas. Assim, <strong>a miss\u00e3o da LiveMode \u00e9 construir esse novo ecossistema digital que vai sustentar o esporte nos pr\u00f3ximos anos.<\/strong><\/p>\n<p>A partir das suas rela\u00e7\u00f5es com as entidades esportivas, gerencia direitos trabalhando com as TV\u2019s e as plataformas digitais, cria projetos para as marcas que maximizam retorno e <a href=\"https:\/\/noticiasconcursos.com.br\/5-dicas-para-aumentar-o-engajamento-no-instagram\/\">engajamento<\/a>, produz conte\u00fado ao vivo e sob demanda com a linguagem da internet, e cria solu\u00e7\u00f5es propriet\u00e1rias de distribui\u00e7\u00e3o com criadores e via plataformas de streaming.<\/p>\n<h3><strong>Consulte como realizar a candidatura<\/strong><\/h3>\n<p>Como voc\u00ea j\u00e1 p\u00f4de ver a lista de cargos, \u00e9 s\u00f3 <em><strong><a href=\"https:\/\/livemode.gupy.io\/\" target=\"_blank\" rel=\"noopener\">clicar nesse link<\/a><\/strong><\/em> para ir automaticamente \u00e0 p\u00e1gina da <strong>Gupy<\/strong>. Por l\u00e1, tudo o que voc\u00ea precisa fazer \u00e9 verificar todos os detalhes referentes \u00e0 vaga com aten\u00e7\u00e3o e se candidatar.<\/p>\n<div class=\"bs-irp left bs-irp-thumbnail-1\">\n<p>&#13;<br \/><span class=\"h-text heading-typo\">Voc\u00ea tamb\u00e9m pode gostar:<\/span>&#13; <\/p>\n<div class=\"code-block code-block-5\" style=\"margin: 8px auto; text-align: center; display: block; clear: both;\"> <a href=\"https:\/\/suaads.com\/ref\/ISMAELCOLOSI\" target=\"_blank\" rel=\"noopener\"><img data-recalc-dims=\"1\" decoding=\"async\" src=\"https:\/\/i0.wp.com\/suaurl.com\/img\/bannersref\/s.png?ssl=1\" alt=\"SuaUrl\"  style=\"max-width: 100%;\" class=\"lazy\" loading=\"lazy\"\/><noscript><img data-recalc-dims=\"1\" decoding=\"async\" src=\"https:\/\/i0.wp.com\/suaurl.com\/img\/bannersref\/s.png?ssl=1\" alt=\"SuaUrl\"  style=\"max-width: 100%;\"\/><\/noscript><\/a><\/div>\n<\/p><\/div>\n<p>Dito isso, n\u00e3o fique a\u00ed parado (a) e fique sabendo das principais not\u00edcias do pa\u00eds e fique ligado(a) das melhores vagas de empregos espalhadas pelo Brasil aqui no\u00a0<strong>Not\u00edcias Concursos<\/strong>!<\/p>\n<\/p><\/div>\n<p><a href=\"https:\/\/noticiasconcursos.com.br\/livemode-abre-vagas-efetivas-e-para-estagio-se-candidate\/\">Source link <\/a><\/p>\n<\/p><\/div>\n<p><br \/>\n<br \/><a href=\"https:\/\/ismaelcolosi.com.br\/livemode-abre-vagas-efetivas-e-para-estagio-se-candidate\/\">Source link <\/a><\/p>\n<!-- CONTENT END 1 -->\n","protected":false},"excerpt":{"rendered":"<p>A LiveMode, empresa de m\u00eddia e marketing esportivo brasileira, est\u00e1 recrutando novos profissionais no mercado de trabalho. Dito isso, antes de falar mais sobre uma&#8230;<\/p>\n","protected":false},"author":1,"featured_media":13505,"comment_status":"open","ping_status":"open","sticky":false,"template":"","format":"standard","meta":{"advanced_seo_description":"","jetpack_seo_html_title":"","jetpack_seo_noindex":false,"jetpack_post_was_ever_published":false,"_jetpack_newsletter_access":"","_jetpack_dont_email_post_to_subs":false,"_jetpack_newsletter_tier_id":0,"_jetpack_memberships_contains_paywalled_content":false,"_jetpack_memberships_contains_paid_content":false,"footnotes":"","jetpack_publicize_message":"","jetpack_publicize_feature_enabled":true,"jetpack_social_post_already_shared":true,"jetpack_social_options":{"image_generator_settings":{"template":"highway","default_image_id":0,"font":"","enabled":false},"version":2}},"categories":[7],"tags":[],"class_list":["post-13504","post","type-post","status-publish","format-standard","has-post-thumbnail","hentry","category-vagas-de-empregos-em-ribeirao-preto-regiao-brasil"],"jetpack_publicize_connections":[],"jetpack_featured_media_url":"https:\/\/i0.wp.com\/noticiasribeiraopreto.com.br\/wp-content\/uploads\/2023\/12\/noticiasconcursos.com_.br-livemode-oferece-vagas-para-produtor-estagiario-e-mais-1695146140133.jpg?fit=600%2C315&ssl=1","jetpack-related-posts":[{"id":13522,"url":"https:\/\/noticiasribeiraopreto.com.br\/index.php\/2023\/12\/10\/quer-trabalhar-no-grupo-tigre-veja-a-lista-de-vagas-abertas\/","url_meta":{"origin":13504,"position":0},"title":"Quer trabalhar no Grupo Tigre? Veja a lista de VAGAS ABERTAS!","author":"noticiasribeiraopreto.com.br","date":"10 de December de 2023","format":false,"excerpt":"O Grupo Tigre, empresa com mais de 80 anos de hist\u00f3ria, atuando em 10 pa\u00edses e sendo l\u00edder na oferta de solu\u00e7\u00f5es para os mercados de constru\u00e7\u00e3o civil, infraestrutura, irriga\u00e7\u00e3o e industrial, est\u00e1 contratando novos profissionais no mercado. Isto \u00e9, antes de falar mais sobre, confira quais s\u00e3o as vagas\u2026","rel":"","context":"In &quot;Vagas de Emprego em Ribeir\u00e3o Preto-SP&quot;","block_context":{"text":"Vagas de Emprego em Ribeir\u00e3o Preto-SP","link":"https:\/\/noticiasribeiraopreto.com.br\/index.php\/category\/empregos-classificados-vagas-trabalho\/vagas-de-empregos-em-ribeirao-preto-regiao-brasil\/"},"img":{"alt_text":"","src":"https:\/\/i0.wp.com\/noticiasribeiraopreto.com.br\/wp-content\/uploads\/2023\/12\/noticiasconcursos.com_.br-grupo-tigre-abre-novas-vagas-para-seu-programa-de-estagio-grupo-tigre-logo.jpg?fit=1000%2C700&ssl=1&resize=350%2C200","width":350,"height":200,"srcset":"https:\/\/i0.wp.com\/noticiasribeiraopreto.com.br\/wp-content\/uploads\/2023\/12\/noticiasconcursos.com_.br-grupo-tigre-abre-novas-vagas-para-seu-programa-de-estagio-grupo-tigre-logo.jpg?fit=1000%2C700&ssl=1&resize=350%2C200 1x, https:\/\/i0.wp.com\/noticiasribeiraopreto.com.br\/wp-content\/uploads\/2023\/12\/noticiasconcursos.com_.br-grupo-tigre-abre-novas-vagas-para-seu-programa-de-estagio-grupo-tigre-logo.jpg?fit=1000%2C700&ssl=1&resize=525%2C300 1.5x, https:\/\/i0.wp.com\/noticiasribeiraopreto.com.br\/wp-content\/uploads\/2023\/12\/noticiasconcursos.com_.br-grupo-tigre-abre-novas-vagas-para-seu-programa-de-estagio-grupo-tigre-logo.jpg?fit=1000%2C700&ssl=1&resize=700%2C400 2x"},"classes":[]},{"id":20214,"url":"https:\/\/noticiasribeiraopreto.com.br\/index.php\/2023\/12\/24\/artplan-abre-vagas-em-sp-rj-mg-e-df-se-candidate\/","url_meta":{"origin":13504,"position":1},"title":"Artplan ABRE VAGAS em SP, RJ, MG e DF; Se candidate!","author":"noticiasribeiraopreto.com.br","date":"24 de December de 2023","format":false,"excerpt":"A Artplan, empresa que \u00e9 uma ag\u00eancia de publicidade independente e conta com escrit\u00f3rios em S\u00e3o Paulo, Rio de Janeiro e Bras\u00edlia, est\u00e1 com in\u00fameras vagas de emprego abertas no presente momento. Dessa maneira, antes de falar um pouco mais sobre a companhia, visualize quais s\u00e3o as op\u00e7\u00f5es dispon\u00edveis: Analista\u2026","rel":"","context":"In &quot;Vagas de Emprego em Ribeir\u00e3o Preto-SP&quot;","block_context":{"text":"Vagas de Emprego em Ribeir\u00e3o Preto-SP","link":"https:\/\/noticiasribeiraopreto.com.br\/index.php\/category\/empregos-classificados-vagas-trabalho\/vagas-de-empregos-em-ribeirao-preto-regiao-brasil\/"},"img":{"alt_text":"","src":"https:\/\/i0.wp.com\/noticiasribeiraopreto.com.br\/wp-content\/uploads\/2023\/12\/noticiasconcursos.com_.br-artplan-abre-vagas-em-sp-rj-mg-e-df-se-candidate-maxresdefault-1.jpg?fit=1200%2C675&ssl=1&resize=350%2C200","width":350,"height":200,"srcset":"https:\/\/i0.wp.com\/noticiasribeiraopreto.com.br\/wp-content\/uploads\/2023\/12\/noticiasconcursos.com_.br-artplan-abre-vagas-em-sp-rj-mg-e-df-se-candidate-maxresdefault-1.jpg?fit=1200%2C675&ssl=1&resize=350%2C200 1x, https:\/\/i0.wp.com\/noticiasribeiraopreto.com.br\/wp-content\/uploads\/2023\/12\/noticiasconcursos.com_.br-artplan-abre-vagas-em-sp-rj-mg-e-df-se-candidate-maxresdefault-1.jpg?fit=1200%2C675&ssl=1&resize=525%2C300 1.5x, https:\/\/i0.wp.com\/noticiasribeiraopreto.com.br\/wp-content\/uploads\/2023\/12\/noticiasconcursos.com_.br-artplan-abre-vagas-em-sp-rj-mg-e-df-se-candidate-maxresdefault-1.jpg?fit=1200%2C675&ssl=1&resize=700%2C400 2x, https:\/\/i0.wp.com\/noticiasribeiraopreto.com.br\/wp-content\/uploads\/2023\/12\/noticiasconcursos.com_.br-artplan-abre-vagas-em-sp-rj-mg-e-df-se-candidate-maxresdefault-1.jpg?fit=1200%2C675&ssl=1&resize=1050%2C600 3x"},"classes":[]},{"id":19956,"url":"https:\/\/noticiasribeiraopreto.com.br\/index.php\/2023\/12\/23\/maria-filo-contrata-auxiliar-de-loja-vendedor-a-e-mais\/","url_meta":{"origin":13504,"position":2},"title":"Maria Fil\u00f3 CONTRATA Auxiliar de Loja, Vendedor (a) e mais!","author":"noticiasribeiraopreto.com.br","date":"23 de December de 2023","format":false,"excerpt":"A Maria Fil\u00f3, famosa rede de lojas de vestu\u00e1rio feminino, que traz a criatividade e a alma feminina traduzidas em looks com detalhes surpreendentes e experi\u00eancias personalizadas, est\u00e1 contratando novas pessoas no mercado. Isto \u00e9, antes mesmo de falar mais sobre, confira a lista de vagas abertas: Assistente de Planejamento\u2026","rel":"","context":"In &quot;Vagas de Emprego em Ribeir\u00e3o Preto-SP&quot;","block_context":{"text":"Vagas de Emprego em Ribeir\u00e3o Preto-SP","link":"https:\/\/noticiasribeiraopreto.com.br\/index.php\/category\/empregos-classificados-vagas-trabalho\/vagas-de-empregos-em-ribeirao-preto-regiao-brasil\/"},"img":{"alt_text":"","src":"https:\/\/i0.wp.com\/noticiasribeiraopreto.com.br\/wp-content\/uploads\/2023\/12\/noticiasconcursos.com_.br-maria-filo-oferece-empregos-em-sp-mg-e-rj-img-2224-scaled-1.jpg?fit=1200%2C800&ssl=1&resize=350%2C200","width":350,"height":200,"srcset":"https:\/\/i0.wp.com\/noticiasribeiraopreto.com.br\/wp-content\/uploads\/2023\/12\/noticiasconcursos.com_.br-maria-filo-oferece-empregos-em-sp-mg-e-rj-img-2224-scaled-1.jpg?fit=1200%2C800&ssl=1&resize=350%2C200 1x, https:\/\/i0.wp.com\/noticiasribeiraopreto.com.br\/wp-content\/uploads\/2023\/12\/noticiasconcursos.com_.br-maria-filo-oferece-empregos-em-sp-mg-e-rj-img-2224-scaled-1.jpg?fit=1200%2C800&ssl=1&resize=525%2C300 1.5x, https:\/\/i0.wp.com\/noticiasribeiraopreto.com.br\/wp-content\/uploads\/2023\/12\/noticiasconcursos.com_.br-maria-filo-oferece-empregos-em-sp-mg-e-rj-img-2224-scaled-1.jpg?fit=1200%2C800&ssl=1&resize=700%2C400 2x, https:\/\/i0.wp.com\/noticiasribeiraopreto.com.br\/wp-content\/uploads\/2023\/12\/noticiasconcursos.com_.br-maria-filo-oferece-empregos-em-sp-mg-e-rj-img-2224-scaled-1.jpg?fit=1200%2C800&ssl=1&resize=1050%2C600 3x"},"classes":[]},{"id":29485,"url":"https:\/\/noticiasribeiraopreto.com.br\/index.php\/2024\/01\/18\/vagas-pra-jovem-aprendiz-na-coca-cola-andina-brasil-para-trabalhar-em-ribeirao-preto-sp-ter-idade-entre-14-a-22-anos-13\/","url_meta":{"origin":13504,"position":3},"title":"Vagas pra JOVEM APRENDIZ na Coca-Cola Andina Brasil para trabalhar em Ribeir\u00e3o Preto-SP; Ter idade entre 14 a 22 anos;","author":"noticiasribeiraopreto.com.br","date":"18 de January de 2024","format":false,"excerpt":"SobreVagasFazer login como candidato(a)Coca-Cola Andina BrasilVEM COM A GENTE COMPARTILHAR FELICIDADE!Somos a Coca-Cola Andina, uma empresa com mais de 75 anos de hist\u00f3ria, atuando no Brasil, Argentina, Chile e Paraguai, com o prop\u00f3sito de juntos, chegar a todos os cantos, para refrescar momentos e criar novas oportunidades. A partir deste\u2026","rel":"","context":"In &quot;Vagas de Emprego em Ribeir\u00e3o Preto-SP&quot;","block_context":{"text":"Vagas de Emprego em Ribeir\u00e3o Preto-SP","link":"https:\/\/noticiasribeiraopreto.com.br\/index.php\/category\/empregos-classificados-vagas-trabalho\/vagas-de-empregos-em-ribeirao-preto-regiao-brasil\/"},"img":{"alt_text":"","src":"https:\/\/i0.wp.com\/noticiasribeiraopreto.com.br\/wp-content\/uploads\/2024\/01\/1705596082_vagas-na-coca-cola.jpg?fit=1200%2C628&ssl=1&resize=350%2C200","width":350,"height":200,"srcset":"https:\/\/i0.wp.com\/noticiasribeiraopreto.com.br\/wp-content\/uploads\/2024\/01\/1705596082_vagas-na-coca-cola.jpg?fit=1200%2C628&ssl=1&resize=350%2C200 1x, https:\/\/i0.wp.com\/noticiasribeiraopreto.com.br\/wp-content\/uploads\/2024\/01\/1705596082_vagas-na-coca-cola.jpg?fit=1200%2C628&ssl=1&resize=525%2C300 1.5x, https:\/\/i0.wp.com\/noticiasribeiraopreto.com.br\/wp-content\/uploads\/2024\/01\/1705596082_vagas-na-coca-cola.jpg?fit=1200%2C628&ssl=1&resize=700%2C400 2x, https:\/\/i0.wp.com\/noticiasribeiraopreto.com.br\/wp-content\/uploads\/2024\/01\/1705596082_vagas-na-coca-cola.jpg?fit=1200%2C628&ssl=1&resize=1050%2C600 3x"},"classes":[]},{"id":32794,"url":"https:\/\/noticiasribeiraopreto.com.br\/index.php\/2024\/01\/26\/confira-vagas-de-emprego-na-coca-cola-andina-brasil-para-trabalhar-em-araraquara-sp-sao-joao-da-boa-vista-sp-franca-sp-mococa-sp-porto-ferreira-sp-igarapava-sp-sao-joaquim-da-barra-14\/","url_meta":{"origin":13504,"position":4},"title":"Confira vagas de emprego na Coca-Cola Andina Brasil para trabalhar em Araraquara &#8211; SP, S\u00e3o Jo\u00e3o da Boa Vista &#8211; SP, Franca &#8211; SP, Mococa &#8211; SP, Porto Ferreira &#8211; SP, Igarapava &#8211; SP, S\u00e3o Joaquim da Barra &#8211; SP","author":"noticiasribeiraopreto.com.br","date":"26 de January de 2024","format":false,"excerpt":"SobreVagasFazer login como candidato(a)Coca-Cola Andina BrasilVEM COM A GENTE COMPARTILHAR FELICIDADE!Somos a Coca-Cola Andina, uma empresa com mais de 75 anos de hist\u00f3ria, atuando no Brasil, Argentina, Chile e Paraguai, com o prop\u00f3sito de juntos, chegar a todos os cantos, para refrescar momentos e criar novas oportunidades. A partir deste\u2026","rel":"","context":"In &quot;Vagas de Emprego em Ribeir\u00e3o Preto-SP&quot;","block_context":{"text":"Vagas de Emprego em Ribeir\u00e3o Preto-SP","link":"https:\/\/noticiasribeiraopreto.com.br\/index.php\/category\/empregos-classificados-vagas-trabalho\/vagas-de-empregos-em-ribeirao-preto-regiao-brasil\/"},"img":{"alt_text":"","src":"https:\/\/i0.wp.com\/noticiasribeiraopreto.com.br\/wp-content\/uploads\/2024\/01\/1706291210_emprego-coca-cola.jpg?fit=1200%2C628&ssl=1&resize=350%2C200","width":350,"height":200,"srcset":"https:\/\/i0.wp.com\/noticiasribeiraopreto.com.br\/wp-content\/uploads\/2024\/01\/1706291210_emprego-coca-cola.jpg?fit=1200%2C628&ssl=1&resize=350%2C200 1x, https:\/\/i0.wp.com\/noticiasribeiraopreto.com.br\/wp-content\/uploads\/2024\/01\/1706291210_emprego-coca-cola.jpg?fit=1200%2C628&ssl=1&resize=525%2C300 1.5x, https:\/\/i0.wp.com\/noticiasribeiraopreto.com.br\/wp-content\/uploads\/2024\/01\/1706291210_emprego-coca-cola.jpg?fit=1200%2C628&ssl=1&resize=700%2C400 2x, https:\/\/i0.wp.com\/noticiasribeiraopreto.com.br\/wp-content\/uploads\/2024\/01\/1706291210_emprego-coca-cola.jpg?fit=1200%2C628&ssl=1&resize=1050%2C600 3x"},"classes":[]},{"id":44569,"url":"https:\/\/noticiasribeiraopreto.com.br\/index.php\/2024\/03\/28\/confira-vagas-de-emprego-na-coca-cola-andina-brasil-para-trabalhar-de-forma-hibrida-em-ribeirao-preto-sp-ou-em-franca-sp-3\/","url_meta":{"origin":13504,"position":5},"title":"Confira vagas de emprego na Coca-Cola Andina Brasil para trabalhar de forma H\u00edbrida, em Ribeir\u00e3o Preto-SP ou em Franca-SP","author":"noticiasribeiraopreto.com.br","date":"28 de March de 2024","format":false,"excerpt":"SobreVagasCoca-Cola Andina BrasilSelo de FeedbackVEM COM A GENTE COMPARTILHAR FELICIDADE!Somos a Coca-Cola Andina, uma empresa com mais de 75 anos de hist\u00f3ria, atuando no Brasil, Argentina, Chile e Paraguai, com o prop\u00f3sito de juntos, chegar a todos os cantos, para refrescar momentos e criar novas oportunidades. A partir deste prop\u00f3sito,\u2026","rel":"","context":"In &quot;Vagas de Emprego em Ribeir\u00e3o Preto-SP&quot;","block_context":{"text":"Vagas de Emprego em Ribeir\u00e3o Preto-SP","link":"https:\/\/noticiasribeiraopreto.com.br\/index.php\/category\/empregos-classificados-vagas-trabalho\/vagas-de-empregos-em-ribeirao-preto-regiao-brasil\/"},"img":{"alt_text":"","src":"https:\/\/i0.wp.com\/noticiasribeiraopreto.com.br\/wp-content\/uploads\/2024\/03\/1711647005_vagas-na-coca-cola.jpg?fit=1200%2C628&ssl=1&resize=350%2C200","width":350,"height":200,"srcset":"https:\/\/i0.wp.com\/noticiasribeiraopreto.com.br\/wp-content\/uploads\/2024\/03\/1711647005_vagas-na-coca-cola.jpg?fit=1200%2C628&ssl=1&resize=350%2C200 1x, https:\/\/i0.wp.com\/noticiasribeiraopreto.com.br\/wp-content\/uploads\/2024\/03\/1711647005_vagas-na-coca-cola.jpg?fit=1200%2C628&ssl=1&resize=525%2C300 1.5x, https:\/\/i0.wp.com\/noticiasribeiraopreto.com.br\/wp-content\/uploads\/2024\/03\/1711647005_vagas-na-coca-cola.jpg?fit=1200%2C628&ssl=1&resize=700%2C400 2x, https:\/\/i0.wp.com\/noticiasribeiraopreto.com.br\/wp-content\/uploads\/2024\/03\/1711647005_vagas-na-coca-cola.jpg?fit=1200%2C628&ssl=1&resize=1050%2C600 3x"},"classes":[]}],"jetpack_sharing_enabled":true,"jetpack_shortlink":"https:\/\/wp.me\/peQAOb-3vO","_links":{"self":[{"href":"https:\/\/noticiasribeiraopreto.com.br\/index.php\/wp-json\/wp\/v2\/posts\/13504","targetHints":{"allow":["GET"]}}],"collection":[{"href":"https:\/\/noticiasribeiraopreto.com.br\/index.php\/wp-json\/wp\/v2\/posts"}],"about":[{"href":"https:\/\/noticiasribeiraopreto.com.br\/index.php\/wp-json\/wp\/v2\/types\/post"}],"author":[{"embeddable":true,"href":"https:\/\/noticiasribeiraopreto.com.br\/index.php\/wp-json\/wp\/v2\/users\/1"}],"replies":[{"embeddable":true,"href":"https:\/\/noticiasribeiraopreto.com.br\/index.php\/wp-json\/wp\/v2\/comments?post=13504"}],"version-history":[{"count":0,"href":"https:\/\/noticiasribeiraopreto.com.br\/index.php\/wp-json\/wp\/v2\/posts\/13504\/revisions"}],"wp:featuredmedia":[{"embeddable":true,"href":"https:\/\/noticiasribeiraopreto.com.br\/index.php\/wp-json\/wp\/v2\/media\/13505"}],"wp:attachment":[{"href":"https:\/\/noticiasribeiraopreto.com.br\/index.php\/wp-json\/wp\/v2\/media?parent=13504"}],"wp:term":[{"taxonomy":"category","embeddable":true,"href":"https:\/\/noticiasribeiraopreto.com.br\/index.php\/wp-json\/wp\/v2\/categories?post=13504"},{"taxonomy":"post_tag","embeddable":true,"href":"https:\/\/noticiasribeiraopreto.com.br\/index.php\/wp-json\/wp\/v2\/tags?post=13504"}],"curies":[{"name":"wp","href":"https:\/\/api.w.org\/{rel}","templated":true}]}}