{"id":13508,"date":"2023-12-10T13:04:24","date_gmt":"2023-12-10T16:04:24","guid":{"rendered":"https:\/\/noticiasribeiraopreto.com.br\/index.php\/2023\/12\/10\/inflacao-da-ganancia-como-o-lucro-em-excesso-das-grandes-empresas-pode-ter-pesado-nos-indices-de-precos-no-pos-pandemia\/"},"modified":"2023-12-10T13:04:24","modified_gmt":"2023-12-10T16:04:24","slug":"inflacao-da-ganancia-como-o-lucro-em-excesso-das-grandes-empresas-pode-ter-pesado-nos-indices-de-precos-no-pos-pandemia","status":"publish","type":"post","link":"https:\/\/noticiasribeiraopreto.com.br\/index.php\/2023\/12\/10\/inflacao-da-ganancia-como-o-lucro-em-excesso-das-grandes-empresas-pode-ter-pesado-nos-indices-de-precos-no-pos-pandemia\/","title":{"rendered":"Infla\u00e7\u00e3o da gan\u00e2ncia: como o &#8216;lucro em excesso&#8217; das grandes empresas pode ter pesado nos \u00edndices de pre\u00e7os no p\u00f3s-pandemia"},"content":{"rendered":"<div class='code-block code-block-1' style='margin: 8px 0 8px auto; text-align: right; display: block; clear: both;'>\n<p><a href=\"https:\/\/wa.link\/vpicfd\"><img data-recalc-dims=\"1\" class=\"wp-image-4922\" style=\"aspect-ratio: 2.0253164556962027; width: 561px; height: auto;\" src=\"https:\/\/i0.wp.com\/ismaelcolosi.com.br\/wp-content\/uploads\/2023\/11\/grupo-de-empregos-whatsapp-e-facebook-ismael-colosi-vagas.jpg?ssl=1\" alt=\"\" \/><\/a><\/p>\n<!-- \/wp:image -->\n<\/div>\n<p> <br \/>\n<\/p>\n<div id=\"js-first-letter\">\n<p>Uma &#8220;dica de bolso&#8221; cl\u00e1ssica para se proteger da <strong>infla\u00e7\u00e3o <\/strong>ao investir na bolsa \u00e9 apostar nas &#8220;empresas que fazem a infla\u00e7\u00e3o&#8221;, isto \u00e9, as grandes companhias, com elevado poder de mercado e cujos produtos e servi\u00e7os t\u00eam grande peso nos \u00edndices de pre\u00e7os. Assim, elas conseguem repassar o aumento dos seus custos com facilidade aos consumidores.<\/p>\n<p>Mas segundo um estudo de um <em>think tank<\/em> brit\u00e2nico, as grandes empresas de energia, commodities e produ\u00e7\u00e3o de alimentos podem ter exagerado no repasse de custos aos seus pre\u00e7os no p\u00f3s-pandemia a fim de preservar suas margens, e com isso acabaram levando a infla\u00e7\u00e3o no mundo a escalar e persistir mais do que deveria.<\/p>\n<p>Para o Institute For Public Policy Research and Common Wealth, essas grandes companhias fizeram a infla\u00e7\u00e3o &#8220;ter um pico mais elevado e ficar mais persistente&#8221; em 2022, com um repasse maior que o necess\u00e1rio da sua alta de custos ao consumidor.<\/p>\n<p>&#8220;N\u00f3s argumentamos que o poder de mercado de algumas companhias e em alguns setores \u2013 incluindo o poder de mercado tempor\u00e1rio que emergiu ap\u00f3s a pandemia \u2013 amplificou a infla\u00e7\u00e3o&#8221;, diz o estudo.<\/p>\n<div class=\"banner banner-inArticle banner-inArticle--mobile\">\n<div class=\"banner-side\">\n<p class=\"borderAD\" style=\"display: none;\">CONTINUA DEPOIS DA PUBLICIDADE<\/p>\n<\/div>\n<\/div>\n<div class=\"banner banner-inArticle banner-inArticle--desktop\">\n<div class=\"banner-side\">\n<p class=\"borderAD\" style=\"display: none;\">CONTINUA DEPOIS DA PUBLICIDADE<\/p>\n<\/div>\n<\/div>\n<h2 class=\"wp-block-heading\" id=\"h-estudo-incluiu-empresas-brasileiras\">Estudo incluiu empresas brasileiras<\/h2>\n<p>Os autores analisaram relat\u00f3rios financeiros de 1.350 companhias listadas no Reino Unido, nos Estados Unidos, na Alemanha, no Brasil e na \u00c1frica do Sul e conclu\u00edram que os lucros nominais dessas empresas foram, em m\u00e9dia, 30% mais altos no fim de 2022 do que no fim de 2019.<\/p>\n<p>Isso n\u00e3o necessariamente significa que as margens de lucro aumentaram no geral, mas significa que os pre\u00e7os mais altos foram suportados pelos consumidores, dizem os autores.<\/p>\n<p>&#8220;Empresas com poder de mercado (tempor\u00e1rio) parecem ter sido capazes de proteger suas margens ou at\u00e9 colher &#8216;lucros em excesso&#8217; praticando pre\u00e7os mais altos do que seria socialmente e economicamente ben\u00e9fico&#8221;, diz o estudo.<\/p>\n<p>O relat\u00f3rio frisa que os lucros corporativos n\u00e3o foram o \u00fanico motor da infla\u00e7\u00e3o e n\u00e3o causaram o choque no mercado de energia que se seguiu \u00e0 invas\u00e3o russa \u00e0 Ucr\u00e2nia em fevereiro de 2022.<\/p>\n<p>No entanto, os autores defendem que o chamado &#8220;poder de mercado&#8221; n\u00e3o foi suficientemente abordado no debate p\u00fablico sobre as causas da infla\u00e7\u00e3o, especialmente quando comparado com a discuss\u00e3o sobre o impacto do mercado de trabalho e o aumento dos sal\u00e1rios, que teriam recebido muito mais destaque.<\/p>\n<p>&#8220;Num cen\u00e1rio de choque de energia, se os custos fossem igualmente partilhados entre os assalariados e os s\u00f3cios das empresas, o esperado seria uma queda da taxa de retorno, uma vez que as companhias n\u00e3o repassam totalmente os custos para seus pre\u00e7os, e os sal\u00e1rios n\u00e3o acompanham totalmente a infla\u00e7\u00e3o. Mas n\u00e3o foi isso que aconteceu. Uma taxa de retorno est\u00e1vel, como a vista no Reino Unido, sugere poder de precifica\u00e7\u00e3o por parte das empresas, o que permitiu que elas aumentassem pre\u00e7os para proteger suas margens&#8221;, diz o estudo.<\/p>\n<h3 class=\"wp-block-heading\" id=\"h-podcast-touros-e-ursos-campos-neto-fecha-a-conta-de-2023-com-corte-na-selic-quem-ganha-e-quem-perde-com-os-juros-mais-baixos\">PODCAST TOUROS E URSOS: CAMPOS NETO FECHA A CONTA DE 2023 COM CORTE NA SELIC. QUEM GANHA E QUEM PERDE COM OS JUROS MAIS BAIXOS?<\/h3>\n<figure class=\"wp-block-embed is-type-video is-provider-youtube wp-block-embed-youtube wp-embed-aspect-16-9 wp-has-aspect-ratio\">\n<p>\n<iframe loading=\"lazy\" title=\"CAMPOS NETO FECHA A CONTA DE 2023 COM CORTE NA SELIC: O QUE ESPERAR DO D\u00d3LAR E BOLSA AGORA?\" width=\"500\" height=\"281\" src=\"https:\/\/www.youtube.com\/embed\/2j7w6SyK9uk?feature=oembed\" frameborder=\"0\" allow=\"accelerometer; autoplay; clipboard-write; encrypted-media; gyroscope; picture-in-picture; web-share\" referrerpolicy=\"strict-origin-when-cross-origin\" allowfullscreen><\/iframe>\n<\/p>\n<\/figure>\n<p>Em outras palavras, num cen\u00e1rio de press\u00e3o inflacion\u00e1ria at\u00edpica, empresas e consumidores partilham o impacto do aumento dos custos, de forma que nem os neg\u00f3cios nem as fam\u00edlias suportem, sozinhos, a infla\u00e7\u00e3o, o que ocasiona uma queda nas taxas de retorno das empresas.<\/p>\n<p>No entanto, de acordo com o estudo, a preserva\u00e7\u00e3o das taxas de retorno das companhias com grande poder de mercado em 2022 (e consequentemente, com grande poder de forma\u00e7\u00e3o de pre\u00e7o) demonstra que elas foram capazes de preservar totalmente suas margens, repassando todo o aumento de custos e, consequentemente, a press\u00e3o inflacion\u00e1ria a seus consumidores.<\/p>\n<p>Entre as companhias que o estudo identifica como tendo sido capazes de auferir lucros que &#8220;ultrapassaram de longe&#8221; a infla\u00e7\u00e3o est\u00e3o as grandes petroleiras Shell e Exxon Mobil, a mineradora Glencore e a empresa de alimentos processados Kraft Heinz.<\/p>\n<h2 class=\"wp-block-heading\" id=\"h-inflacao-pos-pandemia-teve-multiplas-causas-mas-greedflation-seria-a-menos-debatida\">Infla\u00e7\u00e3o p\u00f3s-pandemia teve m\u00faltiplas causas, mas &#8216;greedflation&#8217; seria a menos debatida<\/h2>\n<p>A infla\u00e7\u00e3o no mundo come\u00e7ou a escalar em meados de 2020 em raz\u00e3o dos efeitos da pandemia, como os est\u00edmulos econ\u00f4micos e monet\u00e1rios dos governos, a quebra nas cadeias de produ\u00e7\u00e3o globais e as dificuldades na produ\u00e7\u00e3o de alimentos em raz\u00e3o das medidas de restri\u00e7\u00e3o contra o coronav\u00edrus e, mais recentemente, a guerra entre R\u00fassia e Ucr\u00e2nia.<\/p>\n<p>Mas o impacto do que foi apelidado de &#8220;greedflation&#8221; (algo como infla\u00e7\u00e3o motivada por gan\u00e2ncia), fen\u00f4meno apontado pelo estudo brit\u00e2nico, tem sido alvo de disputa no debate p\u00fablico.<\/p>\n<p>Alguns analistas e mesmo autoridades, como a presidente do Banco Central Europeu, Christine Lagarde, j\u00e1 citaram a quest\u00e3o como um potencial fator que contribui para a infla\u00e7\u00e3o.<\/p>\n<p>As empresas, no entanto, negam, e um texto publicado em um blog pelos economistas do Banco da Inglaterra (BoE), o banco central do pa\u00eds, em novembro, diz que eles n\u00e3o encontraram evid\u00eancias de um aumento geral nos lucros das empresas do pa\u00eds, onde eles dizem que os pre\u00e7os subiram junto com os sal\u00e1rios e outros custos de produ\u00e7\u00e3o, o que tamb\u00e9m teria ocorrido na zona do euro.<\/p>\n<p>&#8220;No entanto, companhias nos setores de \u00f3leo e g\u00e1s e minera\u00e7\u00e3o contrariaram a tend\u00eancia, e h\u00e1 muita varia\u00e7\u00e3o dentro de setores tamb\u00e9m \u2013 algumas empresas t\u00eam sido muito mais lucrativas que outras&#8221;, escreveram os economistas.<\/p>\n<p><em>*Com informa\u00e7\u00f5es da CNBC<\/em><\/p>\n<\/div>\n<p><br \/>\n<br \/><a href=\"https:\/\/www.seudinheiro.com\/2023\/economia\/inflacao-da-ganancia-como-o-lucro-em-excesso-das-empresas-pode-ter-pesado-nos-indices-de-precos-no-pos-pandemia-julw\/\">Source link <\/a><\/p>\n<!-- CONTENT END 1 -->\n","protected":false},"excerpt":{"rendered":"<p>Uma &#8220;dica de bolso&#8221; cl\u00e1ssica para se proteger da infla\u00e7\u00e3o ao investir na bolsa \u00e9 apostar nas &#8220;empresas que fazem a infla\u00e7\u00e3o&#8221;, isto \u00e9, as&#8230;<\/p>\n","protected":false},"author":1,"featured_media":13509,"comment_status":"open","ping_status":"open","sticky":false,"template":"","format":"standard","meta":{"advanced_seo_description":"","jetpack_seo_html_title":"","jetpack_seo_noindex":false,"jetpack_post_was_ever_published":false,"_jetpack_newsletter_access":"","_jetpack_dont_email_post_to_subs":false,"_jetpack_newsletter_tier_id":0,"_jetpack_memberships_contains_paywalled_content":false,"_jetpack_memberships_contains_paid_content":false,"footnotes":"","jetpack_publicize_message":"","jetpack_publicize_feature_enabled":true,"jetpack_social_post_already_shared":true,"jetpack_social_options":{"image_generator_settings":{"template":"highway","default_image_id":0,"font":"","enabled":false},"version":2}},"categories":[1235],"tags":[],"class_list":["post-13508","post","type-post","status-publish","format-standard","has-post-thumbnail","hentry","category-dinheiro-e-investimento-como-fazer-como-ganhar"],"jetpack_publicize_connections":[],"jetpack_featured_media_url":"https:\/\/i0.wp.com\/noticiasribeiraopreto.com.br\/wp-content\/uploads\/2023\/12\/dragao-tesouro-1920X1080-628x353.jpg?fit=628%2C353&ssl=1","jetpack-related-posts":[{"id":14590,"url":"https:\/\/noticiasribeiraopreto.com.br\/index.php\/2023\/12\/12\/campos-neto-reavalia-ritmo-da-selic-em-meio-a-destaque-da-inflacao-antes-do-fim-da-alta-dos-juros-pelo-fed\/","url_meta":{"origin":13508,"position":0},"title":"Campos Neto reavalia ritmo da Selic em meio a destaque da infla\u00e7\u00e3o antes do fim da alta dos juros pelo Fed","author":"noticiasribeiraopreto.com.br","date":"12 de December de 2023","format":false,"excerpt":"A agenda dos bancos centrais mundo afora est\u00e1 agitada com as \u00faltimas decis\u00f5es monet\u00e1rias do ano. Por aqui e nos Estados Unidos, acontece a primeira etapa \u2013 Todos os direitos: MoneyTimes Bancos centrais ajustam pol\u00edtica monet\u00e1ria em resposta a dados de infla\u00e7\u00e3o e mercado de trabalho, com corte de 0,50\u2026","rel":"","context":"In &quot;Vagas de Emprego em Ribeir\u00e3o Preto-SP&quot;","block_context":{"text":"Vagas de Emprego em Ribeir\u00e3o Preto-SP","link":"https:\/\/noticiasribeiraopreto.com.br\/index.php\/category\/empregos-classificados-vagas-trabalho\/vagas-de-empregos-em-ribeirao-preto-regiao-brasil\/"},"img":{"alt_text":"","src":"https:\/\/i0.wp.com\/noticiasribeiraopreto.com.br\/wp-content\/uploads\/2023\/12\/campos-neto-reavalia-ritmo-da-selic-em-meio-a-destaque-da-inflacao-antes-do-fim-da-alta-dos-juros-pelo-fed-830x450.jpg?fit=830%2C450&ssl=1&resize=350%2C200","width":350,"height":200,"srcset":"https:\/\/i0.wp.com\/noticiasribeiraopreto.com.br\/wp-content\/uploads\/2023\/12\/campos-neto-reavalia-ritmo-da-selic-em-meio-a-destaque-da-inflacao-antes-do-fim-da-alta-dos-juros-pelo-fed-830x450.jpg?fit=830%2C450&ssl=1&resize=350%2C200 1x, https:\/\/i0.wp.com\/noticiasribeiraopreto.com.br\/wp-content\/uploads\/2023\/12\/campos-neto-reavalia-ritmo-da-selic-em-meio-a-destaque-da-inflacao-antes-do-fim-da-alta-dos-juros-pelo-fed-830x450.jpg?fit=830%2C450&ssl=1&resize=525%2C300 1.5x, https:\/\/i0.wp.com\/noticiasribeiraopreto.com.br\/wp-content\/uploads\/2023\/12\/campos-neto-reavalia-ritmo-da-selic-em-meio-a-destaque-da-inflacao-antes-do-fim-da-alta-dos-juros-pelo-fed-830x450.jpg?fit=830%2C450&ssl=1&resize=700%2C400 2x"},"classes":[]},{"id":59506,"url":"https:\/\/noticiasribeiraopreto.com.br\/index.php\/2024\/10\/25\/inflacao-atinge-054-em-outubro-e-pressiona-orcamento-das-familias-brasileiras\/","url_meta":{"origin":13508,"position":1},"title":"Infla\u00e7\u00e3o Atinge 0,54% em Outubro e Pressiona Or\u00e7amento das Fam\u00edlias Brasileiras","author":"noticiasribeiraopreto.com.br","date":"25 de October de 2024","format":false,"excerpt":"O \u00edndice de infla\u00e7\u00e3o, medido pelo IPCA-15, registrou uma varia\u00e7\u00e3o de 0,54% em outubro, conforme divulgado pelo Instituto Brasileiro de Geografia e Estat\u00edstica (IBGE). Este aumento \u00e9 considerado significativo e traz impactos diretos no or\u00e7amento das fam\u00edlias brasileiras, que t\u00eam sentido o peso da alta nos pre\u00e7os de itens essenciais,\u2026","rel":"","context":"In &quot;Not\u00edcias de Ribeir\u00e3o Preto-SP e Regi\u00e3o&quot;","block_context":{"text":"Not\u00edcias de Ribeir\u00e3o Preto-SP e Regi\u00e3o","link":"https:\/\/noticiasribeiraopreto.com.br\/index.php\/category\/noticias-de-ribeirao-preto-sp-e-regiao-ismael-colosi\/"},"img":{"alt_text":"","src":"https:\/\/i0.wp.com\/noticiasribeiraopreto.com.br\/wp-content\/uploads\/2024\/10\/supermercado_economia_20220729_0889.webp.webp?fit=1170%2C700&ssl=1&resize=350%2C200","width":350,"height":200,"srcset":"https:\/\/i0.wp.com\/noticiasribeiraopreto.com.br\/wp-content\/uploads\/2024\/10\/supermercado_economia_20220729_0889.webp.webp?fit=1170%2C700&ssl=1&resize=350%2C200 1x, https:\/\/i0.wp.com\/noticiasribeiraopreto.com.br\/wp-content\/uploads\/2024\/10\/supermercado_economia_20220729_0889.webp.webp?fit=1170%2C700&ssl=1&resize=525%2C300 1.5x, https:\/\/i0.wp.com\/noticiasribeiraopreto.com.br\/wp-content\/uploads\/2024\/10\/supermercado_economia_20220729_0889.webp.webp?fit=1170%2C700&ssl=1&resize=700%2C400 2x, https:\/\/i0.wp.com\/noticiasribeiraopreto.com.br\/wp-content\/uploads\/2024\/10\/supermercado_economia_20220729_0889.webp.webp?fit=1170%2C700&ssl=1&resize=1050%2C600 3x"},"classes":[]},{"id":17688,"url":"https:\/\/noticiasribeiraopreto.com.br\/index.php\/2023\/12\/18\/mercado-reduz-expectativa-de-inflacao-e-percentual-fica-abaixo-da-meta-em-2023\/","url_meta":{"origin":13508,"position":2},"title":"Mercado reduz expectativa de infla\u00e7\u00e3o e percentual fica abaixo da meta em 2023","author":"noticiasribeiraopreto.com.br","date":"18 de December de 2023","format":false,"excerpt":"O mercado financeiro reduziu sua previs\u00e3o para a infla\u00e7\u00e3o de 2023, de 4,51% para 4,49%. A estimativa est\u00e1 abaixo do centro da meta de infla\u00e7\u00e3o, de 3,25%, mas ainda \u00e9 alta. A informa\u00e7\u00e3o foi divulgada nesta segunda-feira (18) no Boletim Focus, divulgado semanalmente pelo Banco Central (BC).\u00a0 O recuo da\u2026","rel":"","context":"In &quot;Vagas de Emprego em Ribeir\u00e3o Preto-SP&quot;","block_context":{"text":"Vagas de Emprego em Ribeir\u00e3o Preto-SP","link":"https:\/\/noticiasribeiraopreto.com.br\/index.php\/category\/empregos-classificados-vagas-trabalho\/vagas-de-empregos-em-ribeirao-preto-regiao-brasil\/"},"img":{"alt_text":"","src":"https:\/\/i0.wp.com\/noticiasribeiraopreto.com.br\/wp-content\/uploads\/2023\/12\/1702949626_dinheiro-50-agenciabr.jpg?fit=1200%2C675&ssl=1&resize=350%2C200","width":350,"height":200,"srcset":"https:\/\/i0.wp.com\/noticiasribeiraopreto.com.br\/wp-content\/uploads\/2023\/12\/1702949626_dinheiro-50-agenciabr.jpg?fit=1200%2C675&ssl=1&resize=350%2C200 1x, https:\/\/i0.wp.com\/noticiasribeiraopreto.com.br\/wp-content\/uploads\/2023\/12\/1702949626_dinheiro-50-agenciabr.jpg?fit=1200%2C675&ssl=1&resize=525%2C300 1.5x, https:\/\/i0.wp.com\/noticiasribeiraopreto.com.br\/wp-content\/uploads\/2023\/12\/1702949626_dinheiro-50-agenciabr.jpg?fit=1200%2C675&ssl=1&resize=700%2C400 2x, https:\/\/i0.wp.com\/noticiasribeiraopreto.com.br\/wp-content\/uploads\/2023\/12\/1702949626_dinheiro-50-agenciabr.jpg?fit=1200%2C675&ssl=1&resize=1050%2C600 3x"},"classes":[]},{"id":34741,"url":"https:\/\/noticiasribeiraopreto.com.br\/index.php\/2024\/02\/03\/obrigado-china-segunda-maior-economia-do-mundo-espalha-sua-deflacao-e-ajuda-a-derrubar-precos-no-brasil\/","url_meta":{"origin":13508,"position":3},"title":"Obrigado, China? Segunda maior economia do mundo espalha sua defla\u00e7\u00e3o e ajuda a derrubar pre\u00e7os no Brasil","author":"noticiasribeiraopreto.com.br","date":"3 de February de 2024","format":false,"excerpt":"Os produtos da China, que j\u00e1 s\u00e3o normalmente competitivos, ficaram ainda mais baratos, dificultando aumentos de pre\u00e7os dos concorrentes mundo afora. No Brasil, a situa\u00e7\u00e3o n\u00e3o \u00e9 diferente. A China tornou-se uma for\u00e7a adicional \u00e0 tend\u00eancia de queda da infla\u00e7\u00e3o de bens de consumo, somando-se aos efeitos do cr\u00e9dito caro\u2026","rel":"","context":"In &quot;Dinheiro e Investimento&quot;","block_context":{"text":"Dinheiro e Investimento","link":"https:\/\/noticiasribeiraopreto.com.br\/index.php\/category\/dinheiro-e-investimento-como-fazer-como-ganhar\/"},"img":{"alt_text":"","src":"https:\/\/i0.wp.com\/noticiasribeiraopreto.com.br\/wp-content\/uploads\/2024\/02\/Dolar-contra-yuan-China-usa-mais-propria-moeda-do-que-a-americana-715x402.png?fit=715%2C402&ssl=1&resize=350%2C200","width":350,"height":200,"srcset":"https:\/\/i0.wp.com\/noticiasribeiraopreto.com.br\/wp-content\/uploads\/2024\/02\/Dolar-contra-yuan-China-usa-mais-propria-moeda-do-que-a-americana-715x402.png?fit=715%2C402&ssl=1&resize=350%2C200 1x, https:\/\/i0.wp.com\/noticiasribeiraopreto.com.br\/wp-content\/uploads\/2024\/02\/Dolar-contra-yuan-China-usa-mais-propria-moeda-do-que-a-americana-715x402.png?fit=715%2C402&ssl=1&resize=525%2C300 1.5x, https:\/\/i0.wp.com\/noticiasribeiraopreto.com.br\/wp-content\/uploads\/2024\/02\/Dolar-contra-yuan-China-usa-mais-propria-moeda-do-que-a-americana-715x402.png?fit=715%2C402&ssl=1&resize=700%2C400 2x"},"classes":[]},{"id":34041,"url":"https:\/\/noticiasribeiraopreto.com.br\/index.php\/2024\/01\/31\/o-que-e-e-como-afeta-o-seu-dinheiro-veja-aqui\/","url_meta":{"origin":13508,"position":4},"title":"o que \u00e9 e como afeta o seu dinheiro? Veja aqui","author":"noticiasribeiraopreto.com.br","date":"31 de January de 2024","format":false,"excerpt":"No Brasil, \u00e9 muito comum ouvir falar sobre a conhecida infla\u00e7\u00e3o presente em nossa economia, muito por conta da instabilidade do cen\u00e1rio econ\u00f4mico brasileiro. A sua principal consequ\u00eancia \u00e9 o aumento dos pre\u00e7os em diversos itens do cotidiano. Mas e a defla\u00e7\u00e3o? Ela \u00e9 justamente o contr\u00e1rio da infla\u00e7\u00e3o, sendo\u2026","rel":"","context":"In &quot;Dinheiro e Investimento&quot;","block_context":{"text":"Dinheiro e Investimento","link":"https:\/\/noticiasribeiraopreto.com.br\/index.php\/category\/dinheiro-e-investimento-como-fazer-como-ganhar\/"},"img":{"alt_text":"","src":"https:\/\/i0.wp.com\/noticiasribeiraopreto.com.br\/wp-content\/uploads\/2024\/01\/deflacao.jpg?fit=1200%2C600&ssl=1&resize=350%2C200","width":350,"height":200,"srcset":"https:\/\/i0.wp.com\/noticiasribeiraopreto.com.br\/wp-content\/uploads\/2024\/01\/deflacao.jpg?fit=1200%2C600&ssl=1&resize=350%2C200 1x, https:\/\/i0.wp.com\/noticiasribeiraopreto.com.br\/wp-content\/uploads\/2024\/01\/deflacao.jpg?fit=1200%2C600&ssl=1&resize=525%2C300 1.5x, https:\/\/i0.wp.com\/noticiasribeiraopreto.com.br\/wp-content\/uploads\/2024\/01\/deflacao.jpg?fit=1200%2C600&ssl=1&resize=700%2C400 2x, https:\/\/i0.wp.com\/noticiasribeiraopreto.com.br\/wp-content\/uploads\/2024\/01\/deflacao.jpg?fit=1200%2C600&ssl=1&resize=1050%2C600 3x"},"classes":[]},{"id":17341,"url":"https:\/\/noticiasribeiraopreto.com.br\/index.php\/2023\/12\/18\/essa-acao-do-varejo-ainda-tem-60-pra-subir-diz-felipe-miranda\/","url_meta":{"origin":13508,"position":5},"title":"Essa a\u00e7\u00e3o do varejo \u2018ainda tem +60% pra subir\u2019, diz Felipe Miranda","author":"noticiasribeiraopreto.com.br","date":"18 de December de 2023","format":false,"excerpt":"O cen\u00e1rio macroecon\u00f4mico est\u00e1 cada vez mais animador para os ativos de risco no Brasil. Nesta semana, indicadores importantes foram divulgados aqui e nos Estados Unidos, trazendo um ar de \u201cesperan\u00e7a\u201d para o desempenho desses ativos nos pr\u00f3ximos anos, como \u00e9 o caso das a\u00e7\u00f5es da Bolsa. Afinal, \u00e9 comum\u2026","rel":"","context":"In &quot;Dinheiro e Investimento&quot;","block_context":{"text":"Dinheiro e Investimento","link":"https:\/\/noticiasribeiraopreto.com.br\/index.php\/category\/dinheiro-e-investimento-como-fazer-como-ganhar\/"},"img":{"alt_text":"","src":"https:\/\/i0.wp.com\/noticiasribeiraopreto.com.br\/wp-content\/uploads\/2023\/12\/sd-acao-varejo-varejista-bolsa-715x402.jpg?fit=715%2C402&ssl=1&resize=350%2C200","width":350,"height":200,"srcset":"https:\/\/i0.wp.com\/noticiasribeiraopreto.com.br\/wp-content\/uploads\/2023\/12\/sd-acao-varejo-varejista-bolsa-715x402.jpg?fit=715%2C402&ssl=1&resize=350%2C200 1x, https:\/\/i0.wp.com\/noticiasribeiraopreto.com.br\/wp-content\/uploads\/2023\/12\/sd-acao-varejo-varejista-bolsa-715x402.jpg?fit=715%2C402&ssl=1&resize=525%2C300 1.5x, https:\/\/i0.wp.com\/noticiasribeiraopreto.com.br\/wp-content\/uploads\/2023\/12\/sd-acao-varejo-varejista-bolsa-715x402.jpg?fit=715%2C402&ssl=1&resize=700%2C400 2x"},"classes":[]}],"jetpack_sharing_enabled":true,"jetpack_shortlink":"https:\/\/wp.me\/peQAOb-3vS","_links":{"self":[{"href":"https:\/\/noticiasribeiraopreto.com.br\/index.php\/wp-json\/wp\/v2\/posts\/13508","targetHints":{"allow":["GET"]}}],"collection":[{"href":"https:\/\/noticiasribeiraopreto.com.br\/index.php\/wp-json\/wp\/v2\/posts"}],"about":[{"href":"https:\/\/noticiasribeiraopreto.com.br\/index.php\/wp-json\/wp\/v2\/types\/post"}],"author":[{"embeddable":true,"href":"https:\/\/noticiasribeiraopreto.com.br\/index.php\/wp-json\/wp\/v2\/users\/1"}],"replies":[{"embeddable":true,"href":"https:\/\/noticiasribeiraopreto.com.br\/index.php\/wp-json\/wp\/v2\/comments?post=13508"}],"version-history":[{"count":0,"href":"https:\/\/noticiasribeiraopreto.com.br\/index.php\/wp-json\/wp\/v2\/posts\/13508\/revisions"}],"wp:featuredmedia":[{"embeddable":true,"href":"https:\/\/noticiasribeiraopreto.com.br\/index.php\/wp-json\/wp\/v2\/media\/13509"}],"wp:attachment":[{"href":"https:\/\/noticiasribeiraopreto.com.br\/index.php\/wp-json\/wp\/v2\/media?parent=13508"}],"wp:term":[{"taxonomy":"category","embeddable":true,"href":"https:\/\/noticiasribeiraopreto.com.br\/index.php\/wp-json\/wp\/v2\/categories?post=13508"},{"taxonomy":"post_tag","embeddable":true,"href":"https:\/\/noticiasribeiraopreto.com.br\/index.php\/wp-json\/wp\/v2\/tags?post=13508"}],"curies":[{"name":"wp","href":"https:\/\/api.w.org\/{rel}","templated":true}]}}