{"id":13518,"date":"2023-12-10T13:30:34","date_gmt":"2023-12-10T16:30:34","guid":{"rendered":"https:\/\/noticiasribeiraopreto.com.br\/index.php\/2023\/12\/10\/organicos-batem-recorde-de-vendas-2\/"},"modified":"2023-12-10T13:30:34","modified_gmt":"2023-12-10T16:30:34","slug":"organicos-batem-recorde-de-vendas-2","status":"publish","type":"post","link":"https:\/\/noticiasribeiraopreto.com.br\/index.php\/2023\/12\/10\/organicos-batem-recorde-de-vendas-2\/","title":{"rendered":"org\u00e2nicos batem recorde de vendas"},"content":{"rendered":"<div class='code-block code-block-1' style='margin: 8px 0 8px auto; text-align: right; display: block; clear: both;'>\n<p><a href=\"https:\/\/wa.link\/vpicfd\"><img data-recalc-dims=\"1\" class=\"wp-image-4922\" style=\"aspect-ratio: 2.0253164556962027; width: 561px; height: auto;\" src=\"https:\/\/i0.wp.com\/ismaelcolosi.com.br\/wp-content\/uploads\/2023\/11\/grupo-de-empregos-whatsapp-e-facebook-ismael-colosi-vagas.jpg?ssl=1\" alt=\"\" \/><\/a><\/p>\n<!-- \/wp:image -->\n<\/div>\n<p> <br \/>\n<\/p>\n<div>\n<p>O Brasil \u00e9 um dos principais mercados agr\u00edcolas do mundo, mas o cultivo de org\u00e2nicos ainda enfrenta desafios no pa\u00eds. Uma pesquisa recente, publicada na revista cient\u00edfica \u201cDesenvolvimento e Meio Ambiente\u201d, mostrou que, apesar do crescimento das vendas de <strong>org\u00e2nicos<\/strong>, ainda h\u00e1 falhas no levantamento de dados referente ao cultivo desse tipo de alimento.<\/p>\n<p>A pesquisa, realizada por cientistas da <a href=\"http:\/\/www.ufrgs.br\/ufrgs\/inicial\" rel=\"noopener\" target=\"_blank\">Universidade Federal do Rio Grande do Sul (UFRGS)<\/a> e da Universidade Tecnol\u00f3gica Federal do Paran\u00e1 (UTFPR), se baseou em dados do Censo Agropecu\u00e1rio de 2017 do Instituto Brasileiro de Geografia e Estat\u00edstica (IBGE), do Cadastro Nacional de Produtores Org\u00e2nicos (CNPO), realizado pelo Minist\u00e9rio da Agricultura, Pecu\u00e1ria e Abastecimento (Mapa), e informa\u00e7\u00f5es sobre consumo de pesquisas da Associa\u00e7\u00e3o de Promo\u00e7\u00e3o dos Org\u00e2nicos (Organis) e do Servi\u00e7o de Apoio \u00e0s Micro e Pequenas Empresas (Sebrae).<\/p>\n<p><a href=\"https:\/\/jcconcursos.com.br\/noticia\/brasil\/auxilio-gas-de-r-105-comeca-a-ser-pago-nesta-segunda-feira-11-quem-recebe-119784\" rel=\"noopener\" target=\"_blank\">+ Aux\u00edlio G\u00e1s de R$ 105 come\u00e7a a ser pago nesta segunda-feira (11); Quem recebe?<\/a><\/p>\n<h2>Vendas aumentam no pa\u00eds\u00a0<\/h2>\n<p>Segundo os dados, entre 2003 e 2017, as vendas de produtos org\u00e2nicos no pa\u00eds aumentaram quatro vezes. No ano de 2020, tiveram expans\u00e3o de 30%, com o movimento de R$ 5,8 bilh\u00f5es.<\/p>\n<p>H\u00e1 ainda 953 certifica\u00e7\u00f5es de org\u00e2nicos para produtos importados, de um total de 23 pa\u00edses, segundo dados do Mapa. S\u00e3o alimentos provenientes de esp\u00e9cies caracter\u00edsticas de outros pa\u00edses (como amaranto, quinoa, damasco, azeite de oliva).<\/p>\n<p>A pesquisa tamb\u00e9m revelou que houve aumento de 75% no cadastro de produtores de org\u00e2nicos no pa\u00eds em quatro anos (2017 a 2022).<\/p>\n<div class=\"code-block code-block-5\" style=\"margin: 8px auto; text-align: center; display: block; clear: both;\"> <a href=\"https:\/\/suaads.com\/ref\/ISMAELCOLOSI\" target=\"_blank\" rel=\"noopener\"><img data-recalc-dims=\"1\" decoding=\"async\" src=\"https:\/\/i0.wp.com\/suaurl.com\/img\/bannersref\/s.png?ssl=1\" alt=\"SuaUrl\"  style=\"max-width: 100%;\" class=\"lazy\" loading=\"lazy\"\/><noscript><img data-recalc-dims=\"1\" decoding=\"async\" src=\"https:\/\/i0.wp.com\/suaurl.com\/img\/bannersref\/s.png?ssl=1\" alt=\"SuaUrl\"  style=\"max-width: 100%;\"\/><\/noscript><\/a><\/div>\n<h2>Falha no levantamento de dados<\/h2>\n<p>Apesar desse crescimento, a pesquisa apontou que ainda h\u00e1 falhas no levantamento de dados referente ao cultivo de org\u00e2nicos no pa\u00eds. Um dos principais desafios \u00e9 a falta de padroniza\u00e7\u00e3o dos dados coletados por diferentes institui\u00e7\u00f5es.<\/p>\n<p>Outro desafio \u00e9 o fato de que o Censo Agropecu\u00e1rio do IBGE n\u00e3o inclui dados sobre a \u00e1rea cultivada com org\u00e2nicos. Essa informa\u00e7\u00e3o \u00e9 coletada pelo CNPO, mas o cadastro n\u00e3o \u00e9 atualizado com frequ\u00eancia.<\/p>\n<p>Para superar esses desafios, a pesquisa recomenda a cria\u00e7\u00e3o de um sistema de monitoramento \u00fanico para o cultivo de org\u00e2nicos no pa\u00eds. Esse sistema deve ser coordenado pelo Minist\u00e9rio da Agricultura, Pecu\u00e1ria e Abastecimento (Mapa) e deve incluir dados de todas as institui\u00e7\u00f5es que coletam informa\u00e7\u00f5es sobre o setor.<\/p>\n<p>Al\u00e9m disso, a pesquisa recomenda que o Censo Agropecu\u00e1rio do IBGE passe a incluir dados sobre a \u00e1rea cultivada com org\u00e2nicos.<\/p>\n<h2>O que s\u00e3o produtos org\u00e2nicos?<\/h2>\n<p>Os produtos org\u00e2nicos s\u00e3o alimentos produzidos sem o uso de agrot\u00f3xicos, fertilizantes sint\u00e9ticos, horm\u00f4nios ou antibi\u00f3ticos. Eles s\u00e3o cultivados usando m\u00e9todos que respeitam o meio ambiente e a sa\u00fade humana.<\/p>\n<p>Eles s\u00e3o geralmente mais caros do que os produtos convencionais, mas muitos consumidores acreditam que valem o investimento. Tamb\u00e9m acreditam que os produtos org\u00e2nicos s\u00e3o mais sustent\u00e1veis, ao contribu\u00edrem para a preserva\u00e7\u00e3o do meio ambiente.<\/p>\n<p>Existem v\u00e1rios tipos, incluindo frutas, vegetais, gr\u00e3os, carnes, aves, latic\u00ednios e produtos de panifica\u00e7\u00e3o. O cultivo destes produtos \u00e9 uma pr\u00e1tica sustent\u00e1vel que pode ajudar a proteger o meio ambiente. Eles ajudam a reduzir a polui\u00e7\u00e3o do ar e da \u00e1gua, a conservar a biodiversidade e a proteger o solo.<\/p>\n<p>+ Acompanhe as principais informa\u00e7\u00f5es sobre <a href=\"https:\/\/jcconcursos.com.br\/noticia\/brasil\/\" rel=\"noopener\" target=\"_blank\">Sociedade e Brasil no JC Concurso<\/a><\/p>\n<p><a id=\"gnews_btn\" href=\"https:\/\/news.google.com\/publications\/CAAqBwgKMOixlQswuZWrAw\" target=\"_blank\" class=\"border_jc_blue link_hover_bg_jc_blue font_85 d-block d-md-inline-block px-2 py-1 mr-0 mr-md-2 mb-3 w-100 text-center\" rel=\"noopener\"><span class=\"text_jc_blue\">Siga o <strong>JC Concursos no Google News<\/strong><\/span><\/a><a href=\"https:\/\/jcconcursos.com.br\/noticia\/brasil\/\" class=\"badge badge-light\">Sociedade<\/a><a href=\"https:\/\/jcconcursos.com.br\/noticia\/brasil\/\" class=\"badge badge-light\">Brasil<\/a><\/p>\n<\/div>\n<p><br \/>\n<br \/><a href=\"https:\/\/ismaelcolosi.com.br\/organicos-batem-recorde-de-vendas\/\">Source link <\/a><\/p>\n<!-- CONTENT END 1 -->\n","protected":false},"excerpt":{"rendered":"<p>O Brasil \u00e9 um dos principais mercados agr\u00edcolas do mundo, mas o cultivo de org\u00e2nicos ainda enfrenta desafios no pa\u00eds. Uma pesquisa recente, publicada na&#8230;<\/p>\n","protected":false},"author":1,"featured_media":13519,"comment_status":"open","ping_status":"open","sticky":false,"template":"","format":"standard","meta":{"advanced_seo_description":"","jetpack_seo_html_title":"","jetpack_seo_noindex":false,"jetpack_post_was_ever_published":false,"_jetpack_newsletter_access":"","_jetpack_dont_email_post_to_subs":false,"_jetpack_newsletter_tier_id":0,"_jetpack_memberships_contains_paywalled_content":false,"_jetpack_memberships_contains_paid_content":false,"footnotes":"","jetpack_publicize_message":"","jetpack_publicize_feature_enabled":true,"jetpack_social_post_already_shared":true,"jetpack_social_options":{"image_generator_settings":{"template":"highway","default_image_id":0,"font":"","enabled":false},"version":2}},"categories":[7],"tags":[],"class_list":["post-13518","post","type-post","status-publish","format-standard","has-post-thumbnail","hentry","category-vagas-de-empregos-em-ribeirao-preto-regiao-brasil"],"jetpack_publicize_connections":[],"jetpack_featured_media_url":"https:\/\/i0.wp.com\/noticiasribeiraopreto.com.br\/wp-content\/uploads\/2023\/12\/produtos-organicos-freepik.jpg?fit=1920%2C1080&ssl=1","jetpack-related-posts":[{"id":13915,"url":"https:\/\/noticiasribeiraopreto.com.br\/index.php\/2023\/12\/11\/vendas-de-produtos-organicos-no-pais-crescem-30\/","url_meta":{"origin":13518,"position":0},"title":"Vendas de produtos org\u00e2nicos no pa\u00eds crescem 30%","author":"noticiasribeiraopreto.com.br","date":"11 de December de 2023","format":false,"excerpt":"11 de dezembro de 2023 | 13:0011 de dezembro de 2023 | 11:02 0Uma pesquisa feita por cientistas da Universidade Federal do Rio Grande do Sul (UFRGS) e da Universidade Tecnol\u00f3gica Federal do Paran\u00e1 (UTFPR) mostrou que, apesar de o Brasil ser vasto em terras cultiv\u00e1veis e ter um dos\u2026","rel":"","context":"In &quot;Not\u00edcias de Ribeir\u00e3o Preto-SP e Regi\u00e3o&quot;","block_context":{"text":"Not\u00edcias de Ribeir\u00e3o Preto-SP e Regi\u00e3o","link":"https:\/\/noticiasribeiraopreto.com.br\/index.php\/category\/noticias-de-ribeirao-preto-sp-e-regiao-ismael-colosi\/"},"img":{"alt_text":"","src":"https:\/\/i0.wp.com\/noticiasribeiraopreto.com.br\/wp-content\/uploads\/2023\/12\/suja.jpg?fit=800%2C600&ssl=1&resize=350%2C200","width":350,"height":200,"srcset":"https:\/\/i0.wp.com\/noticiasribeiraopreto.com.br\/wp-content\/uploads\/2023\/12\/suja.jpg?fit=800%2C600&ssl=1&resize=350%2C200 1x, https:\/\/i0.wp.com\/noticiasribeiraopreto.com.br\/wp-content\/uploads\/2023\/12\/suja.jpg?fit=800%2C600&ssl=1&resize=525%2C300 1.5x, https:\/\/i0.wp.com\/noticiasribeiraopreto.com.br\/wp-content\/uploads\/2023\/12\/suja.jpg?fit=800%2C600&ssl=1&resize=700%2C400 2x"},"classes":[]},{"id":68549,"url":"https:\/\/noticiasribeiraopreto.com.br\/index.php\/2025\/04\/26\/jornal-da-franca-casca-de-abacate-saiba-reaproveitar-em-receitas-e-ate-como-adubo-organico\/","url_meta":{"origin":13518,"position":1},"title":"Jornal da Franca &#8211; Casca de abacate: saiba reaproveitar em receitas e at\u00e9 como adubo org\u00e2nico","author":"noticiasribeiraopreto.com.br","date":"26 de April de 2025","format":false,"excerpt":"compartilhar no whatsapp compartilhar no telegram compartilhar no facebook compartilhar no linkedin N\u00e3o jogue a casca do abacate fora! Ela \u00e9 rica em nutrientes e pode ser usada no preparo de ch\u00e1s e farinhas, e, ap\u00f3s a compostagem, \u00e9 beneficial para a jardinagem Gostoso e nutritivo, o abacate pode ser\u2026","rel":"","context":"In &quot;Not\u00edcias de Franca-SP&quot;","block_context":{"text":"Not\u00edcias de Franca-SP","link":"https:\/\/noticiasribeiraopreto.com.br\/index.php\/category\/noticias-de-ribeirao-preto-sp-e-regiao-ismael-colosi\/noticias-franca-sp\/"},"img":{"alt_text":"","src":"https:\/\/i0.wp.com\/noticiasribeiraopreto.com.br\/wp-content\/uploads\/2025\/04\/abacate-scaled.jpg?fit=1200%2C900&ssl=1&resize=350%2C200","width":350,"height":200,"srcset":"https:\/\/i0.wp.com\/noticiasribeiraopreto.com.br\/wp-content\/uploads\/2025\/04\/abacate-scaled.jpg?fit=1200%2C900&ssl=1&resize=350%2C200 1x, https:\/\/i0.wp.com\/noticiasribeiraopreto.com.br\/wp-content\/uploads\/2025\/04\/abacate-scaled.jpg?fit=1200%2C900&ssl=1&resize=525%2C300 1.5x, https:\/\/i0.wp.com\/noticiasribeiraopreto.com.br\/wp-content\/uploads\/2025\/04\/abacate-scaled.jpg?fit=1200%2C900&ssl=1&resize=700%2C400 2x, https:\/\/i0.wp.com\/noticiasribeiraopreto.com.br\/wp-content\/uploads\/2025\/04\/abacate-scaled.jpg?fit=1200%2C900&ssl=1&resize=1050%2C600 3x"},"classes":[]},{"id":67301,"url":"https:\/\/noticiasribeiraopreto.com.br\/index.php\/2025\/04\/12\/jornal-da-franca-descubra-o-melhor-mes-para-plantar-lavanda-e-ve-la-explodir-em-flores-vibrantes\/","url_meta":{"origin":13518,"position":2},"title":"Jornal da Franca &#8211; Descubra o melhor m\u00eas para plantar lavanda e v\u00ea-la explodir em flores vibrantes","author":"noticiasribeiraopreto.com.br","date":"12 de April de 2025","format":false,"excerpt":"compartilhar no whatsapp compartilhar no telegram compartilhar no facebook compartilhar no linkedin Com orienta\u00e7\u00f5es corretas, \u00e9 poss\u00edvel desfrutar das flores de lavanda: a esp\u00e9cie vai trazer um toque especial de cor e fragr\u00e2ncia ao seu lar. A\u00a0lavanda, famosa por seu aroma inconfund\u00edvel e flores de cor violeta, \u00e9 uma planta\u2026","rel":"","context":"In &quot;Not\u00edcias de Franca-SP&quot;","block_context":{"text":"Not\u00edcias de Franca-SP","link":"https:\/\/noticiasribeiraopreto.com.br\/index.php\/category\/noticias-de-ribeirao-preto-sp-e-regiao-ismael-colosi\/noticias-franca-sp\/"},"img":{"alt_text":"","src":"https:\/\/i0.wp.com\/noticiasribeiraopreto.com.br\/wp-content\/uploads\/2025\/04\/442.jpg?fit=1000%2C667&ssl=1&resize=350%2C200","width":350,"height":200,"srcset":"https:\/\/i0.wp.com\/noticiasribeiraopreto.com.br\/wp-content\/uploads\/2025\/04\/442.jpg?fit=1000%2C667&ssl=1&resize=350%2C200 1x, https:\/\/i0.wp.com\/noticiasribeiraopreto.com.br\/wp-content\/uploads\/2025\/04\/442.jpg?fit=1000%2C667&ssl=1&resize=525%2C300 1.5x, https:\/\/i0.wp.com\/noticiasribeiraopreto.com.br\/wp-content\/uploads\/2025\/04\/442.jpg?fit=1000%2C667&ssl=1&resize=700%2C400 2x"},"classes":[]},{"id":14142,"url":"https:\/\/noticiasribeiraopreto.com.br\/index.php\/2023\/12\/11\/caminhao-tanque-tomba-em-rodovia-na-regiao-de-ribeirao-e-mobiliza-helicoptero-aguia\/","url_meta":{"origin":13518,"position":3},"title":"Caminh\u00e3o tanque tomba em rodovia na regi\u00e3o de Ribeir\u00e3o e mobiliza helic\u00f3ptero \u00c1guia","author":"noticiasribeiraopreto.com.br","date":"11 de December de 2023","format":false,"excerpt":"Um caminh\u00e3o tanque tombou na rodovia Altino Arantes (SP-351), pr\u00f3ximo \u00e0 cidade de Altin\u00f3polis, na regi\u00e3o de Ribeir\u00e3o Preto, no final da tarde desta segunda-feira (11). De acordo com as primeiras informa\u00e7\u00f5es obtidas pelo Corpo de Bombeiros, houve vazamento de combust\u00edvel na pista. Ainda segundo o \u00f3rg\u00e3o, uma v\u00edtima est\u00e1\u2026","rel":"","context":"In &quot;Not\u00edcias de Ribeir\u00e3o Preto-SP e Regi\u00e3o&quot;","block_context":{"text":"Not\u00edcias de Ribeir\u00e3o Preto-SP e Regi\u00e3o","link":"https:\/\/noticiasribeiraopreto.com.br\/index.php\/category\/noticias-de-ribeirao-preto-sp-e-regiao-ismael-colosi\/"},"img":{"alt_text":"","src":"https:\/\/i0.wp.com\/noticiasribeiraopreto.com.br\/wp-content\/uploads\/2023\/12\/WhatsApp-Image-2023-10-01-at-15.55.52.jpeg?fit=1024%2C576&ssl=1&resize=350%2C200","width":350,"height":200,"srcset":"https:\/\/i0.wp.com\/noticiasribeiraopreto.com.br\/wp-content\/uploads\/2023\/12\/WhatsApp-Image-2023-10-01-at-15.55.52.jpeg?fit=1024%2C576&ssl=1&resize=350%2C200 1x, https:\/\/i0.wp.com\/noticiasribeiraopreto.com.br\/wp-content\/uploads\/2023\/12\/WhatsApp-Image-2023-10-01-at-15.55.52.jpeg?fit=1024%2C576&ssl=1&resize=525%2C300 1.5x, https:\/\/i0.wp.com\/noticiasribeiraopreto.com.br\/wp-content\/uploads\/2023\/12\/WhatsApp-Image-2023-10-01-at-15.55.52.jpeg?fit=1024%2C576&ssl=1&resize=700%2C400 2x"},"classes":[]},{"id":24131,"url":"https:\/\/noticiasribeiraopreto.com.br\/index.php\/2024\/01\/03\/syngenta-cria-o-cargo-de-presidente-de-protecao-de-cultivos-no-brasil\/","url_meta":{"origin":13518,"position":4},"title":"Syngenta cria o cargo de presidente de prote\u00e7\u00e3o de cultivos no Brasil","author":"noticiasribeiraopreto.com.br","date":"3 de January de 2024","format":false,"excerpt":"Syngenta_Divulga\u00e7\u00e3oAndr\u00e9 Savino agora vai responder pela prote\u00e7\u00e3o de cultivos na Syngenta A Syngenta no Brasil, subsidi\u00e1ria da multinacional de biotecnologias para agricultura, anunciou na ter\u00e7a-feira (2), que Andr\u00e9 Savino, atualmente na posi\u00e7\u00e3o de diretor geral da Plataforma Comercial SYNAP, passa a ocupar a rec\u00e9m-criada posi\u00e7\u00e3o de presidente de prote\u00e7\u00e3o de\u2026","rel":"","context":"In &quot;Blog&quot;","block_context":{"text":"Blog","link":"https:\/\/noticiasribeiraopreto.com.br\/index.php\/category\/blog\/"},"img":{"alt_text":"","src":"https:\/\/i0.wp.com\/noticiasribeiraopreto.com.br\/wp-content\/uploads\/2024\/01\/Andre-Savino_03jan24_Syngenta_Divulgacao-1024x683.jpg?fit=1024%2C683&ssl=1&resize=350%2C200","width":350,"height":200,"srcset":"https:\/\/i0.wp.com\/noticiasribeiraopreto.com.br\/wp-content\/uploads\/2024\/01\/Andre-Savino_03jan24_Syngenta_Divulgacao-1024x683.jpg?fit=1024%2C683&ssl=1&resize=350%2C200 1x, https:\/\/i0.wp.com\/noticiasribeiraopreto.com.br\/wp-content\/uploads\/2024\/01\/Andre-Savino_03jan24_Syngenta_Divulgacao-1024x683.jpg?fit=1024%2C683&ssl=1&resize=525%2C300 1.5x, https:\/\/i0.wp.com\/noticiasribeiraopreto.com.br\/wp-content\/uploads\/2024\/01\/Andre-Savino_03jan24_Syngenta_Divulgacao-1024x683.jpg?fit=1024%2C683&ssl=1&resize=700%2C400 2x"},"classes":[]},{"id":71479,"url":"https:\/\/noticiasribeiraopreto.com.br\/index.php\/2025\/06\/06\/jornal-da-franca-alunos-promovem-acao-contra-descarte-irregular-de-lixo-no-jardim-palestina\/","url_meta":{"origin":13518,"position":5},"title":"Jornal da Franca &#8211; Alunos promovem a\u00e7\u00e3o contra descarte irregular de lixo no Jardim Palestina","author":"noticiasribeiraopreto.com.br","date":"6 de June de 2025","format":false,"excerpt":"compartilhar no whatsapp compartilhar no telegram compartilhar no facebook compartilhar no linkedin Projeto da EMEB Luzinete Cortez envolveu comunidade, GCM e Pol\u00edcia Ambiental em a\u00e7\u00e3o educativa Passeata dos alunos foi uma a\u00e7\u00e3o especial em comemora\u00e7\u00e3o ao Dia do Meio Ambiente \u00a0 Em comemora\u00e7\u00e3o ao Dia Mundial do Meio Ambiente, celebrado\u2026","rel":"","context":"In &quot;Not\u00edcias de Franca-SP&quot;","block_context":{"text":"Not\u00edcias de Franca-SP","link":"https:\/\/noticiasribeiraopreto.com.br\/index.php\/category\/noticias-de-ribeirao-preto-sp-e-regiao-ismael-colosi\/noticias-franca-sp\/"},"img":{"alt_text":"","src":"https:\/\/i0.wp.com\/noticiasribeiraopreto.com.br\/wp-content\/uploads\/2025\/06\/passeata-Meio-Ambiente-scaled.jpeg?fit=1200%2C900&ssl=1&resize=350%2C200","width":350,"height":200,"srcset":"https:\/\/i0.wp.com\/noticiasribeiraopreto.com.br\/wp-content\/uploads\/2025\/06\/passeata-Meio-Ambiente-scaled.jpeg?fit=1200%2C900&ssl=1&resize=350%2C200 1x, https:\/\/i0.wp.com\/noticiasribeiraopreto.com.br\/wp-content\/uploads\/2025\/06\/passeata-Meio-Ambiente-scaled.jpeg?fit=1200%2C900&ssl=1&resize=525%2C300 1.5x, https:\/\/i0.wp.com\/noticiasribeiraopreto.com.br\/wp-content\/uploads\/2025\/06\/passeata-Meio-Ambiente-scaled.jpeg?fit=1200%2C900&ssl=1&resize=700%2C400 2x, https:\/\/i0.wp.com\/noticiasribeiraopreto.com.br\/wp-content\/uploads\/2025\/06\/passeata-Meio-Ambiente-scaled.jpeg?fit=1200%2C900&ssl=1&resize=1050%2C600 3x"},"classes":[]}],"jetpack_sharing_enabled":true,"jetpack_shortlink":"https:\/\/wp.me\/peQAOb-3w2","_links":{"self":[{"href":"https:\/\/noticiasribeiraopreto.com.br\/index.php\/wp-json\/wp\/v2\/posts\/13518","targetHints":{"allow":["GET"]}}],"collection":[{"href":"https:\/\/noticiasribeiraopreto.com.br\/index.php\/wp-json\/wp\/v2\/posts"}],"about":[{"href":"https:\/\/noticiasribeiraopreto.com.br\/index.php\/wp-json\/wp\/v2\/types\/post"}],"author":[{"embeddable":true,"href":"https:\/\/noticiasribeiraopreto.com.br\/index.php\/wp-json\/wp\/v2\/users\/1"}],"replies":[{"embeddable":true,"href":"https:\/\/noticiasribeiraopreto.com.br\/index.php\/wp-json\/wp\/v2\/comments?post=13518"}],"version-history":[{"count":0,"href":"https:\/\/noticiasribeiraopreto.com.br\/index.php\/wp-json\/wp\/v2\/posts\/13518\/revisions"}],"wp:featuredmedia":[{"embeddable":true,"href":"https:\/\/noticiasribeiraopreto.com.br\/index.php\/wp-json\/wp\/v2\/media\/13519"}],"wp:attachment":[{"href":"https:\/\/noticiasribeiraopreto.com.br\/index.php\/wp-json\/wp\/v2\/media?parent=13518"}],"wp:term":[{"taxonomy":"category","embeddable":true,"href":"https:\/\/noticiasribeiraopreto.com.br\/index.php\/wp-json\/wp\/v2\/categories?post=13518"},{"taxonomy":"post_tag","embeddable":true,"href":"https:\/\/noticiasribeiraopreto.com.br\/index.php\/wp-json\/wp\/v2\/tags?post=13518"}],"curies":[{"name":"wp","href":"https:\/\/api.w.org\/{rel}","templated":true}]}}